{"id":34800,"date":"2019-07-09T21:47:16","date_gmt":"2019-07-10T00:47:16","guid":{"rendered":"https:\/\/www.isletasnoticias.com.ar\/?p=34800"},"modified":"2019-07-09T21:51:07","modified_gmt":"2019-07-10T00:51:07","slug":"productores-agropecuarios-entrerrianos-protestaran-en-el-tunel-subfluvial","status":"publish","type":"post","link":"https:\/\/informelitoral.com.ar\/productores-agropecuarios-entrerrianos-protestaran-en-el-tunel-subfluvial\/","title":{"rendered":"Productores agropecuarios entrerrianos protestar\u00e1n en el T\u00fanel Subfluvial"},"content":{"rendered":"<p>Productores agropecuarios protestar\u00e1n este <strong>mi\u00e9rcoles 10 de julio<\/strong> desde las <strong>9.30<\/strong> en el peaje del <strong>T\u00fanel Subfluvial Ra\u00fal Uranga-Carlos Silvestre Begnis.<\/strong><\/p>\n<p>La movilizaci\u00f3n tiene como objetivo que el gobernador <a href=\"https:\/\/www.isletasnoticias.com.ar\/fumigaciones-bordet-anuncio-un-nuevo-decreto-que-genere-consensos\/\">Gustavo Bordet<\/a> anule el fallo judicial que rige para limitar el \u00e1rea de aplicaci\u00f3n de agroqu\u00edmicos en las proximidades de establecimientos educativos ubicados en las \u00e1reas rurales.<\/p>\n<p><a href=\"https:\/\/www.isletasnoticias.com.ar\/%77%70%2d%63%6f%6e%74%65%6e%74\/uploads\/2019\/07\/0027107342-1.jpg\"><img loading=\"lazy\" decoding=\"async\" class=\"aligncenter wp-image-34803 size-full\" src=\"https:\/\/www.isletasnoticias.com.ar\/%77%70%2d%63%6f%6e%74%65%6e%74\/uploads\/2019\/07\/0027107342-1.jpg\" alt=\"\" width=\"642\" height=\"551\" srcset=\"https:\/\/informelitoral.com.ar\/%77%70%2d%63%6f%6e%74%65%6e%74\/uploads\/2019\/07\/0027107342-1.jpg 642w, https:\/\/informelitoral.com.ar\/%77%70%2d%63%6f%6e%74%65%6e%74\/uploads\/2019\/07\/0027107342-1-300x257.jpg 300w, https:\/\/informelitoral.com.ar\/%77%70%2d%63%6f%6e%74%65%6e%74\/uploads\/2019\/07\/0027107342-1-489x420.jpg 489w\" sizes=\"auto, (max-width: 642px) 100vw, 642px\" \/><\/a><\/p>\n<p>La <a href=\"https:\/\/www.isletasnoticias.com.ar\/fumigaciones-la-justicia-rechazo-apelacion-del-gobierno-y-confirmo-nulidad-del-decreto-4407-18\/\">justicia entrerriana estableci\u00f3 prohibiciones<\/a> a distancias de 3.000 y 1.000 metros para las fumigaciones mediante aplicaciones a\u00e9reas y terrestres, respectivamente.<\/p>\n<p>Esta situaci\u00f3n provoc\u00f3 el malestar de los productores que a<strong>firman que no pueden sembrar m\u00e1s de 300 mil hect\u00e1reas en toda la provincia<\/strong> -al menos no con insumos qu\u00edmicos- como lo hac\u00edan hasta ahora.<\/p>\n<p>Desde el sector productivo se indic\u00f3 que la imposibilidad de utilizar este tipo de tecnolog\u00eda traba el desarrollo de producciones tales como c\u00edtricos, trigo, arroz, lecher\u00eda, carne, forestaci\u00f3n y avicultura, entre otras.<\/p>\n<h3><strong>\u00abAlerta y Movilizaci\u00f3n\u00bb<\/strong><\/h3>\n<p>La realizaci\u00f3n de la movilizaci\u00f3n, que cuenta con el aval de las entidades que conforman la Mesa de Enlace provincial, fue aprobada en Crespo.<\/p>\n<p>Luego de casi cuatro horas de exposiciones y debates, los ruralistas dispusieron marchar por las rutas de toda la provincia hasta el acceso al T\u00fanel que une las ciudades de Paran\u00e1 con Santa Fe donde, sin realizar un corte de tr\u00e1nsito, entregar\u00e1n volantes con el reclamo a los ciudadanos para concientizar sobre esta dif\u00edcil situaci\u00f3n que afecta a casi el 20% de las tierras productivas del territorio provincial.<\/p>\n<p><em><strong>NOTAS RELACIONADAS:<\/strong><\/em><\/p>\n<blockquote class=\"wp-embedded-content\" data-secret=\"jezrCL12i5\"><p><a href=\"https:\/\/www.isletasnoticias.com.ar\/una-junta-de-gobierno-etrerriana-se-involucro-en-la-polemica-por-las-fumigaciones\/\">Una Junta de Gobierno etrerriana se involucr\u00f3 en la pol\u00e9mica por las fumigaciones<\/a><\/p><\/blockquote>\n<p><iframe loading=\"lazy\" title=\"&#171;Una Junta de Gobierno etrerriana se involucr\u00f3 en la pol\u00e9mica por las fumigaciones&#187; &#8212; Isletas Noticias\" class=\"wp-embedded-content\" sandbox=\"allow-scripts\" security=\"restricted\" style=\"position: absolute; clip: rect(1px, 1px, 1px, 1px);\" src=\"https:\/\/www.isletasnoticias.com.ar\/una-junta-de-gobierno-etrerriana-se-involucro-en-la-polemica-por-las-fumigaciones\/embed\/#?secret=jezrCL12i5\" data-secret=\"jezrCL12i5\" width=\"600\" height=\"338\" frameborder=\"0\" marginwidth=\"0\" marginheight=\"0\" scrolling=\"no\"><\/iframe><\/p>\n<blockquote class=\"wp-embedded-content\" data-secret=\"cMzNEjH5GI\"><p><a href=\"https:\/\/www.isletasnoticias.com.ar\/los-productores-saldran-a-las-rutas-sino-se-resuelve-la-distancia-de-fumigaciones\/\">Los productores saldr\u00e1n a las rutas sino se resuelve la distancia de fumigaciones<\/a><\/p><\/blockquote>\n<p><iframe loading=\"lazy\" title=\"&#171;Los productores saldr\u00e1n a las rutas sino se resuelve la distancia de fumigaciones&#187; &#8212; Isletas Noticias\" class=\"wp-embedded-content\" sandbox=\"allow-scripts\" security=\"restricted\" style=\"position: absolute; clip: rect(1px, 1px, 1px, 1px);\" src=\"https:\/\/www.isletasnoticias.com.ar\/los-productores-saldran-a-las-rutas-sino-se-resuelve-la-distancia-de-fumigaciones\/embed\/#?secret=cMzNEjH5GI\" data-secret=\"cMzNEjH5GI\" width=\"600\" height=\"338\" frameborder=\"0\" marginwidth=\"0\" marginheight=\"0\" scrolling=\"no\"><\/iframe><\/p>\n","protected":false},"excerpt":{"rendered":"<p>Aseguraron que no cortar\u00e1n el tr\u00e1nsito entre las dos provincias. Los manifestantes llegar\u00e1n desde diferentes puntos de Entre R\u00edos y entregar\u00e1n volantes informativos.<\/p>\n","protected":false},"author":2,"featured_media":34801,"comment_status":"open","ping_status":"open","sticky":false,"template":"","format":"standard","meta":{"fifu_image_url":"","fifu_image_alt":"","footnotes":""},"categories":[10,6],"tags":[191,236,147,120,818],"class_list":{"0":"post-34800","1":"post","2":"type-post","3":"status-publish","4":"format-standard","5":"has-post-thumbnail","7":"category-campo","8":"category-entre-rios","9":"tag-agricultura","10":"tag-fumigaciones","11":"tag-justicia","12":"tag-produccion","13":"tag-productores"},"yoast_head":"<title>Productores agropecuarios entrerrianos protestar\u00e1n en el T\u00fanel Subfluvial - Informe Litoral<\/title>\n<meta name=\"robots\" content=\"index, follow, max-snippet:-1, max-image-preview:large, max-video-preview:-1\" \/>\n<link rel=\"canonical\" href=\"https:\/\/informelitoral.com.ar\/productores-agropecuarios-entrerrianos-protestaran-en-el-tunel-subfluvial\/\" \/>\n<meta property=\"og:locale\" content=\"es_ES\" \/>\n<meta property=\"og:type\" content=\"article\" \/>\n<meta property=\"og:title\" content=\"Productores agropecuarios entrerrianos protestar\u00e1n en el T\u00fanel Subfluvial - Informe Litoral\" \/>\n<meta property=\"og:description\" content=\"Aseguraron que no cortar\u00e1n el tr\u00e1nsito entre las dos provincias. Los manifestantes llegar\u00e1n desde diferentes puntos de Entre R\u00edos y entregar\u00e1n volantes informativos.\" \/>\n<meta property=\"og:url\" content=\"https:\/\/informelitoral.com.ar\/productores-agropecuarios-entrerrianos-protestaran-en-el-tunel-subfluvial\/\" \/>\n<meta property=\"og:site_name\" content=\"Informe Litoral\" \/>\n<meta property=\"article:publisher\" content=\"https:\/\/www.facebook.com\/informelitoral\/\" \/>\n<meta property=\"article:published_time\" content=\"2019-07-10T00:47:16+00:00\" \/>\n<meta property=\"article:modified_time\" content=\"2019-07-10T00:51:07+00:00\" \/>\n<meta property=\"og:image\" content=\"https:\/\/informelitoral.com.ar\/%77%70%2d%63%6f%6e%74%65%6e%74\/uploads\/2019\/07\/0027107413.jpg\" \/>\n\t<meta property=\"og:image:width\" content=\"642\" \/>\n\t<meta property=\"og:image:height\" content=\"360\" \/>\n\t<meta property=\"og:image:type\" content=\"image\/jpeg\" \/>\n<meta name=\"author\" content=\"Gonzalo Schmidt\" \/>\n<meta name=\"twitter:card\" content=\"summary_large_image\" \/>\n<meta name=\"twitter:creator\" content=\"@InformeLitoral\" \/>\n<meta name=\"twitter:site\" content=\"@InformeLitoral\" \/>\n<meta name=\"twitter:label1\" content=\"Escrito por\" \/>\n\t<meta name=\"twitter:data1\" content=\"Gonzalo Schmidt\" \/>\n\t<meta name=\"twitter:label2\" content=\"Tiempo de lectura\" \/>\n\t<meta name=\"twitter:data2\" content=\"1 minuto\" \/>\n<script type=\"application\/ld+json\" class=\"yoast-schema-graph\">{\"@context\":\"https:\\\/\\\/schema.org\",\"@graph\":[{\"@type\":\"Article\",\"@id\":\"https:\\\/\\\/informelitoral.com.ar\\\/productores-agropecuarios-entrerrianos-protestaran-en-el-tunel-subfluvial\\\/#article\",\"isPartOf\":{\"@id\":\"https:\\\/\\\/informelitoral.com.ar\\\/productores-agropecuarios-entrerrianos-protestaran-en-el-tunel-subfluvial\\\/\"},\"author\":{\"name\":\"Gonzalo Schmidt\",\"@id\":\"https:\\\/\\\/informelitoral.com.ar\\\/#\\\/schema\\\/person\\\/b9d00407c836482871ef1d57bf8e3180\"},\"headline\":\"Productores agropecuarios entrerrianos protestar\u00e1n en el T\u00fanel Subfluvial\",\"datePublished\":\"2019-07-10T00:47:16+00:00\",\"dateModified\":\"2019-07-10T00:51:07+00:00\",\"mainEntityOfPage\":{\"@id\":\"https:\\\/\\\/informelitoral.com.ar\\\/productores-agropecuarios-entrerrianos-protestaran-en-el-tunel-subfluvial\\\/\"},\"wordCount\":281,\"commentCount\":0,\"publisher\":{\"@id\":\"https:\\\/\\\/informelitoral.com.ar\\\/#organization\"},\"image\":{\"@id\":\"https:\\\/\\\/informelitoral.com.ar\\\/productores-agropecuarios-entrerrianos-protestaran-en-el-tunel-subfluvial\\\/#primaryimage\"},\"thumbnailUrl\":\"https:\\\/\\\/informelitoral.com.ar\\\/%77%70%2d%63%6f%6e%74%65%6e%74\\\/uploads\\\/2019\\\/07\\\/0027107413.jpg\",\"keywords\":[\"Agricultura\",\"Fumigaciones\",\"Justicia\",\"Producci\u00f3n\",\"Productores\"],\"articleSection\":[\"Campo\",\"Entre R\u00edos\"],\"inLanguage\":\"es\",\"potentialAction\":[{\"@type\":\"CommentAction\",\"name\":\"Comment\",\"target\":[\"https:\\\/\\\/informelitoral.com.ar\\\/productores-agropecuarios-entrerrianos-protestaran-en-el-tunel-subfluvial\\\/#respond\"]}]},{\"@type\":\"WebPage\",\"@id\":\"https:\\\/\\\/informelitoral.com.ar\\\/productores-agropecuarios-entrerrianos-protestaran-en-el-tunel-subfluvial\\\/\",\"url\":\"https:\\\/\\\/informelitoral.com.ar\\\/productores-agropecuarios-entrerrianos-protestaran-en-el-tunel-subfluvial\\\/\",\"name\":\"Productores agropecuarios entrerrianos protestar\u00e1n en el T\u00fanel Subfluvial - Informe Litoral\",\"isPartOf\":{\"@id\":\"https:\\\/\\\/informelitoral.com.ar\\\/#website\"},\"primaryImageOfPage\":{\"@id\":\"https:\\\/\\\/informelitoral.com.ar\\\/productores-agropecuarios-entrerrianos-protestaran-en-el-tunel-subfluvial\\\/#primaryimage\"},\"image\":{\"@id\":\"https:\\\/\\\/informelitoral.com.ar\\\/productores-agropecuarios-entrerrianos-protestaran-en-el-tunel-subfluvial\\\/#primaryimage\"},\"thumbnailUrl\":\"https:\\\/\\\/informelitoral.com.ar\\\/%77%70%2d%63%6f%6e%74%65%6e%74\\\/uploads\\\/2019\\\/07\\\/0027107413.jpg\",\"datePublished\":\"2019-07-10T00:47:16+00:00\",\"dateModified\":\"2019-07-10T00:51:07+00:00\",\"breadcrumb\":{\"@id\":\"https:\\\/\\\/informelitoral.com.ar\\\/productores-agropecuarios-entrerrianos-protestaran-en-el-tunel-subfluvial\\\/#breadcrumb\"},\"inLanguage\":\"es\",\"potentialAction\":[{\"@type\":\"ReadAction\",\"target\":[\"https:\\\/\\\/informelitoral.com.ar\\\/productores-agropecuarios-entrerrianos-protestaran-en-el-tunel-subfluvial\\\/\"]}]},{\"@type\":\"ImageObject\",\"inLanguage\":\"es\",\"@id\":\"https:\\\/\\\/informelitoral.com.ar\\\/productores-agropecuarios-entrerrianos-protestaran-en-el-tunel-subfluvial\\\/#primaryimage\",\"url\":\"https:\\\/\\\/informelitoral.com.ar\\\/%77%70%2d%63%6f%6e%74%65%6e%74\\\/uploads\\\/2019\\\/07\\\/0027107413.jpg\",\"contentUrl\":\"https:\\\/\\\/informelitoral.com.ar\\\/%77%70%2d%63%6f%6e%74%65%6e%74\\\/uploads\\\/2019\\\/07\\\/0027107413.jpg\",\"width\":642,\"height\":360},{\"@type\":\"BreadcrumbList\",\"@id\":\"https:\\\/\\\/informelitoral.com.ar\\\/productores-agropecuarios-entrerrianos-protestaran-en-el-tunel-subfluvial\\\/#breadcrumb\",\"itemListElement\":[{\"@type\":\"ListItem\",\"position\":1,\"name\":\"Portada\",\"item\":\"https:\\\/\\\/informelitoral.com.ar\\\/\"},{\"@type\":\"ListItem\",\"position\":2,\"name\":\"Productores agropecuarios entrerrianos protestar\u00e1n en el T\u00fanel Subfluvial\"}]},{\"@type\":\"WebSite\",\"@id\":\"https:\\\/\\\/informelitoral.com.ar\\\/#website\",\"url\":\"https:\\\/\\\/informelitoral.com.ar\\\/\",\"name\":\"Informe Litoral\",\"description\":\"&quot;Nos informamos&quot; \",\"publisher\":{\"@id\":\"https:\\\/\\\/informelitoral.com.ar\\\/#organization\"},\"potentialAction\":[{\"@type\":\"SearchAction\",\"target\":{\"@type\":\"EntryPoint\",\"urlTemplate\":\"https:\\\/\\\/informelitoral.com.ar\\\/?s={search_term_string}\"},\"query-input\":{\"@type\":\"PropertyValueSpecification\",\"valueRequired\":true,\"valueName\":\"search_term_string\"}}],\"inLanguage\":\"es\"},{\"@type\":\"Organization\",\"@id\":\"https:\\\/\\\/informelitoral.com.ar\\\/#organization\",\"name\":\"Informe Litoral\",\"url\":\"https:\\\/\\\/informelitoral.com.ar\\\/\",\"logo\":{\"@type\":\"ImageObject\",\"inLanguage\":\"es\",\"@id\":\"https:\\\/\\\/informelitoral.com.ar\\\/#\\\/schema\\\/logo\\\/image\\\/\",\"url\":\"https:\\\/\\\/informelitoral.com.ar\\\/%77%70%2d%63%6f%6e%74%65%6e%74\\\/uploads\\\/2021\\\/01\\\/circulo.png\",\"contentUrl\":\"https:\\\/\\\/informelitoral.com.ar\\\/%77%70%2d%63%6f%6e%74%65%6e%74\\\/uploads\\\/2021\\\/01\\\/circulo.png\",\"width\":723,\"height\":731,\"caption\":\"Informe Litoral\"},\"image\":{\"@id\":\"https:\\\/\\\/informelitoral.com.ar\\\/#\\\/schema\\\/logo\\\/image\\\/\"},\"sameAs\":[\"https:\\\/\\\/www.facebook.com\\\/informelitoral\\\/\",\"https:\\\/\\\/x.com\\\/InformeLitoral\",\"https:\\\/\\\/www.instagram.com\\\/informelitoral\\\/\",\"https:\\\/\\\/www.youtube.com\\\/channel\\\/UCua4Qvz8Icb6MYqhoq9xLXw\"]},{\"@type\":\"Person\",\"@id\":\"https:\\\/\\\/informelitoral.com.ar\\\/#\\\/schema\\\/person\\\/b9d00407c836482871ef1d57bf8e3180\",\"name\":\"Gonzalo Schmidt\",\"image\":{\"@type\":\"ImageObject\",\"inLanguage\":\"es\",\"@id\":\"https:\\\/\\\/secure.gravatar.com\\\/avatar\\\/31a1a7b66ff2de83bd0e9fd79d026630d2d99e55e8bfe501287647b4fd9743de?s=96&d=mm&r=g\",\"url\":\"https:\\\/\\\/secure.gravatar.com\\\/avatar\\\/31a1a7b66ff2de83bd0e9fd79d026630d2d99e55e8bfe501287647b4fd9743de?s=96&d=mm&r=g\",\"contentUrl\":\"https:\\\/\\\/secure.gravatar.com\\\/avatar\\\/31a1a7b66ff2de83bd0e9fd79d026630d2d99e55e8bfe501287647b4fd9743de?s=96&d=mm&r=g\",\"caption\":\"Gonzalo Schmidt\"},\"description\":\"Sitio web de noticias de la provincia de Entre R\u00edos, Argentina. Informaci\u00f3n y entretenimiento. Informe Litoral, nos informamos.\",\"sameAs\":[\"http:\\\/\\\/www.isletasnoticias.com.ar\"],\"url\":\"https:\\\/\\\/informelitoral.com.ar\\\/author\\\/gonzalo\\\/\"}]}<\/script>","yoast_head_json":{"title":"Productores agropecuarios entrerrianos protestar\u00e1n en el T\u00fanel Subfluvial - Informe Litoral","robots":{"index":"index","follow":"follow","max-snippet":"max-snippet:-1","max-image-preview":"max-image-preview:large","max-video-preview":"max-video-preview:-1"},"canonical":"https:\/\/informelitoral.com.ar\/productores-agropecuarios-entrerrianos-protestaran-en-el-tunel-subfluvial\/","og_locale":"es_ES","og_type":"article","og_title":"Productores agropecuarios entrerrianos protestar\u00e1n en el T\u00fanel Subfluvial - Informe Litoral","og_description":"Aseguraron que no cortar\u00e1n el tr\u00e1nsito entre las dos provincias. Los manifestantes llegar\u00e1n desde diferentes puntos de Entre R\u00edos y entregar\u00e1n volantes informativos.","og_url":"https:\/\/informelitoral.com.ar\/productores-agropecuarios-entrerrianos-protestaran-en-el-tunel-subfluvial\/","og_site_name":"Informe Litoral","article_publisher":"https:\/\/www.facebook.com\/informelitoral\/","article_published_time":"2019-07-10T00:47:16+00:00","article_modified_time":"2019-07-10T00:51:07+00:00","og_image":[{"width":642,"height":360,"url":"https:\/\/informelitoral.com.ar\/%77%70%2d%63%6f%6e%74%65%6e%74\/uploads\/2019\/07\/0027107413.jpg","type":"image\/jpeg"}],"author":"Gonzalo Schmidt","twitter_card":"summary_large_image","twitter_creator":"@InformeLitoral","twitter_site":"@InformeLitoral","twitter_misc":{"Escrito por":"Gonzalo Schmidt","Tiempo de lectura":"1 minuto"},"schema":{"@context":"https:\/\/schema.org","@graph":[{"@type":"Article","@id":"https:\/\/informelitoral.com.ar\/productores-agropecuarios-entrerrianos-protestaran-en-el-tunel-subfluvial\/#article","isPartOf":{"@id":"https:\/\/informelitoral.com.ar\/productores-agropecuarios-entrerrianos-protestaran-en-el-tunel-subfluvial\/"},"author":{"name":"Gonzalo Schmidt","@id":"https:\/\/informelitoral.com.ar\/#\/schema\/person\/b9d00407c836482871ef1d57bf8e3180"},"headline":"Productores agropecuarios entrerrianos protestar\u00e1n en el T\u00fanel Subfluvial","datePublished":"2019-07-10T00:47:16+00:00","dateModified":"2019-07-10T00:51:07+00:00","mainEntityOfPage":{"@id":"https:\/\/informelitoral.com.ar\/productores-agropecuarios-entrerrianos-protestaran-en-el-tunel-subfluvial\/"},"wordCount":281,"commentCount":0,"publisher":{"@id":"https:\/\/informelitoral.com.ar\/#organization"},"image":{"@id":"https:\/\/informelitoral.com.ar\/productores-agropecuarios-entrerrianos-protestaran-en-el-tunel-subfluvial\/#primaryimage"},"thumbnailUrl":"https:\/\/informelitoral.com.ar\/%77%70%2d%63%6f%6e%74%65%6e%74\/uploads\/2019\/07\/0027107413.jpg","keywords":["Agricultura","Fumigaciones","Justicia","Producci\u00f3n","Productores"],"articleSection":["Campo","Entre R\u00edos"],"inLanguage":"es","potentialAction":[{"@type":"CommentAction","name":"Comment","target":["https:\/\/informelitoral.com.ar\/productores-agropecuarios-entrerrianos-protestaran-en-el-tunel-subfluvial\/#respond"]}]},{"@type":"WebPage","@id":"https:\/\/informelitoral.com.ar\/productores-agropecuarios-entrerrianos-protestaran-en-el-tunel-subfluvial\/","url":"https:\/\/informelitoral.com.ar\/productores-agropecuarios-entrerrianos-protestaran-en-el-tunel-subfluvial\/","name":"Productores agropecuarios entrerrianos protestar\u00e1n en el T\u00fanel Subfluvial - Informe Litoral","isPartOf":{"@id":"https:\/\/informelitoral.com.ar\/#website"},"primaryImageOfPage":{"@id":"https:\/\/informelitoral.com.ar\/productores-agropecuarios-entrerrianos-protestaran-en-el-tunel-subfluvial\/#primaryimage"},"image":{"@id":"https:\/\/informelitoral.com.ar\/productores-agropecuarios-entrerrianos-protestaran-en-el-tunel-subfluvial\/#primaryimage"},"thumbnailUrl":"https:\/\/informelitoral.com.ar\/%77%70%2d%63%6f%6e%74%65%6e%74\/uploads\/2019\/07\/0027107413.jpg","datePublished":"2019-07-10T00:47:16+00:00","dateModified":"2019-07-10T00:51:07+00:00","breadcrumb":{"@id":"https:\/\/informelitoral.com.ar\/productores-agropecuarios-entrerrianos-protestaran-en-el-tunel-subfluvial\/#breadcrumb"},"inLanguage":"es","potentialAction":[{"@type":"ReadAction","target":["https:\/\/informelitoral.com.ar\/productores-agropecuarios-entrerrianos-protestaran-en-el-tunel-subfluvial\/"]}]},{"@type":"ImageObject","inLanguage":"es","@id":"https:\/\/informelitoral.com.ar\/productores-agropecuarios-entrerrianos-protestaran-en-el-tunel-subfluvial\/#primaryimage","url":"https:\/\/informelitoral.com.ar\/%77%70%2d%63%6f%6e%74%65%6e%74\/uploads\/2019\/07\/0027107413.jpg","contentUrl":"https:\/\/informelitoral.com.ar\/%77%70%2d%63%6f%6e%74%65%6e%74\/uploads\/2019\/07\/0027107413.jpg","width":642,"height":360},{"@type":"BreadcrumbList","@id":"https:\/\/informelitoral.com.ar\/productores-agropecuarios-entrerrianos-protestaran-en-el-tunel-subfluvial\/#breadcrumb","itemListElement":[{"@type":"ListItem","position":1,"name":"Portada","item":"https:\/\/informelitoral.com.ar\/"},{"@type":"ListItem","position":2,"name":"Productores agropecuarios entrerrianos protestar\u00e1n en el T\u00fanel Subfluvial"}]},{"@type":"WebSite","@id":"https:\/\/informelitoral.com.ar\/#website","url":"https:\/\/informelitoral.com.ar\/","name":"Informe Litoral","description":"&quot;Nos informamos&quot; ","publisher":{"@id":"https:\/\/informelitoral.com.ar\/#organization"},"potentialAction":[{"@type":"SearchAction","target":{"@type":"EntryPoint","urlTemplate":"https:\/\/informelitoral.com.ar\/?s={search_term_string}"},"query-input":{"@type":"PropertyValueSpecification","valueRequired":true,"valueName":"search_term_string"}}],"inLanguage":"es"},{"@type":"Organization","@id":"https:\/\/informelitoral.com.ar\/#organization","name":"Informe Litoral","url":"https:\/\/informelitoral.com.ar\/","logo":{"@type":"ImageObject","inLanguage":"es","@id":"https:\/\/informelitoral.com.ar\/#\/schema\/logo\/image\/","url":"https:\/\/informelitoral.com.ar\/%77%70%2d%63%6f%6e%74%65%6e%74\/uploads\/2021\/01\/circulo.png","contentUrl":"https:\/\/informelitoral.com.ar\/%77%70%2d%63%6f%6e%74%65%6e%74\/uploads\/2021\/01\/circulo.png","width":723,"height":731,"caption":"Informe Litoral"},"image":{"@id":"https:\/\/informelitoral.com.ar\/#\/schema\/logo\/image\/"},"sameAs":["https:\/\/www.facebook.com\/informelitoral\/","https:\/\/x.com\/InformeLitoral","https:\/\/www.instagram.com\/informelitoral\/","https:\/\/www.youtube.com\/channel\/UCua4Qvz8Icb6MYqhoq9xLXw"]},{"@type":"Person","@id":"https:\/\/informelitoral.com.ar\/#\/schema\/person\/b9d00407c836482871ef1d57bf8e3180","name":"Gonzalo Schmidt","image":{"@type":"ImageObject","inLanguage":"es","@id":"https:\/\/secure.gravatar.com\/avatar\/31a1a7b66ff2de83bd0e9fd79d026630d2d99e55e8bfe501287647b4fd9743de?s=96&d=mm&r=g","url":"https:\/\/secure.gravatar.com\/avatar\/31a1a7b66ff2de83bd0e9fd79d026630d2d99e55e8bfe501287647b4fd9743de?s=96&d=mm&r=g","contentUrl":"https:\/\/secure.gravatar.com\/avatar\/31a1a7b66ff2de83bd0e9fd79d026630d2d99e55e8bfe501287647b4fd9743de?s=96&d=mm&r=g","caption":"Gonzalo Schmidt"},"description":"Sitio web de noticias de la provincia de Entre R\u00edos, Argentina. Informaci\u00f3n y entretenimiento. Informe Litoral, nos informamos.","sameAs":["http:\/\/www.isletasnoticias.com.ar"],"url":"https:\/\/informelitoral.com.ar\/author\/gonzalo\/"}]}},"_links":{"self":[{"href":"https:\/\/informelitoral.com.ar\/%77%70%2d%6a%73%6f%6e\/wp\/v2\/posts\/34800","targetHints":{"allow":["GET"]}}],"collection":[{"href":"https:\/\/informelitoral.com.ar\/%77%70%2d%6a%73%6f%6e\/wp\/v2\/posts"}],"about":[{"href":"https:\/\/informelitoral.com.ar\/%77%70%2d%6a%73%6f%6e\/wp\/v2\/types\/post"}],"author":[{"embeddable":true,"href":"https:\/\/informelitoral.com.ar\/%77%70%2d%6a%73%6f%6e\/wp\/v2\/users\/2"}],"replies":[{"embeddable":true,"href":"https:\/\/informelitoral.com.ar\/%77%70%2d%6a%73%6f%6e\/wp\/v2\/comments?post=34800"}],"version-history":[{"count":0,"href":"https:\/\/informelitoral.com.ar\/%77%70%2d%6a%73%6f%6e\/wp\/v2\/posts\/34800\/revisions"}],"wp:featuredmedia":[{"embeddable":true,"href":"https:\/\/informelitoral.com.ar\/%77%70%2d%6a%73%6f%6e\/wp\/v2\/media\/34801"}],"wp:attachment":[{"href":"https:\/\/informelitoral.com.ar\/%77%70%2d%6a%73%6f%6e\/wp\/v2\/media?parent=34800"}],"wp:term":[{"taxonomy":"category","embeddable":true,"href":"https:\/\/informelitoral.com.ar\/%77%70%2d%6a%73%6f%6e\/wp\/v2\/categories?post=34800"},{"taxonomy":"post_tag","embeddable":true,"href":"https:\/\/informelitoral.com.ar\/%77%70%2d%6a%73%6f%6e\/wp\/v2\/tags?post=34800"}],"curies":[{"name":"wp","href":"https:\/\/api.w.org\/{rel}","templated":true}]}}