{"id":34600,"date":"2019-06-28T15:32:00","date_gmt":"2019-06-28T18:32:00","guid":{"rendered":"https:\/\/www.isletasnoticias.com.ar\/?p=34600"},"modified":"2019-06-29T18:34:17","modified_gmt":"2019-06-29T21:34:17","slug":"firmaron-el-acuerdo-de-libre-comercio-entre-el-mercosur-y-la-union-europea","status":"publish","type":"post","link":"https:\/\/informelitoral.com.ar\/firmaron-el-acuerdo-de-libre-comercio-entre-el-mercosur-y-la-union-europea\/","title":{"rendered":"Firmaron el acuerdo de libre comercio entre el Mercosur y la Uni\u00f3n Europea"},"content":{"rendered":"<div class=\"row pb-content-type-text\">\n<div class=\"col-xs-12 col-print-12\">El Mercosur y la Uni\u00f3n Europea concluyeron hoy las negociaciones para la firma\u00a0de un\u00a0<strong>Acuerdo de Asociaci\u00f3n Estrat\u00e9gica.\u00a0<\/strong>El entendimiento es<strong>\u00a0<\/strong>un hecho hist\u00f3rico para los dos bloques luego de 2o a\u00f1os de negociaciones.<\/div>\n<\/div>\n<div class=\"row pb-content-type-text\">\n<div class=\"col-xs-12 col-print-12\">\n<p class=\"element element-paragraph\"><strong>El tratado implica la integraci\u00f3n de la regi\u00f3n\u00a0con un mercado de 800 millones de habitantes, casi una cuarta parte del PBI mundial y con m\u00e1s de US$ 100.000 millones de comercio bilateral de bienes y servicios.<\/strong><\/p>\n<\/div>\n<\/div>\n<div class=\"row pb-content-type-text\">\n<div class=\"col-xs-12 col-print-12\">\n<p class=\"element element-paragraph\">Fuentes diplom\u00e1ticas calificaron el acuerdo como un \u201chito\u201d\u00a0para la inserci\u00f3n internacional de la Argentina y del resto de los pa\u00edses del bloque comercial ya que\u00a0<strong>aumenta las exportaciones de las econom\u00edas regionales<\/strong>,\u00a0<strong>consolida la participaci\u00f3n de nuestras empresas en cadenas globales de valor<\/strong>,\u00a0<strong>promueve la llegada de inversiones<\/strong>,<strong>\u00a0acelera el proceso de transferencia tecnol\u00f3gica y aumenta la competitividad de la econom\u00eda<\/strong>,\u00a0<strong>todo lo cual generar\u00e1 un incremento del Producto Bruto Nacional y el aumento del empleo de calidad<\/strong>.<\/p>\n<\/div>\n<\/div>\n<div class=\"row pb-content-type-text\">\n<div class=\"col-xs-12 col-print-12\">\n<p class=\"element element-paragraph\">Adem\u00e1s, constituye un sello institucional que da car\u00e1cter permanente a la relaci\u00f3n estrat\u00e9gica con la UE, garantizando transparencia, previsibilidad y reglas claras para los actores econ\u00f3micos.<\/p>\n<\/div>\n<\/div>\n<div class=\"row pb-content-type-text\">\n<div class=\"col-xs-12 col-print-12\">\n<p class=\"element element-paragraph\">\u201c<strong>El acuerdo alcanzado asegura los principales objetivos trazados por los pa\u00edses del Mercosur ya que mejora las condiciones de acceso en bienes y servicios para nuestras exportaciones, a la par que permite un tiempo de transici\u00f3n para la apertura comercial de los bienes y servicios europeos y preserva herramientas de desarrollo industrial en campos como propiedad intelectual, compras p\u00fablicas y defensa comercial<\/strong>\u201c, evalu\u00f3 el gobierno argentino en un comunicado oficial.<\/p>\n<\/div>\n<\/div>\n<div class=\"row pb-content-type-text\">\n<div class=\"col-xs-12 col-print-12\">\n<p class=\"element element-paragraph\">El acuerdo trasciende los fines meramente comerciales y marca un antes y un despu\u00e9s en la integraci\u00f3n internacional de la Argentina y en el proceso de desarrollo econ\u00f3mico nacional. Es, adem\u00e1s, el resultado de un esfuerzo de di\u00e1logo, coordinaci\u00f3n y entendimiento tanto entre los pa\u00edses miembros del Mercosur, as\u00ed como entre sus gobiernos y el sector privado, c\u00e1maras sectoriales y asociaciones sindicales de cada uno de ellos. Asimismo, fortalece internamente al Mercosur y consolida y ampl\u00eda el horizonte de su agenda de inserci\u00f3n internacional.<\/p>\n<\/div>\n<\/div>\n<div class=\"row pb-content-type-text\">\n<div class=\"col-xs-12 col-print-12\">\n<p class=\"element element-paragraph\">La UE es el primer inversor global, con un stock de inversiones supera el 30% del total mundial. Importa el 17% del total de las compras mundiales de bienes y servicios y representa el 20% del producto de la econom\u00eda internacional. El acuerdo dar\u00e1 oportunidades para exportar a un mercado con m\u00e1s de 500 millones de habitantes con un PBI per capita promedio de USD34.000 y acceder a una oferta m\u00e1s diversa y de mayor calidad de productos a precios m\u00e1s competitivos para nuestra industrias y consumidores.<\/p>\n<\/div>\n<\/div>\n<div class=\"row pb-content-type-text\">\n<div class=\"col-xs-12 col-print-12\">\n<h3 class=\"element element-paragraph\"><strong>Entre los principales ejes del acuerdo se destacan los siguientes logros para el Mercosur:<\/strong><\/h3>\n<\/div>\n<\/div>\n<div class=\"row pb-content-type-text\">\n<div class=\"col-xs-12 col-print-12\">\n<p class=\"element element-paragraph\">\u2013\u00a0<strong>Brinda mayor calidad institucional<\/strong>: establece un v\u00ednculo pol\u00edtico, cultural y econ\u00f3mico estrat\u00e9gico y permanente con la UE. Asimismo, presenta una normativa transparente y consensuada que reduce la discrecionalidad en la aplicaci\u00f3n de las pol\u00edticas econ\u00f3micas.<\/p>\n<\/div>\n<\/div>\n<div class=\"row pb-content-type-text\">\n<div class=\"col-xs-12 col-print-12\">\n<p class=\"element element-paragraph\">\u2013\u00a0<strong>Mejora la competitividad de la econom\u00eda argentina<\/strong>: dinamiza las condiciones de acceso a bienes, servicios e inversiones, al reducir y eliminar restricciones. A su vez, simplifica procedimientos de operatoria comercial, facilita el acceso a tecnolog\u00eda, insumos y bienes intermedios que son necesarios para producir bienes con valor agregado.<\/p>\n<\/div>\n<\/div>\n<div class=\"row pb-content-type-text\">\n<div class=\"col-xs-12 col-print-12\">\n<p class=\"element element-paragraph\">\u2013\u00a0<strong>Contempla un tiempo de transici\u00f3n<\/strong>: el acuerdo se implementar\u00e1 en forma gradual en tiempos que garantizan un proceso de adecuaci\u00f3n de la econom\u00eda argentina a la competencia internacional. Para los pa\u00edses del Mercosur los plazos de desgravaci\u00f3n arancelaria se extender\u00e1n, en promedio, en per\u00edodos de 10 y hasta 15 a\u00f1os, mientras que la UE acept\u00f3 plazos de desgravaci\u00f3n con el Mercosur de forma inmediata, situaci\u00f3n sin precedentes en otras negociaciones del bloque europeo.<\/p>\n<\/div>\n<\/div>\n<div class=\"row pb-content-type-text\">\n<div class=\"col-xs-12 col-print-12\">\n<p class=\"element element-paragraph\">\u2013\u00a0<strong>Favorece la integraci\u00f3n regional<\/strong>: implica una nueva etapa en la relaci\u00f3n de los pa\u00edses del Mercosur, dinamizando el comercio intrarregional y asumiendo nuevos compromisos en materia de circulaci\u00f3n, armonizaci\u00f3n normativa y simplificaci\u00f3n de procedimientos internos.<\/p>\n<\/div>\n<\/div>\n<div class=\"row pb-content-type-text\">\n<div class=\"col-xs-12 col-print-12\">\n<p class=\"element element-paragraph\">\u2013\u00a0<strong>Establece beneficios para PyMES<\/strong>: contempla programas especiales que facilitan su integraci\u00f3n en cadenas de globales de valor, asistencia t\u00e9cnica, participaci\u00f3n en compras gubernamentales, joint ventures, partenships, business networks, transferencia de know how y asistencia financiera.<\/p>\n<\/div>\n<\/div>\n<div class=\"row pb-content-type-text\">\n<div class=\"col-xs-12 col-print-12\">\n<p class=\"element element-paragraph\">\u2013\u00a0<strong>Promueve la atracci\u00f3n de inversiones<\/strong>: facilita el incremento de la inversi\u00f3n extranjera al otorgar certidumbre y estabilidad de las reglas de juego. Otros pa\u00edses o bloques que firmaron acuerdos con la UE incrementaron significativamente la captaci\u00f3n de IED.<\/p>\n<p><em>Con informaci\u00f3n de Infobae<\/em><\/p>\n<\/div>\n<\/div>\n","protected":false},"excerpt":{"rendered":"<p>Luego de 20 a\u00f1os de negociaciones, se estableci\u00f3 un entendimiento para que los dos bloques econ\u00f3micos puedan intercambiar bienes y servicios. El acuerdo implica la integraci\u00f3n de un mercado de 800 millones de personas.<\/p>\n","protected":false},"author":2,"featured_media":34601,"comment_status":"open","ping_status":"open","sticky":false,"template":"","format":"standard","meta":{"fifu_image_url":"","fifu_image_alt":"","footnotes":""},"categories":[8],"tags":[],"class_list":{"0":"post-34600","1":"post","2":"type-post","3":"status-publish","4":"format-standard","5":"has-post-thumbnail","7":"category-internacionales"},"yoast_head":"<title>Firmaron el acuerdo de libre comercio entre el Mercosur y la Uni\u00f3n Europea - Informe Litoral<\/title>\n<meta name=\"robots\" content=\"index, follow, max-snippet:-1, max-image-preview:large, max-video-preview:-1\" \/>\n<link rel=\"canonical\" href=\"https:\/\/informelitoral.com.ar\/firmaron-el-acuerdo-de-libre-comercio-entre-el-mercosur-y-la-union-europea\/\" \/>\n<meta property=\"og:locale\" content=\"es_ES\" \/>\n<meta property=\"og:type\" content=\"article\" \/>\n<meta property=\"og:title\" content=\"Firmaron el acuerdo de libre comercio entre el Mercosur y la Uni\u00f3n Europea - Informe Litoral\" \/>\n<meta property=\"og:description\" content=\"Luego de 20 a\u00f1os de negociaciones, se estableci\u00f3 un entendimiento para que los dos bloques econ\u00f3micos puedan intercambiar bienes y servicios. El acuerdo implica la integraci\u00f3n de un mercado de 800 millones de personas.\" \/>\n<meta property=\"og:url\" content=\"https:\/\/informelitoral.com.ar\/firmaron-el-acuerdo-de-libre-comercio-entre-el-mercosur-y-la-union-europea\/\" \/>\n<meta property=\"og:site_name\" content=\"Informe Litoral\" \/>\n<meta property=\"article:publisher\" content=\"https:\/\/www.facebook.com\/informelitoral\/\" \/>\n<meta property=\"article:published_time\" content=\"2019-06-28T18:32:00+00:00\" \/>\n<meta property=\"article:modified_time\" content=\"2019-06-29T21:34:17+00:00\" \/>\n<meta property=\"og:image\" content=\"https:\/\/informelitoral.com.ar\/%77%70%2d%63%6f%6e%74%65%6e%74\/uploads\/2019\/06\/mercosur-UE.jpg\" \/>\n\t<meta property=\"og:image:width\" content=\"728\" \/>\n\t<meta property=\"og:image:height\" content=\"420\" \/>\n\t<meta property=\"og:image:type\" content=\"image\/jpeg\" \/>\n<meta name=\"author\" content=\"Gonzalo Schmidt\" \/>\n<meta name=\"twitter:card\" content=\"summary_large_image\" \/>\n<meta name=\"twitter:creator\" content=\"@InformeLitoral\" \/>\n<meta name=\"twitter:site\" content=\"@InformeLitoral\" \/>\n<meta name=\"twitter:label1\" content=\"Escrito por\" \/>\n\t<meta name=\"twitter:data1\" content=\"Gonzalo Schmidt\" \/>\n\t<meta name=\"twitter:label2\" content=\"Tiempo de lectura\" \/>\n\t<meta name=\"twitter:data2\" content=\"4 minutos\" \/>\n<script type=\"application\/ld+json\" class=\"yoast-schema-graph\">{\"@context\":\"https:\\\/\\\/schema.org\",\"@graph\":[{\"@type\":\"Article\",\"@id\":\"https:\\\/\\\/informelitoral.com.ar\\\/firmaron-el-acuerdo-de-libre-comercio-entre-el-mercosur-y-la-union-europea\\\/#article\",\"isPartOf\":{\"@id\":\"https:\\\/\\\/informelitoral.com.ar\\\/firmaron-el-acuerdo-de-libre-comercio-entre-el-mercosur-y-la-union-europea\\\/\"},\"author\":{\"name\":\"Gonzalo Schmidt\",\"@id\":\"https:\\\/\\\/informelitoral.com.ar\\\/#\\\/schema\\\/person\\\/b9d00407c836482871ef1d57bf8e3180\"},\"headline\":\"Firmaron el acuerdo de libre comercio entre el Mercosur y la Uni\u00f3n Europea\",\"datePublished\":\"2019-06-28T18:32:00+00:00\",\"dateModified\":\"2019-06-29T21:34:17+00:00\",\"mainEntityOfPage\":{\"@id\":\"https:\\\/\\\/informelitoral.com.ar\\\/firmaron-el-acuerdo-de-libre-comercio-entre-el-mercosur-y-la-union-europea\\\/\"},\"wordCount\":776,\"commentCount\":0,\"publisher\":{\"@id\":\"https:\\\/\\\/informelitoral.com.ar\\\/#organization\"},\"image\":{\"@id\":\"https:\\\/\\\/informelitoral.com.ar\\\/firmaron-el-acuerdo-de-libre-comercio-entre-el-mercosur-y-la-union-europea\\\/#primaryimage\"},\"thumbnailUrl\":\"https:\\\/\\\/informelitoral.com.ar\\\/%77%70%2d%63%6f%6e%74%65%6e%74\\\/uploads\\\/2019\\\/06\\\/mercosur-UE.jpg\",\"articleSection\":[\"Internacionales\"],\"inLanguage\":\"es\",\"potentialAction\":[{\"@type\":\"CommentAction\",\"name\":\"Comment\",\"target\":[\"https:\\\/\\\/informelitoral.com.ar\\\/firmaron-el-acuerdo-de-libre-comercio-entre-el-mercosur-y-la-union-europea\\\/#respond\"]}]},{\"@type\":\"WebPage\",\"@id\":\"https:\\\/\\\/informelitoral.com.ar\\\/firmaron-el-acuerdo-de-libre-comercio-entre-el-mercosur-y-la-union-europea\\\/\",\"url\":\"https:\\\/\\\/informelitoral.com.ar\\\/firmaron-el-acuerdo-de-libre-comercio-entre-el-mercosur-y-la-union-europea\\\/\",\"name\":\"Firmaron el acuerdo de libre comercio entre el Mercosur y la Uni\u00f3n Europea - Informe Litoral\",\"isPartOf\":{\"@id\":\"https:\\\/\\\/informelitoral.com.ar\\\/#website\"},\"primaryImageOfPage\":{\"@id\":\"https:\\\/\\\/informelitoral.com.ar\\\/firmaron-el-acuerdo-de-libre-comercio-entre-el-mercosur-y-la-union-europea\\\/#primaryimage\"},\"image\":{\"@id\":\"https:\\\/\\\/informelitoral.com.ar\\\/firmaron-el-acuerdo-de-libre-comercio-entre-el-mercosur-y-la-union-europea\\\/#primaryimage\"},\"thumbnailUrl\":\"https:\\\/\\\/informelitoral.com.ar\\\/%77%70%2d%63%6f%6e%74%65%6e%74\\\/uploads\\\/2019\\\/06\\\/mercosur-UE.jpg\",\"datePublished\":\"2019-06-28T18:32:00+00:00\",\"dateModified\":\"2019-06-29T21:34:17+00:00\",\"breadcrumb\":{\"@id\":\"https:\\\/\\\/informelitoral.com.ar\\\/firmaron-el-acuerdo-de-libre-comercio-entre-el-mercosur-y-la-union-europea\\\/#breadcrumb\"},\"inLanguage\":\"es\",\"potentialAction\":[{\"@type\":\"ReadAction\",\"target\":[\"https:\\\/\\\/informelitoral.com.ar\\\/firmaron-el-acuerdo-de-libre-comercio-entre-el-mercosur-y-la-union-europea\\\/\"]}]},{\"@type\":\"ImageObject\",\"inLanguage\":\"es\",\"@id\":\"https:\\\/\\\/informelitoral.com.ar\\\/firmaron-el-acuerdo-de-libre-comercio-entre-el-mercosur-y-la-union-europea\\\/#primaryimage\",\"url\":\"https:\\\/\\\/informelitoral.com.ar\\\/%77%70%2d%63%6f%6e%74%65%6e%74\\\/uploads\\\/2019\\\/06\\\/mercosur-UE.jpg\",\"contentUrl\":\"https:\\\/\\\/informelitoral.com.ar\\\/%77%70%2d%63%6f%6e%74%65%6e%74\\\/uploads\\\/2019\\\/06\\\/mercosur-UE.jpg\",\"width\":728,\"height\":420},{\"@type\":\"BreadcrumbList\",\"@id\":\"https:\\\/\\\/informelitoral.com.ar\\\/firmaron-el-acuerdo-de-libre-comercio-entre-el-mercosur-y-la-union-europea\\\/#breadcrumb\",\"itemListElement\":[{\"@type\":\"ListItem\",\"position\":1,\"name\":\"Portada\",\"item\":\"https:\\\/\\\/informelitoral.com.ar\\\/\"},{\"@type\":\"ListItem\",\"position\":2,\"name\":\"Firmaron el acuerdo de libre comercio entre el Mercosur y la Uni\u00f3n Europea\"}]},{\"@type\":\"WebSite\",\"@id\":\"https:\\\/\\\/informelitoral.com.ar\\\/#website\",\"url\":\"https:\\\/\\\/informelitoral.com.ar\\\/\",\"name\":\"Informe Litoral\",\"description\":\"&quot;Nos informamos&quot; \",\"publisher\":{\"@id\":\"https:\\\/\\\/informelitoral.com.ar\\\/#organization\"},\"potentialAction\":[{\"@type\":\"SearchAction\",\"target\":{\"@type\":\"EntryPoint\",\"urlTemplate\":\"https:\\\/\\\/informelitoral.com.ar\\\/?s={search_term_string}\"},\"query-input\":{\"@type\":\"PropertyValueSpecification\",\"valueRequired\":true,\"valueName\":\"search_term_string\"}}],\"inLanguage\":\"es\"},{\"@type\":\"Organization\",\"@id\":\"https:\\\/\\\/informelitoral.com.ar\\\/#organization\",\"name\":\"Informe Litoral\",\"url\":\"https:\\\/\\\/informelitoral.com.ar\\\/\",\"logo\":{\"@type\":\"ImageObject\",\"inLanguage\":\"es\",\"@id\":\"https:\\\/\\\/informelitoral.com.ar\\\/#\\\/schema\\\/logo\\\/image\\\/\",\"url\":\"https:\\\/\\\/informelitoral.com.ar\\\/%77%70%2d%63%6f%6e%74%65%6e%74\\\/uploads\\\/2021\\\/01\\\/circulo.png\",\"contentUrl\":\"https:\\\/\\\/informelitoral.com.ar\\\/%77%70%2d%63%6f%6e%74%65%6e%74\\\/uploads\\\/2021\\\/01\\\/circulo.png\",\"width\":723,\"height\":731,\"caption\":\"Informe Litoral\"},\"image\":{\"@id\":\"https:\\\/\\\/informelitoral.com.ar\\\/#\\\/schema\\\/logo\\\/image\\\/\"},\"sameAs\":[\"https:\\\/\\\/www.facebook.com\\\/informelitoral\\\/\",\"https:\\\/\\\/x.com\\\/InformeLitoral\",\"https:\\\/\\\/www.instagram.com\\\/informelitoral\\\/\",\"https:\\\/\\\/www.youtube.com\\\/channel\\\/UCua4Qvz8Icb6MYqhoq9xLXw\"]},{\"@type\":\"Person\",\"@id\":\"https:\\\/\\\/informelitoral.com.ar\\\/#\\\/schema\\\/person\\\/b9d00407c836482871ef1d57bf8e3180\",\"name\":\"Gonzalo Schmidt\",\"image\":{\"@type\":\"ImageObject\",\"inLanguage\":\"es\",\"@id\":\"https:\\\/\\\/secure.gravatar.com\\\/avatar\\\/31a1a7b66ff2de83bd0e9fd79d026630d2d99e55e8bfe501287647b4fd9743de?s=96&d=mm&r=g\",\"url\":\"https:\\\/\\\/secure.gravatar.com\\\/avatar\\\/31a1a7b66ff2de83bd0e9fd79d026630d2d99e55e8bfe501287647b4fd9743de?s=96&d=mm&r=g\",\"contentUrl\":\"https:\\\/\\\/secure.gravatar.com\\\/avatar\\\/31a1a7b66ff2de83bd0e9fd79d026630d2d99e55e8bfe501287647b4fd9743de?s=96&d=mm&r=g\",\"caption\":\"Gonzalo Schmidt\"},\"description\":\"Sitio web de noticias de la provincia de Entre R\u00edos, Argentina. Informaci\u00f3n y entretenimiento. Informe Litoral, nos informamos.\",\"sameAs\":[\"http:\\\/\\\/www.isletasnoticias.com.ar\"],\"url\":\"https:\\\/\\\/informelitoral.com.ar\\\/author\\\/gonzalo\\\/\"}]}<\/script>","yoast_head_json":{"title":"Firmaron el acuerdo de libre comercio entre el Mercosur y la Uni\u00f3n Europea - Informe Litoral","robots":{"index":"index","follow":"follow","max-snippet":"max-snippet:-1","max-image-preview":"max-image-preview:large","max-video-preview":"max-video-preview:-1"},"canonical":"https:\/\/informelitoral.com.ar\/firmaron-el-acuerdo-de-libre-comercio-entre-el-mercosur-y-la-union-europea\/","og_locale":"es_ES","og_type":"article","og_title":"Firmaron el acuerdo de libre comercio entre el Mercosur y la Uni\u00f3n Europea - Informe Litoral","og_description":"Luego de 20 a\u00f1os de negociaciones, se estableci\u00f3 un entendimiento para que los dos bloques econ\u00f3micos puedan intercambiar bienes y servicios. El acuerdo implica la integraci\u00f3n de un mercado de 800 millones de personas.","og_url":"https:\/\/informelitoral.com.ar\/firmaron-el-acuerdo-de-libre-comercio-entre-el-mercosur-y-la-union-europea\/","og_site_name":"Informe Litoral","article_publisher":"https:\/\/www.facebook.com\/informelitoral\/","article_published_time":"2019-06-28T18:32:00+00:00","article_modified_time":"2019-06-29T21:34:17+00:00","og_image":[{"width":728,"height":420,"url":"https:\/\/informelitoral.com.ar\/%77%70%2d%63%6f%6e%74%65%6e%74\/uploads\/2019\/06\/mercosur-UE.jpg","type":"image\/jpeg"}],"author":"Gonzalo Schmidt","twitter_card":"summary_large_image","twitter_creator":"@InformeLitoral","twitter_site":"@InformeLitoral","twitter_misc":{"Escrito por":"Gonzalo Schmidt","Tiempo de lectura":"4 minutos"},"schema":{"@context":"https:\/\/schema.org","@graph":[{"@type":"Article","@id":"https:\/\/informelitoral.com.ar\/firmaron-el-acuerdo-de-libre-comercio-entre-el-mercosur-y-la-union-europea\/#article","isPartOf":{"@id":"https:\/\/informelitoral.com.ar\/firmaron-el-acuerdo-de-libre-comercio-entre-el-mercosur-y-la-union-europea\/"},"author":{"name":"Gonzalo Schmidt","@id":"https:\/\/informelitoral.com.ar\/#\/schema\/person\/b9d00407c836482871ef1d57bf8e3180"},"headline":"Firmaron el acuerdo de libre comercio entre el Mercosur y la Uni\u00f3n Europea","datePublished":"2019-06-28T18:32:00+00:00","dateModified":"2019-06-29T21:34:17+00:00","mainEntityOfPage":{"@id":"https:\/\/informelitoral.com.ar\/firmaron-el-acuerdo-de-libre-comercio-entre-el-mercosur-y-la-union-europea\/"},"wordCount":776,"commentCount":0,"publisher":{"@id":"https:\/\/informelitoral.com.ar\/#organization"},"image":{"@id":"https:\/\/informelitoral.com.ar\/firmaron-el-acuerdo-de-libre-comercio-entre-el-mercosur-y-la-union-europea\/#primaryimage"},"thumbnailUrl":"https:\/\/informelitoral.com.ar\/%77%70%2d%63%6f%6e%74%65%6e%74\/uploads\/2019\/06\/mercosur-UE.jpg","articleSection":["Internacionales"],"inLanguage":"es","potentialAction":[{"@type":"CommentAction","name":"Comment","target":["https:\/\/informelitoral.com.ar\/firmaron-el-acuerdo-de-libre-comercio-entre-el-mercosur-y-la-union-europea\/#respond"]}]},{"@type":"WebPage","@id":"https:\/\/informelitoral.com.ar\/firmaron-el-acuerdo-de-libre-comercio-entre-el-mercosur-y-la-union-europea\/","url":"https:\/\/informelitoral.com.ar\/firmaron-el-acuerdo-de-libre-comercio-entre-el-mercosur-y-la-union-europea\/","name":"Firmaron el acuerdo de libre comercio entre el Mercosur y la Uni\u00f3n Europea - Informe Litoral","isPartOf":{"@id":"https:\/\/informelitoral.com.ar\/#website"},"primaryImageOfPage":{"@id":"https:\/\/informelitoral.com.ar\/firmaron-el-acuerdo-de-libre-comercio-entre-el-mercosur-y-la-union-europea\/#primaryimage"},"image":{"@id":"https:\/\/informelitoral.com.ar\/firmaron-el-acuerdo-de-libre-comercio-entre-el-mercosur-y-la-union-europea\/#primaryimage"},"thumbnailUrl":"https:\/\/informelitoral.com.ar\/%77%70%2d%63%6f%6e%74%65%6e%74\/uploads\/2019\/06\/mercosur-UE.jpg","datePublished":"2019-06-28T18:32:00+00:00","dateModified":"2019-06-29T21:34:17+00:00","breadcrumb":{"@id":"https:\/\/informelitoral.com.ar\/firmaron-el-acuerdo-de-libre-comercio-entre-el-mercosur-y-la-union-europea\/#breadcrumb"},"inLanguage":"es","potentialAction":[{"@type":"ReadAction","target":["https:\/\/informelitoral.com.ar\/firmaron-el-acuerdo-de-libre-comercio-entre-el-mercosur-y-la-union-europea\/"]}]},{"@type":"ImageObject","inLanguage":"es","@id":"https:\/\/informelitoral.com.ar\/firmaron-el-acuerdo-de-libre-comercio-entre-el-mercosur-y-la-union-europea\/#primaryimage","url":"https:\/\/informelitoral.com.ar\/%77%70%2d%63%6f%6e%74%65%6e%74\/uploads\/2019\/06\/mercosur-UE.jpg","contentUrl":"https:\/\/informelitoral.com.ar\/%77%70%2d%63%6f%6e%74%65%6e%74\/uploads\/2019\/06\/mercosur-UE.jpg","width":728,"height":420},{"@type":"BreadcrumbList","@id":"https:\/\/informelitoral.com.ar\/firmaron-el-acuerdo-de-libre-comercio-entre-el-mercosur-y-la-union-europea\/#breadcrumb","itemListElement":[{"@type":"ListItem","position":1,"name":"Portada","item":"https:\/\/informelitoral.com.ar\/"},{"@type":"ListItem","position":2,"name":"Firmaron el acuerdo de libre comercio entre el Mercosur y la Uni\u00f3n Europea"}]},{"@type":"WebSite","@id":"https:\/\/informelitoral.com.ar\/#website","url":"https:\/\/informelitoral.com.ar\/","name":"Informe Litoral","description":"&quot;Nos informamos&quot; ","publisher":{"@id":"https:\/\/informelitoral.com.ar\/#organization"},"potentialAction":[{"@type":"SearchAction","target":{"@type":"EntryPoint","urlTemplate":"https:\/\/informelitoral.com.ar\/?s={search_term_string}"},"query-input":{"@type":"PropertyValueSpecification","valueRequired":true,"valueName":"search_term_string"}}],"inLanguage":"es"},{"@type":"Organization","@id":"https:\/\/informelitoral.com.ar\/#organization","name":"Informe Litoral","url":"https:\/\/informelitoral.com.ar\/","logo":{"@type":"ImageObject","inLanguage":"es","@id":"https:\/\/informelitoral.com.ar\/#\/schema\/logo\/image\/","url":"https:\/\/informelitoral.com.ar\/%77%70%2d%63%6f%6e%74%65%6e%74\/uploads\/2021\/01\/circulo.png","contentUrl":"https:\/\/informelitoral.com.ar\/%77%70%2d%63%6f%6e%74%65%6e%74\/uploads\/2021\/01\/circulo.png","width":723,"height":731,"caption":"Informe Litoral"},"image":{"@id":"https:\/\/informelitoral.com.ar\/#\/schema\/logo\/image\/"},"sameAs":["https:\/\/www.facebook.com\/informelitoral\/","https:\/\/x.com\/InformeLitoral","https:\/\/www.instagram.com\/informelitoral\/","https:\/\/www.youtube.com\/channel\/UCua4Qvz8Icb6MYqhoq9xLXw"]},{"@type":"Person","@id":"https:\/\/informelitoral.com.ar\/#\/schema\/person\/b9d00407c836482871ef1d57bf8e3180","name":"Gonzalo Schmidt","image":{"@type":"ImageObject","inLanguage":"es","@id":"https:\/\/secure.gravatar.com\/avatar\/31a1a7b66ff2de83bd0e9fd79d026630d2d99e55e8bfe501287647b4fd9743de?s=96&d=mm&r=g","url":"https:\/\/secure.gravatar.com\/avatar\/31a1a7b66ff2de83bd0e9fd79d026630d2d99e55e8bfe501287647b4fd9743de?s=96&d=mm&r=g","contentUrl":"https:\/\/secure.gravatar.com\/avatar\/31a1a7b66ff2de83bd0e9fd79d026630d2d99e55e8bfe501287647b4fd9743de?s=96&d=mm&r=g","caption":"Gonzalo Schmidt"},"description":"Sitio web de noticias de la provincia de Entre R\u00edos, Argentina. Informaci\u00f3n y entretenimiento. Informe Litoral, nos informamos.","sameAs":["http:\/\/www.isletasnoticias.com.ar"],"url":"https:\/\/informelitoral.com.ar\/author\/gonzalo\/"}]}},"_links":{"self":[{"href":"https:\/\/informelitoral.com.ar\/%77%70%2d%6a%73%6f%6e\/wp\/v2\/posts\/34600","targetHints":{"allow":["GET"]}}],"collection":[{"href":"https:\/\/informelitoral.com.ar\/%77%70%2d%6a%73%6f%6e\/wp\/v2\/posts"}],"about":[{"href":"https:\/\/informelitoral.com.ar\/%77%70%2d%6a%73%6f%6e\/wp\/v2\/types\/post"}],"author":[{"embeddable":true,"href":"https:\/\/informelitoral.com.ar\/%77%70%2d%6a%73%6f%6e\/wp\/v2\/users\/2"}],"replies":[{"embeddable":true,"href":"https:\/\/informelitoral.com.ar\/%77%70%2d%6a%73%6f%6e\/wp\/v2\/comments?post=34600"}],"version-history":[{"count":0,"href":"https:\/\/informelitoral.com.ar\/%77%70%2d%6a%73%6f%6e\/wp\/v2\/posts\/34600\/revisions"}],"wp:featuredmedia":[{"embeddable":true,"href":"https:\/\/informelitoral.com.ar\/%77%70%2d%6a%73%6f%6e\/wp\/v2\/media\/34601"}],"wp:attachment":[{"href":"https:\/\/informelitoral.com.ar\/%77%70%2d%6a%73%6f%6e\/wp\/v2\/media?parent=34600"}],"wp:term":[{"taxonomy":"category","embeddable":true,"href":"https:\/\/informelitoral.com.ar\/%77%70%2d%6a%73%6f%6e\/wp\/v2\/categories?post=34600"},{"taxonomy":"post_tag","embeddable":true,"href":"https:\/\/informelitoral.com.ar\/%77%70%2d%6a%73%6f%6e\/wp\/v2\/tags?post=34600"}],"curies":[{"name":"wp","href":"https:\/\/api.w.org\/{rel}","templated":true}]}}