{"id":34576,"date":"2019-06-28T09:00:13","date_gmt":"2019-06-28T12:00:13","guid":{"rendered":"https:\/\/www.isletasnoticias.com.ar\/?p=34576"},"modified":"2019-06-28T09:00:13","modified_gmt":"2019-06-28T12:00:13","slug":"garrafa-social-el-gobierno-nacional-aplico-un-aumento-del-24","status":"publish","type":"post","link":"https:\/\/informelitoral.com.ar\/garrafa-social-el-gobierno-nacional-aplico-un-aumento-del-24\/","title":{"rendered":"Garrafa social: el gobierno nacional aplic\u00f3 un aumento del 24%"},"content":{"rendered":"<div id=\"post-body-77593\" class=\"post-body entry-content content-template wide-right\">\n<div class=\"post-body-inner\">\n<div class=\"cont-nota\">\n<article class=\"cont-cuerpo\">\n<section>El Gobierno Nacional aument\u00f3\u00a0<strong>24% el precio de la garrafa social,<\/strong>\u00a0que subir\u00e1 a<strong> $267 desde hoy<\/strong>\u00a0y fij\u00f3 un\u00a0<strong>subsidio de $152 para beneficiarios de planes sociales.<\/strong><\/section>\n<section><\/section>\n<section><\/section>\n<section>La medida fue dispuesta a trav\u00e9s de la resoluci\u00f3n 104\/2019 publicada en el Bolet\u00edn Oficial por la Secretar\u00eda de Energ\u00eda, que dispone que la garrafa social aumentar\u00e1 23,93% desde este viernes.<\/section>\n<section class=\"texto\">\n<h2><strong>Los precios<a class=\"thickbox\" href=\"https:\/\/i1.wp.com\/www.entremediosweb.com\/%77%70%2d%63%6f%6e%74%65%6e%74\/uploads\/2017\/04\/gas-garrafa-aumento.jpg\"><img loading=\"lazy\" decoding=\"async\" class=\"aligncenter wp-image-37832 size-large jetpack-lazy-image--handled\" src=\"https:\/\/i1.wp.com\/www.entremediosweb.com\/%77%70%2d%63%6f%6e%74%65%6e%74\/uploads\/2017\/04\/gas-garrafa-aumento.jpg?resize=640%2C365\" sizes=\"auto, (max-width: 640px) 100vw, 640px\" srcset=\"https:\/\/i1.wp.com\/www.entremediosweb.com\/%77%70%2d%63%6f%6e%74%65%6e%74\/uploads\/2017\/04\/gas-garrafa-aumento.jpg?resize=640%2C365&amp;ssl=1 640w, https:\/\/i1.wp.com\/www.entremediosweb.com\/%77%70%2d%63%6f%6e%74%65%6e%74\/uploads\/2017\/04\/gas-garrafa-aumento.jpg?resize=240%2C137&amp;ssl=1 240w, https:\/\/i1.wp.com\/www.entremediosweb.com\/%77%70%2d%63%6f%6e%74%65%6e%74\/uploads\/2017\/04\/gas-garrafa-aumento.jpg?resize=400%2C228&amp;ssl=1 400w, https:\/\/i1.wp.com\/www.entremediosweb.com\/%77%70%2d%63%6f%6e%74%65%6e%74\/uploads\/2017\/04\/gas-garrafa-aumento.jpg?w=642&amp;ssl=1 642w\" alt=\"gas envasado\" width=\"640\" height=\"365\" data-recalc-dims=\"1\" data-lazy-loaded=\"1\" \/><\/a><\/strong><\/h2>\n<p>La de\u00a0<strong>diez kilos<\/strong>\u00a0tendr\u00e1 un costo de 160,28 pesos para el sector que fracciona; 240,97 pesos para el distribuidor y 267,70 pesos para el p\u00fablico.<\/p>\n<p>Las garrafas de\u00a0<strong>12 kilos<\/strong>\u00a0costar\u00e1n al p\u00fablico 321,24 pesos; para el fraccionador 192,33 y el distribuidor 289,17.<\/p>\n<p>La de<strong>\u00a015 kilos<\/strong>\u00a0tendr\u00e1 un precio al p\u00fablico de 401,55 pesos, para el fraccionador 240,42 y para el distribuidor 361,46.<\/p>\n<p>Seg\u00fan la resoluci\u00f3n de Energ\u00eda, el monto del subsidio para los beneficiarios del Plan Hogar ser\u00e1 de $152 por garrafa.<br \/>\nLa resoluci\u00f3n tambi\u00e9n determin\u00f3 que el precio m\u00e1ximo de referencia en planta del productor para el gas butano ser\u00e1 de 9.154 pesos por tonelada y para el gas propano, 9.042 pesos.<\/p>\n<h2><strong>Esquema de subsidio<\/strong><a class=\"thickbox\" href=\"https:\/\/i1.wp.com\/www.entremediosweb.com\/%77%70%2d%63%6f%6e%74%65%6e%74\/uploads\/2016\/07\/GARRAFAS.jpg\"><img loading=\"lazy\" decoding=\"async\" class=\"aligncenter wp-image-26509 size-full jetpack-lazy-image--handled\" src=\"https:\/\/i1.wp.com\/www.entremediosweb.com\/%77%70%2d%63%6f%6e%74%65%6e%74\/uploads\/2016\/07\/GARRAFAS.jpg?resize=640%2C360\" sizes=\"auto, (max-width: 640px) 100vw, 640px\" srcset=\"https:\/\/i1.wp.com\/www.entremediosweb.com\/%77%70%2d%63%6f%6e%74%65%6e%74\/uploads\/2016\/07\/GARRAFAS.jpg?w=970&amp;ssl=1 970w, https:\/\/i1.wp.com\/www.entremediosweb.com\/%77%70%2d%63%6f%6e%74%65%6e%74\/uploads\/2016\/07\/GARRAFAS.jpg?resize=300%2C169&amp;ssl=1 300w, https:\/\/i1.wp.com\/www.entremediosweb.com\/%77%70%2d%63%6f%6e%74%65%6e%74\/uploads\/2016\/07\/GARRAFAS.jpg?resize=768%2C432&amp;ssl=1 768w\" alt=\"\" width=\"640\" height=\"360\" data-recalc-dims=\"1\" data-lazy-loaded=\"1\" \/><\/a><\/h2>\n<p>En los fundamentos de la medida la resoluci\u00f3n sostiene que \u201cen la modificaci\u00f3n de los precios m\u00e1ximos de referencia deber\u00e1 tenerse en cuenta la protecci\u00f3n de los sectores sociales residenciales de escasos recursos, para lo cual resulta aconsejable continuar aplicando un criterio gradual en la implementaci\u00f3n de las actualizaciones de los valores, como as\u00ed tambi\u00e9n mantener un esquema de subsidio a la demanda compatible con esos fines\u201d.<\/p>\n<h2><strong>Usuarios vulnerables<\/strong><a class=\"thickbox\" href=\"https:\/\/i2.wp.com\/www.entremediosweb.com\/%77%70%2d%63%6f%6e%74%65%6e%74\/uploads\/2015\/06\/GARRAFAS.jpg\"><img loading=\"lazy\" decoding=\"async\" class=\"aligncenter wp-image-4529 size-full jetpack-lazy-image--handled\" src=\"https:\/\/i2.wp.com\/www.entremediosweb.com\/%77%70%2d%63%6f%6e%74%65%6e%74\/uploads\/2015\/06\/GARRAFAS.jpg?resize=600%2C450\" sizes=\"auto, (max-width: 600px) 100vw, 600px\" srcset=\"https:\/\/i2.wp.com\/www.entremediosweb.com\/%77%70%2d%63%6f%6e%74%65%6e%74\/uploads\/2015\/06\/GARRAFAS.jpg?w=600&amp;ssl=1 600w, https:\/\/i2.wp.com\/www.entremediosweb.com\/%77%70%2d%63%6f%6e%74%65%6e%74\/uploads\/2015\/06\/GARRAFAS.jpg?resize=300%2C225&amp;ssl=1 300w\" alt=\"\" width=\"600\" height=\"450\" data-recalc-dims=\"1\" data-lazy-loaded=\"1\" \/><\/a><\/h2>\n<p>Agrega que \u201ces objetivo del Estado Nacional propender a que el precio al consumidor final resulte de los reales costos econ\u00f3micos de la actividad en las distintas etapas, de manera que la prestaci\u00f3n del servicio se realice con las debidas condiciones de calidad y seguridad, siempre manteniendo la protecci\u00f3n de los usuarios vulnerables a trav\u00e9s del Programa Hogar\u201d.<\/p>\n<p>El subsidio de la garrafa social alcanza a las personas beneficiarias de programas sociales que viven en zonas sin servicio de gas natural o que no se encuentren conectados a la red de distribuci\u00f3n domiciliaria.<br \/>\nQuienes tienen derecho al subsidio deben registrarse, a trav\u00e9s de un tr\u00e1mite \u201con line\u201d en el ANSeS, ingresando a la web del organismo y seguir los pasos que se indican.\u00a0<em>(NA)<\/em><\/p>\n<\/section>\n<\/article>\n<\/div>\n<\/div>\n<\/div>\n","protected":false},"excerpt":{"rendered":"<p>El Gobierno aument\u00f3 24% el precio de la garrafa social, que subir\u00e1 a $267 desde este viernes, y fij\u00f3 un subsidio de $152 para beneficiarios de planes sociales.<\/p>\n","protected":false},"author":2,"featured_media":25929,"comment_status":"open","ping_status":"open","sticky":false,"template":"","format":"standard","meta":{"fifu_image_url":"","fifu_image_alt":"","footnotes":""},"categories":[7],"tags":[172,132,233],"class_list":{"0":"post-34576","1":"post","2":"type-post","3":"status-publish","4":"format-standard","5":"has-post-thumbnail","7":"category-nacionales","8":"tag-aumento","9":"tag-gas","10":"tag-gobierno-nacional"},"yoast_head":"<title>Garrafa social: el gobierno nacional aplic\u00f3 un aumento del 24% - Informe Litoral<\/title>\n<meta name=\"robots\" content=\"index, follow, max-snippet:-1, max-image-preview:large, max-video-preview:-1\" \/>\n<link rel=\"canonical\" href=\"https:\/\/informelitoral.com.ar\/garrafa-social-el-gobierno-nacional-aplico-un-aumento-del-24\/\" \/>\n<meta property=\"og:locale\" content=\"es_ES\" \/>\n<meta property=\"og:type\" content=\"article\" \/>\n<meta property=\"og:title\" content=\"Garrafa social: el gobierno nacional aplic\u00f3 un aumento del 24% - Informe Litoral\" \/>\n<meta property=\"og:description\" content=\"El Gobierno aument\u00f3 24% el precio de la garrafa social, que subir\u00e1 a $267 desde este viernes, y fij\u00f3 un subsidio de $152 para beneficiarios de planes sociales.\" \/>\n<meta property=\"og:url\" content=\"https:\/\/informelitoral.com.ar\/garrafa-social-el-gobierno-nacional-aplico-un-aumento-del-24\/\" \/>\n<meta property=\"og:site_name\" content=\"Informe Litoral\" \/>\n<meta property=\"article:publisher\" content=\"https:\/\/www.facebook.com\/informelitoral\/\" \/>\n<meta property=\"article:published_time\" content=\"2019-06-28T12:00:13+00:00\" \/>\n<meta property=\"og:image\" content=\"https:\/\/informelitoral.com.ar\/%77%70%2d%63%6f%6e%74%65%6e%74\/uploads\/2018\/04\/gas-en-garrafas.jpg\" \/>\n\t<meta property=\"og:image:width\" content=\"710\" \/>\n\t<meta property=\"og:image:height\" content=\"398\" \/>\n\t<meta property=\"og:image:type\" content=\"image\/jpeg\" \/>\n<meta name=\"author\" content=\"Gonzalo Schmidt\" \/>\n<meta name=\"twitter:card\" content=\"summary_large_image\" \/>\n<meta name=\"twitter:creator\" content=\"@InformeLitoral\" \/>\n<meta name=\"twitter:site\" content=\"@InformeLitoral\" \/>\n<meta name=\"twitter:label1\" content=\"Escrito por\" \/>\n\t<meta name=\"twitter:data1\" content=\"Gonzalo Schmidt\" \/>\n\t<meta name=\"twitter:label2\" content=\"Tiempo de lectura\" \/>\n\t<meta name=\"twitter:data2\" content=\"2 minutos\" \/>\n<script type=\"application\/ld+json\" class=\"yoast-schema-graph\">{\"@context\":\"https:\\\/\\\/schema.org\",\"@graph\":[{\"@type\":\"Article\",\"@id\":\"https:\\\/\\\/informelitoral.com.ar\\\/garrafa-social-el-gobierno-nacional-aplico-un-aumento-del-24\\\/#article\",\"isPartOf\":{\"@id\":\"https:\\\/\\\/informelitoral.com.ar\\\/garrafa-social-el-gobierno-nacional-aplico-un-aumento-del-24\\\/\"},\"author\":{\"name\":\"Gonzalo Schmidt\",\"@id\":\"https:\\\/\\\/informelitoral.com.ar\\\/#\\\/schema\\\/person\\\/b9d00407c836482871ef1d57bf8e3180\"},\"headline\":\"Garrafa social: el gobierno nacional aplic\u00f3 un aumento del 24%\",\"datePublished\":\"2019-06-28T12:00:13+00:00\",\"mainEntityOfPage\":{\"@id\":\"https:\\\/\\\/informelitoral.com.ar\\\/garrafa-social-el-gobierno-nacional-aplico-un-aumento-del-24\\\/\"},\"wordCount\":391,\"commentCount\":0,\"publisher\":{\"@id\":\"https:\\\/\\\/informelitoral.com.ar\\\/#organization\"},\"image\":{\"@id\":\"https:\\\/\\\/informelitoral.com.ar\\\/garrafa-social-el-gobierno-nacional-aplico-un-aumento-del-24\\\/#primaryimage\"},\"thumbnailUrl\":\"https:\\\/\\\/informelitoral.com.ar\\\/%77%70%2d%63%6f%6e%74%65%6e%74\\\/uploads\\\/2018\\\/04\\\/gas-en-garrafas.jpg\",\"keywords\":[\"Aumento\",\"Gas\",\"Gobierno nacional\"],\"articleSection\":[\"Nacionales\"],\"inLanguage\":\"es\",\"potentialAction\":[{\"@type\":\"CommentAction\",\"name\":\"Comment\",\"target\":[\"https:\\\/\\\/informelitoral.com.ar\\\/garrafa-social-el-gobierno-nacional-aplico-un-aumento-del-24\\\/#respond\"]}]},{\"@type\":\"WebPage\",\"@id\":\"https:\\\/\\\/informelitoral.com.ar\\\/garrafa-social-el-gobierno-nacional-aplico-un-aumento-del-24\\\/\",\"url\":\"https:\\\/\\\/informelitoral.com.ar\\\/garrafa-social-el-gobierno-nacional-aplico-un-aumento-del-24\\\/\",\"name\":\"Garrafa social: el gobierno nacional aplic\u00f3 un aumento del 24% - Informe Litoral\",\"isPartOf\":{\"@id\":\"https:\\\/\\\/informelitoral.com.ar\\\/#website\"},\"primaryImageOfPage\":{\"@id\":\"https:\\\/\\\/informelitoral.com.ar\\\/garrafa-social-el-gobierno-nacional-aplico-un-aumento-del-24\\\/#primaryimage\"},\"image\":{\"@id\":\"https:\\\/\\\/informelitoral.com.ar\\\/garrafa-social-el-gobierno-nacional-aplico-un-aumento-del-24\\\/#primaryimage\"},\"thumbnailUrl\":\"https:\\\/\\\/informelitoral.com.ar\\\/%77%70%2d%63%6f%6e%74%65%6e%74\\\/uploads\\\/2018\\\/04\\\/gas-en-garrafas.jpg\",\"datePublished\":\"2019-06-28T12:00:13+00:00\",\"breadcrumb\":{\"@id\":\"https:\\\/\\\/informelitoral.com.ar\\\/garrafa-social-el-gobierno-nacional-aplico-un-aumento-del-24\\\/#breadcrumb\"},\"inLanguage\":\"es\",\"potentialAction\":[{\"@type\":\"ReadAction\",\"target\":[\"https:\\\/\\\/informelitoral.com.ar\\\/garrafa-social-el-gobierno-nacional-aplico-un-aumento-del-24\\\/\"]}]},{\"@type\":\"ImageObject\",\"inLanguage\":\"es\",\"@id\":\"https:\\\/\\\/informelitoral.com.ar\\\/garrafa-social-el-gobierno-nacional-aplico-un-aumento-del-24\\\/#primaryimage\",\"url\":\"https:\\\/\\\/informelitoral.com.ar\\\/%77%70%2d%63%6f%6e%74%65%6e%74\\\/uploads\\\/2018\\\/04\\\/gas-en-garrafas.jpg\",\"contentUrl\":\"https:\\\/\\\/informelitoral.com.ar\\\/%77%70%2d%63%6f%6e%74%65%6e%74\\\/uploads\\\/2018\\\/04\\\/gas-en-garrafas.jpg\",\"width\":710,\"height\":398},{\"@type\":\"BreadcrumbList\",\"@id\":\"https:\\\/\\\/informelitoral.com.ar\\\/garrafa-social-el-gobierno-nacional-aplico-un-aumento-del-24\\\/#breadcrumb\",\"itemListElement\":[{\"@type\":\"ListItem\",\"position\":1,\"name\":\"Portada\",\"item\":\"https:\\\/\\\/informelitoral.com.ar\\\/\"},{\"@type\":\"ListItem\",\"position\":2,\"name\":\"Garrafa social: el gobierno nacional aplic\u00f3 un aumento del 24%\"}]},{\"@type\":\"WebSite\",\"@id\":\"https:\\\/\\\/informelitoral.com.ar\\\/#website\",\"url\":\"https:\\\/\\\/informelitoral.com.ar\\\/\",\"name\":\"Informe Litoral\",\"description\":\"&quot;Nos informamos&quot; \",\"publisher\":{\"@id\":\"https:\\\/\\\/informelitoral.com.ar\\\/#organization\"},\"potentialAction\":[{\"@type\":\"SearchAction\",\"target\":{\"@type\":\"EntryPoint\",\"urlTemplate\":\"https:\\\/\\\/informelitoral.com.ar\\\/?s={search_term_string}\"},\"query-input\":{\"@type\":\"PropertyValueSpecification\",\"valueRequired\":true,\"valueName\":\"search_term_string\"}}],\"inLanguage\":\"es\"},{\"@type\":\"Organization\",\"@id\":\"https:\\\/\\\/informelitoral.com.ar\\\/#organization\",\"name\":\"Informe Litoral\",\"url\":\"https:\\\/\\\/informelitoral.com.ar\\\/\",\"logo\":{\"@type\":\"ImageObject\",\"inLanguage\":\"es\",\"@id\":\"https:\\\/\\\/informelitoral.com.ar\\\/#\\\/schema\\\/logo\\\/image\\\/\",\"url\":\"https:\\\/\\\/informelitoral.com.ar\\\/%77%70%2d%63%6f%6e%74%65%6e%74\\\/uploads\\\/2021\\\/01\\\/circulo.png\",\"contentUrl\":\"https:\\\/\\\/informelitoral.com.ar\\\/%77%70%2d%63%6f%6e%74%65%6e%74\\\/uploads\\\/2021\\\/01\\\/circulo.png\",\"width\":723,\"height\":731,\"caption\":\"Informe Litoral\"},\"image\":{\"@id\":\"https:\\\/\\\/informelitoral.com.ar\\\/#\\\/schema\\\/logo\\\/image\\\/\"},\"sameAs\":[\"https:\\\/\\\/www.facebook.com\\\/informelitoral\\\/\",\"https:\\\/\\\/x.com\\\/InformeLitoral\",\"https:\\\/\\\/www.instagram.com\\\/informelitoral\\\/\",\"https:\\\/\\\/www.youtube.com\\\/channel\\\/UCua4Qvz8Icb6MYqhoq9xLXw\"]},{\"@type\":\"Person\",\"@id\":\"https:\\\/\\\/informelitoral.com.ar\\\/#\\\/schema\\\/person\\\/b9d00407c836482871ef1d57bf8e3180\",\"name\":\"Gonzalo Schmidt\",\"image\":{\"@type\":\"ImageObject\",\"inLanguage\":\"es\",\"@id\":\"https:\\\/\\\/secure.gravatar.com\\\/avatar\\\/31a1a7b66ff2de83bd0e9fd79d026630d2d99e55e8bfe501287647b4fd9743de?s=96&d=mm&r=g\",\"url\":\"https:\\\/\\\/secure.gravatar.com\\\/avatar\\\/31a1a7b66ff2de83bd0e9fd79d026630d2d99e55e8bfe501287647b4fd9743de?s=96&d=mm&r=g\",\"contentUrl\":\"https:\\\/\\\/secure.gravatar.com\\\/avatar\\\/31a1a7b66ff2de83bd0e9fd79d026630d2d99e55e8bfe501287647b4fd9743de?s=96&d=mm&r=g\",\"caption\":\"Gonzalo Schmidt\"},\"description\":\"Sitio web de noticias de la provincia de Entre R\u00edos, Argentina. Informaci\u00f3n y entretenimiento. Informe Litoral, nos informamos.\",\"sameAs\":[\"http:\\\/\\\/www.isletasnoticias.com.ar\"],\"url\":\"https:\\\/\\\/informelitoral.com.ar\\\/author\\\/gonzalo\\\/\"}]}<\/script>","yoast_head_json":{"title":"Garrafa social: el gobierno nacional aplic\u00f3 un aumento del 24% - Informe Litoral","robots":{"index":"index","follow":"follow","max-snippet":"max-snippet:-1","max-image-preview":"max-image-preview:large","max-video-preview":"max-video-preview:-1"},"canonical":"https:\/\/informelitoral.com.ar\/garrafa-social-el-gobierno-nacional-aplico-un-aumento-del-24\/","og_locale":"es_ES","og_type":"article","og_title":"Garrafa social: el gobierno nacional aplic\u00f3 un aumento del 24% - Informe Litoral","og_description":"El Gobierno aument\u00f3 24% el precio de la garrafa social, que subir\u00e1 a $267 desde este viernes, y fij\u00f3 un subsidio de $152 para beneficiarios de planes sociales.","og_url":"https:\/\/informelitoral.com.ar\/garrafa-social-el-gobierno-nacional-aplico-un-aumento-del-24\/","og_site_name":"Informe Litoral","article_publisher":"https:\/\/www.facebook.com\/informelitoral\/","article_published_time":"2019-06-28T12:00:13+00:00","og_image":[{"width":710,"height":398,"url":"https:\/\/informelitoral.com.ar\/%77%70%2d%63%6f%6e%74%65%6e%74\/uploads\/2018\/04\/gas-en-garrafas.jpg","type":"image\/jpeg"}],"author":"Gonzalo Schmidt","twitter_card":"summary_large_image","twitter_creator":"@InformeLitoral","twitter_site":"@InformeLitoral","twitter_misc":{"Escrito por":"Gonzalo Schmidt","Tiempo de lectura":"2 minutos"},"schema":{"@context":"https:\/\/schema.org","@graph":[{"@type":"Article","@id":"https:\/\/informelitoral.com.ar\/garrafa-social-el-gobierno-nacional-aplico-un-aumento-del-24\/#article","isPartOf":{"@id":"https:\/\/informelitoral.com.ar\/garrafa-social-el-gobierno-nacional-aplico-un-aumento-del-24\/"},"author":{"name":"Gonzalo Schmidt","@id":"https:\/\/informelitoral.com.ar\/#\/schema\/person\/b9d00407c836482871ef1d57bf8e3180"},"headline":"Garrafa social: el gobierno nacional aplic\u00f3 un aumento del 24%","datePublished":"2019-06-28T12:00:13+00:00","mainEntityOfPage":{"@id":"https:\/\/informelitoral.com.ar\/garrafa-social-el-gobierno-nacional-aplico-un-aumento-del-24\/"},"wordCount":391,"commentCount":0,"publisher":{"@id":"https:\/\/informelitoral.com.ar\/#organization"},"image":{"@id":"https:\/\/informelitoral.com.ar\/garrafa-social-el-gobierno-nacional-aplico-un-aumento-del-24\/#primaryimage"},"thumbnailUrl":"https:\/\/informelitoral.com.ar\/%77%70%2d%63%6f%6e%74%65%6e%74\/uploads\/2018\/04\/gas-en-garrafas.jpg","keywords":["Aumento","Gas","Gobierno nacional"],"articleSection":["Nacionales"],"inLanguage":"es","potentialAction":[{"@type":"CommentAction","name":"Comment","target":["https:\/\/informelitoral.com.ar\/garrafa-social-el-gobierno-nacional-aplico-un-aumento-del-24\/#respond"]}]},{"@type":"WebPage","@id":"https:\/\/informelitoral.com.ar\/garrafa-social-el-gobierno-nacional-aplico-un-aumento-del-24\/","url":"https:\/\/informelitoral.com.ar\/garrafa-social-el-gobierno-nacional-aplico-un-aumento-del-24\/","name":"Garrafa social: el gobierno nacional aplic\u00f3 un aumento del 24% - Informe Litoral","isPartOf":{"@id":"https:\/\/informelitoral.com.ar\/#website"},"primaryImageOfPage":{"@id":"https:\/\/informelitoral.com.ar\/garrafa-social-el-gobierno-nacional-aplico-un-aumento-del-24\/#primaryimage"},"image":{"@id":"https:\/\/informelitoral.com.ar\/garrafa-social-el-gobierno-nacional-aplico-un-aumento-del-24\/#primaryimage"},"thumbnailUrl":"https:\/\/informelitoral.com.ar\/%77%70%2d%63%6f%6e%74%65%6e%74\/uploads\/2018\/04\/gas-en-garrafas.jpg","datePublished":"2019-06-28T12:00:13+00:00","breadcrumb":{"@id":"https:\/\/informelitoral.com.ar\/garrafa-social-el-gobierno-nacional-aplico-un-aumento-del-24\/#breadcrumb"},"inLanguage":"es","potentialAction":[{"@type":"ReadAction","target":["https:\/\/informelitoral.com.ar\/garrafa-social-el-gobierno-nacional-aplico-un-aumento-del-24\/"]}]},{"@type":"ImageObject","inLanguage":"es","@id":"https:\/\/informelitoral.com.ar\/garrafa-social-el-gobierno-nacional-aplico-un-aumento-del-24\/#primaryimage","url":"https:\/\/informelitoral.com.ar\/%77%70%2d%63%6f%6e%74%65%6e%74\/uploads\/2018\/04\/gas-en-garrafas.jpg","contentUrl":"https:\/\/informelitoral.com.ar\/%77%70%2d%63%6f%6e%74%65%6e%74\/uploads\/2018\/04\/gas-en-garrafas.jpg","width":710,"height":398},{"@type":"BreadcrumbList","@id":"https:\/\/informelitoral.com.ar\/garrafa-social-el-gobierno-nacional-aplico-un-aumento-del-24\/#breadcrumb","itemListElement":[{"@type":"ListItem","position":1,"name":"Portada","item":"https:\/\/informelitoral.com.ar\/"},{"@type":"ListItem","position":2,"name":"Garrafa social: el gobierno nacional aplic\u00f3 un aumento del 24%"}]},{"@type":"WebSite","@id":"https:\/\/informelitoral.com.ar\/#website","url":"https:\/\/informelitoral.com.ar\/","name":"Informe Litoral","description":"&quot;Nos informamos&quot; ","publisher":{"@id":"https:\/\/informelitoral.com.ar\/#organization"},"potentialAction":[{"@type":"SearchAction","target":{"@type":"EntryPoint","urlTemplate":"https:\/\/informelitoral.com.ar\/?s={search_term_string}"},"query-input":{"@type":"PropertyValueSpecification","valueRequired":true,"valueName":"search_term_string"}}],"inLanguage":"es"},{"@type":"Organization","@id":"https:\/\/informelitoral.com.ar\/#organization","name":"Informe Litoral","url":"https:\/\/informelitoral.com.ar\/","logo":{"@type":"ImageObject","inLanguage":"es","@id":"https:\/\/informelitoral.com.ar\/#\/schema\/logo\/image\/","url":"https:\/\/informelitoral.com.ar\/%77%70%2d%63%6f%6e%74%65%6e%74\/uploads\/2021\/01\/circulo.png","contentUrl":"https:\/\/informelitoral.com.ar\/%77%70%2d%63%6f%6e%74%65%6e%74\/uploads\/2021\/01\/circulo.png","width":723,"height":731,"caption":"Informe Litoral"},"image":{"@id":"https:\/\/informelitoral.com.ar\/#\/schema\/logo\/image\/"},"sameAs":["https:\/\/www.facebook.com\/informelitoral\/","https:\/\/x.com\/InformeLitoral","https:\/\/www.instagram.com\/informelitoral\/","https:\/\/www.youtube.com\/channel\/UCua4Qvz8Icb6MYqhoq9xLXw"]},{"@type":"Person","@id":"https:\/\/informelitoral.com.ar\/#\/schema\/person\/b9d00407c836482871ef1d57bf8e3180","name":"Gonzalo Schmidt","image":{"@type":"ImageObject","inLanguage":"es","@id":"https:\/\/secure.gravatar.com\/avatar\/31a1a7b66ff2de83bd0e9fd79d026630d2d99e55e8bfe501287647b4fd9743de?s=96&d=mm&r=g","url":"https:\/\/secure.gravatar.com\/avatar\/31a1a7b66ff2de83bd0e9fd79d026630d2d99e55e8bfe501287647b4fd9743de?s=96&d=mm&r=g","contentUrl":"https:\/\/secure.gravatar.com\/avatar\/31a1a7b66ff2de83bd0e9fd79d026630d2d99e55e8bfe501287647b4fd9743de?s=96&d=mm&r=g","caption":"Gonzalo Schmidt"},"description":"Sitio web de noticias de la provincia de Entre R\u00edos, Argentina. Informaci\u00f3n y entretenimiento. Informe Litoral, nos informamos.","sameAs":["http:\/\/www.isletasnoticias.com.ar"],"url":"https:\/\/informelitoral.com.ar\/author\/gonzalo\/"}]}},"_links":{"self":[{"href":"https:\/\/informelitoral.com.ar\/%77%70%2d%6a%73%6f%6e\/wp\/v2\/posts\/34576","targetHints":{"allow":["GET"]}}],"collection":[{"href":"https:\/\/informelitoral.com.ar\/%77%70%2d%6a%73%6f%6e\/wp\/v2\/posts"}],"about":[{"href":"https:\/\/informelitoral.com.ar\/%77%70%2d%6a%73%6f%6e\/wp\/v2\/types\/post"}],"author":[{"embeddable":true,"href":"https:\/\/informelitoral.com.ar\/%77%70%2d%6a%73%6f%6e\/wp\/v2\/users\/2"}],"replies":[{"embeddable":true,"href":"https:\/\/informelitoral.com.ar\/%77%70%2d%6a%73%6f%6e\/wp\/v2\/comments?post=34576"}],"version-history":[{"count":0,"href":"https:\/\/informelitoral.com.ar\/%77%70%2d%6a%73%6f%6e\/wp\/v2\/posts\/34576\/revisions"}],"wp:featuredmedia":[{"embeddable":true,"href":"https:\/\/informelitoral.com.ar\/%77%70%2d%6a%73%6f%6e\/wp\/v2\/media\/25929"}],"wp:attachment":[{"href":"https:\/\/informelitoral.com.ar\/%77%70%2d%6a%73%6f%6e\/wp\/v2\/media?parent=34576"}],"wp:term":[{"taxonomy":"category","embeddable":true,"href":"https:\/\/informelitoral.com.ar\/%77%70%2d%6a%73%6f%6e\/wp\/v2\/categories?post=34576"},{"taxonomy":"post_tag","embeddable":true,"href":"https:\/\/informelitoral.com.ar\/%77%70%2d%6a%73%6f%6e\/wp\/v2\/tags?post=34576"}],"curies":[{"name":"wp","href":"https:\/\/api.w.org\/{rel}","templated":true}]}}