{"id":3416,"date":"2013-09-27T14:25:54","date_gmt":"2013-09-27T17:25:54","guid":{"rendered":"http:\/\/www.isletasnoticias.com.ar\/?p=3416"},"modified":"2013-09-27T14:31:11","modified_gmt":"2013-09-27T17:31:11","slug":"mujica-dejara-a-upm-producir-mas-a-cambio-de-mejoras-ambientales","status":"publish","type":"post","link":"https:\/\/informelitoral.com.ar\/mujica-dejara-a-upm-producir-mas-a-cambio-de-mejoras-ambientales\/","title":{"rendered":"Mujica dejar\u00e1 a UPM producir m\u00e1s a cambio de mejoras ambientales"},"content":{"rendered":"<p><strong>\u201cTe doy para que t\u00fa me des pero si t\u00fa no me das no te doy\u201d. Con esas palabras Mujica redonde\u00f3 la decisi\u00f3n que ha tomado sobre el pedido de aumento de producci\u00f3n de UPM.<\/strong><\/p>\n<p><img loading=\"lazy\" decoding=\"async\" class=\"size-medium wp-image-2949 aligncenter\" alt=\"botnia 2\" src=\"http:\/\/www.isletasnoticias.com.ar\/%77%70%2d%63%6f%6e%74%65%6e%74\/uploads\/2013\/08\/botnia-2-300x168.jpg\" width=\"300\" height=\"168\" srcset=\"https:\/\/informelitoral.com.ar\/%77%70%2d%63%6f%6e%74%65%6e%74\/uploads\/2013\/08\/botnia-2-300x168.jpg 300w, https:\/\/informelitoral.com.ar\/%77%70%2d%63%6f%6e%74%65%6e%74\/uploads\/2013\/08\/botnia-2.jpg 602w\" sizes=\"auto, (max-width: 300px) 100vw, 300px\" \/><\/p>\n<p>En entrevista con la cadena internacional de noticias<em> Bloomberg <\/em>y que reproduce<em> El Observador,<\/em>\u00a0el presidente uruguayo <strong>Jos\u00e9 &#8216;Pepe&#8217; Mujica<\/strong>, dijo que no revelar\u00eda cu\u00e1l es su decisi\u00f3n hasta hablar con la presidente<strong> Cristina Fern\u00e1ndez.<\/strong> Pero de todas formas se\u00f1al\u00f3 que su decisi\u00f3n est\u00e1 \u201cubicada en la media l\u00ednea con un tipo de exigencia para mejora ambiental de la propia compa\u00f1\u00eda y esperando que esas obras de mejoras se vayan haciendo\u201d.<\/p>\n<p style=\"text-align: left;\">\u201cTiene que ver con una mejora en la refrigeraci\u00f3n del agua que se vierte en el r\u00edo y una baja en el tenor de f\u00f3sforo que contiene el agua. Es todo un paquete, la decisi\u00f3n no es simple, te doy para que t\u00fa me des pero si t\u00fa no me das no te doy\u201d, dijo el presidente.<\/p>\n","protected":false},"excerpt":{"rendered":"<p>&ldquo;Te doy para que t&uacute; me des pero si t&uacute; no me das no te doy&rdquo;. Con esas palabras Mujica redonde&oacute; la decisi&oacute;n que ha tomado sobre el pedido de aumento de producci&oacute;n de UPM. En entrevista con la cadena internacional de noticias Bloomberg y que reproduce El Observador,&nbsp;el presidente uruguayo Jos&eacute; &lsquo;Pepe&rsquo; Mujica, dijo [&hellip;]<\/p>\n","protected":false},"author":2,"featured_media":0,"comment_status":"open","ping_status":"open","sticky":false,"template":"","format":"standard","meta":{"fifu_image_url":"","fifu_image_alt":"","footnotes":""},"categories":[6,8],"tags":[],"class_list":{"0":"post-3416","1":"post","2":"type-post","3":"status-publish","4":"format-standard","6":"category-entre-rios","7":"category-internacionales"},"yoast_head":"<title>Mujica dejar\u00e1 a UPM producir m\u00e1s a cambio de mejoras ambientales - Informe Litoral<\/title>\n<meta name=\"robots\" content=\"index, follow, max-snippet:-1, max-image-preview:large, max-video-preview:-1\" \/>\n<link rel=\"canonical\" href=\"https:\/\/informelitoral.com.ar\/mujica-dejara-a-upm-producir-mas-a-cambio-de-mejoras-ambientales\/\" \/>\n<meta property=\"og:locale\" content=\"es_ES\" \/>\n<meta property=\"og:type\" content=\"article\" \/>\n<meta property=\"og:title\" content=\"Mujica dejar\u00e1 a UPM producir m\u00e1s a cambio de mejoras ambientales - Informe Litoral\" \/>\n<meta property=\"og:description\" content=\"&ldquo;Te doy para que t&uacute; me des pero si t&uacute; no me das no te doy&rdquo;. Con esas palabras Mujica redonde&oacute; la decisi&oacute;n que ha tomado sobre el pedido de aumento de producci&oacute;n de UPM. En entrevista con la cadena internacional de noticias Bloomberg y que reproduce El Observador,&nbsp;el presidente uruguayo Jos&eacute; &lsquo;Pepe&rsquo; Mujica, dijo [&hellip;]\" \/>\n<meta property=\"og:url\" content=\"https:\/\/informelitoral.com.ar\/mujica-dejara-a-upm-producir-mas-a-cambio-de-mejoras-ambientales\/\" \/>\n<meta property=\"og:site_name\" content=\"Informe Litoral\" \/>\n<meta property=\"article:publisher\" content=\"https:\/\/www.facebook.com\/informelitoral\/\" \/>\n<meta property=\"article:published_time\" content=\"2013-09-27T17:25:54+00:00\" \/>\n<meta property=\"article:modified_time\" content=\"2013-09-27T17:31:11+00:00\" \/>\n<meta property=\"og:image\" content=\"https:\/\/informelitoral.com.ar\/%77%70%2d%63%6f%6e%74%65%6e%74\/uploads\/2013\/08\/botnia-2.jpg\" \/>\n\t<meta property=\"og:image:width\" content=\"602\" \/>\n\t<meta property=\"og:image:height\" content=\"338\" \/>\n\t<meta property=\"og:image:type\" content=\"image\/jpeg\" \/>\n<meta name=\"author\" content=\"Gonzalo Schmidt\" \/>\n<meta name=\"twitter:card\" content=\"summary_large_image\" \/>\n<meta name=\"twitter:creator\" content=\"@InformeLitoral\" \/>\n<meta name=\"twitter:site\" content=\"@InformeLitoral\" \/>\n<meta name=\"twitter:label1\" content=\"Escrito por\" \/>\n\t<meta name=\"twitter:data1\" content=\"Gonzalo Schmidt\" \/>\n\t<meta name=\"twitter:label2\" content=\"Tiempo de lectura\" \/>\n\t<meta name=\"twitter:data2\" content=\"1 minuto\" \/>\n<script type=\"application\/ld+json\" class=\"yoast-schema-graph\">{\"@context\":\"https:\\\/\\\/schema.org\",\"@graph\":[{\"@type\":\"Article\",\"@id\":\"https:\\\/\\\/informelitoral.com.ar\\\/mujica-dejara-a-upm-producir-mas-a-cambio-de-mejoras-ambientales\\\/#article\",\"isPartOf\":{\"@id\":\"https:\\\/\\\/informelitoral.com.ar\\\/mujica-dejara-a-upm-producir-mas-a-cambio-de-mejoras-ambientales\\\/\"},\"author\":{\"name\":\"Gonzalo Schmidt\",\"@id\":\"https:\\\/\\\/informelitoral.com.ar\\\/#\\\/schema\\\/person\\\/b9d00407c836482871ef1d57bf8e3180\"},\"headline\":\"Mujica dejar\u00e1 a UPM producir m\u00e1s a cambio de mejoras ambientales\",\"datePublished\":\"2013-09-27T17:25:54+00:00\",\"dateModified\":\"2013-09-27T17:31:11+00:00\",\"mainEntityOfPage\":{\"@id\":\"https:\\\/\\\/informelitoral.com.ar\\\/mujica-dejara-a-upm-producir-mas-a-cambio-de-mejoras-ambientales\\\/\"},\"wordCount\":189,\"commentCount\":0,\"publisher\":{\"@id\":\"https:\\\/\\\/informelitoral.com.ar\\\/#organization\"},\"image\":{\"@id\":\"https:\\\/\\\/informelitoral.com.ar\\\/mujica-dejara-a-upm-producir-mas-a-cambio-de-mejoras-ambientales\\\/#primaryimage\"},\"thumbnailUrl\":\"http:\\\/\\\/www.isletasnoticias.com.ar\\\/%77%70%2d%63%6f%6e%74%65%6e%74\\\/uploads\\\/2013\\\/08\\\/botnia-2-300x168.jpg\",\"articleSection\":[\"Entre R\u00edos\",\"Internacionales\"],\"inLanguage\":\"es\",\"potentialAction\":[{\"@type\":\"CommentAction\",\"name\":\"Comment\",\"target\":[\"https:\\\/\\\/informelitoral.com.ar\\\/mujica-dejara-a-upm-producir-mas-a-cambio-de-mejoras-ambientales\\\/#respond\"]}]},{\"@type\":\"WebPage\",\"@id\":\"https:\\\/\\\/informelitoral.com.ar\\\/mujica-dejara-a-upm-producir-mas-a-cambio-de-mejoras-ambientales\\\/\",\"url\":\"https:\\\/\\\/informelitoral.com.ar\\\/mujica-dejara-a-upm-producir-mas-a-cambio-de-mejoras-ambientales\\\/\",\"name\":\"Mujica dejar\u00e1 a UPM producir m\u00e1s a cambio de mejoras ambientales - Informe Litoral\",\"isPartOf\":{\"@id\":\"https:\\\/\\\/informelitoral.com.ar\\\/#website\"},\"primaryImageOfPage\":{\"@id\":\"https:\\\/\\\/informelitoral.com.ar\\\/mujica-dejara-a-upm-producir-mas-a-cambio-de-mejoras-ambientales\\\/#primaryimage\"},\"image\":{\"@id\":\"https:\\\/\\\/informelitoral.com.ar\\\/mujica-dejara-a-upm-producir-mas-a-cambio-de-mejoras-ambientales\\\/#primaryimage\"},\"thumbnailUrl\":\"http:\\\/\\\/www.isletasnoticias.com.ar\\\/%77%70%2d%63%6f%6e%74%65%6e%74\\\/uploads\\\/2013\\\/08\\\/botnia-2-300x168.jpg\",\"datePublished\":\"2013-09-27T17:25:54+00:00\",\"dateModified\":\"2013-09-27T17:31:11+00:00\",\"breadcrumb\":{\"@id\":\"https:\\\/\\\/informelitoral.com.ar\\\/mujica-dejara-a-upm-producir-mas-a-cambio-de-mejoras-ambientales\\\/#breadcrumb\"},\"inLanguage\":\"es\",\"potentialAction\":[{\"@type\":\"ReadAction\",\"target\":[\"https:\\\/\\\/informelitoral.com.ar\\\/mujica-dejara-a-upm-producir-mas-a-cambio-de-mejoras-ambientales\\\/\"]}]},{\"@type\":\"ImageObject\",\"inLanguage\":\"es\",\"@id\":\"https:\\\/\\\/informelitoral.com.ar\\\/mujica-dejara-a-upm-producir-mas-a-cambio-de-mejoras-ambientales\\\/#primaryimage\",\"url\":\"http:\\\/\\\/www.isletasnoticias.com.ar\\\/%77%70%2d%63%6f%6e%74%65%6e%74\\\/uploads\\\/2013\\\/08\\\/botnia-2-300x168.jpg\",\"contentUrl\":\"http:\\\/\\\/www.isletasnoticias.com.ar\\\/%77%70%2d%63%6f%6e%74%65%6e%74\\\/uploads\\\/2013\\\/08\\\/botnia-2-300x168.jpg\"},{\"@type\":\"BreadcrumbList\",\"@id\":\"https:\\\/\\\/informelitoral.com.ar\\\/mujica-dejara-a-upm-producir-mas-a-cambio-de-mejoras-ambientales\\\/#breadcrumb\",\"itemListElement\":[{\"@type\":\"ListItem\",\"position\":1,\"name\":\"Portada\",\"item\":\"https:\\\/\\\/informelitoral.com.ar\\\/\"},{\"@type\":\"ListItem\",\"position\":2,\"name\":\"Mujica dejar\u00e1 a UPM producir m\u00e1s a cambio de mejoras ambientales\"}]},{\"@type\":\"WebSite\",\"@id\":\"https:\\\/\\\/informelitoral.com.ar\\\/#website\",\"url\":\"https:\\\/\\\/informelitoral.com.ar\\\/\",\"name\":\"Informe Litoral\",\"description\":\"&quot;Nos informamos&quot; \",\"publisher\":{\"@id\":\"https:\\\/\\\/informelitoral.com.ar\\\/#organization\"},\"potentialAction\":[{\"@type\":\"SearchAction\",\"target\":{\"@type\":\"EntryPoint\",\"urlTemplate\":\"https:\\\/\\\/informelitoral.com.ar\\\/?s={search_term_string}\"},\"query-input\":{\"@type\":\"PropertyValueSpecification\",\"valueRequired\":true,\"valueName\":\"search_term_string\"}}],\"inLanguage\":\"es\"},{\"@type\":\"Organization\",\"@id\":\"https:\\\/\\\/informelitoral.com.ar\\\/#organization\",\"name\":\"Informe Litoral\",\"url\":\"https:\\\/\\\/informelitoral.com.ar\\\/\",\"logo\":{\"@type\":\"ImageObject\",\"inLanguage\":\"es\",\"@id\":\"https:\\\/\\\/informelitoral.com.ar\\\/#\\\/schema\\\/logo\\\/image\\\/\",\"url\":\"https:\\\/\\\/informelitoral.com.ar\\\/%77%70%2d%63%6f%6e%74%65%6e%74\\\/uploads\\\/2021\\\/01\\\/circulo.png\",\"contentUrl\":\"https:\\\/\\\/informelitoral.com.ar\\\/%77%70%2d%63%6f%6e%74%65%6e%74\\\/uploads\\\/2021\\\/01\\\/circulo.png\",\"width\":723,\"height\":731,\"caption\":\"Informe Litoral\"},\"image\":{\"@id\":\"https:\\\/\\\/informelitoral.com.ar\\\/#\\\/schema\\\/logo\\\/image\\\/\"},\"sameAs\":[\"https:\\\/\\\/www.facebook.com\\\/informelitoral\\\/\",\"https:\\\/\\\/x.com\\\/InformeLitoral\",\"https:\\\/\\\/www.instagram.com\\\/informelitoral\\\/\",\"https:\\\/\\\/www.youtube.com\\\/channel\\\/UCua4Qvz8Icb6MYqhoq9xLXw\"]},{\"@type\":\"Person\",\"@id\":\"https:\\\/\\\/informelitoral.com.ar\\\/#\\\/schema\\\/person\\\/b9d00407c836482871ef1d57bf8e3180\",\"name\":\"Gonzalo Schmidt\",\"image\":{\"@type\":\"ImageObject\",\"inLanguage\":\"es\",\"@id\":\"https:\\\/\\\/secure.gravatar.com\\\/avatar\\\/31a1a7b66ff2de83bd0e9fd79d026630d2d99e55e8bfe501287647b4fd9743de?s=96&d=mm&r=g\",\"url\":\"https:\\\/\\\/secure.gravatar.com\\\/avatar\\\/31a1a7b66ff2de83bd0e9fd79d026630d2d99e55e8bfe501287647b4fd9743de?s=96&d=mm&r=g\",\"contentUrl\":\"https:\\\/\\\/secure.gravatar.com\\\/avatar\\\/31a1a7b66ff2de83bd0e9fd79d026630d2d99e55e8bfe501287647b4fd9743de?s=96&d=mm&r=g\",\"caption\":\"Gonzalo Schmidt\"},\"description\":\"Sitio web de noticias de la provincia de Entre R\u00edos, Argentina. Informaci\u00f3n y entretenimiento. Informe Litoral, nos informamos.\",\"sameAs\":[\"http:\\\/\\\/www.isletasnoticias.com.ar\"],\"url\":\"https:\\\/\\\/informelitoral.com.ar\\\/author\\\/gonzalo\\\/\"}]}<\/script>","yoast_head_json":{"title":"Mujica dejar\u00e1 a UPM producir m\u00e1s a cambio de mejoras ambientales - Informe Litoral","robots":{"index":"index","follow":"follow","max-snippet":"max-snippet:-1","max-image-preview":"max-image-preview:large","max-video-preview":"max-video-preview:-1"},"canonical":"https:\/\/informelitoral.com.ar\/mujica-dejara-a-upm-producir-mas-a-cambio-de-mejoras-ambientales\/","og_locale":"es_ES","og_type":"article","og_title":"Mujica dejar\u00e1 a UPM producir m\u00e1s a cambio de mejoras ambientales - Informe Litoral","og_description":"&ldquo;Te doy para que t&uacute; me des pero si t&uacute; no me das no te doy&rdquo;. Con esas palabras Mujica redonde&oacute; la decisi&oacute;n que ha tomado sobre el pedido de aumento de producci&oacute;n de UPM. En entrevista con la cadena internacional de noticias Bloomberg y que reproduce El Observador,&nbsp;el presidente uruguayo Jos&eacute; &lsquo;Pepe&rsquo; Mujica, dijo [&hellip;]","og_url":"https:\/\/informelitoral.com.ar\/mujica-dejara-a-upm-producir-mas-a-cambio-de-mejoras-ambientales\/","og_site_name":"Informe Litoral","article_publisher":"https:\/\/www.facebook.com\/informelitoral\/","article_published_time":"2013-09-27T17:25:54+00:00","article_modified_time":"2013-09-27T17:31:11+00:00","og_image":[{"width":602,"height":338,"url":"https:\/\/informelitoral.com.ar\/%77%70%2d%63%6f%6e%74%65%6e%74\/uploads\/2013\/08\/botnia-2.jpg","type":"image\/jpeg"}],"author":"Gonzalo Schmidt","twitter_card":"summary_large_image","twitter_creator":"@InformeLitoral","twitter_site":"@InformeLitoral","twitter_misc":{"Escrito por":"Gonzalo Schmidt","Tiempo de lectura":"1 minuto"},"schema":{"@context":"https:\/\/schema.org","@graph":[{"@type":"Article","@id":"https:\/\/informelitoral.com.ar\/mujica-dejara-a-upm-producir-mas-a-cambio-de-mejoras-ambientales\/#article","isPartOf":{"@id":"https:\/\/informelitoral.com.ar\/mujica-dejara-a-upm-producir-mas-a-cambio-de-mejoras-ambientales\/"},"author":{"name":"Gonzalo Schmidt","@id":"https:\/\/informelitoral.com.ar\/#\/schema\/person\/b9d00407c836482871ef1d57bf8e3180"},"headline":"Mujica dejar\u00e1 a UPM producir m\u00e1s a cambio de mejoras ambientales","datePublished":"2013-09-27T17:25:54+00:00","dateModified":"2013-09-27T17:31:11+00:00","mainEntityOfPage":{"@id":"https:\/\/informelitoral.com.ar\/mujica-dejara-a-upm-producir-mas-a-cambio-de-mejoras-ambientales\/"},"wordCount":189,"commentCount":0,"publisher":{"@id":"https:\/\/informelitoral.com.ar\/#organization"},"image":{"@id":"https:\/\/informelitoral.com.ar\/mujica-dejara-a-upm-producir-mas-a-cambio-de-mejoras-ambientales\/#primaryimage"},"thumbnailUrl":"http:\/\/www.isletasnoticias.com.ar\/%77%70%2d%63%6f%6e%74%65%6e%74\/uploads\/2013\/08\/botnia-2-300x168.jpg","articleSection":["Entre R\u00edos","Internacionales"],"inLanguage":"es","potentialAction":[{"@type":"CommentAction","name":"Comment","target":["https:\/\/informelitoral.com.ar\/mujica-dejara-a-upm-producir-mas-a-cambio-de-mejoras-ambientales\/#respond"]}]},{"@type":"WebPage","@id":"https:\/\/informelitoral.com.ar\/mujica-dejara-a-upm-producir-mas-a-cambio-de-mejoras-ambientales\/","url":"https:\/\/informelitoral.com.ar\/mujica-dejara-a-upm-producir-mas-a-cambio-de-mejoras-ambientales\/","name":"Mujica dejar\u00e1 a UPM producir m\u00e1s a cambio de mejoras ambientales - Informe Litoral","isPartOf":{"@id":"https:\/\/informelitoral.com.ar\/#website"},"primaryImageOfPage":{"@id":"https:\/\/informelitoral.com.ar\/mujica-dejara-a-upm-producir-mas-a-cambio-de-mejoras-ambientales\/#primaryimage"},"image":{"@id":"https:\/\/informelitoral.com.ar\/mujica-dejara-a-upm-producir-mas-a-cambio-de-mejoras-ambientales\/#primaryimage"},"thumbnailUrl":"http:\/\/www.isletasnoticias.com.ar\/%77%70%2d%63%6f%6e%74%65%6e%74\/uploads\/2013\/08\/botnia-2-300x168.jpg","datePublished":"2013-09-27T17:25:54+00:00","dateModified":"2013-09-27T17:31:11+00:00","breadcrumb":{"@id":"https:\/\/informelitoral.com.ar\/mujica-dejara-a-upm-producir-mas-a-cambio-de-mejoras-ambientales\/#breadcrumb"},"inLanguage":"es","potentialAction":[{"@type":"ReadAction","target":["https:\/\/informelitoral.com.ar\/mujica-dejara-a-upm-producir-mas-a-cambio-de-mejoras-ambientales\/"]}]},{"@type":"ImageObject","inLanguage":"es","@id":"https:\/\/informelitoral.com.ar\/mujica-dejara-a-upm-producir-mas-a-cambio-de-mejoras-ambientales\/#primaryimage","url":"http:\/\/www.isletasnoticias.com.ar\/%77%70%2d%63%6f%6e%74%65%6e%74\/uploads\/2013\/08\/botnia-2-300x168.jpg","contentUrl":"http:\/\/www.isletasnoticias.com.ar\/%77%70%2d%63%6f%6e%74%65%6e%74\/uploads\/2013\/08\/botnia-2-300x168.jpg"},{"@type":"BreadcrumbList","@id":"https:\/\/informelitoral.com.ar\/mujica-dejara-a-upm-producir-mas-a-cambio-de-mejoras-ambientales\/#breadcrumb","itemListElement":[{"@type":"ListItem","position":1,"name":"Portada","item":"https:\/\/informelitoral.com.ar\/"},{"@type":"ListItem","position":2,"name":"Mujica dejar\u00e1 a UPM producir m\u00e1s a cambio de mejoras ambientales"}]},{"@type":"WebSite","@id":"https:\/\/informelitoral.com.ar\/#website","url":"https:\/\/informelitoral.com.ar\/","name":"Informe Litoral","description":"&quot;Nos informamos&quot; ","publisher":{"@id":"https:\/\/informelitoral.com.ar\/#organization"},"potentialAction":[{"@type":"SearchAction","target":{"@type":"EntryPoint","urlTemplate":"https:\/\/informelitoral.com.ar\/?s={search_term_string}"},"query-input":{"@type":"PropertyValueSpecification","valueRequired":true,"valueName":"search_term_string"}}],"inLanguage":"es"},{"@type":"Organization","@id":"https:\/\/informelitoral.com.ar\/#organization","name":"Informe Litoral","url":"https:\/\/informelitoral.com.ar\/","logo":{"@type":"ImageObject","inLanguage":"es","@id":"https:\/\/informelitoral.com.ar\/#\/schema\/logo\/image\/","url":"https:\/\/informelitoral.com.ar\/%77%70%2d%63%6f%6e%74%65%6e%74\/uploads\/2021\/01\/circulo.png","contentUrl":"https:\/\/informelitoral.com.ar\/%77%70%2d%63%6f%6e%74%65%6e%74\/uploads\/2021\/01\/circulo.png","width":723,"height":731,"caption":"Informe Litoral"},"image":{"@id":"https:\/\/informelitoral.com.ar\/#\/schema\/logo\/image\/"},"sameAs":["https:\/\/www.facebook.com\/informelitoral\/","https:\/\/x.com\/InformeLitoral","https:\/\/www.instagram.com\/informelitoral\/","https:\/\/www.youtube.com\/channel\/UCua4Qvz8Icb6MYqhoq9xLXw"]},{"@type":"Person","@id":"https:\/\/informelitoral.com.ar\/#\/schema\/person\/b9d00407c836482871ef1d57bf8e3180","name":"Gonzalo Schmidt","image":{"@type":"ImageObject","inLanguage":"es","@id":"https:\/\/secure.gravatar.com\/avatar\/31a1a7b66ff2de83bd0e9fd79d026630d2d99e55e8bfe501287647b4fd9743de?s=96&d=mm&r=g","url":"https:\/\/secure.gravatar.com\/avatar\/31a1a7b66ff2de83bd0e9fd79d026630d2d99e55e8bfe501287647b4fd9743de?s=96&d=mm&r=g","contentUrl":"https:\/\/secure.gravatar.com\/avatar\/31a1a7b66ff2de83bd0e9fd79d026630d2d99e55e8bfe501287647b4fd9743de?s=96&d=mm&r=g","caption":"Gonzalo Schmidt"},"description":"Sitio web de noticias de la provincia de Entre R\u00edos, Argentina. Informaci\u00f3n y entretenimiento. Informe Litoral, nos informamos.","sameAs":["http:\/\/www.isletasnoticias.com.ar"],"url":"https:\/\/informelitoral.com.ar\/author\/gonzalo\/"}]}},"_links":{"self":[{"href":"https:\/\/informelitoral.com.ar\/%77%70%2d%6a%73%6f%6e\/wp\/v2\/posts\/3416","targetHints":{"allow":["GET"]}}],"collection":[{"href":"https:\/\/informelitoral.com.ar\/%77%70%2d%6a%73%6f%6e\/wp\/v2\/posts"}],"about":[{"href":"https:\/\/informelitoral.com.ar\/%77%70%2d%6a%73%6f%6e\/wp\/v2\/types\/post"}],"author":[{"embeddable":true,"href":"https:\/\/informelitoral.com.ar\/%77%70%2d%6a%73%6f%6e\/wp\/v2\/users\/2"}],"replies":[{"embeddable":true,"href":"https:\/\/informelitoral.com.ar\/%77%70%2d%6a%73%6f%6e\/wp\/v2\/comments?post=3416"}],"version-history":[{"count":0,"href":"https:\/\/informelitoral.com.ar\/%77%70%2d%6a%73%6f%6e\/wp\/v2\/posts\/3416\/revisions"}],"wp:attachment":[{"href":"https:\/\/informelitoral.com.ar\/%77%70%2d%6a%73%6f%6e\/wp\/v2\/media?parent=3416"}],"wp:term":[{"taxonomy":"category","embeddable":true,"href":"https:\/\/informelitoral.com.ar\/%77%70%2d%6a%73%6f%6e\/wp\/v2\/categories?post=3416"},{"taxonomy":"post_tag","embeddable":true,"href":"https:\/\/informelitoral.com.ar\/%77%70%2d%6a%73%6f%6e\/wp\/v2\/tags?post=3416"}],"curies":[{"name":"wp","href":"https:\/\/api.w.org\/{rel}","templated":true}]}}