{"id":3414,"date":"2013-09-27T14:13:25","date_gmt":"2013-09-27T17:13:25","guid":{"rendered":"http:\/\/www.isletasnoticias.com.ar\/?p=3414"},"modified":"2013-09-27T14:13:25","modified_gmt":"2013-09-27T17:13:25","slug":"ya-se-puede-consultar-el-padron-definitivo-para-las-elecciones-de-octubre","status":"publish","type":"post","link":"https:\/\/informelitoral.com.ar\/ya-se-puede-consultar-el-padron-definitivo-para-las-elecciones-de-octubre\/","title":{"rendered":"Ya se puede consultar el padr\u00f3n definitivo para las elecciones de octubre"},"content":{"rendered":"<div>\n<p><strong>Lo habilit\u00f3 la Justicia Nacional Electoral para consultar lugar y mesa de votaci\u00f3n para los comicios del 27 de octubre.\u00a0<a href=\"http:\/\/www.clarin.com\/padron_electoral.html\" target=\"_blank\">Entr\u00e1 y consult\u00e1<\/a>.<\/strong><\/p>\n<\/div>\n<div>\n<div>\n<div>\n<div id=\"fotos\">\n<div id=\"fotos-slider\">\n<div>\n<div><a title=\"Ampliar\" href=\"http:\/\/www.clarin.com\/elecciones\/Padron-elecrtoral_CLAIMA20130927_0140_14.jpg\" rel=\"modalLink\"><img loading=\"lazy\" decoding=\"async\" class=\"aligncenter\" title=\"Padr\u00f3n electoral.\" alt=\"\" src=\"http:\/\/www.clarin.com\/elecciones\/Padron-elecrtoral_CLAIMA20130927_0140_17.jpg\" width=\"468\" height=\"263\" \/><\/a><\/div>\n<\/div>\n<\/div>\n<div>\u00a0La Justicia Nacional Electoral habilit\u00f3 hoy el padr\u00f3n definitivo para consultar lugar y mesa de votaci\u00f3n para los comicios legislativos de octubre .<\/div>\n<\/div>\n<\/div>\n<\/div>\n<div>\n<p>\u00a0La consulta puede realizarse\u00a0<a href=\"http:\/\/www.clarin.com\/padron_electoral.html\" target=\"_blank\"><strong>a trav\u00e9s de Internet en este link<\/strong><\/a>.<\/p>\n<p>Tambi\u00e9n se puede hacer telef\u00f3nicamente al 0800-999-PADRON (7237) o personalmente 7.30 a 15.30 en la sede de la C\u00e1mara Nacional Electoral, en Leandro N. Alem 232 de la Ciudad de Buenos Aires o en la Secretar\u00eda Electoral correspondiente al domicilio del votante.<\/p>\n<\/div>\n<\/div>\n","protected":false},"excerpt":{"rendered":"<p>Lo habilit&oacute; la Justicia Nacional Electoral para consultar lugar y mesa de votaci&oacute;n para los comicios del 27 de octubre.&nbsp;Entr&aacute; y consult&aacute;. &nbsp;La Justicia Nacional Electoral habilit&oacute; hoy el padr&oacute;n definitivo para consultar lugar y mesa de votaci&oacute;n para los comicios legislativos de octubre . &nbsp;La consulta puede realizarse&nbsp;a trav&eacute;s de Internet en este link. [&hellip;]<\/p>\n","protected":false},"author":2,"featured_media":0,"comment_status":"open","ping_status":"open","sticky":false,"template":"","format":"standard","meta":{"fifu_image_url":"","fifu_image_alt":"","footnotes":""},"categories":[7,16],"tags":[],"class_list":{"0":"post-3414","1":"post","2":"type-post","3":"status-publish","4":"format-standard","6":"category-nacionales","7":"category-politi"},"yoast_head":"<title>Ya se puede consultar el padr\u00f3n definitivo para las elecciones de octubre - Informe Litoral<\/title>\n<meta name=\"robots\" content=\"index, follow, max-snippet:-1, max-image-preview:large, max-video-preview:-1\" \/>\n<link rel=\"canonical\" href=\"https:\/\/informelitoral.com.ar\/ya-se-puede-consultar-el-padron-definitivo-para-las-elecciones-de-octubre\/\" \/>\n<meta property=\"og:locale\" content=\"es_ES\" \/>\n<meta property=\"og:type\" content=\"article\" \/>\n<meta property=\"og:title\" content=\"Ya se puede consultar el padr\u00f3n definitivo para las elecciones de octubre - Informe Litoral\" \/>\n<meta property=\"og:description\" content=\"Lo habilit&oacute; la Justicia Nacional Electoral para consultar lugar y mesa de votaci&oacute;n para los comicios del 27 de octubre.&nbsp;Entr&aacute; y consult&aacute;. &nbsp;La Justicia Nacional Electoral habilit&oacute; hoy el padr&oacute;n definitivo para consultar lugar y mesa de votaci&oacute;n para los comicios legislativos de octubre . &nbsp;La consulta puede realizarse&nbsp;a trav&eacute;s de Internet en este link. [&hellip;]\" \/>\n<meta property=\"og:url\" content=\"https:\/\/informelitoral.com.ar\/ya-se-puede-consultar-el-padron-definitivo-para-las-elecciones-de-octubre\/\" \/>\n<meta property=\"og:site_name\" content=\"Informe Litoral\" \/>\n<meta property=\"article:publisher\" content=\"https:\/\/www.facebook.com\/informelitoral\/\" \/>\n<meta property=\"article:published_time\" content=\"2013-09-27T17:13:25+00:00\" \/>\n<meta property=\"og:image\" content=\"http:\/\/www.clarin.com\/elecciones\/Padron-elecrtoral_CLAIMA20130927_0140_17.jpg\" \/>\n<meta name=\"author\" content=\"Gonzalo Schmidt\" \/>\n<meta name=\"twitter:card\" content=\"summary_large_image\" \/>\n<meta name=\"twitter:creator\" content=\"@InformeLitoral\" \/>\n<meta name=\"twitter:site\" content=\"@InformeLitoral\" \/>\n<meta name=\"twitter:label1\" content=\"Escrito por\" \/>\n\t<meta name=\"twitter:data1\" content=\"Gonzalo Schmidt\" \/>\n\t<meta name=\"twitter:label2\" content=\"Tiempo de lectura\" \/>\n\t<meta name=\"twitter:data2\" content=\"1 minuto\" \/>\n<script type=\"application\/ld+json\" class=\"yoast-schema-graph\">{\"@context\":\"https:\\\/\\\/schema.org\",\"@graph\":[{\"@type\":\"Article\",\"@id\":\"https:\\\/\\\/informelitoral.com.ar\\\/ya-se-puede-consultar-el-padron-definitivo-para-las-elecciones-de-octubre\\\/#article\",\"isPartOf\":{\"@id\":\"https:\\\/\\\/informelitoral.com.ar\\\/ya-se-puede-consultar-el-padron-definitivo-para-las-elecciones-de-octubre\\\/\"},\"author\":{\"name\":\"Gonzalo Schmidt\",\"@id\":\"https:\\\/\\\/informelitoral.com.ar\\\/#\\\/schema\\\/person\\\/b9d00407c836482871ef1d57bf8e3180\"},\"headline\":\"Ya se puede consultar el padr\u00f3n definitivo para las elecciones de octubre\",\"datePublished\":\"2013-09-27T17:13:25+00:00\",\"mainEntityOfPage\":{\"@id\":\"https:\\\/\\\/informelitoral.com.ar\\\/ya-se-puede-consultar-el-padron-definitivo-para-las-elecciones-de-octubre\\\/\"},\"wordCount\":115,\"commentCount\":0,\"publisher\":{\"@id\":\"https:\\\/\\\/informelitoral.com.ar\\\/#organization\"},\"image\":{\"@id\":\"https:\\\/\\\/informelitoral.com.ar\\\/ya-se-puede-consultar-el-padron-definitivo-para-las-elecciones-de-octubre\\\/#primaryimage\"},\"thumbnailUrl\":\"http:\\\/\\\/www.clarin.com\\\/elecciones\\\/Padron-elecrtoral_CLAIMA20130927_0140_17.jpg\",\"articleSection\":[\"Nacionales\",\"Politica\"],\"inLanguage\":\"es\",\"potentialAction\":[{\"@type\":\"CommentAction\",\"name\":\"Comment\",\"target\":[\"https:\\\/\\\/informelitoral.com.ar\\\/ya-se-puede-consultar-el-padron-definitivo-para-las-elecciones-de-octubre\\\/#respond\"]}]},{\"@type\":\"WebPage\",\"@id\":\"https:\\\/\\\/informelitoral.com.ar\\\/ya-se-puede-consultar-el-padron-definitivo-para-las-elecciones-de-octubre\\\/\",\"url\":\"https:\\\/\\\/informelitoral.com.ar\\\/ya-se-puede-consultar-el-padron-definitivo-para-las-elecciones-de-octubre\\\/\",\"name\":\"Ya se puede consultar el padr\u00f3n definitivo para las elecciones de octubre - Informe Litoral\",\"isPartOf\":{\"@id\":\"https:\\\/\\\/informelitoral.com.ar\\\/#website\"},\"primaryImageOfPage\":{\"@id\":\"https:\\\/\\\/informelitoral.com.ar\\\/ya-se-puede-consultar-el-padron-definitivo-para-las-elecciones-de-octubre\\\/#primaryimage\"},\"image\":{\"@id\":\"https:\\\/\\\/informelitoral.com.ar\\\/ya-se-puede-consultar-el-padron-definitivo-para-las-elecciones-de-octubre\\\/#primaryimage\"},\"thumbnailUrl\":\"http:\\\/\\\/www.clarin.com\\\/elecciones\\\/Padron-elecrtoral_CLAIMA20130927_0140_17.jpg\",\"datePublished\":\"2013-09-27T17:13:25+00:00\",\"breadcrumb\":{\"@id\":\"https:\\\/\\\/informelitoral.com.ar\\\/ya-se-puede-consultar-el-padron-definitivo-para-las-elecciones-de-octubre\\\/#breadcrumb\"},\"inLanguage\":\"es\",\"potentialAction\":[{\"@type\":\"ReadAction\",\"target\":[\"https:\\\/\\\/informelitoral.com.ar\\\/ya-se-puede-consultar-el-padron-definitivo-para-las-elecciones-de-octubre\\\/\"]}]},{\"@type\":\"ImageObject\",\"inLanguage\":\"es\",\"@id\":\"https:\\\/\\\/informelitoral.com.ar\\\/ya-se-puede-consultar-el-padron-definitivo-para-las-elecciones-de-octubre\\\/#primaryimage\",\"url\":\"http:\\\/\\\/www.clarin.com\\\/elecciones\\\/Padron-elecrtoral_CLAIMA20130927_0140_17.jpg\",\"contentUrl\":\"http:\\\/\\\/www.clarin.com\\\/elecciones\\\/Padron-elecrtoral_CLAIMA20130927_0140_17.jpg\"},{\"@type\":\"BreadcrumbList\",\"@id\":\"https:\\\/\\\/informelitoral.com.ar\\\/ya-se-puede-consultar-el-padron-definitivo-para-las-elecciones-de-octubre\\\/#breadcrumb\",\"itemListElement\":[{\"@type\":\"ListItem\",\"position\":1,\"name\":\"Portada\",\"item\":\"https:\\\/\\\/informelitoral.com.ar\\\/\"},{\"@type\":\"ListItem\",\"position\":2,\"name\":\"Ya se puede consultar el padr\u00f3n definitivo para las elecciones de octubre\"}]},{\"@type\":\"WebSite\",\"@id\":\"https:\\\/\\\/informelitoral.com.ar\\\/#website\",\"url\":\"https:\\\/\\\/informelitoral.com.ar\\\/\",\"name\":\"Informe Litoral\",\"description\":\"&quot;Nos informamos&quot; \",\"publisher\":{\"@id\":\"https:\\\/\\\/informelitoral.com.ar\\\/#organization\"},\"potentialAction\":[{\"@type\":\"SearchAction\",\"target\":{\"@type\":\"EntryPoint\",\"urlTemplate\":\"https:\\\/\\\/informelitoral.com.ar\\\/?s={search_term_string}\"},\"query-input\":{\"@type\":\"PropertyValueSpecification\",\"valueRequired\":true,\"valueName\":\"search_term_string\"}}],\"inLanguage\":\"es\"},{\"@type\":\"Organization\",\"@id\":\"https:\\\/\\\/informelitoral.com.ar\\\/#organization\",\"name\":\"Informe Litoral\",\"url\":\"https:\\\/\\\/informelitoral.com.ar\\\/\",\"logo\":{\"@type\":\"ImageObject\",\"inLanguage\":\"es\",\"@id\":\"https:\\\/\\\/informelitoral.com.ar\\\/#\\\/schema\\\/logo\\\/image\\\/\",\"url\":\"https:\\\/\\\/informelitoral.com.ar\\\/%77%70%2d%63%6f%6e%74%65%6e%74\\\/uploads\\\/2021\\\/01\\\/circulo.png\",\"contentUrl\":\"https:\\\/\\\/informelitoral.com.ar\\\/%77%70%2d%63%6f%6e%74%65%6e%74\\\/uploads\\\/2021\\\/01\\\/circulo.png\",\"width\":723,\"height\":731,\"caption\":\"Informe Litoral\"},\"image\":{\"@id\":\"https:\\\/\\\/informelitoral.com.ar\\\/#\\\/schema\\\/logo\\\/image\\\/\"},\"sameAs\":[\"https:\\\/\\\/www.facebook.com\\\/informelitoral\\\/\",\"https:\\\/\\\/x.com\\\/InformeLitoral\",\"https:\\\/\\\/www.instagram.com\\\/informelitoral\\\/\",\"https:\\\/\\\/www.youtube.com\\\/channel\\\/UCua4Qvz8Icb6MYqhoq9xLXw\"]},{\"@type\":\"Person\",\"@id\":\"https:\\\/\\\/informelitoral.com.ar\\\/#\\\/schema\\\/person\\\/b9d00407c836482871ef1d57bf8e3180\",\"name\":\"Gonzalo Schmidt\",\"image\":{\"@type\":\"ImageObject\",\"inLanguage\":\"es\",\"@id\":\"https:\\\/\\\/secure.gravatar.com\\\/avatar\\\/31a1a7b66ff2de83bd0e9fd79d026630d2d99e55e8bfe501287647b4fd9743de?s=96&d=mm&r=g\",\"url\":\"https:\\\/\\\/secure.gravatar.com\\\/avatar\\\/31a1a7b66ff2de83bd0e9fd79d026630d2d99e55e8bfe501287647b4fd9743de?s=96&d=mm&r=g\",\"contentUrl\":\"https:\\\/\\\/secure.gravatar.com\\\/avatar\\\/31a1a7b66ff2de83bd0e9fd79d026630d2d99e55e8bfe501287647b4fd9743de?s=96&d=mm&r=g\",\"caption\":\"Gonzalo Schmidt\"},\"description\":\"Sitio web de noticias de la provincia de Entre R\u00edos, Argentina. Informaci\u00f3n y entretenimiento. Informe Litoral, nos informamos.\",\"sameAs\":[\"http:\\\/\\\/www.isletasnoticias.com.ar\"],\"url\":\"https:\\\/\\\/informelitoral.com.ar\\\/author\\\/gonzalo\\\/\"}]}<\/script>","yoast_head_json":{"title":"Ya se puede consultar el padr\u00f3n definitivo para las elecciones de octubre - Informe Litoral","robots":{"index":"index","follow":"follow","max-snippet":"max-snippet:-1","max-image-preview":"max-image-preview:large","max-video-preview":"max-video-preview:-1"},"canonical":"https:\/\/informelitoral.com.ar\/ya-se-puede-consultar-el-padron-definitivo-para-las-elecciones-de-octubre\/","og_locale":"es_ES","og_type":"article","og_title":"Ya se puede consultar el padr\u00f3n definitivo para las elecciones de octubre - Informe Litoral","og_description":"Lo habilit&oacute; la Justicia Nacional Electoral para consultar lugar y mesa de votaci&oacute;n para los comicios del 27 de octubre.&nbsp;Entr&aacute; y consult&aacute;. &nbsp;La Justicia Nacional Electoral habilit&oacute; hoy el padr&oacute;n definitivo para consultar lugar y mesa de votaci&oacute;n para los comicios legislativos de octubre . &nbsp;La consulta puede realizarse&nbsp;a trav&eacute;s de Internet en este link. [&hellip;]","og_url":"https:\/\/informelitoral.com.ar\/ya-se-puede-consultar-el-padron-definitivo-para-las-elecciones-de-octubre\/","og_site_name":"Informe Litoral","article_publisher":"https:\/\/www.facebook.com\/informelitoral\/","article_published_time":"2013-09-27T17:13:25+00:00","og_image":[{"url":"http:\/\/www.clarin.com\/elecciones\/Padron-elecrtoral_CLAIMA20130927_0140_17.jpg","type":"","width":"","height":""}],"author":"Gonzalo Schmidt","twitter_card":"summary_large_image","twitter_creator":"@InformeLitoral","twitter_site":"@InformeLitoral","twitter_misc":{"Escrito por":"Gonzalo Schmidt","Tiempo de lectura":"1 minuto"},"schema":{"@context":"https:\/\/schema.org","@graph":[{"@type":"Article","@id":"https:\/\/informelitoral.com.ar\/ya-se-puede-consultar-el-padron-definitivo-para-las-elecciones-de-octubre\/#article","isPartOf":{"@id":"https:\/\/informelitoral.com.ar\/ya-se-puede-consultar-el-padron-definitivo-para-las-elecciones-de-octubre\/"},"author":{"name":"Gonzalo Schmidt","@id":"https:\/\/informelitoral.com.ar\/#\/schema\/person\/b9d00407c836482871ef1d57bf8e3180"},"headline":"Ya se puede consultar el padr\u00f3n definitivo para las elecciones de octubre","datePublished":"2013-09-27T17:13:25+00:00","mainEntityOfPage":{"@id":"https:\/\/informelitoral.com.ar\/ya-se-puede-consultar-el-padron-definitivo-para-las-elecciones-de-octubre\/"},"wordCount":115,"commentCount":0,"publisher":{"@id":"https:\/\/informelitoral.com.ar\/#organization"},"image":{"@id":"https:\/\/informelitoral.com.ar\/ya-se-puede-consultar-el-padron-definitivo-para-las-elecciones-de-octubre\/#primaryimage"},"thumbnailUrl":"http:\/\/www.clarin.com\/elecciones\/Padron-elecrtoral_CLAIMA20130927_0140_17.jpg","articleSection":["Nacionales","Politica"],"inLanguage":"es","potentialAction":[{"@type":"CommentAction","name":"Comment","target":["https:\/\/informelitoral.com.ar\/ya-se-puede-consultar-el-padron-definitivo-para-las-elecciones-de-octubre\/#respond"]}]},{"@type":"WebPage","@id":"https:\/\/informelitoral.com.ar\/ya-se-puede-consultar-el-padron-definitivo-para-las-elecciones-de-octubre\/","url":"https:\/\/informelitoral.com.ar\/ya-se-puede-consultar-el-padron-definitivo-para-las-elecciones-de-octubre\/","name":"Ya se puede consultar el padr\u00f3n definitivo para las elecciones de octubre - Informe Litoral","isPartOf":{"@id":"https:\/\/informelitoral.com.ar\/#website"},"primaryImageOfPage":{"@id":"https:\/\/informelitoral.com.ar\/ya-se-puede-consultar-el-padron-definitivo-para-las-elecciones-de-octubre\/#primaryimage"},"image":{"@id":"https:\/\/informelitoral.com.ar\/ya-se-puede-consultar-el-padron-definitivo-para-las-elecciones-de-octubre\/#primaryimage"},"thumbnailUrl":"http:\/\/www.clarin.com\/elecciones\/Padron-elecrtoral_CLAIMA20130927_0140_17.jpg","datePublished":"2013-09-27T17:13:25+00:00","breadcrumb":{"@id":"https:\/\/informelitoral.com.ar\/ya-se-puede-consultar-el-padron-definitivo-para-las-elecciones-de-octubre\/#breadcrumb"},"inLanguage":"es","potentialAction":[{"@type":"ReadAction","target":["https:\/\/informelitoral.com.ar\/ya-se-puede-consultar-el-padron-definitivo-para-las-elecciones-de-octubre\/"]}]},{"@type":"ImageObject","inLanguage":"es","@id":"https:\/\/informelitoral.com.ar\/ya-se-puede-consultar-el-padron-definitivo-para-las-elecciones-de-octubre\/#primaryimage","url":"http:\/\/www.clarin.com\/elecciones\/Padron-elecrtoral_CLAIMA20130927_0140_17.jpg","contentUrl":"http:\/\/www.clarin.com\/elecciones\/Padron-elecrtoral_CLAIMA20130927_0140_17.jpg"},{"@type":"BreadcrumbList","@id":"https:\/\/informelitoral.com.ar\/ya-se-puede-consultar-el-padron-definitivo-para-las-elecciones-de-octubre\/#breadcrumb","itemListElement":[{"@type":"ListItem","position":1,"name":"Portada","item":"https:\/\/informelitoral.com.ar\/"},{"@type":"ListItem","position":2,"name":"Ya se puede consultar el padr\u00f3n definitivo para las elecciones de octubre"}]},{"@type":"WebSite","@id":"https:\/\/informelitoral.com.ar\/#website","url":"https:\/\/informelitoral.com.ar\/","name":"Informe Litoral","description":"&quot;Nos informamos&quot; ","publisher":{"@id":"https:\/\/informelitoral.com.ar\/#organization"},"potentialAction":[{"@type":"SearchAction","target":{"@type":"EntryPoint","urlTemplate":"https:\/\/informelitoral.com.ar\/?s={search_term_string}"},"query-input":{"@type":"PropertyValueSpecification","valueRequired":true,"valueName":"search_term_string"}}],"inLanguage":"es"},{"@type":"Organization","@id":"https:\/\/informelitoral.com.ar\/#organization","name":"Informe Litoral","url":"https:\/\/informelitoral.com.ar\/","logo":{"@type":"ImageObject","inLanguage":"es","@id":"https:\/\/informelitoral.com.ar\/#\/schema\/logo\/image\/","url":"https:\/\/informelitoral.com.ar\/%77%70%2d%63%6f%6e%74%65%6e%74\/uploads\/2021\/01\/circulo.png","contentUrl":"https:\/\/informelitoral.com.ar\/%77%70%2d%63%6f%6e%74%65%6e%74\/uploads\/2021\/01\/circulo.png","width":723,"height":731,"caption":"Informe Litoral"},"image":{"@id":"https:\/\/informelitoral.com.ar\/#\/schema\/logo\/image\/"},"sameAs":["https:\/\/www.facebook.com\/informelitoral\/","https:\/\/x.com\/InformeLitoral","https:\/\/www.instagram.com\/informelitoral\/","https:\/\/www.youtube.com\/channel\/UCua4Qvz8Icb6MYqhoq9xLXw"]},{"@type":"Person","@id":"https:\/\/informelitoral.com.ar\/#\/schema\/person\/b9d00407c836482871ef1d57bf8e3180","name":"Gonzalo Schmidt","image":{"@type":"ImageObject","inLanguage":"es","@id":"https:\/\/secure.gravatar.com\/avatar\/31a1a7b66ff2de83bd0e9fd79d026630d2d99e55e8bfe501287647b4fd9743de?s=96&d=mm&r=g","url":"https:\/\/secure.gravatar.com\/avatar\/31a1a7b66ff2de83bd0e9fd79d026630d2d99e55e8bfe501287647b4fd9743de?s=96&d=mm&r=g","contentUrl":"https:\/\/secure.gravatar.com\/avatar\/31a1a7b66ff2de83bd0e9fd79d026630d2d99e55e8bfe501287647b4fd9743de?s=96&d=mm&r=g","caption":"Gonzalo Schmidt"},"description":"Sitio web de noticias de la provincia de Entre R\u00edos, Argentina. Informaci\u00f3n y entretenimiento. Informe Litoral, nos informamos.","sameAs":["http:\/\/www.isletasnoticias.com.ar"],"url":"https:\/\/informelitoral.com.ar\/author\/gonzalo\/"}]}},"_links":{"self":[{"href":"https:\/\/informelitoral.com.ar\/%77%70%2d%6a%73%6f%6e\/wp\/v2\/posts\/3414","targetHints":{"allow":["GET"]}}],"collection":[{"href":"https:\/\/informelitoral.com.ar\/%77%70%2d%6a%73%6f%6e\/wp\/v2\/posts"}],"about":[{"href":"https:\/\/informelitoral.com.ar\/%77%70%2d%6a%73%6f%6e\/wp\/v2\/types\/post"}],"author":[{"embeddable":true,"href":"https:\/\/informelitoral.com.ar\/%77%70%2d%6a%73%6f%6e\/wp\/v2\/users\/2"}],"replies":[{"embeddable":true,"href":"https:\/\/informelitoral.com.ar\/%77%70%2d%6a%73%6f%6e\/wp\/v2\/comments?post=3414"}],"version-history":[{"count":0,"href":"https:\/\/informelitoral.com.ar\/%77%70%2d%6a%73%6f%6e\/wp\/v2\/posts\/3414\/revisions"}],"wp:attachment":[{"href":"https:\/\/informelitoral.com.ar\/%77%70%2d%6a%73%6f%6e\/wp\/v2\/media?parent=3414"}],"wp:term":[{"taxonomy":"category","embeddable":true,"href":"https:\/\/informelitoral.com.ar\/%77%70%2d%6a%73%6f%6e\/wp\/v2\/categories?post=3414"},{"taxonomy":"post_tag","embeddable":true,"href":"https:\/\/informelitoral.com.ar\/%77%70%2d%6a%73%6f%6e\/wp\/v2\/tags?post=3414"}],"curies":[{"name":"wp","href":"https:\/\/api.w.org\/{rel}","templated":true}]}}