{"id":34122,"date":"2019-06-07T08:14:59","date_gmt":"2019-06-07T11:14:59","guid":{"rendered":"https:\/\/www.isletasnoticias.com.ar\/?p=34122"},"modified":"2019-06-07T08:14:59","modified_gmt":"2019-06-07T11:14:59","slug":"peso-real-como-se-gesto-la-idea-de-la-moneda-comun-entre-argentina-y-brasil","status":"publish","type":"post","link":"https:\/\/informelitoral.com.ar\/peso-real-como-se-gesto-la-idea-de-la-moneda-comun-entre-argentina-y-brasil\/","title":{"rendered":"Peso Real: c\u00f3mo se gest\u00f3 la idea de la moneda com\u00fan entre Argentina y Brasil"},"content":{"rendered":"<div class=\"row pb-content-type-text\">\n<div class=\"col-xs-12 col-print-12\">\n<p class=\"element element-paragraph\">\u00abFue protocolar\u00bb, aseguraron<strong>\u00a0<\/strong>fuentes del ministerio de Hacienda argentino hace casi dos meses, luego de que\u00a0<strong>Nicol\u00e1s Dujovne<\/strong>\u00a0se reuniera con su par de Brasil,\u00a0<strong>Paulo Guedes<\/strong>, en el marco de la reuni\u00f3n de Primavera que el FMI y el Banco Mundial hicieron, como todos los a\u00f1os, en Washington.<\/p>\n<p class=\"element element-paragraph\">Fue el s\u00e1bado 13 de abril y la reuni\u00f3n de poco m\u00e1s de media hora se hizo en la salita que ten\u00eda asignada la delegaci\u00f3n brasilera en las oficinas del Fondo. Pas\u00f3 casi desapercibida e incluso muchos integrantes de la comitiva no se enteraron de que all\u00ed se habl\u00f3 por primera vez del \u00abPeso Real\u00bb, la supuesta moneda com\u00fan entre Argentina y Brasil de la que se supo hoy, muy al pasar y a pesar de lo que quer\u00edan las autoridades locales, en el contexto de la visita de <strong>Jair Bolsonaro<\/strong>\u00a0a la Argentina.<\/p>\n<\/div>\n<\/div>\n<div class=\"row pb-content-type-text\">\n<div class=\"col-xs-12 col-print-12\">\n<p class=\"element element-paragraph\">Dujovne y Guedes hablaron del tema, se lo contaron a sus \u00abjefes\u00bb y nada m\u00e1s. O mejor dicho, s\u00ed: avanzaron con la aprobaci\u00f3n de ambos mandatarios.<\/p>\n<\/div>\n<\/div>\n<div class=\"row pb-content-type-text\">\n<div class=\"col-xs-12 col-print-12\">\n<p class=\"element element-paragraph\">\u00abNicol\u00e1s est\u00e1 en Jap\u00f3n, esto se filtr\u00f3 de Brasil\u00bb, dicen en Hacienda.<\/p>\n<\/div>\n<\/div>\n<div class=\"row pb-content-type-text\">\n<div class=\"col-xs-12 col-print-12\">\n<p class=\"element element-paragraph\">\u00abLa noticia hace mucho ruido, pero la idea es que se entienda que esto es largo. Hay que saber que esto que no es para ya.\u00a0<strong>Brasil tiene como prioridad la reforma previsional. No es para este a\u00f1o, es algo para que los pa\u00edses tomen como pol\u00edtica de Estado.<\/strong> Falta: lo tienen que aprobar ambos parlamentos y los bancos centrales tienen que trabajar mucho juntos. Ahora se abre un proceso de convergencia\u00bb, dicen muy cerca de Dujovne, que lleg\u00f3 a Jap\u00f3n para una reuni\u00f3n del G20. <strong>El ministro local no esperaba que este tema se filtrara la noticia de esta manera. \u00bfMacri lo cerr\u00f3 con Bolsonaro? Es muy probable.<\/strong><\/p>\n<\/div>\n<\/div>\n<div class=\"row pb-content-type-text\">\n<div class=\"col-xs-12 col-print-12\">\n<h3 class=\"element element-paragraph\"><strong>Una idea central del \u00abviejo\u00bbMercosur<\/strong><\/h3>\n<\/div>\n<\/div>\n<div class=\"row pb-content-type-text\">\n<div class=\"col-xs-12 col-print-12\">\n<p class=\"element element-paragraph\">La idea de retomar un objetivo fundacional del Mercosur \u2013que naci\u00f3 hace casi 30 a\u00f1os\u2013, tan central como ut\u00f3pico, surgi\u00f3 ese s\u00e1bado en Washington y continu\u00f3 el viernes 26 de abril cuando,\u00a0totalmente fuera de agenda, Dujovne vol\u00f3 a R\u00edo de Janeiro para reunirse con su par carioca. En medio de otra disparada del d\u00f3lar, que roz\u00f3 los 47 pesos, la<strong> Argentina recibi\u00f3 un \u00abcontundente apoyo\u00bb de Brasil. Y volvieron a hablar de la moneda com\u00fan, aunque nadie se enter\u00f3.<\/strong><\/p>\n<p class=\"element element-paragraph\">\u00abDejamos claro nuestro respaldo total al ministro y al presidente Mauricio Macri\u00bb, sostuvo Guedes. \u00abSu postura refleja en forma n\u00edtida que la apuesta de Brasil es a la &#8216;estabilizaci\u00f3n&#8217; de la econom\u00eda argentina, y a la continuidad del proyecto pol\u00edtico-econ\u00f3mico del gobierno de Macri\u00bb, detall\u00f3<em> Infobae <\/em>ese d\u00eda.<\/p>\n<p class=\"element element-paragraph\"><strong>All\u00ed se habl\u00f3, en secreto, de la posibilidad de sumar a Paraguay y Uruguay, y eventualmente a una Venezuela democr\u00e1tica.<\/strong>\u00a0\u00abSe trata de una decisi\u00f3n pol\u00edtica casi tan grande como la conformaci\u00f3n del Mercosur.\u00a0<strong>Es una decisi\u00f3n muy potente, y por supuesto, tiene que pasar por los parlamentos.<\/strong> En el proceso van a tener que funcionar en conjunto las instituciones de cada uno de los pa\u00edses. Es lento, pero que eventualmente, si hay un consenso, se puede implementar\u00bb, dicen en Hacienda, desde donde ya hablan del \u00abeuro latino\u00bb.<\/p>\n<p class=\"element element-paragraph\">\u00abLargo plazo\u00bb es la idea que enfatiza a cada minuto Dujovne desde Jap\u00f3n. Sabe que es un proceso que no ser\u00e1 corto, que tiene muchas chances de no prosperar y que, si bien puede sumar alg\u00fan punto en el contexto pol\u00edtico y econ\u00f3mico local, no deja de ser un sue\u00f1o. <strong>\u00abHay que ver qu\u00e9 pasa si no est\u00e1 Macri en el poder con esta idea revolucionaria\u00bb<\/strong>, aseguraron en la Rosada luego de la filtraci\u00f3n.<\/p>\n<\/div>\n<\/div>\n<div class=\"row pb-content-type-text\">\n<div class=\"col-xs-12 col-print-12\">\n<p class=\"element element-paragraph\">\u00bfSer\u00e1 un nueva divisa de uso corriente o s\u00f3lo ser\u00e1 para el comercio exterior? No se sabe. \u00abLa idea es hablar de una integraci\u00f3n monetaria, como dice la literatura econ\u00f3mica y como ocurri\u00f3 en Europa. Brasil y la Argentina est\u00e1n expuestos a los mismos shocks externos. Sus monedas se mueven muy correlacionadas, en relaci\u00f3n a los vaivenes de la pol\u00edtica internacionales y de los movimientos de los precios de los commodities.\u00a0<strong>Tenemos mucho comercio bilateral y a veces los shocks monetarios de una econom\u00eda o de la otra impidieron profundizar m\u00e1s en lo comercial, ya que una queda m\u00e1s competitiva que la otra<\/strong>\u00ab, analizaron en Hacienda, ya entrada la noche de hoy.<\/p>\n<p class=\"element element-paragraph\">Mientras intentan asimilar el cimbronazo de una noticia que, en teor\u00eda, no iba a trascender, las autoridades locales aseguran que Guedes y Bolsonaro \u00abtiraron\u00bb la novedad \u00abcomo al pasar\u00bb en la reuni\u00f3n con empresario locales de hoy en el Hotel Alvear. Y el primero que se anim\u00f3 a mencionar la ambiciosa medida en p\u00fablico habr\u00eda sido <strong>Cristiano Rattazzi<\/strong>, el presidente de FIAT.<\/p>\n<\/div>\n<\/div>\n<div class=\"row pb-content-type-text\">\n<div class=\"col-xs-12 col-print-12\">\n<p class=\"element element-paragraph\">\u00bfSe concretar\u00e1 o es una \u00abbomba\u00bb con la que el Gobierno retoma las riendas de la agenda econ\u00f3mico-electoral? \u00bfEs viable realmente? \u00bfLa \u00abfiltraci\u00f3n\u00bb es el primer acto contundente de la campa\u00f1a 2019 del macrismo? \u00bfImpactar\u00e1 en la cotizaci\u00f3n del d\u00f3lar de los emergentes ma\u00f1ana? Muchas preguntas, pocas respuestas por el momento.\u00a0<strong>Lo que s\u00ed est\u00e1 claro es que el \u00abPeso Real\u00bb ya es la nueva estrella del sur del continente americano.<\/strong><\/p>\n<p><em>Fuente: Infobae<\/em><\/p>\n<\/div>\n<\/div>\n","protected":false},"excerpt":{"rendered":"<p>Si bien es una idea que naci\u00f3 con el Mercosur hace casi 30 a\u00f1os, una reuni\u00f3n \u201cprotocolar\u201d entre los ministros de Hacienda de ambos pa\u00edses hace dos meses puso el tema otra vez sobre la mesa.<\/p>\n","protected":false},"author":2,"featured_media":34123,"comment_status":"open","ping_status":"open","sticky":false,"template":"","format":"standard","meta":{"fifu_image_url":"","fifu_image_alt":"","footnotes":""},"categories":[16],"tags":[246,118,1022,80],"class_list":{"0":"post-34122","1":"post","2":"type-post","3":"status-publish","4":"format-standard","5":"has-post-thumbnail","7":"category-politi","8":"tag-argentina","9":"tag-brasil","10":"tag-jair-bolsonaro","11":"tag-mauricio-macri"},"yoast_head":"<title>Peso Real: c\u00f3mo se gest\u00f3 la idea de la moneda com\u00fan entre Argentina y Brasil - Informe Litoral<\/title>\n<meta name=\"robots\" content=\"index, follow, max-snippet:-1, max-image-preview:large, max-video-preview:-1\" \/>\n<link rel=\"canonical\" href=\"https:\/\/informelitoral.com.ar\/peso-real-como-se-gesto-la-idea-de-la-moneda-comun-entre-argentina-y-brasil\/\" \/>\n<meta property=\"og:locale\" content=\"es_ES\" \/>\n<meta property=\"og:type\" content=\"article\" \/>\n<meta property=\"og:title\" content=\"Peso Real: c\u00f3mo se gest\u00f3 la idea de la moneda com\u00fan entre Argentina y Brasil - Informe Litoral\" \/>\n<meta property=\"og:description\" content=\"Si bien es una idea que naci\u00f3 con el Mercosur hace casi 30 a\u00f1os, una reuni\u00f3n \u201cprotocolar\u201d entre los ministros de Hacienda de ambos pa\u00edses hace dos meses puso el tema otra vez sobre la mesa.\" \/>\n<meta property=\"og:url\" content=\"https:\/\/informelitoral.com.ar\/peso-real-como-se-gesto-la-idea-de-la-moneda-comun-entre-argentina-y-brasil\/\" \/>\n<meta property=\"og:site_name\" content=\"Informe Litoral\" \/>\n<meta property=\"article:publisher\" content=\"https:\/\/www.facebook.com\/informelitoral\/\" \/>\n<meta property=\"article:published_time\" content=\"2019-06-07T11:14:59+00:00\" \/>\n<meta property=\"og:image\" content=\"https:\/\/informelitoral.com.ar\/%77%70%2d%63%6f%6e%74%65%6e%74\/uploads\/2019\/06\/1559870291252.jpg\" \/>\n\t<meta property=\"og:image:width\" content=\"600\" \/>\n\t<meta property=\"og:image:height\" content=\"375\" \/>\n\t<meta property=\"og:image:type\" content=\"image\/jpeg\" \/>\n<meta name=\"author\" content=\"Gonzalo Schmidt\" \/>\n<meta name=\"twitter:card\" content=\"summary_large_image\" \/>\n<meta name=\"twitter:creator\" content=\"@InformeLitoral\" \/>\n<meta name=\"twitter:site\" content=\"@InformeLitoral\" \/>\n<meta name=\"twitter:label1\" content=\"Escrito por\" \/>\n\t<meta name=\"twitter:data1\" content=\"Gonzalo Schmidt\" \/>\n\t<meta name=\"twitter:label2\" content=\"Tiempo de lectura\" \/>\n\t<meta name=\"twitter:data2\" content=\"4 minutos\" \/>\n<script type=\"application\/ld+json\" class=\"yoast-schema-graph\">{\"@context\":\"https:\\\/\\\/schema.org\",\"@graph\":[{\"@type\":\"Article\",\"@id\":\"https:\\\/\\\/informelitoral.com.ar\\\/peso-real-como-se-gesto-la-idea-de-la-moneda-comun-entre-argentina-y-brasil\\\/#article\",\"isPartOf\":{\"@id\":\"https:\\\/\\\/informelitoral.com.ar\\\/peso-real-como-se-gesto-la-idea-de-la-moneda-comun-entre-argentina-y-brasil\\\/\"},\"author\":{\"name\":\"Gonzalo Schmidt\",\"@id\":\"https:\\\/\\\/informelitoral.com.ar\\\/#\\\/schema\\\/person\\\/b9d00407c836482871ef1d57bf8e3180\"},\"headline\":\"Peso Real: c\u00f3mo se gest\u00f3 la idea de la moneda com\u00fan entre Argentina y Brasil\",\"datePublished\":\"2019-06-07T11:14:59+00:00\",\"mainEntityOfPage\":{\"@id\":\"https:\\\/\\\/informelitoral.com.ar\\\/peso-real-como-se-gesto-la-idea-de-la-moneda-comun-entre-argentina-y-brasil\\\/\"},\"wordCount\":907,\"commentCount\":0,\"publisher\":{\"@id\":\"https:\\\/\\\/informelitoral.com.ar\\\/#organization\"},\"image\":{\"@id\":\"https:\\\/\\\/informelitoral.com.ar\\\/peso-real-como-se-gesto-la-idea-de-la-moneda-comun-entre-argentina-y-brasil\\\/#primaryimage\"},\"thumbnailUrl\":\"https:\\\/\\\/informelitoral.com.ar\\\/%77%70%2d%63%6f%6e%74%65%6e%74\\\/uploads\\\/2019\\\/06\\\/1559870291252.jpg\",\"keywords\":[\"Argentina\",\"Brasil\",\"Jair Bolsonaro\",\"Mauricio Macri\"],\"articleSection\":[\"Politica\"],\"inLanguage\":\"es\",\"potentialAction\":[{\"@type\":\"CommentAction\",\"name\":\"Comment\",\"target\":[\"https:\\\/\\\/informelitoral.com.ar\\\/peso-real-como-se-gesto-la-idea-de-la-moneda-comun-entre-argentina-y-brasil\\\/#respond\"]}]},{\"@type\":\"WebPage\",\"@id\":\"https:\\\/\\\/informelitoral.com.ar\\\/peso-real-como-se-gesto-la-idea-de-la-moneda-comun-entre-argentina-y-brasil\\\/\",\"url\":\"https:\\\/\\\/informelitoral.com.ar\\\/peso-real-como-se-gesto-la-idea-de-la-moneda-comun-entre-argentina-y-brasil\\\/\",\"name\":\"Peso Real: c\u00f3mo se gest\u00f3 la idea de la moneda com\u00fan entre Argentina y Brasil - Informe Litoral\",\"isPartOf\":{\"@id\":\"https:\\\/\\\/informelitoral.com.ar\\\/#website\"},\"primaryImageOfPage\":{\"@id\":\"https:\\\/\\\/informelitoral.com.ar\\\/peso-real-como-se-gesto-la-idea-de-la-moneda-comun-entre-argentina-y-brasil\\\/#primaryimage\"},\"image\":{\"@id\":\"https:\\\/\\\/informelitoral.com.ar\\\/peso-real-como-se-gesto-la-idea-de-la-moneda-comun-entre-argentina-y-brasil\\\/#primaryimage\"},\"thumbnailUrl\":\"https:\\\/\\\/informelitoral.com.ar\\\/%77%70%2d%63%6f%6e%74%65%6e%74\\\/uploads\\\/2019\\\/06\\\/1559870291252.jpg\",\"datePublished\":\"2019-06-07T11:14:59+00:00\",\"breadcrumb\":{\"@id\":\"https:\\\/\\\/informelitoral.com.ar\\\/peso-real-como-se-gesto-la-idea-de-la-moneda-comun-entre-argentina-y-brasil\\\/#breadcrumb\"},\"inLanguage\":\"es\",\"potentialAction\":[{\"@type\":\"ReadAction\",\"target\":[\"https:\\\/\\\/informelitoral.com.ar\\\/peso-real-como-se-gesto-la-idea-de-la-moneda-comun-entre-argentina-y-brasil\\\/\"]}]},{\"@type\":\"ImageObject\",\"inLanguage\":\"es\",\"@id\":\"https:\\\/\\\/informelitoral.com.ar\\\/peso-real-como-se-gesto-la-idea-de-la-moneda-comun-entre-argentina-y-brasil\\\/#primaryimage\",\"url\":\"https:\\\/\\\/informelitoral.com.ar\\\/%77%70%2d%63%6f%6e%74%65%6e%74\\\/uploads\\\/2019\\\/06\\\/1559870291252.jpg\",\"contentUrl\":\"https:\\\/\\\/informelitoral.com.ar\\\/%77%70%2d%63%6f%6e%74%65%6e%74\\\/uploads\\\/2019\\\/06\\\/1559870291252.jpg\",\"width\":600,\"height\":375},{\"@type\":\"BreadcrumbList\",\"@id\":\"https:\\\/\\\/informelitoral.com.ar\\\/peso-real-como-se-gesto-la-idea-de-la-moneda-comun-entre-argentina-y-brasil\\\/#breadcrumb\",\"itemListElement\":[{\"@type\":\"ListItem\",\"position\":1,\"name\":\"Portada\",\"item\":\"https:\\\/\\\/informelitoral.com.ar\\\/\"},{\"@type\":\"ListItem\",\"position\":2,\"name\":\"Peso Real: c\u00f3mo se gest\u00f3 la idea de la moneda com\u00fan entre Argentina y Brasil\"}]},{\"@type\":\"WebSite\",\"@id\":\"https:\\\/\\\/informelitoral.com.ar\\\/#website\",\"url\":\"https:\\\/\\\/informelitoral.com.ar\\\/\",\"name\":\"Informe Litoral\",\"description\":\"&quot;Nos informamos&quot; \",\"publisher\":{\"@id\":\"https:\\\/\\\/informelitoral.com.ar\\\/#organization\"},\"potentialAction\":[{\"@type\":\"SearchAction\",\"target\":{\"@type\":\"EntryPoint\",\"urlTemplate\":\"https:\\\/\\\/informelitoral.com.ar\\\/?s={search_term_string}\"},\"query-input\":{\"@type\":\"PropertyValueSpecification\",\"valueRequired\":true,\"valueName\":\"search_term_string\"}}],\"inLanguage\":\"es\"},{\"@type\":\"Organization\",\"@id\":\"https:\\\/\\\/informelitoral.com.ar\\\/#organization\",\"name\":\"Informe Litoral\",\"url\":\"https:\\\/\\\/informelitoral.com.ar\\\/\",\"logo\":{\"@type\":\"ImageObject\",\"inLanguage\":\"es\",\"@id\":\"https:\\\/\\\/informelitoral.com.ar\\\/#\\\/schema\\\/logo\\\/image\\\/\",\"url\":\"https:\\\/\\\/informelitoral.com.ar\\\/%77%70%2d%63%6f%6e%74%65%6e%74\\\/uploads\\\/2021\\\/01\\\/circulo.png\",\"contentUrl\":\"https:\\\/\\\/informelitoral.com.ar\\\/%77%70%2d%63%6f%6e%74%65%6e%74\\\/uploads\\\/2021\\\/01\\\/circulo.png\",\"width\":723,\"height\":731,\"caption\":\"Informe Litoral\"},\"image\":{\"@id\":\"https:\\\/\\\/informelitoral.com.ar\\\/#\\\/schema\\\/logo\\\/image\\\/\"},\"sameAs\":[\"https:\\\/\\\/www.facebook.com\\\/informelitoral\\\/\",\"https:\\\/\\\/x.com\\\/InformeLitoral\",\"https:\\\/\\\/www.instagram.com\\\/informelitoral\\\/\",\"https:\\\/\\\/www.youtube.com\\\/channel\\\/UCua4Qvz8Icb6MYqhoq9xLXw\"]},{\"@type\":\"Person\",\"@id\":\"https:\\\/\\\/informelitoral.com.ar\\\/#\\\/schema\\\/person\\\/b9d00407c836482871ef1d57bf8e3180\",\"name\":\"Gonzalo Schmidt\",\"image\":{\"@type\":\"ImageObject\",\"inLanguage\":\"es\",\"@id\":\"https:\\\/\\\/secure.gravatar.com\\\/avatar\\\/31a1a7b66ff2de83bd0e9fd79d026630d2d99e55e8bfe501287647b4fd9743de?s=96&d=mm&r=g\",\"url\":\"https:\\\/\\\/secure.gravatar.com\\\/avatar\\\/31a1a7b66ff2de83bd0e9fd79d026630d2d99e55e8bfe501287647b4fd9743de?s=96&d=mm&r=g\",\"contentUrl\":\"https:\\\/\\\/secure.gravatar.com\\\/avatar\\\/31a1a7b66ff2de83bd0e9fd79d026630d2d99e55e8bfe501287647b4fd9743de?s=96&d=mm&r=g\",\"caption\":\"Gonzalo Schmidt\"},\"description\":\"Sitio web de noticias de la provincia de Entre R\u00edos, Argentina. Informaci\u00f3n y entretenimiento. Informe Litoral, nos informamos.\",\"sameAs\":[\"http:\\\/\\\/www.isletasnoticias.com.ar\"],\"url\":\"https:\\\/\\\/informelitoral.com.ar\\\/author\\\/gonzalo\\\/\"}]}<\/script>","yoast_head_json":{"title":"Peso Real: c\u00f3mo se gest\u00f3 la idea de la moneda com\u00fan entre Argentina y Brasil - Informe Litoral","robots":{"index":"index","follow":"follow","max-snippet":"max-snippet:-1","max-image-preview":"max-image-preview:large","max-video-preview":"max-video-preview:-1"},"canonical":"https:\/\/informelitoral.com.ar\/peso-real-como-se-gesto-la-idea-de-la-moneda-comun-entre-argentina-y-brasil\/","og_locale":"es_ES","og_type":"article","og_title":"Peso Real: c\u00f3mo se gest\u00f3 la idea de la moneda com\u00fan entre Argentina y Brasil - Informe Litoral","og_description":"Si bien es una idea que naci\u00f3 con el Mercosur hace casi 30 a\u00f1os, una reuni\u00f3n \u201cprotocolar\u201d entre los ministros de Hacienda de ambos pa\u00edses hace dos meses puso el tema otra vez sobre la mesa.","og_url":"https:\/\/informelitoral.com.ar\/peso-real-como-se-gesto-la-idea-de-la-moneda-comun-entre-argentina-y-brasil\/","og_site_name":"Informe Litoral","article_publisher":"https:\/\/www.facebook.com\/informelitoral\/","article_published_time":"2019-06-07T11:14:59+00:00","og_image":[{"width":600,"height":375,"url":"https:\/\/informelitoral.com.ar\/%77%70%2d%63%6f%6e%74%65%6e%74\/uploads\/2019\/06\/1559870291252.jpg","type":"image\/jpeg"}],"author":"Gonzalo Schmidt","twitter_card":"summary_large_image","twitter_creator":"@InformeLitoral","twitter_site":"@InformeLitoral","twitter_misc":{"Escrito por":"Gonzalo Schmidt","Tiempo de lectura":"4 minutos"},"schema":{"@context":"https:\/\/schema.org","@graph":[{"@type":"Article","@id":"https:\/\/informelitoral.com.ar\/peso-real-como-se-gesto-la-idea-de-la-moneda-comun-entre-argentina-y-brasil\/#article","isPartOf":{"@id":"https:\/\/informelitoral.com.ar\/peso-real-como-se-gesto-la-idea-de-la-moneda-comun-entre-argentina-y-brasil\/"},"author":{"name":"Gonzalo Schmidt","@id":"https:\/\/informelitoral.com.ar\/#\/schema\/person\/b9d00407c836482871ef1d57bf8e3180"},"headline":"Peso Real: c\u00f3mo se gest\u00f3 la idea de la moneda com\u00fan entre Argentina y Brasil","datePublished":"2019-06-07T11:14:59+00:00","mainEntityOfPage":{"@id":"https:\/\/informelitoral.com.ar\/peso-real-como-se-gesto-la-idea-de-la-moneda-comun-entre-argentina-y-brasil\/"},"wordCount":907,"commentCount":0,"publisher":{"@id":"https:\/\/informelitoral.com.ar\/#organization"},"image":{"@id":"https:\/\/informelitoral.com.ar\/peso-real-como-se-gesto-la-idea-de-la-moneda-comun-entre-argentina-y-brasil\/#primaryimage"},"thumbnailUrl":"https:\/\/informelitoral.com.ar\/%77%70%2d%63%6f%6e%74%65%6e%74\/uploads\/2019\/06\/1559870291252.jpg","keywords":["Argentina","Brasil","Jair Bolsonaro","Mauricio Macri"],"articleSection":["Politica"],"inLanguage":"es","potentialAction":[{"@type":"CommentAction","name":"Comment","target":["https:\/\/informelitoral.com.ar\/peso-real-como-se-gesto-la-idea-de-la-moneda-comun-entre-argentina-y-brasil\/#respond"]}]},{"@type":"WebPage","@id":"https:\/\/informelitoral.com.ar\/peso-real-como-se-gesto-la-idea-de-la-moneda-comun-entre-argentina-y-brasil\/","url":"https:\/\/informelitoral.com.ar\/peso-real-como-se-gesto-la-idea-de-la-moneda-comun-entre-argentina-y-brasil\/","name":"Peso Real: c\u00f3mo se gest\u00f3 la idea de la moneda com\u00fan entre Argentina y Brasil - Informe Litoral","isPartOf":{"@id":"https:\/\/informelitoral.com.ar\/#website"},"primaryImageOfPage":{"@id":"https:\/\/informelitoral.com.ar\/peso-real-como-se-gesto-la-idea-de-la-moneda-comun-entre-argentina-y-brasil\/#primaryimage"},"image":{"@id":"https:\/\/informelitoral.com.ar\/peso-real-como-se-gesto-la-idea-de-la-moneda-comun-entre-argentina-y-brasil\/#primaryimage"},"thumbnailUrl":"https:\/\/informelitoral.com.ar\/%77%70%2d%63%6f%6e%74%65%6e%74\/uploads\/2019\/06\/1559870291252.jpg","datePublished":"2019-06-07T11:14:59+00:00","breadcrumb":{"@id":"https:\/\/informelitoral.com.ar\/peso-real-como-se-gesto-la-idea-de-la-moneda-comun-entre-argentina-y-brasil\/#breadcrumb"},"inLanguage":"es","potentialAction":[{"@type":"ReadAction","target":["https:\/\/informelitoral.com.ar\/peso-real-como-se-gesto-la-idea-de-la-moneda-comun-entre-argentina-y-brasil\/"]}]},{"@type":"ImageObject","inLanguage":"es","@id":"https:\/\/informelitoral.com.ar\/peso-real-como-se-gesto-la-idea-de-la-moneda-comun-entre-argentina-y-brasil\/#primaryimage","url":"https:\/\/informelitoral.com.ar\/%77%70%2d%63%6f%6e%74%65%6e%74\/uploads\/2019\/06\/1559870291252.jpg","contentUrl":"https:\/\/informelitoral.com.ar\/%77%70%2d%63%6f%6e%74%65%6e%74\/uploads\/2019\/06\/1559870291252.jpg","width":600,"height":375},{"@type":"BreadcrumbList","@id":"https:\/\/informelitoral.com.ar\/peso-real-como-se-gesto-la-idea-de-la-moneda-comun-entre-argentina-y-brasil\/#breadcrumb","itemListElement":[{"@type":"ListItem","position":1,"name":"Portada","item":"https:\/\/informelitoral.com.ar\/"},{"@type":"ListItem","position":2,"name":"Peso Real: c\u00f3mo se gest\u00f3 la idea de la moneda com\u00fan entre Argentina y Brasil"}]},{"@type":"WebSite","@id":"https:\/\/informelitoral.com.ar\/#website","url":"https:\/\/informelitoral.com.ar\/","name":"Informe Litoral","description":"&quot;Nos informamos&quot; ","publisher":{"@id":"https:\/\/informelitoral.com.ar\/#organization"},"potentialAction":[{"@type":"SearchAction","target":{"@type":"EntryPoint","urlTemplate":"https:\/\/informelitoral.com.ar\/?s={search_term_string}"},"query-input":{"@type":"PropertyValueSpecification","valueRequired":true,"valueName":"search_term_string"}}],"inLanguage":"es"},{"@type":"Organization","@id":"https:\/\/informelitoral.com.ar\/#organization","name":"Informe Litoral","url":"https:\/\/informelitoral.com.ar\/","logo":{"@type":"ImageObject","inLanguage":"es","@id":"https:\/\/informelitoral.com.ar\/#\/schema\/logo\/image\/","url":"https:\/\/informelitoral.com.ar\/%77%70%2d%63%6f%6e%74%65%6e%74\/uploads\/2021\/01\/circulo.png","contentUrl":"https:\/\/informelitoral.com.ar\/%77%70%2d%63%6f%6e%74%65%6e%74\/uploads\/2021\/01\/circulo.png","width":723,"height":731,"caption":"Informe Litoral"},"image":{"@id":"https:\/\/informelitoral.com.ar\/#\/schema\/logo\/image\/"},"sameAs":["https:\/\/www.facebook.com\/informelitoral\/","https:\/\/x.com\/InformeLitoral","https:\/\/www.instagram.com\/informelitoral\/","https:\/\/www.youtube.com\/channel\/UCua4Qvz8Icb6MYqhoq9xLXw"]},{"@type":"Person","@id":"https:\/\/informelitoral.com.ar\/#\/schema\/person\/b9d00407c836482871ef1d57bf8e3180","name":"Gonzalo Schmidt","image":{"@type":"ImageObject","inLanguage":"es","@id":"https:\/\/secure.gravatar.com\/avatar\/31a1a7b66ff2de83bd0e9fd79d026630d2d99e55e8bfe501287647b4fd9743de?s=96&d=mm&r=g","url":"https:\/\/secure.gravatar.com\/avatar\/31a1a7b66ff2de83bd0e9fd79d026630d2d99e55e8bfe501287647b4fd9743de?s=96&d=mm&r=g","contentUrl":"https:\/\/secure.gravatar.com\/avatar\/31a1a7b66ff2de83bd0e9fd79d026630d2d99e55e8bfe501287647b4fd9743de?s=96&d=mm&r=g","caption":"Gonzalo Schmidt"},"description":"Sitio web de noticias de la provincia de Entre R\u00edos, Argentina. Informaci\u00f3n y entretenimiento. Informe Litoral, nos informamos.","sameAs":["http:\/\/www.isletasnoticias.com.ar"],"url":"https:\/\/informelitoral.com.ar\/author\/gonzalo\/"}]}},"_links":{"self":[{"href":"https:\/\/informelitoral.com.ar\/%77%70%2d%6a%73%6f%6e\/wp\/v2\/posts\/34122","targetHints":{"allow":["GET"]}}],"collection":[{"href":"https:\/\/informelitoral.com.ar\/%77%70%2d%6a%73%6f%6e\/wp\/v2\/posts"}],"about":[{"href":"https:\/\/informelitoral.com.ar\/%77%70%2d%6a%73%6f%6e\/wp\/v2\/types\/post"}],"author":[{"embeddable":true,"href":"https:\/\/informelitoral.com.ar\/%77%70%2d%6a%73%6f%6e\/wp\/v2\/users\/2"}],"replies":[{"embeddable":true,"href":"https:\/\/informelitoral.com.ar\/%77%70%2d%6a%73%6f%6e\/wp\/v2\/comments?post=34122"}],"version-history":[{"count":0,"href":"https:\/\/informelitoral.com.ar\/%77%70%2d%6a%73%6f%6e\/wp\/v2\/posts\/34122\/revisions"}],"wp:featuredmedia":[{"embeddable":true,"href":"https:\/\/informelitoral.com.ar\/%77%70%2d%6a%73%6f%6e\/wp\/v2\/media\/34123"}],"wp:attachment":[{"href":"https:\/\/informelitoral.com.ar\/%77%70%2d%6a%73%6f%6e\/wp\/v2\/media?parent=34122"}],"wp:term":[{"taxonomy":"category","embeddable":true,"href":"https:\/\/informelitoral.com.ar\/%77%70%2d%6a%73%6f%6e\/wp\/v2\/categories?post=34122"},{"taxonomy":"post_tag","embeddable":true,"href":"https:\/\/informelitoral.com.ar\/%77%70%2d%6a%73%6f%6e\/wp\/v2\/tags?post=34122"}],"curies":[{"name":"wp","href":"https:\/\/api.w.org\/{rel}","templated":true}]}}