{"id":34020,"date":"2019-05-31T08:45:35","date_gmt":"2019-05-31T11:45:35","guid":{"rendered":"https:\/\/www.isletasnoticias.com.ar\/?p=34020"},"modified":"2019-05-31T08:45:35","modified_gmt":"2019-05-31T11:45:35","slug":"los-productores-saldran-a-las-rutas-sino-se-resuelve-la-distancia-de-fumigaciones","status":"publish","type":"post","link":"https:\/\/informelitoral.com.ar\/los-productores-saldran-a-las-rutas-sino-se-resuelve-la-distancia-de-fumigaciones\/","title":{"rendered":"Los productores saldr\u00e1n a las rutas sino se resuelve la distancia de fumigaciones"},"content":{"rendered":"<p>Luego de dos horas de intenso debate, m\u00e1s de 120 productores agropecuarios, reunidos\u00a0 en asamblea en un local pr\u00f3ximo a Crespo, decidieron esperar unos diez d\u00edas \u2013hasta despu\u00e9s de las elecciones del 9 de junio\u2013 para la adopci\u00f3n de eventuales medidas gremiales si es que para esa fecha no est\u00e1 vigente el nuevo decreto a trav\u00e9s del cual el Gobierno provincial espera superar los fallos judiciales que proh\u00edben las pulverizaciones en cercan\u00edas de las escuelas rurales.<\/p>\n<p>De esta manera quedan suspendidas las movilizaciones que los chacareros pensaban realizar a partir de este jueves en las rutas de la provincia. Algunos, por ejemplo, propon\u00edan protestar en la zona del t\u00fanel subfluvial, como en 2008.<\/p>\n<p>El debate entre los productores y los dirigentes de la Mesa de Enlace fue duro \u2013\u201cbastante caliente por momentos\u201d, seg\u00fan la definici\u00f3n de una de las fuentes consultadas , se escucharon muchas quejas, cr\u00edticas al accionar gremial y hasta \u201cpases de facturas\u201d por parte de los chacareros, en especial de aquellos que viven momentos de angustia ante la imposibilidad de trabajar.<\/p>\n<p>Los dirigentes, no sin esfuerzo, lograron finalmente que las bases comprendieran que la redacci\u00f3n de un decreto lleva un tiempo prudencial \u2013algunos s\u00f3lo estaban dispuestos a ofrecer una \u201ctregua\u201d de tres d\u00edas\u2013 porque de lo contrario se correr\u00eda el riesgo de que la norma no fuera correctamente fundamentada y se volviera, otra vez, a fojas cero.<\/p>\n<p>El mandato de las bases es \u201cmeterle presi\u00f3n\u201d a los funcionarios, \u201cestar encima\u201d de ellos, para que aceleren los tiempos administrativos y el decreto est\u00e9 listo lo antes posible.<\/p>\n<p>Tambi\u00e9n se acord\u00f3 abrir el di\u00e1logo con los directivos de las escuelas rurales para que comprendan los perjuicios que los fallos ocasionan en la actividad productiva, y, asimismo, hablar con los candidatos a cargos ejecutivos y legislativos.<\/p>\n<h3><strong>La posici\u00f3n de Bordet<\/strong><\/h3>\n<p>Mientras, el gobernador Gustavo Bordet, unas horas antes de la reuni\u00f3n de productores de este mi\u00e9rcoles, fij\u00f3 su postura respecto de este pol\u00e9mico tema.<\/p>\n<p>Los conflictos, se\u00f1al\u00f3, se resuelven \u201ccon buena voluntad\u201d de las partes porque \u201cno hay ning\u00fan conflicto que resuelva de manera unilateral, con una sola parte\u201d<\/p>\n<p>Aqu\u00ed, prosigui\u00f3, hay dos sectores y \u201clos dos tienen raz\u00f3n\u201d por lo que ante esta disyuntiva \u201chay que encontrar una norma que genere los consensos b\u00e1sicos, en primer lugar, para que no se caiga el sistema de producci\u00f3n, y segundo, para que no se da\u00f1e la salud de nuestros ni\u00f1os y de los vecinos que est\u00e1n en los poblados cercanos a las zonas donde se realizan pulverizaciones\u201d.<\/p>\n<p>Bordet, en este sentido, confirm\u00f3 que se redactar\u00e1 un nuevo decreto que luego deber\u00e1 ser ratificado por una ley porque, afirm\u00f3, \u201chay que encontrar un ordenamiento legal\u201d en esta materia.<\/p>\n<p>Se lament\u00f3 porque en la Legislatura, durante todo este tiempo, no se pusieron de acuerdo para encontrar una norma. \u201cSe aprob\u00f3 un proyecto en el Senado y despu\u00e9s hubo otro criterio en Diputados\u201d, record\u00f3, al tiempo que se comprometi\u00f3 a convocar a todas las partes, a todos los sectores, para encontrar \u201cun t\u00e9rmino medio\u201d y \u201cmedidas que sean graduales\u201d porque, advirti\u00f3, \u201chay sistemas de producci\u00f3n que en el tiempo no van a ser m\u00e1s sustentables\u201d dado que \u201chan cambiado hasta los h\u00e1bitos de consumo y de ventas, en determinados pa\u00edses, con relaci\u00f3n a determinados productos que son tratados con agroqu\u00edmicos\u201d.<\/p>\n<h3><strong>Con Etchevehere<\/strong><\/h3>\n<p>Por otra parte, algunos dirigentes se encuentran organizando una reuni\u00f3n entre las entidades vinculadas al sector agropecuario, p\u00fablicas y privadas, con el secretario de Agroindustria de la Naci\u00f3n, Luis Miguel Etchevehere, para continuar con el an\u00e1lisis de la situaci\u00f3n.<\/p>\n<p>La idea es que a ese encuentro que, en principio, se concretar\u00eda el lunes 10 de junio, asistan tambi\u00e9n funcionarios provinciales, en especial el fiscal de Estado, Julio Rodr\u00edguez Signes.<\/p>\n<p>Se maneja, asimismo, la posibilidad de que sean invitados otros nucleamientos, como Uni\u00f3n Industrial de Entre R\u00edos y el Consejo Empresario de Entre R\u00edos, para que puedan informarse de algunos detalles de esta problem\u00e1tica que, al menos hasta el momento, no encuentra una soluci\u00f3n que permita superar las diferencias entre los sectores en pugna.<\/p>\n<p><em>Fuente: Dos Florines<\/em><\/p>\n","protected":false},"excerpt":{"rendered":"<p>Si despu\u00e9s de ese lapso no hay novedades, habr\u00e1 medidas gremiales. Los dirigentes de la Mesa de Enlace debieron esforzarse para contener a las bases que quer\u00edan salir a las rutas.<\/p>\n","protected":false},"author":2,"featured_media":34021,"comment_status":"open","ping_status":"open","sticky":false,"template":"","format":"standard","meta":{"fifu_image_url":"","fifu_image_alt":"","footnotes":""},"categories":[10],"tags":[191,81,236,249,147,120,818],"class_list":{"0":"post-34020","1":"post","2":"type-post","3":"status-publish","4":"format-standard","5":"has-post-thumbnail","7":"category-campo","8":"tag-agricultura","9":"tag-entre-rios","10":"tag-fumigaciones","11":"tag-gobierno-provincial","12":"tag-justicia","13":"tag-produccion","14":"tag-productores"},"yoast_head":"<title>Los productores saldr\u00e1n a las rutas sino se resuelve la distancia de fumigaciones - Informe Litoral<\/title>\n<meta name=\"robots\" content=\"index, follow, max-snippet:-1, max-image-preview:large, max-video-preview:-1\" \/>\n<link rel=\"canonical\" href=\"https:\/\/informelitoral.com.ar\/los-productores-saldran-a-las-rutas-sino-se-resuelve-la-distancia-de-fumigaciones\/\" \/>\n<meta property=\"og:locale\" content=\"es_ES\" \/>\n<meta property=\"og:type\" content=\"article\" \/>\n<meta property=\"og:title\" content=\"Los productores saldr\u00e1n a las rutas sino se resuelve la distancia de fumigaciones - Informe Litoral\" \/>\n<meta property=\"og:description\" content=\"Si despu\u00e9s de ese lapso no hay novedades, habr\u00e1 medidas gremiales. Los dirigentes de la Mesa de Enlace debieron esforzarse para contener a las bases que quer\u00edan salir a las rutas.\" \/>\n<meta property=\"og:url\" content=\"https:\/\/informelitoral.com.ar\/los-productores-saldran-a-las-rutas-sino-se-resuelve-la-distancia-de-fumigaciones\/\" \/>\n<meta property=\"og:site_name\" content=\"Informe Litoral\" \/>\n<meta property=\"article:publisher\" content=\"https:\/\/www.facebook.com\/informelitoral\/\" \/>\n<meta property=\"article:published_time\" content=\"2019-05-31T11:45:35+00:00\" \/>\n<meta property=\"og:image\" content=\"https:\/\/informelitoral.com.ar\/%77%70%2d%63%6f%6e%74%65%6e%74\/uploads\/2019\/05\/f_1559220860.jpg\" \/>\n\t<meta property=\"og:image:width\" content=\"1032\" \/>\n\t<meta property=\"og:image:height\" content=\"688\" \/>\n\t<meta property=\"og:image:type\" content=\"image\/jpeg\" \/>\n<meta name=\"author\" content=\"Gonzalo Schmidt\" \/>\n<meta name=\"twitter:card\" content=\"summary_large_image\" \/>\n<meta name=\"twitter:creator\" content=\"@InformeLitoral\" \/>\n<meta name=\"twitter:site\" content=\"@InformeLitoral\" \/>\n<meta name=\"twitter:label1\" content=\"Escrito por\" \/>\n\t<meta name=\"twitter:data1\" content=\"Gonzalo Schmidt\" \/>\n\t<meta name=\"twitter:label2\" content=\"Tiempo de lectura\" \/>\n\t<meta name=\"twitter:data2\" content=\"4 minutos\" \/>\n<script type=\"application\/ld+json\" class=\"yoast-schema-graph\">{\"@context\":\"https:\\\/\\\/schema.org\",\"@graph\":[{\"@type\":\"Article\",\"@id\":\"https:\\\/\\\/informelitoral.com.ar\\\/los-productores-saldran-a-las-rutas-sino-se-resuelve-la-distancia-de-fumigaciones\\\/#article\",\"isPartOf\":{\"@id\":\"https:\\\/\\\/informelitoral.com.ar\\\/los-productores-saldran-a-las-rutas-sino-se-resuelve-la-distancia-de-fumigaciones\\\/\"},\"author\":{\"name\":\"Gonzalo Schmidt\",\"@id\":\"https:\\\/\\\/informelitoral.com.ar\\\/#\\\/schema\\\/person\\\/b9d00407c836482871ef1d57bf8e3180\"},\"headline\":\"Los productores saldr\u00e1n a las rutas sino se resuelve la distancia de fumigaciones\",\"datePublished\":\"2019-05-31T11:45:35+00:00\",\"mainEntityOfPage\":{\"@id\":\"https:\\\/\\\/informelitoral.com.ar\\\/los-productores-saldran-a-las-rutas-sino-se-resuelve-la-distancia-de-fumigaciones\\\/\"},\"wordCount\":736,\"commentCount\":0,\"publisher\":{\"@id\":\"https:\\\/\\\/informelitoral.com.ar\\\/#organization\"},\"image\":{\"@id\":\"https:\\\/\\\/informelitoral.com.ar\\\/los-productores-saldran-a-las-rutas-sino-se-resuelve-la-distancia-de-fumigaciones\\\/#primaryimage\"},\"thumbnailUrl\":\"https:\\\/\\\/informelitoral.com.ar\\\/%77%70%2d%63%6f%6e%74%65%6e%74\\\/uploads\\\/2019\\\/05\\\/f_1559220860.jpg\",\"keywords\":[\"Agricultura\",\"Entre R\u00edos\",\"Fumigaciones\",\"Gobierno provincial\",\"Justicia\",\"Producci\u00f3n\",\"Productores\"],\"articleSection\":[\"Campo\"],\"inLanguage\":\"es\",\"potentialAction\":[{\"@type\":\"CommentAction\",\"name\":\"Comment\",\"target\":[\"https:\\\/\\\/informelitoral.com.ar\\\/los-productores-saldran-a-las-rutas-sino-se-resuelve-la-distancia-de-fumigaciones\\\/#respond\"]}]},{\"@type\":\"WebPage\",\"@id\":\"https:\\\/\\\/informelitoral.com.ar\\\/los-productores-saldran-a-las-rutas-sino-se-resuelve-la-distancia-de-fumigaciones\\\/\",\"url\":\"https:\\\/\\\/informelitoral.com.ar\\\/los-productores-saldran-a-las-rutas-sino-se-resuelve-la-distancia-de-fumigaciones\\\/\",\"name\":\"Los productores saldr\u00e1n a las rutas sino se resuelve la distancia de fumigaciones - Informe Litoral\",\"isPartOf\":{\"@id\":\"https:\\\/\\\/informelitoral.com.ar\\\/#website\"},\"primaryImageOfPage\":{\"@id\":\"https:\\\/\\\/informelitoral.com.ar\\\/los-productores-saldran-a-las-rutas-sino-se-resuelve-la-distancia-de-fumigaciones\\\/#primaryimage\"},\"image\":{\"@id\":\"https:\\\/\\\/informelitoral.com.ar\\\/los-productores-saldran-a-las-rutas-sino-se-resuelve-la-distancia-de-fumigaciones\\\/#primaryimage\"},\"thumbnailUrl\":\"https:\\\/\\\/informelitoral.com.ar\\\/%77%70%2d%63%6f%6e%74%65%6e%74\\\/uploads\\\/2019\\\/05\\\/f_1559220860.jpg\",\"datePublished\":\"2019-05-31T11:45:35+00:00\",\"breadcrumb\":{\"@id\":\"https:\\\/\\\/informelitoral.com.ar\\\/los-productores-saldran-a-las-rutas-sino-se-resuelve-la-distancia-de-fumigaciones\\\/#breadcrumb\"},\"inLanguage\":\"es\",\"potentialAction\":[{\"@type\":\"ReadAction\",\"target\":[\"https:\\\/\\\/informelitoral.com.ar\\\/los-productores-saldran-a-las-rutas-sino-se-resuelve-la-distancia-de-fumigaciones\\\/\"]}]},{\"@type\":\"ImageObject\",\"inLanguage\":\"es\",\"@id\":\"https:\\\/\\\/informelitoral.com.ar\\\/los-productores-saldran-a-las-rutas-sino-se-resuelve-la-distancia-de-fumigaciones\\\/#primaryimage\",\"url\":\"https:\\\/\\\/informelitoral.com.ar\\\/%77%70%2d%63%6f%6e%74%65%6e%74\\\/uploads\\\/2019\\\/05\\\/f_1559220860.jpg\",\"contentUrl\":\"https:\\\/\\\/informelitoral.com.ar\\\/%77%70%2d%63%6f%6e%74%65%6e%74\\\/uploads\\\/2019\\\/05\\\/f_1559220860.jpg\",\"width\":1032,\"height\":688},{\"@type\":\"BreadcrumbList\",\"@id\":\"https:\\\/\\\/informelitoral.com.ar\\\/los-productores-saldran-a-las-rutas-sino-se-resuelve-la-distancia-de-fumigaciones\\\/#breadcrumb\",\"itemListElement\":[{\"@type\":\"ListItem\",\"position\":1,\"name\":\"Portada\",\"item\":\"https:\\\/\\\/informelitoral.com.ar\\\/\"},{\"@type\":\"ListItem\",\"position\":2,\"name\":\"Los productores saldr\u00e1n a las rutas sino se resuelve la distancia de fumigaciones\"}]},{\"@type\":\"WebSite\",\"@id\":\"https:\\\/\\\/informelitoral.com.ar\\\/#website\",\"url\":\"https:\\\/\\\/informelitoral.com.ar\\\/\",\"name\":\"Informe Litoral\",\"description\":\"&quot;Nos informamos&quot; \",\"publisher\":{\"@id\":\"https:\\\/\\\/informelitoral.com.ar\\\/#organization\"},\"potentialAction\":[{\"@type\":\"SearchAction\",\"target\":{\"@type\":\"EntryPoint\",\"urlTemplate\":\"https:\\\/\\\/informelitoral.com.ar\\\/?s={search_term_string}\"},\"query-input\":{\"@type\":\"PropertyValueSpecification\",\"valueRequired\":true,\"valueName\":\"search_term_string\"}}],\"inLanguage\":\"es\"},{\"@type\":\"Organization\",\"@id\":\"https:\\\/\\\/informelitoral.com.ar\\\/#organization\",\"name\":\"Informe Litoral\",\"url\":\"https:\\\/\\\/informelitoral.com.ar\\\/\",\"logo\":{\"@type\":\"ImageObject\",\"inLanguage\":\"es\",\"@id\":\"https:\\\/\\\/informelitoral.com.ar\\\/#\\\/schema\\\/logo\\\/image\\\/\",\"url\":\"https:\\\/\\\/informelitoral.com.ar\\\/%77%70%2d%63%6f%6e%74%65%6e%74\\\/uploads\\\/2021\\\/01\\\/circulo.png\",\"contentUrl\":\"https:\\\/\\\/informelitoral.com.ar\\\/%77%70%2d%63%6f%6e%74%65%6e%74\\\/uploads\\\/2021\\\/01\\\/circulo.png\",\"width\":723,\"height\":731,\"caption\":\"Informe Litoral\"},\"image\":{\"@id\":\"https:\\\/\\\/informelitoral.com.ar\\\/#\\\/schema\\\/logo\\\/image\\\/\"},\"sameAs\":[\"https:\\\/\\\/www.facebook.com\\\/informelitoral\\\/\",\"https:\\\/\\\/x.com\\\/InformeLitoral\",\"https:\\\/\\\/www.instagram.com\\\/informelitoral\\\/\",\"https:\\\/\\\/www.youtube.com\\\/channel\\\/UCua4Qvz8Icb6MYqhoq9xLXw\"]},{\"@type\":\"Person\",\"@id\":\"https:\\\/\\\/informelitoral.com.ar\\\/#\\\/schema\\\/person\\\/b9d00407c836482871ef1d57bf8e3180\",\"name\":\"Gonzalo Schmidt\",\"image\":{\"@type\":\"ImageObject\",\"inLanguage\":\"es\",\"@id\":\"https:\\\/\\\/secure.gravatar.com\\\/avatar\\\/31a1a7b66ff2de83bd0e9fd79d026630d2d99e55e8bfe501287647b4fd9743de?s=96&d=mm&r=g\",\"url\":\"https:\\\/\\\/secure.gravatar.com\\\/avatar\\\/31a1a7b66ff2de83bd0e9fd79d026630d2d99e55e8bfe501287647b4fd9743de?s=96&d=mm&r=g\",\"contentUrl\":\"https:\\\/\\\/secure.gravatar.com\\\/avatar\\\/31a1a7b66ff2de83bd0e9fd79d026630d2d99e55e8bfe501287647b4fd9743de?s=96&d=mm&r=g\",\"caption\":\"Gonzalo Schmidt\"},\"description\":\"Sitio web de noticias de la provincia de Entre R\u00edos, Argentina. Informaci\u00f3n y entretenimiento. Informe Litoral, nos informamos.\",\"sameAs\":[\"http:\\\/\\\/www.isletasnoticias.com.ar\"],\"url\":\"https:\\\/\\\/informelitoral.com.ar\\\/author\\\/gonzalo\\\/\"}]}<\/script>","yoast_head_json":{"title":"Los productores saldr\u00e1n a las rutas sino se resuelve la distancia de fumigaciones - Informe Litoral","robots":{"index":"index","follow":"follow","max-snippet":"max-snippet:-1","max-image-preview":"max-image-preview:large","max-video-preview":"max-video-preview:-1"},"canonical":"https:\/\/informelitoral.com.ar\/los-productores-saldran-a-las-rutas-sino-se-resuelve-la-distancia-de-fumigaciones\/","og_locale":"es_ES","og_type":"article","og_title":"Los productores saldr\u00e1n a las rutas sino se resuelve la distancia de fumigaciones - Informe Litoral","og_description":"Si despu\u00e9s de ese lapso no hay novedades, habr\u00e1 medidas gremiales. Los dirigentes de la Mesa de Enlace debieron esforzarse para contener a las bases que quer\u00edan salir a las rutas.","og_url":"https:\/\/informelitoral.com.ar\/los-productores-saldran-a-las-rutas-sino-se-resuelve-la-distancia-de-fumigaciones\/","og_site_name":"Informe Litoral","article_publisher":"https:\/\/www.facebook.com\/informelitoral\/","article_published_time":"2019-05-31T11:45:35+00:00","og_image":[{"width":1032,"height":688,"url":"https:\/\/informelitoral.com.ar\/%77%70%2d%63%6f%6e%74%65%6e%74\/uploads\/2019\/05\/f_1559220860.jpg","type":"image\/jpeg"}],"author":"Gonzalo Schmidt","twitter_card":"summary_large_image","twitter_creator":"@InformeLitoral","twitter_site":"@InformeLitoral","twitter_misc":{"Escrito por":"Gonzalo Schmidt","Tiempo de lectura":"4 minutos"},"schema":{"@context":"https:\/\/schema.org","@graph":[{"@type":"Article","@id":"https:\/\/informelitoral.com.ar\/los-productores-saldran-a-las-rutas-sino-se-resuelve-la-distancia-de-fumigaciones\/#article","isPartOf":{"@id":"https:\/\/informelitoral.com.ar\/los-productores-saldran-a-las-rutas-sino-se-resuelve-la-distancia-de-fumigaciones\/"},"author":{"name":"Gonzalo Schmidt","@id":"https:\/\/informelitoral.com.ar\/#\/schema\/person\/b9d00407c836482871ef1d57bf8e3180"},"headline":"Los productores saldr\u00e1n a las rutas sino se resuelve la distancia de fumigaciones","datePublished":"2019-05-31T11:45:35+00:00","mainEntityOfPage":{"@id":"https:\/\/informelitoral.com.ar\/los-productores-saldran-a-las-rutas-sino-se-resuelve-la-distancia-de-fumigaciones\/"},"wordCount":736,"commentCount":0,"publisher":{"@id":"https:\/\/informelitoral.com.ar\/#organization"},"image":{"@id":"https:\/\/informelitoral.com.ar\/los-productores-saldran-a-las-rutas-sino-se-resuelve-la-distancia-de-fumigaciones\/#primaryimage"},"thumbnailUrl":"https:\/\/informelitoral.com.ar\/%77%70%2d%63%6f%6e%74%65%6e%74\/uploads\/2019\/05\/f_1559220860.jpg","keywords":["Agricultura","Entre R\u00edos","Fumigaciones","Gobierno provincial","Justicia","Producci\u00f3n","Productores"],"articleSection":["Campo"],"inLanguage":"es","potentialAction":[{"@type":"CommentAction","name":"Comment","target":["https:\/\/informelitoral.com.ar\/los-productores-saldran-a-las-rutas-sino-se-resuelve-la-distancia-de-fumigaciones\/#respond"]}]},{"@type":"WebPage","@id":"https:\/\/informelitoral.com.ar\/los-productores-saldran-a-las-rutas-sino-se-resuelve-la-distancia-de-fumigaciones\/","url":"https:\/\/informelitoral.com.ar\/los-productores-saldran-a-las-rutas-sino-se-resuelve-la-distancia-de-fumigaciones\/","name":"Los productores saldr\u00e1n a las rutas sino se resuelve la distancia de fumigaciones - Informe Litoral","isPartOf":{"@id":"https:\/\/informelitoral.com.ar\/#website"},"primaryImageOfPage":{"@id":"https:\/\/informelitoral.com.ar\/los-productores-saldran-a-las-rutas-sino-se-resuelve-la-distancia-de-fumigaciones\/#primaryimage"},"image":{"@id":"https:\/\/informelitoral.com.ar\/los-productores-saldran-a-las-rutas-sino-se-resuelve-la-distancia-de-fumigaciones\/#primaryimage"},"thumbnailUrl":"https:\/\/informelitoral.com.ar\/%77%70%2d%63%6f%6e%74%65%6e%74\/uploads\/2019\/05\/f_1559220860.jpg","datePublished":"2019-05-31T11:45:35+00:00","breadcrumb":{"@id":"https:\/\/informelitoral.com.ar\/los-productores-saldran-a-las-rutas-sino-se-resuelve-la-distancia-de-fumigaciones\/#breadcrumb"},"inLanguage":"es","potentialAction":[{"@type":"ReadAction","target":["https:\/\/informelitoral.com.ar\/los-productores-saldran-a-las-rutas-sino-se-resuelve-la-distancia-de-fumigaciones\/"]}]},{"@type":"ImageObject","inLanguage":"es","@id":"https:\/\/informelitoral.com.ar\/los-productores-saldran-a-las-rutas-sino-se-resuelve-la-distancia-de-fumigaciones\/#primaryimage","url":"https:\/\/informelitoral.com.ar\/%77%70%2d%63%6f%6e%74%65%6e%74\/uploads\/2019\/05\/f_1559220860.jpg","contentUrl":"https:\/\/informelitoral.com.ar\/%77%70%2d%63%6f%6e%74%65%6e%74\/uploads\/2019\/05\/f_1559220860.jpg","width":1032,"height":688},{"@type":"BreadcrumbList","@id":"https:\/\/informelitoral.com.ar\/los-productores-saldran-a-las-rutas-sino-se-resuelve-la-distancia-de-fumigaciones\/#breadcrumb","itemListElement":[{"@type":"ListItem","position":1,"name":"Portada","item":"https:\/\/informelitoral.com.ar\/"},{"@type":"ListItem","position":2,"name":"Los productores saldr\u00e1n a las rutas sino se resuelve la distancia de fumigaciones"}]},{"@type":"WebSite","@id":"https:\/\/informelitoral.com.ar\/#website","url":"https:\/\/informelitoral.com.ar\/","name":"Informe Litoral","description":"&quot;Nos informamos&quot; ","publisher":{"@id":"https:\/\/informelitoral.com.ar\/#organization"},"potentialAction":[{"@type":"SearchAction","target":{"@type":"EntryPoint","urlTemplate":"https:\/\/informelitoral.com.ar\/?s={search_term_string}"},"query-input":{"@type":"PropertyValueSpecification","valueRequired":true,"valueName":"search_term_string"}}],"inLanguage":"es"},{"@type":"Organization","@id":"https:\/\/informelitoral.com.ar\/#organization","name":"Informe Litoral","url":"https:\/\/informelitoral.com.ar\/","logo":{"@type":"ImageObject","inLanguage":"es","@id":"https:\/\/informelitoral.com.ar\/#\/schema\/logo\/image\/","url":"https:\/\/informelitoral.com.ar\/%77%70%2d%63%6f%6e%74%65%6e%74\/uploads\/2021\/01\/circulo.png","contentUrl":"https:\/\/informelitoral.com.ar\/%77%70%2d%63%6f%6e%74%65%6e%74\/uploads\/2021\/01\/circulo.png","width":723,"height":731,"caption":"Informe Litoral"},"image":{"@id":"https:\/\/informelitoral.com.ar\/#\/schema\/logo\/image\/"},"sameAs":["https:\/\/www.facebook.com\/informelitoral\/","https:\/\/x.com\/InformeLitoral","https:\/\/www.instagram.com\/informelitoral\/","https:\/\/www.youtube.com\/channel\/UCua4Qvz8Icb6MYqhoq9xLXw"]},{"@type":"Person","@id":"https:\/\/informelitoral.com.ar\/#\/schema\/person\/b9d00407c836482871ef1d57bf8e3180","name":"Gonzalo Schmidt","image":{"@type":"ImageObject","inLanguage":"es","@id":"https:\/\/secure.gravatar.com\/avatar\/31a1a7b66ff2de83bd0e9fd79d026630d2d99e55e8bfe501287647b4fd9743de?s=96&d=mm&r=g","url":"https:\/\/secure.gravatar.com\/avatar\/31a1a7b66ff2de83bd0e9fd79d026630d2d99e55e8bfe501287647b4fd9743de?s=96&d=mm&r=g","contentUrl":"https:\/\/secure.gravatar.com\/avatar\/31a1a7b66ff2de83bd0e9fd79d026630d2d99e55e8bfe501287647b4fd9743de?s=96&d=mm&r=g","caption":"Gonzalo Schmidt"},"description":"Sitio web de noticias de la provincia de Entre R\u00edos, Argentina. Informaci\u00f3n y entretenimiento. Informe Litoral, nos informamos.","sameAs":["http:\/\/www.isletasnoticias.com.ar"],"url":"https:\/\/informelitoral.com.ar\/author\/gonzalo\/"}]}},"_links":{"self":[{"href":"https:\/\/informelitoral.com.ar\/%77%70%2d%6a%73%6f%6e\/wp\/v2\/posts\/34020","targetHints":{"allow":["GET"]}}],"collection":[{"href":"https:\/\/informelitoral.com.ar\/%77%70%2d%6a%73%6f%6e\/wp\/v2\/posts"}],"about":[{"href":"https:\/\/informelitoral.com.ar\/%77%70%2d%6a%73%6f%6e\/wp\/v2\/types\/post"}],"author":[{"embeddable":true,"href":"https:\/\/informelitoral.com.ar\/%77%70%2d%6a%73%6f%6e\/wp\/v2\/users\/2"}],"replies":[{"embeddable":true,"href":"https:\/\/informelitoral.com.ar\/%77%70%2d%6a%73%6f%6e\/wp\/v2\/comments?post=34020"}],"version-history":[{"count":0,"href":"https:\/\/informelitoral.com.ar\/%77%70%2d%6a%73%6f%6e\/wp\/v2\/posts\/34020\/revisions"}],"wp:featuredmedia":[{"embeddable":true,"href":"https:\/\/informelitoral.com.ar\/%77%70%2d%6a%73%6f%6e\/wp\/v2\/media\/34021"}],"wp:attachment":[{"href":"https:\/\/informelitoral.com.ar\/%77%70%2d%6a%73%6f%6e\/wp\/v2\/media?parent=34020"}],"wp:term":[{"taxonomy":"category","embeddable":true,"href":"https:\/\/informelitoral.com.ar\/%77%70%2d%6a%73%6f%6e\/wp\/v2\/categories?post=34020"},{"taxonomy":"post_tag","embeddable":true,"href":"https:\/\/informelitoral.com.ar\/%77%70%2d%6a%73%6f%6e\/wp\/v2\/tags?post=34020"}],"curies":[{"name":"wp","href":"https:\/\/api.w.org\/{rel}","templated":true}]}}