{"id":34017,"date":"2019-05-31T08:27:52","date_gmt":"2019-05-31T11:27:52","guid":{"rendered":"https:\/\/www.isletasnoticias.com.ar\/?p=34017"},"modified":"2019-05-31T08:27:52","modified_gmt":"2019-05-31T11:27:52","slug":"la-uta-anuncio-un-paro-de-24-horas-para-la-semana-que-viene","status":"publish","type":"post","link":"https:\/\/informelitoral.com.ar\/la-uta-anuncio-un-paro-de-24-horas-para-la-semana-que-viene\/","title":{"rendered":"La UTA anunci\u00f3 un paro de 24 horas para la semana que viene"},"content":{"rendered":"<p>La Uni\u00f3n Tranviarios Automotor lanz\u00f3\u00a0<b>un paro a nivel nacional para el martes 4 de junio desde las 0, debido a que no registra avances en la negociaci\u00f3n paritaria<\/b>\u00a0con la Federaci\u00f3n Argentina de Transporte por Automotor de Pasajeros (Fatap), que agrupa a las entidades empresarias de los servicios urbanos del interior del pa\u00eds.<\/p>\n<p>La Fatap dijo que \u00abno tiene ning\u00fan ofrecimiento para realizar al sector sindical\u00bb, lo que motiv\u00f3 la reacci\u00f3n del sindicato.<\/p>\n<p>\u00abRatificamos el plan de lucha, declarando el estado de alerta ante la manifestaci\u00f3n de la parte empresaria, que desoye la leg\u00edtima pretensi\u00f3n sindical que tiende a la urgente recomposici\u00f3n salarial para todos los trabajadores, resolviendo\u00a0<b>la retenci\u00f3n de tareas a partir del 4 de junio a las 0<\/b>\u00ab, dice el acta del Ministerio de Trabajo.<\/p>\n<p>En un comunicado, la UTA destac\u00f3 la \u00abnecesaria y urgente recomposici\u00f3n salarial para todos los trabajadores del sector\u00bb.<\/p>\n<p>Adem\u00e1s, agreg\u00f3 que buscan un acuerdo salarial que permita \u00abrecomponer el poder adquisitivo y asimismo acordar un aumento que alcance a la proyecci\u00f3n inflacionaria en lo futuro\u00bb. Sucede que la paritaria pactada en 2018 ya se venci\u00f3 en marzo de este a\u00f1o.<\/p>\n","protected":false},"excerpt":{"rendered":"<p>La medida de fuerza se har\u00eda en todo el pa\u00eds y afectar\u00eda los servicios urbanos, de media y larga distancia. Es ante la falta de avances en la negociaci\u00f3n paritaria con la Federaci\u00f3n Argentina de Transporte por Automotor de Pasajeros (Fatap)<\/p>\n","protected":false},"author":2,"featured_media":2248,"comment_status":"open","ping_status":"open","sticky":false,"template":"","format":"standard","meta":{"fifu_image_url":"","fifu_image_alt":"","footnotes":""},"categories":[7],"tags":[133,65,1060],"class_list":{"0":"post-34017","1":"post","2":"type-post","3":"status-publish","4":"format-standard","5":"has-post-thumbnail","7":"category-nacionales","8":"tag-colectivos","9":"tag-paro","10":"tag-uta"},"yoast_head":"<title>La UTA anunci\u00f3 un paro de 24 horas para la semana que viene - Informe Litoral<\/title>\n<meta name=\"robots\" content=\"index, follow, max-snippet:-1, max-image-preview:large, max-video-preview:-1\" \/>\n<link rel=\"canonical\" href=\"https:\/\/informelitoral.com.ar\/la-uta-anuncio-un-paro-de-24-horas-para-la-semana-que-viene\/\" \/>\n<meta property=\"og:locale\" content=\"es_ES\" \/>\n<meta property=\"og:type\" content=\"article\" \/>\n<meta property=\"og:title\" content=\"La UTA anunci\u00f3 un paro de 24 horas para la semana que viene - Informe Litoral\" \/>\n<meta property=\"og:description\" content=\"La medida de fuerza se har\u00eda en todo el pa\u00eds y afectar\u00eda los servicios urbanos, de media y larga distancia. Es ante la falta de avances en la negociaci\u00f3n paritaria con la Federaci\u00f3n Argentina de Transporte por Automotor de Pasajeros (Fatap)\" \/>\n<meta property=\"og:url\" content=\"https:\/\/informelitoral.com.ar\/la-uta-anuncio-un-paro-de-24-horas-para-la-semana-que-viene\/\" \/>\n<meta property=\"og:site_name\" content=\"Informe Litoral\" \/>\n<meta property=\"article:publisher\" content=\"https:\/\/www.facebook.com\/informelitoral\/\" \/>\n<meta property=\"article:published_time\" content=\"2019-05-31T11:27:52+00:00\" \/>\n<meta property=\"og:image\" content=\"https:\/\/informelitoral.com.ar\/%77%70%2d%63%6f%6e%74%65%6e%74\/uploads\/2013\/06\/paro-de-uta.jpg\" \/>\n\t<meta property=\"og:image:width\" content=\"2835\" \/>\n\t<meta property=\"og:image:height\" content=\"1832\" \/>\n\t<meta property=\"og:image:type\" content=\"image\/jpeg\" \/>\n<meta name=\"author\" content=\"Gonzalo Schmidt\" \/>\n<meta name=\"twitter:card\" content=\"summary_large_image\" \/>\n<meta name=\"twitter:creator\" content=\"@InformeLitoral\" \/>\n<meta name=\"twitter:site\" content=\"@InformeLitoral\" \/>\n<meta name=\"twitter:label1\" content=\"Escrito por\" \/>\n\t<meta name=\"twitter:data1\" content=\"Gonzalo Schmidt\" \/>\n\t<meta name=\"twitter:label2\" content=\"Tiempo de lectura\" \/>\n\t<meta name=\"twitter:data2\" content=\"1 minuto\" \/>\n<script type=\"application\/ld+json\" class=\"yoast-schema-graph\">{\"@context\":\"https:\\\/\\\/schema.org\",\"@graph\":[{\"@type\":\"Article\",\"@id\":\"https:\\\/\\\/informelitoral.com.ar\\\/la-uta-anuncio-un-paro-de-24-horas-para-la-semana-que-viene\\\/#article\",\"isPartOf\":{\"@id\":\"https:\\\/\\\/informelitoral.com.ar\\\/la-uta-anuncio-un-paro-de-24-horas-para-la-semana-que-viene\\\/\"},\"author\":{\"name\":\"Gonzalo Schmidt\",\"@id\":\"https:\\\/\\\/informelitoral.com.ar\\\/#\\\/schema\\\/person\\\/b9d00407c836482871ef1d57bf8e3180\"},\"headline\":\"La UTA anunci\u00f3 un paro de 24 horas para la semana que viene\",\"datePublished\":\"2019-05-31T11:27:52+00:00\",\"mainEntityOfPage\":{\"@id\":\"https:\\\/\\\/informelitoral.com.ar\\\/la-uta-anuncio-un-paro-de-24-horas-para-la-semana-que-viene\\\/\"},\"wordCount\":211,\"commentCount\":0,\"publisher\":{\"@id\":\"https:\\\/\\\/informelitoral.com.ar\\\/#organization\"},\"image\":{\"@id\":\"https:\\\/\\\/informelitoral.com.ar\\\/la-uta-anuncio-un-paro-de-24-horas-para-la-semana-que-viene\\\/#primaryimage\"},\"thumbnailUrl\":\"https:\\\/\\\/informelitoral.com.ar\\\/%77%70%2d%63%6f%6e%74%65%6e%74\\\/uploads\\\/2013\\\/06\\\/paro-de-uta.jpg\",\"keywords\":[\"Colectivos\",\"Paro\",\"UTA\"],\"articleSection\":[\"Nacionales\"],\"inLanguage\":\"es\",\"potentialAction\":[{\"@type\":\"CommentAction\",\"name\":\"Comment\",\"target\":[\"https:\\\/\\\/informelitoral.com.ar\\\/la-uta-anuncio-un-paro-de-24-horas-para-la-semana-que-viene\\\/#respond\"]}]},{\"@type\":\"WebPage\",\"@id\":\"https:\\\/\\\/informelitoral.com.ar\\\/la-uta-anuncio-un-paro-de-24-horas-para-la-semana-que-viene\\\/\",\"url\":\"https:\\\/\\\/informelitoral.com.ar\\\/la-uta-anuncio-un-paro-de-24-horas-para-la-semana-que-viene\\\/\",\"name\":\"La UTA anunci\u00f3 un paro de 24 horas para la semana que viene - Informe Litoral\",\"isPartOf\":{\"@id\":\"https:\\\/\\\/informelitoral.com.ar\\\/#website\"},\"primaryImageOfPage\":{\"@id\":\"https:\\\/\\\/informelitoral.com.ar\\\/la-uta-anuncio-un-paro-de-24-horas-para-la-semana-que-viene\\\/#primaryimage\"},\"image\":{\"@id\":\"https:\\\/\\\/informelitoral.com.ar\\\/la-uta-anuncio-un-paro-de-24-horas-para-la-semana-que-viene\\\/#primaryimage\"},\"thumbnailUrl\":\"https:\\\/\\\/informelitoral.com.ar\\\/%77%70%2d%63%6f%6e%74%65%6e%74\\\/uploads\\\/2013\\\/06\\\/paro-de-uta.jpg\",\"datePublished\":\"2019-05-31T11:27:52+00:00\",\"breadcrumb\":{\"@id\":\"https:\\\/\\\/informelitoral.com.ar\\\/la-uta-anuncio-un-paro-de-24-horas-para-la-semana-que-viene\\\/#breadcrumb\"},\"inLanguage\":\"es\",\"potentialAction\":[{\"@type\":\"ReadAction\",\"target\":[\"https:\\\/\\\/informelitoral.com.ar\\\/la-uta-anuncio-un-paro-de-24-horas-para-la-semana-que-viene\\\/\"]}]},{\"@type\":\"ImageObject\",\"inLanguage\":\"es\",\"@id\":\"https:\\\/\\\/informelitoral.com.ar\\\/la-uta-anuncio-un-paro-de-24-horas-para-la-semana-que-viene\\\/#primaryimage\",\"url\":\"https:\\\/\\\/informelitoral.com.ar\\\/%77%70%2d%63%6f%6e%74%65%6e%74\\\/uploads\\\/2013\\\/06\\\/paro-de-uta.jpg\",\"contentUrl\":\"https:\\\/\\\/informelitoral.com.ar\\\/%77%70%2d%63%6f%6e%74%65%6e%74\\\/uploads\\\/2013\\\/06\\\/paro-de-uta.jpg\",\"width\":2835,\"height\":1832},{\"@type\":\"BreadcrumbList\",\"@id\":\"https:\\\/\\\/informelitoral.com.ar\\\/la-uta-anuncio-un-paro-de-24-horas-para-la-semana-que-viene\\\/#breadcrumb\",\"itemListElement\":[{\"@type\":\"ListItem\",\"position\":1,\"name\":\"Portada\",\"item\":\"https:\\\/\\\/informelitoral.com.ar\\\/\"},{\"@type\":\"ListItem\",\"position\":2,\"name\":\"La UTA anunci\u00f3 un paro de 24 horas para la semana que viene\"}]},{\"@type\":\"WebSite\",\"@id\":\"https:\\\/\\\/informelitoral.com.ar\\\/#website\",\"url\":\"https:\\\/\\\/informelitoral.com.ar\\\/\",\"name\":\"Informe Litoral\",\"description\":\"&quot;Nos informamos&quot; \",\"publisher\":{\"@id\":\"https:\\\/\\\/informelitoral.com.ar\\\/#organization\"},\"potentialAction\":[{\"@type\":\"SearchAction\",\"target\":{\"@type\":\"EntryPoint\",\"urlTemplate\":\"https:\\\/\\\/informelitoral.com.ar\\\/?s={search_term_string}\"},\"query-input\":{\"@type\":\"PropertyValueSpecification\",\"valueRequired\":true,\"valueName\":\"search_term_string\"}}],\"inLanguage\":\"es\"},{\"@type\":\"Organization\",\"@id\":\"https:\\\/\\\/informelitoral.com.ar\\\/#organization\",\"name\":\"Informe Litoral\",\"url\":\"https:\\\/\\\/informelitoral.com.ar\\\/\",\"logo\":{\"@type\":\"ImageObject\",\"inLanguage\":\"es\",\"@id\":\"https:\\\/\\\/informelitoral.com.ar\\\/#\\\/schema\\\/logo\\\/image\\\/\",\"url\":\"https:\\\/\\\/informelitoral.com.ar\\\/%77%70%2d%63%6f%6e%74%65%6e%74\\\/uploads\\\/2021\\\/01\\\/circulo.png\",\"contentUrl\":\"https:\\\/\\\/informelitoral.com.ar\\\/%77%70%2d%63%6f%6e%74%65%6e%74\\\/uploads\\\/2021\\\/01\\\/circulo.png\",\"width\":723,\"height\":731,\"caption\":\"Informe Litoral\"},\"image\":{\"@id\":\"https:\\\/\\\/informelitoral.com.ar\\\/#\\\/schema\\\/logo\\\/image\\\/\"},\"sameAs\":[\"https:\\\/\\\/www.facebook.com\\\/informelitoral\\\/\",\"https:\\\/\\\/x.com\\\/InformeLitoral\",\"https:\\\/\\\/www.instagram.com\\\/informelitoral\\\/\",\"https:\\\/\\\/www.youtube.com\\\/channel\\\/UCua4Qvz8Icb6MYqhoq9xLXw\"]},{\"@type\":\"Person\",\"@id\":\"https:\\\/\\\/informelitoral.com.ar\\\/#\\\/schema\\\/person\\\/b9d00407c836482871ef1d57bf8e3180\",\"name\":\"Gonzalo Schmidt\",\"image\":{\"@type\":\"ImageObject\",\"inLanguage\":\"es\",\"@id\":\"https:\\\/\\\/secure.gravatar.com\\\/avatar\\\/31a1a7b66ff2de83bd0e9fd79d026630d2d99e55e8bfe501287647b4fd9743de?s=96&d=mm&r=g\",\"url\":\"https:\\\/\\\/secure.gravatar.com\\\/avatar\\\/31a1a7b66ff2de83bd0e9fd79d026630d2d99e55e8bfe501287647b4fd9743de?s=96&d=mm&r=g\",\"contentUrl\":\"https:\\\/\\\/secure.gravatar.com\\\/avatar\\\/31a1a7b66ff2de83bd0e9fd79d026630d2d99e55e8bfe501287647b4fd9743de?s=96&d=mm&r=g\",\"caption\":\"Gonzalo Schmidt\"},\"description\":\"Sitio web de noticias de la provincia de Entre R\u00edos, Argentina. Informaci\u00f3n y entretenimiento. Informe Litoral, nos informamos.\",\"sameAs\":[\"http:\\\/\\\/www.isletasnoticias.com.ar\"],\"url\":\"https:\\\/\\\/informelitoral.com.ar\\\/author\\\/gonzalo\\\/\"}]}<\/script>","yoast_head_json":{"title":"La UTA anunci\u00f3 un paro de 24 horas para la semana que viene - Informe Litoral","robots":{"index":"index","follow":"follow","max-snippet":"max-snippet:-1","max-image-preview":"max-image-preview:large","max-video-preview":"max-video-preview:-1"},"canonical":"https:\/\/informelitoral.com.ar\/la-uta-anuncio-un-paro-de-24-horas-para-la-semana-que-viene\/","og_locale":"es_ES","og_type":"article","og_title":"La UTA anunci\u00f3 un paro de 24 horas para la semana que viene - Informe Litoral","og_description":"La medida de fuerza se har\u00eda en todo el pa\u00eds y afectar\u00eda los servicios urbanos, de media y larga distancia. Es ante la falta de avances en la negociaci\u00f3n paritaria con la Federaci\u00f3n Argentina de Transporte por Automotor de Pasajeros (Fatap)","og_url":"https:\/\/informelitoral.com.ar\/la-uta-anuncio-un-paro-de-24-horas-para-la-semana-que-viene\/","og_site_name":"Informe Litoral","article_publisher":"https:\/\/www.facebook.com\/informelitoral\/","article_published_time":"2019-05-31T11:27:52+00:00","og_image":[{"width":2835,"height":1832,"url":"https:\/\/informelitoral.com.ar\/%77%70%2d%63%6f%6e%74%65%6e%74\/uploads\/2013\/06\/paro-de-uta.jpg","type":"image\/jpeg"}],"author":"Gonzalo Schmidt","twitter_card":"summary_large_image","twitter_creator":"@InformeLitoral","twitter_site":"@InformeLitoral","twitter_misc":{"Escrito por":"Gonzalo Schmidt","Tiempo de lectura":"1 minuto"},"schema":{"@context":"https:\/\/schema.org","@graph":[{"@type":"Article","@id":"https:\/\/informelitoral.com.ar\/la-uta-anuncio-un-paro-de-24-horas-para-la-semana-que-viene\/#article","isPartOf":{"@id":"https:\/\/informelitoral.com.ar\/la-uta-anuncio-un-paro-de-24-horas-para-la-semana-que-viene\/"},"author":{"name":"Gonzalo Schmidt","@id":"https:\/\/informelitoral.com.ar\/#\/schema\/person\/b9d00407c836482871ef1d57bf8e3180"},"headline":"La UTA anunci\u00f3 un paro de 24 horas para la semana que viene","datePublished":"2019-05-31T11:27:52+00:00","mainEntityOfPage":{"@id":"https:\/\/informelitoral.com.ar\/la-uta-anuncio-un-paro-de-24-horas-para-la-semana-que-viene\/"},"wordCount":211,"commentCount":0,"publisher":{"@id":"https:\/\/informelitoral.com.ar\/#organization"},"image":{"@id":"https:\/\/informelitoral.com.ar\/la-uta-anuncio-un-paro-de-24-horas-para-la-semana-que-viene\/#primaryimage"},"thumbnailUrl":"https:\/\/informelitoral.com.ar\/%77%70%2d%63%6f%6e%74%65%6e%74\/uploads\/2013\/06\/paro-de-uta.jpg","keywords":["Colectivos","Paro","UTA"],"articleSection":["Nacionales"],"inLanguage":"es","potentialAction":[{"@type":"CommentAction","name":"Comment","target":["https:\/\/informelitoral.com.ar\/la-uta-anuncio-un-paro-de-24-horas-para-la-semana-que-viene\/#respond"]}]},{"@type":"WebPage","@id":"https:\/\/informelitoral.com.ar\/la-uta-anuncio-un-paro-de-24-horas-para-la-semana-que-viene\/","url":"https:\/\/informelitoral.com.ar\/la-uta-anuncio-un-paro-de-24-horas-para-la-semana-que-viene\/","name":"La UTA anunci\u00f3 un paro de 24 horas para la semana que viene - Informe Litoral","isPartOf":{"@id":"https:\/\/informelitoral.com.ar\/#website"},"primaryImageOfPage":{"@id":"https:\/\/informelitoral.com.ar\/la-uta-anuncio-un-paro-de-24-horas-para-la-semana-que-viene\/#primaryimage"},"image":{"@id":"https:\/\/informelitoral.com.ar\/la-uta-anuncio-un-paro-de-24-horas-para-la-semana-que-viene\/#primaryimage"},"thumbnailUrl":"https:\/\/informelitoral.com.ar\/%77%70%2d%63%6f%6e%74%65%6e%74\/uploads\/2013\/06\/paro-de-uta.jpg","datePublished":"2019-05-31T11:27:52+00:00","breadcrumb":{"@id":"https:\/\/informelitoral.com.ar\/la-uta-anuncio-un-paro-de-24-horas-para-la-semana-que-viene\/#breadcrumb"},"inLanguage":"es","potentialAction":[{"@type":"ReadAction","target":["https:\/\/informelitoral.com.ar\/la-uta-anuncio-un-paro-de-24-horas-para-la-semana-que-viene\/"]}]},{"@type":"ImageObject","inLanguage":"es","@id":"https:\/\/informelitoral.com.ar\/la-uta-anuncio-un-paro-de-24-horas-para-la-semana-que-viene\/#primaryimage","url":"https:\/\/informelitoral.com.ar\/%77%70%2d%63%6f%6e%74%65%6e%74\/uploads\/2013\/06\/paro-de-uta.jpg","contentUrl":"https:\/\/informelitoral.com.ar\/%77%70%2d%63%6f%6e%74%65%6e%74\/uploads\/2013\/06\/paro-de-uta.jpg","width":2835,"height":1832},{"@type":"BreadcrumbList","@id":"https:\/\/informelitoral.com.ar\/la-uta-anuncio-un-paro-de-24-horas-para-la-semana-que-viene\/#breadcrumb","itemListElement":[{"@type":"ListItem","position":1,"name":"Portada","item":"https:\/\/informelitoral.com.ar\/"},{"@type":"ListItem","position":2,"name":"La UTA anunci\u00f3 un paro de 24 horas para la semana que viene"}]},{"@type":"WebSite","@id":"https:\/\/informelitoral.com.ar\/#website","url":"https:\/\/informelitoral.com.ar\/","name":"Informe Litoral","description":"&quot;Nos informamos&quot; ","publisher":{"@id":"https:\/\/informelitoral.com.ar\/#organization"},"potentialAction":[{"@type":"SearchAction","target":{"@type":"EntryPoint","urlTemplate":"https:\/\/informelitoral.com.ar\/?s={search_term_string}"},"query-input":{"@type":"PropertyValueSpecification","valueRequired":true,"valueName":"search_term_string"}}],"inLanguage":"es"},{"@type":"Organization","@id":"https:\/\/informelitoral.com.ar\/#organization","name":"Informe Litoral","url":"https:\/\/informelitoral.com.ar\/","logo":{"@type":"ImageObject","inLanguage":"es","@id":"https:\/\/informelitoral.com.ar\/#\/schema\/logo\/image\/","url":"https:\/\/informelitoral.com.ar\/%77%70%2d%63%6f%6e%74%65%6e%74\/uploads\/2021\/01\/circulo.png","contentUrl":"https:\/\/informelitoral.com.ar\/%77%70%2d%63%6f%6e%74%65%6e%74\/uploads\/2021\/01\/circulo.png","width":723,"height":731,"caption":"Informe Litoral"},"image":{"@id":"https:\/\/informelitoral.com.ar\/#\/schema\/logo\/image\/"},"sameAs":["https:\/\/www.facebook.com\/informelitoral\/","https:\/\/x.com\/InformeLitoral","https:\/\/www.instagram.com\/informelitoral\/","https:\/\/www.youtube.com\/channel\/UCua4Qvz8Icb6MYqhoq9xLXw"]},{"@type":"Person","@id":"https:\/\/informelitoral.com.ar\/#\/schema\/person\/b9d00407c836482871ef1d57bf8e3180","name":"Gonzalo Schmidt","image":{"@type":"ImageObject","inLanguage":"es","@id":"https:\/\/secure.gravatar.com\/avatar\/31a1a7b66ff2de83bd0e9fd79d026630d2d99e55e8bfe501287647b4fd9743de?s=96&d=mm&r=g","url":"https:\/\/secure.gravatar.com\/avatar\/31a1a7b66ff2de83bd0e9fd79d026630d2d99e55e8bfe501287647b4fd9743de?s=96&d=mm&r=g","contentUrl":"https:\/\/secure.gravatar.com\/avatar\/31a1a7b66ff2de83bd0e9fd79d026630d2d99e55e8bfe501287647b4fd9743de?s=96&d=mm&r=g","caption":"Gonzalo Schmidt"},"description":"Sitio web de noticias de la provincia de Entre R\u00edos, Argentina. Informaci\u00f3n y entretenimiento. Informe Litoral, nos informamos.","sameAs":["http:\/\/www.isletasnoticias.com.ar"],"url":"https:\/\/informelitoral.com.ar\/author\/gonzalo\/"}]}},"_links":{"self":[{"href":"https:\/\/informelitoral.com.ar\/%77%70%2d%6a%73%6f%6e\/wp\/v2\/posts\/34017","targetHints":{"allow":["GET"]}}],"collection":[{"href":"https:\/\/informelitoral.com.ar\/%77%70%2d%6a%73%6f%6e\/wp\/v2\/posts"}],"about":[{"href":"https:\/\/informelitoral.com.ar\/%77%70%2d%6a%73%6f%6e\/wp\/v2\/types\/post"}],"author":[{"embeddable":true,"href":"https:\/\/informelitoral.com.ar\/%77%70%2d%6a%73%6f%6e\/wp\/v2\/users\/2"}],"replies":[{"embeddable":true,"href":"https:\/\/informelitoral.com.ar\/%77%70%2d%6a%73%6f%6e\/wp\/v2\/comments?post=34017"}],"version-history":[{"count":0,"href":"https:\/\/informelitoral.com.ar\/%77%70%2d%6a%73%6f%6e\/wp\/v2\/posts\/34017\/revisions"}],"wp:featuredmedia":[{"embeddable":true,"href":"https:\/\/informelitoral.com.ar\/%77%70%2d%6a%73%6f%6e\/wp\/v2\/media\/2248"}],"wp:attachment":[{"href":"https:\/\/informelitoral.com.ar\/%77%70%2d%6a%73%6f%6e\/wp\/v2\/media?parent=34017"}],"wp:term":[{"taxonomy":"category","embeddable":true,"href":"https:\/\/informelitoral.com.ar\/%77%70%2d%6a%73%6f%6e\/wp\/v2\/categories?post=34017"},{"taxonomy":"post_tag","embeddable":true,"href":"https:\/\/informelitoral.com.ar\/%77%70%2d%6a%73%6f%6e\/wp\/v2\/tags?post=34017"}],"curies":[{"name":"wp","href":"https:\/\/api.w.org\/{rel}","templated":true}]}}