{"id":34009,"date":"2019-05-30T16:18:05","date_gmt":"2019-05-30T19:18:05","guid":{"rendered":"https:\/\/www.isletasnoticias.com.ar\/?p=34009"},"modified":"2019-05-30T16:38:57","modified_gmt":"2019-05-30T19:38:57","slug":"benedetti-promete-intervenir-vialidad-para-que-los-caminos-vuelvan-a-estar-transitables","status":"publish","type":"post","link":"https:\/\/informelitoral.com.ar\/benedetti-promete-intervenir-vialidad-para-que-los-caminos-vuelvan-a-estar-transitables\/","title":{"rendered":"Benedetti promete intervenir Vialidad para que los caminos \u00abvuelvan a estar transitables\u00bb"},"content":{"rendered":"<article id=\"article-post\" class=\"first\">\n<div class=\"cuerpo\" data-twitter-link=\"https:\/\/twitter.com\/intent\/tweet?url=https:\/\/ahora.com.ar\/c4178800&amp;via=PlataformaAhora&amp;related=Ahora&amp;text=\">\n<p>El candidato a gobernador de\u00a0<strong>Cambiemos<\/strong>,\u00a0<strong>Atilio Benedetti<\/strong>, particip\u00f3 en\u00a0<strong>Victoria<\/strong>\u00a0de una charla sobre desarrollo que organizaron las autoridades municipales. El diputado nacional insisti\u00f3 en la falta de pol\u00edticas del gobierno para generar desarrollo y empleo privado.<strong> \u201cBordet es un campe\u00f3n en hacer la plancha y en patear la pelota afuera\u201d lanz\u00f3.<\/strong><\/p>\n<p>En ese contexto, el radical dio cuenta de <strong>la \u00abfalta de desarrollo\u00bb que tiene la provincia<\/strong>. Y afirm\u00f3: \u00abBajo las mismas pol\u00edticas nacionales otras provincias han podido desarrollarse y generar empleo privado.\u00a0<strong>Entre R\u00edos no estuvo ni cerca<\/strong>\u00ab.<\/p>\n<\/div>\n<\/article>\n<article id=\"article-post\">\n<div class=\"cuerpo\" data-twitter-link=\"https:\/\/twitter.com\/intent\/tweet?url=https:\/\/ahora.com.ar\/c4178800&amp;via=PlataformaAhora&amp;related=Ahora&amp;text=\">\n<p>\u00abNo se generan empleos privados porque en los \u00faltimos 16 a\u00f1os los gobiernos peronistas\u00a0<strong>s\u00f3lo se dedicaron a poner trabas a quienes apostaban por la provincia<\/strong>. Necesitamos tener una provincia competitiva, esto es, generar las condiciones para que los privados inviertan y creen empleo privado\u00bb, manifest\u00f3 luego el candidato a la Casa Gris.<\/p>\n<p><a href=\"https:\/\/www.isletasnoticias.com.ar\/%77%70%2d%63%6f%6e%74%65%6e%74\/uploads\/2019\/05\/61217954_2247450388668199_4924900331009081344_n.jpg\"><img loading=\"lazy\" decoding=\"async\" class=\"aligncenter wp-image-34011 size-full\" src=\"https:\/\/www.isletasnoticias.com.ar\/%77%70%2d%63%6f%6e%74%65%6e%74\/uploads\/2019\/05\/61217954_2247450388668199_4924900331009081344_n.jpg\" alt=\"\" width=\"960\" height=\"540\" srcset=\"https:\/\/informelitoral.com.ar\/%77%70%2d%63%6f%6e%74%65%6e%74\/uploads\/2019\/05\/61217954_2247450388668199_4924900331009081344_n.jpg 960w, https:\/\/informelitoral.com.ar\/%77%70%2d%63%6f%6e%74%65%6e%74\/uploads\/2019\/05\/61217954_2247450388668199_4924900331009081344_n-300x169.jpg 300w, https:\/\/informelitoral.com.ar\/%77%70%2d%63%6f%6e%74%65%6e%74\/uploads\/2019\/05\/61217954_2247450388668199_4924900331009081344_n-768x432.jpg 768w, https:\/\/informelitoral.com.ar\/%77%70%2d%63%6f%6e%74%65%6e%74\/uploads\/2019\/05\/61217954_2247450388668199_4924900331009081344_n-696x392.jpg 696w, https:\/\/informelitoral.com.ar\/%77%70%2d%63%6f%6e%74%65%6e%74\/uploads\/2019\/05\/61217954_2247450388668199_4924900331009081344_n-747x420.jpg 747w\" sizes=\"auto, (max-width: 960px) 100vw, 960px\" \/><\/a><\/p>\n<p>Para Benedetti es necesario\u00a0<strong>\u00abaliviar las cargas tributarias\u00bb<\/strong>, con el fin de que vengan proyectos de inversi\u00f3n y reducir el costo de la energ\u00eda: \u00ab<strong>E intervenir Vialidad, para terminar con su ineficiencia y que los caminos rurales vuelvan a estar transitables<\/strong>\u00ab.<\/p>\n<p>Otro de los oradores de la jornada fue el diputado\u00a0<strong>Esteban Vitor<\/strong>, quien sostuvo: \u00ab<strong>El gobierno provincial recibir\u00e1 10 mil millones de pesos m\u00e1s de coparticipaci\u00f3n<\/strong>. El gobierno que conduce Mauricio Macri es el m\u00e1s federal de la historia\u00bb, destac\u00f3 seg\u00fan reprodujo el sitio web <em>Ahora.<\/em><\/p>\n<\/div>\n<\/article>\n","protected":false},"excerpt":{"rendered":"<p>El candidato a gobernador de Cambiemos sostuvo que as\u00ed se terminar\u00eda con la \u00abineficiencia\u00bb de la Direcci\u00f3n Provincial de Vialidad.  Fue en Victoria, donde particip\u00f3 de una actividad que organizaron las autoridades municipales.<\/p>\n","protected":false},"author":2,"featured_media":34010,"comment_status":"open","ping_status":"open","sticky":false,"template":"","format":"standard","meta":{"fifu_image_url":"","fifu_image_alt":"","footnotes":""},"categories":[16],"tags":[1283,29,106,421,169,108],"class_list":{"0":"post-34009","1":"post","2":"type-post","3":"status-publish","4":"format-standard","5":"has-post-thumbnail","7":"category-politi","8":"tag-atilio-benedetti","9":"tag-cambiemos","10":"tag-caminos","11":"tag-elecciones-2019","12":"tag-ucr","13":"tag-vialidad"},"yoast_head":"<title>Benedetti promete intervenir Vialidad para que los caminos &quot;vuelvan a estar transitables&quot; - Informe Litoral<\/title>\n<meta name=\"robots\" content=\"index, follow, max-snippet:-1, max-image-preview:large, max-video-preview:-1\" \/>\n<link rel=\"canonical\" href=\"https:\/\/informelitoral.com.ar\/benedetti-promete-intervenir-vialidad-para-que-los-caminos-vuelvan-a-estar-transitables\/\" \/>\n<meta property=\"og:locale\" content=\"es_ES\" \/>\n<meta property=\"og:type\" content=\"article\" \/>\n<meta property=\"og:title\" content=\"Benedetti promete intervenir Vialidad para que los caminos &quot;vuelvan a estar transitables&quot; - Informe Litoral\" \/>\n<meta property=\"og:description\" content=\"El candidato a gobernador de Cambiemos sostuvo que as\u00ed se terminar\u00eda con la &quot;ineficiencia&quot; de la Direcci\u00f3n Provincial de Vialidad. Fue en Victoria, donde particip\u00f3 de una actividad que organizaron las autoridades municipales.\" \/>\n<meta property=\"og:url\" content=\"https:\/\/informelitoral.com.ar\/benedetti-promete-intervenir-vialidad-para-que-los-caminos-vuelvan-a-estar-transitables\/\" \/>\n<meta property=\"og:site_name\" content=\"Informe Litoral\" \/>\n<meta property=\"article:publisher\" content=\"https:\/\/www.facebook.com\/informelitoral\/\" \/>\n<meta property=\"article:published_time\" content=\"2019-05-30T19:18:05+00:00\" \/>\n<meta property=\"article:modified_time\" content=\"2019-05-30T19:38:57+00:00\" \/>\n<meta property=\"og:image\" content=\"https:\/\/informelitoral.com.ar\/%77%70%2d%63%6f%6e%74%65%6e%74\/uploads\/2019\/05\/61734803_2247450342001537_6414540627307921408_n.jpg\" \/>\n\t<meta property=\"og:image:width\" content=\"960\" \/>\n\t<meta property=\"og:image:height\" content=\"540\" \/>\n\t<meta property=\"og:image:type\" content=\"image\/jpeg\" \/>\n<meta name=\"author\" content=\"Gonzalo Schmidt\" \/>\n<meta name=\"twitter:card\" content=\"summary_large_image\" \/>\n<meta name=\"twitter:creator\" content=\"@InformeLitoral\" \/>\n<meta name=\"twitter:site\" content=\"@InformeLitoral\" \/>\n<meta name=\"twitter:label1\" content=\"Escrito por\" \/>\n\t<meta name=\"twitter:data1\" content=\"Gonzalo Schmidt\" \/>\n\t<meta name=\"twitter:label2\" content=\"Tiempo de lectura\" \/>\n\t<meta name=\"twitter:data2\" content=\"1 minuto\" \/>\n<script type=\"application\/ld+json\" class=\"yoast-schema-graph\">{\"@context\":\"https:\\\/\\\/schema.org\",\"@graph\":[{\"@type\":\"Article\",\"@id\":\"https:\\\/\\\/informelitoral.com.ar\\\/benedetti-promete-intervenir-vialidad-para-que-los-caminos-vuelvan-a-estar-transitables\\\/#article\",\"isPartOf\":{\"@id\":\"https:\\\/\\\/informelitoral.com.ar\\\/benedetti-promete-intervenir-vialidad-para-que-los-caminos-vuelvan-a-estar-transitables\\\/\"},\"author\":{\"name\":\"Gonzalo Schmidt\",\"@id\":\"https:\\\/\\\/informelitoral.com.ar\\\/#\\\/schema\\\/person\\\/b9d00407c836482871ef1d57bf8e3180\"},\"headline\":\"Benedetti promete intervenir Vialidad para que los caminos \u00abvuelvan a estar transitables\u00bb\",\"datePublished\":\"2019-05-30T19:18:05+00:00\",\"dateModified\":\"2019-05-30T19:38:57+00:00\",\"mainEntityOfPage\":{\"@id\":\"https:\\\/\\\/informelitoral.com.ar\\\/benedetti-promete-intervenir-vialidad-para-que-los-caminos-vuelvan-a-estar-transitables\\\/\"},\"wordCount\":253,\"commentCount\":0,\"publisher\":{\"@id\":\"https:\\\/\\\/informelitoral.com.ar\\\/#organization\"},\"image\":{\"@id\":\"https:\\\/\\\/informelitoral.com.ar\\\/benedetti-promete-intervenir-vialidad-para-que-los-caminos-vuelvan-a-estar-transitables\\\/#primaryimage\"},\"thumbnailUrl\":\"https:\\\/\\\/informelitoral.com.ar\\\/%77%70%2d%63%6f%6e%74%65%6e%74\\\/uploads\\\/2019\\\/05\\\/61734803_2247450342001537_6414540627307921408_n.jpg\",\"keywords\":[\"Atilio Benedetti\",\"Cambiemos\",\"Caminos\",\"Elecciones 2019\",\"UCR\",\"Vialidad\"],\"articleSection\":[\"Politica\"],\"inLanguage\":\"es\",\"potentialAction\":[{\"@type\":\"CommentAction\",\"name\":\"Comment\",\"target\":[\"https:\\\/\\\/informelitoral.com.ar\\\/benedetti-promete-intervenir-vialidad-para-que-los-caminos-vuelvan-a-estar-transitables\\\/#respond\"]}]},{\"@type\":\"WebPage\",\"@id\":\"https:\\\/\\\/informelitoral.com.ar\\\/benedetti-promete-intervenir-vialidad-para-que-los-caminos-vuelvan-a-estar-transitables\\\/\",\"url\":\"https:\\\/\\\/informelitoral.com.ar\\\/benedetti-promete-intervenir-vialidad-para-que-los-caminos-vuelvan-a-estar-transitables\\\/\",\"name\":\"Benedetti promete intervenir Vialidad para que los caminos \\\"vuelvan a estar transitables\\\" - Informe Litoral\",\"isPartOf\":{\"@id\":\"https:\\\/\\\/informelitoral.com.ar\\\/#website\"},\"primaryImageOfPage\":{\"@id\":\"https:\\\/\\\/informelitoral.com.ar\\\/benedetti-promete-intervenir-vialidad-para-que-los-caminos-vuelvan-a-estar-transitables\\\/#primaryimage\"},\"image\":{\"@id\":\"https:\\\/\\\/informelitoral.com.ar\\\/benedetti-promete-intervenir-vialidad-para-que-los-caminos-vuelvan-a-estar-transitables\\\/#primaryimage\"},\"thumbnailUrl\":\"https:\\\/\\\/informelitoral.com.ar\\\/%77%70%2d%63%6f%6e%74%65%6e%74\\\/uploads\\\/2019\\\/05\\\/61734803_2247450342001537_6414540627307921408_n.jpg\",\"datePublished\":\"2019-05-30T19:18:05+00:00\",\"dateModified\":\"2019-05-30T19:38:57+00:00\",\"breadcrumb\":{\"@id\":\"https:\\\/\\\/informelitoral.com.ar\\\/benedetti-promete-intervenir-vialidad-para-que-los-caminos-vuelvan-a-estar-transitables\\\/#breadcrumb\"},\"inLanguage\":\"es\",\"potentialAction\":[{\"@type\":\"ReadAction\",\"target\":[\"https:\\\/\\\/informelitoral.com.ar\\\/benedetti-promete-intervenir-vialidad-para-que-los-caminos-vuelvan-a-estar-transitables\\\/\"]}]},{\"@type\":\"ImageObject\",\"inLanguage\":\"es\",\"@id\":\"https:\\\/\\\/informelitoral.com.ar\\\/benedetti-promete-intervenir-vialidad-para-que-los-caminos-vuelvan-a-estar-transitables\\\/#primaryimage\",\"url\":\"https:\\\/\\\/informelitoral.com.ar\\\/%77%70%2d%63%6f%6e%74%65%6e%74\\\/uploads\\\/2019\\\/05\\\/61734803_2247450342001537_6414540627307921408_n.jpg\",\"contentUrl\":\"https:\\\/\\\/informelitoral.com.ar\\\/%77%70%2d%63%6f%6e%74%65%6e%74\\\/uploads\\\/2019\\\/05\\\/61734803_2247450342001537_6414540627307921408_n.jpg\",\"width\":960,\"height\":540},{\"@type\":\"BreadcrumbList\",\"@id\":\"https:\\\/\\\/informelitoral.com.ar\\\/benedetti-promete-intervenir-vialidad-para-que-los-caminos-vuelvan-a-estar-transitables\\\/#breadcrumb\",\"itemListElement\":[{\"@type\":\"ListItem\",\"position\":1,\"name\":\"Portada\",\"item\":\"https:\\\/\\\/informelitoral.com.ar\\\/\"},{\"@type\":\"ListItem\",\"position\":2,\"name\":\"Benedetti promete intervenir Vialidad para que los caminos \u00abvuelvan a estar transitables\u00bb\"}]},{\"@type\":\"WebSite\",\"@id\":\"https:\\\/\\\/informelitoral.com.ar\\\/#website\",\"url\":\"https:\\\/\\\/informelitoral.com.ar\\\/\",\"name\":\"Informe Litoral\",\"description\":\"&quot;Nos informamos&quot; \",\"publisher\":{\"@id\":\"https:\\\/\\\/informelitoral.com.ar\\\/#organization\"},\"potentialAction\":[{\"@type\":\"SearchAction\",\"target\":{\"@type\":\"EntryPoint\",\"urlTemplate\":\"https:\\\/\\\/informelitoral.com.ar\\\/?s={search_term_string}\"},\"query-input\":{\"@type\":\"PropertyValueSpecification\",\"valueRequired\":true,\"valueName\":\"search_term_string\"}}],\"inLanguage\":\"es\"},{\"@type\":\"Organization\",\"@id\":\"https:\\\/\\\/informelitoral.com.ar\\\/#organization\",\"name\":\"Informe Litoral\",\"url\":\"https:\\\/\\\/informelitoral.com.ar\\\/\",\"logo\":{\"@type\":\"ImageObject\",\"inLanguage\":\"es\",\"@id\":\"https:\\\/\\\/informelitoral.com.ar\\\/#\\\/schema\\\/logo\\\/image\\\/\",\"url\":\"https:\\\/\\\/informelitoral.com.ar\\\/%77%70%2d%63%6f%6e%74%65%6e%74\\\/uploads\\\/2021\\\/01\\\/circulo.png\",\"contentUrl\":\"https:\\\/\\\/informelitoral.com.ar\\\/%77%70%2d%63%6f%6e%74%65%6e%74\\\/uploads\\\/2021\\\/01\\\/circulo.png\",\"width\":723,\"height\":731,\"caption\":\"Informe Litoral\"},\"image\":{\"@id\":\"https:\\\/\\\/informelitoral.com.ar\\\/#\\\/schema\\\/logo\\\/image\\\/\"},\"sameAs\":[\"https:\\\/\\\/www.facebook.com\\\/informelitoral\\\/\",\"https:\\\/\\\/x.com\\\/InformeLitoral\",\"https:\\\/\\\/www.instagram.com\\\/informelitoral\\\/\",\"https:\\\/\\\/www.youtube.com\\\/channel\\\/UCua4Qvz8Icb6MYqhoq9xLXw\"]},{\"@type\":\"Person\",\"@id\":\"https:\\\/\\\/informelitoral.com.ar\\\/#\\\/schema\\\/person\\\/b9d00407c836482871ef1d57bf8e3180\",\"name\":\"Gonzalo Schmidt\",\"image\":{\"@type\":\"ImageObject\",\"inLanguage\":\"es\",\"@id\":\"https:\\\/\\\/secure.gravatar.com\\\/avatar\\\/31a1a7b66ff2de83bd0e9fd79d026630d2d99e55e8bfe501287647b4fd9743de?s=96&d=mm&r=g\",\"url\":\"https:\\\/\\\/secure.gravatar.com\\\/avatar\\\/31a1a7b66ff2de83bd0e9fd79d026630d2d99e55e8bfe501287647b4fd9743de?s=96&d=mm&r=g\",\"contentUrl\":\"https:\\\/\\\/secure.gravatar.com\\\/avatar\\\/31a1a7b66ff2de83bd0e9fd79d026630d2d99e55e8bfe501287647b4fd9743de?s=96&d=mm&r=g\",\"caption\":\"Gonzalo Schmidt\"},\"description\":\"Sitio web de noticias de la provincia de Entre R\u00edos, Argentina. Informaci\u00f3n y entretenimiento. Informe Litoral, nos informamos.\",\"sameAs\":[\"http:\\\/\\\/www.isletasnoticias.com.ar\"],\"url\":\"https:\\\/\\\/informelitoral.com.ar\\\/author\\\/gonzalo\\\/\"}]}<\/script>","yoast_head_json":{"title":"Benedetti promete intervenir Vialidad para que los caminos \"vuelvan a estar transitables\" - Informe Litoral","robots":{"index":"index","follow":"follow","max-snippet":"max-snippet:-1","max-image-preview":"max-image-preview:large","max-video-preview":"max-video-preview:-1"},"canonical":"https:\/\/informelitoral.com.ar\/benedetti-promete-intervenir-vialidad-para-que-los-caminos-vuelvan-a-estar-transitables\/","og_locale":"es_ES","og_type":"article","og_title":"Benedetti promete intervenir Vialidad para que los caminos \"vuelvan a estar transitables\" - Informe Litoral","og_description":"El candidato a gobernador de Cambiemos sostuvo que as\u00ed se terminar\u00eda con la \"ineficiencia\" de la Direcci\u00f3n Provincial de Vialidad. Fue en Victoria, donde particip\u00f3 de una actividad que organizaron las autoridades municipales.","og_url":"https:\/\/informelitoral.com.ar\/benedetti-promete-intervenir-vialidad-para-que-los-caminos-vuelvan-a-estar-transitables\/","og_site_name":"Informe Litoral","article_publisher":"https:\/\/www.facebook.com\/informelitoral\/","article_published_time":"2019-05-30T19:18:05+00:00","article_modified_time":"2019-05-30T19:38:57+00:00","og_image":[{"width":960,"height":540,"url":"https:\/\/informelitoral.com.ar\/%77%70%2d%63%6f%6e%74%65%6e%74\/uploads\/2019\/05\/61734803_2247450342001537_6414540627307921408_n.jpg","type":"image\/jpeg"}],"author":"Gonzalo Schmidt","twitter_card":"summary_large_image","twitter_creator":"@InformeLitoral","twitter_site":"@InformeLitoral","twitter_misc":{"Escrito por":"Gonzalo Schmidt","Tiempo de lectura":"1 minuto"},"schema":{"@context":"https:\/\/schema.org","@graph":[{"@type":"Article","@id":"https:\/\/informelitoral.com.ar\/benedetti-promete-intervenir-vialidad-para-que-los-caminos-vuelvan-a-estar-transitables\/#article","isPartOf":{"@id":"https:\/\/informelitoral.com.ar\/benedetti-promete-intervenir-vialidad-para-que-los-caminos-vuelvan-a-estar-transitables\/"},"author":{"name":"Gonzalo Schmidt","@id":"https:\/\/informelitoral.com.ar\/#\/schema\/person\/b9d00407c836482871ef1d57bf8e3180"},"headline":"Benedetti promete intervenir Vialidad para que los caminos \u00abvuelvan a estar transitables\u00bb","datePublished":"2019-05-30T19:18:05+00:00","dateModified":"2019-05-30T19:38:57+00:00","mainEntityOfPage":{"@id":"https:\/\/informelitoral.com.ar\/benedetti-promete-intervenir-vialidad-para-que-los-caminos-vuelvan-a-estar-transitables\/"},"wordCount":253,"commentCount":0,"publisher":{"@id":"https:\/\/informelitoral.com.ar\/#organization"},"image":{"@id":"https:\/\/informelitoral.com.ar\/benedetti-promete-intervenir-vialidad-para-que-los-caminos-vuelvan-a-estar-transitables\/#primaryimage"},"thumbnailUrl":"https:\/\/informelitoral.com.ar\/%77%70%2d%63%6f%6e%74%65%6e%74\/uploads\/2019\/05\/61734803_2247450342001537_6414540627307921408_n.jpg","keywords":["Atilio Benedetti","Cambiemos","Caminos","Elecciones 2019","UCR","Vialidad"],"articleSection":["Politica"],"inLanguage":"es","potentialAction":[{"@type":"CommentAction","name":"Comment","target":["https:\/\/informelitoral.com.ar\/benedetti-promete-intervenir-vialidad-para-que-los-caminos-vuelvan-a-estar-transitables\/#respond"]}]},{"@type":"WebPage","@id":"https:\/\/informelitoral.com.ar\/benedetti-promete-intervenir-vialidad-para-que-los-caminos-vuelvan-a-estar-transitables\/","url":"https:\/\/informelitoral.com.ar\/benedetti-promete-intervenir-vialidad-para-que-los-caminos-vuelvan-a-estar-transitables\/","name":"Benedetti promete intervenir Vialidad para que los caminos \"vuelvan a estar transitables\" - Informe Litoral","isPartOf":{"@id":"https:\/\/informelitoral.com.ar\/#website"},"primaryImageOfPage":{"@id":"https:\/\/informelitoral.com.ar\/benedetti-promete-intervenir-vialidad-para-que-los-caminos-vuelvan-a-estar-transitables\/#primaryimage"},"image":{"@id":"https:\/\/informelitoral.com.ar\/benedetti-promete-intervenir-vialidad-para-que-los-caminos-vuelvan-a-estar-transitables\/#primaryimage"},"thumbnailUrl":"https:\/\/informelitoral.com.ar\/%77%70%2d%63%6f%6e%74%65%6e%74\/uploads\/2019\/05\/61734803_2247450342001537_6414540627307921408_n.jpg","datePublished":"2019-05-30T19:18:05+00:00","dateModified":"2019-05-30T19:38:57+00:00","breadcrumb":{"@id":"https:\/\/informelitoral.com.ar\/benedetti-promete-intervenir-vialidad-para-que-los-caminos-vuelvan-a-estar-transitables\/#breadcrumb"},"inLanguage":"es","potentialAction":[{"@type":"ReadAction","target":["https:\/\/informelitoral.com.ar\/benedetti-promete-intervenir-vialidad-para-que-los-caminos-vuelvan-a-estar-transitables\/"]}]},{"@type":"ImageObject","inLanguage":"es","@id":"https:\/\/informelitoral.com.ar\/benedetti-promete-intervenir-vialidad-para-que-los-caminos-vuelvan-a-estar-transitables\/#primaryimage","url":"https:\/\/informelitoral.com.ar\/%77%70%2d%63%6f%6e%74%65%6e%74\/uploads\/2019\/05\/61734803_2247450342001537_6414540627307921408_n.jpg","contentUrl":"https:\/\/informelitoral.com.ar\/%77%70%2d%63%6f%6e%74%65%6e%74\/uploads\/2019\/05\/61734803_2247450342001537_6414540627307921408_n.jpg","width":960,"height":540},{"@type":"BreadcrumbList","@id":"https:\/\/informelitoral.com.ar\/benedetti-promete-intervenir-vialidad-para-que-los-caminos-vuelvan-a-estar-transitables\/#breadcrumb","itemListElement":[{"@type":"ListItem","position":1,"name":"Portada","item":"https:\/\/informelitoral.com.ar\/"},{"@type":"ListItem","position":2,"name":"Benedetti promete intervenir Vialidad para que los caminos \u00abvuelvan a estar transitables\u00bb"}]},{"@type":"WebSite","@id":"https:\/\/informelitoral.com.ar\/#website","url":"https:\/\/informelitoral.com.ar\/","name":"Informe Litoral","description":"&quot;Nos informamos&quot; ","publisher":{"@id":"https:\/\/informelitoral.com.ar\/#organization"},"potentialAction":[{"@type":"SearchAction","target":{"@type":"EntryPoint","urlTemplate":"https:\/\/informelitoral.com.ar\/?s={search_term_string}"},"query-input":{"@type":"PropertyValueSpecification","valueRequired":true,"valueName":"search_term_string"}}],"inLanguage":"es"},{"@type":"Organization","@id":"https:\/\/informelitoral.com.ar\/#organization","name":"Informe Litoral","url":"https:\/\/informelitoral.com.ar\/","logo":{"@type":"ImageObject","inLanguage":"es","@id":"https:\/\/informelitoral.com.ar\/#\/schema\/logo\/image\/","url":"https:\/\/informelitoral.com.ar\/%77%70%2d%63%6f%6e%74%65%6e%74\/uploads\/2021\/01\/circulo.png","contentUrl":"https:\/\/informelitoral.com.ar\/%77%70%2d%63%6f%6e%74%65%6e%74\/uploads\/2021\/01\/circulo.png","width":723,"height":731,"caption":"Informe Litoral"},"image":{"@id":"https:\/\/informelitoral.com.ar\/#\/schema\/logo\/image\/"},"sameAs":["https:\/\/www.facebook.com\/informelitoral\/","https:\/\/x.com\/InformeLitoral","https:\/\/www.instagram.com\/informelitoral\/","https:\/\/www.youtube.com\/channel\/UCua4Qvz8Icb6MYqhoq9xLXw"]},{"@type":"Person","@id":"https:\/\/informelitoral.com.ar\/#\/schema\/person\/b9d00407c836482871ef1d57bf8e3180","name":"Gonzalo Schmidt","image":{"@type":"ImageObject","inLanguage":"es","@id":"https:\/\/secure.gravatar.com\/avatar\/31a1a7b66ff2de83bd0e9fd79d026630d2d99e55e8bfe501287647b4fd9743de?s=96&d=mm&r=g","url":"https:\/\/secure.gravatar.com\/avatar\/31a1a7b66ff2de83bd0e9fd79d026630d2d99e55e8bfe501287647b4fd9743de?s=96&d=mm&r=g","contentUrl":"https:\/\/secure.gravatar.com\/avatar\/31a1a7b66ff2de83bd0e9fd79d026630d2d99e55e8bfe501287647b4fd9743de?s=96&d=mm&r=g","caption":"Gonzalo Schmidt"},"description":"Sitio web de noticias de la provincia de Entre R\u00edos, Argentina. Informaci\u00f3n y entretenimiento. Informe Litoral, nos informamos.","sameAs":["http:\/\/www.isletasnoticias.com.ar"],"url":"https:\/\/informelitoral.com.ar\/author\/gonzalo\/"}]}},"_links":{"self":[{"href":"https:\/\/informelitoral.com.ar\/%77%70%2d%6a%73%6f%6e\/wp\/v2\/posts\/34009","targetHints":{"allow":["GET"]}}],"collection":[{"href":"https:\/\/informelitoral.com.ar\/%77%70%2d%6a%73%6f%6e\/wp\/v2\/posts"}],"about":[{"href":"https:\/\/informelitoral.com.ar\/%77%70%2d%6a%73%6f%6e\/wp\/v2\/types\/post"}],"author":[{"embeddable":true,"href":"https:\/\/informelitoral.com.ar\/%77%70%2d%6a%73%6f%6e\/wp\/v2\/users\/2"}],"replies":[{"embeddable":true,"href":"https:\/\/informelitoral.com.ar\/%77%70%2d%6a%73%6f%6e\/wp\/v2\/comments?post=34009"}],"version-history":[{"count":0,"href":"https:\/\/informelitoral.com.ar\/%77%70%2d%6a%73%6f%6e\/wp\/v2\/posts\/34009\/revisions"}],"wp:featuredmedia":[{"embeddable":true,"href":"https:\/\/informelitoral.com.ar\/%77%70%2d%6a%73%6f%6e\/wp\/v2\/media\/34010"}],"wp:attachment":[{"href":"https:\/\/informelitoral.com.ar\/%77%70%2d%6a%73%6f%6e\/wp\/v2\/media?parent=34009"}],"wp:term":[{"taxonomy":"category","embeddable":true,"href":"https:\/\/informelitoral.com.ar\/%77%70%2d%6a%73%6f%6e\/wp\/v2\/categories?post=34009"},{"taxonomy":"post_tag","embeddable":true,"href":"https:\/\/informelitoral.com.ar\/%77%70%2d%6a%73%6f%6e\/wp\/v2\/tags?post=34009"}],"curies":[{"name":"wp","href":"https:\/\/api.w.org\/{rel}","templated":true}]}}