{"id":33970,"date":"2019-05-29T17:49:53","date_gmt":"2019-05-29T20:49:53","guid":{"rendered":"https:\/\/www.isletasnoticias.com.ar\/?p=33970"},"modified":"2019-05-29T17:52:00","modified_gmt":"2019-05-29T20:52:00","slug":"este-sabado-los-estatales-comienzan-a-cobrar-los-sueldos-de-mayo-con-aumento","status":"publish","type":"post","link":"https:\/\/informelitoral.com.ar\/este-sabado-los-estatales-comienzan-a-cobrar-los-sueldos-de-mayo-con-aumento\/","title":{"rendered":"Este s\u00e1bado los estatales comienzan a cobrar los sueldos de mayo con aumento"},"content":{"rendered":"<p>El gobierno provincial, a trav\u00e9s de la Secretar\u00eda de Hacienda, dio a conocer el cronograma de pago de haberes correspondiente al mes de mayo en la administraci\u00f3n p\u00fablica, el que efectivizar\u00e1 entre el s\u00e1bado 1 de junio y el viernes 7 de ese mes, en todos los tramos.<\/p>\n<p>Los sueldos contendr\u00e1n este mes el incremento respectivo, del 12 por ciento, acordado con los gremios estatales en la paritaria, para el sector activo, extendi\u00e9ndose luego a los pasivos.<\/p>\n<p>Con este incremento del 12 por ciento se completa el 22 por ciento para el primer semestre del a\u00f1o, acordado en paritaria, teniendo en cuenta el 10 por ciento ya liquidado con los haberes de marzo.<\/p>\n<p>En tanto, con los haberes de julio se propone abonar el resultado de la inflaci\u00f3n acumulada (seg\u00fan el \u00cdndice de Precios al Consumidor del INDEC) del primer semestre d 2019, menos 11 puntos. En tanto la resultante de la inflaci\u00f3n de julio, agosto y septiembre (de corresponder) se liquidar\u00e1 con los haberes de octubre, mientras la acumulaci\u00f3n de la inflaci\u00f3n de octubre, noviembre y diciembre (de corresponder) se liquidar\u00e1 con los haberes de enero de 2020.<\/p>\n<p><strong>El cronograma completo en sus respectivos tramos es el siguiente:<\/strong><br \/>\nS\u00e1bado 1 de junio: hasta 25.000 pesos.<br \/>\nMartes 4: de 25.001 a 35.000 pesos.<br \/>\nMi\u00e9rcoles 5: de 35.001 a 45.000 pesos.<br \/>\nJueves 6: de 45.001 a 65.000 pesos.<br \/>\nViernes 7: M\u00e1s de 65.000 pesos y funcionarios.<\/p>\n","protected":false},"excerpt":{"rendered":"<p>Entre el s\u00e1bado 1 de junio y el viernes 7 se har\u00e1 efectivo el pago de los haberes de mayo a activos y pasivos de la administraci\u00f3n p\u00fablica provincial. Los sueldos contemplan el incremento del 12 por ciento para los activos, el que fue acordado con los gremios estatales en la paritaria.<\/p>\n","protected":false},"author":2,"featured_media":25885,"comment_status":"open","ping_status":"open","sticky":false,"template":"","format":"standard","meta":{"fifu_image_url":"","fifu_image_alt":"","footnotes":""},"categories":[6],"tags":[122,211,249],"class_list":{"0":"post-33970","1":"post","2":"type-post","3":"status-publish","4":"format-standard","5":"has-post-thumbnail","7":"category-entre-rios","8":"tag-cronograma-de-pagos","9":"tag-estatales","10":"tag-gobierno-provincial"},"yoast_head":"<title>Este s\u00e1bado los estatales comienzan a cobrar los sueldos de mayo con aumento - Informe Litoral<\/title>\n<meta name=\"robots\" content=\"index, follow, max-snippet:-1, max-image-preview:large, max-video-preview:-1\" \/>\n<link rel=\"canonical\" href=\"https:\/\/informelitoral.com.ar\/este-sabado-los-estatales-comienzan-a-cobrar-los-sueldos-de-mayo-con-aumento\/\" \/>\n<meta property=\"og:locale\" content=\"es_ES\" \/>\n<meta property=\"og:type\" content=\"article\" \/>\n<meta property=\"og:title\" content=\"Este s\u00e1bado los estatales comienzan a cobrar los sueldos de mayo con aumento - Informe Litoral\" \/>\n<meta property=\"og:description\" content=\"Entre el s\u00e1bado 1 de junio y el viernes 7 se har\u00e1 efectivo el pago de los haberes de mayo a activos y pasivos de la administraci\u00f3n p\u00fablica provincial. Los sueldos contemplan el incremento del 12 por ciento para los activos, el que fue acordado con los gremios estatales en la paritaria.\" \/>\n<meta property=\"og:url\" content=\"https:\/\/informelitoral.com.ar\/este-sabado-los-estatales-comienzan-a-cobrar-los-sueldos-de-mayo-con-aumento\/\" \/>\n<meta property=\"og:site_name\" content=\"Informe Litoral\" \/>\n<meta property=\"article:publisher\" content=\"https:\/\/www.facebook.com\/informelitoral\/\" \/>\n<meta property=\"article:published_time\" content=\"2019-05-29T20:49:53+00:00\" \/>\n<meta property=\"article:modified_time\" content=\"2019-05-29T20:52:00+00:00\" \/>\n<meta property=\"og:image\" content=\"https:\/\/informelitoral.com.ar\/%77%70%2d%63%6f%6e%74%65%6e%74\/uploads\/2018\/03\/cronograma-de-pagos-casa-de-gobierno.jpg\" \/>\n\t<meta property=\"og:image:width\" content=\"1920\" \/>\n\t<meta property=\"og:image:height\" content=\"1280\" \/>\n\t<meta property=\"og:image:type\" content=\"image\/jpeg\" \/>\n<meta name=\"author\" content=\"Gonzalo Schmidt\" \/>\n<meta name=\"twitter:card\" content=\"summary_large_image\" \/>\n<meta name=\"twitter:creator\" content=\"@InformeLitoral\" \/>\n<meta name=\"twitter:site\" content=\"@InformeLitoral\" \/>\n<meta name=\"twitter:label1\" content=\"Escrito por\" \/>\n\t<meta name=\"twitter:data1\" content=\"Gonzalo Schmidt\" \/>\n\t<meta name=\"twitter:label2\" content=\"Tiempo de lectura\" \/>\n\t<meta name=\"twitter:data2\" content=\"1 minuto\" \/>\n<script type=\"application\/ld+json\" class=\"yoast-schema-graph\">{\"@context\":\"https:\\\/\\\/schema.org\",\"@graph\":[{\"@type\":\"Article\",\"@id\":\"https:\\\/\\\/informelitoral.com.ar\\\/este-sabado-los-estatales-comienzan-a-cobrar-los-sueldos-de-mayo-con-aumento\\\/#article\",\"isPartOf\":{\"@id\":\"https:\\\/\\\/informelitoral.com.ar\\\/este-sabado-los-estatales-comienzan-a-cobrar-los-sueldos-de-mayo-con-aumento\\\/\"},\"author\":{\"name\":\"Gonzalo Schmidt\",\"@id\":\"https:\\\/\\\/informelitoral.com.ar\\\/#\\\/schema\\\/person\\\/b9d00407c836482871ef1d57bf8e3180\"},\"headline\":\"Este s\u00e1bado los estatales comienzan a cobrar los sueldos de mayo con aumento\",\"datePublished\":\"2019-05-29T20:49:53+00:00\",\"dateModified\":\"2019-05-29T20:52:00+00:00\",\"mainEntityOfPage\":{\"@id\":\"https:\\\/\\\/informelitoral.com.ar\\\/este-sabado-los-estatales-comienzan-a-cobrar-los-sueldos-de-mayo-con-aumento\\\/\"},\"wordCount\":243,\"commentCount\":0,\"publisher\":{\"@id\":\"https:\\\/\\\/informelitoral.com.ar\\\/#organization\"},\"image\":{\"@id\":\"https:\\\/\\\/informelitoral.com.ar\\\/este-sabado-los-estatales-comienzan-a-cobrar-los-sueldos-de-mayo-con-aumento\\\/#primaryimage\"},\"thumbnailUrl\":\"https:\\\/\\\/informelitoral.com.ar\\\/%77%70%2d%63%6f%6e%74%65%6e%74\\\/uploads\\\/2018\\\/03\\\/cronograma-de-pagos-casa-de-gobierno.jpg\",\"keywords\":[\"Cronograma de pagos\",\"Estatales\",\"Gobierno provincial\"],\"articleSection\":[\"Entre R\u00edos\"],\"inLanguage\":\"es\",\"potentialAction\":[{\"@type\":\"CommentAction\",\"name\":\"Comment\",\"target\":[\"https:\\\/\\\/informelitoral.com.ar\\\/este-sabado-los-estatales-comienzan-a-cobrar-los-sueldos-de-mayo-con-aumento\\\/#respond\"]}]},{\"@type\":\"WebPage\",\"@id\":\"https:\\\/\\\/informelitoral.com.ar\\\/este-sabado-los-estatales-comienzan-a-cobrar-los-sueldos-de-mayo-con-aumento\\\/\",\"url\":\"https:\\\/\\\/informelitoral.com.ar\\\/este-sabado-los-estatales-comienzan-a-cobrar-los-sueldos-de-mayo-con-aumento\\\/\",\"name\":\"Este s\u00e1bado los estatales comienzan a cobrar los sueldos de mayo con aumento - Informe Litoral\",\"isPartOf\":{\"@id\":\"https:\\\/\\\/informelitoral.com.ar\\\/#website\"},\"primaryImageOfPage\":{\"@id\":\"https:\\\/\\\/informelitoral.com.ar\\\/este-sabado-los-estatales-comienzan-a-cobrar-los-sueldos-de-mayo-con-aumento\\\/#primaryimage\"},\"image\":{\"@id\":\"https:\\\/\\\/informelitoral.com.ar\\\/este-sabado-los-estatales-comienzan-a-cobrar-los-sueldos-de-mayo-con-aumento\\\/#primaryimage\"},\"thumbnailUrl\":\"https:\\\/\\\/informelitoral.com.ar\\\/%77%70%2d%63%6f%6e%74%65%6e%74\\\/uploads\\\/2018\\\/03\\\/cronograma-de-pagos-casa-de-gobierno.jpg\",\"datePublished\":\"2019-05-29T20:49:53+00:00\",\"dateModified\":\"2019-05-29T20:52:00+00:00\",\"breadcrumb\":{\"@id\":\"https:\\\/\\\/informelitoral.com.ar\\\/este-sabado-los-estatales-comienzan-a-cobrar-los-sueldos-de-mayo-con-aumento\\\/#breadcrumb\"},\"inLanguage\":\"es\",\"potentialAction\":[{\"@type\":\"ReadAction\",\"target\":[\"https:\\\/\\\/informelitoral.com.ar\\\/este-sabado-los-estatales-comienzan-a-cobrar-los-sueldos-de-mayo-con-aumento\\\/\"]}]},{\"@type\":\"ImageObject\",\"inLanguage\":\"es\",\"@id\":\"https:\\\/\\\/informelitoral.com.ar\\\/este-sabado-los-estatales-comienzan-a-cobrar-los-sueldos-de-mayo-con-aumento\\\/#primaryimage\",\"url\":\"https:\\\/\\\/informelitoral.com.ar\\\/%77%70%2d%63%6f%6e%74%65%6e%74\\\/uploads\\\/2018\\\/03\\\/cronograma-de-pagos-casa-de-gobierno.jpg\",\"contentUrl\":\"https:\\\/\\\/informelitoral.com.ar\\\/%77%70%2d%63%6f%6e%74%65%6e%74\\\/uploads\\\/2018\\\/03\\\/cronograma-de-pagos-casa-de-gobierno.jpg\",\"width\":1920,\"height\":1280},{\"@type\":\"BreadcrumbList\",\"@id\":\"https:\\\/\\\/informelitoral.com.ar\\\/este-sabado-los-estatales-comienzan-a-cobrar-los-sueldos-de-mayo-con-aumento\\\/#breadcrumb\",\"itemListElement\":[{\"@type\":\"ListItem\",\"position\":1,\"name\":\"Portada\",\"item\":\"https:\\\/\\\/informelitoral.com.ar\\\/\"},{\"@type\":\"ListItem\",\"position\":2,\"name\":\"Este s\u00e1bado los estatales comienzan a cobrar los sueldos de mayo con aumento\"}]},{\"@type\":\"WebSite\",\"@id\":\"https:\\\/\\\/informelitoral.com.ar\\\/#website\",\"url\":\"https:\\\/\\\/informelitoral.com.ar\\\/\",\"name\":\"Informe Litoral\",\"description\":\"&quot;Nos informamos&quot; \",\"publisher\":{\"@id\":\"https:\\\/\\\/informelitoral.com.ar\\\/#organization\"},\"potentialAction\":[{\"@type\":\"SearchAction\",\"target\":{\"@type\":\"EntryPoint\",\"urlTemplate\":\"https:\\\/\\\/informelitoral.com.ar\\\/?s={search_term_string}\"},\"query-input\":{\"@type\":\"PropertyValueSpecification\",\"valueRequired\":true,\"valueName\":\"search_term_string\"}}],\"inLanguage\":\"es\"},{\"@type\":\"Organization\",\"@id\":\"https:\\\/\\\/informelitoral.com.ar\\\/#organization\",\"name\":\"Informe Litoral\",\"url\":\"https:\\\/\\\/informelitoral.com.ar\\\/\",\"logo\":{\"@type\":\"ImageObject\",\"inLanguage\":\"es\",\"@id\":\"https:\\\/\\\/informelitoral.com.ar\\\/#\\\/schema\\\/logo\\\/image\\\/\",\"url\":\"https:\\\/\\\/informelitoral.com.ar\\\/%77%70%2d%63%6f%6e%74%65%6e%74\\\/uploads\\\/2021\\\/01\\\/circulo.png\",\"contentUrl\":\"https:\\\/\\\/informelitoral.com.ar\\\/%77%70%2d%63%6f%6e%74%65%6e%74\\\/uploads\\\/2021\\\/01\\\/circulo.png\",\"width\":723,\"height\":731,\"caption\":\"Informe Litoral\"},\"image\":{\"@id\":\"https:\\\/\\\/informelitoral.com.ar\\\/#\\\/schema\\\/logo\\\/image\\\/\"},\"sameAs\":[\"https:\\\/\\\/www.facebook.com\\\/informelitoral\\\/\",\"https:\\\/\\\/x.com\\\/InformeLitoral\",\"https:\\\/\\\/www.instagram.com\\\/informelitoral\\\/\",\"https:\\\/\\\/www.youtube.com\\\/channel\\\/UCua4Qvz8Icb6MYqhoq9xLXw\"]},{\"@type\":\"Person\",\"@id\":\"https:\\\/\\\/informelitoral.com.ar\\\/#\\\/schema\\\/person\\\/b9d00407c836482871ef1d57bf8e3180\",\"name\":\"Gonzalo Schmidt\",\"image\":{\"@type\":\"ImageObject\",\"inLanguage\":\"es\",\"@id\":\"https:\\\/\\\/secure.gravatar.com\\\/avatar\\\/31a1a7b66ff2de83bd0e9fd79d026630d2d99e55e8bfe501287647b4fd9743de?s=96&d=mm&r=g\",\"url\":\"https:\\\/\\\/secure.gravatar.com\\\/avatar\\\/31a1a7b66ff2de83bd0e9fd79d026630d2d99e55e8bfe501287647b4fd9743de?s=96&d=mm&r=g\",\"contentUrl\":\"https:\\\/\\\/secure.gravatar.com\\\/avatar\\\/31a1a7b66ff2de83bd0e9fd79d026630d2d99e55e8bfe501287647b4fd9743de?s=96&d=mm&r=g\",\"caption\":\"Gonzalo Schmidt\"},\"description\":\"Sitio web de noticias de la provincia de Entre R\u00edos, Argentina. Informaci\u00f3n y entretenimiento. Informe Litoral, nos informamos.\",\"sameAs\":[\"http:\\\/\\\/www.isletasnoticias.com.ar\"],\"url\":\"https:\\\/\\\/informelitoral.com.ar\\\/author\\\/gonzalo\\\/\"}]}<\/script>","yoast_head_json":{"title":"Este s\u00e1bado los estatales comienzan a cobrar los sueldos de mayo con aumento - Informe Litoral","robots":{"index":"index","follow":"follow","max-snippet":"max-snippet:-1","max-image-preview":"max-image-preview:large","max-video-preview":"max-video-preview:-1"},"canonical":"https:\/\/informelitoral.com.ar\/este-sabado-los-estatales-comienzan-a-cobrar-los-sueldos-de-mayo-con-aumento\/","og_locale":"es_ES","og_type":"article","og_title":"Este s\u00e1bado los estatales comienzan a cobrar los sueldos de mayo con aumento - Informe Litoral","og_description":"Entre el s\u00e1bado 1 de junio y el viernes 7 se har\u00e1 efectivo el pago de los haberes de mayo a activos y pasivos de la administraci\u00f3n p\u00fablica provincial. Los sueldos contemplan el incremento del 12 por ciento para los activos, el que fue acordado con los gremios estatales en la paritaria.","og_url":"https:\/\/informelitoral.com.ar\/este-sabado-los-estatales-comienzan-a-cobrar-los-sueldos-de-mayo-con-aumento\/","og_site_name":"Informe Litoral","article_publisher":"https:\/\/www.facebook.com\/informelitoral\/","article_published_time":"2019-05-29T20:49:53+00:00","article_modified_time":"2019-05-29T20:52:00+00:00","og_image":[{"width":1920,"height":1280,"url":"https:\/\/informelitoral.com.ar\/%77%70%2d%63%6f%6e%74%65%6e%74\/uploads\/2018\/03\/cronograma-de-pagos-casa-de-gobierno.jpg","type":"image\/jpeg"}],"author":"Gonzalo Schmidt","twitter_card":"summary_large_image","twitter_creator":"@InformeLitoral","twitter_site":"@InformeLitoral","twitter_misc":{"Escrito por":"Gonzalo Schmidt","Tiempo de lectura":"1 minuto"},"schema":{"@context":"https:\/\/schema.org","@graph":[{"@type":"Article","@id":"https:\/\/informelitoral.com.ar\/este-sabado-los-estatales-comienzan-a-cobrar-los-sueldos-de-mayo-con-aumento\/#article","isPartOf":{"@id":"https:\/\/informelitoral.com.ar\/este-sabado-los-estatales-comienzan-a-cobrar-los-sueldos-de-mayo-con-aumento\/"},"author":{"name":"Gonzalo Schmidt","@id":"https:\/\/informelitoral.com.ar\/#\/schema\/person\/b9d00407c836482871ef1d57bf8e3180"},"headline":"Este s\u00e1bado los estatales comienzan a cobrar los sueldos de mayo con aumento","datePublished":"2019-05-29T20:49:53+00:00","dateModified":"2019-05-29T20:52:00+00:00","mainEntityOfPage":{"@id":"https:\/\/informelitoral.com.ar\/este-sabado-los-estatales-comienzan-a-cobrar-los-sueldos-de-mayo-con-aumento\/"},"wordCount":243,"commentCount":0,"publisher":{"@id":"https:\/\/informelitoral.com.ar\/#organization"},"image":{"@id":"https:\/\/informelitoral.com.ar\/este-sabado-los-estatales-comienzan-a-cobrar-los-sueldos-de-mayo-con-aumento\/#primaryimage"},"thumbnailUrl":"https:\/\/informelitoral.com.ar\/%77%70%2d%63%6f%6e%74%65%6e%74\/uploads\/2018\/03\/cronograma-de-pagos-casa-de-gobierno.jpg","keywords":["Cronograma de pagos","Estatales","Gobierno provincial"],"articleSection":["Entre R\u00edos"],"inLanguage":"es","potentialAction":[{"@type":"CommentAction","name":"Comment","target":["https:\/\/informelitoral.com.ar\/este-sabado-los-estatales-comienzan-a-cobrar-los-sueldos-de-mayo-con-aumento\/#respond"]}]},{"@type":"WebPage","@id":"https:\/\/informelitoral.com.ar\/este-sabado-los-estatales-comienzan-a-cobrar-los-sueldos-de-mayo-con-aumento\/","url":"https:\/\/informelitoral.com.ar\/este-sabado-los-estatales-comienzan-a-cobrar-los-sueldos-de-mayo-con-aumento\/","name":"Este s\u00e1bado los estatales comienzan a cobrar los sueldos de mayo con aumento - Informe Litoral","isPartOf":{"@id":"https:\/\/informelitoral.com.ar\/#website"},"primaryImageOfPage":{"@id":"https:\/\/informelitoral.com.ar\/este-sabado-los-estatales-comienzan-a-cobrar-los-sueldos-de-mayo-con-aumento\/#primaryimage"},"image":{"@id":"https:\/\/informelitoral.com.ar\/este-sabado-los-estatales-comienzan-a-cobrar-los-sueldos-de-mayo-con-aumento\/#primaryimage"},"thumbnailUrl":"https:\/\/informelitoral.com.ar\/%77%70%2d%63%6f%6e%74%65%6e%74\/uploads\/2018\/03\/cronograma-de-pagos-casa-de-gobierno.jpg","datePublished":"2019-05-29T20:49:53+00:00","dateModified":"2019-05-29T20:52:00+00:00","breadcrumb":{"@id":"https:\/\/informelitoral.com.ar\/este-sabado-los-estatales-comienzan-a-cobrar-los-sueldos-de-mayo-con-aumento\/#breadcrumb"},"inLanguage":"es","potentialAction":[{"@type":"ReadAction","target":["https:\/\/informelitoral.com.ar\/este-sabado-los-estatales-comienzan-a-cobrar-los-sueldos-de-mayo-con-aumento\/"]}]},{"@type":"ImageObject","inLanguage":"es","@id":"https:\/\/informelitoral.com.ar\/este-sabado-los-estatales-comienzan-a-cobrar-los-sueldos-de-mayo-con-aumento\/#primaryimage","url":"https:\/\/informelitoral.com.ar\/%77%70%2d%63%6f%6e%74%65%6e%74\/uploads\/2018\/03\/cronograma-de-pagos-casa-de-gobierno.jpg","contentUrl":"https:\/\/informelitoral.com.ar\/%77%70%2d%63%6f%6e%74%65%6e%74\/uploads\/2018\/03\/cronograma-de-pagos-casa-de-gobierno.jpg","width":1920,"height":1280},{"@type":"BreadcrumbList","@id":"https:\/\/informelitoral.com.ar\/este-sabado-los-estatales-comienzan-a-cobrar-los-sueldos-de-mayo-con-aumento\/#breadcrumb","itemListElement":[{"@type":"ListItem","position":1,"name":"Portada","item":"https:\/\/informelitoral.com.ar\/"},{"@type":"ListItem","position":2,"name":"Este s\u00e1bado los estatales comienzan a cobrar los sueldos de mayo con aumento"}]},{"@type":"WebSite","@id":"https:\/\/informelitoral.com.ar\/#website","url":"https:\/\/informelitoral.com.ar\/","name":"Informe Litoral","description":"&quot;Nos informamos&quot; ","publisher":{"@id":"https:\/\/informelitoral.com.ar\/#organization"},"potentialAction":[{"@type":"SearchAction","target":{"@type":"EntryPoint","urlTemplate":"https:\/\/informelitoral.com.ar\/?s={search_term_string}"},"query-input":{"@type":"PropertyValueSpecification","valueRequired":true,"valueName":"search_term_string"}}],"inLanguage":"es"},{"@type":"Organization","@id":"https:\/\/informelitoral.com.ar\/#organization","name":"Informe Litoral","url":"https:\/\/informelitoral.com.ar\/","logo":{"@type":"ImageObject","inLanguage":"es","@id":"https:\/\/informelitoral.com.ar\/#\/schema\/logo\/image\/","url":"https:\/\/informelitoral.com.ar\/%77%70%2d%63%6f%6e%74%65%6e%74\/uploads\/2021\/01\/circulo.png","contentUrl":"https:\/\/informelitoral.com.ar\/%77%70%2d%63%6f%6e%74%65%6e%74\/uploads\/2021\/01\/circulo.png","width":723,"height":731,"caption":"Informe Litoral"},"image":{"@id":"https:\/\/informelitoral.com.ar\/#\/schema\/logo\/image\/"},"sameAs":["https:\/\/www.facebook.com\/informelitoral\/","https:\/\/x.com\/InformeLitoral","https:\/\/www.instagram.com\/informelitoral\/","https:\/\/www.youtube.com\/channel\/UCua4Qvz8Icb6MYqhoq9xLXw"]},{"@type":"Person","@id":"https:\/\/informelitoral.com.ar\/#\/schema\/person\/b9d00407c836482871ef1d57bf8e3180","name":"Gonzalo Schmidt","image":{"@type":"ImageObject","inLanguage":"es","@id":"https:\/\/secure.gravatar.com\/avatar\/31a1a7b66ff2de83bd0e9fd79d026630d2d99e55e8bfe501287647b4fd9743de?s=96&d=mm&r=g","url":"https:\/\/secure.gravatar.com\/avatar\/31a1a7b66ff2de83bd0e9fd79d026630d2d99e55e8bfe501287647b4fd9743de?s=96&d=mm&r=g","contentUrl":"https:\/\/secure.gravatar.com\/avatar\/31a1a7b66ff2de83bd0e9fd79d026630d2d99e55e8bfe501287647b4fd9743de?s=96&d=mm&r=g","caption":"Gonzalo Schmidt"},"description":"Sitio web de noticias de la provincia de Entre R\u00edos, Argentina. Informaci\u00f3n y entretenimiento. Informe Litoral, nos informamos.","sameAs":["http:\/\/www.isletasnoticias.com.ar"],"url":"https:\/\/informelitoral.com.ar\/author\/gonzalo\/"}]}},"_links":{"self":[{"href":"https:\/\/informelitoral.com.ar\/%77%70%2d%6a%73%6f%6e\/wp\/v2\/posts\/33970","targetHints":{"allow":["GET"]}}],"collection":[{"href":"https:\/\/informelitoral.com.ar\/%77%70%2d%6a%73%6f%6e\/wp\/v2\/posts"}],"about":[{"href":"https:\/\/informelitoral.com.ar\/%77%70%2d%6a%73%6f%6e\/wp\/v2\/types\/post"}],"author":[{"embeddable":true,"href":"https:\/\/informelitoral.com.ar\/%77%70%2d%6a%73%6f%6e\/wp\/v2\/users\/2"}],"replies":[{"embeddable":true,"href":"https:\/\/informelitoral.com.ar\/%77%70%2d%6a%73%6f%6e\/wp\/v2\/comments?post=33970"}],"version-history":[{"count":0,"href":"https:\/\/informelitoral.com.ar\/%77%70%2d%6a%73%6f%6e\/wp\/v2\/posts\/33970\/revisions"}],"wp:featuredmedia":[{"embeddable":true,"href":"https:\/\/informelitoral.com.ar\/%77%70%2d%6a%73%6f%6e\/wp\/v2\/media\/25885"}],"wp:attachment":[{"href":"https:\/\/informelitoral.com.ar\/%77%70%2d%6a%73%6f%6e\/wp\/v2\/media?parent=33970"}],"wp:term":[{"taxonomy":"category","embeddable":true,"href":"https:\/\/informelitoral.com.ar\/%77%70%2d%6a%73%6f%6e\/wp\/v2\/categories?post=33970"},{"taxonomy":"post_tag","embeddable":true,"href":"https:\/\/informelitoral.com.ar\/%77%70%2d%6a%73%6f%6e\/wp\/v2\/tags?post=33970"}],"curies":[{"name":"wp","href":"https:\/\/api.w.org\/{rel}","templated":true}]}}