{"id":3362,"date":"2013-09-24T21:24:45","date_gmt":"2013-09-25T00:24:45","guid":{"rendered":"http:\/\/www.isletasnoticias.com.ar\/?p=3362"},"modified":"2013-09-24T21:24:45","modified_gmt":"2013-09-25T00:24:45","slug":"concepcion-del-uruguay-embarcaran-31-000-toneladas-de-arroz-en-bolsa-con-destino-a-irak","status":"publish","type":"post","link":"https:\/\/informelitoral.com.ar\/concepcion-del-uruguay-embarcaran-31-000-toneladas-de-arroz-en-bolsa-con-destino-a-irak\/","title":{"rendered":"Concepci\u00f3n del Uruguay: embarcar\u00e1n 31.000 toneladas de arroz en bolsa con destino a Irak"},"content":{"rendered":"<p><strong>Para el 5 de octubre se prev\u00e9 que el buque Inlaco Express, de bandera vietnamita, arribe a la terminal para trabajar en la carga del arroz en bolsa que tiene como destino a Irak.<\/strong><\/p>\n<p><img loading=\"lazy\" decoding=\"async\" class=\"size-medium wp-image-3363 aligncenter\" alt=\"garcia.jpg_869080375\" src=\"http:\/\/www.isletasnoticias.com.ar\/%77%70%2d%63%6f%6e%74%65%6e%74\/uploads\/2013\/09\/garcia.jpg_869080375-300x225.jpg\" width=\"300\" height=\"225\" srcset=\"https:\/\/informelitoral.com.ar\/%77%70%2d%63%6f%6e%74%65%6e%74\/uploads\/2013\/09\/garcia.jpg_869080375-300x225.jpg 300w, https:\/\/informelitoral.com.ar\/%77%70%2d%63%6f%6e%74%65%6e%74\/uploads\/2013\/09\/garcia.jpg_869080375.jpg 624w\" sizes=\"auto, (max-width: 300px) 100vw, 300px\" \/><\/p>\n<p>En la operatoria tendr\u00e1n participaci\u00f3n distintas cooperativas arroceras de la provincia. La empresa exportadora es Glencore.<\/p>\n<p style=\"text-align: left;\">El ministro de Planeamiento, Infraestructura y Servicios, <strong>Juan Javier Garc\u00eda<\/strong>, y el titular del Instituto Portuario de Entre R\u00edos, <strong>Carlos Scelzi,<\/strong>\u00a0mantuvieron una reuni\u00f3n de trabajo donde analizaron los movimientos producidos en el \u00faltimo a\u00f1o en esa terminal. Destacaron que m\u00e1s de 250 personas intervienen en cada operaci\u00f3n portuaria y dieron a conocer la pr\u00f3xima operatoria que se producir\u00e1 en el puerto de La Hist\u00f3rica, en la que se embarcar\u00e1n 31.000 toneladas de arroz en bolsa con destino a Irak.<\/p>\n<p style=\"text-align: left;\">Durante el encuentro que mantuvieron ambos funcionarios dieron a conocer la pr\u00f3xima operatoria que se producir\u00e1 en el puerto de La\u00a0Hist\u00f3rica. Para el 5 de octubre se prev\u00e9 que el buque Inlaco Express, de bandera vietnamita, arribe a la terminal para trabajar en la carga de 31.000 toneladas de arroz en bolsa con destino a Irak. En la operatoria tendr\u00e1n participaci\u00f3n distintas cooperativas arroceras de la provincia. La empresa exportadora es Glencore.<\/p>\n<p style=\"text-align: left;\">El ministro Garc\u00eda destac\u00f3 que, adem\u00e1s del impacto que cada movimiento portuario produce en la econom\u00eda y productores de la regi\u00f3n as\u00ed como en el puerto en particular, \u201cen cada operaci\u00f3n que se produce en la terminal se ven involucradas alrededor de 250 personas en la carga del arroz en bolsa\u201d.<\/p>\n<p>Movimientos de la producci\u00f3n El presidente del Instituto Portuario, por su parte, indic\u00f3 que en el per\u00edodo 2012\/2013, se cargaron 70.795 toneladas de arroz, de las cuales 8.675 fue carga de arroz a granel. Tuvieron como destino los pa\u00edses de Brasil, Irak e Ir\u00e1n.<\/p>\n<p style=\"text-align: left;\">El dragado de emergencia que se realiz\u00f3 permiti\u00f3, adem\u00e1s, el ingreso al puerto a los buques con combustible que descargan en la planta ubicada en la zona portuaria. Desde all\u00ed se abastece a un sector importante de la Mesopotamia. Esta posibilidad de transporte aport\u00f3 a la disminuci\u00f3n de costos.<\/p>\n<p>En total, se produjo la llegada de 121 buques que ingresaron 464.716 toneladas de combustible l\u00edquido. Todos estos movimientos se produjeron en forma posterior al dragado de emergencia realizado en conjunto entre los gobiernos nacional y provincial, con el cual se lleg\u00f3 a dragar al r\u00edo Uruguay a 21 pies de calado.<\/p>\n","protected":false},"excerpt":{"rendered":"<p>Para el 5 de octubre se prev&eacute; que el buque Inlaco Express, de bandera vietnamita, arribe a la terminal para trabajar en la carga del arroz en bolsa que tiene como destino a Irak. En la operatoria tendr&aacute;n participaci&oacute;n distintas cooperativas arroceras de la provincia. La empresa exportadora es Glencore. El ministro de Planeamiento, Infraestructura [&hellip;]<\/p>\n","protected":false},"author":2,"featured_media":0,"comment_status":"open","ping_status":"open","sticky":false,"template":"","format":"standard","meta":{"fifu_image_url":"","fifu_image_alt":"","footnotes":""},"categories":[6],"tags":[],"class_list":{"0":"post-3362","1":"post","2":"type-post","3":"status-publish","4":"format-standard","6":"category-entre-rios"},"yoast_head":"<title>Concepci\u00f3n del Uruguay: embarcar\u00e1n 31.000 toneladas de arroz en bolsa con destino a Irak  - Informe Litoral<\/title>\n<meta name=\"robots\" content=\"index, follow, max-snippet:-1, max-image-preview:large, max-video-preview:-1\" \/>\n<link rel=\"canonical\" href=\"https:\/\/informelitoral.com.ar\/concepcion-del-uruguay-embarcaran-31-000-toneladas-de-arroz-en-bolsa-con-destino-a-irak\/\" \/>\n<meta property=\"og:locale\" content=\"es_ES\" \/>\n<meta property=\"og:type\" content=\"article\" \/>\n<meta property=\"og:title\" content=\"Concepci\u00f3n del Uruguay: embarcar\u00e1n 31.000 toneladas de arroz en bolsa con destino a Irak  - Informe Litoral\" \/>\n<meta property=\"og:description\" content=\"Para el 5 de octubre se prev&eacute; que el buque Inlaco Express, de bandera vietnamita, arribe a la terminal para trabajar en la carga del arroz en bolsa que tiene como destino a Irak. En la operatoria tendr&aacute;n participaci&oacute;n distintas cooperativas arroceras de la provincia. La empresa exportadora es Glencore. El ministro de Planeamiento, Infraestructura [&hellip;]\" \/>\n<meta property=\"og:url\" content=\"https:\/\/informelitoral.com.ar\/concepcion-del-uruguay-embarcaran-31-000-toneladas-de-arroz-en-bolsa-con-destino-a-irak\/\" \/>\n<meta property=\"og:site_name\" content=\"Informe Litoral\" \/>\n<meta property=\"article:publisher\" content=\"https:\/\/www.facebook.com\/informelitoral\/\" \/>\n<meta property=\"article:published_time\" content=\"2013-09-25T00:24:45+00:00\" \/>\n<meta property=\"og:image\" content=\"https:\/\/informelitoral.com.ar\/%77%70%2d%63%6f%6e%74%65%6e%74\/uploads\/2013\/09\/garcia.jpg_869080375.jpg\" \/>\n\t<meta property=\"og:image:width\" content=\"624\" \/>\n\t<meta property=\"og:image:height\" content=\"468\" \/>\n\t<meta property=\"og:image:type\" content=\"image\/jpeg\" \/>\n<meta name=\"author\" content=\"Gonzalo Schmidt\" \/>\n<meta name=\"twitter:card\" content=\"summary_large_image\" \/>\n<meta name=\"twitter:creator\" content=\"@InformeLitoral\" \/>\n<meta name=\"twitter:site\" content=\"@InformeLitoral\" \/>\n<meta name=\"twitter:label1\" content=\"Escrito por\" \/>\n\t<meta name=\"twitter:data1\" content=\"Gonzalo Schmidt\" \/>\n\t<meta name=\"twitter:label2\" content=\"Tiempo de lectura\" \/>\n\t<meta name=\"twitter:data2\" content=\"2 minutos\" \/>\n<script type=\"application\/ld+json\" class=\"yoast-schema-graph\">{\"@context\":\"https:\\\/\\\/schema.org\",\"@graph\":[{\"@type\":\"Article\",\"@id\":\"https:\\\/\\\/informelitoral.com.ar\\\/concepcion-del-uruguay-embarcaran-31-000-toneladas-de-arroz-en-bolsa-con-destino-a-irak\\\/#article\",\"isPartOf\":{\"@id\":\"https:\\\/\\\/informelitoral.com.ar\\\/concepcion-del-uruguay-embarcaran-31-000-toneladas-de-arroz-en-bolsa-con-destino-a-irak\\\/\"},\"author\":{\"name\":\"Gonzalo Schmidt\",\"@id\":\"https:\\\/\\\/informelitoral.com.ar\\\/#\\\/schema\\\/person\\\/b9d00407c836482871ef1d57bf8e3180\"},\"headline\":\"Concepci\u00f3n del Uruguay: embarcar\u00e1n 31.000 toneladas de arroz en bolsa con destino a Irak\",\"datePublished\":\"2013-09-25T00:24:45+00:00\",\"mainEntityOfPage\":{\"@id\":\"https:\\\/\\\/informelitoral.com.ar\\\/concepcion-del-uruguay-embarcaran-31-000-toneladas-de-arroz-en-bolsa-con-destino-a-irak\\\/\"},\"wordCount\":430,\"commentCount\":0,\"publisher\":{\"@id\":\"https:\\\/\\\/informelitoral.com.ar\\\/#organization\"},\"image\":{\"@id\":\"https:\\\/\\\/informelitoral.com.ar\\\/concepcion-del-uruguay-embarcaran-31-000-toneladas-de-arroz-en-bolsa-con-destino-a-irak\\\/#primaryimage\"},\"thumbnailUrl\":\"http:\\\/\\\/www.isletasnoticias.com.ar\\\/%77%70%2d%63%6f%6e%74%65%6e%74\\\/uploads\\\/2013\\\/09\\\/garcia.jpg_869080375-300x225.jpg\",\"articleSection\":[\"Entre R\u00edos\"],\"inLanguage\":\"es\",\"potentialAction\":[{\"@type\":\"CommentAction\",\"name\":\"Comment\",\"target\":[\"https:\\\/\\\/informelitoral.com.ar\\\/concepcion-del-uruguay-embarcaran-31-000-toneladas-de-arroz-en-bolsa-con-destino-a-irak\\\/#respond\"]}]},{\"@type\":\"WebPage\",\"@id\":\"https:\\\/\\\/informelitoral.com.ar\\\/concepcion-del-uruguay-embarcaran-31-000-toneladas-de-arroz-en-bolsa-con-destino-a-irak\\\/\",\"url\":\"https:\\\/\\\/informelitoral.com.ar\\\/concepcion-del-uruguay-embarcaran-31-000-toneladas-de-arroz-en-bolsa-con-destino-a-irak\\\/\",\"name\":\"Concepci\u00f3n del Uruguay: embarcar\u00e1n 31.000 toneladas de arroz en bolsa con destino a Irak - Informe Litoral\",\"isPartOf\":{\"@id\":\"https:\\\/\\\/informelitoral.com.ar\\\/#website\"},\"primaryImageOfPage\":{\"@id\":\"https:\\\/\\\/informelitoral.com.ar\\\/concepcion-del-uruguay-embarcaran-31-000-toneladas-de-arroz-en-bolsa-con-destino-a-irak\\\/#primaryimage\"},\"image\":{\"@id\":\"https:\\\/\\\/informelitoral.com.ar\\\/concepcion-del-uruguay-embarcaran-31-000-toneladas-de-arroz-en-bolsa-con-destino-a-irak\\\/#primaryimage\"},\"thumbnailUrl\":\"http:\\\/\\\/www.isletasnoticias.com.ar\\\/%77%70%2d%63%6f%6e%74%65%6e%74\\\/uploads\\\/2013\\\/09\\\/garcia.jpg_869080375-300x225.jpg\",\"datePublished\":\"2013-09-25T00:24:45+00:00\",\"breadcrumb\":{\"@id\":\"https:\\\/\\\/informelitoral.com.ar\\\/concepcion-del-uruguay-embarcaran-31-000-toneladas-de-arroz-en-bolsa-con-destino-a-irak\\\/#breadcrumb\"},\"inLanguage\":\"es\",\"potentialAction\":[{\"@type\":\"ReadAction\",\"target\":[\"https:\\\/\\\/informelitoral.com.ar\\\/concepcion-del-uruguay-embarcaran-31-000-toneladas-de-arroz-en-bolsa-con-destino-a-irak\\\/\"]}]},{\"@type\":\"ImageObject\",\"inLanguage\":\"es\",\"@id\":\"https:\\\/\\\/informelitoral.com.ar\\\/concepcion-del-uruguay-embarcaran-31-000-toneladas-de-arroz-en-bolsa-con-destino-a-irak\\\/#primaryimage\",\"url\":\"http:\\\/\\\/www.isletasnoticias.com.ar\\\/%77%70%2d%63%6f%6e%74%65%6e%74\\\/uploads\\\/2013\\\/09\\\/garcia.jpg_869080375-300x225.jpg\",\"contentUrl\":\"http:\\\/\\\/www.isletasnoticias.com.ar\\\/%77%70%2d%63%6f%6e%74%65%6e%74\\\/uploads\\\/2013\\\/09\\\/garcia.jpg_869080375-300x225.jpg\"},{\"@type\":\"BreadcrumbList\",\"@id\":\"https:\\\/\\\/informelitoral.com.ar\\\/concepcion-del-uruguay-embarcaran-31-000-toneladas-de-arroz-en-bolsa-con-destino-a-irak\\\/#breadcrumb\",\"itemListElement\":[{\"@type\":\"ListItem\",\"position\":1,\"name\":\"Portada\",\"item\":\"https:\\\/\\\/informelitoral.com.ar\\\/\"},{\"@type\":\"ListItem\",\"position\":2,\"name\":\"Concepci\u00f3n del Uruguay: embarcar\u00e1n 31.000 toneladas de arroz en bolsa con destino a Irak\"}]},{\"@type\":\"WebSite\",\"@id\":\"https:\\\/\\\/informelitoral.com.ar\\\/#website\",\"url\":\"https:\\\/\\\/informelitoral.com.ar\\\/\",\"name\":\"Informe Litoral\",\"description\":\"&quot;Nos informamos&quot; \",\"publisher\":{\"@id\":\"https:\\\/\\\/informelitoral.com.ar\\\/#organization\"},\"potentialAction\":[{\"@type\":\"SearchAction\",\"target\":{\"@type\":\"EntryPoint\",\"urlTemplate\":\"https:\\\/\\\/informelitoral.com.ar\\\/?s={search_term_string}\"},\"query-input\":{\"@type\":\"PropertyValueSpecification\",\"valueRequired\":true,\"valueName\":\"search_term_string\"}}],\"inLanguage\":\"es\"},{\"@type\":\"Organization\",\"@id\":\"https:\\\/\\\/informelitoral.com.ar\\\/#organization\",\"name\":\"Informe Litoral\",\"url\":\"https:\\\/\\\/informelitoral.com.ar\\\/\",\"logo\":{\"@type\":\"ImageObject\",\"inLanguage\":\"es\",\"@id\":\"https:\\\/\\\/informelitoral.com.ar\\\/#\\\/schema\\\/logo\\\/image\\\/\",\"url\":\"https:\\\/\\\/informelitoral.com.ar\\\/%77%70%2d%63%6f%6e%74%65%6e%74\\\/uploads\\\/2021\\\/01\\\/circulo.png\",\"contentUrl\":\"https:\\\/\\\/informelitoral.com.ar\\\/%77%70%2d%63%6f%6e%74%65%6e%74\\\/uploads\\\/2021\\\/01\\\/circulo.png\",\"width\":723,\"height\":731,\"caption\":\"Informe Litoral\"},\"image\":{\"@id\":\"https:\\\/\\\/informelitoral.com.ar\\\/#\\\/schema\\\/logo\\\/image\\\/\"},\"sameAs\":[\"https:\\\/\\\/www.facebook.com\\\/informelitoral\\\/\",\"https:\\\/\\\/x.com\\\/InformeLitoral\",\"https:\\\/\\\/www.instagram.com\\\/informelitoral\\\/\",\"https:\\\/\\\/www.youtube.com\\\/channel\\\/UCua4Qvz8Icb6MYqhoq9xLXw\"]},{\"@type\":\"Person\",\"@id\":\"https:\\\/\\\/informelitoral.com.ar\\\/#\\\/schema\\\/person\\\/b9d00407c836482871ef1d57bf8e3180\",\"name\":\"Gonzalo Schmidt\",\"image\":{\"@type\":\"ImageObject\",\"inLanguage\":\"es\",\"@id\":\"https:\\\/\\\/secure.gravatar.com\\\/avatar\\\/31a1a7b66ff2de83bd0e9fd79d026630d2d99e55e8bfe501287647b4fd9743de?s=96&d=mm&r=g\",\"url\":\"https:\\\/\\\/secure.gravatar.com\\\/avatar\\\/31a1a7b66ff2de83bd0e9fd79d026630d2d99e55e8bfe501287647b4fd9743de?s=96&d=mm&r=g\",\"contentUrl\":\"https:\\\/\\\/secure.gravatar.com\\\/avatar\\\/31a1a7b66ff2de83bd0e9fd79d026630d2d99e55e8bfe501287647b4fd9743de?s=96&d=mm&r=g\",\"caption\":\"Gonzalo Schmidt\"},\"description\":\"Sitio web de noticias de la provincia de Entre R\u00edos, Argentina. Informaci\u00f3n y entretenimiento. Informe Litoral, nos informamos.\",\"sameAs\":[\"http:\\\/\\\/www.isletasnoticias.com.ar\"],\"url\":\"https:\\\/\\\/informelitoral.com.ar\\\/author\\\/gonzalo\\\/\"}]}<\/script>","yoast_head_json":{"title":"Concepci\u00f3n del Uruguay: embarcar\u00e1n 31.000 toneladas de arroz en bolsa con destino a Irak  - Informe Litoral","robots":{"index":"index","follow":"follow","max-snippet":"max-snippet:-1","max-image-preview":"max-image-preview:large","max-video-preview":"max-video-preview:-1"},"canonical":"https:\/\/informelitoral.com.ar\/concepcion-del-uruguay-embarcaran-31-000-toneladas-de-arroz-en-bolsa-con-destino-a-irak\/","og_locale":"es_ES","og_type":"article","og_title":"Concepci\u00f3n del Uruguay: embarcar\u00e1n 31.000 toneladas de arroz en bolsa con destino a Irak  - Informe Litoral","og_description":"Para el 5 de octubre se prev&eacute; que el buque Inlaco Express, de bandera vietnamita, arribe a la terminal para trabajar en la carga del arroz en bolsa que tiene como destino a Irak. En la operatoria tendr&aacute;n participaci&oacute;n distintas cooperativas arroceras de la provincia. La empresa exportadora es Glencore. El ministro de Planeamiento, Infraestructura [&hellip;]","og_url":"https:\/\/informelitoral.com.ar\/concepcion-del-uruguay-embarcaran-31-000-toneladas-de-arroz-en-bolsa-con-destino-a-irak\/","og_site_name":"Informe Litoral","article_publisher":"https:\/\/www.facebook.com\/informelitoral\/","article_published_time":"2013-09-25T00:24:45+00:00","og_image":[{"width":624,"height":468,"url":"https:\/\/informelitoral.com.ar\/%77%70%2d%63%6f%6e%74%65%6e%74\/uploads\/2013\/09\/garcia.jpg_869080375.jpg","type":"image\/jpeg"}],"author":"Gonzalo Schmidt","twitter_card":"summary_large_image","twitter_creator":"@InformeLitoral","twitter_site":"@InformeLitoral","twitter_misc":{"Escrito por":"Gonzalo Schmidt","Tiempo de lectura":"2 minutos"},"schema":{"@context":"https:\/\/schema.org","@graph":[{"@type":"Article","@id":"https:\/\/informelitoral.com.ar\/concepcion-del-uruguay-embarcaran-31-000-toneladas-de-arroz-en-bolsa-con-destino-a-irak\/#article","isPartOf":{"@id":"https:\/\/informelitoral.com.ar\/concepcion-del-uruguay-embarcaran-31-000-toneladas-de-arroz-en-bolsa-con-destino-a-irak\/"},"author":{"name":"Gonzalo Schmidt","@id":"https:\/\/informelitoral.com.ar\/#\/schema\/person\/b9d00407c836482871ef1d57bf8e3180"},"headline":"Concepci\u00f3n del Uruguay: embarcar\u00e1n 31.000 toneladas de arroz en bolsa con destino a Irak","datePublished":"2013-09-25T00:24:45+00:00","mainEntityOfPage":{"@id":"https:\/\/informelitoral.com.ar\/concepcion-del-uruguay-embarcaran-31-000-toneladas-de-arroz-en-bolsa-con-destino-a-irak\/"},"wordCount":430,"commentCount":0,"publisher":{"@id":"https:\/\/informelitoral.com.ar\/#organization"},"image":{"@id":"https:\/\/informelitoral.com.ar\/concepcion-del-uruguay-embarcaran-31-000-toneladas-de-arroz-en-bolsa-con-destino-a-irak\/#primaryimage"},"thumbnailUrl":"http:\/\/www.isletasnoticias.com.ar\/%77%70%2d%63%6f%6e%74%65%6e%74\/uploads\/2013\/09\/garcia.jpg_869080375-300x225.jpg","articleSection":["Entre R\u00edos"],"inLanguage":"es","potentialAction":[{"@type":"CommentAction","name":"Comment","target":["https:\/\/informelitoral.com.ar\/concepcion-del-uruguay-embarcaran-31-000-toneladas-de-arroz-en-bolsa-con-destino-a-irak\/#respond"]}]},{"@type":"WebPage","@id":"https:\/\/informelitoral.com.ar\/concepcion-del-uruguay-embarcaran-31-000-toneladas-de-arroz-en-bolsa-con-destino-a-irak\/","url":"https:\/\/informelitoral.com.ar\/concepcion-del-uruguay-embarcaran-31-000-toneladas-de-arroz-en-bolsa-con-destino-a-irak\/","name":"Concepci\u00f3n del Uruguay: embarcar\u00e1n 31.000 toneladas de arroz en bolsa con destino a Irak - Informe Litoral","isPartOf":{"@id":"https:\/\/informelitoral.com.ar\/#website"},"primaryImageOfPage":{"@id":"https:\/\/informelitoral.com.ar\/concepcion-del-uruguay-embarcaran-31-000-toneladas-de-arroz-en-bolsa-con-destino-a-irak\/#primaryimage"},"image":{"@id":"https:\/\/informelitoral.com.ar\/concepcion-del-uruguay-embarcaran-31-000-toneladas-de-arroz-en-bolsa-con-destino-a-irak\/#primaryimage"},"thumbnailUrl":"http:\/\/www.isletasnoticias.com.ar\/%77%70%2d%63%6f%6e%74%65%6e%74\/uploads\/2013\/09\/garcia.jpg_869080375-300x225.jpg","datePublished":"2013-09-25T00:24:45+00:00","breadcrumb":{"@id":"https:\/\/informelitoral.com.ar\/concepcion-del-uruguay-embarcaran-31-000-toneladas-de-arroz-en-bolsa-con-destino-a-irak\/#breadcrumb"},"inLanguage":"es","potentialAction":[{"@type":"ReadAction","target":["https:\/\/informelitoral.com.ar\/concepcion-del-uruguay-embarcaran-31-000-toneladas-de-arroz-en-bolsa-con-destino-a-irak\/"]}]},{"@type":"ImageObject","inLanguage":"es","@id":"https:\/\/informelitoral.com.ar\/concepcion-del-uruguay-embarcaran-31-000-toneladas-de-arroz-en-bolsa-con-destino-a-irak\/#primaryimage","url":"http:\/\/www.isletasnoticias.com.ar\/%77%70%2d%63%6f%6e%74%65%6e%74\/uploads\/2013\/09\/garcia.jpg_869080375-300x225.jpg","contentUrl":"http:\/\/www.isletasnoticias.com.ar\/%77%70%2d%63%6f%6e%74%65%6e%74\/uploads\/2013\/09\/garcia.jpg_869080375-300x225.jpg"},{"@type":"BreadcrumbList","@id":"https:\/\/informelitoral.com.ar\/concepcion-del-uruguay-embarcaran-31-000-toneladas-de-arroz-en-bolsa-con-destino-a-irak\/#breadcrumb","itemListElement":[{"@type":"ListItem","position":1,"name":"Portada","item":"https:\/\/informelitoral.com.ar\/"},{"@type":"ListItem","position":2,"name":"Concepci\u00f3n del Uruguay: embarcar\u00e1n 31.000 toneladas de arroz en bolsa con destino a Irak"}]},{"@type":"WebSite","@id":"https:\/\/informelitoral.com.ar\/#website","url":"https:\/\/informelitoral.com.ar\/","name":"Informe Litoral","description":"&quot;Nos informamos&quot; ","publisher":{"@id":"https:\/\/informelitoral.com.ar\/#organization"},"potentialAction":[{"@type":"SearchAction","target":{"@type":"EntryPoint","urlTemplate":"https:\/\/informelitoral.com.ar\/?s={search_term_string}"},"query-input":{"@type":"PropertyValueSpecification","valueRequired":true,"valueName":"search_term_string"}}],"inLanguage":"es"},{"@type":"Organization","@id":"https:\/\/informelitoral.com.ar\/#organization","name":"Informe Litoral","url":"https:\/\/informelitoral.com.ar\/","logo":{"@type":"ImageObject","inLanguage":"es","@id":"https:\/\/informelitoral.com.ar\/#\/schema\/logo\/image\/","url":"https:\/\/informelitoral.com.ar\/%77%70%2d%63%6f%6e%74%65%6e%74\/uploads\/2021\/01\/circulo.png","contentUrl":"https:\/\/informelitoral.com.ar\/%77%70%2d%63%6f%6e%74%65%6e%74\/uploads\/2021\/01\/circulo.png","width":723,"height":731,"caption":"Informe Litoral"},"image":{"@id":"https:\/\/informelitoral.com.ar\/#\/schema\/logo\/image\/"},"sameAs":["https:\/\/www.facebook.com\/informelitoral\/","https:\/\/x.com\/InformeLitoral","https:\/\/www.instagram.com\/informelitoral\/","https:\/\/www.youtube.com\/channel\/UCua4Qvz8Icb6MYqhoq9xLXw"]},{"@type":"Person","@id":"https:\/\/informelitoral.com.ar\/#\/schema\/person\/b9d00407c836482871ef1d57bf8e3180","name":"Gonzalo Schmidt","image":{"@type":"ImageObject","inLanguage":"es","@id":"https:\/\/secure.gravatar.com\/avatar\/31a1a7b66ff2de83bd0e9fd79d026630d2d99e55e8bfe501287647b4fd9743de?s=96&d=mm&r=g","url":"https:\/\/secure.gravatar.com\/avatar\/31a1a7b66ff2de83bd0e9fd79d026630d2d99e55e8bfe501287647b4fd9743de?s=96&d=mm&r=g","contentUrl":"https:\/\/secure.gravatar.com\/avatar\/31a1a7b66ff2de83bd0e9fd79d026630d2d99e55e8bfe501287647b4fd9743de?s=96&d=mm&r=g","caption":"Gonzalo Schmidt"},"description":"Sitio web de noticias de la provincia de Entre R\u00edos, Argentina. Informaci\u00f3n y entretenimiento. Informe Litoral, nos informamos.","sameAs":["http:\/\/www.isletasnoticias.com.ar"],"url":"https:\/\/informelitoral.com.ar\/author\/gonzalo\/"}]}},"_links":{"self":[{"href":"https:\/\/informelitoral.com.ar\/%77%70%2d%6a%73%6f%6e\/wp\/v2\/posts\/3362","targetHints":{"allow":["GET"]}}],"collection":[{"href":"https:\/\/informelitoral.com.ar\/%77%70%2d%6a%73%6f%6e\/wp\/v2\/posts"}],"about":[{"href":"https:\/\/informelitoral.com.ar\/%77%70%2d%6a%73%6f%6e\/wp\/v2\/types\/post"}],"author":[{"embeddable":true,"href":"https:\/\/informelitoral.com.ar\/%77%70%2d%6a%73%6f%6e\/wp\/v2\/users\/2"}],"replies":[{"embeddable":true,"href":"https:\/\/informelitoral.com.ar\/%77%70%2d%6a%73%6f%6e\/wp\/v2\/comments?post=3362"}],"version-history":[{"count":0,"href":"https:\/\/informelitoral.com.ar\/%77%70%2d%6a%73%6f%6e\/wp\/v2\/posts\/3362\/revisions"}],"wp:attachment":[{"href":"https:\/\/informelitoral.com.ar\/%77%70%2d%6a%73%6f%6e\/wp\/v2\/media?parent=3362"}],"wp:term":[{"taxonomy":"category","embeddable":true,"href":"https:\/\/informelitoral.com.ar\/%77%70%2d%6a%73%6f%6e\/wp\/v2\/categories?post=3362"},{"taxonomy":"post_tag","embeddable":true,"href":"https:\/\/informelitoral.com.ar\/%77%70%2d%6a%73%6f%6e\/wp\/v2\/tags?post=3362"}],"curies":[{"name":"wp","href":"https:\/\/api.w.org\/{rel}","templated":true}]}}