{"id":3356,"date":"2013-09-24T13:43:01","date_gmt":"2013-09-24T16:43:01","guid":{"rendered":"http:\/\/www.isletasnoticias.com.ar\/?p=3356"},"modified":"2013-09-24T13:50:19","modified_gmt":"2013-09-24T16:50:19","slug":"santa-elena-nuevamente-un-periodista-fue-golpeado-por-presunto-puntero-del-intendente-peronista-rossi","status":"publish","type":"post","link":"https:\/\/informelitoral.com.ar\/santa-elena-nuevamente-un-periodista-fue-golpeado-por-presunto-puntero-del-intendente-peronista-rossi\/","title":{"rendered":"Santa Elena: nuevamente un periodista fue golpeado por presunto puntero del intendente peronista Rossi"},"content":{"rendered":"<p><strong><em>Carlos Furman<\/em> denunci\u00f3 que fue salvajemente golpeado en la radio donde trabaja. Identific\u00f3 a agresor como puntero del inte<strong>ndente Rossi. Advierte que la justicia \u201cno hace nada\u201d. En julio le hab\u00edan pintado el auto con cruces esv\u00e1sticas.<\/strong><\/strong><\/p>\n<p><img loading=\"lazy\" decoding=\"async\" class=\"size-medium wp-image-3357 aligncenter\" alt=\"o_1380037559\" src=\"http:\/\/www.isletasnoticias.com.ar\/%77%70%2d%63%6f%6e%74%65%6e%74\/uploads\/2013\/09\/o_1380037559-300x168.jpg\" width=\"300\" height=\"168\" srcset=\"https:\/\/informelitoral.com.ar\/%77%70%2d%63%6f%6e%74%65%6e%74\/uploads\/2013\/09\/o_1380037559-300x168.jpg 300w, https:\/\/informelitoral.com.ar\/%77%70%2d%63%6f%6e%74%65%6e%74\/uploads\/2013\/09\/o_1380037559.jpg 640w\" sizes=\"auto, (max-width: 300px) 100vw, 300px\" \/><\/p>\n<p>Las agresiones contra el periodista santaelenense<strong> Carlos Furman<\/strong> parecen no tener fin y sus autores no tienen ning\u00fan tipo de impedimento judicial, pol\u00edtico y\/o policial para cesar en su accionar. En febrero ya lo hab\u00edan golpeado,\u00a0en julio le pintaron cruces esv\u00e1sticas en el auto y continuamente recibe amenazas por mensajes de texto.<\/p>\n<p style=\"text-align: left;\">El \u00faltimo eslab\u00f3n de esta cadena de lamentables acontecimientos fue la golpiza que recibi\u00f3 este viernes cuando se encontraba en la radio donde desempe\u00f1a su trabajo cotidiano mientras realizaba tareas de producci\u00f3n junto con su operador t\u00e9cnico. Seg\u00fan relat\u00f3 a<em>\u00a0F5<\/em>, se acercaron a la radio un par de individuos, padre e hijo, entre ellos \u201cun puntero de intendente local que trabaja en el hospital me propin\u00f3 unos cuantos golpes, con total impunidad\u201d, denunci\u00f3.<\/p>\n<p style=\"text-align: left;\">Furman coment\u00f3 que mientras lo insultaban y golpeaban le hac\u00edan referencia su pertenencia a la comunidad jud\u00eda. Como consecuencia de los golpes, sufri\u00f3 heridas sangrantes en la nariz.<\/p>\n<p><b>Reino de impunidad<\/b><br \/>\nEl conductor de radio dijo que debi\u00f3 esperar para hacer la denuncia porque el propio agresor realizaba una exposici\u00f3n argumentando porqu\u00e9 le peg\u00f3, en palabras de un oficial de polic\u00eda. Cuando lleg\u00f3 al hospital se encontr\u00f3 nuevamente cara a cara con su victimario y continuaron las amenazas e insultos. Asimismo, Furman denunci\u00f3 que despu\u00e9s de hacerse una radiograf\u00eda y mientras esperaba un traumat\u00f3logo lleg\u00f3 la esposa del agresor, que lo rasgu\u00f1\u00f3. \u201cMe agredieron y me insultaron tanto que no pude hacer el informe para la justicia. El traumat\u00f3logo me dijo `volv\u00e9 el martes pero a escondidas\u2019\u201d. Incre\u00edble.<\/p>\n<p style=\"text-align: left;\">El periodista afirma no haber recibido \u201cninguna respuesta\u201d de la justicia. \u201cSi vieran mi celular, tengo 30 mensajes de texto con `jud\u00edo, la puta que te pari\u00f3\u2019, `te vamos a hacer jab\u00f3n\u2019, `hay una bala para vos\u2019. El 90 por ciento de esos mensajes los baj\u00e9 en el juzgado de La Paz, los transcribieron, tomaron el n\u00famero, fueron los oficios a las empresas de Capital Federal. Y el juez (<strong>Carlos<\/strong>)<strong> Trajtemberg<\/strong> sobresey\u00f3 a tres ya\u201d.<\/p>\n<p style=\"text-align: left;\">\u201cCuando el martes vino el gobernador, en el palco estaban el vicegobernador, el senador Ballestena y cuando iba a hablar el intendente Rossi un grupo de manifestantes le grit\u00f3 `chorro, ladr\u00f3n\u2019 y no lo dej\u00f3 hablar. Nosotros le damos aire a esos manifestantes que despu\u00e9s Rossi los trata de drogadictos, borrachos y prostitutas, y el hecho de escuchar a la gente nos lleva a vivir estas situaciones\u201d, explic\u00f3.<\/p>\n<p><a href=\"http:\/\/www.isletasnoticias.com.ar\/%77%70%2d%63%6f%6e%74%65%6e%74\/uploads\/2013\/09\/rossi.jpg\"><img loading=\"lazy\" decoding=\"async\" class=\"size-medium wp-image-3360 alignright\" title=\"El periodista Identific\u00f3 a agresor como puntero del intendente Rossi\" alt=\"\" src=\"http:\/\/www.isletasnoticias.com.ar\/%77%70%2d%63%6f%6e%74%65%6e%74\/uploads\/2013\/09\/rossi-300x169.jpg\" width=\"300\" height=\"169\" srcset=\"https:\/\/informelitoral.com.ar\/%77%70%2d%63%6f%6e%74%65%6e%74\/uploads\/2013\/09\/rossi-300x169.jpg 300w, https:\/\/informelitoral.com.ar\/%77%70%2d%63%6f%6e%74%65%6e%74\/uploads\/2013\/09\/rossi.jpg 600w\" sizes=\"auto, (max-width: 300px) 100vw, 300px\" \/><\/a><\/p>\n<p style=\"text-align: left;\">Pero las intimidaciones no cesaron despu\u00e9s del hecho del viernes: \u201cayer cuando salgo de la radio nuevamente estaba este individuo amenaz\u00e1ndome, en un auto, con toda la impunidad. Otra vez fueron a agredirme, llamo a la polic\u00eda y casi me caga a trompadas la polic\u00eda a m\u00ed y tengo testigos, filmaciones. Esto pasa en Santa Elena y no pasa en ning\u00fan otro lugar. Hay un narcotraficante que estuvo preso tambi\u00e9n por corrupci\u00f3n de menores y trabaja en una escuela\u201d, dijo agregando otro elemento bochornoso para la vida de esa ciudad del departamento La Paz.<\/p>\n<p style=\"text-align: left;\">Fuente: Informe Digital \/ Edici\u00f3n y t\u00edtulo: IN<\/p>\n","protected":false},"excerpt":{"rendered":"<p>Carlos Furman denunci&oacute; que fue salvajemente golpeado en la radio donde trabaja. Identific&oacute; a agresor como puntero del intendente Rossi. Advierte que la justicia &ldquo;no hace nada&rdquo;. En julio le hab&iacute;an pintado el auto con cruces esv&aacute;sticas. Las agresiones contra el periodista santaelenense Carlos Furman parecen no tener fin y sus autores no tienen ning&uacute;n [&hellip;]<\/p>\n","protected":false},"author":2,"featured_media":0,"comment_status":"open","ping_status":"open","sticky":false,"template":"","format":"standard","meta":{"fifu_image_url":"","fifu_image_alt":"","footnotes":""},"categories":[6,16],"tags":[],"class_list":{"0":"post-3356","1":"post","2":"type-post","3":"status-publish","4":"format-standard","6":"category-entre-rios","7":"category-politi"},"yoast_head":"<title>Santa Elena: nuevamente un periodista fue golpeado por presunto puntero del intendente peronista Rossi  - Informe Litoral<\/title>\n<meta name=\"robots\" content=\"index, follow, max-snippet:-1, max-image-preview:large, max-video-preview:-1\" \/>\n<link rel=\"canonical\" href=\"https:\/\/informelitoral.com.ar\/santa-elena-nuevamente-un-periodista-fue-golpeado-por-presunto-puntero-del-intendente-peronista-rossi\/\" \/>\n<meta property=\"og:locale\" content=\"es_ES\" \/>\n<meta property=\"og:type\" content=\"article\" \/>\n<meta property=\"og:title\" content=\"Santa Elena: nuevamente un periodista fue golpeado por presunto puntero del intendente peronista Rossi  - Informe Litoral\" \/>\n<meta property=\"og:description\" content=\"Carlos Furman denunci&oacute; que fue salvajemente golpeado en la radio donde trabaja. Identific&oacute; a agresor como puntero del intendente Rossi. Advierte que la justicia &ldquo;no hace nada&rdquo;. En julio le hab&iacute;an pintado el auto con cruces esv&aacute;sticas. Las agresiones contra el periodista santaelenense Carlos Furman parecen no tener fin y sus autores no tienen ning&uacute;n [&hellip;]\" \/>\n<meta property=\"og:url\" content=\"https:\/\/informelitoral.com.ar\/santa-elena-nuevamente-un-periodista-fue-golpeado-por-presunto-puntero-del-intendente-peronista-rossi\/\" \/>\n<meta property=\"og:site_name\" content=\"Informe Litoral\" \/>\n<meta property=\"article:publisher\" content=\"https:\/\/www.facebook.com\/informelitoral\/\" \/>\n<meta property=\"article:published_time\" content=\"2013-09-24T16:43:01+00:00\" \/>\n<meta property=\"article:modified_time\" content=\"2013-09-24T16:50:19+00:00\" \/>\n<meta property=\"og:image\" content=\"https:\/\/informelitoral.com.ar\/%77%70%2d%63%6f%6e%74%65%6e%74\/uploads\/2013\/09\/o_1380037559.jpg\" \/>\n\t<meta property=\"og:image:width\" content=\"640\" \/>\n\t<meta property=\"og:image:height\" content=\"360\" \/>\n\t<meta property=\"og:image:type\" content=\"image\/jpeg\" \/>\n<meta name=\"author\" content=\"Gonzalo Schmidt\" \/>\n<meta name=\"twitter:card\" content=\"summary_large_image\" \/>\n<meta name=\"twitter:creator\" content=\"@InformeLitoral\" \/>\n<meta name=\"twitter:site\" content=\"@InformeLitoral\" \/>\n<meta name=\"twitter:label1\" content=\"Escrito por\" \/>\n\t<meta name=\"twitter:data1\" content=\"Gonzalo Schmidt\" \/>\n\t<meta name=\"twitter:label2\" content=\"Tiempo de lectura\" \/>\n\t<meta name=\"twitter:data2\" content=\"3 minutos\" \/>\n<script type=\"application\/ld+json\" class=\"yoast-schema-graph\">{\"@context\":\"https:\\\/\\\/schema.org\",\"@graph\":[{\"@type\":\"Article\",\"@id\":\"https:\\\/\\\/informelitoral.com.ar\\\/santa-elena-nuevamente-un-periodista-fue-golpeado-por-presunto-puntero-del-intendente-peronista-rossi\\\/#article\",\"isPartOf\":{\"@id\":\"https:\\\/\\\/informelitoral.com.ar\\\/santa-elena-nuevamente-un-periodista-fue-golpeado-por-presunto-puntero-del-intendente-peronista-rossi\\\/\"},\"author\":{\"name\":\"Gonzalo Schmidt\",\"@id\":\"https:\\\/\\\/informelitoral.com.ar\\\/#\\\/schema\\\/person\\\/b9d00407c836482871ef1d57bf8e3180\"},\"headline\":\"Santa Elena: nuevamente un periodista fue golpeado por presunto puntero del intendente peronista Rossi\",\"datePublished\":\"2013-09-24T16:43:01+00:00\",\"dateModified\":\"2013-09-24T16:50:19+00:00\",\"mainEntityOfPage\":{\"@id\":\"https:\\\/\\\/informelitoral.com.ar\\\/santa-elena-nuevamente-un-periodista-fue-golpeado-por-presunto-puntero-del-intendente-peronista-rossi\\\/\"},\"wordCount\":583,\"commentCount\":0,\"publisher\":{\"@id\":\"https:\\\/\\\/informelitoral.com.ar\\\/#organization\"},\"image\":{\"@id\":\"https:\\\/\\\/informelitoral.com.ar\\\/santa-elena-nuevamente-un-periodista-fue-golpeado-por-presunto-puntero-del-intendente-peronista-rossi\\\/#primaryimage\"},\"thumbnailUrl\":\"http:\\\/\\\/www.isletasnoticias.com.ar\\\/%77%70%2d%63%6f%6e%74%65%6e%74\\\/uploads\\\/2013\\\/09\\\/o_1380037559-300x168.jpg\",\"articleSection\":[\"Entre R\u00edos\",\"Politica\"],\"inLanguage\":\"es\",\"potentialAction\":[{\"@type\":\"CommentAction\",\"name\":\"Comment\",\"target\":[\"https:\\\/\\\/informelitoral.com.ar\\\/santa-elena-nuevamente-un-periodista-fue-golpeado-por-presunto-puntero-del-intendente-peronista-rossi\\\/#respond\"]}]},{\"@type\":\"WebPage\",\"@id\":\"https:\\\/\\\/informelitoral.com.ar\\\/santa-elena-nuevamente-un-periodista-fue-golpeado-por-presunto-puntero-del-intendente-peronista-rossi\\\/\",\"url\":\"https:\\\/\\\/informelitoral.com.ar\\\/santa-elena-nuevamente-un-periodista-fue-golpeado-por-presunto-puntero-del-intendente-peronista-rossi\\\/\",\"name\":\"Santa Elena: nuevamente un periodista fue golpeado por presunto puntero del intendente peronista Rossi - Informe Litoral\",\"isPartOf\":{\"@id\":\"https:\\\/\\\/informelitoral.com.ar\\\/#website\"},\"primaryImageOfPage\":{\"@id\":\"https:\\\/\\\/informelitoral.com.ar\\\/santa-elena-nuevamente-un-periodista-fue-golpeado-por-presunto-puntero-del-intendente-peronista-rossi\\\/#primaryimage\"},\"image\":{\"@id\":\"https:\\\/\\\/informelitoral.com.ar\\\/santa-elena-nuevamente-un-periodista-fue-golpeado-por-presunto-puntero-del-intendente-peronista-rossi\\\/#primaryimage\"},\"thumbnailUrl\":\"http:\\\/\\\/www.isletasnoticias.com.ar\\\/%77%70%2d%63%6f%6e%74%65%6e%74\\\/uploads\\\/2013\\\/09\\\/o_1380037559-300x168.jpg\",\"datePublished\":\"2013-09-24T16:43:01+00:00\",\"dateModified\":\"2013-09-24T16:50:19+00:00\",\"breadcrumb\":{\"@id\":\"https:\\\/\\\/informelitoral.com.ar\\\/santa-elena-nuevamente-un-periodista-fue-golpeado-por-presunto-puntero-del-intendente-peronista-rossi\\\/#breadcrumb\"},\"inLanguage\":\"es\",\"potentialAction\":[{\"@type\":\"ReadAction\",\"target\":[\"https:\\\/\\\/informelitoral.com.ar\\\/santa-elena-nuevamente-un-periodista-fue-golpeado-por-presunto-puntero-del-intendente-peronista-rossi\\\/\"]}]},{\"@type\":\"ImageObject\",\"inLanguage\":\"es\",\"@id\":\"https:\\\/\\\/informelitoral.com.ar\\\/santa-elena-nuevamente-un-periodista-fue-golpeado-por-presunto-puntero-del-intendente-peronista-rossi\\\/#primaryimage\",\"url\":\"http:\\\/\\\/www.isletasnoticias.com.ar\\\/%77%70%2d%63%6f%6e%74%65%6e%74\\\/uploads\\\/2013\\\/09\\\/o_1380037559-300x168.jpg\",\"contentUrl\":\"http:\\\/\\\/www.isletasnoticias.com.ar\\\/%77%70%2d%63%6f%6e%74%65%6e%74\\\/uploads\\\/2013\\\/09\\\/o_1380037559-300x168.jpg\"},{\"@type\":\"BreadcrumbList\",\"@id\":\"https:\\\/\\\/informelitoral.com.ar\\\/santa-elena-nuevamente-un-periodista-fue-golpeado-por-presunto-puntero-del-intendente-peronista-rossi\\\/#breadcrumb\",\"itemListElement\":[{\"@type\":\"ListItem\",\"position\":1,\"name\":\"Portada\",\"item\":\"https:\\\/\\\/informelitoral.com.ar\\\/\"},{\"@type\":\"ListItem\",\"position\":2,\"name\":\"Santa Elena: nuevamente un periodista fue golpeado por presunto puntero del intendente peronista Rossi\"}]},{\"@type\":\"WebSite\",\"@id\":\"https:\\\/\\\/informelitoral.com.ar\\\/#website\",\"url\":\"https:\\\/\\\/informelitoral.com.ar\\\/\",\"name\":\"Informe Litoral\",\"description\":\"&quot;Nos informamos&quot; \",\"publisher\":{\"@id\":\"https:\\\/\\\/informelitoral.com.ar\\\/#organization\"},\"potentialAction\":[{\"@type\":\"SearchAction\",\"target\":{\"@type\":\"EntryPoint\",\"urlTemplate\":\"https:\\\/\\\/informelitoral.com.ar\\\/?s={search_term_string}\"},\"query-input\":{\"@type\":\"PropertyValueSpecification\",\"valueRequired\":true,\"valueName\":\"search_term_string\"}}],\"inLanguage\":\"es\"},{\"@type\":\"Organization\",\"@id\":\"https:\\\/\\\/informelitoral.com.ar\\\/#organization\",\"name\":\"Informe Litoral\",\"url\":\"https:\\\/\\\/informelitoral.com.ar\\\/\",\"logo\":{\"@type\":\"ImageObject\",\"inLanguage\":\"es\",\"@id\":\"https:\\\/\\\/informelitoral.com.ar\\\/#\\\/schema\\\/logo\\\/image\\\/\",\"url\":\"https:\\\/\\\/informelitoral.com.ar\\\/%77%70%2d%63%6f%6e%74%65%6e%74\\\/uploads\\\/2021\\\/01\\\/circulo.png\",\"contentUrl\":\"https:\\\/\\\/informelitoral.com.ar\\\/%77%70%2d%63%6f%6e%74%65%6e%74\\\/uploads\\\/2021\\\/01\\\/circulo.png\",\"width\":723,\"height\":731,\"caption\":\"Informe Litoral\"},\"image\":{\"@id\":\"https:\\\/\\\/informelitoral.com.ar\\\/#\\\/schema\\\/logo\\\/image\\\/\"},\"sameAs\":[\"https:\\\/\\\/www.facebook.com\\\/informelitoral\\\/\",\"https:\\\/\\\/x.com\\\/InformeLitoral\",\"https:\\\/\\\/www.instagram.com\\\/informelitoral\\\/\",\"https:\\\/\\\/www.youtube.com\\\/channel\\\/UCua4Qvz8Icb6MYqhoq9xLXw\"]},{\"@type\":\"Person\",\"@id\":\"https:\\\/\\\/informelitoral.com.ar\\\/#\\\/schema\\\/person\\\/b9d00407c836482871ef1d57bf8e3180\",\"name\":\"Gonzalo Schmidt\",\"image\":{\"@type\":\"ImageObject\",\"inLanguage\":\"es\",\"@id\":\"https:\\\/\\\/secure.gravatar.com\\\/avatar\\\/31a1a7b66ff2de83bd0e9fd79d026630d2d99e55e8bfe501287647b4fd9743de?s=96&d=mm&r=g\",\"url\":\"https:\\\/\\\/secure.gravatar.com\\\/avatar\\\/31a1a7b66ff2de83bd0e9fd79d026630d2d99e55e8bfe501287647b4fd9743de?s=96&d=mm&r=g\",\"contentUrl\":\"https:\\\/\\\/secure.gravatar.com\\\/avatar\\\/31a1a7b66ff2de83bd0e9fd79d026630d2d99e55e8bfe501287647b4fd9743de?s=96&d=mm&r=g\",\"caption\":\"Gonzalo Schmidt\"},\"description\":\"Sitio web de noticias de la provincia de Entre R\u00edos, Argentina. Informaci\u00f3n y entretenimiento. Informe Litoral, nos informamos.\",\"sameAs\":[\"http:\\\/\\\/www.isletasnoticias.com.ar\"],\"url\":\"https:\\\/\\\/informelitoral.com.ar\\\/author\\\/gonzalo\\\/\"}]}<\/script>","yoast_head_json":{"title":"Santa Elena: nuevamente un periodista fue golpeado por presunto puntero del intendente peronista Rossi  - Informe Litoral","robots":{"index":"index","follow":"follow","max-snippet":"max-snippet:-1","max-image-preview":"max-image-preview:large","max-video-preview":"max-video-preview:-1"},"canonical":"https:\/\/informelitoral.com.ar\/santa-elena-nuevamente-un-periodista-fue-golpeado-por-presunto-puntero-del-intendente-peronista-rossi\/","og_locale":"es_ES","og_type":"article","og_title":"Santa Elena: nuevamente un periodista fue golpeado por presunto puntero del intendente peronista Rossi  - Informe Litoral","og_description":"Carlos Furman denunci&oacute; que fue salvajemente golpeado en la radio donde trabaja. Identific&oacute; a agresor como puntero del intendente Rossi. Advierte que la justicia &ldquo;no hace nada&rdquo;. En julio le hab&iacute;an pintado el auto con cruces esv&aacute;sticas. Las agresiones contra el periodista santaelenense Carlos Furman parecen no tener fin y sus autores no tienen ning&uacute;n [&hellip;]","og_url":"https:\/\/informelitoral.com.ar\/santa-elena-nuevamente-un-periodista-fue-golpeado-por-presunto-puntero-del-intendente-peronista-rossi\/","og_site_name":"Informe Litoral","article_publisher":"https:\/\/www.facebook.com\/informelitoral\/","article_published_time":"2013-09-24T16:43:01+00:00","article_modified_time":"2013-09-24T16:50:19+00:00","og_image":[{"width":640,"height":360,"url":"https:\/\/informelitoral.com.ar\/%77%70%2d%63%6f%6e%74%65%6e%74\/uploads\/2013\/09\/o_1380037559.jpg","type":"image\/jpeg"}],"author":"Gonzalo Schmidt","twitter_card":"summary_large_image","twitter_creator":"@InformeLitoral","twitter_site":"@InformeLitoral","twitter_misc":{"Escrito por":"Gonzalo Schmidt","Tiempo de lectura":"3 minutos"},"schema":{"@context":"https:\/\/schema.org","@graph":[{"@type":"Article","@id":"https:\/\/informelitoral.com.ar\/santa-elena-nuevamente-un-periodista-fue-golpeado-por-presunto-puntero-del-intendente-peronista-rossi\/#article","isPartOf":{"@id":"https:\/\/informelitoral.com.ar\/santa-elena-nuevamente-un-periodista-fue-golpeado-por-presunto-puntero-del-intendente-peronista-rossi\/"},"author":{"name":"Gonzalo Schmidt","@id":"https:\/\/informelitoral.com.ar\/#\/schema\/person\/b9d00407c836482871ef1d57bf8e3180"},"headline":"Santa Elena: nuevamente un periodista fue golpeado por presunto puntero del intendente peronista Rossi","datePublished":"2013-09-24T16:43:01+00:00","dateModified":"2013-09-24T16:50:19+00:00","mainEntityOfPage":{"@id":"https:\/\/informelitoral.com.ar\/santa-elena-nuevamente-un-periodista-fue-golpeado-por-presunto-puntero-del-intendente-peronista-rossi\/"},"wordCount":583,"commentCount":0,"publisher":{"@id":"https:\/\/informelitoral.com.ar\/#organization"},"image":{"@id":"https:\/\/informelitoral.com.ar\/santa-elena-nuevamente-un-periodista-fue-golpeado-por-presunto-puntero-del-intendente-peronista-rossi\/#primaryimage"},"thumbnailUrl":"http:\/\/www.isletasnoticias.com.ar\/%77%70%2d%63%6f%6e%74%65%6e%74\/uploads\/2013\/09\/o_1380037559-300x168.jpg","articleSection":["Entre R\u00edos","Politica"],"inLanguage":"es","potentialAction":[{"@type":"CommentAction","name":"Comment","target":["https:\/\/informelitoral.com.ar\/santa-elena-nuevamente-un-periodista-fue-golpeado-por-presunto-puntero-del-intendente-peronista-rossi\/#respond"]}]},{"@type":"WebPage","@id":"https:\/\/informelitoral.com.ar\/santa-elena-nuevamente-un-periodista-fue-golpeado-por-presunto-puntero-del-intendente-peronista-rossi\/","url":"https:\/\/informelitoral.com.ar\/santa-elena-nuevamente-un-periodista-fue-golpeado-por-presunto-puntero-del-intendente-peronista-rossi\/","name":"Santa Elena: nuevamente un periodista fue golpeado por presunto puntero del intendente peronista Rossi - Informe Litoral","isPartOf":{"@id":"https:\/\/informelitoral.com.ar\/#website"},"primaryImageOfPage":{"@id":"https:\/\/informelitoral.com.ar\/santa-elena-nuevamente-un-periodista-fue-golpeado-por-presunto-puntero-del-intendente-peronista-rossi\/#primaryimage"},"image":{"@id":"https:\/\/informelitoral.com.ar\/santa-elena-nuevamente-un-periodista-fue-golpeado-por-presunto-puntero-del-intendente-peronista-rossi\/#primaryimage"},"thumbnailUrl":"http:\/\/www.isletasnoticias.com.ar\/%77%70%2d%63%6f%6e%74%65%6e%74\/uploads\/2013\/09\/o_1380037559-300x168.jpg","datePublished":"2013-09-24T16:43:01+00:00","dateModified":"2013-09-24T16:50:19+00:00","breadcrumb":{"@id":"https:\/\/informelitoral.com.ar\/santa-elena-nuevamente-un-periodista-fue-golpeado-por-presunto-puntero-del-intendente-peronista-rossi\/#breadcrumb"},"inLanguage":"es","potentialAction":[{"@type":"ReadAction","target":["https:\/\/informelitoral.com.ar\/santa-elena-nuevamente-un-periodista-fue-golpeado-por-presunto-puntero-del-intendente-peronista-rossi\/"]}]},{"@type":"ImageObject","inLanguage":"es","@id":"https:\/\/informelitoral.com.ar\/santa-elena-nuevamente-un-periodista-fue-golpeado-por-presunto-puntero-del-intendente-peronista-rossi\/#primaryimage","url":"http:\/\/www.isletasnoticias.com.ar\/%77%70%2d%63%6f%6e%74%65%6e%74\/uploads\/2013\/09\/o_1380037559-300x168.jpg","contentUrl":"http:\/\/www.isletasnoticias.com.ar\/%77%70%2d%63%6f%6e%74%65%6e%74\/uploads\/2013\/09\/o_1380037559-300x168.jpg"},{"@type":"BreadcrumbList","@id":"https:\/\/informelitoral.com.ar\/santa-elena-nuevamente-un-periodista-fue-golpeado-por-presunto-puntero-del-intendente-peronista-rossi\/#breadcrumb","itemListElement":[{"@type":"ListItem","position":1,"name":"Portada","item":"https:\/\/informelitoral.com.ar\/"},{"@type":"ListItem","position":2,"name":"Santa Elena: nuevamente un periodista fue golpeado por presunto puntero del intendente peronista Rossi"}]},{"@type":"WebSite","@id":"https:\/\/informelitoral.com.ar\/#website","url":"https:\/\/informelitoral.com.ar\/","name":"Informe Litoral","description":"&quot;Nos informamos&quot; ","publisher":{"@id":"https:\/\/informelitoral.com.ar\/#organization"},"potentialAction":[{"@type":"SearchAction","target":{"@type":"EntryPoint","urlTemplate":"https:\/\/informelitoral.com.ar\/?s={search_term_string}"},"query-input":{"@type":"PropertyValueSpecification","valueRequired":true,"valueName":"search_term_string"}}],"inLanguage":"es"},{"@type":"Organization","@id":"https:\/\/informelitoral.com.ar\/#organization","name":"Informe Litoral","url":"https:\/\/informelitoral.com.ar\/","logo":{"@type":"ImageObject","inLanguage":"es","@id":"https:\/\/informelitoral.com.ar\/#\/schema\/logo\/image\/","url":"https:\/\/informelitoral.com.ar\/%77%70%2d%63%6f%6e%74%65%6e%74\/uploads\/2021\/01\/circulo.png","contentUrl":"https:\/\/informelitoral.com.ar\/%77%70%2d%63%6f%6e%74%65%6e%74\/uploads\/2021\/01\/circulo.png","width":723,"height":731,"caption":"Informe Litoral"},"image":{"@id":"https:\/\/informelitoral.com.ar\/#\/schema\/logo\/image\/"},"sameAs":["https:\/\/www.facebook.com\/informelitoral\/","https:\/\/x.com\/InformeLitoral","https:\/\/www.instagram.com\/informelitoral\/","https:\/\/www.youtube.com\/channel\/UCua4Qvz8Icb6MYqhoq9xLXw"]},{"@type":"Person","@id":"https:\/\/informelitoral.com.ar\/#\/schema\/person\/b9d00407c836482871ef1d57bf8e3180","name":"Gonzalo Schmidt","image":{"@type":"ImageObject","inLanguage":"es","@id":"https:\/\/secure.gravatar.com\/avatar\/31a1a7b66ff2de83bd0e9fd79d026630d2d99e55e8bfe501287647b4fd9743de?s=96&d=mm&r=g","url":"https:\/\/secure.gravatar.com\/avatar\/31a1a7b66ff2de83bd0e9fd79d026630d2d99e55e8bfe501287647b4fd9743de?s=96&d=mm&r=g","contentUrl":"https:\/\/secure.gravatar.com\/avatar\/31a1a7b66ff2de83bd0e9fd79d026630d2d99e55e8bfe501287647b4fd9743de?s=96&d=mm&r=g","caption":"Gonzalo Schmidt"},"description":"Sitio web de noticias de la provincia de Entre R\u00edos, Argentina. Informaci\u00f3n y entretenimiento. Informe Litoral, nos informamos.","sameAs":["http:\/\/www.isletasnoticias.com.ar"],"url":"https:\/\/informelitoral.com.ar\/author\/gonzalo\/"}]}},"_links":{"self":[{"href":"https:\/\/informelitoral.com.ar\/%77%70%2d%6a%73%6f%6e\/wp\/v2\/posts\/3356","targetHints":{"allow":["GET"]}}],"collection":[{"href":"https:\/\/informelitoral.com.ar\/%77%70%2d%6a%73%6f%6e\/wp\/v2\/posts"}],"about":[{"href":"https:\/\/informelitoral.com.ar\/%77%70%2d%6a%73%6f%6e\/wp\/v2\/types\/post"}],"author":[{"embeddable":true,"href":"https:\/\/informelitoral.com.ar\/%77%70%2d%6a%73%6f%6e\/wp\/v2\/users\/2"}],"replies":[{"embeddable":true,"href":"https:\/\/informelitoral.com.ar\/%77%70%2d%6a%73%6f%6e\/wp\/v2\/comments?post=3356"}],"version-history":[{"count":0,"href":"https:\/\/informelitoral.com.ar\/%77%70%2d%6a%73%6f%6e\/wp\/v2\/posts\/3356\/revisions"}],"wp:attachment":[{"href":"https:\/\/informelitoral.com.ar\/%77%70%2d%6a%73%6f%6e\/wp\/v2\/media?parent=3356"}],"wp:term":[{"taxonomy":"category","embeddable":true,"href":"https:\/\/informelitoral.com.ar\/%77%70%2d%6a%73%6f%6e\/wp\/v2\/categories?post=3356"},{"taxonomy":"post_tag","embeddable":true,"href":"https:\/\/informelitoral.com.ar\/%77%70%2d%6a%73%6f%6e\/wp\/v2\/tags?post=3356"}],"curies":[{"name":"wp","href":"https:\/\/api.w.org\/{rel}","templated":true}]}}