{"id":3352,"date":"2013-09-24T09:00:49","date_gmt":"2013-09-24T12:00:49","guid":{"rendered":"http:\/\/www.isletasnoticias.com.ar\/?p=3352"},"modified":"2013-09-24T11:44:01","modified_gmt":"2013-09-24T14:44:01","slug":"parana-se-realizara-un-seminario-de-comunicacion-politica","status":"publish","type":"post","link":"https:\/\/informelitoral.com.ar\/parana-se-realizara-un-seminario-de-comunicacion-politica\/","title":{"rendered":"Paran\u00e1: se realizar\u00e1 un seminario de Comunicaci\u00f3n Pol\u00edtica"},"content":{"rendered":"<p><b><b>El seminario se llevar\u00e1 a cabo este s\u00e1bado 28 de septiembre, de 09:00 a 12:00 y de 13:00 a 16:00, en la Facultad de Ciencias de la Educaci\u00f3n de la UNE<b><b>R, en calle Buenos Aires 389.<\/b><\/b><\/b><\/b><\/p>\n<p><img loading=\"lazy\" decoding=\"async\" class=\"size-medium wp-image-3353 alignright\" title=\"El seminario se llevar\u00e1 a cabo en la FCE de la UNER, de Paran\u00e1.\" alt=\"\" src=\"http:\/\/www.isletasnoticias.com.ar\/%77%70%2d%63%6f%6e%74%65%6e%74\/uploads\/2013\/09\/FCE-UNER-225x300.jpg\" width=\"225\" height=\"300\" srcset=\"https:\/\/informelitoral.com.ar\/%77%70%2d%63%6f%6e%74%65%6e%74\/uploads\/2013\/09\/FCE-UNER-225x300.jpg 225w, https:\/\/informelitoral.com.ar\/%77%70%2d%63%6f%6e%74%65%6e%74\/uploads\/2013\/09\/FCE-UNER-768x1024.jpg 768w, https:\/\/informelitoral.com.ar\/%77%70%2d%63%6f%6e%74%65%6e%74\/uploads\/2013\/09\/FCE-UNER.jpg 1200w\" sizes=\"auto, (max-width: 225px) 100vw, 225px\" \/><\/p>\n<p>Este s\u00e1bado, se realizar\u00e1 un seminario &#8211; taller, sobre &#8216;Elementos B\u00e1sicos de Comunicaci\u00f3n Pol\u00edtica&#8217;, en el cual se abordar\u00e1n las herramientas de an\u00e1lisis y estrategia.<\/p>\n<p>La jornada, se llevar\u00e1 a cabo en el Auditorio Rodolfo Walsh de la Facultad de Ciencias de la Educaci\u00f3n de la Universidad Nacional de Entre R\u00edos (UNER), ubicada en calle Buenos Aires 389 de la capital provincial.<\/p>\n<p>El seminario es organizado por la c\u00e1tedra Publicidad y Propaganda de la Licenciatura en Comunicaci\u00f3n Social de la mencionada casa de estudios.<\/p>\n<p align=\"justify\"><b><span style=\"font-family: Garamond;\"><span style=\"color: #000000;\">Cronograma y Contenidos:<\/span><\/span><\/b><\/p>\n<p align=\"justify\"><span style=\"color: #000000;\"><span style=\"font-family: Wingdings;\">\u00fc<\/span><span style=\"font-family: 'Times New Roman';\">\u00a0\u00a0<\/span><span style=\"font-family: Garamond;\"><span style=\"text-decoration: underline;\">9.00:<\/span>\u00a0Presentaci\u00f3n del Seminario<\/span><\/span><\/p>\n<p align=\"justify\"><span style=\"color: #000000;\"><span style=\"font-family: Wingdings;\">\u00fc<\/span><span style=\"font-family: 'Times New Roman';\">\u00a0\u00a0<\/span><span style=\"font-family: Garamond;\"><span style=\"text-decoration: underline;\">9.30:<\/span>\u00a0\u201cAn\u00e1lisis hist\u00f3rico de los diferentes p\u00fablicos\u201d<\/span><\/span><\/p>\n<p align=\"justify\"><span style=\"color: #000000;\"><span style=\"font-family: Wingdings;\">\u00fc<\/span><span style=\"font-family: 'Times New Roman';\">\u00a0\u00a0<\/span><span style=\"font-family: Garamond;\"><span style=\"text-decoration: underline;\">10.00:<\/span>\u00a0\u201cConsultor\u00eda Pol\u00edtica y Asesoramiento Especializado\u201d<\/span><\/span><\/p>\n<p align=\"justify\"><span style=\"color: #000000;\"><span style=\"font-family: Wingdings;\">\u00fc<\/span><span style=\"font-family: 'Times New Roman';\">\u00a0\u00a0<\/span><span style=\"font-family: Garamond;\"><span style=\"text-decoration: underline;\">10.30:<\/span>\u00a0\u201cLa Importancia de la Segmentaci\u00f3n de P\u00fablicos Votantes\u201d<\/span><\/span><\/p>\n<p align=\"justify\"><span style=\"color: #000000;\"><span style=\"font-family: Wingdings;\">\u00fc<\/span><span style=\"font-family: 'Times New Roman';\">\u00a0\u00a0<\/span><span style=\"font-family: Garamond;\"><span style=\"text-decoration: underline;\">11.00:<\/span>\u00a0\u00bfQu\u00e9 es una Campa\u00f1a Pol\u00edtica?<\/span><\/span><\/p>\n<p align=\"justify\"><span style=\"color: #000000;\"><span style=\"font-family: Wingdings;\">\u00fc<\/span><span style=\"font-family: 'Times New Roman';\">\u00a0\u00a0<\/span><span style=\"font-family: Garamond;\"><span style=\"text-decoration: underline;\">11.30:<\/span>Campa\u00f1as Audiovisuales Latinoamericanas<\/span><\/span><\/p>\n<p align=\"justify\"><span style=\"color: #000000;\"><span style=\"font-family: Wingdings;\">\u00fc<\/span><span style=\"font-family: 'Times New Roman';\">\u00a0\u00a0<\/span><span style=\"font-family: Garamond;\"><span style=\"text-decoration: underline;\">\u00a012.00 a 13.00:<\/span>\u00a0Corte Mediod\u00eda<\/span><\/span><\/p>\n<p align=\"justify\"><span style=\"color: #000000;\"><span style=\"font-family: Wingdings;\">\u00fc<\/span><span style=\"font-family: 'Times New Roman';\">\u00a0\u00a0<\/span><span style=\"font-family: Garamond;\"><span style=\"text-decoration: underline;\">13.00<\/span>: \u201cLa Comunicaci\u00f3n Emocional en la Estrategia Pol\u00edtica\u201d<\/span><\/span><\/p>\n<p align=\"justify\"><span style=\"color: #000000;\"><span style=\"font-family: Wingdings;\">\u00fc<\/span><span style=\"font-family: 'Times New Roman';\">\u00a0\u00a0<\/span><span style=\"font-family: Garamond;\"><span style=\"text-decoration: underline;\">13.30:<\/span>\u00a0\u201cLas TIC en el Espectro Pol\u00edtico\u201d<\/span><\/span><\/p>\n<p align=\"justify\"><span style=\"color: #000000;\"><span style=\"font-family: Wingdings;\">\u00fc<\/span><span style=\"font-family: 'Times New Roman';\">\u00a0\u00a0<\/span><span style=\"font-family: Garamond;\"><span style=\"text-decoration: underline;\">14.00:<\/span>\u00a0\u201cAdministraci\u00f3n y superaci\u00f3n de escenarios cr\u00edticos\u201d<\/span><\/span><\/p>\n<p align=\"justify\"><span style=\"color: #000000;\"><span style=\"font-family: Wingdings;\">\u00fc<\/span><span style=\"font-family: 'Times New Roman';\">\u00a0\u00a0<\/span><span style=\"font-family: Garamond;\"><span style=\"text-decoration: underline;\">14.30:<\/span>Roll play`s<\/span><\/span><\/p>\n<p align=\"justify\"><span style=\"color: #000000;\"><span style=\"font-family: Wingdings;\">\u00fc<\/span><span style=\"font-family: 'Times New Roman';\">\u00a0\u00a0<\/span><span style=\"font-family: Garamond;\"><span style=\"text-decoration: underline;\">15.00 a<\/span><span style=\"text-decoration: underline;\">\u00a016.00:<\/span>\u00a0Conclusiones, Debate y Cierre Final.<\/span><\/span><\/p>\n","protected":false},"excerpt":{"rendered":"<p>El seminario se llevar&aacute; a cabo este s&aacute;bado 28 de septiembre, de 09:00 a 12:00 y de 13:00 a 16:00, en la Facultad de Ciencias de la Educaci&oacute;n de la UNER, en calle Buenos Aires 389. Este s&aacute;bado, se realizar&aacute; un seminario &ndash; taller, sobre &lsquo;Elementos B&aacute;sicos de Comunicaci&oacute;n Pol&iacute;tica&rsquo;, en el cual se abordar&aacute;n [&hellip;]<\/p>\n","protected":false},"author":2,"featured_media":0,"comment_status":"open","ping_status":"open","sticky":false,"template":"","format":"standard","meta":{"fifu_image_url":"","fifu_image_alt":"","footnotes":""},"categories":[6,9],"tags":[],"class_list":{"0":"post-3352","1":"post","2":"type-post","3":"status-publish","4":"format-standard","6":"category-entre-rios","7":"category-sociedad"},"yoast_head":"<title>Paran\u00e1: se realizar\u00e1 un seminario de Comunicaci\u00f3n Pol\u00edtica - Informe Litoral<\/title>\n<meta name=\"robots\" content=\"index, follow, max-snippet:-1, max-image-preview:large, max-video-preview:-1\" \/>\n<link rel=\"canonical\" href=\"https:\/\/informelitoral.com.ar\/parana-se-realizara-un-seminario-de-comunicacion-politica\/\" \/>\n<meta property=\"og:locale\" content=\"es_ES\" \/>\n<meta property=\"og:type\" content=\"article\" \/>\n<meta property=\"og:title\" content=\"Paran\u00e1: se realizar\u00e1 un seminario de Comunicaci\u00f3n Pol\u00edtica - Informe Litoral\" \/>\n<meta property=\"og:description\" content=\"El seminario se llevar&aacute; a cabo este s&aacute;bado 28 de septiembre, de 09:00 a 12:00 y de 13:00 a 16:00, en la Facultad de Ciencias de la Educaci&oacute;n de la UNER, en calle Buenos Aires 389. Este s&aacute;bado, se realizar&aacute; un seminario &ndash; taller, sobre &lsquo;Elementos B&aacute;sicos de Comunicaci&oacute;n Pol&iacute;tica&rsquo;, en el cual se abordar&aacute;n [&hellip;]\" \/>\n<meta property=\"og:url\" content=\"https:\/\/informelitoral.com.ar\/parana-se-realizara-un-seminario-de-comunicacion-politica\/\" \/>\n<meta property=\"og:site_name\" content=\"Informe Litoral\" \/>\n<meta property=\"article:publisher\" content=\"https:\/\/www.facebook.com\/informelitoral\/\" \/>\n<meta property=\"article:published_time\" content=\"2013-09-24T12:00:49+00:00\" \/>\n<meta property=\"article:modified_time\" content=\"2013-09-24T14:44:01+00:00\" \/>\n<meta property=\"og:image\" content=\"https:\/\/informelitoral.com.ar\/%77%70%2d%63%6f%6e%74%65%6e%74\/uploads\/2013\/09\/FCE-UNER.jpg\" \/>\n\t<meta property=\"og:image:width\" content=\"1200\" \/>\n\t<meta property=\"og:image:height\" content=\"1600\" \/>\n\t<meta property=\"og:image:type\" content=\"image\/jpeg\" \/>\n<meta name=\"author\" content=\"Gonzalo Schmidt\" \/>\n<meta name=\"twitter:card\" content=\"summary_large_image\" \/>\n<meta name=\"twitter:creator\" content=\"@InformeLitoral\" \/>\n<meta name=\"twitter:site\" content=\"@InformeLitoral\" \/>\n<meta name=\"twitter:label1\" content=\"Escrito por\" \/>\n\t<meta name=\"twitter:data1\" content=\"Gonzalo Schmidt\" \/>\n\t<meta name=\"twitter:label2\" content=\"Tiempo de lectura\" \/>\n\t<meta name=\"twitter:data2\" content=\"1 minuto\" \/>\n<script type=\"application\/ld+json\" class=\"yoast-schema-graph\">{\"@context\":\"https:\\\/\\\/schema.org\",\"@graph\":[{\"@type\":\"Article\",\"@id\":\"https:\\\/\\\/informelitoral.com.ar\\\/parana-se-realizara-un-seminario-de-comunicacion-politica\\\/#article\",\"isPartOf\":{\"@id\":\"https:\\\/\\\/informelitoral.com.ar\\\/parana-se-realizara-un-seminario-de-comunicacion-politica\\\/\"},\"author\":{\"name\":\"Gonzalo Schmidt\",\"@id\":\"https:\\\/\\\/informelitoral.com.ar\\\/#\\\/schema\\\/person\\\/b9d00407c836482871ef1d57bf8e3180\"},\"headline\":\"Paran\u00e1: se realizar\u00e1 un seminario de Comunicaci\u00f3n Pol\u00edtica\",\"datePublished\":\"2013-09-24T12:00:49+00:00\",\"dateModified\":\"2013-09-24T14:44:01+00:00\",\"mainEntityOfPage\":{\"@id\":\"https:\\\/\\\/informelitoral.com.ar\\\/parana-se-realizara-un-seminario-de-comunicacion-politica\\\/\"},\"wordCount\":218,\"commentCount\":0,\"publisher\":{\"@id\":\"https:\\\/\\\/informelitoral.com.ar\\\/#organization\"},\"image\":{\"@id\":\"https:\\\/\\\/informelitoral.com.ar\\\/parana-se-realizara-un-seminario-de-comunicacion-politica\\\/#primaryimage\"},\"thumbnailUrl\":\"http:\\\/\\\/www.isletasnoticias.com.ar\\\/%77%70%2d%63%6f%6e%74%65%6e%74\\\/uploads\\\/2013\\\/09\\\/FCE-UNER-225x300.jpg\",\"articleSection\":[\"Entre R\u00edos\",\"Sociedad\"],\"inLanguage\":\"es\",\"potentialAction\":[{\"@type\":\"CommentAction\",\"name\":\"Comment\",\"target\":[\"https:\\\/\\\/informelitoral.com.ar\\\/parana-se-realizara-un-seminario-de-comunicacion-politica\\\/#respond\"]}]},{\"@type\":\"WebPage\",\"@id\":\"https:\\\/\\\/informelitoral.com.ar\\\/parana-se-realizara-un-seminario-de-comunicacion-politica\\\/\",\"url\":\"https:\\\/\\\/informelitoral.com.ar\\\/parana-se-realizara-un-seminario-de-comunicacion-politica\\\/\",\"name\":\"Paran\u00e1: se realizar\u00e1 un seminario de Comunicaci\u00f3n Pol\u00edtica - Informe Litoral\",\"isPartOf\":{\"@id\":\"https:\\\/\\\/informelitoral.com.ar\\\/#website\"},\"primaryImageOfPage\":{\"@id\":\"https:\\\/\\\/informelitoral.com.ar\\\/parana-se-realizara-un-seminario-de-comunicacion-politica\\\/#primaryimage\"},\"image\":{\"@id\":\"https:\\\/\\\/informelitoral.com.ar\\\/parana-se-realizara-un-seminario-de-comunicacion-politica\\\/#primaryimage\"},\"thumbnailUrl\":\"http:\\\/\\\/www.isletasnoticias.com.ar\\\/%77%70%2d%63%6f%6e%74%65%6e%74\\\/uploads\\\/2013\\\/09\\\/FCE-UNER-225x300.jpg\",\"datePublished\":\"2013-09-24T12:00:49+00:00\",\"dateModified\":\"2013-09-24T14:44:01+00:00\",\"breadcrumb\":{\"@id\":\"https:\\\/\\\/informelitoral.com.ar\\\/parana-se-realizara-un-seminario-de-comunicacion-politica\\\/#breadcrumb\"},\"inLanguage\":\"es\",\"potentialAction\":[{\"@type\":\"ReadAction\",\"target\":[\"https:\\\/\\\/informelitoral.com.ar\\\/parana-se-realizara-un-seminario-de-comunicacion-politica\\\/\"]}]},{\"@type\":\"ImageObject\",\"inLanguage\":\"es\",\"@id\":\"https:\\\/\\\/informelitoral.com.ar\\\/parana-se-realizara-un-seminario-de-comunicacion-politica\\\/#primaryimage\",\"url\":\"http:\\\/\\\/www.isletasnoticias.com.ar\\\/%77%70%2d%63%6f%6e%74%65%6e%74\\\/uploads\\\/2013\\\/09\\\/FCE-UNER-225x300.jpg\",\"contentUrl\":\"http:\\\/\\\/www.isletasnoticias.com.ar\\\/%77%70%2d%63%6f%6e%74%65%6e%74\\\/uploads\\\/2013\\\/09\\\/FCE-UNER-225x300.jpg\"},{\"@type\":\"BreadcrumbList\",\"@id\":\"https:\\\/\\\/informelitoral.com.ar\\\/parana-se-realizara-un-seminario-de-comunicacion-politica\\\/#breadcrumb\",\"itemListElement\":[{\"@type\":\"ListItem\",\"position\":1,\"name\":\"Portada\",\"item\":\"https:\\\/\\\/informelitoral.com.ar\\\/\"},{\"@type\":\"ListItem\",\"position\":2,\"name\":\"Paran\u00e1: se realizar\u00e1 un seminario de Comunicaci\u00f3n Pol\u00edtica\"}]},{\"@type\":\"WebSite\",\"@id\":\"https:\\\/\\\/informelitoral.com.ar\\\/#website\",\"url\":\"https:\\\/\\\/informelitoral.com.ar\\\/\",\"name\":\"Informe Litoral\",\"description\":\"&quot;Nos informamos&quot; \",\"publisher\":{\"@id\":\"https:\\\/\\\/informelitoral.com.ar\\\/#organization\"},\"potentialAction\":[{\"@type\":\"SearchAction\",\"target\":{\"@type\":\"EntryPoint\",\"urlTemplate\":\"https:\\\/\\\/informelitoral.com.ar\\\/?s={search_term_string}\"},\"query-input\":{\"@type\":\"PropertyValueSpecification\",\"valueRequired\":true,\"valueName\":\"search_term_string\"}}],\"inLanguage\":\"es\"},{\"@type\":\"Organization\",\"@id\":\"https:\\\/\\\/informelitoral.com.ar\\\/#organization\",\"name\":\"Informe Litoral\",\"url\":\"https:\\\/\\\/informelitoral.com.ar\\\/\",\"logo\":{\"@type\":\"ImageObject\",\"inLanguage\":\"es\",\"@id\":\"https:\\\/\\\/informelitoral.com.ar\\\/#\\\/schema\\\/logo\\\/image\\\/\",\"url\":\"https:\\\/\\\/informelitoral.com.ar\\\/%77%70%2d%63%6f%6e%74%65%6e%74\\\/uploads\\\/2021\\\/01\\\/circulo.png\",\"contentUrl\":\"https:\\\/\\\/informelitoral.com.ar\\\/%77%70%2d%63%6f%6e%74%65%6e%74\\\/uploads\\\/2021\\\/01\\\/circulo.png\",\"width\":723,\"height\":731,\"caption\":\"Informe Litoral\"},\"image\":{\"@id\":\"https:\\\/\\\/informelitoral.com.ar\\\/#\\\/schema\\\/logo\\\/image\\\/\"},\"sameAs\":[\"https:\\\/\\\/www.facebook.com\\\/informelitoral\\\/\",\"https:\\\/\\\/x.com\\\/InformeLitoral\",\"https:\\\/\\\/www.instagram.com\\\/informelitoral\\\/\",\"https:\\\/\\\/www.youtube.com\\\/channel\\\/UCua4Qvz8Icb6MYqhoq9xLXw\"]},{\"@type\":\"Person\",\"@id\":\"https:\\\/\\\/informelitoral.com.ar\\\/#\\\/schema\\\/person\\\/b9d00407c836482871ef1d57bf8e3180\",\"name\":\"Gonzalo Schmidt\",\"image\":{\"@type\":\"ImageObject\",\"inLanguage\":\"es\",\"@id\":\"https:\\\/\\\/secure.gravatar.com\\\/avatar\\\/31a1a7b66ff2de83bd0e9fd79d026630d2d99e55e8bfe501287647b4fd9743de?s=96&d=mm&r=g\",\"url\":\"https:\\\/\\\/secure.gravatar.com\\\/avatar\\\/31a1a7b66ff2de83bd0e9fd79d026630d2d99e55e8bfe501287647b4fd9743de?s=96&d=mm&r=g\",\"contentUrl\":\"https:\\\/\\\/secure.gravatar.com\\\/avatar\\\/31a1a7b66ff2de83bd0e9fd79d026630d2d99e55e8bfe501287647b4fd9743de?s=96&d=mm&r=g\",\"caption\":\"Gonzalo Schmidt\"},\"description\":\"Sitio web de noticias de la provincia de Entre R\u00edos, Argentina. Informaci\u00f3n y entretenimiento. Informe Litoral, nos informamos.\",\"sameAs\":[\"http:\\\/\\\/www.isletasnoticias.com.ar\"],\"url\":\"https:\\\/\\\/informelitoral.com.ar\\\/author\\\/gonzalo\\\/\"}]}<\/script>","yoast_head_json":{"title":"Paran\u00e1: se realizar\u00e1 un seminario de Comunicaci\u00f3n Pol\u00edtica - Informe Litoral","robots":{"index":"index","follow":"follow","max-snippet":"max-snippet:-1","max-image-preview":"max-image-preview:large","max-video-preview":"max-video-preview:-1"},"canonical":"https:\/\/informelitoral.com.ar\/parana-se-realizara-un-seminario-de-comunicacion-politica\/","og_locale":"es_ES","og_type":"article","og_title":"Paran\u00e1: se realizar\u00e1 un seminario de Comunicaci\u00f3n Pol\u00edtica - Informe Litoral","og_description":"El seminario se llevar&aacute; a cabo este s&aacute;bado 28 de septiembre, de 09:00 a 12:00 y de 13:00 a 16:00, en la Facultad de Ciencias de la Educaci&oacute;n de la UNER, en calle Buenos Aires 389. Este s&aacute;bado, se realizar&aacute; un seminario &ndash; taller, sobre &lsquo;Elementos B&aacute;sicos de Comunicaci&oacute;n Pol&iacute;tica&rsquo;, en el cual se abordar&aacute;n [&hellip;]","og_url":"https:\/\/informelitoral.com.ar\/parana-se-realizara-un-seminario-de-comunicacion-politica\/","og_site_name":"Informe Litoral","article_publisher":"https:\/\/www.facebook.com\/informelitoral\/","article_published_time":"2013-09-24T12:00:49+00:00","article_modified_time":"2013-09-24T14:44:01+00:00","og_image":[{"width":1200,"height":1600,"url":"https:\/\/informelitoral.com.ar\/%77%70%2d%63%6f%6e%74%65%6e%74\/uploads\/2013\/09\/FCE-UNER.jpg","type":"image\/jpeg"}],"author":"Gonzalo Schmidt","twitter_card":"summary_large_image","twitter_creator":"@InformeLitoral","twitter_site":"@InformeLitoral","twitter_misc":{"Escrito por":"Gonzalo Schmidt","Tiempo de lectura":"1 minuto"},"schema":{"@context":"https:\/\/schema.org","@graph":[{"@type":"Article","@id":"https:\/\/informelitoral.com.ar\/parana-se-realizara-un-seminario-de-comunicacion-politica\/#article","isPartOf":{"@id":"https:\/\/informelitoral.com.ar\/parana-se-realizara-un-seminario-de-comunicacion-politica\/"},"author":{"name":"Gonzalo Schmidt","@id":"https:\/\/informelitoral.com.ar\/#\/schema\/person\/b9d00407c836482871ef1d57bf8e3180"},"headline":"Paran\u00e1: se realizar\u00e1 un seminario de Comunicaci\u00f3n Pol\u00edtica","datePublished":"2013-09-24T12:00:49+00:00","dateModified":"2013-09-24T14:44:01+00:00","mainEntityOfPage":{"@id":"https:\/\/informelitoral.com.ar\/parana-se-realizara-un-seminario-de-comunicacion-politica\/"},"wordCount":218,"commentCount":0,"publisher":{"@id":"https:\/\/informelitoral.com.ar\/#organization"},"image":{"@id":"https:\/\/informelitoral.com.ar\/parana-se-realizara-un-seminario-de-comunicacion-politica\/#primaryimage"},"thumbnailUrl":"http:\/\/www.isletasnoticias.com.ar\/%77%70%2d%63%6f%6e%74%65%6e%74\/uploads\/2013\/09\/FCE-UNER-225x300.jpg","articleSection":["Entre R\u00edos","Sociedad"],"inLanguage":"es","potentialAction":[{"@type":"CommentAction","name":"Comment","target":["https:\/\/informelitoral.com.ar\/parana-se-realizara-un-seminario-de-comunicacion-politica\/#respond"]}]},{"@type":"WebPage","@id":"https:\/\/informelitoral.com.ar\/parana-se-realizara-un-seminario-de-comunicacion-politica\/","url":"https:\/\/informelitoral.com.ar\/parana-se-realizara-un-seminario-de-comunicacion-politica\/","name":"Paran\u00e1: se realizar\u00e1 un seminario de Comunicaci\u00f3n Pol\u00edtica - Informe Litoral","isPartOf":{"@id":"https:\/\/informelitoral.com.ar\/#website"},"primaryImageOfPage":{"@id":"https:\/\/informelitoral.com.ar\/parana-se-realizara-un-seminario-de-comunicacion-politica\/#primaryimage"},"image":{"@id":"https:\/\/informelitoral.com.ar\/parana-se-realizara-un-seminario-de-comunicacion-politica\/#primaryimage"},"thumbnailUrl":"http:\/\/www.isletasnoticias.com.ar\/%77%70%2d%63%6f%6e%74%65%6e%74\/uploads\/2013\/09\/FCE-UNER-225x300.jpg","datePublished":"2013-09-24T12:00:49+00:00","dateModified":"2013-09-24T14:44:01+00:00","breadcrumb":{"@id":"https:\/\/informelitoral.com.ar\/parana-se-realizara-un-seminario-de-comunicacion-politica\/#breadcrumb"},"inLanguage":"es","potentialAction":[{"@type":"ReadAction","target":["https:\/\/informelitoral.com.ar\/parana-se-realizara-un-seminario-de-comunicacion-politica\/"]}]},{"@type":"ImageObject","inLanguage":"es","@id":"https:\/\/informelitoral.com.ar\/parana-se-realizara-un-seminario-de-comunicacion-politica\/#primaryimage","url":"http:\/\/www.isletasnoticias.com.ar\/%77%70%2d%63%6f%6e%74%65%6e%74\/uploads\/2013\/09\/FCE-UNER-225x300.jpg","contentUrl":"http:\/\/www.isletasnoticias.com.ar\/%77%70%2d%63%6f%6e%74%65%6e%74\/uploads\/2013\/09\/FCE-UNER-225x300.jpg"},{"@type":"BreadcrumbList","@id":"https:\/\/informelitoral.com.ar\/parana-se-realizara-un-seminario-de-comunicacion-politica\/#breadcrumb","itemListElement":[{"@type":"ListItem","position":1,"name":"Portada","item":"https:\/\/informelitoral.com.ar\/"},{"@type":"ListItem","position":2,"name":"Paran\u00e1: se realizar\u00e1 un seminario de Comunicaci\u00f3n Pol\u00edtica"}]},{"@type":"WebSite","@id":"https:\/\/informelitoral.com.ar\/#website","url":"https:\/\/informelitoral.com.ar\/","name":"Informe Litoral","description":"&quot;Nos informamos&quot; ","publisher":{"@id":"https:\/\/informelitoral.com.ar\/#organization"},"potentialAction":[{"@type":"SearchAction","target":{"@type":"EntryPoint","urlTemplate":"https:\/\/informelitoral.com.ar\/?s={search_term_string}"},"query-input":{"@type":"PropertyValueSpecification","valueRequired":true,"valueName":"search_term_string"}}],"inLanguage":"es"},{"@type":"Organization","@id":"https:\/\/informelitoral.com.ar\/#organization","name":"Informe Litoral","url":"https:\/\/informelitoral.com.ar\/","logo":{"@type":"ImageObject","inLanguage":"es","@id":"https:\/\/informelitoral.com.ar\/#\/schema\/logo\/image\/","url":"https:\/\/informelitoral.com.ar\/%77%70%2d%63%6f%6e%74%65%6e%74\/uploads\/2021\/01\/circulo.png","contentUrl":"https:\/\/informelitoral.com.ar\/%77%70%2d%63%6f%6e%74%65%6e%74\/uploads\/2021\/01\/circulo.png","width":723,"height":731,"caption":"Informe Litoral"},"image":{"@id":"https:\/\/informelitoral.com.ar\/#\/schema\/logo\/image\/"},"sameAs":["https:\/\/www.facebook.com\/informelitoral\/","https:\/\/x.com\/InformeLitoral","https:\/\/www.instagram.com\/informelitoral\/","https:\/\/www.youtube.com\/channel\/UCua4Qvz8Icb6MYqhoq9xLXw"]},{"@type":"Person","@id":"https:\/\/informelitoral.com.ar\/#\/schema\/person\/b9d00407c836482871ef1d57bf8e3180","name":"Gonzalo Schmidt","image":{"@type":"ImageObject","inLanguage":"es","@id":"https:\/\/secure.gravatar.com\/avatar\/31a1a7b66ff2de83bd0e9fd79d026630d2d99e55e8bfe501287647b4fd9743de?s=96&d=mm&r=g","url":"https:\/\/secure.gravatar.com\/avatar\/31a1a7b66ff2de83bd0e9fd79d026630d2d99e55e8bfe501287647b4fd9743de?s=96&d=mm&r=g","contentUrl":"https:\/\/secure.gravatar.com\/avatar\/31a1a7b66ff2de83bd0e9fd79d026630d2d99e55e8bfe501287647b4fd9743de?s=96&d=mm&r=g","caption":"Gonzalo Schmidt"},"description":"Sitio web de noticias de la provincia de Entre R\u00edos, Argentina. Informaci\u00f3n y entretenimiento. Informe Litoral, nos informamos.","sameAs":["http:\/\/www.isletasnoticias.com.ar"],"url":"https:\/\/informelitoral.com.ar\/author\/gonzalo\/"}]}},"_links":{"self":[{"href":"https:\/\/informelitoral.com.ar\/%77%70%2d%6a%73%6f%6e\/wp\/v2\/posts\/3352","targetHints":{"allow":["GET"]}}],"collection":[{"href":"https:\/\/informelitoral.com.ar\/%77%70%2d%6a%73%6f%6e\/wp\/v2\/posts"}],"about":[{"href":"https:\/\/informelitoral.com.ar\/%77%70%2d%6a%73%6f%6e\/wp\/v2\/types\/post"}],"author":[{"embeddable":true,"href":"https:\/\/informelitoral.com.ar\/%77%70%2d%6a%73%6f%6e\/wp\/v2\/users\/2"}],"replies":[{"embeddable":true,"href":"https:\/\/informelitoral.com.ar\/%77%70%2d%6a%73%6f%6e\/wp\/v2\/comments?post=3352"}],"version-history":[{"count":0,"href":"https:\/\/informelitoral.com.ar\/%77%70%2d%6a%73%6f%6e\/wp\/v2\/posts\/3352\/revisions"}],"wp:attachment":[{"href":"https:\/\/informelitoral.com.ar\/%77%70%2d%6a%73%6f%6e\/wp\/v2\/media?parent=3352"}],"wp:term":[{"taxonomy":"category","embeddable":true,"href":"https:\/\/informelitoral.com.ar\/%77%70%2d%6a%73%6f%6e\/wp\/v2\/categories?post=3352"},{"taxonomy":"post_tag","embeddable":true,"href":"https:\/\/informelitoral.com.ar\/%77%70%2d%6a%73%6f%6e\/wp\/v2\/tags?post=3352"}],"curies":[{"name":"wp","href":"https:\/\/api.w.org\/{rel}","templated":true}]}}