{"id":33509,"date":"2019-05-06T08:10:01","date_gmt":"2019-05-06T11:10:01","guid":{"rendered":"https:\/\/www.isletasnoticias.com.ar\/?p=33509"},"modified":"2019-05-06T08:10:01","modified_gmt":"2019-05-06T11:10:01","slug":"reciclado-de-bidones-de-fitosanitarios-productores-criticaron-al-gobierno","status":"publish","type":"post","link":"https:\/\/informelitoral.com.ar\/reciclado-de-bidones-de-fitosanitarios-productores-criticaron-al-gobierno\/","title":{"rendered":"Reciclado de bidones de fitosanitarios: productores criticaron al gobierno"},"content":{"rendered":"<p>Desde el area provincial volvieron a informar a trav\u00e9s de los medios de comunicaci\u00f3n sobre \u201cavances\u201d en la puesta en marcha de la gesti\u00f3n integral de envases vac\u00edos de fitosanitarios, puntualmente de la implementaci\u00f3n de los Centros de Acopio Transitorio (CAT).<\/p>\n<p>\u201cMientras el Estado entrerriano se pierde en los laber\u00ednticos pasillos de la burocracia, los productores siguen estando al medio de una situaci\u00f3n inc\u00f3moda y que no han elegido. Es m\u00e1s, hoy son v\u00edctimas de la inoperancia de este gobierno provincial que no ha hecho funcional en Entre R\u00edos una ley nacional que tiene varios a\u00f1os, en una clara demostraci\u00f3n de desidia y desprecio por la producci\u00f3n agropecuaria y por el medio ambiente\u201d, aseguraron a trav\u00e9s de un comunicado.<\/p>\n<p>\u201cLa ley (N\u00b0 27.279) establece que la Fundaci\u00f3n \u201cCampo Limpio\u201d, integrada por empresas que conforman la C\u00e1mara de Sanidad Agropecuaria y Fertilizantes (Casafe) y la C\u00e1mara de la Industria de Fertilizantes y Agroqu\u00edmicos (Ciafa), es la que debe llevar adelante el esquema de devoluci\u00f3n y reciclado de envases \u201cpero hasta ahora el gobierno entrerriano se va en reuniones, anuncios, repeticiones y otras reuniones. Eso es todo. Este espiral burocr\u00e1tico conlleva perjuicios por partida doble: por un lado, no existe un lugar para depositar los bidones vac\u00edos de fitosanitarios con los riesgos que presupone, y por la otra, se producen controversias y encontronazos con la sociedad porque queda la sensaci\u00f3n que los productores no quieren hacer bien las cosas. Y el hecho es que quieren, pero el Estado no avanza y obliga a dejar en los campos los bidones porque no hay voluntad pol\u00edtica de poner en marcha los CAT. Los entrerrianos deben saber que no podemos desprendernos de los envases de fitosanitarios porque no hay lugar de almacenamiento establecido\u201d, sostuvieron.<\/p>\n<p>Desde las entidades rurales indicaron que \u201clos productores estuvieron much\u00edsimo tiempo esperando que el gobernador (Gustavo) Bordet designe una dependencia para que sea competente en la materia. Ahora eso est\u00e1 resuelto porque se nombr\u00f3 al \u00e1rea de Ambiente, pero los avances en la pr\u00e1ctica son inexistentes. En realidad, nadie puede entender por qu\u00e9 no hay celeridad en este tema. Mientras tanto, los productores seguimos soportando los ataques infundados de diferentes sectores que no saben c\u00f3mo son las cosas, pero igual nos descalifican, hecho que se agrava con el oportunismo de algunos pol\u00edticos. Asimismo, tambi\u00e9n hay cierta responsabilidad de las Municipalidades en el silencio ante esta ausencia del Estado provincial. Existe mucha verba inflamada sobre el medio ambiente pero poco trabajo concreto\u201d, criticaron.<\/p>\n<p>\u201cLos objetivos de la ley N\u00b0 27.279 son garantizar que la gesti\u00f3n integral de los envases vac\u00edos sea efectuada de un modo que no afecte a la salud de las personas ni al ambiente; asegurar que el material recuperado de los envases que hayan contenido fitosanitarios no sea empleado en usos que puedan implicar riesgos para la salud humana o animal, o tener efectos negativos sobre el ambiente; entre otros. No buscamos ni propiciamos grietas con la sociedad. Todo lo contrario. S\u00f3lo necesitamos que el Estado sea eficiente. Tan simple como eso\u201d, finalizaron.<\/p>\n","protected":false},"excerpt":{"rendered":"<p>Desde la Mesa de Enlace Provincial lanzaron fuertes cr\u00edticas en relaci\u00f3n a las recientes declaraciones de funcionarios provinciales del \u00e1rea de Ambiente, quienes volvieron a informar a trav\u00e9s de los medios de comunicaci\u00f3n sobre \u201cavances\u201d en la puesta en marcha de la gesti\u00f3n integral de envases vac\u00edos de fitosanitarios, puntualmente de la implementaci\u00f3n de los Centros de Acopio Transitorio (CAT) <\/p>\n","protected":false},"author":2,"featured_media":33431,"comment_status":"open","ping_status":"open","sticky":false,"template":"","format":"standard","meta":{"fifu_image_url":"","fifu_image_alt":"","footnotes":""},"categories":[10],"tags":[81,236,120],"class_list":{"0":"post-33509","1":"post","2":"type-post","3":"status-publish","4":"format-standard","5":"has-post-thumbnail","7":"category-campo","8":"tag-entre-rios","9":"tag-fumigaciones","10":"tag-produccion"},"yoast_head":"<title>Reciclado de bidones de fitosanitarios: productores criticaron al gobierno - Informe Litoral<\/title>\n<meta name=\"robots\" content=\"index, follow, max-snippet:-1, max-image-preview:large, max-video-preview:-1\" \/>\n<link rel=\"canonical\" href=\"https:\/\/informelitoral.com.ar\/reciclado-de-bidones-de-fitosanitarios-productores-criticaron-al-gobierno\/\" \/>\n<meta property=\"og:locale\" content=\"es_ES\" \/>\n<meta property=\"og:type\" content=\"article\" \/>\n<meta property=\"og:title\" content=\"Reciclado de bidones de fitosanitarios: productores criticaron al gobierno - Informe Litoral\" \/>\n<meta property=\"og:description\" content=\"Desde la Mesa de Enlace Provincial lanzaron fuertes cr\u00edticas en relaci\u00f3n a las recientes declaraciones de funcionarios provinciales del \u00e1rea de Ambiente, quienes volvieron a informar a trav\u00e9s de los medios de comunicaci\u00f3n sobre \u201cavances\u201d en la puesta en marcha de la gesti\u00f3n integral de envases vac\u00edos de fitosanitarios, puntualmente de la implementaci\u00f3n de los Centros de Acopio Transitorio (CAT)\" \/>\n<meta property=\"og:url\" content=\"https:\/\/informelitoral.com.ar\/reciclado-de-bidones-de-fitosanitarios-productores-criticaron-al-gobierno\/\" \/>\n<meta property=\"og:site_name\" content=\"Informe Litoral\" \/>\n<meta property=\"article:publisher\" content=\"https:\/\/www.facebook.com\/informelitoral\/\" \/>\n<meta property=\"article:published_time\" content=\"2019-05-06T11:10:01+00:00\" \/>\n<meta property=\"og:image\" content=\"https:\/\/informelitoral.com.ar\/%77%70%2d%63%6f%6e%74%65%6e%74\/uploads\/2019\/05\/fitosanitarios.jpg\" \/>\n\t<meta property=\"og:image:width\" content=\"1032\" \/>\n\t<meta property=\"og:image:height\" content=\"688\" \/>\n\t<meta property=\"og:image:type\" content=\"image\/jpeg\" \/>\n<meta name=\"author\" content=\"Gonzalo Schmidt\" \/>\n<meta name=\"twitter:card\" content=\"summary_large_image\" \/>\n<meta name=\"twitter:creator\" content=\"@InformeLitoral\" \/>\n<meta name=\"twitter:site\" content=\"@InformeLitoral\" \/>\n<meta name=\"twitter:label1\" content=\"Escrito por\" \/>\n\t<meta name=\"twitter:data1\" content=\"Gonzalo Schmidt\" \/>\n\t<meta name=\"twitter:label2\" content=\"Tiempo de lectura\" \/>\n\t<meta name=\"twitter:data2\" content=\"3 minutos\" \/>\n<script type=\"application\/ld+json\" class=\"yoast-schema-graph\">{\"@context\":\"https:\\\/\\\/schema.org\",\"@graph\":[{\"@type\":\"Article\",\"@id\":\"https:\\\/\\\/informelitoral.com.ar\\\/reciclado-de-bidones-de-fitosanitarios-productores-criticaron-al-gobierno\\\/#article\",\"isPartOf\":{\"@id\":\"https:\\\/\\\/informelitoral.com.ar\\\/reciclado-de-bidones-de-fitosanitarios-productores-criticaron-al-gobierno\\\/\"},\"author\":{\"name\":\"Gonzalo Schmidt\",\"@id\":\"https:\\\/\\\/informelitoral.com.ar\\\/#\\\/schema\\\/person\\\/b9d00407c836482871ef1d57bf8e3180\"},\"headline\":\"Reciclado de bidones de fitosanitarios: productores criticaron al gobierno\",\"datePublished\":\"2019-05-06T11:10:01+00:00\",\"mainEntityOfPage\":{\"@id\":\"https:\\\/\\\/informelitoral.com.ar\\\/reciclado-de-bidones-de-fitosanitarios-productores-criticaron-al-gobierno\\\/\"},\"wordCount\":543,\"commentCount\":0,\"publisher\":{\"@id\":\"https:\\\/\\\/informelitoral.com.ar\\\/#organization\"},\"image\":{\"@id\":\"https:\\\/\\\/informelitoral.com.ar\\\/reciclado-de-bidones-de-fitosanitarios-productores-criticaron-al-gobierno\\\/#primaryimage\"},\"thumbnailUrl\":\"https:\\\/\\\/informelitoral.com.ar\\\/%77%70%2d%63%6f%6e%74%65%6e%74\\\/uploads\\\/2019\\\/05\\\/fitosanitarios.jpg\",\"keywords\":[\"Entre R\u00edos\",\"Fumigaciones\",\"Producci\u00f3n\"],\"articleSection\":[\"Campo\"],\"inLanguage\":\"es\",\"potentialAction\":[{\"@type\":\"CommentAction\",\"name\":\"Comment\",\"target\":[\"https:\\\/\\\/informelitoral.com.ar\\\/reciclado-de-bidones-de-fitosanitarios-productores-criticaron-al-gobierno\\\/#respond\"]}]},{\"@type\":\"WebPage\",\"@id\":\"https:\\\/\\\/informelitoral.com.ar\\\/reciclado-de-bidones-de-fitosanitarios-productores-criticaron-al-gobierno\\\/\",\"url\":\"https:\\\/\\\/informelitoral.com.ar\\\/reciclado-de-bidones-de-fitosanitarios-productores-criticaron-al-gobierno\\\/\",\"name\":\"Reciclado de bidones de fitosanitarios: productores criticaron al gobierno - Informe Litoral\",\"isPartOf\":{\"@id\":\"https:\\\/\\\/informelitoral.com.ar\\\/#website\"},\"primaryImageOfPage\":{\"@id\":\"https:\\\/\\\/informelitoral.com.ar\\\/reciclado-de-bidones-de-fitosanitarios-productores-criticaron-al-gobierno\\\/#primaryimage\"},\"image\":{\"@id\":\"https:\\\/\\\/informelitoral.com.ar\\\/reciclado-de-bidones-de-fitosanitarios-productores-criticaron-al-gobierno\\\/#primaryimage\"},\"thumbnailUrl\":\"https:\\\/\\\/informelitoral.com.ar\\\/%77%70%2d%63%6f%6e%74%65%6e%74\\\/uploads\\\/2019\\\/05\\\/fitosanitarios.jpg\",\"datePublished\":\"2019-05-06T11:10:01+00:00\",\"breadcrumb\":{\"@id\":\"https:\\\/\\\/informelitoral.com.ar\\\/reciclado-de-bidones-de-fitosanitarios-productores-criticaron-al-gobierno\\\/#breadcrumb\"},\"inLanguage\":\"es\",\"potentialAction\":[{\"@type\":\"ReadAction\",\"target\":[\"https:\\\/\\\/informelitoral.com.ar\\\/reciclado-de-bidones-de-fitosanitarios-productores-criticaron-al-gobierno\\\/\"]}]},{\"@type\":\"ImageObject\",\"inLanguage\":\"es\",\"@id\":\"https:\\\/\\\/informelitoral.com.ar\\\/reciclado-de-bidones-de-fitosanitarios-productores-criticaron-al-gobierno\\\/#primaryimage\",\"url\":\"https:\\\/\\\/informelitoral.com.ar\\\/%77%70%2d%63%6f%6e%74%65%6e%74\\\/uploads\\\/2019\\\/05\\\/fitosanitarios.jpg\",\"contentUrl\":\"https:\\\/\\\/informelitoral.com.ar\\\/%77%70%2d%63%6f%6e%74%65%6e%74\\\/uploads\\\/2019\\\/05\\\/fitosanitarios.jpg\",\"width\":1032,\"height\":688},{\"@type\":\"BreadcrumbList\",\"@id\":\"https:\\\/\\\/informelitoral.com.ar\\\/reciclado-de-bidones-de-fitosanitarios-productores-criticaron-al-gobierno\\\/#breadcrumb\",\"itemListElement\":[{\"@type\":\"ListItem\",\"position\":1,\"name\":\"Portada\",\"item\":\"https:\\\/\\\/informelitoral.com.ar\\\/\"},{\"@type\":\"ListItem\",\"position\":2,\"name\":\"Reciclado de bidones de fitosanitarios: productores criticaron al gobierno\"}]},{\"@type\":\"WebSite\",\"@id\":\"https:\\\/\\\/informelitoral.com.ar\\\/#website\",\"url\":\"https:\\\/\\\/informelitoral.com.ar\\\/\",\"name\":\"Informe Litoral\",\"description\":\"&quot;Nos informamos&quot; \",\"publisher\":{\"@id\":\"https:\\\/\\\/informelitoral.com.ar\\\/#organization\"},\"potentialAction\":[{\"@type\":\"SearchAction\",\"target\":{\"@type\":\"EntryPoint\",\"urlTemplate\":\"https:\\\/\\\/informelitoral.com.ar\\\/?s={search_term_string}\"},\"query-input\":{\"@type\":\"PropertyValueSpecification\",\"valueRequired\":true,\"valueName\":\"search_term_string\"}}],\"inLanguage\":\"es\"},{\"@type\":\"Organization\",\"@id\":\"https:\\\/\\\/informelitoral.com.ar\\\/#organization\",\"name\":\"Informe Litoral\",\"url\":\"https:\\\/\\\/informelitoral.com.ar\\\/\",\"logo\":{\"@type\":\"ImageObject\",\"inLanguage\":\"es\",\"@id\":\"https:\\\/\\\/informelitoral.com.ar\\\/#\\\/schema\\\/logo\\\/image\\\/\",\"url\":\"https:\\\/\\\/informelitoral.com.ar\\\/%77%70%2d%63%6f%6e%74%65%6e%74\\\/uploads\\\/2021\\\/01\\\/circulo.png\",\"contentUrl\":\"https:\\\/\\\/informelitoral.com.ar\\\/%77%70%2d%63%6f%6e%74%65%6e%74\\\/uploads\\\/2021\\\/01\\\/circulo.png\",\"width\":723,\"height\":731,\"caption\":\"Informe Litoral\"},\"image\":{\"@id\":\"https:\\\/\\\/informelitoral.com.ar\\\/#\\\/schema\\\/logo\\\/image\\\/\"},\"sameAs\":[\"https:\\\/\\\/www.facebook.com\\\/informelitoral\\\/\",\"https:\\\/\\\/x.com\\\/InformeLitoral\",\"https:\\\/\\\/www.instagram.com\\\/informelitoral\\\/\",\"https:\\\/\\\/www.youtube.com\\\/channel\\\/UCua4Qvz8Icb6MYqhoq9xLXw\"]},{\"@type\":\"Person\",\"@id\":\"https:\\\/\\\/informelitoral.com.ar\\\/#\\\/schema\\\/person\\\/b9d00407c836482871ef1d57bf8e3180\",\"name\":\"Gonzalo Schmidt\",\"image\":{\"@type\":\"ImageObject\",\"inLanguage\":\"es\",\"@id\":\"https:\\\/\\\/secure.gravatar.com\\\/avatar\\\/31a1a7b66ff2de83bd0e9fd79d026630d2d99e55e8bfe501287647b4fd9743de?s=96&d=mm&r=g\",\"url\":\"https:\\\/\\\/secure.gravatar.com\\\/avatar\\\/31a1a7b66ff2de83bd0e9fd79d026630d2d99e55e8bfe501287647b4fd9743de?s=96&d=mm&r=g\",\"contentUrl\":\"https:\\\/\\\/secure.gravatar.com\\\/avatar\\\/31a1a7b66ff2de83bd0e9fd79d026630d2d99e55e8bfe501287647b4fd9743de?s=96&d=mm&r=g\",\"caption\":\"Gonzalo Schmidt\"},\"description\":\"Sitio web de noticias de la provincia de Entre R\u00edos, Argentina. Informaci\u00f3n y entretenimiento. Informe Litoral, nos informamos.\",\"sameAs\":[\"http:\\\/\\\/www.isletasnoticias.com.ar\"],\"url\":\"https:\\\/\\\/informelitoral.com.ar\\\/author\\\/gonzalo\\\/\"}]}<\/script>","yoast_head_json":{"title":"Reciclado de bidones de fitosanitarios: productores criticaron al gobierno - Informe Litoral","robots":{"index":"index","follow":"follow","max-snippet":"max-snippet:-1","max-image-preview":"max-image-preview:large","max-video-preview":"max-video-preview:-1"},"canonical":"https:\/\/informelitoral.com.ar\/reciclado-de-bidones-de-fitosanitarios-productores-criticaron-al-gobierno\/","og_locale":"es_ES","og_type":"article","og_title":"Reciclado de bidones de fitosanitarios: productores criticaron al gobierno - Informe Litoral","og_description":"Desde la Mesa de Enlace Provincial lanzaron fuertes cr\u00edticas en relaci\u00f3n a las recientes declaraciones de funcionarios provinciales del \u00e1rea de Ambiente, quienes volvieron a informar a trav\u00e9s de los medios de comunicaci\u00f3n sobre \u201cavances\u201d en la puesta en marcha de la gesti\u00f3n integral de envases vac\u00edos de fitosanitarios, puntualmente de la implementaci\u00f3n de los Centros de Acopio Transitorio (CAT)","og_url":"https:\/\/informelitoral.com.ar\/reciclado-de-bidones-de-fitosanitarios-productores-criticaron-al-gobierno\/","og_site_name":"Informe Litoral","article_publisher":"https:\/\/www.facebook.com\/informelitoral\/","article_published_time":"2019-05-06T11:10:01+00:00","og_image":[{"width":1032,"height":688,"url":"https:\/\/informelitoral.com.ar\/%77%70%2d%63%6f%6e%74%65%6e%74\/uploads\/2019\/05\/fitosanitarios.jpg","type":"image\/jpeg"}],"author":"Gonzalo Schmidt","twitter_card":"summary_large_image","twitter_creator":"@InformeLitoral","twitter_site":"@InformeLitoral","twitter_misc":{"Escrito por":"Gonzalo Schmidt","Tiempo de lectura":"3 minutos"},"schema":{"@context":"https:\/\/schema.org","@graph":[{"@type":"Article","@id":"https:\/\/informelitoral.com.ar\/reciclado-de-bidones-de-fitosanitarios-productores-criticaron-al-gobierno\/#article","isPartOf":{"@id":"https:\/\/informelitoral.com.ar\/reciclado-de-bidones-de-fitosanitarios-productores-criticaron-al-gobierno\/"},"author":{"name":"Gonzalo Schmidt","@id":"https:\/\/informelitoral.com.ar\/#\/schema\/person\/b9d00407c836482871ef1d57bf8e3180"},"headline":"Reciclado de bidones de fitosanitarios: productores criticaron al gobierno","datePublished":"2019-05-06T11:10:01+00:00","mainEntityOfPage":{"@id":"https:\/\/informelitoral.com.ar\/reciclado-de-bidones-de-fitosanitarios-productores-criticaron-al-gobierno\/"},"wordCount":543,"commentCount":0,"publisher":{"@id":"https:\/\/informelitoral.com.ar\/#organization"},"image":{"@id":"https:\/\/informelitoral.com.ar\/reciclado-de-bidones-de-fitosanitarios-productores-criticaron-al-gobierno\/#primaryimage"},"thumbnailUrl":"https:\/\/informelitoral.com.ar\/%77%70%2d%63%6f%6e%74%65%6e%74\/uploads\/2019\/05\/fitosanitarios.jpg","keywords":["Entre R\u00edos","Fumigaciones","Producci\u00f3n"],"articleSection":["Campo"],"inLanguage":"es","potentialAction":[{"@type":"CommentAction","name":"Comment","target":["https:\/\/informelitoral.com.ar\/reciclado-de-bidones-de-fitosanitarios-productores-criticaron-al-gobierno\/#respond"]}]},{"@type":"WebPage","@id":"https:\/\/informelitoral.com.ar\/reciclado-de-bidones-de-fitosanitarios-productores-criticaron-al-gobierno\/","url":"https:\/\/informelitoral.com.ar\/reciclado-de-bidones-de-fitosanitarios-productores-criticaron-al-gobierno\/","name":"Reciclado de bidones de fitosanitarios: productores criticaron al gobierno - Informe Litoral","isPartOf":{"@id":"https:\/\/informelitoral.com.ar\/#website"},"primaryImageOfPage":{"@id":"https:\/\/informelitoral.com.ar\/reciclado-de-bidones-de-fitosanitarios-productores-criticaron-al-gobierno\/#primaryimage"},"image":{"@id":"https:\/\/informelitoral.com.ar\/reciclado-de-bidones-de-fitosanitarios-productores-criticaron-al-gobierno\/#primaryimage"},"thumbnailUrl":"https:\/\/informelitoral.com.ar\/%77%70%2d%63%6f%6e%74%65%6e%74\/uploads\/2019\/05\/fitosanitarios.jpg","datePublished":"2019-05-06T11:10:01+00:00","breadcrumb":{"@id":"https:\/\/informelitoral.com.ar\/reciclado-de-bidones-de-fitosanitarios-productores-criticaron-al-gobierno\/#breadcrumb"},"inLanguage":"es","potentialAction":[{"@type":"ReadAction","target":["https:\/\/informelitoral.com.ar\/reciclado-de-bidones-de-fitosanitarios-productores-criticaron-al-gobierno\/"]}]},{"@type":"ImageObject","inLanguage":"es","@id":"https:\/\/informelitoral.com.ar\/reciclado-de-bidones-de-fitosanitarios-productores-criticaron-al-gobierno\/#primaryimage","url":"https:\/\/informelitoral.com.ar\/%77%70%2d%63%6f%6e%74%65%6e%74\/uploads\/2019\/05\/fitosanitarios.jpg","contentUrl":"https:\/\/informelitoral.com.ar\/%77%70%2d%63%6f%6e%74%65%6e%74\/uploads\/2019\/05\/fitosanitarios.jpg","width":1032,"height":688},{"@type":"BreadcrumbList","@id":"https:\/\/informelitoral.com.ar\/reciclado-de-bidones-de-fitosanitarios-productores-criticaron-al-gobierno\/#breadcrumb","itemListElement":[{"@type":"ListItem","position":1,"name":"Portada","item":"https:\/\/informelitoral.com.ar\/"},{"@type":"ListItem","position":2,"name":"Reciclado de bidones de fitosanitarios: productores criticaron al gobierno"}]},{"@type":"WebSite","@id":"https:\/\/informelitoral.com.ar\/#website","url":"https:\/\/informelitoral.com.ar\/","name":"Informe Litoral","description":"&quot;Nos informamos&quot; ","publisher":{"@id":"https:\/\/informelitoral.com.ar\/#organization"},"potentialAction":[{"@type":"SearchAction","target":{"@type":"EntryPoint","urlTemplate":"https:\/\/informelitoral.com.ar\/?s={search_term_string}"},"query-input":{"@type":"PropertyValueSpecification","valueRequired":true,"valueName":"search_term_string"}}],"inLanguage":"es"},{"@type":"Organization","@id":"https:\/\/informelitoral.com.ar\/#organization","name":"Informe Litoral","url":"https:\/\/informelitoral.com.ar\/","logo":{"@type":"ImageObject","inLanguage":"es","@id":"https:\/\/informelitoral.com.ar\/#\/schema\/logo\/image\/","url":"https:\/\/informelitoral.com.ar\/%77%70%2d%63%6f%6e%74%65%6e%74\/uploads\/2021\/01\/circulo.png","contentUrl":"https:\/\/informelitoral.com.ar\/%77%70%2d%63%6f%6e%74%65%6e%74\/uploads\/2021\/01\/circulo.png","width":723,"height":731,"caption":"Informe Litoral"},"image":{"@id":"https:\/\/informelitoral.com.ar\/#\/schema\/logo\/image\/"},"sameAs":["https:\/\/www.facebook.com\/informelitoral\/","https:\/\/x.com\/InformeLitoral","https:\/\/www.instagram.com\/informelitoral\/","https:\/\/www.youtube.com\/channel\/UCua4Qvz8Icb6MYqhoq9xLXw"]},{"@type":"Person","@id":"https:\/\/informelitoral.com.ar\/#\/schema\/person\/b9d00407c836482871ef1d57bf8e3180","name":"Gonzalo Schmidt","image":{"@type":"ImageObject","inLanguage":"es","@id":"https:\/\/secure.gravatar.com\/avatar\/31a1a7b66ff2de83bd0e9fd79d026630d2d99e55e8bfe501287647b4fd9743de?s=96&d=mm&r=g","url":"https:\/\/secure.gravatar.com\/avatar\/31a1a7b66ff2de83bd0e9fd79d026630d2d99e55e8bfe501287647b4fd9743de?s=96&d=mm&r=g","contentUrl":"https:\/\/secure.gravatar.com\/avatar\/31a1a7b66ff2de83bd0e9fd79d026630d2d99e55e8bfe501287647b4fd9743de?s=96&d=mm&r=g","caption":"Gonzalo Schmidt"},"description":"Sitio web de noticias de la provincia de Entre R\u00edos, Argentina. Informaci\u00f3n y entretenimiento. Informe Litoral, nos informamos.","sameAs":["http:\/\/www.isletasnoticias.com.ar"],"url":"https:\/\/informelitoral.com.ar\/author\/gonzalo\/"}]}},"_links":{"self":[{"href":"https:\/\/informelitoral.com.ar\/%77%70%2d%6a%73%6f%6e\/wp\/v2\/posts\/33509","targetHints":{"allow":["GET"]}}],"collection":[{"href":"https:\/\/informelitoral.com.ar\/%77%70%2d%6a%73%6f%6e\/wp\/v2\/posts"}],"about":[{"href":"https:\/\/informelitoral.com.ar\/%77%70%2d%6a%73%6f%6e\/wp\/v2\/types\/post"}],"author":[{"embeddable":true,"href":"https:\/\/informelitoral.com.ar\/%77%70%2d%6a%73%6f%6e\/wp\/v2\/users\/2"}],"replies":[{"embeddable":true,"href":"https:\/\/informelitoral.com.ar\/%77%70%2d%6a%73%6f%6e\/wp\/v2\/comments?post=33509"}],"version-history":[{"count":0,"href":"https:\/\/informelitoral.com.ar\/%77%70%2d%6a%73%6f%6e\/wp\/v2\/posts\/33509\/revisions"}],"wp:featuredmedia":[{"embeddable":true,"href":"https:\/\/informelitoral.com.ar\/%77%70%2d%6a%73%6f%6e\/wp\/v2\/media\/33431"}],"wp:attachment":[{"href":"https:\/\/informelitoral.com.ar\/%77%70%2d%6a%73%6f%6e\/wp\/v2\/media?parent=33509"}],"wp:term":[{"taxonomy":"category","embeddable":true,"href":"https:\/\/informelitoral.com.ar\/%77%70%2d%6a%73%6f%6e\/wp\/v2\/categories?post=33509"},{"taxonomy":"post_tag","embeddable":true,"href":"https:\/\/informelitoral.com.ar\/%77%70%2d%6a%73%6f%6e\/wp\/v2\/tags?post=33509"}],"curies":[{"name":"wp","href":"https:\/\/api.w.org\/{rel}","templated":true}]}}