{"id":33425,"date":"2019-05-01T10:09:00","date_gmt":"2019-05-01T13:09:00","guid":{"rendered":"https:\/\/www.isletasnoticias.com.ar\/?p=33425"},"modified":"2019-05-01T10:13:05","modified_gmt":"2019-05-01T13:13:05","slug":"analizaron-la-situacion-sanitaria-de-general-ramirez","status":"publish","type":"post","link":"https:\/\/informelitoral.com.ar\/analizaron-la-situacion-sanitaria-de-general-ramirez\/","title":{"rendered":"Analizaron la situaci\u00f3n sanitaria de General Ram\u00edrez"},"content":{"rendered":"<div class=\"cont-interior-cuerpo\">\n<div id=\"main\" class=\"column\">\n<div id=\"main-squeeze\">\n<div id=\"content\" role=\"main\">\n<div id=\"content-content\">\n<div class=\"post-interior\">\n<div class=\"cont-nota\">\n<article class=\"cont-cuerpo confoto\">\n<section class=\"texto\">La ministra de Salud, <strong>Sonia Vel\u00e1zquez<\/strong>, se reuni\u00f3 con el intendente de General Ram\u00edrez, <strong>Gustavo Vergara<\/strong>. En el encuentro, enmarcado en las instancias de intercambio que sostiene la cartera sanitaria con autoridades del Ejecutivo, legisladores, sociedades cient\u00edficas e instituciones acad\u00e9micas a fin de lograr un panorama integral junto a los diferentes actores intervinientes, las autoridades realizaron un diagn\u00f3stico del sistema de salud en la localidad.<\/section>\n<\/article>\n<\/div>\n<\/div>\n<p>En la oportunidad Vel\u00e1zquez manifest\u00f3: \u00abCreo que es importante reconocer el diagn\u00f3stico de situaci\u00f3n de lo que nos est\u00e1 pasando para poder gestionar con eficacia\u00bb, y en ese marco ahond\u00f3: \u201cAs\u00ed que para nosotros, que somos la cara visible, quienes tenemos la rector\u00eda y la responsabilidad provincial de poner en la agenda del gobernador cu\u00e1les son las prioridades, es fundamental que podamos encontrarnos y poder coincidir en la evaluaci\u00f3n junto a otros actores que inciden en el abordaje integral de los determinantes de la salud\u00bb.<\/p>\n<div class=\"post-interior\">\n<div class=\"cont-nota\">\n<article class=\"cont-cuerpo confoto\">\n<section class=\"texto\">La titular de la cartera sanitaria record\u00f3 que la persona que acude a un efector porque necesita atenci\u00f3n no pregunta de qui\u00e9n depende dicho hospital o centro de salud, sino que lo que busca es la respuesta, \u201cas\u00ed que es fundamental que podamos articular entre los diferentes estamentos (provincia y municipio) as\u00ed como entre los niveles de atenci\u00f3n, para brindar la mejor atenci\u00f3n posible\u201d, complet\u00f3.<\/p>\n<p>A su turno Vergara valor\u00f3: \u201cHa sido una reuni\u00f3n muy positiva, con una predisposici\u00f3n manifiesta para trabajar de forma conjunta\u201d. Tras lo cual el intendente inform\u00f3 que <strong>se abordaron problem\u00e1ticas vinculadas a la salud en General Ram\u00edrez como la posibilidad de contar con un geri\u00e1trico, la viabilidad de trasladar la Licenciatura en Bioim\u00e1genes (dependiente de la Universidad Aut\u00f3noma de Entre R\u00edos) a una parte del edificio del Hospital Nuestra Se\u00f1ora del Luj\u00e1n, as\u00ed como de avanzar en la coordinaci\u00f3n en temas de medicamentos y mejorar la eficiencia en materia de traslados<\/strong>; \u201cy en todos los temas planteados hay algunas cuestiones en las que se puede avanzar\u201d, apunt\u00f3.<\/p>\n<p>El intendente inform\u00f3 que cuentan con unos 13.000 habitantes, n\u00famero que est\u00e1 en crecimiento ya que acuden (y se radican) cada vez m\u00e1s familias ante la posibilidad de encontrar empleo en la zona, \u201clo cual l\u00f3gicamente genera mayor demanda sobre el sistema de salud p\u00fablica\u201d, explic\u00f3.<\/p>\n<p>Por \u00faltimo destac\u00f3 que, por la ubicaci\u00f3n geogr\u00e1fica de General Ram\u00edrez, su hospital se ha constituido como una instituci\u00f3n de referencia a nivel regional dado que recibe una importante afluencia de pacientes provenientes de localidades de Victoria y Nogoy\u00e1; \u201cadem\u00e1s desde la ciudad tenemos un centro de salud que est\u00e1 complementando a la atenci\u00f3n del hospital y en di\u00e1logo permanente con su director\u201d, se\u00f1al\u00f3 Vergara.<\/p>\n<p><b>Autoridades presentes<a href=\"https:\/\/www.isletasnoticias.com.ar\/%77%70%2d%63%6f%6e%74%65%6e%74\/uploads\/2019\/05\/1556659697jpg.jpg\"><img loading=\"lazy\" decoding=\"async\" class=\"aligncenter wp-image-33427 size-large\" src=\"https:\/\/www.isletasnoticias.com.ar\/%77%70%2d%63%6f%6e%74%65%6e%74\/uploads\/2019\/05\/1556659697jpg-1024x683.jpg\" alt=\"\" width=\"696\" height=\"464\" srcset=\"https:\/\/informelitoral.com.ar\/%77%70%2d%63%6f%6e%74%65%6e%74\/uploads\/2019\/05\/1556659697jpg-1024x683.jpg 1024w, https:\/\/informelitoral.com.ar\/%77%70%2d%63%6f%6e%74%65%6e%74\/uploads\/2019\/05\/1556659697jpg-300x200.jpg 300w, https:\/\/informelitoral.com.ar\/%77%70%2d%63%6f%6e%74%65%6e%74\/uploads\/2019\/05\/1556659697jpg-768x512.jpg 768w, https:\/\/informelitoral.com.ar\/%77%70%2d%63%6f%6e%74%65%6e%74\/uploads\/2019\/05\/1556659697jpg-696x464.jpg 696w, https:\/\/informelitoral.com.ar\/%77%70%2d%63%6f%6e%74%65%6e%74\/uploads\/2019\/05\/1556659697jpg-1068x712.jpg 1068w, https:\/\/informelitoral.com.ar\/%77%70%2d%63%6f%6e%74%65%6e%74\/uploads\/2019\/05\/1556659697jpg-630x420.jpg 630w, https:\/\/informelitoral.com.ar\/%77%70%2d%63%6f%6e%74%65%6e%74\/uploads\/2019\/05\/1556659697jpg.jpg 1920w\" sizes=\"auto, (max-width: 696px) 100vw, 696px\" \/><\/a><\/b>En la oportunidad acompa\u00f1aron al intendente el senador departamental por Diamante <strong>Omar Schild<\/strong> (Cambiemos); el subsecretario de pol\u00edticas sociales de la Municipalidad, <strong>Walter Schild<\/strong>; y el director del centro de salud municipal Eva Per\u00f3n, <strong>Ariel Ragone.<\/strong><\/p>\n<p>Por su parte desde la cartera de Salud particip\u00f3 la directora general de Hospitales, <strong>Karina Mu\u00f1oz.<\/strong><\/p>\n<\/section>\n<\/article>\n<\/div>\n<\/div>\n<\/div>\n<\/div>\n<\/div>\n<\/div>\n<\/div>\n","protected":false},"excerpt":{"rendered":"<p>La ministra de Salud, Sonia Vel\u00e1zquez, recibi\u00f3 al intendente, Gustavo Vergara. En la oportunidad las autoridades realizaron un diagn\u00f3stico de la situaci\u00f3n sanitaria en la localidad, con miras a profundizar la cooperaci\u00f3n entre estamentos para optimizar la prestaci\u00f3n.<\/p>\n","protected":false},"author":2,"featured_media":33426,"comment_status":"open","ping_status":"open","sticky":false,"template":"","format":"standard","meta":{"fifu_image_url":"","fifu_image_alt":"","footnotes":""},"categories":[5],"tags":[556,263,938,173,457,652],"class_list":{"0":"post-33425","1":"post","2":"type-post","3":"status-publish","4":"format-standard","5":"has-post-thumbnail","7":"category-zonales","8":"tag-general-ramirez","9":"tag-gustavo-vergara","10":"tag-ministerio-de-salud","11":"tag-municipio","12":"tag-omar-schild","13":"tag-salud-publica"},"yoast_head":"<title>Analizaron la situaci\u00f3n sanitaria de General Ram\u00edrez - Informe Litoral<\/title>\n<meta name=\"robots\" content=\"index, follow, max-snippet:-1, max-image-preview:large, max-video-preview:-1\" \/>\n<link rel=\"canonical\" href=\"https:\/\/informelitoral.com.ar\/analizaron-la-situacion-sanitaria-de-general-ramirez\/\" \/>\n<meta property=\"og:locale\" content=\"es_ES\" \/>\n<meta property=\"og:type\" content=\"article\" \/>\n<meta property=\"og:title\" content=\"Analizaron la situaci\u00f3n sanitaria de General Ram\u00edrez - Informe Litoral\" \/>\n<meta property=\"og:description\" content=\"La ministra de Salud, Sonia Vel\u00e1zquez, recibi\u00f3 al intendente, Gustavo Vergara. En la oportunidad las autoridades realizaron un diagn\u00f3stico de la situaci\u00f3n sanitaria en la localidad, con miras a profundizar la cooperaci\u00f3n entre estamentos para optimizar la prestaci\u00f3n.\" \/>\n<meta property=\"og:url\" content=\"https:\/\/informelitoral.com.ar\/analizaron-la-situacion-sanitaria-de-general-ramirez\/\" \/>\n<meta property=\"og:site_name\" content=\"Informe Litoral\" \/>\n<meta property=\"article:publisher\" content=\"https:\/\/www.facebook.com\/informelitoral\/\" \/>\n<meta property=\"article:published_time\" content=\"2019-05-01T13:09:00+00:00\" \/>\n<meta property=\"article:modified_time\" content=\"2019-05-01T13:13:05+00:00\" \/>\n<meta property=\"og:image\" content=\"https:\/\/informelitoral.com.ar\/%77%70%2d%63%6f%6e%74%65%6e%74\/uploads\/2019\/05\/x_1556659737.jpg\" \/>\n\t<meta property=\"og:image:width\" content=\"1920\" \/>\n\t<meta property=\"og:image:height\" content=\"1280\" \/>\n\t<meta property=\"og:image:type\" content=\"image\/jpeg\" \/>\n<meta name=\"author\" content=\"Gonzalo Schmidt\" \/>\n<meta name=\"twitter:card\" content=\"summary_large_image\" \/>\n<meta name=\"twitter:creator\" content=\"@InformeLitoral\" \/>\n<meta name=\"twitter:site\" content=\"@InformeLitoral\" \/>\n<meta name=\"twitter:label1\" content=\"Escrito por\" \/>\n\t<meta name=\"twitter:data1\" content=\"Gonzalo Schmidt\" \/>\n\t<meta name=\"twitter:label2\" content=\"Tiempo de lectura\" \/>\n\t<meta name=\"twitter:data2\" content=\"3 minutos\" \/>\n<script type=\"application\/ld+json\" class=\"yoast-schema-graph\">{\"@context\":\"https:\\\/\\\/schema.org\",\"@graph\":[{\"@type\":\"Article\",\"@id\":\"https:\\\/\\\/informelitoral.com.ar\\\/analizaron-la-situacion-sanitaria-de-general-ramirez\\\/#article\",\"isPartOf\":{\"@id\":\"https:\\\/\\\/informelitoral.com.ar\\\/analizaron-la-situacion-sanitaria-de-general-ramirez\\\/\"},\"author\":{\"name\":\"Gonzalo Schmidt\",\"@id\":\"https:\\\/\\\/informelitoral.com.ar\\\/#\\\/schema\\\/person\\\/b9d00407c836482871ef1d57bf8e3180\"},\"headline\":\"Analizaron la situaci\u00f3n sanitaria de General Ram\u00edrez\",\"datePublished\":\"2019-05-01T13:09:00+00:00\",\"dateModified\":\"2019-05-01T13:13:05+00:00\",\"mainEntityOfPage\":{\"@id\":\"https:\\\/\\\/informelitoral.com.ar\\\/analizaron-la-situacion-sanitaria-de-general-ramirez\\\/\"},\"wordCount\":537,\"commentCount\":0,\"publisher\":{\"@id\":\"https:\\\/\\\/informelitoral.com.ar\\\/#organization\"},\"image\":{\"@id\":\"https:\\\/\\\/informelitoral.com.ar\\\/analizaron-la-situacion-sanitaria-de-general-ramirez\\\/#primaryimage\"},\"thumbnailUrl\":\"https:\\\/\\\/informelitoral.com.ar\\\/%77%70%2d%63%6f%6e%74%65%6e%74\\\/uploads\\\/2019\\\/05\\\/x_1556659737.jpg\",\"keywords\":[\"General Ram\u00edrez\",\"Gustavo Vergara\",\"Ministerio de Salud\",\"Municipio\",\"Omar Schild\",\"Salud p\u00fablica\"],\"articleSection\":[\"Departamento Diamante\"],\"inLanguage\":\"es\",\"potentialAction\":[{\"@type\":\"CommentAction\",\"name\":\"Comment\",\"target\":[\"https:\\\/\\\/informelitoral.com.ar\\\/analizaron-la-situacion-sanitaria-de-general-ramirez\\\/#respond\"]}]},{\"@type\":\"WebPage\",\"@id\":\"https:\\\/\\\/informelitoral.com.ar\\\/analizaron-la-situacion-sanitaria-de-general-ramirez\\\/\",\"url\":\"https:\\\/\\\/informelitoral.com.ar\\\/analizaron-la-situacion-sanitaria-de-general-ramirez\\\/\",\"name\":\"Analizaron la situaci\u00f3n sanitaria de General Ram\u00edrez - Informe Litoral\",\"isPartOf\":{\"@id\":\"https:\\\/\\\/informelitoral.com.ar\\\/#website\"},\"primaryImageOfPage\":{\"@id\":\"https:\\\/\\\/informelitoral.com.ar\\\/analizaron-la-situacion-sanitaria-de-general-ramirez\\\/#primaryimage\"},\"image\":{\"@id\":\"https:\\\/\\\/informelitoral.com.ar\\\/analizaron-la-situacion-sanitaria-de-general-ramirez\\\/#primaryimage\"},\"thumbnailUrl\":\"https:\\\/\\\/informelitoral.com.ar\\\/%77%70%2d%63%6f%6e%74%65%6e%74\\\/uploads\\\/2019\\\/05\\\/x_1556659737.jpg\",\"datePublished\":\"2019-05-01T13:09:00+00:00\",\"dateModified\":\"2019-05-01T13:13:05+00:00\",\"breadcrumb\":{\"@id\":\"https:\\\/\\\/informelitoral.com.ar\\\/analizaron-la-situacion-sanitaria-de-general-ramirez\\\/#breadcrumb\"},\"inLanguage\":\"es\",\"potentialAction\":[{\"@type\":\"ReadAction\",\"target\":[\"https:\\\/\\\/informelitoral.com.ar\\\/analizaron-la-situacion-sanitaria-de-general-ramirez\\\/\"]}]},{\"@type\":\"ImageObject\",\"inLanguage\":\"es\",\"@id\":\"https:\\\/\\\/informelitoral.com.ar\\\/analizaron-la-situacion-sanitaria-de-general-ramirez\\\/#primaryimage\",\"url\":\"https:\\\/\\\/informelitoral.com.ar\\\/%77%70%2d%63%6f%6e%74%65%6e%74\\\/uploads\\\/2019\\\/05\\\/x_1556659737.jpg\",\"contentUrl\":\"https:\\\/\\\/informelitoral.com.ar\\\/%77%70%2d%63%6f%6e%74%65%6e%74\\\/uploads\\\/2019\\\/05\\\/x_1556659737.jpg\",\"width\":1920,\"height\":1280},{\"@type\":\"BreadcrumbList\",\"@id\":\"https:\\\/\\\/informelitoral.com.ar\\\/analizaron-la-situacion-sanitaria-de-general-ramirez\\\/#breadcrumb\",\"itemListElement\":[{\"@type\":\"ListItem\",\"position\":1,\"name\":\"Portada\",\"item\":\"https:\\\/\\\/informelitoral.com.ar\\\/\"},{\"@type\":\"ListItem\",\"position\":2,\"name\":\"Analizaron la situaci\u00f3n sanitaria de General Ram\u00edrez\"}]},{\"@type\":\"WebSite\",\"@id\":\"https:\\\/\\\/informelitoral.com.ar\\\/#website\",\"url\":\"https:\\\/\\\/informelitoral.com.ar\\\/\",\"name\":\"Informe Litoral\",\"description\":\"&quot;Nos informamos&quot; \",\"publisher\":{\"@id\":\"https:\\\/\\\/informelitoral.com.ar\\\/#organization\"},\"potentialAction\":[{\"@type\":\"SearchAction\",\"target\":{\"@type\":\"EntryPoint\",\"urlTemplate\":\"https:\\\/\\\/informelitoral.com.ar\\\/?s={search_term_string}\"},\"query-input\":{\"@type\":\"PropertyValueSpecification\",\"valueRequired\":true,\"valueName\":\"search_term_string\"}}],\"inLanguage\":\"es\"},{\"@type\":\"Organization\",\"@id\":\"https:\\\/\\\/informelitoral.com.ar\\\/#organization\",\"name\":\"Informe Litoral\",\"url\":\"https:\\\/\\\/informelitoral.com.ar\\\/\",\"logo\":{\"@type\":\"ImageObject\",\"inLanguage\":\"es\",\"@id\":\"https:\\\/\\\/informelitoral.com.ar\\\/#\\\/schema\\\/logo\\\/image\\\/\",\"url\":\"https:\\\/\\\/informelitoral.com.ar\\\/%77%70%2d%63%6f%6e%74%65%6e%74\\\/uploads\\\/2021\\\/01\\\/circulo.png\",\"contentUrl\":\"https:\\\/\\\/informelitoral.com.ar\\\/%77%70%2d%63%6f%6e%74%65%6e%74\\\/uploads\\\/2021\\\/01\\\/circulo.png\",\"width\":723,\"height\":731,\"caption\":\"Informe Litoral\"},\"image\":{\"@id\":\"https:\\\/\\\/informelitoral.com.ar\\\/#\\\/schema\\\/logo\\\/image\\\/\"},\"sameAs\":[\"https:\\\/\\\/www.facebook.com\\\/informelitoral\\\/\",\"https:\\\/\\\/x.com\\\/InformeLitoral\",\"https:\\\/\\\/www.instagram.com\\\/informelitoral\\\/\",\"https:\\\/\\\/www.youtube.com\\\/channel\\\/UCua4Qvz8Icb6MYqhoq9xLXw\"]},{\"@type\":\"Person\",\"@id\":\"https:\\\/\\\/informelitoral.com.ar\\\/#\\\/schema\\\/person\\\/b9d00407c836482871ef1d57bf8e3180\",\"name\":\"Gonzalo Schmidt\",\"image\":{\"@type\":\"ImageObject\",\"inLanguage\":\"es\",\"@id\":\"https:\\\/\\\/secure.gravatar.com\\\/avatar\\\/31a1a7b66ff2de83bd0e9fd79d026630d2d99e55e8bfe501287647b4fd9743de?s=96&d=mm&r=g\",\"url\":\"https:\\\/\\\/secure.gravatar.com\\\/avatar\\\/31a1a7b66ff2de83bd0e9fd79d026630d2d99e55e8bfe501287647b4fd9743de?s=96&d=mm&r=g\",\"contentUrl\":\"https:\\\/\\\/secure.gravatar.com\\\/avatar\\\/31a1a7b66ff2de83bd0e9fd79d026630d2d99e55e8bfe501287647b4fd9743de?s=96&d=mm&r=g\",\"caption\":\"Gonzalo Schmidt\"},\"description\":\"Sitio web de noticias de la provincia de Entre R\u00edos, Argentina. Informaci\u00f3n y entretenimiento. Informe Litoral, nos informamos.\",\"sameAs\":[\"http:\\\/\\\/www.isletasnoticias.com.ar\"],\"url\":\"https:\\\/\\\/informelitoral.com.ar\\\/author\\\/gonzalo\\\/\"}]}<\/script>","yoast_head_json":{"title":"Analizaron la situaci\u00f3n sanitaria de General Ram\u00edrez - Informe Litoral","robots":{"index":"index","follow":"follow","max-snippet":"max-snippet:-1","max-image-preview":"max-image-preview:large","max-video-preview":"max-video-preview:-1"},"canonical":"https:\/\/informelitoral.com.ar\/analizaron-la-situacion-sanitaria-de-general-ramirez\/","og_locale":"es_ES","og_type":"article","og_title":"Analizaron la situaci\u00f3n sanitaria de General Ram\u00edrez - Informe Litoral","og_description":"La ministra de Salud, Sonia Vel\u00e1zquez, recibi\u00f3 al intendente, Gustavo Vergara. En la oportunidad las autoridades realizaron un diagn\u00f3stico de la situaci\u00f3n sanitaria en la localidad, con miras a profundizar la cooperaci\u00f3n entre estamentos para optimizar la prestaci\u00f3n.","og_url":"https:\/\/informelitoral.com.ar\/analizaron-la-situacion-sanitaria-de-general-ramirez\/","og_site_name":"Informe Litoral","article_publisher":"https:\/\/www.facebook.com\/informelitoral\/","article_published_time":"2019-05-01T13:09:00+00:00","article_modified_time":"2019-05-01T13:13:05+00:00","og_image":[{"width":1920,"height":1280,"url":"https:\/\/informelitoral.com.ar\/%77%70%2d%63%6f%6e%74%65%6e%74\/uploads\/2019\/05\/x_1556659737.jpg","type":"image\/jpeg"}],"author":"Gonzalo Schmidt","twitter_card":"summary_large_image","twitter_creator":"@InformeLitoral","twitter_site":"@InformeLitoral","twitter_misc":{"Escrito por":"Gonzalo Schmidt","Tiempo de lectura":"3 minutos"},"schema":{"@context":"https:\/\/schema.org","@graph":[{"@type":"Article","@id":"https:\/\/informelitoral.com.ar\/analizaron-la-situacion-sanitaria-de-general-ramirez\/#article","isPartOf":{"@id":"https:\/\/informelitoral.com.ar\/analizaron-la-situacion-sanitaria-de-general-ramirez\/"},"author":{"name":"Gonzalo Schmidt","@id":"https:\/\/informelitoral.com.ar\/#\/schema\/person\/b9d00407c836482871ef1d57bf8e3180"},"headline":"Analizaron la situaci\u00f3n sanitaria de General Ram\u00edrez","datePublished":"2019-05-01T13:09:00+00:00","dateModified":"2019-05-01T13:13:05+00:00","mainEntityOfPage":{"@id":"https:\/\/informelitoral.com.ar\/analizaron-la-situacion-sanitaria-de-general-ramirez\/"},"wordCount":537,"commentCount":0,"publisher":{"@id":"https:\/\/informelitoral.com.ar\/#organization"},"image":{"@id":"https:\/\/informelitoral.com.ar\/analizaron-la-situacion-sanitaria-de-general-ramirez\/#primaryimage"},"thumbnailUrl":"https:\/\/informelitoral.com.ar\/%77%70%2d%63%6f%6e%74%65%6e%74\/uploads\/2019\/05\/x_1556659737.jpg","keywords":["General Ram\u00edrez","Gustavo Vergara","Ministerio de Salud","Municipio","Omar Schild","Salud p\u00fablica"],"articleSection":["Departamento Diamante"],"inLanguage":"es","potentialAction":[{"@type":"CommentAction","name":"Comment","target":["https:\/\/informelitoral.com.ar\/analizaron-la-situacion-sanitaria-de-general-ramirez\/#respond"]}]},{"@type":"WebPage","@id":"https:\/\/informelitoral.com.ar\/analizaron-la-situacion-sanitaria-de-general-ramirez\/","url":"https:\/\/informelitoral.com.ar\/analizaron-la-situacion-sanitaria-de-general-ramirez\/","name":"Analizaron la situaci\u00f3n sanitaria de General Ram\u00edrez - Informe Litoral","isPartOf":{"@id":"https:\/\/informelitoral.com.ar\/#website"},"primaryImageOfPage":{"@id":"https:\/\/informelitoral.com.ar\/analizaron-la-situacion-sanitaria-de-general-ramirez\/#primaryimage"},"image":{"@id":"https:\/\/informelitoral.com.ar\/analizaron-la-situacion-sanitaria-de-general-ramirez\/#primaryimage"},"thumbnailUrl":"https:\/\/informelitoral.com.ar\/%77%70%2d%63%6f%6e%74%65%6e%74\/uploads\/2019\/05\/x_1556659737.jpg","datePublished":"2019-05-01T13:09:00+00:00","dateModified":"2019-05-01T13:13:05+00:00","breadcrumb":{"@id":"https:\/\/informelitoral.com.ar\/analizaron-la-situacion-sanitaria-de-general-ramirez\/#breadcrumb"},"inLanguage":"es","potentialAction":[{"@type":"ReadAction","target":["https:\/\/informelitoral.com.ar\/analizaron-la-situacion-sanitaria-de-general-ramirez\/"]}]},{"@type":"ImageObject","inLanguage":"es","@id":"https:\/\/informelitoral.com.ar\/analizaron-la-situacion-sanitaria-de-general-ramirez\/#primaryimage","url":"https:\/\/informelitoral.com.ar\/%77%70%2d%63%6f%6e%74%65%6e%74\/uploads\/2019\/05\/x_1556659737.jpg","contentUrl":"https:\/\/informelitoral.com.ar\/%77%70%2d%63%6f%6e%74%65%6e%74\/uploads\/2019\/05\/x_1556659737.jpg","width":1920,"height":1280},{"@type":"BreadcrumbList","@id":"https:\/\/informelitoral.com.ar\/analizaron-la-situacion-sanitaria-de-general-ramirez\/#breadcrumb","itemListElement":[{"@type":"ListItem","position":1,"name":"Portada","item":"https:\/\/informelitoral.com.ar\/"},{"@type":"ListItem","position":2,"name":"Analizaron la situaci\u00f3n sanitaria de General Ram\u00edrez"}]},{"@type":"WebSite","@id":"https:\/\/informelitoral.com.ar\/#website","url":"https:\/\/informelitoral.com.ar\/","name":"Informe Litoral","description":"&quot;Nos informamos&quot; ","publisher":{"@id":"https:\/\/informelitoral.com.ar\/#organization"},"potentialAction":[{"@type":"SearchAction","target":{"@type":"EntryPoint","urlTemplate":"https:\/\/informelitoral.com.ar\/?s={search_term_string}"},"query-input":{"@type":"PropertyValueSpecification","valueRequired":true,"valueName":"search_term_string"}}],"inLanguage":"es"},{"@type":"Organization","@id":"https:\/\/informelitoral.com.ar\/#organization","name":"Informe Litoral","url":"https:\/\/informelitoral.com.ar\/","logo":{"@type":"ImageObject","inLanguage":"es","@id":"https:\/\/informelitoral.com.ar\/#\/schema\/logo\/image\/","url":"https:\/\/informelitoral.com.ar\/%77%70%2d%63%6f%6e%74%65%6e%74\/uploads\/2021\/01\/circulo.png","contentUrl":"https:\/\/informelitoral.com.ar\/%77%70%2d%63%6f%6e%74%65%6e%74\/uploads\/2021\/01\/circulo.png","width":723,"height":731,"caption":"Informe Litoral"},"image":{"@id":"https:\/\/informelitoral.com.ar\/#\/schema\/logo\/image\/"},"sameAs":["https:\/\/www.facebook.com\/informelitoral\/","https:\/\/x.com\/InformeLitoral","https:\/\/www.instagram.com\/informelitoral\/","https:\/\/www.youtube.com\/channel\/UCua4Qvz8Icb6MYqhoq9xLXw"]},{"@type":"Person","@id":"https:\/\/informelitoral.com.ar\/#\/schema\/person\/b9d00407c836482871ef1d57bf8e3180","name":"Gonzalo Schmidt","image":{"@type":"ImageObject","inLanguage":"es","@id":"https:\/\/secure.gravatar.com\/avatar\/31a1a7b66ff2de83bd0e9fd79d026630d2d99e55e8bfe501287647b4fd9743de?s=96&d=mm&r=g","url":"https:\/\/secure.gravatar.com\/avatar\/31a1a7b66ff2de83bd0e9fd79d026630d2d99e55e8bfe501287647b4fd9743de?s=96&d=mm&r=g","contentUrl":"https:\/\/secure.gravatar.com\/avatar\/31a1a7b66ff2de83bd0e9fd79d026630d2d99e55e8bfe501287647b4fd9743de?s=96&d=mm&r=g","caption":"Gonzalo Schmidt"},"description":"Sitio web de noticias de la provincia de Entre R\u00edos, Argentina. Informaci\u00f3n y entretenimiento. Informe Litoral, nos informamos.","sameAs":["http:\/\/www.isletasnoticias.com.ar"],"url":"https:\/\/informelitoral.com.ar\/author\/gonzalo\/"}]}},"_links":{"self":[{"href":"https:\/\/informelitoral.com.ar\/%77%70%2d%6a%73%6f%6e\/wp\/v2\/posts\/33425","targetHints":{"allow":["GET"]}}],"collection":[{"href":"https:\/\/informelitoral.com.ar\/%77%70%2d%6a%73%6f%6e\/wp\/v2\/posts"}],"about":[{"href":"https:\/\/informelitoral.com.ar\/%77%70%2d%6a%73%6f%6e\/wp\/v2\/types\/post"}],"author":[{"embeddable":true,"href":"https:\/\/informelitoral.com.ar\/%77%70%2d%6a%73%6f%6e\/wp\/v2\/users\/2"}],"replies":[{"embeddable":true,"href":"https:\/\/informelitoral.com.ar\/%77%70%2d%6a%73%6f%6e\/wp\/v2\/comments?post=33425"}],"version-history":[{"count":0,"href":"https:\/\/informelitoral.com.ar\/%77%70%2d%6a%73%6f%6e\/wp\/v2\/posts\/33425\/revisions"}],"wp:featuredmedia":[{"embeddable":true,"href":"https:\/\/informelitoral.com.ar\/%77%70%2d%6a%73%6f%6e\/wp\/v2\/media\/33426"}],"wp:attachment":[{"href":"https:\/\/informelitoral.com.ar\/%77%70%2d%6a%73%6f%6e\/wp\/v2\/media?parent=33425"}],"wp:term":[{"taxonomy":"category","embeddable":true,"href":"https:\/\/informelitoral.com.ar\/%77%70%2d%6a%73%6f%6e\/wp\/v2\/categories?post=33425"},{"taxonomy":"post_tag","embeddable":true,"href":"https:\/\/informelitoral.com.ar\/%77%70%2d%6a%73%6f%6e\/wp\/v2\/tags?post=33425"}],"curies":[{"name":"wp","href":"https:\/\/api.w.org\/{rel}","templated":true}]}}