{"id":33418,"date":"2019-05-01T09:19:56","date_gmt":"2019-05-01T12:19:56","guid":{"rendered":"https:\/\/www.isletasnoticias.com.ar\/?p=33418"},"modified":"2019-05-01T09:20:53","modified_gmt":"2019-05-01T12:20:53","slug":"por-que-se-conmemora-el-dia-del-trabajador-el-1-de-mayo","status":"publish","type":"post","link":"https:\/\/informelitoral.com.ar\/por-que-se-conmemora-el-dia-del-trabajador-el-1-de-mayo\/","title":{"rendered":"\u00bfPor qu\u00e9 se conmemora el D\u00eda del Trabajador el 1\u00b0 de mayo?"},"content":{"rendered":"<article id=\"article-post\" class=\"first\">\n<div class=\"cuerpo\" data-twitter-link=\"https:\/\/twitter.com\/intent\/tweet?url=https:\/\/ahora.com.ar\/c4176424&amp;via=PlataformaAhora&amp;related=Ahora&amp;text=\">\n<p>El reclamo de los trabajadores era claro:\u00a0<strong>un pedido de reducci\u00f3n de la jornada laboral a 8 horas, cuando lo \u00abnormal\u00bb era trabajar entre 12 y 16 horas<\/strong>. La protesta, llevada a cabo inicialmente por 80.000 trabajadores, pronto desemboc\u00f3 en una poderosa\u00a0<strong>huelga nacional <\/strong>que afect\u00f3 a numerosas f\u00e1bricas de los Estados Unidos. La fuerza demostrada por los obreros en su reclamo marc\u00f3 un antes y despu\u00e9s en la historia de todos los trabajadores, instaur\u00e1ndose aquella fecha como el\u00a0<strong>\u00abD\u00eda del Trabajador\u00bb.<\/strong><\/p>\n<p>El 1\u00b0 de mayo se conmemora en todo el mundo el D\u00eda Internacional del Trabajador en homenaje a los llamados <strong>M\u00e1rtires de Chicago<\/strong>, grupo de sindicalistas anarquistas que fueron ejecutados en\u00a0<strong>1886<\/strong>. Ese mismo a\u00f1o, la Noble Order of the Knights of Labor, una organizaci\u00f3n de trabajadores, logr\u00f3 que el sector empresarial cediese ante la presi\u00f3n de las huelgas por todo el pa\u00eds.<\/p>\n<\/div>\n<\/article>\n<article id=\"article-post\">\n<div class=\"cuerpo\" data-twitter-link=\"https:\/\/twitter.com\/intent\/tweet?url=https:\/\/ahora.com.ar\/c4176424&amp;via=PlataformaAhora&amp;related=Ahora&amp;text=\">\n<p class=\"element element-paragraph\">Entonces, el presidente de Estados Unidos, Andrew Johnson, promulg\u00f3 la Ingersoll estableciendo ocho horas de trabajo diario. Como los empleadores se negaron a acatarla, los trabajadores de la ciudad industrial de Chicago\u00a0<strong>iniciaron una huelga el 1\u00ba de mayo<\/strong>, que comenz\u00f3 con una\u00a0<strong>manifestaci\u00f3n de m\u00e1s de 80.000 trabajadores<\/strong>\u00a0liderados por Albert Pearsons.<\/p>\n<p class=\"element element-paragraph\">Ese movimiento hab\u00eda sido calificado como \u00abindignante e irrespetuoso\u00bb, \u00abdelirio de lun\u00e1ticos poco patriotas\u00bb, y manifestando que era \u00ablo mismo que pedir que se pague un salario sin cumplir ninguna hora de trabajo\u00bb.<\/p>\n<p class=\"element element-paragraph\">A partir de all\u00ed, el conflicto se fue extendiendo a otras ciudades norteamericanas, logrando que m\u00e1s de 400.000 obreros pararan en 5.000 huelgas simult\u00e1neas. La magnitud del conflicto caus\u00f3 preocupaci\u00f3n al gobierno y al sector empresarial, que creyeron ver en las manifestaciones y huelgas el inicio de una revoluci\u00f3n anarquista.<\/p>\n<p class=\"element element-paragraph\">Sin embargo, la f\u00e1brica Mc. Cormik de Chicago no reconoci\u00f3 la victoria de los trabajadores y el 1\u00ba de mayo de aquel a\u00f1o\u00a0<strong>la polic\u00eda dispar\u00f3 contra los manifestantes<\/strong>\u00a0que, a las puertas de la f\u00e1brica, reivindicaban el nuevo acuerdo. Durante los siguientes d\u00edas murieron m\u00e1s trabajadores, hasta que el d\u00eda 4\u00a0<strong>una bomba estall\u00f3 contra las fuerzas policiales<\/strong>, suceso conocido como \u00abel atentado de Haymarket\u00bb.<\/p>\n<p class=\"element element-paragraph\">El 21 de junio de 1886 comenz\u00f3 el juicio a 31 obreros acusados de haber sido los promotores del conflicto. Todos fueron condenados, dos de ellos a cadena perpetua, uno a 15 a\u00f1os de trabajos forzados y cinco a la muerte en la horca. La culpabilidad de los condenados nunca fue probada.<\/p>\n<\/div>\n<\/article>\n","protected":false},"excerpt":{"rendered":"<p>Hoy se conmemora el D\u00eda Internacional de los Trabajadores en homenaje a los llamados M\u00e1rtires de Chicago. Su historia y el origen del movimiento obrero organizado.<\/p>\n","protected":false},"author":2,"featured_media":33419,"comment_status":"open","ping_status":"open","sticky":false,"template":"","format":"standard","meta":{"fifu_image_url":"","fifu_image_alt":"","footnotes":""},"categories":[8,9],"tags":[1307],"class_list":{"0":"post-33418","1":"post","2":"type-post","3":"status-publish","4":"format-standard","5":"has-post-thumbnail","7":"category-internacionales","8":"category-sociedad","9":"tag-dia-del-trabajador"},"yoast_head":"<title>\u00bfPor qu\u00e9 se conmemora el D\u00eda del Trabajador el 1\u00b0 de mayo? - Informe Litoral<\/title>\n<meta name=\"robots\" content=\"index, follow, max-snippet:-1, max-image-preview:large, max-video-preview:-1\" \/>\n<link rel=\"canonical\" href=\"https:\/\/informelitoral.com.ar\/por-que-se-conmemora-el-dia-del-trabajador-el-1-de-mayo\/\" \/>\n<meta property=\"og:locale\" content=\"es_ES\" \/>\n<meta property=\"og:type\" content=\"article\" \/>\n<meta property=\"og:title\" content=\"\u00bfPor qu\u00e9 se conmemora el D\u00eda del Trabajador el 1\u00b0 de mayo? - Informe Litoral\" \/>\n<meta property=\"og:description\" content=\"Hoy se conmemora el D\u00eda Internacional de los Trabajadores en homenaje a los llamados M\u00e1rtires de Chicago. Su historia y el origen del movimiento obrero organizado.\" \/>\n<meta property=\"og:url\" content=\"https:\/\/informelitoral.com.ar\/por-que-se-conmemora-el-dia-del-trabajador-el-1-de-mayo\/\" \/>\n<meta property=\"og:site_name\" content=\"Informe Litoral\" \/>\n<meta property=\"article:publisher\" content=\"https:\/\/www.facebook.com\/informelitoral\/\" \/>\n<meta property=\"article:published_time\" content=\"2019-05-01T12:19:56+00:00\" \/>\n<meta property=\"article:modified_time\" content=\"2019-05-01T12:20:53+00:00\" \/>\n<meta property=\"og:image\" content=\"https:\/\/informelitoral.com.ar\/%77%70%2d%63%6f%6e%74%65%6e%74\/uploads\/2019\/05\/dia-del-trabajador.png\" \/>\n\t<meta property=\"og:image:width\" content=\"829\" \/>\n\t<meta property=\"og:image:height\" content=\"466\" \/>\n\t<meta property=\"og:image:type\" content=\"image\/png\" \/>\n<meta name=\"author\" content=\"Gonzalo Schmidt\" \/>\n<meta name=\"twitter:card\" content=\"summary_large_image\" \/>\n<meta name=\"twitter:creator\" content=\"@InformeLitoral\" \/>\n<meta name=\"twitter:site\" content=\"@InformeLitoral\" \/>\n<meta name=\"twitter:label1\" content=\"Escrito por\" \/>\n\t<meta name=\"twitter:data1\" content=\"Gonzalo Schmidt\" \/>\n\t<meta name=\"twitter:label2\" content=\"Tiempo de lectura\" \/>\n\t<meta name=\"twitter:data2\" content=\"2 minutos\" \/>\n<script type=\"application\/ld+json\" class=\"yoast-schema-graph\">{\"@context\":\"https:\\\/\\\/schema.org\",\"@graph\":[{\"@type\":\"Article\",\"@id\":\"https:\\\/\\\/informelitoral.com.ar\\\/por-que-se-conmemora-el-dia-del-trabajador-el-1-de-mayo\\\/#article\",\"isPartOf\":{\"@id\":\"https:\\\/\\\/informelitoral.com.ar\\\/por-que-se-conmemora-el-dia-del-trabajador-el-1-de-mayo\\\/\"},\"author\":{\"name\":\"Gonzalo Schmidt\",\"@id\":\"https:\\\/\\\/informelitoral.com.ar\\\/#\\\/schema\\\/person\\\/b9d00407c836482871ef1d57bf8e3180\"},\"headline\":\"\u00bfPor qu\u00e9 se conmemora el D\u00eda del Trabajador el 1\u00b0 de mayo?\",\"datePublished\":\"2019-05-01T12:19:56+00:00\",\"dateModified\":\"2019-05-01T12:20:53+00:00\",\"mainEntityOfPage\":{\"@id\":\"https:\\\/\\\/informelitoral.com.ar\\\/por-que-se-conmemora-el-dia-del-trabajador-el-1-de-mayo\\\/\"},\"wordCount\":422,\"commentCount\":0,\"publisher\":{\"@id\":\"https:\\\/\\\/informelitoral.com.ar\\\/#organization\"},\"image\":{\"@id\":\"https:\\\/\\\/informelitoral.com.ar\\\/por-que-se-conmemora-el-dia-del-trabajador-el-1-de-mayo\\\/#primaryimage\"},\"thumbnailUrl\":\"https:\\\/\\\/informelitoral.com.ar\\\/%77%70%2d%63%6f%6e%74%65%6e%74\\\/uploads\\\/2019\\\/05\\\/dia-del-trabajador.png\",\"keywords\":[\"D\u00eda del Trabajador\"],\"articleSection\":[\"Internacionales\",\"Sociedad\"],\"inLanguage\":\"es\",\"potentialAction\":[{\"@type\":\"CommentAction\",\"name\":\"Comment\",\"target\":[\"https:\\\/\\\/informelitoral.com.ar\\\/por-que-se-conmemora-el-dia-del-trabajador-el-1-de-mayo\\\/#respond\"]}]},{\"@type\":\"WebPage\",\"@id\":\"https:\\\/\\\/informelitoral.com.ar\\\/por-que-se-conmemora-el-dia-del-trabajador-el-1-de-mayo\\\/\",\"url\":\"https:\\\/\\\/informelitoral.com.ar\\\/por-que-se-conmemora-el-dia-del-trabajador-el-1-de-mayo\\\/\",\"name\":\"\u00bfPor qu\u00e9 se conmemora el D\u00eda del Trabajador el 1\u00b0 de mayo? - Informe Litoral\",\"isPartOf\":{\"@id\":\"https:\\\/\\\/informelitoral.com.ar\\\/#website\"},\"primaryImageOfPage\":{\"@id\":\"https:\\\/\\\/informelitoral.com.ar\\\/por-que-se-conmemora-el-dia-del-trabajador-el-1-de-mayo\\\/#primaryimage\"},\"image\":{\"@id\":\"https:\\\/\\\/informelitoral.com.ar\\\/por-que-se-conmemora-el-dia-del-trabajador-el-1-de-mayo\\\/#primaryimage\"},\"thumbnailUrl\":\"https:\\\/\\\/informelitoral.com.ar\\\/%77%70%2d%63%6f%6e%74%65%6e%74\\\/uploads\\\/2019\\\/05\\\/dia-del-trabajador.png\",\"datePublished\":\"2019-05-01T12:19:56+00:00\",\"dateModified\":\"2019-05-01T12:20:53+00:00\",\"breadcrumb\":{\"@id\":\"https:\\\/\\\/informelitoral.com.ar\\\/por-que-se-conmemora-el-dia-del-trabajador-el-1-de-mayo\\\/#breadcrumb\"},\"inLanguage\":\"es\",\"potentialAction\":[{\"@type\":\"ReadAction\",\"target\":[\"https:\\\/\\\/informelitoral.com.ar\\\/por-que-se-conmemora-el-dia-del-trabajador-el-1-de-mayo\\\/\"]}]},{\"@type\":\"ImageObject\",\"inLanguage\":\"es\",\"@id\":\"https:\\\/\\\/informelitoral.com.ar\\\/por-que-se-conmemora-el-dia-del-trabajador-el-1-de-mayo\\\/#primaryimage\",\"url\":\"https:\\\/\\\/informelitoral.com.ar\\\/%77%70%2d%63%6f%6e%74%65%6e%74\\\/uploads\\\/2019\\\/05\\\/dia-del-trabajador.png\",\"contentUrl\":\"https:\\\/\\\/informelitoral.com.ar\\\/%77%70%2d%63%6f%6e%74%65%6e%74\\\/uploads\\\/2019\\\/05\\\/dia-del-trabajador.png\",\"width\":829,\"height\":466},{\"@type\":\"BreadcrumbList\",\"@id\":\"https:\\\/\\\/informelitoral.com.ar\\\/por-que-se-conmemora-el-dia-del-trabajador-el-1-de-mayo\\\/#breadcrumb\",\"itemListElement\":[{\"@type\":\"ListItem\",\"position\":1,\"name\":\"Portada\",\"item\":\"https:\\\/\\\/informelitoral.com.ar\\\/\"},{\"@type\":\"ListItem\",\"position\":2,\"name\":\"\u00bfPor qu\u00e9 se conmemora el D\u00eda del Trabajador el 1\u00b0 de mayo?\"}]},{\"@type\":\"WebSite\",\"@id\":\"https:\\\/\\\/informelitoral.com.ar\\\/#website\",\"url\":\"https:\\\/\\\/informelitoral.com.ar\\\/\",\"name\":\"Informe Litoral\",\"description\":\"&quot;Nos informamos&quot; \",\"publisher\":{\"@id\":\"https:\\\/\\\/informelitoral.com.ar\\\/#organization\"},\"potentialAction\":[{\"@type\":\"SearchAction\",\"target\":{\"@type\":\"EntryPoint\",\"urlTemplate\":\"https:\\\/\\\/informelitoral.com.ar\\\/?s={search_term_string}\"},\"query-input\":{\"@type\":\"PropertyValueSpecification\",\"valueRequired\":true,\"valueName\":\"search_term_string\"}}],\"inLanguage\":\"es\"},{\"@type\":\"Organization\",\"@id\":\"https:\\\/\\\/informelitoral.com.ar\\\/#organization\",\"name\":\"Informe Litoral\",\"url\":\"https:\\\/\\\/informelitoral.com.ar\\\/\",\"logo\":{\"@type\":\"ImageObject\",\"inLanguage\":\"es\",\"@id\":\"https:\\\/\\\/informelitoral.com.ar\\\/#\\\/schema\\\/logo\\\/image\\\/\",\"url\":\"https:\\\/\\\/informelitoral.com.ar\\\/%77%70%2d%63%6f%6e%74%65%6e%74\\\/uploads\\\/2021\\\/01\\\/circulo.png\",\"contentUrl\":\"https:\\\/\\\/informelitoral.com.ar\\\/%77%70%2d%63%6f%6e%74%65%6e%74\\\/uploads\\\/2021\\\/01\\\/circulo.png\",\"width\":723,\"height\":731,\"caption\":\"Informe Litoral\"},\"image\":{\"@id\":\"https:\\\/\\\/informelitoral.com.ar\\\/#\\\/schema\\\/logo\\\/image\\\/\"},\"sameAs\":[\"https:\\\/\\\/www.facebook.com\\\/informelitoral\\\/\",\"https:\\\/\\\/x.com\\\/InformeLitoral\",\"https:\\\/\\\/www.instagram.com\\\/informelitoral\\\/\",\"https:\\\/\\\/www.youtube.com\\\/channel\\\/UCua4Qvz8Icb6MYqhoq9xLXw\"]},{\"@type\":\"Person\",\"@id\":\"https:\\\/\\\/informelitoral.com.ar\\\/#\\\/schema\\\/person\\\/b9d00407c836482871ef1d57bf8e3180\",\"name\":\"Gonzalo Schmidt\",\"image\":{\"@type\":\"ImageObject\",\"inLanguage\":\"es\",\"@id\":\"https:\\\/\\\/secure.gravatar.com\\\/avatar\\\/31a1a7b66ff2de83bd0e9fd79d026630d2d99e55e8bfe501287647b4fd9743de?s=96&d=mm&r=g\",\"url\":\"https:\\\/\\\/secure.gravatar.com\\\/avatar\\\/31a1a7b66ff2de83bd0e9fd79d026630d2d99e55e8bfe501287647b4fd9743de?s=96&d=mm&r=g\",\"contentUrl\":\"https:\\\/\\\/secure.gravatar.com\\\/avatar\\\/31a1a7b66ff2de83bd0e9fd79d026630d2d99e55e8bfe501287647b4fd9743de?s=96&d=mm&r=g\",\"caption\":\"Gonzalo Schmidt\"},\"description\":\"Sitio web de noticias de la provincia de Entre R\u00edos, Argentina. Informaci\u00f3n y entretenimiento. Informe Litoral, nos informamos.\",\"sameAs\":[\"http:\\\/\\\/www.isletasnoticias.com.ar\"],\"url\":\"https:\\\/\\\/informelitoral.com.ar\\\/author\\\/gonzalo\\\/\"}]}<\/script>","yoast_head_json":{"title":"\u00bfPor qu\u00e9 se conmemora el D\u00eda del Trabajador el 1\u00b0 de mayo? - Informe Litoral","robots":{"index":"index","follow":"follow","max-snippet":"max-snippet:-1","max-image-preview":"max-image-preview:large","max-video-preview":"max-video-preview:-1"},"canonical":"https:\/\/informelitoral.com.ar\/por-que-se-conmemora-el-dia-del-trabajador-el-1-de-mayo\/","og_locale":"es_ES","og_type":"article","og_title":"\u00bfPor qu\u00e9 se conmemora el D\u00eda del Trabajador el 1\u00b0 de mayo? - Informe Litoral","og_description":"Hoy se conmemora el D\u00eda Internacional de los Trabajadores en homenaje a los llamados M\u00e1rtires de Chicago. Su historia y el origen del movimiento obrero organizado.","og_url":"https:\/\/informelitoral.com.ar\/por-que-se-conmemora-el-dia-del-trabajador-el-1-de-mayo\/","og_site_name":"Informe Litoral","article_publisher":"https:\/\/www.facebook.com\/informelitoral\/","article_published_time":"2019-05-01T12:19:56+00:00","article_modified_time":"2019-05-01T12:20:53+00:00","og_image":[{"width":829,"height":466,"url":"https:\/\/informelitoral.com.ar\/%77%70%2d%63%6f%6e%74%65%6e%74\/uploads\/2019\/05\/dia-del-trabajador.png","type":"image\/png"}],"author":"Gonzalo Schmidt","twitter_card":"summary_large_image","twitter_creator":"@InformeLitoral","twitter_site":"@InformeLitoral","twitter_misc":{"Escrito por":"Gonzalo Schmidt","Tiempo de lectura":"2 minutos"},"schema":{"@context":"https:\/\/schema.org","@graph":[{"@type":"Article","@id":"https:\/\/informelitoral.com.ar\/por-que-se-conmemora-el-dia-del-trabajador-el-1-de-mayo\/#article","isPartOf":{"@id":"https:\/\/informelitoral.com.ar\/por-que-se-conmemora-el-dia-del-trabajador-el-1-de-mayo\/"},"author":{"name":"Gonzalo Schmidt","@id":"https:\/\/informelitoral.com.ar\/#\/schema\/person\/b9d00407c836482871ef1d57bf8e3180"},"headline":"\u00bfPor qu\u00e9 se conmemora el D\u00eda del Trabajador el 1\u00b0 de mayo?","datePublished":"2019-05-01T12:19:56+00:00","dateModified":"2019-05-01T12:20:53+00:00","mainEntityOfPage":{"@id":"https:\/\/informelitoral.com.ar\/por-que-se-conmemora-el-dia-del-trabajador-el-1-de-mayo\/"},"wordCount":422,"commentCount":0,"publisher":{"@id":"https:\/\/informelitoral.com.ar\/#organization"},"image":{"@id":"https:\/\/informelitoral.com.ar\/por-que-se-conmemora-el-dia-del-trabajador-el-1-de-mayo\/#primaryimage"},"thumbnailUrl":"https:\/\/informelitoral.com.ar\/%77%70%2d%63%6f%6e%74%65%6e%74\/uploads\/2019\/05\/dia-del-trabajador.png","keywords":["D\u00eda del Trabajador"],"articleSection":["Internacionales","Sociedad"],"inLanguage":"es","potentialAction":[{"@type":"CommentAction","name":"Comment","target":["https:\/\/informelitoral.com.ar\/por-que-se-conmemora-el-dia-del-trabajador-el-1-de-mayo\/#respond"]}]},{"@type":"WebPage","@id":"https:\/\/informelitoral.com.ar\/por-que-se-conmemora-el-dia-del-trabajador-el-1-de-mayo\/","url":"https:\/\/informelitoral.com.ar\/por-que-se-conmemora-el-dia-del-trabajador-el-1-de-mayo\/","name":"\u00bfPor qu\u00e9 se conmemora el D\u00eda del Trabajador el 1\u00b0 de mayo? - Informe Litoral","isPartOf":{"@id":"https:\/\/informelitoral.com.ar\/#website"},"primaryImageOfPage":{"@id":"https:\/\/informelitoral.com.ar\/por-que-se-conmemora-el-dia-del-trabajador-el-1-de-mayo\/#primaryimage"},"image":{"@id":"https:\/\/informelitoral.com.ar\/por-que-se-conmemora-el-dia-del-trabajador-el-1-de-mayo\/#primaryimage"},"thumbnailUrl":"https:\/\/informelitoral.com.ar\/%77%70%2d%63%6f%6e%74%65%6e%74\/uploads\/2019\/05\/dia-del-trabajador.png","datePublished":"2019-05-01T12:19:56+00:00","dateModified":"2019-05-01T12:20:53+00:00","breadcrumb":{"@id":"https:\/\/informelitoral.com.ar\/por-que-se-conmemora-el-dia-del-trabajador-el-1-de-mayo\/#breadcrumb"},"inLanguage":"es","potentialAction":[{"@type":"ReadAction","target":["https:\/\/informelitoral.com.ar\/por-que-se-conmemora-el-dia-del-trabajador-el-1-de-mayo\/"]}]},{"@type":"ImageObject","inLanguage":"es","@id":"https:\/\/informelitoral.com.ar\/por-que-se-conmemora-el-dia-del-trabajador-el-1-de-mayo\/#primaryimage","url":"https:\/\/informelitoral.com.ar\/%77%70%2d%63%6f%6e%74%65%6e%74\/uploads\/2019\/05\/dia-del-trabajador.png","contentUrl":"https:\/\/informelitoral.com.ar\/%77%70%2d%63%6f%6e%74%65%6e%74\/uploads\/2019\/05\/dia-del-trabajador.png","width":829,"height":466},{"@type":"BreadcrumbList","@id":"https:\/\/informelitoral.com.ar\/por-que-se-conmemora-el-dia-del-trabajador-el-1-de-mayo\/#breadcrumb","itemListElement":[{"@type":"ListItem","position":1,"name":"Portada","item":"https:\/\/informelitoral.com.ar\/"},{"@type":"ListItem","position":2,"name":"\u00bfPor qu\u00e9 se conmemora el D\u00eda del Trabajador el 1\u00b0 de mayo?"}]},{"@type":"WebSite","@id":"https:\/\/informelitoral.com.ar\/#website","url":"https:\/\/informelitoral.com.ar\/","name":"Informe Litoral","description":"&quot;Nos informamos&quot; ","publisher":{"@id":"https:\/\/informelitoral.com.ar\/#organization"},"potentialAction":[{"@type":"SearchAction","target":{"@type":"EntryPoint","urlTemplate":"https:\/\/informelitoral.com.ar\/?s={search_term_string}"},"query-input":{"@type":"PropertyValueSpecification","valueRequired":true,"valueName":"search_term_string"}}],"inLanguage":"es"},{"@type":"Organization","@id":"https:\/\/informelitoral.com.ar\/#organization","name":"Informe Litoral","url":"https:\/\/informelitoral.com.ar\/","logo":{"@type":"ImageObject","inLanguage":"es","@id":"https:\/\/informelitoral.com.ar\/#\/schema\/logo\/image\/","url":"https:\/\/informelitoral.com.ar\/%77%70%2d%63%6f%6e%74%65%6e%74\/uploads\/2021\/01\/circulo.png","contentUrl":"https:\/\/informelitoral.com.ar\/%77%70%2d%63%6f%6e%74%65%6e%74\/uploads\/2021\/01\/circulo.png","width":723,"height":731,"caption":"Informe Litoral"},"image":{"@id":"https:\/\/informelitoral.com.ar\/#\/schema\/logo\/image\/"},"sameAs":["https:\/\/www.facebook.com\/informelitoral\/","https:\/\/x.com\/InformeLitoral","https:\/\/www.instagram.com\/informelitoral\/","https:\/\/www.youtube.com\/channel\/UCua4Qvz8Icb6MYqhoq9xLXw"]},{"@type":"Person","@id":"https:\/\/informelitoral.com.ar\/#\/schema\/person\/b9d00407c836482871ef1d57bf8e3180","name":"Gonzalo Schmidt","image":{"@type":"ImageObject","inLanguage":"es","@id":"https:\/\/secure.gravatar.com\/avatar\/31a1a7b66ff2de83bd0e9fd79d026630d2d99e55e8bfe501287647b4fd9743de?s=96&d=mm&r=g","url":"https:\/\/secure.gravatar.com\/avatar\/31a1a7b66ff2de83bd0e9fd79d026630d2d99e55e8bfe501287647b4fd9743de?s=96&d=mm&r=g","contentUrl":"https:\/\/secure.gravatar.com\/avatar\/31a1a7b66ff2de83bd0e9fd79d026630d2d99e55e8bfe501287647b4fd9743de?s=96&d=mm&r=g","caption":"Gonzalo Schmidt"},"description":"Sitio web de noticias de la provincia de Entre R\u00edos, Argentina. Informaci\u00f3n y entretenimiento. Informe Litoral, nos informamos.","sameAs":["http:\/\/www.isletasnoticias.com.ar"],"url":"https:\/\/informelitoral.com.ar\/author\/gonzalo\/"}]}},"_links":{"self":[{"href":"https:\/\/informelitoral.com.ar\/%77%70%2d%6a%73%6f%6e\/wp\/v2\/posts\/33418","targetHints":{"allow":["GET"]}}],"collection":[{"href":"https:\/\/informelitoral.com.ar\/%77%70%2d%6a%73%6f%6e\/wp\/v2\/posts"}],"about":[{"href":"https:\/\/informelitoral.com.ar\/%77%70%2d%6a%73%6f%6e\/wp\/v2\/types\/post"}],"author":[{"embeddable":true,"href":"https:\/\/informelitoral.com.ar\/%77%70%2d%6a%73%6f%6e\/wp\/v2\/users\/2"}],"replies":[{"embeddable":true,"href":"https:\/\/informelitoral.com.ar\/%77%70%2d%6a%73%6f%6e\/wp\/v2\/comments?post=33418"}],"version-history":[{"count":0,"href":"https:\/\/informelitoral.com.ar\/%77%70%2d%6a%73%6f%6e\/wp\/v2\/posts\/33418\/revisions"}],"wp:featuredmedia":[{"embeddable":true,"href":"https:\/\/informelitoral.com.ar\/%77%70%2d%6a%73%6f%6e\/wp\/v2\/media\/33419"}],"wp:attachment":[{"href":"https:\/\/informelitoral.com.ar\/%77%70%2d%6a%73%6f%6e\/wp\/v2\/media?parent=33418"}],"wp:term":[{"taxonomy":"category","embeddable":true,"href":"https:\/\/informelitoral.com.ar\/%77%70%2d%6a%73%6f%6e\/wp\/v2\/categories?post=33418"},{"taxonomy":"post_tag","embeddable":true,"href":"https:\/\/informelitoral.com.ar\/%77%70%2d%6a%73%6f%6e\/wp\/v2\/tags?post=33418"}],"curies":[{"name":"wp","href":"https:\/\/api.w.org\/{rel}","templated":true}]}}