{"id":33410,"date":"2019-05-01T08:59:30","date_gmt":"2019-05-01T11:59:30","guid":{"rendered":"https:\/\/www.isletasnoticias.com.ar\/?p=33410"},"modified":"2019-05-01T08:59:30","modified_gmt":"2019-05-01T11:59:30","slug":"pablo-moyano-advirtio-que-si-no-hay-respuesta-del-gobierno-habra-mas-medidas-de-fuerza","status":"publish","type":"post","link":"https:\/\/informelitoral.com.ar\/pablo-moyano-advirtio-que-si-no-hay-respuesta-del-gobierno-habra-mas-medidas-de-fuerza\/","title":{"rendered":"Pablo Moyano advirti\u00f3 que si no hay respuesta del Gobierno habr\u00e1 m\u00e1s medidas de fuerza"},"content":{"rendered":"<div class=\"detail-body\">\n<article id=\"note-body\" class=\"note-body first\" data-twitter-link=\"https:\/\/twitter.com\/intent\/tweet?url=https:\/\/www.minutouno.com\/c5029076&amp;v\u00eda=minutounocom&amp;related=MinutoUno&amp;text=\">\n<div class=\"row\">\n<div class=\"inside-note col-xs-12\">\n<p><strong>\u00abEl paro fue contundente en todo el pa\u00eds y en algunas provincias ha sido total\u00bb. <\/strong>As\u00ed resumi\u00f3 <strong>Pablo Moyano<\/strong> la jornada de protesta que lideraron los\u00a0gremios aliados a\u00a0Camioneros\u00a0y las dos\u00a0CTA. Y le mand\u00f3 un mensaje al presidente Mauricio Macri:\u00a0<strong>\u00abEn 20 d\u00edas nos juntamos y vamos a decidir las medidas que haya que tomar si no hay respuestas del Gobierno\u00bb<\/strong>.<\/p>\n<\/div>\n<\/div>\n<\/article>\n<\/div>\n<div class=\"detail-body \">\n<article id=\"note-body\" class=\"note-body\" data-twitter-link=\"https:\/\/twitter.com\/intent\/tweet?url=https:\/\/www.minutouno.com\/c5029076&amp;v\u00eda=minutounocom&amp;related=MinutoUno&amp;text=\">\n<div class=\"row\">\n<div class=\"inside-note col-xs-12\">\n<p>Moyano (h) resalt\u00f3 el acatamiento del paro y la labor de los dirigentes de \u00ab70 regionales del interior del pa\u00eds\u00bb que \u00abtuvieron la capacidad y los huevos\u00bb para organizar la medida de este mi\u00e9rcoles.<\/p>\n<p>\u00abEstos son los dirigentes que necesitamos para llevar adelante las medidas, <span id=\"saysCMSEmphasisrpuprjggq4\" class=\"saysCMSEmphasis\">y no esconderse detr\u00e1s de un subsidio o de las deudas de las obras sociales<\/span>\u00ab, sentenci\u00f3 el hijo de Hugo Moyano.<\/p>\n<p>\u00abMuchos gremios fuimos multados,\u00a0<strong>dictaron la conciliaci\u00f3n obligatoria para asustarnos<\/strong>, pero que se metan la multa en el culo. Vamos a estar del lado de los trabajadores, no nos aprieta nadie, compa\u00f1eros\u00bb, lanz\u00f3.<\/p>\n<p>Moyano (h) fue el \u00faltimo orador en el acto de Plaza de Mayo y antes de ponerle fin a la jornada se refiri\u00f3 a las negociaciones pendientes con el Gobierno.<\/p>\n<p>\u00abMa\u00f1ana marchamos y en 20 d\u00edas, si no hay respuesta, seguramente en otro congreso\u00a0<strong>vamos a decidir las medidas que se van a tomar<\/strong>\u00ab, expres\u00f3, antes de dirigirse a su propio sector: \u00abA los compa\u00f1eros camioneros, prepar\u00e9monos que en 15 d\u00edas discutimos paritarias\u00bb, reprodujo <em>Minutouno.<\/em><\/p>\n<\/div>\n<\/div>\n<\/article>\n<\/div>\n","protected":false},"excerpt":{"rendered":"<p>El l\u00edder de Camioneros fustig\u00f3 al Gobierno por salir a dictar conciliaci\u00f3n obligatoria a 9 gremios e intentar mitigar el impacto de la huelga. \u00abQue se metan la multa en el c&#8230;\u00bb, lanz\u00f3.<\/p>\n","protected":false},"author":2,"featured_media":33411,"comment_status":"open","ping_status":"open","sticky":false,"template":"","format":"standard","meta":{"fifu_image_url":"","fifu_image_alt":"","footnotes":""},"categories":[7,16],"tags":[233,574],"class_list":{"0":"post-33410","1":"post","2":"type-post","3":"status-publish","4":"format-standard","5":"has-post-thumbnail","7":"category-nacionales","8":"category-politi","9":"tag-gobierno-nacional","10":"tag-paro-nacional"},"yoast_head":"<title>Pablo Moyano advirti\u00f3 que si no hay respuesta del Gobierno habr\u00e1 m\u00e1s medidas de fuerza - Informe Litoral<\/title>\n<meta name=\"robots\" content=\"index, follow, max-snippet:-1, max-image-preview:large, max-video-preview:-1\" \/>\n<link rel=\"canonical\" href=\"https:\/\/informelitoral.com.ar\/pablo-moyano-advirtio-que-si-no-hay-respuesta-del-gobierno-habra-mas-medidas-de-fuerza\/\" \/>\n<meta property=\"og:locale\" content=\"es_ES\" \/>\n<meta property=\"og:type\" content=\"article\" \/>\n<meta property=\"og:title\" content=\"Pablo Moyano advirti\u00f3 que si no hay respuesta del Gobierno habr\u00e1 m\u00e1s medidas de fuerza - Informe Litoral\" \/>\n<meta property=\"og:description\" content=\"El l\u00edder de Camioneros fustig\u00f3 al Gobierno por salir a dictar conciliaci\u00f3n obligatoria a 9 gremios e intentar mitigar el impacto de la huelga. &quot;Que se metan la multa en el c...&quot;, lanz\u00f3.\" \/>\n<meta property=\"og:url\" content=\"https:\/\/informelitoral.com.ar\/pablo-moyano-advirtio-que-si-no-hay-respuesta-del-gobierno-habra-mas-medidas-de-fuerza\/\" \/>\n<meta property=\"og:site_name\" content=\"Informe Litoral\" \/>\n<meta property=\"article:publisher\" content=\"https:\/\/www.facebook.com\/informelitoral\/\" \/>\n<meta property=\"article:published_time\" content=\"2019-05-01T11:59:30+00:00\" \/>\n<meta property=\"og:image\" content=\"https:\/\/informelitoral.com.ar\/%77%70%2d%63%6f%6e%74%65%6e%74\/uploads\/2019\/05\/0036518136.jpg\" \/>\n\t<meta property=\"og:image:width\" content=\"1140\" \/>\n\t<meta property=\"og:image:height\" content=\"640\" \/>\n\t<meta property=\"og:image:type\" content=\"image\/jpeg\" \/>\n<meta name=\"author\" content=\"Gonzalo Schmidt\" \/>\n<meta name=\"twitter:card\" content=\"summary_large_image\" \/>\n<meta name=\"twitter:creator\" content=\"@InformeLitoral\" \/>\n<meta name=\"twitter:site\" content=\"@InformeLitoral\" \/>\n<meta name=\"twitter:label1\" content=\"Escrito por\" \/>\n\t<meta name=\"twitter:data1\" content=\"Gonzalo Schmidt\" \/>\n\t<meta name=\"twitter:label2\" content=\"Tiempo de lectura\" \/>\n\t<meta name=\"twitter:data2\" content=\"1 minuto\" \/>\n<script type=\"application\/ld+json\" class=\"yoast-schema-graph\">{\"@context\":\"https:\\\/\\\/schema.org\",\"@graph\":[{\"@type\":\"Article\",\"@id\":\"https:\\\/\\\/informelitoral.com.ar\\\/pablo-moyano-advirtio-que-si-no-hay-respuesta-del-gobierno-habra-mas-medidas-de-fuerza\\\/#article\",\"isPartOf\":{\"@id\":\"https:\\\/\\\/informelitoral.com.ar\\\/pablo-moyano-advirtio-que-si-no-hay-respuesta-del-gobierno-habra-mas-medidas-de-fuerza\\\/\"},\"author\":{\"name\":\"Gonzalo Schmidt\",\"@id\":\"https:\\\/\\\/informelitoral.com.ar\\\/#\\\/schema\\\/person\\\/b9d00407c836482871ef1d57bf8e3180\"},\"headline\":\"Pablo Moyano advirti\u00f3 que si no hay respuesta del Gobierno habr\u00e1 m\u00e1s medidas de fuerza\",\"datePublished\":\"2019-05-01T11:59:30+00:00\",\"mainEntityOfPage\":{\"@id\":\"https:\\\/\\\/informelitoral.com.ar\\\/pablo-moyano-advirtio-que-si-no-hay-respuesta-del-gobierno-habra-mas-medidas-de-fuerza\\\/\"},\"wordCount\":262,\"commentCount\":0,\"publisher\":{\"@id\":\"https:\\\/\\\/informelitoral.com.ar\\\/#organization\"},\"image\":{\"@id\":\"https:\\\/\\\/informelitoral.com.ar\\\/pablo-moyano-advirtio-que-si-no-hay-respuesta-del-gobierno-habra-mas-medidas-de-fuerza\\\/#primaryimage\"},\"thumbnailUrl\":\"https:\\\/\\\/informelitoral.com.ar\\\/%77%70%2d%63%6f%6e%74%65%6e%74\\\/uploads\\\/2019\\\/05\\\/0036518136.jpg\",\"keywords\":[\"Gobierno nacional\",\"Paro nacional\"],\"articleSection\":[\"Nacionales\",\"Politica\"],\"inLanguage\":\"es\",\"potentialAction\":[{\"@type\":\"CommentAction\",\"name\":\"Comment\",\"target\":[\"https:\\\/\\\/informelitoral.com.ar\\\/pablo-moyano-advirtio-que-si-no-hay-respuesta-del-gobierno-habra-mas-medidas-de-fuerza\\\/#respond\"]}]},{\"@type\":\"WebPage\",\"@id\":\"https:\\\/\\\/informelitoral.com.ar\\\/pablo-moyano-advirtio-que-si-no-hay-respuesta-del-gobierno-habra-mas-medidas-de-fuerza\\\/\",\"url\":\"https:\\\/\\\/informelitoral.com.ar\\\/pablo-moyano-advirtio-que-si-no-hay-respuesta-del-gobierno-habra-mas-medidas-de-fuerza\\\/\",\"name\":\"Pablo Moyano advirti\u00f3 que si no hay respuesta del Gobierno habr\u00e1 m\u00e1s medidas de fuerza - Informe Litoral\",\"isPartOf\":{\"@id\":\"https:\\\/\\\/informelitoral.com.ar\\\/#website\"},\"primaryImageOfPage\":{\"@id\":\"https:\\\/\\\/informelitoral.com.ar\\\/pablo-moyano-advirtio-que-si-no-hay-respuesta-del-gobierno-habra-mas-medidas-de-fuerza\\\/#primaryimage\"},\"image\":{\"@id\":\"https:\\\/\\\/informelitoral.com.ar\\\/pablo-moyano-advirtio-que-si-no-hay-respuesta-del-gobierno-habra-mas-medidas-de-fuerza\\\/#primaryimage\"},\"thumbnailUrl\":\"https:\\\/\\\/informelitoral.com.ar\\\/%77%70%2d%63%6f%6e%74%65%6e%74\\\/uploads\\\/2019\\\/05\\\/0036518136.jpg\",\"datePublished\":\"2019-05-01T11:59:30+00:00\",\"breadcrumb\":{\"@id\":\"https:\\\/\\\/informelitoral.com.ar\\\/pablo-moyano-advirtio-que-si-no-hay-respuesta-del-gobierno-habra-mas-medidas-de-fuerza\\\/#breadcrumb\"},\"inLanguage\":\"es\",\"potentialAction\":[{\"@type\":\"ReadAction\",\"target\":[\"https:\\\/\\\/informelitoral.com.ar\\\/pablo-moyano-advirtio-que-si-no-hay-respuesta-del-gobierno-habra-mas-medidas-de-fuerza\\\/\"]}]},{\"@type\":\"ImageObject\",\"inLanguage\":\"es\",\"@id\":\"https:\\\/\\\/informelitoral.com.ar\\\/pablo-moyano-advirtio-que-si-no-hay-respuesta-del-gobierno-habra-mas-medidas-de-fuerza\\\/#primaryimage\",\"url\":\"https:\\\/\\\/informelitoral.com.ar\\\/%77%70%2d%63%6f%6e%74%65%6e%74\\\/uploads\\\/2019\\\/05\\\/0036518136.jpg\",\"contentUrl\":\"https:\\\/\\\/informelitoral.com.ar\\\/%77%70%2d%63%6f%6e%74%65%6e%74\\\/uploads\\\/2019\\\/05\\\/0036518136.jpg\",\"width\":1140,\"height\":640},{\"@type\":\"BreadcrumbList\",\"@id\":\"https:\\\/\\\/informelitoral.com.ar\\\/pablo-moyano-advirtio-que-si-no-hay-respuesta-del-gobierno-habra-mas-medidas-de-fuerza\\\/#breadcrumb\",\"itemListElement\":[{\"@type\":\"ListItem\",\"position\":1,\"name\":\"Portada\",\"item\":\"https:\\\/\\\/informelitoral.com.ar\\\/\"},{\"@type\":\"ListItem\",\"position\":2,\"name\":\"Pablo Moyano advirti\u00f3 que si no hay respuesta del Gobierno habr\u00e1 m\u00e1s medidas de fuerza\"}]},{\"@type\":\"WebSite\",\"@id\":\"https:\\\/\\\/informelitoral.com.ar\\\/#website\",\"url\":\"https:\\\/\\\/informelitoral.com.ar\\\/\",\"name\":\"Informe Litoral\",\"description\":\"&quot;Nos informamos&quot; \",\"publisher\":{\"@id\":\"https:\\\/\\\/informelitoral.com.ar\\\/#organization\"},\"potentialAction\":[{\"@type\":\"SearchAction\",\"target\":{\"@type\":\"EntryPoint\",\"urlTemplate\":\"https:\\\/\\\/informelitoral.com.ar\\\/?s={search_term_string}\"},\"query-input\":{\"@type\":\"PropertyValueSpecification\",\"valueRequired\":true,\"valueName\":\"search_term_string\"}}],\"inLanguage\":\"es\"},{\"@type\":\"Organization\",\"@id\":\"https:\\\/\\\/informelitoral.com.ar\\\/#organization\",\"name\":\"Informe Litoral\",\"url\":\"https:\\\/\\\/informelitoral.com.ar\\\/\",\"logo\":{\"@type\":\"ImageObject\",\"inLanguage\":\"es\",\"@id\":\"https:\\\/\\\/informelitoral.com.ar\\\/#\\\/schema\\\/logo\\\/image\\\/\",\"url\":\"https:\\\/\\\/informelitoral.com.ar\\\/%77%70%2d%63%6f%6e%74%65%6e%74\\\/uploads\\\/2021\\\/01\\\/circulo.png\",\"contentUrl\":\"https:\\\/\\\/informelitoral.com.ar\\\/%77%70%2d%63%6f%6e%74%65%6e%74\\\/uploads\\\/2021\\\/01\\\/circulo.png\",\"width\":723,\"height\":731,\"caption\":\"Informe Litoral\"},\"image\":{\"@id\":\"https:\\\/\\\/informelitoral.com.ar\\\/#\\\/schema\\\/logo\\\/image\\\/\"},\"sameAs\":[\"https:\\\/\\\/www.facebook.com\\\/informelitoral\\\/\",\"https:\\\/\\\/x.com\\\/InformeLitoral\",\"https:\\\/\\\/www.instagram.com\\\/informelitoral\\\/\",\"https:\\\/\\\/www.youtube.com\\\/channel\\\/UCua4Qvz8Icb6MYqhoq9xLXw\"]},{\"@type\":\"Person\",\"@id\":\"https:\\\/\\\/informelitoral.com.ar\\\/#\\\/schema\\\/person\\\/b9d00407c836482871ef1d57bf8e3180\",\"name\":\"Gonzalo Schmidt\",\"image\":{\"@type\":\"ImageObject\",\"inLanguage\":\"es\",\"@id\":\"https:\\\/\\\/secure.gravatar.com\\\/avatar\\\/31a1a7b66ff2de83bd0e9fd79d026630d2d99e55e8bfe501287647b4fd9743de?s=96&d=mm&r=g\",\"url\":\"https:\\\/\\\/secure.gravatar.com\\\/avatar\\\/31a1a7b66ff2de83bd0e9fd79d026630d2d99e55e8bfe501287647b4fd9743de?s=96&d=mm&r=g\",\"contentUrl\":\"https:\\\/\\\/secure.gravatar.com\\\/avatar\\\/31a1a7b66ff2de83bd0e9fd79d026630d2d99e55e8bfe501287647b4fd9743de?s=96&d=mm&r=g\",\"caption\":\"Gonzalo Schmidt\"},\"description\":\"Sitio web de noticias de la provincia de Entre R\u00edos, Argentina. Informaci\u00f3n y entretenimiento. Informe Litoral, nos informamos.\",\"sameAs\":[\"http:\\\/\\\/www.isletasnoticias.com.ar\"],\"url\":\"https:\\\/\\\/informelitoral.com.ar\\\/author\\\/gonzalo\\\/\"}]}<\/script>","yoast_head_json":{"title":"Pablo Moyano advirti\u00f3 que si no hay respuesta del Gobierno habr\u00e1 m\u00e1s medidas de fuerza - Informe Litoral","robots":{"index":"index","follow":"follow","max-snippet":"max-snippet:-1","max-image-preview":"max-image-preview:large","max-video-preview":"max-video-preview:-1"},"canonical":"https:\/\/informelitoral.com.ar\/pablo-moyano-advirtio-que-si-no-hay-respuesta-del-gobierno-habra-mas-medidas-de-fuerza\/","og_locale":"es_ES","og_type":"article","og_title":"Pablo Moyano advirti\u00f3 que si no hay respuesta del Gobierno habr\u00e1 m\u00e1s medidas de fuerza - Informe Litoral","og_description":"El l\u00edder de Camioneros fustig\u00f3 al Gobierno por salir a dictar conciliaci\u00f3n obligatoria a 9 gremios e intentar mitigar el impacto de la huelga. \"Que se metan la multa en el c...\", lanz\u00f3.","og_url":"https:\/\/informelitoral.com.ar\/pablo-moyano-advirtio-que-si-no-hay-respuesta-del-gobierno-habra-mas-medidas-de-fuerza\/","og_site_name":"Informe Litoral","article_publisher":"https:\/\/www.facebook.com\/informelitoral\/","article_published_time":"2019-05-01T11:59:30+00:00","og_image":[{"width":1140,"height":640,"url":"https:\/\/informelitoral.com.ar\/%77%70%2d%63%6f%6e%74%65%6e%74\/uploads\/2019\/05\/0036518136.jpg","type":"image\/jpeg"}],"author":"Gonzalo Schmidt","twitter_card":"summary_large_image","twitter_creator":"@InformeLitoral","twitter_site":"@InformeLitoral","twitter_misc":{"Escrito por":"Gonzalo Schmidt","Tiempo de lectura":"1 minuto"},"schema":{"@context":"https:\/\/schema.org","@graph":[{"@type":"Article","@id":"https:\/\/informelitoral.com.ar\/pablo-moyano-advirtio-que-si-no-hay-respuesta-del-gobierno-habra-mas-medidas-de-fuerza\/#article","isPartOf":{"@id":"https:\/\/informelitoral.com.ar\/pablo-moyano-advirtio-que-si-no-hay-respuesta-del-gobierno-habra-mas-medidas-de-fuerza\/"},"author":{"name":"Gonzalo Schmidt","@id":"https:\/\/informelitoral.com.ar\/#\/schema\/person\/b9d00407c836482871ef1d57bf8e3180"},"headline":"Pablo Moyano advirti\u00f3 que si no hay respuesta del Gobierno habr\u00e1 m\u00e1s medidas de fuerza","datePublished":"2019-05-01T11:59:30+00:00","mainEntityOfPage":{"@id":"https:\/\/informelitoral.com.ar\/pablo-moyano-advirtio-que-si-no-hay-respuesta-del-gobierno-habra-mas-medidas-de-fuerza\/"},"wordCount":262,"commentCount":0,"publisher":{"@id":"https:\/\/informelitoral.com.ar\/#organization"},"image":{"@id":"https:\/\/informelitoral.com.ar\/pablo-moyano-advirtio-que-si-no-hay-respuesta-del-gobierno-habra-mas-medidas-de-fuerza\/#primaryimage"},"thumbnailUrl":"https:\/\/informelitoral.com.ar\/%77%70%2d%63%6f%6e%74%65%6e%74\/uploads\/2019\/05\/0036518136.jpg","keywords":["Gobierno nacional","Paro nacional"],"articleSection":["Nacionales","Politica"],"inLanguage":"es","potentialAction":[{"@type":"CommentAction","name":"Comment","target":["https:\/\/informelitoral.com.ar\/pablo-moyano-advirtio-que-si-no-hay-respuesta-del-gobierno-habra-mas-medidas-de-fuerza\/#respond"]}]},{"@type":"WebPage","@id":"https:\/\/informelitoral.com.ar\/pablo-moyano-advirtio-que-si-no-hay-respuesta-del-gobierno-habra-mas-medidas-de-fuerza\/","url":"https:\/\/informelitoral.com.ar\/pablo-moyano-advirtio-que-si-no-hay-respuesta-del-gobierno-habra-mas-medidas-de-fuerza\/","name":"Pablo Moyano advirti\u00f3 que si no hay respuesta del Gobierno habr\u00e1 m\u00e1s medidas de fuerza - Informe Litoral","isPartOf":{"@id":"https:\/\/informelitoral.com.ar\/#website"},"primaryImageOfPage":{"@id":"https:\/\/informelitoral.com.ar\/pablo-moyano-advirtio-que-si-no-hay-respuesta-del-gobierno-habra-mas-medidas-de-fuerza\/#primaryimage"},"image":{"@id":"https:\/\/informelitoral.com.ar\/pablo-moyano-advirtio-que-si-no-hay-respuesta-del-gobierno-habra-mas-medidas-de-fuerza\/#primaryimage"},"thumbnailUrl":"https:\/\/informelitoral.com.ar\/%77%70%2d%63%6f%6e%74%65%6e%74\/uploads\/2019\/05\/0036518136.jpg","datePublished":"2019-05-01T11:59:30+00:00","breadcrumb":{"@id":"https:\/\/informelitoral.com.ar\/pablo-moyano-advirtio-que-si-no-hay-respuesta-del-gobierno-habra-mas-medidas-de-fuerza\/#breadcrumb"},"inLanguage":"es","potentialAction":[{"@type":"ReadAction","target":["https:\/\/informelitoral.com.ar\/pablo-moyano-advirtio-que-si-no-hay-respuesta-del-gobierno-habra-mas-medidas-de-fuerza\/"]}]},{"@type":"ImageObject","inLanguage":"es","@id":"https:\/\/informelitoral.com.ar\/pablo-moyano-advirtio-que-si-no-hay-respuesta-del-gobierno-habra-mas-medidas-de-fuerza\/#primaryimage","url":"https:\/\/informelitoral.com.ar\/%77%70%2d%63%6f%6e%74%65%6e%74\/uploads\/2019\/05\/0036518136.jpg","contentUrl":"https:\/\/informelitoral.com.ar\/%77%70%2d%63%6f%6e%74%65%6e%74\/uploads\/2019\/05\/0036518136.jpg","width":1140,"height":640},{"@type":"BreadcrumbList","@id":"https:\/\/informelitoral.com.ar\/pablo-moyano-advirtio-que-si-no-hay-respuesta-del-gobierno-habra-mas-medidas-de-fuerza\/#breadcrumb","itemListElement":[{"@type":"ListItem","position":1,"name":"Portada","item":"https:\/\/informelitoral.com.ar\/"},{"@type":"ListItem","position":2,"name":"Pablo Moyano advirti\u00f3 que si no hay respuesta del Gobierno habr\u00e1 m\u00e1s medidas de fuerza"}]},{"@type":"WebSite","@id":"https:\/\/informelitoral.com.ar\/#website","url":"https:\/\/informelitoral.com.ar\/","name":"Informe Litoral","description":"&quot;Nos informamos&quot; ","publisher":{"@id":"https:\/\/informelitoral.com.ar\/#organization"},"potentialAction":[{"@type":"SearchAction","target":{"@type":"EntryPoint","urlTemplate":"https:\/\/informelitoral.com.ar\/?s={search_term_string}"},"query-input":{"@type":"PropertyValueSpecification","valueRequired":true,"valueName":"search_term_string"}}],"inLanguage":"es"},{"@type":"Organization","@id":"https:\/\/informelitoral.com.ar\/#organization","name":"Informe Litoral","url":"https:\/\/informelitoral.com.ar\/","logo":{"@type":"ImageObject","inLanguage":"es","@id":"https:\/\/informelitoral.com.ar\/#\/schema\/logo\/image\/","url":"https:\/\/informelitoral.com.ar\/%77%70%2d%63%6f%6e%74%65%6e%74\/uploads\/2021\/01\/circulo.png","contentUrl":"https:\/\/informelitoral.com.ar\/%77%70%2d%63%6f%6e%74%65%6e%74\/uploads\/2021\/01\/circulo.png","width":723,"height":731,"caption":"Informe Litoral"},"image":{"@id":"https:\/\/informelitoral.com.ar\/#\/schema\/logo\/image\/"},"sameAs":["https:\/\/www.facebook.com\/informelitoral\/","https:\/\/x.com\/InformeLitoral","https:\/\/www.instagram.com\/informelitoral\/","https:\/\/www.youtube.com\/channel\/UCua4Qvz8Icb6MYqhoq9xLXw"]},{"@type":"Person","@id":"https:\/\/informelitoral.com.ar\/#\/schema\/person\/b9d00407c836482871ef1d57bf8e3180","name":"Gonzalo Schmidt","image":{"@type":"ImageObject","inLanguage":"es","@id":"https:\/\/secure.gravatar.com\/avatar\/31a1a7b66ff2de83bd0e9fd79d026630d2d99e55e8bfe501287647b4fd9743de?s=96&d=mm&r=g","url":"https:\/\/secure.gravatar.com\/avatar\/31a1a7b66ff2de83bd0e9fd79d026630d2d99e55e8bfe501287647b4fd9743de?s=96&d=mm&r=g","contentUrl":"https:\/\/secure.gravatar.com\/avatar\/31a1a7b66ff2de83bd0e9fd79d026630d2d99e55e8bfe501287647b4fd9743de?s=96&d=mm&r=g","caption":"Gonzalo Schmidt"},"description":"Sitio web de noticias de la provincia de Entre R\u00edos, Argentina. Informaci\u00f3n y entretenimiento. Informe Litoral, nos informamos.","sameAs":["http:\/\/www.isletasnoticias.com.ar"],"url":"https:\/\/informelitoral.com.ar\/author\/gonzalo\/"}]}},"_links":{"self":[{"href":"https:\/\/informelitoral.com.ar\/%77%70%2d%6a%73%6f%6e\/wp\/v2\/posts\/33410","targetHints":{"allow":["GET"]}}],"collection":[{"href":"https:\/\/informelitoral.com.ar\/%77%70%2d%6a%73%6f%6e\/wp\/v2\/posts"}],"about":[{"href":"https:\/\/informelitoral.com.ar\/%77%70%2d%6a%73%6f%6e\/wp\/v2\/types\/post"}],"author":[{"embeddable":true,"href":"https:\/\/informelitoral.com.ar\/%77%70%2d%6a%73%6f%6e\/wp\/v2\/users\/2"}],"replies":[{"embeddable":true,"href":"https:\/\/informelitoral.com.ar\/%77%70%2d%6a%73%6f%6e\/wp\/v2\/comments?post=33410"}],"version-history":[{"count":0,"href":"https:\/\/informelitoral.com.ar\/%77%70%2d%6a%73%6f%6e\/wp\/v2\/posts\/33410\/revisions"}],"wp:featuredmedia":[{"embeddable":true,"href":"https:\/\/informelitoral.com.ar\/%77%70%2d%6a%73%6f%6e\/wp\/v2\/media\/33411"}],"wp:attachment":[{"href":"https:\/\/informelitoral.com.ar\/%77%70%2d%6a%73%6f%6e\/wp\/v2\/media?parent=33410"}],"wp:term":[{"taxonomy":"category","embeddable":true,"href":"https:\/\/informelitoral.com.ar\/%77%70%2d%6a%73%6f%6e\/wp\/v2\/categories?post=33410"},{"taxonomy":"post_tag","embeddable":true,"href":"https:\/\/informelitoral.com.ar\/%77%70%2d%6a%73%6f%6e\/wp\/v2\/tags?post=33410"}],"curies":[{"name":"wp","href":"https:\/\/api.w.org\/{rel}","templated":true}]}}