{"id":33324,"date":"2019-04-30T20:07:35","date_gmt":"2019-04-30T23:07:35","guid":{"rendered":"https:\/\/www.isletasnoticias.com.ar\/?p=33324"},"modified":"2019-04-30T21:13:43","modified_gmt":"2019-05-01T00:13:43","slug":"compusieron-una-nueva-cancion-para-general-ramirez","status":"publish","type":"post","link":"https:\/\/informelitoral.com.ar\/compusieron-una-nueva-cancion-para-general-ramirez\/","title":{"rendered":"Compusieron una nueva canci\u00f3n para General Ram\u00edrez"},"content":{"rendered":"<figure id=\"attachment_33405\" aria-describedby=\"caption-attachment-33405\" style=\"width: 300px\" class=\"wp-caption alignright\"><a href=\"https:\/\/www.isletasnoticias.com.ar\/%77%70%2d%63%6f%6e%74%65%6e%74\/uploads\/2019\/04\/diego-mait.jpg\"><img loading=\"lazy\" decoding=\"async\" class=\"wp-image-33405 size-medium\" src=\"https:\/\/www.isletasnoticias.com.ar\/%77%70%2d%63%6f%6e%74%65%6e%74\/uploads\/2019\/04\/diego-mait-300x300.jpg\" alt=\"\" width=\"300\" height=\"300\" srcset=\"https:\/\/informelitoral.com.ar\/%77%70%2d%63%6f%6e%74%65%6e%74\/uploads\/2019\/04\/diego-mait-300x300.jpg 300w, https:\/\/informelitoral.com.ar\/%77%70%2d%63%6f%6e%74%65%6e%74\/uploads\/2019\/04\/diego-mait-150x150.jpg 150w, https:\/\/informelitoral.com.ar\/%77%70%2d%63%6f%6e%74%65%6e%74\/uploads\/2019\/04\/diego-mait-420x420.jpg 420w, https:\/\/informelitoral.com.ar\/%77%70%2d%63%6f%6e%74%65%6e%74\/uploads\/2019\/04\/diego-mait.jpg 500w\" sizes=\"auto, (max-width: 300px) 100vw, 300px\" \/><\/a><figcaption id=\"caption-attachment-33405\" class=\"wp-caption-text\">Diego Mait<\/figcaption><\/figure>\n<p>Un artista entrerriano nuevamente se inspir\u00f3 en la ciudad de <strong>General Ram\u00edrez<\/strong> y le compuso una movida canci\u00f3n.<\/p>\n<p>El autor del tema es el mariagrandense <strong>Diego Mait<\/strong>, un m\u00fasico, profesor de guitarra y conductor del programa de rock <em><strong>\u00abLa puerta de al lado\u00bb<\/strong>,<\/em> que se emite por m\u00e1s de 90 radios del pa\u00eds y el exterior.<\/p>\n<p>La canci\u00f3n titulada <strong><em>\u00abDe Ram\u00edrez, no estoy tan lejos\u00bb<\/em><\/strong> se caracteriza por su ritmo pegadizo, siendo una especie de fusi\u00f3n entre el rock y la polca, esta \u00faltima arraigada en la ciudad y la zona.<\/p>\n<p>Seg\u00fan cont\u00f3 Mait a<em><strong> IN<\/strong><\/em>, el tema <strong>ser\u00e1 parte de su octavo disco<\/strong> que saldr\u00e1 a la venta en los pr\u00f3ximos meses.<\/p>\n<h3><strong>Letra de la canci\u00f3n<\/strong><\/h3>\n<p>Tiene nombre de caudillo<br \/>\nesta ciudad de Entre R\u00edos<br \/>\nvecina de Aranguren<br \/>\nHern\u00e1ndez y Nogoy\u00e1<\/p>\n<p>Emparentados con Crespo<br \/>\nlos apellidos de su gente<br \/>\nson dif\u00edciles de pronunciar<br \/>\nsi no sos alem\u00e1n<\/p>\n<p>La entrada es una S<br \/>\nque te lleva al boulevard<br \/>\nLa iglesia, la polic\u00eda<br \/>\ny la plaza se ha de encontrar<\/p>\n<p>Aqu\u00ed se conocen todos<br \/>\ny con un tono familiar<br \/>\nsi tiene alg\u00fan apodo<br \/>\npor su nombre no lo han de hallar<\/p>\n<p>De Ram\u00edrez no estoy tan lejos<br \/>\nsi quiero ir a cantar<br \/>\ny m\u00e1s cerca de lo pensado<br \/>\nsi mis canciones suenan all\u00e1<\/p>\n<p>De Ram\u00edrez no estoy tan lejos<br \/>\nsi quiero ir a cantar<br \/>\ny m\u00e1s cerca de lo pensado<br \/>\nsi este paruzki te hace bailar<\/p>\n<p>Aqu\u00ed todav\u00eda se compra<br \/>\naz\u00facar en terr\u00f3n<br \/>\npirok y mate dulce<br \/>\ncostumbres y tradici\u00f3n<\/p>\n<p>El trabajo y el progreso<br \/>\nlas ganas de ir a m\u00e1s<br \/>\nacuna aqu\u00ed la juventud<br \/>\nsu fiesta provincial<\/p>\n<p>No me estoy quedando corto<br \/>\nni es que no quiera contarle m\u00e1s<br \/>\nsolo quiero que se arrime<br \/>\ny conozca esta ciudad<\/p>\n<p>La familia y la amistad<br \/>\nhan hecho este pueblo unido<br \/>\nvengase tranquilo<br \/>\nque ser\u00e1 bien recibido<\/p>\n<p>De Ram\u00edrez no estoy tan lejos<br \/>\nsi quiero ir a cantar<br \/>\ny m\u00e1s cerca de lo pensado<br \/>\nsi mis canciones suenan all\u00e1<\/p>\n<p>De Ram\u00edrez no estoy tan lejos<br \/>\nsi quiero ir a cantar<br \/>\ny m\u00e1s cerca de lo pensado<br \/>\nsi este paruzki te hace bailar<\/p>\n<p><strong>Tanto la letra, como la grabaci\u00f3n y la mezcla fueron realizados por el propio Mait<\/strong> en su estudio de la localidad de Mar\u00eda Grande.<em> (IN)<\/em><\/p>\n<h3><strong>De Ram\u00edrez, no estoy tan lejos:<\/strong><\/h3>\n<div class=\"youtube-embed\" data-video_id=\"udT325YupGg\"><iframe loading=\"lazy\" width=\"696\" height=\"522\" src=\"https:\/\/www.youtube.com\/embed\/udT325YupGg?feature=oembed&#038;enablejsapi=1\" frameborder=\"0\" allow=\"accelerometer; autoplay; encrypted-media; gyroscope; picture-in-picture\" allowfullscreen><\/iframe><\/div>\n","protected":false},"excerpt":{"rendered":"<p>El autor es Diego Mait, un joven m\u00fasico y comunicador de Mar\u00eda Grande. Seg\u00fan adelant\u00f3 a IN, el tema ser\u00e1 parte de su octavo disco que saldr\u00e1 en los pr\u00f3ximos meses. La letra y el video en esta nota.<\/p>\n","protected":false},"author":2,"featured_media":33390,"comment_status":"open","ping_status":"open","sticky":false,"template":"","format":"standard","meta":{"fifu_image_url":"","fifu_image_alt":"","footnotes":""},"categories":[5,9],"tags":[556,212,27],"class_list":{"0":"post-33324","1":"post","2":"type-post","3":"status-publish","4":"format-standard","5":"has-post-thumbnail","7":"category-zonales","8":"category-sociedad","9":"tag-general-ramirez","10":"tag-musica","11":"tag-ramirez"},"yoast_head":"<title>Compusieron una nueva canci\u00f3n para General Ram\u00edrez - Informe Litoral<\/title>\n<meta name=\"robots\" content=\"index, follow, max-snippet:-1, max-image-preview:large, max-video-preview:-1\" \/>\n<link rel=\"canonical\" href=\"https:\/\/informelitoral.com.ar\/compusieron-una-nueva-cancion-para-general-ramirez\/\" \/>\n<meta property=\"og:locale\" content=\"es_ES\" \/>\n<meta property=\"og:type\" content=\"article\" \/>\n<meta property=\"og:title\" content=\"Compusieron una nueva canci\u00f3n para General Ram\u00edrez - Informe Litoral\" \/>\n<meta property=\"og:description\" content=\"El autor es Diego Mait, un joven m\u00fasico y comunicador de Mar\u00eda Grande. Seg\u00fan adelant\u00f3 a IN, el tema ser\u00e1 parte de su octavo disco que saldr\u00e1 en los pr\u00f3ximos meses. La letra y el video en esta nota.\" \/>\n<meta property=\"og:url\" content=\"https:\/\/informelitoral.com.ar\/compusieron-una-nueva-cancion-para-general-ramirez\/\" \/>\n<meta property=\"og:site_name\" content=\"Informe Litoral\" \/>\n<meta property=\"article:publisher\" content=\"https:\/\/www.facebook.com\/informelitoral\/\" \/>\n<meta property=\"article:published_time\" content=\"2019-04-30T23:07:35+00:00\" \/>\n<meta property=\"article:modified_time\" content=\"2019-05-01T00:13:43+00:00\" \/>\n<meta property=\"og:image\" content=\"https:\/\/informelitoral.com.ar\/%77%70%2d%63%6f%6e%74%65%6e%74\/uploads\/2019\/04\/53581822_2173190419393784_8058380372771078144_n.jpg\" \/>\n\t<meta property=\"og:image:width\" content=\"960\" \/>\n\t<meta property=\"og:image:height\" content=\"619\" \/>\n\t<meta property=\"og:image:type\" content=\"image\/jpeg\" \/>\n<meta name=\"author\" content=\"Gonzalo Schmidt\" \/>\n<meta name=\"twitter:card\" content=\"summary_large_image\" \/>\n<meta name=\"twitter:creator\" content=\"@InformeLitoral\" \/>\n<meta name=\"twitter:site\" content=\"@InformeLitoral\" \/>\n<meta name=\"twitter:label1\" content=\"Escrito por\" \/>\n\t<meta name=\"twitter:data1\" content=\"Gonzalo Schmidt\" \/>\n\t<meta name=\"twitter:label2\" content=\"Tiempo de lectura\" \/>\n\t<meta name=\"twitter:data2\" content=\"2 minutos\" \/>\n<script type=\"application\/ld+json\" class=\"yoast-schema-graph\">{\"@context\":\"https:\\\/\\\/schema.org\",\"@graph\":[{\"@type\":\"Article\",\"@id\":\"https:\\\/\\\/informelitoral.com.ar\\\/compusieron-una-nueva-cancion-para-general-ramirez\\\/#article\",\"isPartOf\":{\"@id\":\"https:\\\/\\\/informelitoral.com.ar\\\/compusieron-una-nueva-cancion-para-general-ramirez\\\/\"},\"author\":{\"name\":\"Gonzalo Schmidt\",\"@id\":\"https:\\\/\\\/informelitoral.com.ar\\\/#\\\/schema\\\/person\\\/b9d00407c836482871ef1d57bf8e3180\"},\"headline\":\"Compusieron una nueva canci\u00f3n para General Ram\u00edrez\",\"datePublished\":\"2019-04-30T23:07:35+00:00\",\"dateModified\":\"2019-05-01T00:13:43+00:00\",\"mainEntityOfPage\":{\"@id\":\"https:\\\/\\\/informelitoral.com.ar\\\/compusieron-una-nueva-cancion-para-general-ramirez\\\/\"},\"wordCount\":455,\"commentCount\":0,\"publisher\":{\"@id\":\"https:\\\/\\\/informelitoral.com.ar\\\/#organization\"},\"image\":{\"@id\":\"https:\\\/\\\/informelitoral.com.ar\\\/compusieron-una-nueva-cancion-para-general-ramirez\\\/#primaryimage\"},\"thumbnailUrl\":\"https:\\\/\\\/informelitoral.com.ar\\\/%77%70%2d%63%6f%6e%74%65%6e%74\\\/uploads\\\/2019\\\/04\\\/53581822_2173190419393784_8058380372771078144_n.jpg\",\"keywords\":[\"General Ram\u00edrez\",\"M\u00fasica\",\"Ram\u00edrez\"],\"articleSection\":[\"Departamento Diamante\",\"Sociedad\"],\"inLanguage\":\"es\",\"potentialAction\":[{\"@type\":\"CommentAction\",\"name\":\"Comment\",\"target\":[\"https:\\\/\\\/informelitoral.com.ar\\\/compusieron-una-nueva-cancion-para-general-ramirez\\\/#respond\"]}]},{\"@type\":\"WebPage\",\"@id\":\"https:\\\/\\\/informelitoral.com.ar\\\/compusieron-una-nueva-cancion-para-general-ramirez\\\/\",\"url\":\"https:\\\/\\\/informelitoral.com.ar\\\/compusieron-una-nueva-cancion-para-general-ramirez\\\/\",\"name\":\"Compusieron una nueva canci\u00f3n para General Ram\u00edrez - Informe Litoral\",\"isPartOf\":{\"@id\":\"https:\\\/\\\/informelitoral.com.ar\\\/#website\"},\"primaryImageOfPage\":{\"@id\":\"https:\\\/\\\/informelitoral.com.ar\\\/compusieron-una-nueva-cancion-para-general-ramirez\\\/#primaryimage\"},\"image\":{\"@id\":\"https:\\\/\\\/informelitoral.com.ar\\\/compusieron-una-nueva-cancion-para-general-ramirez\\\/#primaryimage\"},\"thumbnailUrl\":\"https:\\\/\\\/informelitoral.com.ar\\\/%77%70%2d%63%6f%6e%74%65%6e%74\\\/uploads\\\/2019\\\/04\\\/53581822_2173190419393784_8058380372771078144_n.jpg\",\"datePublished\":\"2019-04-30T23:07:35+00:00\",\"dateModified\":\"2019-05-01T00:13:43+00:00\",\"breadcrumb\":{\"@id\":\"https:\\\/\\\/informelitoral.com.ar\\\/compusieron-una-nueva-cancion-para-general-ramirez\\\/#breadcrumb\"},\"inLanguage\":\"es\",\"potentialAction\":[{\"@type\":\"ReadAction\",\"target\":[\"https:\\\/\\\/informelitoral.com.ar\\\/compusieron-una-nueva-cancion-para-general-ramirez\\\/\"]}]},{\"@type\":\"ImageObject\",\"inLanguage\":\"es\",\"@id\":\"https:\\\/\\\/informelitoral.com.ar\\\/compusieron-una-nueva-cancion-para-general-ramirez\\\/#primaryimage\",\"url\":\"https:\\\/\\\/informelitoral.com.ar\\\/%77%70%2d%63%6f%6e%74%65%6e%74\\\/uploads\\\/2019\\\/04\\\/53581822_2173190419393784_8058380372771078144_n.jpg\",\"contentUrl\":\"https:\\\/\\\/informelitoral.com.ar\\\/%77%70%2d%63%6f%6e%74%65%6e%74\\\/uploads\\\/2019\\\/04\\\/53581822_2173190419393784_8058380372771078144_n.jpg\",\"width\":960,\"height\":619},{\"@type\":\"BreadcrumbList\",\"@id\":\"https:\\\/\\\/informelitoral.com.ar\\\/compusieron-una-nueva-cancion-para-general-ramirez\\\/#breadcrumb\",\"itemListElement\":[{\"@type\":\"ListItem\",\"position\":1,\"name\":\"Portada\",\"item\":\"https:\\\/\\\/informelitoral.com.ar\\\/\"},{\"@type\":\"ListItem\",\"position\":2,\"name\":\"Compusieron una nueva canci\u00f3n para General Ram\u00edrez\"}]},{\"@type\":\"WebSite\",\"@id\":\"https:\\\/\\\/informelitoral.com.ar\\\/#website\",\"url\":\"https:\\\/\\\/informelitoral.com.ar\\\/\",\"name\":\"Informe Litoral\",\"description\":\"&quot;Nos informamos&quot; \",\"publisher\":{\"@id\":\"https:\\\/\\\/informelitoral.com.ar\\\/#organization\"},\"potentialAction\":[{\"@type\":\"SearchAction\",\"target\":{\"@type\":\"EntryPoint\",\"urlTemplate\":\"https:\\\/\\\/informelitoral.com.ar\\\/?s={search_term_string}\"},\"query-input\":{\"@type\":\"PropertyValueSpecification\",\"valueRequired\":true,\"valueName\":\"search_term_string\"}}],\"inLanguage\":\"es\"},{\"@type\":\"Organization\",\"@id\":\"https:\\\/\\\/informelitoral.com.ar\\\/#organization\",\"name\":\"Informe Litoral\",\"url\":\"https:\\\/\\\/informelitoral.com.ar\\\/\",\"logo\":{\"@type\":\"ImageObject\",\"inLanguage\":\"es\",\"@id\":\"https:\\\/\\\/informelitoral.com.ar\\\/#\\\/schema\\\/logo\\\/image\\\/\",\"url\":\"https:\\\/\\\/informelitoral.com.ar\\\/%77%70%2d%63%6f%6e%74%65%6e%74\\\/uploads\\\/2021\\\/01\\\/circulo.png\",\"contentUrl\":\"https:\\\/\\\/informelitoral.com.ar\\\/%77%70%2d%63%6f%6e%74%65%6e%74\\\/uploads\\\/2021\\\/01\\\/circulo.png\",\"width\":723,\"height\":731,\"caption\":\"Informe Litoral\"},\"image\":{\"@id\":\"https:\\\/\\\/informelitoral.com.ar\\\/#\\\/schema\\\/logo\\\/image\\\/\"},\"sameAs\":[\"https:\\\/\\\/www.facebook.com\\\/informelitoral\\\/\",\"https:\\\/\\\/x.com\\\/InformeLitoral\",\"https:\\\/\\\/www.instagram.com\\\/informelitoral\\\/\",\"https:\\\/\\\/www.youtube.com\\\/channel\\\/UCua4Qvz8Icb6MYqhoq9xLXw\"]},{\"@type\":\"Person\",\"@id\":\"https:\\\/\\\/informelitoral.com.ar\\\/#\\\/schema\\\/person\\\/b9d00407c836482871ef1d57bf8e3180\",\"name\":\"Gonzalo Schmidt\",\"image\":{\"@type\":\"ImageObject\",\"inLanguage\":\"es\",\"@id\":\"https:\\\/\\\/secure.gravatar.com\\\/avatar\\\/31a1a7b66ff2de83bd0e9fd79d026630d2d99e55e8bfe501287647b4fd9743de?s=96&d=mm&r=g\",\"url\":\"https:\\\/\\\/secure.gravatar.com\\\/avatar\\\/31a1a7b66ff2de83bd0e9fd79d026630d2d99e55e8bfe501287647b4fd9743de?s=96&d=mm&r=g\",\"contentUrl\":\"https:\\\/\\\/secure.gravatar.com\\\/avatar\\\/31a1a7b66ff2de83bd0e9fd79d026630d2d99e55e8bfe501287647b4fd9743de?s=96&d=mm&r=g\",\"caption\":\"Gonzalo Schmidt\"},\"description\":\"Sitio web de noticias de la provincia de Entre R\u00edos, Argentina. Informaci\u00f3n y entretenimiento. Informe Litoral, nos informamos.\",\"sameAs\":[\"http:\\\/\\\/www.isletasnoticias.com.ar\"],\"url\":\"https:\\\/\\\/informelitoral.com.ar\\\/author\\\/gonzalo\\\/\"}]}<\/script>","yoast_head_json":{"title":"Compusieron una nueva canci\u00f3n para General Ram\u00edrez - Informe Litoral","robots":{"index":"index","follow":"follow","max-snippet":"max-snippet:-1","max-image-preview":"max-image-preview:large","max-video-preview":"max-video-preview:-1"},"canonical":"https:\/\/informelitoral.com.ar\/compusieron-una-nueva-cancion-para-general-ramirez\/","og_locale":"es_ES","og_type":"article","og_title":"Compusieron una nueva canci\u00f3n para General Ram\u00edrez - Informe Litoral","og_description":"El autor es Diego Mait, un joven m\u00fasico y comunicador de Mar\u00eda Grande. Seg\u00fan adelant\u00f3 a IN, el tema ser\u00e1 parte de su octavo disco que saldr\u00e1 en los pr\u00f3ximos meses. La letra y el video en esta nota.","og_url":"https:\/\/informelitoral.com.ar\/compusieron-una-nueva-cancion-para-general-ramirez\/","og_site_name":"Informe Litoral","article_publisher":"https:\/\/www.facebook.com\/informelitoral\/","article_published_time":"2019-04-30T23:07:35+00:00","article_modified_time":"2019-05-01T00:13:43+00:00","og_image":[{"width":960,"height":619,"url":"https:\/\/informelitoral.com.ar\/%77%70%2d%63%6f%6e%74%65%6e%74\/uploads\/2019\/04\/53581822_2173190419393784_8058380372771078144_n.jpg","type":"image\/jpeg"}],"author":"Gonzalo Schmidt","twitter_card":"summary_large_image","twitter_creator":"@InformeLitoral","twitter_site":"@InformeLitoral","twitter_misc":{"Escrito por":"Gonzalo Schmidt","Tiempo de lectura":"2 minutos"},"schema":{"@context":"https:\/\/schema.org","@graph":[{"@type":"Article","@id":"https:\/\/informelitoral.com.ar\/compusieron-una-nueva-cancion-para-general-ramirez\/#article","isPartOf":{"@id":"https:\/\/informelitoral.com.ar\/compusieron-una-nueva-cancion-para-general-ramirez\/"},"author":{"name":"Gonzalo Schmidt","@id":"https:\/\/informelitoral.com.ar\/#\/schema\/person\/b9d00407c836482871ef1d57bf8e3180"},"headline":"Compusieron una nueva canci\u00f3n para General Ram\u00edrez","datePublished":"2019-04-30T23:07:35+00:00","dateModified":"2019-05-01T00:13:43+00:00","mainEntityOfPage":{"@id":"https:\/\/informelitoral.com.ar\/compusieron-una-nueva-cancion-para-general-ramirez\/"},"wordCount":455,"commentCount":0,"publisher":{"@id":"https:\/\/informelitoral.com.ar\/#organization"},"image":{"@id":"https:\/\/informelitoral.com.ar\/compusieron-una-nueva-cancion-para-general-ramirez\/#primaryimage"},"thumbnailUrl":"https:\/\/informelitoral.com.ar\/%77%70%2d%63%6f%6e%74%65%6e%74\/uploads\/2019\/04\/53581822_2173190419393784_8058380372771078144_n.jpg","keywords":["General Ram\u00edrez","M\u00fasica","Ram\u00edrez"],"articleSection":["Departamento Diamante","Sociedad"],"inLanguage":"es","potentialAction":[{"@type":"CommentAction","name":"Comment","target":["https:\/\/informelitoral.com.ar\/compusieron-una-nueva-cancion-para-general-ramirez\/#respond"]}]},{"@type":"WebPage","@id":"https:\/\/informelitoral.com.ar\/compusieron-una-nueva-cancion-para-general-ramirez\/","url":"https:\/\/informelitoral.com.ar\/compusieron-una-nueva-cancion-para-general-ramirez\/","name":"Compusieron una nueva canci\u00f3n para General Ram\u00edrez - Informe Litoral","isPartOf":{"@id":"https:\/\/informelitoral.com.ar\/#website"},"primaryImageOfPage":{"@id":"https:\/\/informelitoral.com.ar\/compusieron-una-nueva-cancion-para-general-ramirez\/#primaryimage"},"image":{"@id":"https:\/\/informelitoral.com.ar\/compusieron-una-nueva-cancion-para-general-ramirez\/#primaryimage"},"thumbnailUrl":"https:\/\/informelitoral.com.ar\/%77%70%2d%63%6f%6e%74%65%6e%74\/uploads\/2019\/04\/53581822_2173190419393784_8058380372771078144_n.jpg","datePublished":"2019-04-30T23:07:35+00:00","dateModified":"2019-05-01T00:13:43+00:00","breadcrumb":{"@id":"https:\/\/informelitoral.com.ar\/compusieron-una-nueva-cancion-para-general-ramirez\/#breadcrumb"},"inLanguage":"es","potentialAction":[{"@type":"ReadAction","target":["https:\/\/informelitoral.com.ar\/compusieron-una-nueva-cancion-para-general-ramirez\/"]}]},{"@type":"ImageObject","inLanguage":"es","@id":"https:\/\/informelitoral.com.ar\/compusieron-una-nueva-cancion-para-general-ramirez\/#primaryimage","url":"https:\/\/informelitoral.com.ar\/%77%70%2d%63%6f%6e%74%65%6e%74\/uploads\/2019\/04\/53581822_2173190419393784_8058380372771078144_n.jpg","contentUrl":"https:\/\/informelitoral.com.ar\/%77%70%2d%63%6f%6e%74%65%6e%74\/uploads\/2019\/04\/53581822_2173190419393784_8058380372771078144_n.jpg","width":960,"height":619},{"@type":"BreadcrumbList","@id":"https:\/\/informelitoral.com.ar\/compusieron-una-nueva-cancion-para-general-ramirez\/#breadcrumb","itemListElement":[{"@type":"ListItem","position":1,"name":"Portada","item":"https:\/\/informelitoral.com.ar\/"},{"@type":"ListItem","position":2,"name":"Compusieron una nueva canci\u00f3n para General Ram\u00edrez"}]},{"@type":"WebSite","@id":"https:\/\/informelitoral.com.ar\/#website","url":"https:\/\/informelitoral.com.ar\/","name":"Informe Litoral","description":"&quot;Nos informamos&quot; ","publisher":{"@id":"https:\/\/informelitoral.com.ar\/#organization"},"potentialAction":[{"@type":"SearchAction","target":{"@type":"EntryPoint","urlTemplate":"https:\/\/informelitoral.com.ar\/?s={search_term_string}"},"query-input":{"@type":"PropertyValueSpecification","valueRequired":true,"valueName":"search_term_string"}}],"inLanguage":"es"},{"@type":"Organization","@id":"https:\/\/informelitoral.com.ar\/#organization","name":"Informe Litoral","url":"https:\/\/informelitoral.com.ar\/","logo":{"@type":"ImageObject","inLanguage":"es","@id":"https:\/\/informelitoral.com.ar\/#\/schema\/logo\/image\/","url":"https:\/\/informelitoral.com.ar\/%77%70%2d%63%6f%6e%74%65%6e%74\/uploads\/2021\/01\/circulo.png","contentUrl":"https:\/\/informelitoral.com.ar\/%77%70%2d%63%6f%6e%74%65%6e%74\/uploads\/2021\/01\/circulo.png","width":723,"height":731,"caption":"Informe Litoral"},"image":{"@id":"https:\/\/informelitoral.com.ar\/#\/schema\/logo\/image\/"},"sameAs":["https:\/\/www.facebook.com\/informelitoral\/","https:\/\/x.com\/InformeLitoral","https:\/\/www.instagram.com\/informelitoral\/","https:\/\/www.youtube.com\/channel\/UCua4Qvz8Icb6MYqhoq9xLXw"]},{"@type":"Person","@id":"https:\/\/informelitoral.com.ar\/#\/schema\/person\/b9d00407c836482871ef1d57bf8e3180","name":"Gonzalo Schmidt","image":{"@type":"ImageObject","inLanguage":"es","@id":"https:\/\/secure.gravatar.com\/avatar\/31a1a7b66ff2de83bd0e9fd79d026630d2d99e55e8bfe501287647b4fd9743de?s=96&d=mm&r=g","url":"https:\/\/secure.gravatar.com\/avatar\/31a1a7b66ff2de83bd0e9fd79d026630d2d99e55e8bfe501287647b4fd9743de?s=96&d=mm&r=g","contentUrl":"https:\/\/secure.gravatar.com\/avatar\/31a1a7b66ff2de83bd0e9fd79d026630d2d99e55e8bfe501287647b4fd9743de?s=96&d=mm&r=g","caption":"Gonzalo Schmidt"},"description":"Sitio web de noticias de la provincia de Entre R\u00edos, Argentina. Informaci\u00f3n y entretenimiento. Informe Litoral, nos informamos.","sameAs":["http:\/\/www.isletasnoticias.com.ar"],"url":"https:\/\/informelitoral.com.ar\/author\/gonzalo\/"}]}},"_links":{"self":[{"href":"https:\/\/informelitoral.com.ar\/%77%70%2d%6a%73%6f%6e\/wp\/v2\/posts\/33324","targetHints":{"allow":["GET"]}}],"collection":[{"href":"https:\/\/informelitoral.com.ar\/%77%70%2d%6a%73%6f%6e\/wp\/v2\/posts"}],"about":[{"href":"https:\/\/informelitoral.com.ar\/%77%70%2d%6a%73%6f%6e\/wp\/v2\/types\/post"}],"author":[{"embeddable":true,"href":"https:\/\/informelitoral.com.ar\/%77%70%2d%6a%73%6f%6e\/wp\/v2\/users\/2"}],"replies":[{"embeddable":true,"href":"https:\/\/informelitoral.com.ar\/%77%70%2d%6a%73%6f%6e\/wp\/v2\/comments?post=33324"}],"version-history":[{"count":0,"href":"https:\/\/informelitoral.com.ar\/%77%70%2d%6a%73%6f%6e\/wp\/v2\/posts\/33324\/revisions"}],"wp:featuredmedia":[{"embeddable":true,"href":"https:\/\/informelitoral.com.ar\/%77%70%2d%6a%73%6f%6e\/wp\/v2\/media\/33390"}],"wp:attachment":[{"href":"https:\/\/informelitoral.com.ar\/%77%70%2d%6a%73%6f%6e\/wp\/v2\/media?parent=33324"}],"wp:term":[{"taxonomy":"category","embeddable":true,"href":"https:\/\/informelitoral.com.ar\/%77%70%2d%6a%73%6f%6e\/wp\/v2\/categories?post=33324"},{"taxonomy":"post_tag","embeddable":true,"href":"https:\/\/informelitoral.com.ar\/%77%70%2d%6a%73%6f%6e\/wp\/v2\/tags?post=33324"}],"curies":[{"name":"wp","href":"https:\/\/api.w.org\/{rel}","templated":true}]}}