{"id":33312,"date":"2019-04-25T15:15:04","date_gmt":"2019-04-25T18:15:04","guid":{"rendered":"https:\/\/www.isletasnoticias.com.ar\/?p=33312"},"modified":"2019-04-25T15:17:42","modified_gmt":"2019-04-25T18:17:42","slug":"las-frases-mas-destacadas-del-libro-de-cristina-kirchner","status":"publish","type":"post","link":"https:\/\/informelitoral.com.ar\/las-frases-mas-destacadas-del-libro-de-cristina-kirchner\/","title":{"rendered":"Las frases m\u00e1s destacadas del libro de Cristina Kirchner"},"content":{"rendered":"<div class=\"row pb-content-type-text\">\n<div class=\"col-xs-12 col-print-12\">\n<p class=\"element element-paragraph\">Un d\u00eda antes de lo esperado,\u00a0<strong>Sinceramente<\/strong>,\u00a0<strong>el libro de Cristina Kirchner<\/strong>, lleg\u00f3 a las librer\u00edas. Cuesta $600 y est\u00e1 estructurado en 10 cap\u00edtulos y un ep\u00edlogo.<\/p>\n<\/div>\n<\/div>\n<div class=\"row pb-content-type-text\">\n<div class=\"col-xs-12 col-print-12\">\n<p class=\"element element-paragraph\">El texto se mantuvo en estricto hermetismo hasta hoy. Incluso la editorial que lo public\u00f3, Penguin Random House, mantiene bajo siete llaves la copia digital de la obra que suele distribuirse a modo de difusi\u00f3n entre los medios de prensa.<\/p>\n<\/div>\n<\/div>\n<div class=\"row pb-content-type-text\">\n<div class=\"col-xs-12 col-print-12\">\n<p class=\"element element-paragraph\"><em>Infobae<\/em>\u00a0accedi\u00f3 a una copia y en esta nota resume algunas de las frases m\u00e1s importantes:<\/p>\n<\/div>\n<\/div>\n<div class=\"row pb-content-type-text\">\n<div class=\"col-xs-12 col-print-12\">\n<p class=\"element element-paragraph\"><em>\u00abLo cierto es que m\u00e1s all\u00e1 de los unos y los otros\u2026 soy Cristina. Una mujer\u2026 con todo lo que implica ser mujer en la Argentina. Con una vida en la que se cruzaron \u00e9xitos, y frustraciones, aciertos y errores, pero que fue honestamente vivida sin declinar convicciones\u00bb.<\/em><\/p>\n<\/div>\n<\/div>\n<div class=\"row pb-content-type-text\">\n<div class=\"col-xs-12 col-print-12\">\n<p class=\"element element-paragraph\"><em>\u00abMuchas veces, despu\u00e9s del balotaje, pens\u00e9 en eso que finalmente no se dio:\u00a0 yo, frente a la Asamblea Legislativa, entreg\u00e1ndole los atributos presidenciales a\u2026 \u00a1Mauricio Macri!\u00a0<strong>Lo pensaba y se me estrujaba el coraz\u00f3n<\/strong>. Es m\u00e1s, ya hab\u00eda imaginado c\u00f3mo hacerlo: me sacaba la banda y, junto al bast\u00f3n, los depositaba suavemente sobre el estrado de la presidencia de la Asamblea, lo saludaba y me retiraba. Todo Cambiemos quer\u00eda esa foto m\u00eda entreg\u00e1ndole el mando a Macri porque no era cualquier otro presidente. Era Cristina, era la \u00abyegua\u00bb, la soberbia, la autoritaria, la populista en un acto de rendici\u00f3n\u00bb.<br \/>\n<\/em><\/p>\n<\/div>\n<\/div>\n<div class=\"row pb-content-type-text\">\n<div class=\"col-xs-12 col-print-12\">\n<p class=\"element element-paragraph\"><em>\u00ab<strong>Debo admitir que la cuesti\u00f3n de las cadenas nacionales fue todo un tema<\/strong>. S\u00ed, el hecho de que yo hablara por cadena nacional -bastante seguido, es cierto- para comunicar la gesti\u00f3n de gobierno, obras, leyes, medidas, etc., ten\u00eda una raz\u00f3n objetiva: si yo no utilizaba esta herramienta, lo que nosotros hac\u00edamos no aparec\u00eda en los medios de comunicaci\u00f3n\u00bb.<\/em><\/p>\n<\/div>\n<\/div>\n<div class=\"row pb-content-type-text\">\n<div class=\"col-xs-12 col-print-12\">\n<p class=\"element element-paragraph\"><em>\u00abHab\u00eda tomado la decisi\u00f3n de no tener fueros, no solo por lo que dije que los argentinos deb\u00edan descansar de m\u00ed y yo de ellos, sino porque no estaba dispuesta, cuando termin\u00e9 mi mandato, a que dijeran que iba en una lista buscando fueros. Esa fue la \u00fanica raz\u00f3n por la cual le dije &#8216;no&#8217; a Daniel Scioli cuando me pidi\u00f3 que encabezara la lista de diputados nacionales por la provincia de Buenos Aires. Hoy, a la distancia, me pregunto: \u00bfhubiera ayudado a cubrir la escasa diferencia de votos que tuvimos en el balotaje si iba como diputada? \u00bfNo me habr\u00e9 equivocado al decirle que no a Daniel? \u00a1Qu\u00e9 s\u00e9 yo!\u2026\u00bb.<\/em><\/p>\n<\/div>\n<\/div>\n<div class=\"row pb-content-type-image\">\n<figure class=\"element element-image col-xs-12\">\n<div class=\"single-image\"><img decoding=\"async\" id=\"7EDN475VLFGNBH2XBGRCEGA37M\" class=\"image-lazy\" src=\"https:\/\/www.infobae.com\/new-resizer\/0UZF-zxJCa4oIV3KI5H12LeMh2Y=\/750x0\/filters:quality(100)\/s3.amazonaws.com\/arc-wordpress-client-uploads\/infobae-wp\/%77%70%2d%63%6f%6e%74%65%6e%74\/uploads\/2016\/08\/08182314\/Daniel-Scioli-y-Cristina-Kirchner.jpg\" alt=\"Daniel Scioli y Cristina Kirchner\" width=\"750\" height=\"421.875\" data-url=\"https:\/\/www.infobae.com\/politica\/2019\/04\/25\/sinceramente-el-libro-de-cristina-kirchner-las-frases-mas-destacadas\/%237EDN475VLFGNBH2XBGRCEGA37M\" data-original=\"https:\/\/www.infobae.com\/new-resizer\/0UZF-zxJCa4oIV3KI5H12LeMh2Y=\/750x0\/filters:quality(100)\/s3.amazonaws.com\/arc-wordpress-client-uploads\/infobae-wp\/%77%70%2d%63%6f%6e%74%65%6e%74\/uploads\/2016\/08\/08182314\/Daniel-Scioli-y-Cristina-Kirchner.jpg\" \/><\/div><figcaption class=\"\"><em><span class=\"credit\">Daniel Scioli y Cristina Kirchner<\/span><\/em><\/figcaption><\/figure>\n<\/div>\n<div class=\"row pb-content-type-text\">\n<div class=\"col-xs-12 col-print-12\">\n<p class=\"element element-paragraph\"><em>\u00abSi tengo que decir qu\u00e9 es lo que m\u00e1s extra\u00f1o de N\u00e9stor a\u00fan hoy es no tener una persona con quien hablar y discutir a fondo. S\u00e9 que puede sonar mal, o tal vez injusto, pero es la verdad: lo que pod\u00eda sentir o tener de esas conversaciones con \u00e9l, nunca m\u00e1s lo volv\u00ed a encontrar con nadie. Adem\u00e1s de haber sido mi pareja y el padre de mis hijos, N\u00e9stor fue mi mejor amigo\u00bb.<br \/>\n<\/em><\/p>\n<\/div>\n<\/div>\n<div class=\"row pb-content-type-text\">\n<div class=\"col-xs-12 col-print-12\">\n<p class=\"element element-paragraph\"><em>\u00abEn la madrugada del 6 de enero de 1976, en R\u00edo Gallegos, nos detuvo la polic\u00eda provincial por orden del Ej\u00e9rcito, junto a una pareja de amigos, Oscar \u00abCacho\u00bb V\u00e1zques y su esposa Mabel Vel\u00e1squez. Lo orden de detenci\u00f3n era para Cacho, que hab\u00eda sido delegado de la Regional VII de la Juventud Peronista (JP), y para todo aquel que lo acompa\u00f1ara. Estuvimos presos diecisiete d\u00edas. (\u2026) Recuerdo que nos reencontramos con N\u00e9stor en la puerta de la vieja casa familiar de la calle 25 de Mayo. Nos abrazamos muy fuerte y le dije: \u00abTenemos que irnos del pa\u00eds, esto va a ser una masacre, nos van a pasar por arriba como una Caterpillar\u00bb. El quiso tranquilizarme y me dijo: \u00abNo\u2026 no va a ser para tanto, va a ser como todos los golpes, los primeros dos o tres meses habr\u00e1 que cuidarse y despu\u00e9s todos se aflojan\u00bb. Lamentablemente, la historia se encarg\u00f3 de darme la raz\u00f3n\u00bb.<br \/>\n<\/em><\/p>\n<\/div>\n<\/div>\n<div class=\"row pb-content-type-text\">\n<div class=\"col-xs-12 col-print-12\">\n<p class=\"element element-paragraph\"><strong><em>\u00abDecidimos abrir el estudio jur\u00eddico y de a poco empezamos a tener clientes muy importantes de Santa Cruz, que eran amigos de su padre. Entre los primeros, Cayetano Drisaldi, concesionario de Citro\u00ebn y agente oficial de YPF en Santa Cruz. Tambi\u00e9n los due\u00f1os de la concecionaria Dodge-Chrysler: Pablo Sancho y Victoriano Manzanares; este \u00faltimo adem\u00e1s fue nuestro primer contador y padre de V\u00edctor Alejandro Manzanares, que a\u00f1os despu\u00e9s no s\u00f3lo fue s\u00edndico del banco de Santa Cruz sino tambi\u00e9n, cuando su padre se retir\u00f3, nuestro contador. Fue a partir de ese momento que comenzamos a crecer econ\u00f3micamente\u00bb.<br \/>\n<\/em><\/strong><\/p>\n<\/div>\n<\/div>\n<div class=\"row pb-content-type-text\">\n<div class=\"col-xs-12 col-print-12\">\n<p class=\"element element-paragraph\"><strong><em>\u00abCuando escucho hablar de los hijos del poder en referencia a M\u00e1ximo y Florencia, no s\u00e9 si re\u00edrme o ponerme a llorar. Nunca lo disfrutaron. Al contrario, siempre lo sufrieron y desde chiquitos\u00bb.<br \/>\n<\/em><\/strong><\/p>\n<\/div>\n<\/div>\n<div class=\"row pb-content-type-text\">\n<div class=\"col-xs-12 col-print-12\">\n<p class=\"element element-paragraph\"><em>\u00abEn nuestro primer viaje a Nueva York nos alojamos en una suite divina del Plaza Hotel, sobre la 5ta avenida. A\u00f1os atr\u00e1s, los Trump hab\u00edan comprado el m\u00edtico hotel e Ivana -entonces esposa de Donald- lo hab\u00eda redecorado. Cuando nosotros llegamos ya se hab\u00edan divorciado pero el dorado todav\u00eda sobreviv\u00eda. Era muy impresionante: la habitaci\u00f3n de la suite era gigante, igual que el vestidor, con una cama con baldaquino y un ba\u00f1o inmenso desde el cual se pod\u00eda ver la 5ta avenida. El estar ten\u00eda un hogar con piedras que simulaban brasas. Al principio nos encant\u00f3, pero a los pocos d\u00edas lo empec\u00e9 a sentir un poco impersonal y demasiado dorado, aunque debo reconocer que el bruch -esa costumbre americana de juntar desayuno y almuerzo los domingos- que ofrec\u00edan en el Plaza era insuperable. Nunca volv\u00ed a ver nada igual\u00bb.<br \/>\n<\/em><\/p>\n<\/div>\n<\/div>\n<div class=\"row pb-content-type-text\">\n<div class=\"col-xs-12 col-print-12\">\n<p class=\"element element-paragraph\"><strong><em>\u00abEn las vacaciones de verano decidimos ir a Disney World, que tambi\u00e9n le gustaba much\u00edsimo y disfrutaba vi\u00e9ndola a Florencia fascinada con los personajes y las princesa de Disney. \u00bfQui\u00e9n iba a suponer que nuestra hija terminar\u00eda siendo una militantes feminista? Para mi gusta, un tanto talibana, pero al mismo tiempo una esperanza, ya que demuestra que los procesos culturales pueden ser revertidos. Lo cierto que es los ping\u00fcinos Kirchner, que los medios de comunicaci\u00f3n hegem\u00f3nicos trataron de presentar como dirigentes populistas antiamericanos, nos encantaba pasar nuestras vacaciones en Estados Unidos. Un pa\u00eds de la hostia, como dec\u00edamos. Nunca confundimos las cosas pese a los estereotipos que se venden por ah\u00ed y no pocos compran\u00bb.<br \/>\n<\/em><\/strong><\/p>\n<\/div>\n<\/div>\n<div class=\"row pb-content-type-text\">\n<div class=\"col-xs-12 col-print-12\">\n<p class=\"element element-paragraph\"><em>\u00abSi me preguntaran qu\u00e9 fue lo que m\u00e1s am\u00e9 de N\u00e9stor, contestar\u00eda que todo. Era un personaje. Al Teatro Col\u00f3n, por ejemplo, N\u00e9stor decidi\u00f3 no ir jam\u00e1s. Cuando en marzo de 2006 nos visit\u00f3 la reina Beatriz de Holanda, acompa\u00f1ada por su hijo Guillermo de Orange y su esposa, la argentina M\u00e1xima Zorreguieta, nosotros le ofrecimos una recepci\u00f3n en los salones de la Canciller\u00eda, frente a la plaza San Mart\u00edn. Todav\u00eda no ten\u00edamos el Museo del Bicentenario, que \u00e9l no lleg\u00f3 a ver inaugurado. Nos explicaron que luego, como retribuci\u00f3n, la reina ofrec\u00eda una fiesta al presidente y a su gobierno y que para eso decidi\u00f3 alquilar el Teatro Col\u00f3n. Pero el presidente\u2026 no fue al Col\u00f3n. Y tuve que ir yo. No pude convencer a N\u00e9stor. Literalmente le rogu\u00e9: \u00abN\u00e9stor, por favor, ten\u00e9s que ir\u00bb. \u00c9l me retrucaba: \u00abAl Col\u00f3n no voy a ir, no se los voy a pisar\u00bb. Le supliqu\u00e9: \u00abN\u00e9stor, ten\u00e9s que entender que es una equivocaci\u00f3n. El Col\u00f3n es una de las salas l\u00edricas m\u00e1s importantes del mundo y es nuestra. \u00bfPor qu\u00e9 no vas a ir?\u00bb. Me contest\u00f3: \u00abNo pienso ir ni loco al teatro de la oligarqu\u00eda argentina, no se los voy a pisar, no les voy a dar el gusto\u00bb.<br \/>\n<\/em><\/p>\n<\/div>\n<\/div>\n<div class=\"row pb-content-type-text\">\n<div class=\"col-xs-12 col-print-12\">\n<p class=\"element element-paragraph\"><em>\u00abPara \u00e9l, ir al Col\u00f3n era como una ofensa a la autoridad popular; era como someterse a un territorio que en la historia argentina hab\u00eda sido identitario de la elite; como subordinarse a un poder ante el que siempre se hab\u00eda rebelado\u00bb.<br \/>\n<\/em><\/p>\n<\/div>\n<\/div>\n<div class=\"row pb-content-type-text\">\n<div class=\"col-xs-12 col-print-12\">\n<p class=\"element element-paragraph\"><em>\u00abClar\u00edn juzg\u00f3 que yo hab\u00eda mal usado el avi\u00f3n presidencial Tango 01 para buscar a mi hijo en R\u00edo Gallegos. A M\u00e1ximo se le hab\u00eda agravado una infecci\u00f3n en la rodilla derecha que pon\u00eda en riesgo su pierna y necesitaba un tratamiento urgente que no pod\u00eda realizarse all\u00ed, seg\u00fan recomendaci\u00f3n del m\u00e9dico presidencial, Luis Buonomo. Se dec\u00eda que hab\u00eda sido un capricho de \u00e9l para no atenderse en Santa Cruz, y se explotaba el desconocimiento de la sociedad respecto a que el avi\u00f3n presidencial, seg\u00fan la ley, incluye el traslado de los familiares directos del presidente de ser necesario. La nota suger\u00eda que no hab\u00eda necesidad, pero al realidad fue que M\u00e1ximo debi\u00f3 ser internado de urgencia en el hospital Austral, donde fue intervenido quir\u00fargicamente el lunes 11 de junio de ese a\u00f1o, evit\u00e1ndose que se produjera un cuadro de septicemia generalizada.\u00a0<strong>Sin embargo, en esos d\u00edas se desat\u00f3 una campa\u00f1a a trav\u00e9s de las redes de los periodistas que comentaban en sets de televisi\u00f3n, afirmando que era drogadicto y se hab\u00eda inyectado en la rodilla. Un mes despu\u00e9s, el diputado macrista Pablo Tonelli dijo que M\u00e1ximo era un \u00abdrogadicto medio tonto\u00bb. Pobre M\u00e1ximo, que los \u00fanicos dos vicios que ten\u00eda era la Coca-Cola y el cigarrillo<\/strong>\u00ab.<br \/>\n<\/em><\/p>\n<\/div>\n<\/div>\n<div class=\"row pb-content-type-text\">\n<div class=\"col-xs-12 col-print-12\">\n<p class=\"element element-paragraph\"><em>\u00abMe acuerdo que varias veces, como legisladora, quise presentar un proyecto de ley decretando la obligatoriedad del an\u00e1lisis antidroga -rinoscopia- para todos los integrantes de los tres poderes del Estado -funcionarios, legisladores y jueces-, harta de escuchar hablar sobre la lucha contra el narcotr\u00e1fico a personajes que hasta las piedras saben que son adictos. No lo hice porque N\u00e9stor era muy cr\u00edtico sobre este tipo de propuestas. Dec\u00eda que eran proyectos \u00abfachos\u00bb, aunque hoy no dudar\u00eda un instante en votarlo con las dos manos, se enoje quien se enoje\u00bb.<\/em><\/p>\n<\/div>\n<\/div>\n<div class=\"row pb-content-type-image\">\n<figure class=\"element element-image col-xs-12\">\n<div class=\"single-image\"><img decoding=\"async\" id=\"2TRYBHPJ3RB2LETJYZGIKRXOSY\" class=\"image-lazy\" src=\"https:\/\/www.infobae.com\/new-resizer\/IFeaZaW0uc5VY_-mPAQQTYtMjCE=\/750x0\/filters:quality(100)\/s3.amazonaws.com\/arc-wordpress-client-uploads\/infobae-wp\/%77%70%2d%63%6f%6e%74%65%6e%74\/uploads\/2019\/04\/04132239\/Diputados-Suba-de-tarifas-Cobro-de-ganancias-a-jubilados-12.jpg\" alt=\"M\u00e1ximo Kirchner (Adri\u00e1n Escandar)\" width=\"750\" height=\"421.875\" data-url=\"https:\/\/www.infobae.com\/politica\/2019\/04\/25\/sinceramente-el-libro-de-cristina-kirchner-las-frases-mas-destacadas\/%232TRYBHPJ3RB2LETJYZGIKRXOSY\" data-original=\"https:\/\/www.infobae.com\/new-resizer\/IFeaZaW0uc5VY_-mPAQQTYtMjCE=\/750x0\/filters:quality(100)\/s3.amazonaws.com\/arc-wordpress-client-uploads\/infobae-wp\/%77%70%2d%63%6f%6e%74%65%6e%74\/uploads\/2019\/04\/04132239\/Diputados-Suba-de-tarifas-Cobro-de-ganancias-a-jubilados-12.jpg\" \/><\/div><figcaption class=\"\"><em><span class=\"credit\">M\u00e1ximo Kirchner (Adri\u00e1n Escandar)<\/span><\/em><\/figcaption><\/figure>\n<\/div>\n<div class=\"row pb-content-type-text\">\n<div class=\"col-xs-12 col-print-12\">\n<p class=\"element element-paragraph\"><em>\u00ab<strong>Nuestra familia es, para el Partido Judicial, una asociaci\u00f3n il\u00edcita formada por m\u00ed y por mis dos hijos, y -por supuesta, como no pod\u00eda ser de otra forma- yo soy su jefa. Cuando le estaban tomando declaraci\u00f3n indagatoria en el juzgado a cargo de Ercolini y le leyeron el auto del procesamiento firmado por el juez que dice que nuestra hija hab\u00eda entrado a la supuesta asociaci\u00f3n il\u00edcita el 27 de octubre de 2010, Florencia interrumpi\u00f3 y pregunt\u00f3: \u00abPerd\u00f3n. \u00bfQu\u00e9 dicen que estaba haciendo el 27 de octubre de 2010? Porque ese d\u00eda muri\u00f3 mi pap\u00e1 y yo estaba en los Estados Unidos\u00bb. Fue entonces que se miraron y se pusieron todos muy nerviosos. Se dieron cuenta que hab\u00edan hecho algo m\u00e1s que escribir una barbaridad jur\u00eddica, hab\u00edan firmado una aberraci\u00f3n humana: Florencia no s\u00f3lo no estaba en Argentina cuando falleci\u00f3 su padre, sino que ese 27 de octubre de 2010, por imperio del C\u00f3digo Civil argentino, no se hab\u00eda transformado en integrante de ninguna asociaci\u00f3n il\u00edcita sino en la heredera forzosa de N\u00e9stor Carlos Kirchner\u00bb<\/strong>.<\/em><\/p>\n<p class=\"element element-paragraph\"><em>\u00abEl 5 de mayo de 2013, cuatro d\u00edas antes de nuestro 38 aniversario de casamiento y cuatro meses antes de las elecciones parlamentarias, en un programa de televisi\u00f3n y en horario prime time, <\/em><em><b>Miriam Quiroga<\/b>, una ex funcionaria,\u00a0<strong>dec\u00eda haber sido, durante a\u00f1os, la amante de N\u00e9stor Kirchner<\/strong>. Y eso no era todo.\u00a0<strong>Por esa supuesta cercan\u00eda ella dec\u00eda haber visto bolsos llenos de dinero que sal\u00edan de la casa de gobierno con destino desconocido\u2026<\/strong>\u00a0\u00a1Bingo! Ese lunes, Carlos Zannini me dijo durante el almuerzo: \u00abTe pido por favor, Cristina, que bajo ning\u00fan punto de vista vayas a creer la inmundicia que pasaron anoche en la televisi\u00f3n, porque te puedo asegurar que es mentira, es una basura\u00bb. Estaba indignado. Repet\u00eda que no se pod\u00eda creer ese nivel de difamaci\u00f3n. \u00ab<strong>Carlos, no te hagas problema, es imposible que crea eso. Primero, porque me hubiera dado cuenta de una situaci\u00f3n as\u00ed. Es imposible que una mujer no se d\u00e9 cuenta que durante diez a\u00f1os la han enga\u00f1ado, salvo que te hagas la idiota, cosa que suele suceder<\/strong>\u00ab. Y ri\u00e9ndome, agregu\u00e9 para contribuir a mi bien ganada fama de soberbia: \u00ab<strong>Y segundo\u2026 Mir\u00e1 si teni\u00e9ndome a m\u00ed va a buscar a otra<\/strong>\u00ab\u00bb.<\/em><\/p>\n<\/div>\n<\/div>\n<div class=\"row pb-content-type-text\">\n<div class=\"col-xs-12 col-print-12\">\n<p class=\"element element-paragraph\"><strong><em>\u00abSe cansaron de decir que N\u00e9stor y yo hab\u00edamos llegado pobres al gobierno, pero nos fuimos ricos. No es as\u00ed. Nunca llegamos pobres a ning\u00fan cargo de la funci\u00f3n p\u00fablica. Y menos a la Presidencia de la Naci\u00f3n\u00bb<\/em><\/strong><\/p>\n<\/div>\n<\/div>\n<div class=\"row pb-content-type-text\">\n<div class=\"col-xs-12 col-print-12\">\n<p class=\"element element-paragraph\"><em>\u00abHubo tres juicios por acusaciones de enriquecimiento il\u00edcito: uno que se tramit\u00f3 en el juzgado de Juli\u00e1n Ercolini en 2008, en el cual fui sobrese\u00edda; otro, en el juzgado de Norberto Oyarbide, en el cual se realizaron pericias con intervenci\u00f3n del cuerpo de peritos de la Corte Suprema de Justicia de la Naci\u00f3n, y en el que tambi\u00e9n fui sobrese\u00edda; y el tercero del juzgado de Rodolfo Canicoba Corral que concluy\u00f3 en 2012, tambi\u00e9n con un sobreseimiento. Se entiende, \u00bfno? Siendo presidenta se hicieron tres juicios en mi contra por enriquecimiento il\u00edcito, originados siempre en denuncias de la oposici\u00f3n, y todos finalizaron con sobreseimientos\u00bb.<br \/>\n<\/em><\/p>\n<\/div>\n<\/div>\n<div class=\"row pb-content-type-text\">\n<div class=\"col-xs-12 col-print-12\">\n<p class=\"element element-paragraph\"><em>\u00abPero fue a partir de la llegada de Cambiemos y Mauricio Macri al gobierno que directamente se comenzaron a inventar causas en mi contra que a\u00fan se mantienen abiertas mientras escribo este libro: la referida al Memor\u00e1ndum de entendimiento con Ir\u00e1n; la decisi\u00f3n del Banco Central de la Rep\u00fablica Argentina de llevar adelante como medida, estrictamente de su competencia, la compra de d\u00f3lar futuro para desactivar la \u00faltima corrida cambiaria, previa a las elecciones presidenciales de 2015; la causa referida a los supuestos il\u00edcitos en la realizaci\u00f3n de la obra p\u00fablica de Vialidad Nacional en la provincia de Santa Cruz, durante mis gobiernos; las referidas al patrimonio familiar por el alquiler de nuestras propiedades en El Calafate y Puerto Madero: Hotesur S.A y Los Sauces S.A; y la causa por las fotocopias de los cuadernos -que nunca aparecieron- del chofer Oscar Centeno\u00bb.<br \/>\n<\/em><\/p>\n<\/div>\n<\/div>\n<div class=\"row pb-content-type-text\">\n<div class=\"col-xs-12 col-print-12\">\n<p class=\"element element-paragraph\"><em>\u00ab\u00bfViste la tapa de Noticias?\u00bb El que me pregunta es Miguel N\u00fa\u00f1ez, vocero presidencial, que entra a mi despacho con el rostro demudado. Lo recuerdo como si fuera hoy. Era julio del 2007, ya se sab\u00eda que iba a ser candidata a presidenta y en ese momento ten\u00eda una oficina en la Casa Rosada, atr\u00e1s de Oscar Parrilli, secretario general de la Presidencia. \u00abNo, Miguel, no la vi, \u00bfqu\u00e9 dice?\u00bb. \u00abQue sos bipolar\u00bb, me respondi\u00f3, nervioso. \u00ab<strong>Quedate tranquilo que no soy bipolar; la que s\u00ed es bipolar es mi hermana. Pero no te hagas problema que los bipolares son muy inteligentes. Fijate que Newton y Einstein tambi\u00e9n lo eran\u00bb, lo tranquilic\u00e9\u00bb<\/strong>.<br \/>\n<\/em><\/p>\n<\/div>\n<\/div>\n<div class=\"row pb-content-type-text\">\n<div class=\"col-xs-12 col-print-12\">\n<p class=\"element element-paragraph\"><em>\u00ab<strong>Me llamaron loca, hist\u00e9rica, org\u00e1smica, desesperada por el poder. Mientras escribo, pienso con dolor que a pesar de haber sido la primera mujer electa presidenta de la historia, no se alz\u00f3 ninguna voz feminista para condenar el ataque por mi condici\u00f3n de mujer. Ojo, no digo para defender el gobierno, ni las pol\u00edticas, ni a ninguna persona en particular, sino el g\u00e9nero que era agredido como tal<\/strong>\u00ab.<br \/>\n<\/em><\/p>\n<\/div>\n<\/div>\n<div class=\"row pb-content-type-text\">\n<div class=\"col-xs-12 col-print-12\">\n<p class=\"element element-paragraph\"><strong><em>\u00abDijeron que no era abogada y me denunciaron por usurpaci\u00f3n de t\u00edtulo durante la campa\u00f1a a la presidencia de 2007. C\u00f3mo se re\u00eda N\u00e9stor con ese tema del t\u00edtulo. \u00c9l y Zannini me cargaban. La verdad que parec\u00eda un chiste, pero recuerdo que se tramitaron dos expedientes judiciales en Comodoro Py. \u00a1Incre\u00edble! Todav\u00eda debe haber alguno, o alguna, que sigue diciendo que no soy abogada. Cu\u00e1nto mediocre suelto\u00bb.<br \/>\n<\/em><\/strong><\/p>\n<\/div>\n<\/div>\n<div class=\"row pb-content-type-text\">\n<div class=\"col-xs-12 col-print-12\">\n<p class=\"element element-paragraph\"><em>\u00abDurante el conflicto con las patronales agropecuarias por la resoluci\u00f3n 125 sobre las retenciones a la soja, me adjudicaron el apodo de \u00abyegua\u00bb. Los sojeros me hac\u00edan re\u00edr mucho por su extremo machismo y gorilismo. Sin embargo, lo que definitivamente s\u00ed me da pena es el odio de una mujer de clase media o clase baja.\u00a0<strong>Los insultos de la clase alta no me afectan, hasta me divierten<\/strong>. Cuando Hugo Biolcati, siendo titular de la Sociedad Rural Argentina, fue a cacerolear a la residencia de Olivos, me pareci\u00f3 correcto que se mostrara tal cual es. Sus insultos me divert\u00edan, porque siempre eran los mismos: yegua, puta, montonera y chorra\u00bb.<br \/>\n<\/em><\/p>\n<\/div>\n<\/div>\n<div class=\"row pb-content-type-text\">\n<div class=\"col-xs-12 col-print-12\">\n<p class=\"element element-paragraph\"><em>\u00abMe cuestan entender racionalmente los agravios de la clase media aspiracional.\u00a0<strong>Elisa Carri\u00f3 es el perfecto ejemplo: quiere parecer lo que no es, pertenecer a donde no pertenece<\/strong>. Me recuerda a las costumbres de algunas clases acomodadas provincianas, que no llegaban a ser aristocracia en la \u00e9poca de los Luises, y que ansiaban conocer Versalles o so\u00f1aban con vivir all\u00ed, pero no pod\u00edan. Ella me da esa impresi\u00f3n. Y es una pena que, justo ahora que concret\u00f3 su aspiraci\u00f3n y forma parte del gobierno que siempre vivi\u00f3 en Versalles, la crisis que provocaron est\u00e1 destruyendo al resto y las llamas se acercan al palacio.\u00a0<strong>Para colmo, ella no vive en Versalles, solo la invitan, pero ni siquiera a dormir. La dejan ir a comer o a tomar el t\u00e9, pero despu\u00e9s se tiene que ir\u00bb<\/strong>.<\/em><\/p>\n<\/div>\n<\/div>\n<div class=\"row pb-content-type-text\">\n<div class=\"col-xs-12 col-print-12\">\n<p class=\"element element-paragraph\"><em>\u00abCreo que N\u00e9stor pensaba en la alternancia, pero la verdad es que yo quer\u00eda que nos fu\u00e9ramos en 2011. Hab\u00eda quedado muy marcada por el enfrentamiento con las patronales rurales en marzo de 2008, y digo patronales rurales y no \u00abel campo\u00bb porque construyeron esa imagen buc\u00f3lica del campo, de la vaquita y el gauchito, pero se trataba de los grandes pools y monopolios agroexportadores. La batalla hab\u00eda sido con ellos\u00bb.<br \/>\n<\/em><\/p>\n<\/div>\n<\/div>\n<div class=\"row pb-content-type-text\">\n<div class=\"col-xs-12 col-print-12\">\n<p class=\"element element-paragraph\"><strong><em>\u00abMe causa gracia cuando algunos afirman que instalamos la cuesti\u00f3n de los derechos humanos por conveniencia, como si hubiera sido un tema que en la Argentina de aquellos a\u00f1os diera r\u00e9dito pol\u00edtico. Al contrario, las dirigencias partidarias m\u00e1s relevantes miraban para otro lado frente a las leyes de impunidad, y los \u00fanicos que batallaban ese tema eran los organismos de derechos humanos\u00bb.<br \/>\n<\/em><\/strong><\/p>\n<\/div>\n<\/div>\n<div class=\"row pb-content-type-text\">\n<div class=\"col-xs-12 col-print-12\">\n<p class=\"element element-paragraph\"><em>\u00abEn plena campa\u00f1a electoral de 2005,\u00a0<strong>Lavagna decidi\u00f3 ir al programa de Mirtha Legrand y cuando ella entre plato y plato le pregunt\u00f3: \u00ab\u00bfA qui\u00e9n apoya usted?\u00bb, Roberto contest\u00f3: \u00abYo no apoyo a nadie, la econom\u00eda no va a elecciones\u00bb<\/strong>. \u00ab\u00c9l, que era Ministro de Econom\u00eda de nuestro gobierno, en plena disputa electoral con Duhalde, dijo que no apoyaba a ninguna de las dos candidatas\u2026 que las dos \u00e9ramos b\u00e1rbaras. Algo ins\u00f3lito; parec\u00eda casi una provocaci\u00f3n; no lo pod\u00edamos entender y N\u00e9stor quer\u00eda que se fuera. Recuerdo que lo fren\u00e9 para que no le pidiera la renuncia, porque estaba decidido a hacerlo en ese momento.\u00a0<strong>Le ped\u00ed a N\u00e9stor por favor, casi llorando, que no echara a Lavagna<\/strong>, porque era destruirme a m\u00ed en medio de la campa\u00f1a electoral. Bueno, lo cierto es que N\u00e9stor entr\u00f3 en razones despu\u00e9s de un fin de semana borrascoso. Pero no dej\u00f3 de tomarlo como un acto de deslealtad a su gobierno\u00bb.<br \/>\n<\/em><\/p>\n<\/div>\n<\/div>\n<div class=\"row pb-content-type-text\">\n<div class=\"col-xs-12 col-print-12\">\n<p class=\"element element-paragraph\"><em>\u00abLa tregua dur\u00f3 poco. Ganamos las elecciones Un lunes lleg\u00f3 Lavagna con sus carpetas y mientras sacaba los papeles, Kirchner le pidi\u00f3 la renuncia. Con Roberto tambi\u00e9n ten\u00edamos una diferencia importante con el tema de las tarifas; parec\u00eda un lobista de las empresas de servicios p\u00fablicos. Y no era el \u00fanico\u2026 Duhalde ten\u00eda la misma posici\u00f3n\u00bb.<\/em><\/p>\n<\/div>\n<\/div>\n<div class=\"row pb-content-type-image\" style=\"text-align: left;\">\n<figure class=\"element element-image col-xs-12\">\n<div class=\"single-image\"><img decoding=\"async\" id=\"7Z6HBBSCERC4BPW2RW23DQIX7U\" class=\"image-lazy\" src=\"https:\/\/www.infobae.com\/new-resizer\/3hE0xihCeL5zLBKBQlLEAxPOfls=\/750x0\/filters:quality(100)\/s3.amazonaws.com\/arc-wordpress-client-uploads\/infobae-wp\/%77%70%2d%63%6f%6e%74%65%6e%74\/uploads\/2019\/04\/11103609\/roberto-lavagna-SF-2.jpg\" alt=\"Roberto Lavagna (Foto: REUTERS\/Agustin Marcarian)\" width=\"750\" height=\"508.59375\" data-url=\"https:\/\/www.infobae.com\/politica\/2019\/04\/25\/sinceramente-el-libro-de-cristina-kirchner-las-frases-mas-destacadas\/%237Z6HBBSCERC4BPW2RW23DQIX7U\" data-original=\"https:\/\/www.infobae.com\/new-resizer\/3hE0xihCeL5zLBKBQlLEAxPOfls=\/750x0\/filters:quality(100)\/s3.amazonaws.com\/arc-wordpress-client-uploads\/infobae-wp\/%77%70%2d%63%6f%6e%74%65%6e%74\/uploads\/2019\/04\/11103609\/roberto-lavagna-SF-2.jpg\" \/><\/div><figcaption class=\"\"><em><span class=\"credit\">Roberto Lavagna (Foto: REUTERS\/Agustin Marcarian)<\/span><\/em><\/figcaption><figcaption class=\"\">\u00abEl gobierno de Macri es una cat\u00e1strofe econ\u00f3mica y una tragedia social, provocadas por las propias pol\u00edticas programas y ejecutadas desde el 10 de diciembre de 2015. Nosotros s\u00ed que podemos decir que nos toc\u00f3 enfrentar una crisis externa en serio\u00bb.<\/p>\n<\/figcaption><\/figure>\n<\/div>\n<div class=\"row pb-content-type-text\">\n<div class=\"col-xs-12 col-print-12\">\n<p class=\"element element-paragraph\"><strong><em>\u00abConvencieron a los argentinos que comprar d\u00f3lares era un derecho humano y entonces nos insultaban porque no los dej\u00e1bamos comprar todos los d\u00f3lares que quer\u00edan. Sin embargo, llegamos a escuchar al Gobierno, a trav\u00e9s de Aranguren, diciendo que el acceso a la energ\u00eda no es un derecho humano. Qu\u00e9 paradoja, \u00bfno? Adem\u00e1s, me pregunto\u2026 ahora en el gobierno de Macri, \u00bfcu\u00e1ntos argentinos y argentinas pueden ahorrar d\u00f3lares? Creo que eso es parte del envenenamiento, de la mentira\u00bb.<br \/>\n<\/em><\/strong><\/p>\n<\/div>\n<\/div>\n<div class=\"row pb-content-type-text\">\n<div class=\"col-xs-12 col-print-12\">\n<p class=\"element element-paragraph\"><em>\u00abVino Lousteau con Gast\u00f3n Rossi, su asesor, a explicarnos\u00a0<strong>el tema de las retenciones m\u00f3viles<\/strong>\u00a0que se basaban en el criterio de la renta extraordinaria. No me pareci\u00f3 mal, porque es un criterio que comparto. Me acuerdo como si fuera hoy de aquella reuni\u00f3n. Est\u00e1bamos los tres: Alberto Fern\u00e1ndez, Lousteau y yo. El jefe de Gabinete le pregunta: \u00ab\u00bfEst\u00e1s seguro que no habr\u00e1 problemas con eso?\u00bb. Y Lousteau, muy seguro de lo que dec\u00eda, contest\u00f3: \u00abNo, a ellos la soja no les interesa\u00bb. Juro por la vida de mis tres nietos y mis dos hijos, que es lo que m\u00e1s quiero en el mundo, que dijo eso\u00bb.<br \/>\n<\/em><\/p>\n<\/div>\n<\/div>\n<div class=\"row pb-content-type-text\">\n<div class=\"col-xs-12 col-print-12\">\n<p class=\"element element-paragraph\"><em>\u00abLos cuatro meses del conflicto fueron fatales, absolutamente destituyentes. Pero tambi\u00e9n absolutamente fundantes para definir el perfil de nuestros gobiernos, las adhesiones y las cr\u00edticas. La verdad que s\u00ed, sent\u00ed mucha angustia durante todo el conflicto. Miedo no, porque la sensaci\u00f3n del miedo es el de la dictadura; el miedo a perder la vida brutalmente\u00bb.<br \/>\n<\/em><\/p>\n<\/div>\n<\/div>\n<div class=\"row pb-content-type-text\">\n<div class=\"col-xs-12 col-print-12\">\n<p class=\"element element-paragraph\"><em>\u00abHasta\u00a0\u00faltimo momento, N\u00e9stor pens\u00f3 que el vicepresidente que \u00e9l hab\u00eda elegido para acompa\u00f1arme en la f\u00f3rmula no votar\u00eda en contra de su propio gobierno como finalmente lo hizo. Yo le hab\u00eda dicho: \u00abMe voy a dormir. No voy a perder tiempo, va a votar en contra. Olvidate\u00bb. Me despert\u00e9 a las cinco de la ma\u00f1ana, me di cuenta que \u00e9l no estaba en la cama y baj\u00e9 al comedor. Alberto Fern\u00e1ndez ya se hab\u00eda ido hace rato y N\u00e9stor estaba con un par de compa\u00f1eros, muy angustiado. Cobos ya hab\u00eda dado su voto \u00abno positivo\u00bb, volteando la ley de retenciones m\u00f3viles de nuestro gobierno y pese a que la presidenta era yo, al que lo ve\u00eda destru\u00eddo era a \u00e9l. Lo vi muy mal, y para colmo, ese mismo d\u00eda muri\u00f3 a la madrugada uno de sus mejores amigos y testigo de nuestro casamiento, Oscar \u00abCacho\u00bb V\u00e1zquez.\u00a0<strong>Cuando N\u00e9stor se enter\u00f3, llor\u00f3 desconsoladamente como nunca lo hab\u00eda visto llorar. Me pareci\u00f3 que ese d\u00eda lloraba por todos: por Cacho, por nosotros, por el pa\u00eds, por \u00e9l, por la historia\u2026 qu\u00e9 se yo\u00bb<\/strong>.<\/em><\/p>\n<\/div>\n<\/div>\n<div class=\"row pb-content-type-image\">\n<figure class=\"element element-image col-xs-12\">\n<div class=\"single-image\"><img decoding=\"async\" id=\"5U4T5BCVYFEVRAX3SXUY67EWDA\" class=\"image-lazy\" src=\"https:\/\/www.infobae.com\/new-resizer\/sJNMxS1JHRQEcvwu5skFQNjHsIQ=\/750x0\/filters:quality(100)\/s3.amazonaws.com\/arc-wordpress-client-uploads\/infobae-wp\/%77%70%2d%63%6f%6e%74%65%6e%74\/uploads\/2018\/07\/16192916\/Protestas-campo-retenciones-125-4.jpg\" alt=\"Protesta del campo contra las retenciones m\u00f3viles (NA)\" width=\"750\" height=\"421.875\" data-url=\"https:\/\/www.infobae.com\/politica\/2019\/04\/25\/sinceramente-el-libro-de-cristina-kirchner-las-frases-mas-destacadas\/%235U4T5BCVYFEVRAX3SXUY67EWDA\" data-original=\"https:\/\/www.infobae.com\/new-resizer\/sJNMxS1JHRQEcvwu5skFQNjHsIQ=\/750x0\/filters:quality(100)\/s3.amazonaws.com\/arc-wordpress-client-uploads\/infobae-wp\/%77%70%2d%63%6f%6e%74%65%6e%74\/uploads\/2018\/07\/16192916\/Protestas-campo-retenciones-125-4.jpg\" \/><\/div><figcaption class=\"\"><em><span class=\"credit\">Protesta del campo contra las retenciones m\u00f3viles (NA)<\/span><\/em><\/figcaption><\/figure>\n<\/div>\n<div class=\"row pb-content-type-text\">\n<div class=\"col-xs-12 col-print-12\">\n<p class=\"element element-paragraph\"><em><br \/>\n\u00abCuando dije que la soja era un yuyo\u2026Es cierto, tal vez lo dije despectivamente y me interpretaron mal. Siempre me pregunto esas cosas. O cuando habl\u00e9 de los piquetes de la abundancia. Creo que s\u00ed, los interpel\u00e9 porque cuando lo dije les molest\u00f3 much\u00edsimo\u00bb.<\/em><\/p>\n<\/div>\n<\/div>\n<div class=\"row pb-content-type-text\">\n<div class=\"col-xs-12 col-print-12\">\n<p class=\"element element-paragraph\"><strong>\u00abCreo que el gobierno de Macri expresa a un 30 por ciento duro, o tal vez menos, que son antiperonistas. Son los que est\u00e1n en contra de los derechos humanos y de que los ricos paguen impuestos o la soja retenciones. Ese porcentaje, que tiene prejuicios por ignorancia, desinformaci\u00f3n y contrainformaci\u00f3n y despotrica contra la pol\u00edtica y contra un Estado que administre la distribuci\u00f3n de la riqueza de todos los argentinos. Ese grupo que durante la crisis por las retenciones me gritaba \u00abyegua\u00bb o \u00abputa\u00bb, y que fue clave en el triunfo de Macri de 2015, tambi\u00e9n es racista, tiene tirria a los \u00abnegros\u00bb.\u00bb<\/strong><\/p>\n<\/div>\n<\/div>\n<div class=\"row pb-content-type-text\">\n<div class=\"col-xs-12 col-print-12\">\n<p class=\"element element-paragraph\"><strong>\u00abRecuerdo que a N\u00e9stor tampoco le entusiasmaba la idea de Tecn\u00f3polis, me dec\u00eda permanentemente: \u00abCortala con Tecn\u00f3polis. Ya sali\u00f3 bien lo del Bicentenario, \u00bfpara qu\u00e9 vas a hacer lo mismo otra vez? \u00c9l era un tipo que no entend\u00eda mucho de esas cosas, la cultura y el arte no eran su fuerte\u00bb.<\/strong><\/p>\n<\/div>\n<\/div>\n<div class=\"row pb-content-type-text\">\n<div class=\"col-xs-12 col-print-12\">\n<p class=\"element element-paragraph\"><em>\u00abEl 13 de noviembre de 2012 el Banco Mundial public\u00f3 un informe que revelaba que la clase media en Argentina se hab\u00eda duplicado en la \u00faltima d\u00e9cada y que se destacaba como el pa\u00eds latinoamericano con el mayor aumento de su clase media como porcentaje de la poblaci\u00f3n total (\u2026) Y pensar que me tuve que fumar que dijeran que no hab\u00edamos combatido la pobreza\u2026 \u00a1Justo a nosotros, que duplicamos la clase media! O sea, una parte importante de los argentinos y las argentinas dejaron, durante nuestros gobiernos, de ser pobres\u2026 y no lo digo yo, lo dijo el Banco Mundial. Aunque tambi\u00e9n, a pesar de ello, una porci\u00f3n importante de esa misma clase media termin\u00f3 votando a Mauricio Macri. Ahora, cuando estoy escribiendo estas l\u00edneas y veo lo que est\u00e1 pasando en la Argentina en este 2019 que reci\u00e9n despunta, con precios de los alimentos prohibitivos para las grandes mayor\u00edas y donde la clase media es el gran pato de la boda, de la cat\u00e1strofe econ\u00f3mica y social que vivimos producto de las pol\u00edticas del gobierno de Cambiemos, me pregunto qu\u00e9 hicimos mal para que la gente eligiera a un presidente como Mauricio Macri \u00bfQue los medios de comunicaci\u00f3n hegem\u00f3nicos tuvieron un rol fundamental en el enga\u00f1o y la confusi\u00f3n de la sociedad? S\u00ed, absolutamente\u2026 eso es indiscutible. Pero tambi\u00e9n hubo y hay algo en nuestra sociedad, en nosotros los argentinos y las argentinas que nos impide la construcci\u00f3n de un pa\u00eds perdurable y vivible\u2026 \u00a1Qu\u00e9 s\u00e9 yo!\u00bb<\/em><\/p>\n<\/div>\n<\/div>\n<div class=\"row pb-content-type-text\">\n<div class=\"col-xs-12 col-print-12\">\n<p class=\"element element-paragraph\"><em>\u00abSi algo aprend\u00ed despu\u00e9s de N\u00e9stor \u2013 porque, como pocas cosas, el dolor ense\u00f1a- fue que la vida cambia de golpe, da giros rotundos, como tambi\u00e9n puede cambiar la Argentina. Eso fue lo que me hizo esperar hasta \u00faltimo momento para decidir y comunicar que iba a ser candidata nuevamente. No fue la especulaci\u00f3n, sino el duro aprendizaje de que todo cambia en un segundo. \u00bfQu\u00e9 fue lo que me hizo presentar una vez m\u00e1s? Pensar qu\u00e9 habr\u00eda hecho \u00e9l en mi lugar\u00bb.<\/em><\/p>\n<\/div>\n<\/div>\n<div class=\"row pb-content-type-text\">\n<div class=\"col-xs-12 col-print-12\">\n<p class=\"element element-paragraph\"><em>\u00abEl legado de N\u00e9stor se proyecta en los j\u00f3venes que tomaron las mismas banderas con firmeza y que hoy resisten para que la patria no vuelva a estar de rodillas. Pienso que tal vez ese sea mi rol, el de ser un puente entre las nuevas generaciones y las anteriores; nosotros tomamos la posta de otros para construir la Argentina y, a pesar del fuerte rev\u00e9s que nos acecha, ser\u00e1n los y las j\u00f3venes quienes deber\u00e1n seguir adelante\u00bb<\/em><\/p>\n<\/div>\n<\/div>\n<div class=\"row pb-content-type-image\">\n<figure class=\"element element-image col-xs-12\">\n<div class=\"single-image\"><img decoding=\"async\" id=\"IVX6NPZRSRBILLA6AXLYFO4DXU\" class=\"image-lazy\" src=\"https:\/\/www.infobae.com\/new-resizer\/1_raxSkfJ0jNryT6pn1hP4PZyb4=\/750x0\/filters:quality(100)\/s3.amazonaws.com\/arc-wordpress-client-uploads\/infobae-wp\/%77%70%2d%63%6f%6e%74%65%6e%74\/uploads\/2019\/03\/12110407\/juicio-a-amado-boudou-1920-1.jpg\" alt=\"Amado Boudou (Matias Baglietto)\" width=\"750\" height=\"421.484375\" data-url=\"https:\/\/www.infobae.com\/politica\/2019\/04\/25\/sinceramente-el-libro-de-cristina-kirchner-las-frases-mas-destacadas\/%23IVX6NPZRSRBILLA6AXLYFO4DXU\" data-original=\"https:\/\/www.infobae.com\/new-resizer\/1_raxSkfJ0jNryT6pn1hP4PZyb4=\/750x0\/filters:quality(100)\/s3.amazonaws.com\/arc-wordpress-client-uploads\/infobae-wp\/%77%70%2d%63%6f%6e%74%65%6e%74\/uploads\/2019\/03\/12110407\/juicio-a-amado-boudou-1920-1.jpg\" \/><\/div><figcaption class=\"\"><em><span class=\"credit\">Amado Boudou (Matias Baglietto)<\/span><\/em><\/figcaption><\/figure>\n<\/div>\n<div class=\"row pb-content-type-text\">\n<div class=\"col-xs-12 col-print-12\">\n<p class=\"element element-paragraph\"><em>\u00abAlberto Fern\u00e1ndez siempre me critic\u00f3 mucho por haber elegido a Amado (Boudou) como vicepresidente. Cada vez que todav\u00eda me lo recuerda, le digo: &#8216;Vos y N\u00e9stor lo pusieron a Cobos, as\u00ed que callate la boca. Boudou no vot\u00f3 ni hizo nada en contra de nuestro Gobierno\u00bb<br \/>\n<\/em><\/p>\n<\/div>\n<\/div>\n<div class=\"row pb-content-type-text\">\n<div class=\"col-xs-12 col-print-12\">\n<p class=\"element element-paragraph\"><em>\u00abBodou era una persona que manejaba los fundamentos de la econom\u00eda. Y no solo por tener un t\u00edtulo universitario. Conoc\u00eda y entend\u00eda la econom\u00eda real. (\u2026) Era una persona que ven\u00eda de otro palo, del Centro de Estudios Macroecon\u00f3micos de Argentina (CEMA) (\u2026). El CEMA es la expresi\u00f3n m\u00e1s liberal de la econom\u00eda en la Argentina. \u00a1Qu\u00e9 paradoja! Y, que muchas veces fui tildada como &#8216;izquierdista&#8217;, fui quien llev\u00f3 de candidato de vicepresidente a un integrante del think tank del liberalismo\u00bb<br \/>\n<\/em><\/p>\n<\/div>\n<\/div>\n<div class=\"row pb-content-type-text\">\n<div class=\"col-xs-12 col-print-12\">\n<p class=\"element element-paragraph\"><em>\u00abDurante un viaje a Qatar convers\u00e9 mucho con Florencia; recuerdo que cuando est\u00e1bamos en el avi\u00f3n, rumbo a Medio Oriente, le pregunt\u00e9: &#8216;\u00bfEn caso de tener la posibilidad de ser reelecta, a qui\u00e9n te parece que tendr\u00eda que elegir como candidato a vicepresidente? En ese momento no me respondi\u00f3 nada, pero cuando ya hab\u00edan pasado varios d\u00edas de aquella pregunta e \u00edbamos juntas en el auto que nos trasladaba en Qatar -las dos calladas mirando por la ventanilla- de pronto, sin mirarme, dijo: \u00abAmado Boudou\u00bb. \u00bfQu\u00e9 pasa con Boudou?, le pregunt\u00e9. &#8216;Tu candidato a vicepresidente tiene que ser Amado Boudou&#8217;, me respondi\u00f3. Me impresion\u00f3 el momento, la forma y la seguridad con la que me lo dijo\u00bb.<br \/>\n<\/em><\/p>\n<\/div>\n<\/div>\n<div class=\"row pb-content-type-text\">\n<div class=\"col-xs-12 col-print-12\">\n<p class=\"element element-paragraph\"><em>\u00ab<strong>Cuando Boudou fue denunciado y acusado de comprar la firma Ciccone Calcogr\u00e1fica, fue un golpe muy fuerte para nuestro Gobierno. Por eso no dud\u00e9 ni un instante en mandar un proyecto de ley al Congreso pidiendo la expropiaci\u00f3n de esa empresa que era vital, para el Estado y su soberan\u00eda, en la impresi\u00f3n de nuestra moneda: all\u00ed se imprim\u00edan nuestros billetes<\/strong>\u00ab.<br \/>\n<\/em><\/p>\n<\/div>\n<\/div>\n<div class=\"row pb-content-type-text\">\n<div class=\"col-xs-12 col-print-12\">\n<p class=\"element element-paragraph\"><em>\u00abNo recuerdo en la historia ning\u00fan juicio oral por la firma de un formulario 08, es decir, por la transferencia de un auto, como al que fue sometido Amado Boudou, un tema por el que adem\u00e1s fue absuelto. \u00bfUn juicio a un vicepresidente por un 08? \u00bfPor la transferencia de un auto much\u00edsimo antes de ser vicepresidente? \u00bfDespu\u00e9s de los megacanjes, del estado de sitio y treinta muertos en la Plaza de Mayo? Por favor\u2026 \u00a1Qu\u00e9 pa\u00eds! Considero que todo eso fue una brutal represalia por lo de las AFJP. No tengo ninguna duda\u00bb.<br \/>\n<\/em><\/p>\n<\/div>\n<\/div>\n<div class=\"row pb-content-type-text\">\n<div class=\"col-xs-12 col-print-12\">\n<p class=\"element element-paragraph\"><em>\u00abImagino que despu\u00e9s de la muerte de N\u00e9stor tendr\u00eda que haber pensado en alguien para cubrir la parte que hac\u00eda \u00e9l con el peronismo, con el PJ, con los dirigentes. Aunque razono que inclusive estando N\u00e9stor podr\u00eda haber pasado lo mismo, porque a \u00e9l tambi\u00e9n muchos dirigentes lo abandonaron. A veces creo que deber\u00eda haber intentado que Moyano no se enojara pero, en todo caso, pensarlo ahora es contraf\u00e1ctico\u00bb<br \/>\n<\/em><\/p>\n<\/div>\n<\/div>\n<div class=\"row pb-content-type-text\">\n<div class=\"col-xs-12 col-print-12\">\n<p class=\"element element-paragraph\"><em>\u00abCuando escucho a veces a Moyano hablar de N\u00e9stor, siento que all\u00ed reside parte del problema que tuvimos, el machismo, que es un signo distintivo en vastos sectores del sindicalismo argentino, porque en realidad es a m\u00ed a quien conoci\u00f3 mucho antes y fui yo la que no le dio qu\u00f3rum a la primera reforma laboral, la de Erman Gonz\u00e1lez, en 1998\u00bb.<br \/>\n<\/em><\/p>\n<\/div>\n<\/div>\n<div class=\"row pb-content-type-text\">\n<div class=\"col-xs-12 col-print-12\">\n<p class=\"element element-paragraph\"><em>\u00abLo que le reconozco a Hugo Moyano, a\u00fan despu\u00e9s de todos los enfrentamientos que tuvimos, es que \u00e9l nunca traicion\u00f3 a los trabajadores de su gremio. Algo que s\u00ed han hecho otros dirigentes. Considero que Moyano, despu\u00e9s de Sa\u00fal Ubaldini, fue el \u00faltimo gran secretario general que tuvo la CGT\u00bb.<br \/>\n<\/em><\/p>\n<\/div>\n<\/div>\n<div class=\"row pb-content-type-image\">\n<figure class=\"element element-image col-xs-12\">\n<div class=\"single-image\">\n<div class=\"shares\">\n<div class=\"share-button facebook\" data-url=\"https:\/\/www.infobae.com\/politica\/2019\/04\/25\/sinceramente-el-libro-de-cristina-kirchner-las-frases-mas-destacadas\/%23XRX46RKEXRAYBN7DHXJD4PZTYM\" data-original=\"https:\/\/s3.amazonaws.com\/arc-wordpress-client-uploads\/infobae-wp\/%77%70%2d%63%6f%6e%74%65%6e%74\/uploads\/2018\/03\/12182444\/Papa-Francisco-Cristina-Kirchner.jpg\"><\/div>\n<\/div>\n<p><img decoding=\"async\" id=\"XRX46RKEXRAYBN7DHXJD4PZTYM\" class=\"image-lazy\" src=\"https:\/\/www.infobae.com\/new-resizer\/EidI2lB7BBQfkjvIFC86ctCpokw=\/750x0\/filters:quality(100)\/s3.amazonaws.com\/arc-wordpress-client-uploads\/infobae-wp\/%77%70%2d%63%6f%6e%74%65%6e%74\/uploads\/2018\/03\/12182444\/Papa-Francisco-Cristina-Kirchner.jpg\" alt=\"El papa Francisco y Cristina Kirchner\" width=\"750\" height=\"519.140625\" data-url=\"https:\/\/www.infobae.com\/politica\/2019\/04\/25\/sinceramente-el-libro-de-cristina-kirchner-las-frases-mas-destacadas\/%23XRX46RKEXRAYBN7DHXJD4PZTYM\" data-original=\"https:\/\/www.infobae.com\/new-resizer\/EidI2lB7BBQfkjvIFC86ctCpokw=\/750x0\/filters:quality(100)\/s3.amazonaws.com\/arc-wordpress-client-uploads\/infobae-wp\/%77%70%2d%63%6f%6e%74%65%6e%74\/uploads\/2018\/03\/12182444\/Papa-Francisco-Cristina-Kirchner.jpg\" \/><\/p>\n<\/div><figcaption class=\"\"><em><span class=\"credit\">El papa Francisco y Cristina Kirchner<\/span><\/em><\/figcaption><\/figure>\n<\/div>\n<div class=\"row pb-content-type-text\">\n<div class=\"col-xs-12 col-print-12\">\n<p class=\"element element-paragraph\"><em>\u00abEn el primer almuerzo, recuerdo que conversamos sobre N\u00e9stor y yo le dije: &#8216;Sabe qu\u00e9 creo que pas\u00f3 entre ustedes, Jorge\u2026 -porque le digo Jorge cuando hablamos de y no su santidad y \u00e9l, obviamente, me dice Cristina-. En el fondo creo que la Argentina era un lugar demasiado chico para ustedes dos juntos&#8217;. Los hombres tienen un concepto del ejercicio de la jefatura totalmente diferente a nosotras, las mujeres. Yo no tengo ning\u00fan problema con que el otro parezca tener m\u00e1s o menos poder que yo, si hace lo que quiero. \u00bfCu\u00e1l es el problema?\u00bb.<br \/>\n<\/em><\/p>\n<\/div>\n<\/div>\n<div class=\"row pb-content-type-text\">\n<div class=\"col-xs-12 col-print-12\">\n<p class=\"element element-paragraph\"><em>\u00abTodos le dec\u00edamos a N\u00e9stor: \u00abTen\u00e9s que ir a ver a Bergoglio\u00bb. \u00c9l respond\u00eda: \u00abNo, que venga \u00e9l a verme a m\u00ed a la Casa de Gobierno\u00bb. Del otro lado, Bergoglio contestaba: \u00abNo, que venga \u00e9l a la Catedral\u00bb. En definitiva, ellos nunca se vieron porque ninguno quiso cruzar la Plaza de Mayo. Despu\u00e9s ya fue demasiado tarde\u00bb.<br \/>\n<\/em><\/p>\n<\/div>\n<\/div>\n<div class=\"row pb-content-type-text\">\n<div class=\"col-xs-12 col-print-12\">\n<p class=\"element element-paragraph\"><em>\u00a0<\/em><em>\u00abEstoy convencida que Bergoglio tiene una especie de antena con la cual sabe hasta d\u00f3nde puede ir y hasta d\u00f3nde no. Obviamente, en cuestiones como el matrimonio igualitario o el aborto, que tienen que ver con el dogma de la Iglesia, tiene una posici\u00f3n tomada. Pero durante el conflicto por la 125 seguramente se activ\u00f3 esa especie de &#8216;chip peronista&#8217; que le dijo: \u00abNo, se trata de la Sociedad Rural\u00bb.<\/em><\/p>\n<p><em>Fuente: Infobae<\/em><\/p>\n<\/div>\n<\/div>\n","protected":false},"excerpt":{"rendered":"<p>La obra lleg\u00f3 a las librer\u00edas. Cuesta $600 y ser\u00e1 presentado formalmente en la Feria del Libro el 9 de mayo. En esta nota, un adelanto.<\/p>\n","protected":false},"author":2,"featured_media":33313,"comment_status":"open","ping_status":"open","sticky":false,"template":"","format":"standard","meta":{"fifu_image_url":"","fifu_image_alt":"","footnotes":""},"categories":[16],"tags":[1303],"class_list":{"0":"post-33312","1":"post","2":"type-post","3":"status-publish","4":"format-standard","5":"has-post-thumbnail","7":"category-politi","8":"tag-cristin"},"yoast_head":"<title>Las frases m\u00e1s destacadas del libro de Cristina Kirchner - Informe Litoral<\/title>\n<meta name=\"robots\" content=\"index, follow, max-snippet:-1, max-image-preview:large, max-video-preview:-1\" \/>\n<link rel=\"canonical\" href=\"https:\/\/informelitoral.com.ar\/las-frases-mas-destacadas-del-libro-de-cristina-kirchner\/\" \/>\n<meta property=\"og:locale\" content=\"es_ES\" \/>\n<meta property=\"og:type\" content=\"article\" \/>\n<meta property=\"og:title\" content=\"Las frases m\u00e1s destacadas del libro de Cristina Kirchner - Informe Litoral\" \/>\n<meta property=\"og:description\" content=\"La obra lleg\u00f3 a las librer\u00edas. Cuesta $600 y ser\u00e1 presentado formalmente en la Feria del Libro el 9 de mayo. En esta nota, un adelanto.\" \/>\n<meta property=\"og:url\" content=\"https:\/\/informelitoral.com.ar\/las-frases-mas-destacadas-del-libro-de-cristina-kirchner\/\" \/>\n<meta property=\"og:site_name\" content=\"Informe Litoral\" \/>\n<meta property=\"article:publisher\" content=\"https:\/\/www.facebook.com\/informelitoral\/\" \/>\n<meta property=\"article:published_time\" content=\"2019-04-25T18:15:04+00:00\" \/>\n<meta property=\"article:modified_time\" content=\"2019-04-25T18:17:42+00:00\" \/>\n<meta property=\"og:image\" content=\"https:\/\/informelitoral.com.ar\/%77%70%2d%63%6f%6e%74%65%6e%74\/uploads\/2019\/04\/la-tapa-del-libro-de-cristina-kirchner-sinceramente-675934.jpg\" \/>\n\t<meta property=\"og:image:width\" content=\"840\" \/>\n\t<meta property=\"og:image:height\" content=\"472\" \/>\n\t<meta property=\"og:image:type\" content=\"image\/jpeg\" \/>\n<meta name=\"author\" content=\"Gonzalo Schmidt\" \/>\n<meta name=\"twitter:card\" content=\"summary_large_image\" \/>\n<meta name=\"twitter:creator\" content=\"@InformeLitoral\" \/>\n<meta name=\"twitter:site\" content=\"@InformeLitoral\" \/>\n<meta name=\"twitter:label1\" content=\"Escrito por\" \/>\n\t<meta name=\"twitter:data1\" content=\"Gonzalo Schmidt\" \/>\n\t<meta name=\"twitter:label2\" content=\"Tiempo de lectura\" \/>\n\t<meta name=\"twitter:data2\" content=\"27 minutos\" \/>\n<script type=\"application\/ld+json\" class=\"yoast-schema-graph\">{\"@context\":\"https:\\\/\\\/schema.org\",\"@graph\":[{\"@type\":\"Article\",\"@id\":\"https:\\\/\\\/informelitoral.com.ar\\\/las-frases-mas-destacadas-del-libro-de-cristina-kirchner\\\/#article\",\"isPartOf\":{\"@id\":\"https:\\\/\\\/informelitoral.com.ar\\\/las-frases-mas-destacadas-del-libro-de-cristina-kirchner\\\/\"},\"author\":{\"name\":\"Gonzalo Schmidt\",\"@id\":\"https:\\\/\\\/informelitoral.com.ar\\\/#\\\/schema\\\/person\\\/b9d00407c836482871ef1d57bf8e3180\"},\"headline\":\"Las frases m\u00e1s destacadas del libro de Cristina Kirchner\",\"datePublished\":\"2019-04-25T18:15:04+00:00\",\"dateModified\":\"2019-04-25T18:17:42+00:00\",\"mainEntityOfPage\":{\"@id\":\"https:\\\/\\\/informelitoral.com.ar\\\/las-frases-mas-destacadas-del-libro-de-cristina-kirchner\\\/\"},\"wordCount\":5371,\"commentCount\":0,\"publisher\":{\"@id\":\"https:\\\/\\\/informelitoral.com.ar\\\/#organization\"},\"image\":{\"@id\":\"https:\\\/\\\/informelitoral.com.ar\\\/las-frases-mas-destacadas-del-libro-de-cristina-kirchner\\\/#primaryimage\"},\"thumbnailUrl\":\"https:\\\/\\\/informelitoral.com.ar\\\/%77%70%2d%63%6f%6e%74%65%6e%74\\\/uploads\\\/2019\\\/04\\\/la-tapa-del-libro-de-cristina-kirchner-sinceramente-675934.jpg\",\"keywords\":[\"Cristin\"],\"articleSection\":[\"Politica\"],\"inLanguage\":\"es\",\"potentialAction\":[{\"@type\":\"CommentAction\",\"name\":\"Comment\",\"target\":[\"https:\\\/\\\/informelitoral.com.ar\\\/las-frases-mas-destacadas-del-libro-de-cristina-kirchner\\\/#respond\"]}]},{\"@type\":\"WebPage\",\"@id\":\"https:\\\/\\\/informelitoral.com.ar\\\/las-frases-mas-destacadas-del-libro-de-cristina-kirchner\\\/\",\"url\":\"https:\\\/\\\/informelitoral.com.ar\\\/las-frases-mas-destacadas-del-libro-de-cristina-kirchner\\\/\",\"name\":\"Las frases m\u00e1s destacadas del libro de Cristina Kirchner - Informe Litoral\",\"isPartOf\":{\"@id\":\"https:\\\/\\\/informelitoral.com.ar\\\/#website\"},\"primaryImageOfPage\":{\"@id\":\"https:\\\/\\\/informelitoral.com.ar\\\/las-frases-mas-destacadas-del-libro-de-cristina-kirchner\\\/#primaryimage\"},\"image\":{\"@id\":\"https:\\\/\\\/informelitoral.com.ar\\\/las-frases-mas-destacadas-del-libro-de-cristina-kirchner\\\/#primaryimage\"},\"thumbnailUrl\":\"https:\\\/\\\/informelitoral.com.ar\\\/%77%70%2d%63%6f%6e%74%65%6e%74\\\/uploads\\\/2019\\\/04\\\/la-tapa-del-libro-de-cristina-kirchner-sinceramente-675934.jpg\",\"datePublished\":\"2019-04-25T18:15:04+00:00\",\"dateModified\":\"2019-04-25T18:17:42+00:00\",\"breadcrumb\":{\"@id\":\"https:\\\/\\\/informelitoral.com.ar\\\/las-frases-mas-destacadas-del-libro-de-cristina-kirchner\\\/#breadcrumb\"},\"inLanguage\":\"es\",\"potentialAction\":[{\"@type\":\"ReadAction\",\"target\":[\"https:\\\/\\\/informelitoral.com.ar\\\/las-frases-mas-destacadas-del-libro-de-cristina-kirchner\\\/\"]}]},{\"@type\":\"ImageObject\",\"inLanguage\":\"es\",\"@id\":\"https:\\\/\\\/informelitoral.com.ar\\\/las-frases-mas-destacadas-del-libro-de-cristina-kirchner\\\/#primaryimage\",\"url\":\"https:\\\/\\\/informelitoral.com.ar\\\/%77%70%2d%63%6f%6e%74%65%6e%74\\\/uploads\\\/2019\\\/04\\\/la-tapa-del-libro-de-cristina-kirchner-sinceramente-675934.jpg\",\"contentUrl\":\"https:\\\/\\\/informelitoral.com.ar\\\/%77%70%2d%63%6f%6e%74%65%6e%74\\\/uploads\\\/2019\\\/04\\\/la-tapa-del-libro-de-cristina-kirchner-sinceramente-675934.jpg\",\"width\":840,\"height\":472},{\"@type\":\"BreadcrumbList\",\"@id\":\"https:\\\/\\\/informelitoral.com.ar\\\/las-frases-mas-destacadas-del-libro-de-cristina-kirchner\\\/#breadcrumb\",\"itemListElement\":[{\"@type\":\"ListItem\",\"position\":1,\"name\":\"Portada\",\"item\":\"https:\\\/\\\/informelitoral.com.ar\\\/\"},{\"@type\":\"ListItem\",\"position\":2,\"name\":\"Las frases m\u00e1s destacadas del libro de Cristina Kirchner\"}]},{\"@type\":\"WebSite\",\"@id\":\"https:\\\/\\\/informelitoral.com.ar\\\/#website\",\"url\":\"https:\\\/\\\/informelitoral.com.ar\\\/\",\"name\":\"Informe Litoral\",\"description\":\"&quot;Nos informamos&quot; \",\"publisher\":{\"@id\":\"https:\\\/\\\/informelitoral.com.ar\\\/#organization\"},\"potentialAction\":[{\"@type\":\"SearchAction\",\"target\":{\"@type\":\"EntryPoint\",\"urlTemplate\":\"https:\\\/\\\/informelitoral.com.ar\\\/?s={search_term_string}\"},\"query-input\":{\"@type\":\"PropertyValueSpecification\",\"valueRequired\":true,\"valueName\":\"search_term_string\"}}],\"inLanguage\":\"es\"},{\"@type\":\"Organization\",\"@id\":\"https:\\\/\\\/informelitoral.com.ar\\\/#organization\",\"name\":\"Informe Litoral\",\"url\":\"https:\\\/\\\/informelitoral.com.ar\\\/\",\"logo\":{\"@type\":\"ImageObject\",\"inLanguage\":\"es\",\"@id\":\"https:\\\/\\\/informelitoral.com.ar\\\/#\\\/schema\\\/logo\\\/image\\\/\",\"url\":\"https:\\\/\\\/informelitoral.com.ar\\\/%77%70%2d%63%6f%6e%74%65%6e%74\\\/uploads\\\/2021\\\/01\\\/circulo.png\",\"contentUrl\":\"https:\\\/\\\/informelitoral.com.ar\\\/%77%70%2d%63%6f%6e%74%65%6e%74\\\/uploads\\\/2021\\\/01\\\/circulo.png\",\"width\":723,\"height\":731,\"caption\":\"Informe Litoral\"},\"image\":{\"@id\":\"https:\\\/\\\/informelitoral.com.ar\\\/#\\\/schema\\\/logo\\\/image\\\/\"},\"sameAs\":[\"https:\\\/\\\/www.facebook.com\\\/informelitoral\\\/\",\"https:\\\/\\\/x.com\\\/InformeLitoral\",\"https:\\\/\\\/www.instagram.com\\\/informelitoral\\\/\",\"https:\\\/\\\/www.youtube.com\\\/channel\\\/UCua4Qvz8Icb6MYqhoq9xLXw\"]},{\"@type\":\"Person\",\"@id\":\"https:\\\/\\\/informelitoral.com.ar\\\/#\\\/schema\\\/person\\\/b9d00407c836482871ef1d57bf8e3180\",\"name\":\"Gonzalo Schmidt\",\"image\":{\"@type\":\"ImageObject\",\"inLanguage\":\"es\",\"@id\":\"https:\\\/\\\/secure.gravatar.com\\\/avatar\\\/31a1a7b66ff2de83bd0e9fd79d026630d2d99e55e8bfe501287647b4fd9743de?s=96&d=mm&r=g\",\"url\":\"https:\\\/\\\/secure.gravatar.com\\\/avatar\\\/31a1a7b66ff2de83bd0e9fd79d026630d2d99e55e8bfe501287647b4fd9743de?s=96&d=mm&r=g\",\"contentUrl\":\"https:\\\/\\\/secure.gravatar.com\\\/avatar\\\/31a1a7b66ff2de83bd0e9fd79d026630d2d99e55e8bfe501287647b4fd9743de?s=96&d=mm&r=g\",\"caption\":\"Gonzalo Schmidt\"},\"description\":\"Sitio web de noticias de la provincia de Entre R\u00edos, Argentina. Informaci\u00f3n y entretenimiento. Informe Litoral, nos informamos.\",\"sameAs\":[\"http:\\\/\\\/www.isletasnoticias.com.ar\"],\"url\":\"https:\\\/\\\/informelitoral.com.ar\\\/author\\\/gonzalo\\\/\"}]}<\/script>","yoast_head_json":{"title":"Las frases m\u00e1s destacadas del libro de Cristina Kirchner - Informe Litoral","robots":{"index":"index","follow":"follow","max-snippet":"max-snippet:-1","max-image-preview":"max-image-preview:large","max-video-preview":"max-video-preview:-1"},"canonical":"https:\/\/informelitoral.com.ar\/las-frases-mas-destacadas-del-libro-de-cristina-kirchner\/","og_locale":"es_ES","og_type":"article","og_title":"Las frases m\u00e1s destacadas del libro de Cristina Kirchner - Informe Litoral","og_description":"La obra lleg\u00f3 a las librer\u00edas. Cuesta $600 y ser\u00e1 presentado formalmente en la Feria del Libro el 9 de mayo. En esta nota, un adelanto.","og_url":"https:\/\/informelitoral.com.ar\/las-frases-mas-destacadas-del-libro-de-cristina-kirchner\/","og_site_name":"Informe Litoral","article_publisher":"https:\/\/www.facebook.com\/informelitoral\/","article_published_time":"2019-04-25T18:15:04+00:00","article_modified_time":"2019-04-25T18:17:42+00:00","og_image":[{"width":840,"height":472,"url":"https:\/\/informelitoral.com.ar\/%77%70%2d%63%6f%6e%74%65%6e%74\/uploads\/2019\/04\/la-tapa-del-libro-de-cristina-kirchner-sinceramente-675934.jpg","type":"image\/jpeg"}],"author":"Gonzalo Schmidt","twitter_card":"summary_large_image","twitter_creator":"@InformeLitoral","twitter_site":"@InformeLitoral","twitter_misc":{"Escrito por":"Gonzalo Schmidt","Tiempo de lectura":"27 minutos"},"schema":{"@context":"https:\/\/schema.org","@graph":[{"@type":"Article","@id":"https:\/\/informelitoral.com.ar\/las-frases-mas-destacadas-del-libro-de-cristina-kirchner\/#article","isPartOf":{"@id":"https:\/\/informelitoral.com.ar\/las-frases-mas-destacadas-del-libro-de-cristina-kirchner\/"},"author":{"name":"Gonzalo Schmidt","@id":"https:\/\/informelitoral.com.ar\/#\/schema\/person\/b9d00407c836482871ef1d57bf8e3180"},"headline":"Las frases m\u00e1s destacadas del libro de Cristina Kirchner","datePublished":"2019-04-25T18:15:04+00:00","dateModified":"2019-04-25T18:17:42+00:00","mainEntityOfPage":{"@id":"https:\/\/informelitoral.com.ar\/las-frases-mas-destacadas-del-libro-de-cristina-kirchner\/"},"wordCount":5371,"commentCount":0,"publisher":{"@id":"https:\/\/informelitoral.com.ar\/#organization"},"image":{"@id":"https:\/\/informelitoral.com.ar\/las-frases-mas-destacadas-del-libro-de-cristina-kirchner\/#primaryimage"},"thumbnailUrl":"https:\/\/informelitoral.com.ar\/%77%70%2d%63%6f%6e%74%65%6e%74\/uploads\/2019\/04\/la-tapa-del-libro-de-cristina-kirchner-sinceramente-675934.jpg","keywords":["Cristin"],"articleSection":["Politica"],"inLanguage":"es","potentialAction":[{"@type":"CommentAction","name":"Comment","target":["https:\/\/informelitoral.com.ar\/las-frases-mas-destacadas-del-libro-de-cristina-kirchner\/#respond"]}]},{"@type":"WebPage","@id":"https:\/\/informelitoral.com.ar\/las-frases-mas-destacadas-del-libro-de-cristina-kirchner\/","url":"https:\/\/informelitoral.com.ar\/las-frases-mas-destacadas-del-libro-de-cristina-kirchner\/","name":"Las frases m\u00e1s destacadas del libro de Cristina Kirchner - Informe Litoral","isPartOf":{"@id":"https:\/\/informelitoral.com.ar\/#website"},"primaryImageOfPage":{"@id":"https:\/\/informelitoral.com.ar\/las-frases-mas-destacadas-del-libro-de-cristina-kirchner\/#primaryimage"},"image":{"@id":"https:\/\/informelitoral.com.ar\/las-frases-mas-destacadas-del-libro-de-cristina-kirchner\/#primaryimage"},"thumbnailUrl":"https:\/\/informelitoral.com.ar\/%77%70%2d%63%6f%6e%74%65%6e%74\/uploads\/2019\/04\/la-tapa-del-libro-de-cristina-kirchner-sinceramente-675934.jpg","datePublished":"2019-04-25T18:15:04+00:00","dateModified":"2019-04-25T18:17:42+00:00","breadcrumb":{"@id":"https:\/\/informelitoral.com.ar\/las-frases-mas-destacadas-del-libro-de-cristina-kirchner\/#breadcrumb"},"inLanguage":"es","potentialAction":[{"@type":"ReadAction","target":["https:\/\/informelitoral.com.ar\/las-frases-mas-destacadas-del-libro-de-cristina-kirchner\/"]}]},{"@type":"ImageObject","inLanguage":"es","@id":"https:\/\/informelitoral.com.ar\/las-frases-mas-destacadas-del-libro-de-cristina-kirchner\/#primaryimage","url":"https:\/\/informelitoral.com.ar\/%77%70%2d%63%6f%6e%74%65%6e%74\/uploads\/2019\/04\/la-tapa-del-libro-de-cristina-kirchner-sinceramente-675934.jpg","contentUrl":"https:\/\/informelitoral.com.ar\/%77%70%2d%63%6f%6e%74%65%6e%74\/uploads\/2019\/04\/la-tapa-del-libro-de-cristina-kirchner-sinceramente-675934.jpg","width":840,"height":472},{"@type":"BreadcrumbList","@id":"https:\/\/informelitoral.com.ar\/las-frases-mas-destacadas-del-libro-de-cristina-kirchner\/#breadcrumb","itemListElement":[{"@type":"ListItem","position":1,"name":"Portada","item":"https:\/\/informelitoral.com.ar\/"},{"@type":"ListItem","position":2,"name":"Las frases m\u00e1s destacadas del libro de Cristina Kirchner"}]},{"@type":"WebSite","@id":"https:\/\/informelitoral.com.ar\/#website","url":"https:\/\/informelitoral.com.ar\/","name":"Informe Litoral","description":"&quot;Nos informamos&quot; ","publisher":{"@id":"https:\/\/informelitoral.com.ar\/#organization"},"potentialAction":[{"@type":"SearchAction","target":{"@type":"EntryPoint","urlTemplate":"https:\/\/informelitoral.com.ar\/?s={search_term_string}"},"query-input":{"@type":"PropertyValueSpecification","valueRequired":true,"valueName":"search_term_string"}}],"inLanguage":"es"},{"@type":"Organization","@id":"https:\/\/informelitoral.com.ar\/#organization","name":"Informe Litoral","url":"https:\/\/informelitoral.com.ar\/","logo":{"@type":"ImageObject","inLanguage":"es","@id":"https:\/\/informelitoral.com.ar\/#\/schema\/logo\/image\/","url":"https:\/\/informelitoral.com.ar\/%77%70%2d%63%6f%6e%74%65%6e%74\/uploads\/2021\/01\/circulo.png","contentUrl":"https:\/\/informelitoral.com.ar\/%77%70%2d%63%6f%6e%74%65%6e%74\/uploads\/2021\/01\/circulo.png","width":723,"height":731,"caption":"Informe Litoral"},"image":{"@id":"https:\/\/informelitoral.com.ar\/#\/schema\/logo\/image\/"},"sameAs":["https:\/\/www.facebook.com\/informelitoral\/","https:\/\/x.com\/InformeLitoral","https:\/\/www.instagram.com\/informelitoral\/","https:\/\/www.youtube.com\/channel\/UCua4Qvz8Icb6MYqhoq9xLXw"]},{"@type":"Person","@id":"https:\/\/informelitoral.com.ar\/#\/schema\/person\/b9d00407c836482871ef1d57bf8e3180","name":"Gonzalo Schmidt","image":{"@type":"ImageObject","inLanguage":"es","@id":"https:\/\/secure.gravatar.com\/avatar\/31a1a7b66ff2de83bd0e9fd79d026630d2d99e55e8bfe501287647b4fd9743de?s=96&d=mm&r=g","url":"https:\/\/secure.gravatar.com\/avatar\/31a1a7b66ff2de83bd0e9fd79d026630d2d99e55e8bfe501287647b4fd9743de?s=96&d=mm&r=g","contentUrl":"https:\/\/secure.gravatar.com\/avatar\/31a1a7b66ff2de83bd0e9fd79d026630d2d99e55e8bfe501287647b4fd9743de?s=96&d=mm&r=g","caption":"Gonzalo Schmidt"},"description":"Sitio web de noticias de la provincia de Entre R\u00edos, Argentina. Informaci\u00f3n y entretenimiento. Informe Litoral, nos informamos.","sameAs":["http:\/\/www.isletasnoticias.com.ar"],"url":"https:\/\/informelitoral.com.ar\/author\/gonzalo\/"}]}},"_links":{"self":[{"href":"https:\/\/informelitoral.com.ar\/%77%70%2d%6a%73%6f%6e\/wp\/v2\/posts\/33312","targetHints":{"allow":["GET"]}}],"collection":[{"href":"https:\/\/informelitoral.com.ar\/%77%70%2d%6a%73%6f%6e\/wp\/v2\/posts"}],"about":[{"href":"https:\/\/informelitoral.com.ar\/%77%70%2d%6a%73%6f%6e\/wp\/v2\/types\/post"}],"author":[{"embeddable":true,"href":"https:\/\/informelitoral.com.ar\/%77%70%2d%6a%73%6f%6e\/wp\/v2\/users\/2"}],"replies":[{"embeddable":true,"href":"https:\/\/informelitoral.com.ar\/%77%70%2d%6a%73%6f%6e\/wp\/v2\/comments?post=33312"}],"version-history":[{"count":0,"href":"https:\/\/informelitoral.com.ar\/%77%70%2d%6a%73%6f%6e\/wp\/v2\/posts\/33312\/revisions"}],"wp:featuredmedia":[{"embeddable":true,"href":"https:\/\/informelitoral.com.ar\/%77%70%2d%6a%73%6f%6e\/wp\/v2\/media\/33313"}],"wp:attachment":[{"href":"https:\/\/informelitoral.com.ar\/%77%70%2d%6a%73%6f%6e\/wp\/v2\/media?parent=33312"}],"wp:term":[{"taxonomy":"category","embeddable":true,"href":"https:\/\/informelitoral.com.ar\/%77%70%2d%6a%73%6f%6e\/wp\/v2\/categories?post=33312"},{"taxonomy":"post_tag","embeddable":true,"href":"https:\/\/informelitoral.com.ar\/%77%70%2d%6a%73%6f%6e\/wp\/v2\/tags?post=33312"}],"curies":[{"name":"wp","href":"https:\/\/api.w.org\/{rel}","templated":true}]}}