{"id":3325,"date":"2013-09-22T21:37:41","date_gmt":"2013-09-23T00:37:41","guid":{"rendered":"http:\/\/www.isletasnoticias.com.ar\/?p=3325"},"modified":"2013-09-22T21:37:41","modified_gmt":"2013-09-23T00:37:41","slug":"hay-argentinos-que-viven-sin-los-servicios-basicos-dijo-benedetti-al-negar-la-decada-ganada","status":"publish","type":"post","link":"https:\/\/informelitoral.com.ar\/hay-argentinos-que-viven-sin-los-servicios-basicos-dijo-benedetti-al-negar-la-decada-ganada\/","title":{"rendered":"\u201cHay argentinos que viven sin los servicios b\u00e1sicos\u201d, dijo Benedetti al negar la \u201cd\u00e9cada ganada\u201d"},"content":{"rendered":"<p><strong>\u201cA pesar del discurso oficial, que repite que \u00e9sta fue una d\u00e9cada ganada, hay argentinos que viven sin los servicios b\u00e1sicos de luz, agua potable o cloacas\u201d, manifest\u00f3 el candidato a senador nacional por la Lista 3,<em> Atilio Benedetti<\/em>. <\/strong><\/p>\n<p><a href=\"http:\/\/www.isletasnoticias.com.ar\/%77%70%2d%63%6f%6e%74%65%6e%74\/uploads\/2013\/09\/benedetti1.jpg\"><img loading=\"lazy\" decoding=\"async\" class=\"size-medium wp-image-3326 alignright\" title=\"Imagen ilustrativa.\" alt=\"\" src=\"http:\/\/www.isletasnoticias.com.ar\/%77%70%2d%63%6f%6e%74%65%6e%74\/uploads\/2013\/09\/benedetti1-300x258.jpg\" width=\"300\" height=\"258\" srcset=\"https:\/\/informelitoral.com.ar\/%77%70%2d%63%6f%6e%74%65%6e%74\/uploads\/2013\/09\/benedetti1-300x258.jpg 300w, https:\/\/informelitoral.com.ar\/%77%70%2d%63%6f%6e%74%65%6e%74\/uploads\/2013\/09\/benedetti1.jpg 400w\" sizes=\"auto, (max-width: 300px) 100vw, 300px\" \/><\/a><\/p>\n<p>En su visita al Asentamiento La Bianca, en Concordia, el dirigente radical valor\u00f3 el recibimiento de los vecinos y destac\u00f3: \u201cNos han contado de las carencias que sufren, en muchos casos se trata de las condiciones m\u00ednimas de vida\u201d. De la recorrida tambi\u00e9n particip\u00f3 <strong>Jorge D\u2019Agostino<\/strong>, quien competir\u00e1 por una banca en la C\u00e1mara de Diputados.\u201cFueron diez a\u00f1os de una situaci\u00f3n internacional favorable, pero indigna comprobar que el gobierno no haya podido traducirlo en mejores condiciones de vida para muchos argentinos\u201d, remarc\u00f3 Benedetti.<\/p>\n<p>En esa l\u00ednea, sostuvo que desde el radicalismo apuestan \u201cal desarrollo, la creaci\u00f3n de empleo y generar las condiciones para que cada argentino acceda a la salud, la educaci\u00f3n, la seguridad y una vivienda digna\u201d. Indic\u00f3<em> An\u00e1lisis Digital.<\/em><\/p>\n","protected":false},"excerpt":{"rendered":"<p>&ldquo;A pesar del discurso oficial, que repite que &eacute;sta fue una d&eacute;cada ganada, hay argentinos que viven sin los servicios b&aacute;sicos de luz, agua potable o cloacas&rdquo;, manifest&oacute; el candidato a senador nacional por la Lista 3, Atilio Benedetti. En su visita al Asentamiento La Bianca, en Concordia, el dirigente radical valor&oacute; el recibimiento de [&hellip;]<\/p>\n","protected":false},"author":2,"featured_media":0,"comment_status":"open","ping_status":"open","sticky":false,"template":"","format":"standard","meta":{"fifu_image_url":"","fifu_image_alt":"","footnotes":""},"categories":[6,16],"tags":[],"class_list":{"0":"post-3325","1":"post","2":"type-post","3":"status-publish","4":"format-standard","6":"category-entre-rios","7":"category-politi"},"yoast_head":"<title>\u201cHay argentinos que viven sin los servicios b\u00e1sicos\u201d, dijo Benedetti al negar la \u201cd\u00e9cada ganada\u201d - Informe Litoral<\/title>\n<meta name=\"robots\" content=\"index, follow, max-snippet:-1, max-image-preview:large, max-video-preview:-1\" \/>\n<link rel=\"canonical\" href=\"https:\/\/informelitoral.com.ar\/hay-argentinos-que-viven-sin-los-servicios-basicos-dijo-benedetti-al-negar-la-decada-ganada\/\" \/>\n<meta property=\"og:locale\" content=\"es_ES\" \/>\n<meta property=\"og:type\" content=\"article\" \/>\n<meta property=\"og:title\" content=\"\u201cHay argentinos que viven sin los servicios b\u00e1sicos\u201d, dijo Benedetti al negar la \u201cd\u00e9cada ganada\u201d - Informe Litoral\" \/>\n<meta property=\"og:description\" content=\"&ldquo;A pesar del discurso oficial, que repite que &eacute;sta fue una d&eacute;cada ganada, hay argentinos que viven sin los servicios b&aacute;sicos de luz, agua potable o cloacas&rdquo;, manifest&oacute; el candidato a senador nacional por la Lista 3, Atilio Benedetti. En su visita al Asentamiento La Bianca, en Concordia, el dirigente radical valor&oacute; el recibimiento de [&hellip;]\" \/>\n<meta property=\"og:url\" content=\"https:\/\/informelitoral.com.ar\/hay-argentinos-que-viven-sin-los-servicios-basicos-dijo-benedetti-al-negar-la-decada-ganada\/\" \/>\n<meta property=\"og:site_name\" content=\"Informe Litoral\" \/>\n<meta property=\"article:publisher\" content=\"https:\/\/www.facebook.com\/informelitoral\/\" \/>\n<meta property=\"article:published_time\" content=\"2013-09-23T00:37:41+00:00\" \/>\n<meta property=\"og:image\" content=\"https:\/\/informelitoral.com.ar\/%77%70%2d%63%6f%6e%74%65%6e%74\/uploads\/2013\/09\/benedetti1.jpg\" \/>\n\t<meta property=\"og:image:width\" content=\"400\" \/>\n\t<meta property=\"og:image:height\" content=\"344\" \/>\n\t<meta property=\"og:image:type\" content=\"image\/jpeg\" \/>\n<meta name=\"author\" content=\"Gonzalo Schmidt\" \/>\n<meta name=\"twitter:card\" content=\"summary_large_image\" \/>\n<meta name=\"twitter:creator\" content=\"@InformeLitoral\" \/>\n<meta name=\"twitter:site\" content=\"@InformeLitoral\" \/>\n<meta name=\"twitter:label1\" content=\"Escrito por\" \/>\n\t<meta name=\"twitter:data1\" content=\"Gonzalo Schmidt\" \/>\n\t<meta name=\"twitter:label2\" content=\"Tiempo de lectura\" \/>\n\t<meta name=\"twitter:data2\" content=\"1 minuto\" \/>\n<script type=\"application\/ld+json\" class=\"yoast-schema-graph\">{\"@context\":\"https:\\\/\\\/schema.org\",\"@graph\":[{\"@type\":\"Article\",\"@id\":\"https:\\\/\\\/informelitoral.com.ar\\\/hay-argentinos-que-viven-sin-los-servicios-basicos-dijo-benedetti-al-negar-la-decada-ganada\\\/#article\",\"isPartOf\":{\"@id\":\"https:\\\/\\\/informelitoral.com.ar\\\/hay-argentinos-que-viven-sin-los-servicios-basicos-dijo-benedetti-al-negar-la-decada-ganada\\\/\"},\"author\":{\"name\":\"Gonzalo Schmidt\",\"@id\":\"https:\\\/\\\/informelitoral.com.ar\\\/#\\\/schema\\\/person\\\/b9d00407c836482871ef1d57bf8e3180\"},\"headline\":\"\u201cHay argentinos que viven sin los servicios b\u00e1sicos\u201d, dijo Benedetti al negar la \u201cd\u00e9cada ganada\u201d\",\"datePublished\":\"2013-09-23T00:37:41+00:00\",\"mainEntityOfPage\":{\"@id\":\"https:\\\/\\\/informelitoral.com.ar\\\/hay-argentinos-que-viven-sin-los-servicios-basicos-dijo-benedetti-al-negar-la-decada-ganada\\\/\"},\"wordCount\":189,\"commentCount\":0,\"publisher\":{\"@id\":\"https:\\\/\\\/informelitoral.com.ar\\\/#organization\"},\"image\":{\"@id\":\"https:\\\/\\\/informelitoral.com.ar\\\/hay-argentinos-que-viven-sin-los-servicios-basicos-dijo-benedetti-al-negar-la-decada-ganada\\\/#primaryimage\"},\"thumbnailUrl\":\"http:\\\/\\\/www.isletasnoticias.com.ar\\\/%77%70%2d%63%6f%6e%74%65%6e%74\\\/uploads\\\/2013\\\/09\\\/benedetti1-300x258.jpg\",\"articleSection\":[\"Entre R\u00edos\",\"Politica\"],\"inLanguage\":\"es\",\"potentialAction\":[{\"@type\":\"CommentAction\",\"name\":\"Comment\",\"target\":[\"https:\\\/\\\/informelitoral.com.ar\\\/hay-argentinos-que-viven-sin-los-servicios-basicos-dijo-benedetti-al-negar-la-decada-ganada\\\/#respond\"]}]},{\"@type\":\"WebPage\",\"@id\":\"https:\\\/\\\/informelitoral.com.ar\\\/hay-argentinos-que-viven-sin-los-servicios-basicos-dijo-benedetti-al-negar-la-decada-ganada\\\/\",\"url\":\"https:\\\/\\\/informelitoral.com.ar\\\/hay-argentinos-que-viven-sin-los-servicios-basicos-dijo-benedetti-al-negar-la-decada-ganada\\\/\",\"name\":\"\u201cHay argentinos que viven sin los servicios b\u00e1sicos\u201d, dijo Benedetti al negar la \u201cd\u00e9cada ganada\u201d - Informe Litoral\",\"isPartOf\":{\"@id\":\"https:\\\/\\\/informelitoral.com.ar\\\/#website\"},\"primaryImageOfPage\":{\"@id\":\"https:\\\/\\\/informelitoral.com.ar\\\/hay-argentinos-que-viven-sin-los-servicios-basicos-dijo-benedetti-al-negar-la-decada-ganada\\\/#primaryimage\"},\"image\":{\"@id\":\"https:\\\/\\\/informelitoral.com.ar\\\/hay-argentinos-que-viven-sin-los-servicios-basicos-dijo-benedetti-al-negar-la-decada-ganada\\\/#primaryimage\"},\"thumbnailUrl\":\"http:\\\/\\\/www.isletasnoticias.com.ar\\\/%77%70%2d%63%6f%6e%74%65%6e%74\\\/uploads\\\/2013\\\/09\\\/benedetti1-300x258.jpg\",\"datePublished\":\"2013-09-23T00:37:41+00:00\",\"breadcrumb\":{\"@id\":\"https:\\\/\\\/informelitoral.com.ar\\\/hay-argentinos-que-viven-sin-los-servicios-basicos-dijo-benedetti-al-negar-la-decada-ganada\\\/#breadcrumb\"},\"inLanguage\":\"es\",\"potentialAction\":[{\"@type\":\"ReadAction\",\"target\":[\"https:\\\/\\\/informelitoral.com.ar\\\/hay-argentinos-que-viven-sin-los-servicios-basicos-dijo-benedetti-al-negar-la-decada-ganada\\\/\"]}]},{\"@type\":\"ImageObject\",\"inLanguage\":\"es\",\"@id\":\"https:\\\/\\\/informelitoral.com.ar\\\/hay-argentinos-que-viven-sin-los-servicios-basicos-dijo-benedetti-al-negar-la-decada-ganada\\\/#primaryimage\",\"url\":\"http:\\\/\\\/www.isletasnoticias.com.ar\\\/%77%70%2d%63%6f%6e%74%65%6e%74\\\/uploads\\\/2013\\\/09\\\/benedetti1-300x258.jpg\",\"contentUrl\":\"http:\\\/\\\/www.isletasnoticias.com.ar\\\/%77%70%2d%63%6f%6e%74%65%6e%74\\\/uploads\\\/2013\\\/09\\\/benedetti1-300x258.jpg\"},{\"@type\":\"BreadcrumbList\",\"@id\":\"https:\\\/\\\/informelitoral.com.ar\\\/hay-argentinos-que-viven-sin-los-servicios-basicos-dijo-benedetti-al-negar-la-decada-ganada\\\/#breadcrumb\",\"itemListElement\":[{\"@type\":\"ListItem\",\"position\":1,\"name\":\"Portada\",\"item\":\"https:\\\/\\\/informelitoral.com.ar\\\/\"},{\"@type\":\"ListItem\",\"position\":2,\"name\":\"\u201cHay argentinos que viven sin los servicios b\u00e1sicos\u201d, dijo Benedetti al negar la \u201cd\u00e9cada ganada\u201d\"}]},{\"@type\":\"WebSite\",\"@id\":\"https:\\\/\\\/informelitoral.com.ar\\\/#website\",\"url\":\"https:\\\/\\\/informelitoral.com.ar\\\/\",\"name\":\"Informe Litoral\",\"description\":\"&quot;Nos informamos&quot; \",\"publisher\":{\"@id\":\"https:\\\/\\\/informelitoral.com.ar\\\/#organization\"},\"potentialAction\":[{\"@type\":\"SearchAction\",\"target\":{\"@type\":\"EntryPoint\",\"urlTemplate\":\"https:\\\/\\\/informelitoral.com.ar\\\/?s={search_term_string}\"},\"query-input\":{\"@type\":\"PropertyValueSpecification\",\"valueRequired\":true,\"valueName\":\"search_term_string\"}}],\"inLanguage\":\"es\"},{\"@type\":\"Organization\",\"@id\":\"https:\\\/\\\/informelitoral.com.ar\\\/#organization\",\"name\":\"Informe Litoral\",\"url\":\"https:\\\/\\\/informelitoral.com.ar\\\/\",\"logo\":{\"@type\":\"ImageObject\",\"inLanguage\":\"es\",\"@id\":\"https:\\\/\\\/informelitoral.com.ar\\\/#\\\/schema\\\/logo\\\/image\\\/\",\"url\":\"https:\\\/\\\/informelitoral.com.ar\\\/%77%70%2d%63%6f%6e%74%65%6e%74\\\/uploads\\\/2021\\\/01\\\/circulo.png\",\"contentUrl\":\"https:\\\/\\\/informelitoral.com.ar\\\/%77%70%2d%63%6f%6e%74%65%6e%74\\\/uploads\\\/2021\\\/01\\\/circulo.png\",\"width\":723,\"height\":731,\"caption\":\"Informe Litoral\"},\"image\":{\"@id\":\"https:\\\/\\\/informelitoral.com.ar\\\/#\\\/schema\\\/logo\\\/image\\\/\"},\"sameAs\":[\"https:\\\/\\\/www.facebook.com\\\/informelitoral\\\/\",\"https:\\\/\\\/x.com\\\/InformeLitoral\",\"https:\\\/\\\/www.instagram.com\\\/informelitoral\\\/\",\"https:\\\/\\\/www.youtube.com\\\/channel\\\/UCua4Qvz8Icb6MYqhoq9xLXw\"]},{\"@type\":\"Person\",\"@id\":\"https:\\\/\\\/informelitoral.com.ar\\\/#\\\/schema\\\/person\\\/b9d00407c836482871ef1d57bf8e3180\",\"name\":\"Gonzalo Schmidt\",\"image\":{\"@type\":\"ImageObject\",\"inLanguage\":\"es\",\"@id\":\"https:\\\/\\\/secure.gravatar.com\\\/avatar\\\/31a1a7b66ff2de83bd0e9fd79d026630d2d99e55e8bfe501287647b4fd9743de?s=96&d=mm&r=g\",\"url\":\"https:\\\/\\\/secure.gravatar.com\\\/avatar\\\/31a1a7b66ff2de83bd0e9fd79d026630d2d99e55e8bfe501287647b4fd9743de?s=96&d=mm&r=g\",\"contentUrl\":\"https:\\\/\\\/secure.gravatar.com\\\/avatar\\\/31a1a7b66ff2de83bd0e9fd79d026630d2d99e55e8bfe501287647b4fd9743de?s=96&d=mm&r=g\",\"caption\":\"Gonzalo Schmidt\"},\"description\":\"Sitio web de noticias de la provincia de Entre R\u00edos, Argentina. Informaci\u00f3n y entretenimiento. Informe Litoral, nos informamos.\",\"sameAs\":[\"http:\\\/\\\/www.isletasnoticias.com.ar\"],\"url\":\"https:\\\/\\\/informelitoral.com.ar\\\/author\\\/gonzalo\\\/\"}]}<\/script>","yoast_head_json":{"title":"\u201cHay argentinos que viven sin los servicios b\u00e1sicos\u201d, dijo Benedetti al negar la \u201cd\u00e9cada ganada\u201d - Informe Litoral","robots":{"index":"index","follow":"follow","max-snippet":"max-snippet:-1","max-image-preview":"max-image-preview:large","max-video-preview":"max-video-preview:-1"},"canonical":"https:\/\/informelitoral.com.ar\/hay-argentinos-que-viven-sin-los-servicios-basicos-dijo-benedetti-al-negar-la-decada-ganada\/","og_locale":"es_ES","og_type":"article","og_title":"\u201cHay argentinos que viven sin los servicios b\u00e1sicos\u201d, dijo Benedetti al negar la \u201cd\u00e9cada ganada\u201d - Informe Litoral","og_description":"&ldquo;A pesar del discurso oficial, que repite que &eacute;sta fue una d&eacute;cada ganada, hay argentinos que viven sin los servicios b&aacute;sicos de luz, agua potable o cloacas&rdquo;, manifest&oacute; el candidato a senador nacional por la Lista 3, Atilio Benedetti. En su visita al Asentamiento La Bianca, en Concordia, el dirigente radical valor&oacute; el recibimiento de [&hellip;]","og_url":"https:\/\/informelitoral.com.ar\/hay-argentinos-que-viven-sin-los-servicios-basicos-dijo-benedetti-al-negar-la-decada-ganada\/","og_site_name":"Informe Litoral","article_publisher":"https:\/\/www.facebook.com\/informelitoral\/","article_published_time":"2013-09-23T00:37:41+00:00","og_image":[{"width":400,"height":344,"url":"https:\/\/informelitoral.com.ar\/%77%70%2d%63%6f%6e%74%65%6e%74\/uploads\/2013\/09\/benedetti1.jpg","type":"image\/jpeg"}],"author":"Gonzalo Schmidt","twitter_card":"summary_large_image","twitter_creator":"@InformeLitoral","twitter_site":"@InformeLitoral","twitter_misc":{"Escrito por":"Gonzalo Schmidt","Tiempo de lectura":"1 minuto"},"schema":{"@context":"https:\/\/schema.org","@graph":[{"@type":"Article","@id":"https:\/\/informelitoral.com.ar\/hay-argentinos-que-viven-sin-los-servicios-basicos-dijo-benedetti-al-negar-la-decada-ganada\/#article","isPartOf":{"@id":"https:\/\/informelitoral.com.ar\/hay-argentinos-que-viven-sin-los-servicios-basicos-dijo-benedetti-al-negar-la-decada-ganada\/"},"author":{"name":"Gonzalo Schmidt","@id":"https:\/\/informelitoral.com.ar\/#\/schema\/person\/b9d00407c836482871ef1d57bf8e3180"},"headline":"\u201cHay argentinos que viven sin los servicios b\u00e1sicos\u201d, dijo Benedetti al negar la \u201cd\u00e9cada ganada\u201d","datePublished":"2013-09-23T00:37:41+00:00","mainEntityOfPage":{"@id":"https:\/\/informelitoral.com.ar\/hay-argentinos-que-viven-sin-los-servicios-basicos-dijo-benedetti-al-negar-la-decada-ganada\/"},"wordCount":189,"commentCount":0,"publisher":{"@id":"https:\/\/informelitoral.com.ar\/#organization"},"image":{"@id":"https:\/\/informelitoral.com.ar\/hay-argentinos-que-viven-sin-los-servicios-basicos-dijo-benedetti-al-negar-la-decada-ganada\/#primaryimage"},"thumbnailUrl":"http:\/\/www.isletasnoticias.com.ar\/%77%70%2d%63%6f%6e%74%65%6e%74\/uploads\/2013\/09\/benedetti1-300x258.jpg","articleSection":["Entre R\u00edos","Politica"],"inLanguage":"es","potentialAction":[{"@type":"CommentAction","name":"Comment","target":["https:\/\/informelitoral.com.ar\/hay-argentinos-que-viven-sin-los-servicios-basicos-dijo-benedetti-al-negar-la-decada-ganada\/#respond"]}]},{"@type":"WebPage","@id":"https:\/\/informelitoral.com.ar\/hay-argentinos-que-viven-sin-los-servicios-basicos-dijo-benedetti-al-negar-la-decada-ganada\/","url":"https:\/\/informelitoral.com.ar\/hay-argentinos-que-viven-sin-los-servicios-basicos-dijo-benedetti-al-negar-la-decada-ganada\/","name":"\u201cHay argentinos que viven sin los servicios b\u00e1sicos\u201d, dijo Benedetti al negar la \u201cd\u00e9cada ganada\u201d - Informe Litoral","isPartOf":{"@id":"https:\/\/informelitoral.com.ar\/#website"},"primaryImageOfPage":{"@id":"https:\/\/informelitoral.com.ar\/hay-argentinos-que-viven-sin-los-servicios-basicos-dijo-benedetti-al-negar-la-decada-ganada\/#primaryimage"},"image":{"@id":"https:\/\/informelitoral.com.ar\/hay-argentinos-que-viven-sin-los-servicios-basicos-dijo-benedetti-al-negar-la-decada-ganada\/#primaryimage"},"thumbnailUrl":"http:\/\/www.isletasnoticias.com.ar\/%77%70%2d%63%6f%6e%74%65%6e%74\/uploads\/2013\/09\/benedetti1-300x258.jpg","datePublished":"2013-09-23T00:37:41+00:00","breadcrumb":{"@id":"https:\/\/informelitoral.com.ar\/hay-argentinos-que-viven-sin-los-servicios-basicos-dijo-benedetti-al-negar-la-decada-ganada\/#breadcrumb"},"inLanguage":"es","potentialAction":[{"@type":"ReadAction","target":["https:\/\/informelitoral.com.ar\/hay-argentinos-que-viven-sin-los-servicios-basicos-dijo-benedetti-al-negar-la-decada-ganada\/"]}]},{"@type":"ImageObject","inLanguage":"es","@id":"https:\/\/informelitoral.com.ar\/hay-argentinos-que-viven-sin-los-servicios-basicos-dijo-benedetti-al-negar-la-decada-ganada\/#primaryimage","url":"http:\/\/www.isletasnoticias.com.ar\/%77%70%2d%63%6f%6e%74%65%6e%74\/uploads\/2013\/09\/benedetti1-300x258.jpg","contentUrl":"http:\/\/www.isletasnoticias.com.ar\/%77%70%2d%63%6f%6e%74%65%6e%74\/uploads\/2013\/09\/benedetti1-300x258.jpg"},{"@type":"BreadcrumbList","@id":"https:\/\/informelitoral.com.ar\/hay-argentinos-que-viven-sin-los-servicios-basicos-dijo-benedetti-al-negar-la-decada-ganada\/#breadcrumb","itemListElement":[{"@type":"ListItem","position":1,"name":"Portada","item":"https:\/\/informelitoral.com.ar\/"},{"@type":"ListItem","position":2,"name":"\u201cHay argentinos que viven sin los servicios b\u00e1sicos\u201d, dijo Benedetti al negar la \u201cd\u00e9cada ganada\u201d"}]},{"@type":"WebSite","@id":"https:\/\/informelitoral.com.ar\/#website","url":"https:\/\/informelitoral.com.ar\/","name":"Informe Litoral","description":"&quot;Nos informamos&quot; ","publisher":{"@id":"https:\/\/informelitoral.com.ar\/#organization"},"potentialAction":[{"@type":"SearchAction","target":{"@type":"EntryPoint","urlTemplate":"https:\/\/informelitoral.com.ar\/?s={search_term_string}"},"query-input":{"@type":"PropertyValueSpecification","valueRequired":true,"valueName":"search_term_string"}}],"inLanguage":"es"},{"@type":"Organization","@id":"https:\/\/informelitoral.com.ar\/#organization","name":"Informe Litoral","url":"https:\/\/informelitoral.com.ar\/","logo":{"@type":"ImageObject","inLanguage":"es","@id":"https:\/\/informelitoral.com.ar\/#\/schema\/logo\/image\/","url":"https:\/\/informelitoral.com.ar\/%77%70%2d%63%6f%6e%74%65%6e%74\/uploads\/2021\/01\/circulo.png","contentUrl":"https:\/\/informelitoral.com.ar\/%77%70%2d%63%6f%6e%74%65%6e%74\/uploads\/2021\/01\/circulo.png","width":723,"height":731,"caption":"Informe Litoral"},"image":{"@id":"https:\/\/informelitoral.com.ar\/#\/schema\/logo\/image\/"},"sameAs":["https:\/\/www.facebook.com\/informelitoral\/","https:\/\/x.com\/InformeLitoral","https:\/\/www.instagram.com\/informelitoral\/","https:\/\/www.youtube.com\/channel\/UCua4Qvz8Icb6MYqhoq9xLXw"]},{"@type":"Person","@id":"https:\/\/informelitoral.com.ar\/#\/schema\/person\/b9d00407c836482871ef1d57bf8e3180","name":"Gonzalo Schmidt","image":{"@type":"ImageObject","inLanguage":"es","@id":"https:\/\/secure.gravatar.com\/avatar\/31a1a7b66ff2de83bd0e9fd79d026630d2d99e55e8bfe501287647b4fd9743de?s=96&d=mm&r=g","url":"https:\/\/secure.gravatar.com\/avatar\/31a1a7b66ff2de83bd0e9fd79d026630d2d99e55e8bfe501287647b4fd9743de?s=96&d=mm&r=g","contentUrl":"https:\/\/secure.gravatar.com\/avatar\/31a1a7b66ff2de83bd0e9fd79d026630d2d99e55e8bfe501287647b4fd9743de?s=96&d=mm&r=g","caption":"Gonzalo Schmidt"},"description":"Sitio web de noticias de la provincia de Entre R\u00edos, Argentina. Informaci\u00f3n y entretenimiento. Informe Litoral, nos informamos.","sameAs":["http:\/\/www.isletasnoticias.com.ar"],"url":"https:\/\/informelitoral.com.ar\/author\/gonzalo\/"}]}},"_links":{"self":[{"href":"https:\/\/informelitoral.com.ar\/%77%70%2d%6a%73%6f%6e\/wp\/v2\/posts\/3325","targetHints":{"allow":["GET"]}}],"collection":[{"href":"https:\/\/informelitoral.com.ar\/%77%70%2d%6a%73%6f%6e\/wp\/v2\/posts"}],"about":[{"href":"https:\/\/informelitoral.com.ar\/%77%70%2d%6a%73%6f%6e\/wp\/v2\/types\/post"}],"author":[{"embeddable":true,"href":"https:\/\/informelitoral.com.ar\/%77%70%2d%6a%73%6f%6e\/wp\/v2\/users\/2"}],"replies":[{"embeddable":true,"href":"https:\/\/informelitoral.com.ar\/%77%70%2d%6a%73%6f%6e\/wp\/v2\/comments?post=3325"}],"version-history":[{"count":0,"href":"https:\/\/informelitoral.com.ar\/%77%70%2d%6a%73%6f%6e\/wp\/v2\/posts\/3325\/revisions"}],"wp:attachment":[{"href":"https:\/\/informelitoral.com.ar\/%77%70%2d%6a%73%6f%6e\/wp\/v2\/media?parent=3325"}],"wp:term":[{"taxonomy":"category","embeddable":true,"href":"https:\/\/informelitoral.com.ar\/%77%70%2d%6a%73%6f%6e\/wp\/v2\/categories?post=3325"},{"taxonomy":"post_tag","embeddable":true,"href":"https:\/\/informelitoral.com.ar\/%77%70%2d%6a%73%6f%6e\/wp\/v2\/tags?post=3325"}],"curies":[{"name":"wp","href":"https:\/\/api.w.org\/{rel}","templated":true}]}}