{"id":33197,"date":"2019-04-22T06:11:15","date_gmt":"2019-04-22T09:11:15","guid":{"rendered":"https:\/\/www.isletasnoticias.com.ar\/?p=33197"},"modified":"2019-04-22T11:17:42","modified_gmt":"2019-04-22T14:17:42","slug":"embarcaron-24-mil-toneladas-de-arroz-a-granel-desde-concepcion-del-uruguay","status":"publish","type":"post","link":"https:\/\/informelitoral.com.ar\/embarcaron-24-mil-toneladas-de-arroz-a-granel-desde-concepcion-del-uruguay\/","title":{"rendered":"Embarcaron 24 mil toneladas de arroz a granel desde Concepci\u00f3n del Uruguay"},"content":{"rendered":"<p>Se trata de una operaci\u00f3n hist\u00f3rica para esta terminal portuaria entrerriana ya que se embarcaron 24 mil toneladas de arroz, una cifra que super\u00f3 todas las marcas anteriores que ten\u00edan cargas m\u00e1ximas de 12 mil toneladas en algunas oportunidades, y un promedio de 6 mil toneladas para la mayor\u00eda de las operaciones.<\/p>\n<p>Las caracter\u00edsticas del buque de 190 metros de eslora, y las prestaciones de las instalaciones portuarias, permitieron alcanzar esta cifra que demand\u00f3 el trabajo constante de todo el personal del Ente Portuario, adem\u00e1s de trabajadores de la estiba, camioneros, personal de la agencia mar\u00edtima, exportadores, peritos en granos y operarios t\u00e9cnicos en general.<\/p>\n<p>Este embarque en particular exigi\u00f3 un trabajo de enorme intensidad que llev\u00f3 al elevador terminal del puerto a trabajar las 24 horas de forma continua con la consiguiente exigencia a todo el sistema de plataformas de descarga, silos, norias, cintas transportadoras y tubos de embarque que prestaron el servicio de forma eficiente a lo largo de toda la semana de trabajo.<\/p>\n<p>Cabe se\u00f1alar que toda esta maquinaria tiene m\u00e1s de 40 a\u00f1os de antig\u00fcedad, pese a lo cual se desempe\u00f1o con eficiencia a lo largo de toda la operaci\u00f3n.<\/p>\n<p><a href=\"https:\/\/www.isletasnoticias.com.ar\/%77%70%2d%63%6f%6e%74%65%6e%74\/uploads\/2019\/04\/x_1555793345-1.jpg\"><img loading=\"lazy\" decoding=\"async\" class=\"aligncenter wp-image-33201 size-large\" src=\"https:\/\/www.isletasnoticias.com.ar\/%77%70%2d%63%6f%6e%74%65%6e%74\/uploads\/2019\/04\/x_1555793345-1-1024x576.jpg\" alt=\"\" width=\"696\" height=\"392\" srcset=\"https:\/\/informelitoral.com.ar\/%77%70%2d%63%6f%6e%74%65%6e%74\/uploads\/2019\/04\/x_1555793345-1-1024x576.jpg 1024w, https:\/\/informelitoral.com.ar\/%77%70%2d%63%6f%6e%74%65%6e%74\/uploads\/2019\/04\/x_1555793345-1-300x169.jpg 300w, https:\/\/informelitoral.com.ar\/%77%70%2d%63%6f%6e%74%65%6e%74\/uploads\/2019\/04\/x_1555793345-1-768x432.jpg 768w, https:\/\/informelitoral.com.ar\/%77%70%2d%63%6f%6e%74%65%6e%74\/uploads\/2019\/04\/x_1555793345-1-696x392.jpg 696w, https:\/\/informelitoral.com.ar\/%77%70%2d%63%6f%6e%74%65%6e%74\/uploads\/2019\/04\/x_1555793345-1-1068x601.jpg 1068w, https:\/\/informelitoral.com.ar\/%77%70%2d%63%6f%6e%74%65%6e%74\/uploads\/2019\/04\/x_1555793345-1-746x420.jpg 746w\" sizes=\"auto, (max-width: 696px) 100vw, 696px\" \/><\/a><\/p>\n<p>El presidente del Instituto Portuario Provincial de Entre R\u00edos, <strong>Carlos Schepens<\/strong>, indic\u00f3: \u201cHemos exigido el puerto al m\u00e1ximo y ha respondido\u201d, y agreg\u00f3 que se trata de \u201cun puerto dise\u00f1ado a principios del siglo XX que est\u00e1 trabajando con las exigencias del siglo XXI, est\u00e1 claro que necesitamos modernizar el sistema, el puerto est\u00e1 en marcha y hay que comenzar a adecuar todo al siglo XXI, con barcos m\u00e1s grandes, velocidades m\u00e1s altas y mayor eficiencia, en toda la provincia tenemos los puertos en movimiento, y las cargas del Puerto de Concepci\u00f3n del Uruguay hablan a las claras de que esto seguir\u00e1 creciendo, tenemos que trabajar en la modernizaci\u00f3n y lo debemos hacer con el puerto en marcha\u201d.<\/p>\n<p>El Nordic Stavanger zarpa del puerto de Concepci\u00f3n del Uruguay con 24 mil toneladas de arroz c\u00e1scara.<\/p>\n<p>Con cinco bodegas pr\u00e1cticamente completas, el Nordic Stavanger se suma a la grilla de buques que est\u00e1n ingresando a Concepci\u00f3n del Uruguay para la carga de diferentes tipos de material como son la madera, el arroz en bolsa y ahora el arroz a granel.<\/p>\n<p>Este es el s\u00e9ptimo buque que ingresa en estos primeros 100 d\u00edas del a\u00f1o, donde cinco de ellos salieron de esta terminal con troncos de madera de pino con destino a China, uno con arroz en bolsa hacia Irak, y este con arroz a granel hacia Costa Rica.<\/p>\n<p>Para los pr\u00f3ximos d\u00edas se aguarda el ingreso de un nuevo ultramarino para cargar madera, y m\u00e1s tarde estar\u00eda por confirmarse un nuevo carguero para graneles.<\/p>\n","protected":false},"excerpt":{"rendered":"<p>Se complet\u00f3 la carga del ultramarino Nordic Stavanger, que arrib\u00f3 al puerto de Concepci\u00f3n del Uruguay la semana pasada para comenzar de forma inmediata la carga de arroz c\u00e1scara a granel con destino a Costa Rica.<\/p>\n","protected":false},"author":2,"featured_media":33200,"comment_status":"open","ping_status":"open","sticky":false,"template":"","format":"standard","meta":{"fifu_image_url":"","fifu_image_alt":"","footnotes":""},"categories":[6],"tags":[171,81,83,120],"class_list":{"0":"post-33197","1":"post","2":"type-post","3":"status-publish","4":"format-standard","5":"has-post-thumbnail","7":"category-entre-rios","8":"tag-concepcion-del-uruguay","9":"tag-entre-rios","10":"tag-exportaciones","11":"tag-produccion"},"yoast_head":"<title>Embarcaron 24 mil toneladas de arroz a granel desde Concepci\u00f3n del Uruguay - Informe Litoral<\/title>\n<meta name=\"robots\" content=\"index, follow, max-snippet:-1, max-image-preview:large, max-video-preview:-1\" \/>\n<link rel=\"canonical\" href=\"https:\/\/informelitoral.com.ar\/embarcaron-24-mil-toneladas-de-arroz-a-granel-desde-concepcion-del-uruguay\/\" \/>\n<meta property=\"og:locale\" content=\"es_ES\" \/>\n<meta property=\"og:type\" content=\"article\" \/>\n<meta property=\"og:title\" content=\"Embarcaron 24 mil toneladas de arroz a granel desde Concepci\u00f3n del Uruguay - Informe Litoral\" \/>\n<meta property=\"og:description\" content=\"Se complet\u00f3 la carga del ultramarino Nordic Stavanger, que arrib\u00f3 al puerto de Concepci\u00f3n del Uruguay la semana pasada para comenzar de forma inmediata la carga de arroz c\u00e1scara a granel con destino a Costa Rica.\" \/>\n<meta property=\"og:url\" content=\"https:\/\/informelitoral.com.ar\/embarcaron-24-mil-toneladas-de-arroz-a-granel-desde-concepcion-del-uruguay\/\" \/>\n<meta property=\"og:site_name\" content=\"Informe Litoral\" \/>\n<meta property=\"article:publisher\" content=\"https:\/\/www.facebook.com\/informelitoral\/\" \/>\n<meta property=\"article:published_time\" content=\"2019-04-22T09:11:15+00:00\" \/>\n<meta property=\"article:modified_time\" content=\"2019-04-22T14:17:42+00:00\" \/>\n<meta property=\"og:image\" content=\"https:\/\/informelitoral.com.ar\/%77%70%2d%63%6f%6e%74%65%6e%74\/uploads\/2019\/04\/1555793491jpg-1.jpg\" \/>\n\t<meta property=\"og:image:width\" content=\"2044\" \/>\n\t<meta property=\"og:image:height\" content=\"1280\" \/>\n\t<meta property=\"og:image:type\" content=\"image\/jpeg\" \/>\n<meta name=\"author\" content=\"Gonzalo Schmidt\" \/>\n<meta name=\"twitter:card\" content=\"summary_large_image\" \/>\n<meta name=\"twitter:creator\" content=\"@InformeLitoral\" \/>\n<meta name=\"twitter:site\" content=\"@InformeLitoral\" \/>\n<meta name=\"twitter:label1\" content=\"Escrito por\" \/>\n\t<meta name=\"twitter:data1\" content=\"Gonzalo Schmidt\" \/>\n\t<meta name=\"twitter:label2\" content=\"Tiempo de lectura\" \/>\n\t<meta name=\"twitter:data2\" content=\"2 minutos\" \/>\n<script type=\"application\/ld+json\" class=\"yoast-schema-graph\">{\"@context\":\"https:\\\/\\\/schema.org\",\"@graph\":[{\"@type\":\"Article\",\"@id\":\"https:\\\/\\\/informelitoral.com.ar\\\/embarcaron-24-mil-toneladas-de-arroz-a-granel-desde-concepcion-del-uruguay\\\/#article\",\"isPartOf\":{\"@id\":\"https:\\\/\\\/informelitoral.com.ar\\\/embarcaron-24-mil-toneladas-de-arroz-a-granel-desde-concepcion-del-uruguay\\\/\"},\"author\":{\"name\":\"Gonzalo Schmidt\",\"@id\":\"https:\\\/\\\/informelitoral.com.ar\\\/#\\\/schema\\\/person\\\/b9d00407c836482871ef1d57bf8e3180\"},\"headline\":\"Embarcaron 24 mil toneladas de arroz a granel desde Concepci\u00f3n del Uruguay\",\"datePublished\":\"2019-04-22T09:11:15+00:00\",\"dateModified\":\"2019-04-22T14:17:42+00:00\",\"mainEntityOfPage\":{\"@id\":\"https:\\\/\\\/informelitoral.com.ar\\\/embarcaron-24-mil-toneladas-de-arroz-a-granel-desde-concepcion-del-uruguay\\\/\"},\"wordCount\":485,\"commentCount\":0,\"publisher\":{\"@id\":\"https:\\\/\\\/informelitoral.com.ar\\\/#organization\"},\"image\":{\"@id\":\"https:\\\/\\\/informelitoral.com.ar\\\/embarcaron-24-mil-toneladas-de-arroz-a-granel-desde-concepcion-del-uruguay\\\/#primaryimage\"},\"thumbnailUrl\":\"https:\\\/\\\/informelitoral.com.ar\\\/%77%70%2d%63%6f%6e%74%65%6e%74\\\/uploads\\\/2019\\\/04\\\/1555793491jpg-1.jpg\",\"keywords\":[\"Concepci\u00f3n del Uruguay\",\"Entre R\u00edos\",\"Exportaciones\",\"Producci\u00f3n\"],\"articleSection\":[\"Entre R\u00edos\"],\"inLanguage\":\"es\",\"potentialAction\":[{\"@type\":\"CommentAction\",\"name\":\"Comment\",\"target\":[\"https:\\\/\\\/informelitoral.com.ar\\\/embarcaron-24-mil-toneladas-de-arroz-a-granel-desde-concepcion-del-uruguay\\\/#respond\"]}]},{\"@type\":\"WebPage\",\"@id\":\"https:\\\/\\\/informelitoral.com.ar\\\/embarcaron-24-mil-toneladas-de-arroz-a-granel-desde-concepcion-del-uruguay\\\/\",\"url\":\"https:\\\/\\\/informelitoral.com.ar\\\/embarcaron-24-mil-toneladas-de-arroz-a-granel-desde-concepcion-del-uruguay\\\/\",\"name\":\"Embarcaron 24 mil toneladas de arroz a granel desde Concepci\u00f3n del Uruguay - Informe Litoral\",\"isPartOf\":{\"@id\":\"https:\\\/\\\/informelitoral.com.ar\\\/#website\"},\"primaryImageOfPage\":{\"@id\":\"https:\\\/\\\/informelitoral.com.ar\\\/embarcaron-24-mil-toneladas-de-arroz-a-granel-desde-concepcion-del-uruguay\\\/#primaryimage\"},\"image\":{\"@id\":\"https:\\\/\\\/informelitoral.com.ar\\\/embarcaron-24-mil-toneladas-de-arroz-a-granel-desde-concepcion-del-uruguay\\\/#primaryimage\"},\"thumbnailUrl\":\"https:\\\/\\\/informelitoral.com.ar\\\/%77%70%2d%63%6f%6e%74%65%6e%74\\\/uploads\\\/2019\\\/04\\\/1555793491jpg-1.jpg\",\"datePublished\":\"2019-04-22T09:11:15+00:00\",\"dateModified\":\"2019-04-22T14:17:42+00:00\",\"breadcrumb\":{\"@id\":\"https:\\\/\\\/informelitoral.com.ar\\\/embarcaron-24-mil-toneladas-de-arroz-a-granel-desde-concepcion-del-uruguay\\\/#breadcrumb\"},\"inLanguage\":\"es\",\"potentialAction\":[{\"@type\":\"ReadAction\",\"target\":[\"https:\\\/\\\/informelitoral.com.ar\\\/embarcaron-24-mil-toneladas-de-arroz-a-granel-desde-concepcion-del-uruguay\\\/\"]}]},{\"@type\":\"ImageObject\",\"inLanguage\":\"es\",\"@id\":\"https:\\\/\\\/informelitoral.com.ar\\\/embarcaron-24-mil-toneladas-de-arroz-a-granel-desde-concepcion-del-uruguay\\\/#primaryimage\",\"url\":\"https:\\\/\\\/informelitoral.com.ar\\\/%77%70%2d%63%6f%6e%74%65%6e%74\\\/uploads\\\/2019\\\/04\\\/1555793491jpg-1.jpg\",\"contentUrl\":\"https:\\\/\\\/informelitoral.com.ar\\\/%77%70%2d%63%6f%6e%74%65%6e%74\\\/uploads\\\/2019\\\/04\\\/1555793491jpg-1.jpg\",\"width\":2044,\"height\":1280,\"caption\":\"DCIM\\\/100MEDIA\\\/DJI_0125.JPG\"},{\"@type\":\"BreadcrumbList\",\"@id\":\"https:\\\/\\\/informelitoral.com.ar\\\/embarcaron-24-mil-toneladas-de-arroz-a-granel-desde-concepcion-del-uruguay\\\/#breadcrumb\",\"itemListElement\":[{\"@type\":\"ListItem\",\"position\":1,\"name\":\"Portada\",\"item\":\"https:\\\/\\\/informelitoral.com.ar\\\/\"},{\"@type\":\"ListItem\",\"position\":2,\"name\":\"Embarcaron 24 mil toneladas de arroz a granel desde Concepci\u00f3n del Uruguay\"}]},{\"@type\":\"WebSite\",\"@id\":\"https:\\\/\\\/informelitoral.com.ar\\\/#website\",\"url\":\"https:\\\/\\\/informelitoral.com.ar\\\/\",\"name\":\"Informe Litoral\",\"description\":\"&quot;Nos informamos&quot; \",\"publisher\":{\"@id\":\"https:\\\/\\\/informelitoral.com.ar\\\/#organization\"},\"potentialAction\":[{\"@type\":\"SearchAction\",\"target\":{\"@type\":\"EntryPoint\",\"urlTemplate\":\"https:\\\/\\\/informelitoral.com.ar\\\/?s={search_term_string}\"},\"query-input\":{\"@type\":\"PropertyValueSpecification\",\"valueRequired\":true,\"valueName\":\"search_term_string\"}}],\"inLanguage\":\"es\"},{\"@type\":\"Organization\",\"@id\":\"https:\\\/\\\/informelitoral.com.ar\\\/#organization\",\"name\":\"Informe Litoral\",\"url\":\"https:\\\/\\\/informelitoral.com.ar\\\/\",\"logo\":{\"@type\":\"ImageObject\",\"inLanguage\":\"es\",\"@id\":\"https:\\\/\\\/informelitoral.com.ar\\\/#\\\/schema\\\/logo\\\/image\\\/\",\"url\":\"https:\\\/\\\/informelitoral.com.ar\\\/%77%70%2d%63%6f%6e%74%65%6e%74\\\/uploads\\\/2021\\\/01\\\/circulo.png\",\"contentUrl\":\"https:\\\/\\\/informelitoral.com.ar\\\/%77%70%2d%63%6f%6e%74%65%6e%74\\\/uploads\\\/2021\\\/01\\\/circulo.png\",\"width\":723,\"height\":731,\"caption\":\"Informe Litoral\"},\"image\":{\"@id\":\"https:\\\/\\\/informelitoral.com.ar\\\/#\\\/schema\\\/logo\\\/image\\\/\"},\"sameAs\":[\"https:\\\/\\\/www.facebook.com\\\/informelitoral\\\/\",\"https:\\\/\\\/x.com\\\/InformeLitoral\",\"https:\\\/\\\/www.instagram.com\\\/informelitoral\\\/\",\"https:\\\/\\\/www.youtube.com\\\/channel\\\/UCua4Qvz8Icb6MYqhoq9xLXw\"]},{\"@type\":\"Person\",\"@id\":\"https:\\\/\\\/informelitoral.com.ar\\\/#\\\/schema\\\/person\\\/b9d00407c836482871ef1d57bf8e3180\",\"name\":\"Gonzalo Schmidt\",\"image\":{\"@type\":\"ImageObject\",\"inLanguage\":\"es\",\"@id\":\"https:\\\/\\\/secure.gravatar.com\\\/avatar\\\/31a1a7b66ff2de83bd0e9fd79d026630d2d99e55e8bfe501287647b4fd9743de?s=96&d=mm&r=g\",\"url\":\"https:\\\/\\\/secure.gravatar.com\\\/avatar\\\/31a1a7b66ff2de83bd0e9fd79d026630d2d99e55e8bfe501287647b4fd9743de?s=96&d=mm&r=g\",\"contentUrl\":\"https:\\\/\\\/secure.gravatar.com\\\/avatar\\\/31a1a7b66ff2de83bd0e9fd79d026630d2d99e55e8bfe501287647b4fd9743de?s=96&d=mm&r=g\",\"caption\":\"Gonzalo Schmidt\"},\"description\":\"Sitio web de noticias de la provincia de Entre R\u00edos, Argentina. Informaci\u00f3n y entretenimiento. Informe Litoral, nos informamos.\",\"sameAs\":[\"http:\\\/\\\/www.isletasnoticias.com.ar\"],\"url\":\"https:\\\/\\\/informelitoral.com.ar\\\/author\\\/gonzalo\\\/\"}]}<\/script>","yoast_head_json":{"title":"Embarcaron 24 mil toneladas de arroz a granel desde Concepci\u00f3n del Uruguay - Informe Litoral","robots":{"index":"index","follow":"follow","max-snippet":"max-snippet:-1","max-image-preview":"max-image-preview:large","max-video-preview":"max-video-preview:-1"},"canonical":"https:\/\/informelitoral.com.ar\/embarcaron-24-mil-toneladas-de-arroz-a-granel-desde-concepcion-del-uruguay\/","og_locale":"es_ES","og_type":"article","og_title":"Embarcaron 24 mil toneladas de arroz a granel desde Concepci\u00f3n del Uruguay - Informe Litoral","og_description":"Se complet\u00f3 la carga del ultramarino Nordic Stavanger, que arrib\u00f3 al puerto de Concepci\u00f3n del Uruguay la semana pasada para comenzar de forma inmediata la carga de arroz c\u00e1scara a granel con destino a Costa Rica.","og_url":"https:\/\/informelitoral.com.ar\/embarcaron-24-mil-toneladas-de-arroz-a-granel-desde-concepcion-del-uruguay\/","og_site_name":"Informe Litoral","article_publisher":"https:\/\/www.facebook.com\/informelitoral\/","article_published_time":"2019-04-22T09:11:15+00:00","article_modified_time":"2019-04-22T14:17:42+00:00","og_image":[{"width":2044,"height":1280,"url":"https:\/\/informelitoral.com.ar\/%77%70%2d%63%6f%6e%74%65%6e%74\/uploads\/2019\/04\/1555793491jpg-1.jpg","type":"image\/jpeg"}],"author":"Gonzalo Schmidt","twitter_card":"summary_large_image","twitter_creator":"@InformeLitoral","twitter_site":"@InformeLitoral","twitter_misc":{"Escrito por":"Gonzalo Schmidt","Tiempo de lectura":"2 minutos"},"schema":{"@context":"https:\/\/schema.org","@graph":[{"@type":"Article","@id":"https:\/\/informelitoral.com.ar\/embarcaron-24-mil-toneladas-de-arroz-a-granel-desde-concepcion-del-uruguay\/#article","isPartOf":{"@id":"https:\/\/informelitoral.com.ar\/embarcaron-24-mil-toneladas-de-arroz-a-granel-desde-concepcion-del-uruguay\/"},"author":{"name":"Gonzalo Schmidt","@id":"https:\/\/informelitoral.com.ar\/#\/schema\/person\/b9d00407c836482871ef1d57bf8e3180"},"headline":"Embarcaron 24 mil toneladas de arroz a granel desde Concepci\u00f3n del Uruguay","datePublished":"2019-04-22T09:11:15+00:00","dateModified":"2019-04-22T14:17:42+00:00","mainEntityOfPage":{"@id":"https:\/\/informelitoral.com.ar\/embarcaron-24-mil-toneladas-de-arroz-a-granel-desde-concepcion-del-uruguay\/"},"wordCount":485,"commentCount":0,"publisher":{"@id":"https:\/\/informelitoral.com.ar\/#organization"},"image":{"@id":"https:\/\/informelitoral.com.ar\/embarcaron-24-mil-toneladas-de-arroz-a-granel-desde-concepcion-del-uruguay\/#primaryimage"},"thumbnailUrl":"https:\/\/informelitoral.com.ar\/%77%70%2d%63%6f%6e%74%65%6e%74\/uploads\/2019\/04\/1555793491jpg-1.jpg","keywords":["Concepci\u00f3n del Uruguay","Entre R\u00edos","Exportaciones","Producci\u00f3n"],"articleSection":["Entre R\u00edos"],"inLanguage":"es","potentialAction":[{"@type":"CommentAction","name":"Comment","target":["https:\/\/informelitoral.com.ar\/embarcaron-24-mil-toneladas-de-arroz-a-granel-desde-concepcion-del-uruguay\/#respond"]}]},{"@type":"WebPage","@id":"https:\/\/informelitoral.com.ar\/embarcaron-24-mil-toneladas-de-arroz-a-granel-desde-concepcion-del-uruguay\/","url":"https:\/\/informelitoral.com.ar\/embarcaron-24-mil-toneladas-de-arroz-a-granel-desde-concepcion-del-uruguay\/","name":"Embarcaron 24 mil toneladas de arroz a granel desde Concepci\u00f3n del Uruguay - Informe Litoral","isPartOf":{"@id":"https:\/\/informelitoral.com.ar\/#website"},"primaryImageOfPage":{"@id":"https:\/\/informelitoral.com.ar\/embarcaron-24-mil-toneladas-de-arroz-a-granel-desde-concepcion-del-uruguay\/#primaryimage"},"image":{"@id":"https:\/\/informelitoral.com.ar\/embarcaron-24-mil-toneladas-de-arroz-a-granel-desde-concepcion-del-uruguay\/#primaryimage"},"thumbnailUrl":"https:\/\/informelitoral.com.ar\/%77%70%2d%63%6f%6e%74%65%6e%74\/uploads\/2019\/04\/1555793491jpg-1.jpg","datePublished":"2019-04-22T09:11:15+00:00","dateModified":"2019-04-22T14:17:42+00:00","breadcrumb":{"@id":"https:\/\/informelitoral.com.ar\/embarcaron-24-mil-toneladas-de-arroz-a-granel-desde-concepcion-del-uruguay\/#breadcrumb"},"inLanguage":"es","potentialAction":[{"@type":"ReadAction","target":["https:\/\/informelitoral.com.ar\/embarcaron-24-mil-toneladas-de-arroz-a-granel-desde-concepcion-del-uruguay\/"]}]},{"@type":"ImageObject","inLanguage":"es","@id":"https:\/\/informelitoral.com.ar\/embarcaron-24-mil-toneladas-de-arroz-a-granel-desde-concepcion-del-uruguay\/#primaryimage","url":"https:\/\/informelitoral.com.ar\/%77%70%2d%63%6f%6e%74%65%6e%74\/uploads\/2019\/04\/1555793491jpg-1.jpg","contentUrl":"https:\/\/informelitoral.com.ar\/%77%70%2d%63%6f%6e%74%65%6e%74\/uploads\/2019\/04\/1555793491jpg-1.jpg","width":2044,"height":1280,"caption":"DCIM\/100MEDIA\/DJI_0125.JPG"},{"@type":"BreadcrumbList","@id":"https:\/\/informelitoral.com.ar\/embarcaron-24-mil-toneladas-de-arroz-a-granel-desde-concepcion-del-uruguay\/#breadcrumb","itemListElement":[{"@type":"ListItem","position":1,"name":"Portada","item":"https:\/\/informelitoral.com.ar\/"},{"@type":"ListItem","position":2,"name":"Embarcaron 24 mil toneladas de arroz a granel desde Concepci\u00f3n del Uruguay"}]},{"@type":"WebSite","@id":"https:\/\/informelitoral.com.ar\/#website","url":"https:\/\/informelitoral.com.ar\/","name":"Informe Litoral","description":"&quot;Nos informamos&quot; ","publisher":{"@id":"https:\/\/informelitoral.com.ar\/#organization"},"potentialAction":[{"@type":"SearchAction","target":{"@type":"EntryPoint","urlTemplate":"https:\/\/informelitoral.com.ar\/?s={search_term_string}"},"query-input":{"@type":"PropertyValueSpecification","valueRequired":true,"valueName":"search_term_string"}}],"inLanguage":"es"},{"@type":"Organization","@id":"https:\/\/informelitoral.com.ar\/#organization","name":"Informe Litoral","url":"https:\/\/informelitoral.com.ar\/","logo":{"@type":"ImageObject","inLanguage":"es","@id":"https:\/\/informelitoral.com.ar\/#\/schema\/logo\/image\/","url":"https:\/\/informelitoral.com.ar\/%77%70%2d%63%6f%6e%74%65%6e%74\/uploads\/2021\/01\/circulo.png","contentUrl":"https:\/\/informelitoral.com.ar\/%77%70%2d%63%6f%6e%74%65%6e%74\/uploads\/2021\/01\/circulo.png","width":723,"height":731,"caption":"Informe Litoral"},"image":{"@id":"https:\/\/informelitoral.com.ar\/#\/schema\/logo\/image\/"},"sameAs":["https:\/\/www.facebook.com\/informelitoral\/","https:\/\/x.com\/InformeLitoral","https:\/\/www.instagram.com\/informelitoral\/","https:\/\/www.youtube.com\/channel\/UCua4Qvz8Icb6MYqhoq9xLXw"]},{"@type":"Person","@id":"https:\/\/informelitoral.com.ar\/#\/schema\/person\/b9d00407c836482871ef1d57bf8e3180","name":"Gonzalo Schmidt","image":{"@type":"ImageObject","inLanguage":"es","@id":"https:\/\/secure.gravatar.com\/avatar\/31a1a7b66ff2de83bd0e9fd79d026630d2d99e55e8bfe501287647b4fd9743de?s=96&d=mm&r=g","url":"https:\/\/secure.gravatar.com\/avatar\/31a1a7b66ff2de83bd0e9fd79d026630d2d99e55e8bfe501287647b4fd9743de?s=96&d=mm&r=g","contentUrl":"https:\/\/secure.gravatar.com\/avatar\/31a1a7b66ff2de83bd0e9fd79d026630d2d99e55e8bfe501287647b4fd9743de?s=96&d=mm&r=g","caption":"Gonzalo Schmidt"},"description":"Sitio web de noticias de la provincia de Entre R\u00edos, Argentina. Informaci\u00f3n y entretenimiento. Informe Litoral, nos informamos.","sameAs":["http:\/\/www.isletasnoticias.com.ar"],"url":"https:\/\/informelitoral.com.ar\/author\/gonzalo\/"}]}},"_links":{"self":[{"href":"https:\/\/informelitoral.com.ar\/%77%70%2d%6a%73%6f%6e\/wp\/v2\/posts\/33197","targetHints":{"allow":["GET"]}}],"collection":[{"href":"https:\/\/informelitoral.com.ar\/%77%70%2d%6a%73%6f%6e\/wp\/v2\/posts"}],"about":[{"href":"https:\/\/informelitoral.com.ar\/%77%70%2d%6a%73%6f%6e\/wp\/v2\/types\/post"}],"author":[{"embeddable":true,"href":"https:\/\/informelitoral.com.ar\/%77%70%2d%6a%73%6f%6e\/wp\/v2\/users\/2"}],"replies":[{"embeddable":true,"href":"https:\/\/informelitoral.com.ar\/%77%70%2d%6a%73%6f%6e\/wp\/v2\/comments?post=33197"}],"version-history":[{"count":0,"href":"https:\/\/informelitoral.com.ar\/%77%70%2d%6a%73%6f%6e\/wp\/v2\/posts\/33197\/revisions"}],"wp:featuredmedia":[{"embeddable":true,"href":"https:\/\/informelitoral.com.ar\/%77%70%2d%6a%73%6f%6e\/wp\/v2\/media\/33200"}],"wp:attachment":[{"href":"https:\/\/informelitoral.com.ar\/%77%70%2d%6a%73%6f%6e\/wp\/v2\/media?parent=33197"}],"wp:term":[{"taxonomy":"category","embeddable":true,"href":"https:\/\/informelitoral.com.ar\/%77%70%2d%6a%73%6f%6e\/wp\/v2\/categories?post=33197"},{"taxonomy":"post_tag","embeddable":true,"href":"https:\/\/informelitoral.com.ar\/%77%70%2d%6a%73%6f%6e\/wp\/v2\/tags?post=33197"}],"curies":[{"name":"wp","href":"https:\/\/api.w.org\/{rel}","templated":true}]}}