{"id":33142,"date":"2019-04-17T08:19:20","date_gmt":"2019-04-17T11:19:20","guid":{"rendered":"https:\/\/www.isletasnoticias.com.ar\/?p=33142"},"modified":"2019-04-17T08:19:20","modified_gmt":"2019-04-17T11:19:20","slug":"aclaran-que-el-campo-no-produce-la-inflacion","status":"publish","type":"post","link":"https:\/\/informelitoral.com.ar\/aclaran-que-el-campo-no-produce-la-inflacion\/","title":{"rendered":"Aclaran que el campo no produce la inflaci\u00f3n"},"content":{"rendered":"<p>El \u00edndice de inflaci\u00f3n que dio a conocer ayer el Indec y las malas proyecciones para el primer cuatrimestre del a\u00f1o no solo inquietan al gobierno, sino que preocupa a todos los ciudadanos.<\/p>\n<p>Como representantes de los productores de alimentos que operan en cooperativas de todo el pa\u00eds, desde <strong>CONINAGRO<\/strong> manifestaron \u00ab<strong>nuestra seria preocupaci\u00f3n no solo por la inflaci\u00f3n, que termina repercutiendo en nuestras empresas rurales y cooperativas, sino por la situaci\u00f3n social que \u00e9sta determina, generando marginaci\u00f3n y desarraigo<\/strong>\u00ab.<\/p>\n<p>Desde la entidad agropecuaria expresan que \u00ab<strong>frente a esta situaci\u00f3n necesitamos que la sociedad sepa que el campo no produce inflaci\u00f3n<\/strong>. De hecho, sobre un an\u00e1lisis que realizamos sobre una veintena de econom\u00edas regionales, est\u00e1 demostrado que la mayor\u00eda de ellas est\u00e1 en situaci\u00f3n de rojo, y salvo algunas excepciones, el productor recibe por su tarea, un valor que est\u00e1 muy por debajo de sus costos y de lo que se paga en g\u00f3ndola\u00bb.<\/p>\n<p>Desde el sector agropecuario cooperativo solicitan \u00ab<strong>un acuerdo amplio de varias medidas econ\u00f3micas entre todos los \u00e1mbitos p\u00fablicos y privados, que no sean electoralistas, sino que nos abra el camino a la planificaci\u00f3n de los sectores productivos.<\/strong> Acuerdos fiscales, tributarios, financieros, tarifarios, productivos, de trabajo y empleo\u00bb, enumeraron.<\/p>\n<p><strong>CONINAGRO propone un acuerdo de gobernabilidad para establecer bases para pol\u00edticas de estado de crecimiento y desarrollo sustentable.<\/strong> \u00abSer\u00eda un gran modo de terminar en forma ordenada este gobierno\u00bb, aseguran.<\/p>\n","protected":false},"excerpt":{"rendered":"<p>Desde la Confederaci\u00f3n Intercooperativa Agropecuaria Limitada (Coninagro) aseguran que \u00abla situaci\u00f3n social y productiva es muy delicada y merece el esfuerzo de todos los argentinos\u00bb. Remarcan que la mayor\u00eda de las econom\u00edas regionales est\u00e1n \u00aben rojo\u00bb y proponen un \u00abacuerdo de gobernabilidad\u00bb. <\/p>\n","protected":false},"author":2,"featured_media":26412,"comment_status":"open","ping_status":"open","sticky":false,"template":"","format":"standard","meta":{"fifu_image_url":"","fifu_image_alt":"","footnotes":""},"categories":[10],"tags":[71,95,120],"class_list":{"0":"post-33142","1":"post","2":"type-post","3":"status-publish","4":"format-standard","5":"has-post-thumbnail","7":"category-campo","8":"tag-campo","9":"tag-inflacion","10":"tag-produccion"},"yoast_head":"<title>Aclaran que el campo no produce la inflaci\u00f3n - Informe Litoral<\/title>\n<meta name=\"robots\" content=\"index, follow, max-snippet:-1, max-image-preview:large, max-video-preview:-1\" \/>\n<link rel=\"canonical\" href=\"https:\/\/informelitoral.com.ar\/aclaran-que-el-campo-no-produce-la-inflacion\/\" \/>\n<meta property=\"og:locale\" content=\"es_ES\" \/>\n<meta property=\"og:type\" content=\"article\" \/>\n<meta property=\"og:title\" content=\"Aclaran que el campo no produce la inflaci\u00f3n - Informe Litoral\" \/>\n<meta property=\"og:description\" content=\"Desde la Confederaci\u00f3n Intercooperativa Agropecuaria Limitada (Coninagro) aseguran que &quot;la situaci\u00f3n social y productiva es muy delicada y merece el esfuerzo de todos los argentinos&quot;. Remarcan que la mayor\u00eda de las econom\u00edas regionales est\u00e1n &quot;en rojo&quot; y proponen un &quot;acuerdo de gobernabilidad&quot;.\" \/>\n<meta property=\"og:url\" content=\"https:\/\/informelitoral.com.ar\/aclaran-que-el-campo-no-produce-la-inflacion\/\" \/>\n<meta property=\"og:site_name\" content=\"Informe Litoral\" \/>\n<meta property=\"article:publisher\" content=\"https:\/\/www.facebook.com\/informelitoral\/\" \/>\n<meta property=\"article:published_time\" content=\"2019-04-17T11:19:20+00:00\" \/>\n<meta property=\"og:image\" content=\"https:\/\/informelitoral.com.ar\/%77%70%2d%63%6f%6e%74%65%6e%74\/uploads\/2018\/04\/campo-argentino.jpg\" \/>\n\t<meta property=\"og:image:width\" content=\"900\" \/>\n\t<meta property=\"og:image:height\" content=\"600\" \/>\n\t<meta property=\"og:image:type\" content=\"image\/jpeg\" \/>\n<meta name=\"author\" content=\"Gonzalo Schmidt\" \/>\n<meta name=\"twitter:card\" content=\"summary_large_image\" \/>\n<meta name=\"twitter:creator\" content=\"@InformeLitoral\" \/>\n<meta name=\"twitter:site\" content=\"@InformeLitoral\" \/>\n<meta name=\"twitter:label1\" content=\"Escrito por\" \/>\n\t<meta name=\"twitter:data1\" content=\"Gonzalo Schmidt\" \/>\n\t<meta name=\"twitter:label2\" content=\"Tiempo de lectura\" \/>\n\t<meta name=\"twitter:data2\" content=\"1 minuto\" \/>\n<script type=\"application\/ld+json\" class=\"yoast-schema-graph\">{\"@context\":\"https:\\\/\\\/schema.org\",\"@graph\":[{\"@type\":\"Article\",\"@id\":\"https:\\\/\\\/informelitoral.com.ar\\\/aclaran-que-el-campo-no-produce-la-inflacion\\\/#article\",\"isPartOf\":{\"@id\":\"https:\\\/\\\/informelitoral.com.ar\\\/aclaran-que-el-campo-no-produce-la-inflacion\\\/\"},\"author\":{\"name\":\"Gonzalo Schmidt\",\"@id\":\"https:\\\/\\\/informelitoral.com.ar\\\/#\\\/schema\\\/person\\\/b9d00407c836482871ef1d57bf8e3180\"},\"headline\":\"Aclaran que el campo no produce la inflaci\u00f3n\",\"datePublished\":\"2019-04-17T11:19:20+00:00\",\"mainEntityOfPage\":{\"@id\":\"https:\\\/\\\/informelitoral.com.ar\\\/aclaran-que-el-campo-no-produce-la-inflacion\\\/\"},\"wordCount\":260,\"commentCount\":0,\"publisher\":{\"@id\":\"https:\\\/\\\/informelitoral.com.ar\\\/#organization\"},\"image\":{\"@id\":\"https:\\\/\\\/informelitoral.com.ar\\\/aclaran-que-el-campo-no-produce-la-inflacion\\\/#primaryimage\"},\"thumbnailUrl\":\"https:\\\/\\\/informelitoral.com.ar\\\/%77%70%2d%63%6f%6e%74%65%6e%74\\\/uploads\\\/2018\\\/04\\\/campo-argentino.jpg\",\"keywords\":[\"Campo\",\"Inflaci\u00f3n\",\"Producci\u00f3n\"],\"articleSection\":[\"Campo\"],\"inLanguage\":\"es\",\"potentialAction\":[{\"@type\":\"CommentAction\",\"name\":\"Comment\",\"target\":[\"https:\\\/\\\/informelitoral.com.ar\\\/aclaran-que-el-campo-no-produce-la-inflacion\\\/#respond\"]}]},{\"@type\":\"WebPage\",\"@id\":\"https:\\\/\\\/informelitoral.com.ar\\\/aclaran-que-el-campo-no-produce-la-inflacion\\\/\",\"url\":\"https:\\\/\\\/informelitoral.com.ar\\\/aclaran-que-el-campo-no-produce-la-inflacion\\\/\",\"name\":\"Aclaran que el campo no produce la inflaci\u00f3n - Informe Litoral\",\"isPartOf\":{\"@id\":\"https:\\\/\\\/informelitoral.com.ar\\\/#website\"},\"primaryImageOfPage\":{\"@id\":\"https:\\\/\\\/informelitoral.com.ar\\\/aclaran-que-el-campo-no-produce-la-inflacion\\\/#primaryimage\"},\"image\":{\"@id\":\"https:\\\/\\\/informelitoral.com.ar\\\/aclaran-que-el-campo-no-produce-la-inflacion\\\/#primaryimage\"},\"thumbnailUrl\":\"https:\\\/\\\/informelitoral.com.ar\\\/%77%70%2d%63%6f%6e%74%65%6e%74\\\/uploads\\\/2018\\\/04\\\/campo-argentino.jpg\",\"datePublished\":\"2019-04-17T11:19:20+00:00\",\"breadcrumb\":{\"@id\":\"https:\\\/\\\/informelitoral.com.ar\\\/aclaran-que-el-campo-no-produce-la-inflacion\\\/#breadcrumb\"},\"inLanguage\":\"es\",\"potentialAction\":[{\"@type\":\"ReadAction\",\"target\":[\"https:\\\/\\\/informelitoral.com.ar\\\/aclaran-que-el-campo-no-produce-la-inflacion\\\/\"]}]},{\"@type\":\"ImageObject\",\"inLanguage\":\"es\",\"@id\":\"https:\\\/\\\/informelitoral.com.ar\\\/aclaran-que-el-campo-no-produce-la-inflacion\\\/#primaryimage\",\"url\":\"https:\\\/\\\/informelitoral.com.ar\\\/%77%70%2d%63%6f%6e%74%65%6e%74\\\/uploads\\\/2018\\\/04\\\/campo-argentino.jpg\",\"contentUrl\":\"https:\\\/\\\/informelitoral.com.ar\\\/%77%70%2d%63%6f%6e%74%65%6e%74\\\/uploads\\\/2018\\\/04\\\/campo-argentino.jpg\",\"width\":900,\"height\":600},{\"@type\":\"BreadcrumbList\",\"@id\":\"https:\\\/\\\/informelitoral.com.ar\\\/aclaran-que-el-campo-no-produce-la-inflacion\\\/#breadcrumb\",\"itemListElement\":[{\"@type\":\"ListItem\",\"position\":1,\"name\":\"Portada\",\"item\":\"https:\\\/\\\/informelitoral.com.ar\\\/\"},{\"@type\":\"ListItem\",\"position\":2,\"name\":\"Aclaran que el campo no produce la inflaci\u00f3n\"}]},{\"@type\":\"WebSite\",\"@id\":\"https:\\\/\\\/informelitoral.com.ar\\\/#website\",\"url\":\"https:\\\/\\\/informelitoral.com.ar\\\/\",\"name\":\"Informe Litoral\",\"description\":\"&quot;Nos informamos&quot; \",\"publisher\":{\"@id\":\"https:\\\/\\\/informelitoral.com.ar\\\/#organization\"},\"potentialAction\":[{\"@type\":\"SearchAction\",\"target\":{\"@type\":\"EntryPoint\",\"urlTemplate\":\"https:\\\/\\\/informelitoral.com.ar\\\/?s={search_term_string}\"},\"query-input\":{\"@type\":\"PropertyValueSpecification\",\"valueRequired\":true,\"valueName\":\"search_term_string\"}}],\"inLanguage\":\"es\"},{\"@type\":\"Organization\",\"@id\":\"https:\\\/\\\/informelitoral.com.ar\\\/#organization\",\"name\":\"Informe Litoral\",\"url\":\"https:\\\/\\\/informelitoral.com.ar\\\/\",\"logo\":{\"@type\":\"ImageObject\",\"inLanguage\":\"es\",\"@id\":\"https:\\\/\\\/informelitoral.com.ar\\\/#\\\/schema\\\/logo\\\/image\\\/\",\"url\":\"https:\\\/\\\/informelitoral.com.ar\\\/%77%70%2d%63%6f%6e%74%65%6e%74\\\/uploads\\\/2021\\\/01\\\/circulo.png\",\"contentUrl\":\"https:\\\/\\\/informelitoral.com.ar\\\/%77%70%2d%63%6f%6e%74%65%6e%74\\\/uploads\\\/2021\\\/01\\\/circulo.png\",\"width\":723,\"height\":731,\"caption\":\"Informe Litoral\"},\"image\":{\"@id\":\"https:\\\/\\\/informelitoral.com.ar\\\/#\\\/schema\\\/logo\\\/image\\\/\"},\"sameAs\":[\"https:\\\/\\\/www.facebook.com\\\/informelitoral\\\/\",\"https:\\\/\\\/x.com\\\/InformeLitoral\",\"https:\\\/\\\/www.instagram.com\\\/informelitoral\\\/\",\"https:\\\/\\\/www.youtube.com\\\/channel\\\/UCua4Qvz8Icb6MYqhoq9xLXw\"]},{\"@type\":\"Person\",\"@id\":\"https:\\\/\\\/informelitoral.com.ar\\\/#\\\/schema\\\/person\\\/b9d00407c836482871ef1d57bf8e3180\",\"name\":\"Gonzalo Schmidt\",\"image\":{\"@type\":\"ImageObject\",\"inLanguage\":\"es\",\"@id\":\"https:\\\/\\\/secure.gravatar.com\\\/avatar\\\/31a1a7b66ff2de83bd0e9fd79d026630d2d99e55e8bfe501287647b4fd9743de?s=96&d=mm&r=g\",\"url\":\"https:\\\/\\\/secure.gravatar.com\\\/avatar\\\/31a1a7b66ff2de83bd0e9fd79d026630d2d99e55e8bfe501287647b4fd9743de?s=96&d=mm&r=g\",\"contentUrl\":\"https:\\\/\\\/secure.gravatar.com\\\/avatar\\\/31a1a7b66ff2de83bd0e9fd79d026630d2d99e55e8bfe501287647b4fd9743de?s=96&d=mm&r=g\",\"caption\":\"Gonzalo Schmidt\"},\"description\":\"Sitio web de noticias de la provincia de Entre R\u00edos, Argentina. Informaci\u00f3n y entretenimiento. Informe Litoral, nos informamos.\",\"sameAs\":[\"http:\\\/\\\/www.isletasnoticias.com.ar\"],\"url\":\"https:\\\/\\\/informelitoral.com.ar\\\/author\\\/gonzalo\\\/\"}]}<\/script>","yoast_head_json":{"title":"Aclaran que el campo no produce la inflaci\u00f3n - Informe Litoral","robots":{"index":"index","follow":"follow","max-snippet":"max-snippet:-1","max-image-preview":"max-image-preview:large","max-video-preview":"max-video-preview:-1"},"canonical":"https:\/\/informelitoral.com.ar\/aclaran-que-el-campo-no-produce-la-inflacion\/","og_locale":"es_ES","og_type":"article","og_title":"Aclaran que el campo no produce la inflaci\u00f3n - Informe Litoral","og_description":"Desde la Confederaci\u00f3n Intercooperativa Agropecuaria Limitada (Coninagro) aseguran que \"la situaci\u00f3n social y productiva es muy delicada y merece el esfuerzo de todos los argentinos\". Remarcan que la mayor\u00eda de las econom\u00edas regionales est\u00e1n \"en rojo\" y proponen un \"acuerdo de gobernabilidad\".","og_url":"https:\/\/informelitoral.com.ar\/aclaran-que-el-campo-no-produce-la-inflacion\/","og_site_name":"Informe Litoral","article_publisher":"https:\/\/www.facebook.com\/informelitoral\/","article_published_time":"2019-04-17T11:19:20+00:00","og_image":[{"width":900,"height":600,"url":"https:\/\/informelitoral.com.ar\/%77%70%2d%63%6f%6e%74%65%6e%74\/uploads\/2018\/04\/campo-argentino.jpg","type":"image\/jpeg"}],"author":"Gonzalo Schmidt","twitter_card":"summary_large_image","twitter_creator":"@InformeLitoral","twitter_site":"@InformeLitoral","twitter_misc":{"Escrito por":"Gonzalo Schmidt","Tiempo de lectura":"1 minuto"},"schema":{"@context":"https:\/\/schema.org","@graph":[{"@type":"Article","@id":"https:\/\/informelitoral.com.ar\/aclaran-que-el-campo-no-produce-la-inflacion\/#article","isPartOf":{"@id":"https:\/\/informelitoral.com.ar\/aclaran-que-el-campo-no-produce-la-inflacion\/"},"author":{"name":"Gonzalo Schmidt","@id":"https:\/\/informelitoral.com.ar\/#\/schema\/person\/b9d00407c836482871ef1d57bf8e3180"},"headline":"Aclaran que el campo no produce la inflaci\u00f3n","datePublished":"2019-04-17T11:19:20+00:00","mainEntityOfPage":{"@id":"https:\/\/informelitoral.com.ar\/aclaran-que-el-campo-no-produce-la-inflacion\/"},"wordCount":260,"commentCount":0,"publisher":{"@id":"https:\/\/informelitoral.com.ar\/#organization"},"image":{"@id":"https:\/\/informelitoral.com.ar\/aclaran-que-el-campo-no-produce-la-inflacion\/#primaryimage"},"thumbnailUrl":"https:\/\/informelitoral.com.ar\/%77%70%2d%63%6f%6e%74%65%6e%74\/uploads\/2018\/04\/campo-argentino.jpg","keywords":["Campo","Inflaci\u00f3n","Producci\u00f3n"],"articleSection":["Campo"],"inLanguage":"es","potentialAction":[{"@type":"CommentAction","name":"Comment","target":["https:\/\/informelitoral.com.ar\/aclaran-que-el-campo-no-produce-la-inflacion\/#respond"]}]},{"@type":"WebPage","@id":"https:\/\/informelitoral.com.ar\/aclaran-que-el-campo-no-produce-la-inflacion\/","url":"https:\/\/informelitoral.com.ar\/aclaran-que-el-campo-no-produce-la-inflacion\/","name":"Aclaran que el campo no produce la inflaci\u00f3n - Informe Litoral","isPartOf":{"@id":"https:\/\/informelitoral.com.ar\/#website"},"primaryImageOfPage":{"@id":"https:\/\/informelitoral.com.ar\/aclaran-que-el-campo-no-produce-la-inflacion\/#primaryimage"},"image":{"@id":"https:\/\/informelitoral.com.ar\/aclaran-que-el-campo-no-produce-la-inflacion\/#primaryimage"},"thumbnailUrl":"https:\/\/informelitoral.com.ar\/%77%70%2d%63%6f%6e%74%65%6e%74\/uploads\/2018\/04\/campo-argentino.jpg","datePublished":"2019-04-17T11:19:20+00:00","breadcrumb":{"@id":"https:\/\/informelitoral.com.ar\/aclaran-que-el-campo-no-produce-la-inflacion\/#breadcrumb"},"inLanguage":"es","potentialAction":[{"@type":"ReadAction","target":["https:\/\/informelitoral.com.ar\/aclaran-que-el-campo-no-produce-la-inflacion\/"]}]},{"@type":"ImageObject","inLanguage":"es","@id":"https:\/\/informelitoral.com.ar\/aclaran-que-el-campo-no-produce-la-inflacion\/#primaryimage","url":"https:\/\/informelitoral.com.ar\/%77%70%2d%63%6f%6e%74%65%6e%74\/uploads\/2018\/04\/campo-argentino.jpg","contentUrl":"https:\/\/informelitoral.com.ar\/%77%70%2d%63%6f%6e%74%65%6e%74\/uploads\/2018\/04\/campo-argentino.jpg","width":900,"height":600},{"@type":"BreadcrumbList","@id":"https:\/\/informelitoral.com.ar\/aclaran-que-el-campo-no-produce-la-inflacion\/#breadcrumb","itemListElement":[{"@type":"ListItem","position":1,"name":"Portada","item":"https:\/\/informelitoral.com.ar\/"},{"@type":"ListItem","position":2,"name":"Aclaran que el campo no produce la inflaci\u00f3n"}]},{"@type":"WebSite","@id":"https:\/\/informelitoral.com.ar\/#website","url":"https:\/\/informelitoral.com.ar\/","name":"Informe Litoral","description":"&quot;Nos informamos&quot; ","publisher":{"@id":"https:\/\/informelitoral.com.ar\/#organization"},"potentialAction":[{"@type":"SearchAction","target":{"@type":"EntryPoint","urlTemplate":"https:\/\/informelitoral.com.ar\/?s={search_term_string}"},"query-input":{"@type":"PropertyValueSpecification","valueRequired":true,"valueName":"search_term_string"}}],"inLanguage":"es"},{"@type":"Organization","@id":"https:\/\/informelitoral.com.ar\/#organization","name":"Informe Litoral","url":"https:\/\/informelitoral.com.ar\/","logo":{"@type":"ImageObject","inLanguage":"es","@id":"https:\/\/informelitoral.com.ar\/#\/schema\/logo\/image\/","url":"https:\/\/informelitoral.com.ar\/%77%70%2d%63%6f%6e%74%65%6e%74\/uploads\/2021\/01\/circulo.png","contentUrl":"https:\/\/informelitoral.com.ar\/%77%70%2d%63%6f%6e%74%65%6e%74\/uploads\/2021\/01\/circulo.png","width":723,"height":731,"caption":"Informe Litoral"},"image":{"@id":"https:\/\/informelitoral.com.ar\/#\/schema\/logo\/image\/"},"sameAs":["https:\/\/www.facebook.com\/informelitoral\/","https:\/\/x.com\/InformeLitoral","https:\/\/www.instagram.com\/informelitoral\/","https:\/\/www.youtube.com\/channel\/UCua4Qvz8Icb6MYqhoq9xLXw"]},{"@type":"Person","@id":"https:\/\/informelitoral.com.ar\/#\/schema\/person\/b9d00407c836482871ef1d57bf8e3180","name":"Gonzalo Schmidt","image":{"@type":"ImageObject","inLanguage":"es","@id":"https:\/\/secure.gravatar.com\/avatar\/31a1a7b66ff2de83bd0e9fd79d026630d2d99e55e8bfe501287647b4fd9743de?s=96&d=mm&r=g","url":"https:\/\/secure.gravatar.com\/avatar\/31a1a7b66ff2de83bd0e9fd79d026630d2d99e55e8bfe501287647b4fd9743de?s=96&d=mm&r=g","contentUrl":"https:\/\/secure.gravatar.com\/avatar\/31a1a7b66ff2de83bd0e9fd79d026630d2d99e55e8bfe501287647b4fd9743de?s=96&d=mm&r=g","caption":"Gonzalo Schmidt"},"description":"Sitio web de noticias de la provincia de Entre R\u00edos, Argentina. Informaci\u00f3n y entretenimiento. Informe Litoral, nos informamos.","sameAs":["http:\/\/www.isletasnoticias.com.ar"],"url":"https:\/\/informelitoral.com.ar\/author\/gonzalo\/"}]}},"_links":{"self":[{"href":"https:\/\/informelitoral.com.ar\/%77%70%2d%6a%73%6f%6e\/wp\/v2\/posts\/33142","targetHints":{"allow":["GET"]}}],"collection":[{"href":"https:\/\/informelitoral.com.ar\/%77%70%2d%6a%73%6f%6e\/wp\/v2\/posts"}],"about":[{"href":"https:\/\/informelitoral.com.ar\/%77%70%2d%6a%73%6f%6e\/wp\/v2\/types\/post"}],"author":[{"embeddable":true,"href":"https:\/\/informelitoral.com.ar\/%77%70%2d%6a%73%6f%6e\/wp\/v2\/users\/2"}],"replies":[{"embeddable":true,"href":"https:\/\/informelitoral.com.ar\/%77%70%2d%6a%73%6f%6e\/wp\/v2\/comments?post=33142"}],"version-history":[{"count":0,"href":"https:\/\/informelitoral.com.ar\/%77%70%2d%6a%73%6f%6e\/wp\/v2\/posts\/33142\/revisions"}],"wp:featuredmedia":[{"embeddable":true,"href":"https:\/\/informelitoral.com.ar\/%77%70%2d%6a%73%6f%6e\/wp\/v2\/media\/26412"}],"wp:attachment":[{"href":"https:\/\/informelitoral.com.ar\/%77%70%2d%6a%73%6f%6e\/wp\/v2\/media?parent=33142"}],"wp:term":[{"taxonomy":"category","embeddable":true,"href":"https:\/\/informelitoral.com.ar\/%77%70%2d%6a%73%6f%6e\/wp\/v2\/categories?post=33142"},{"taxonomy":"post_tag","embeddable":true,"href":"https:\/\/informelitoral.com.ar\/%77%70%2d%6a%73%6f%6e\/wp\/v2\/tags?post=33142"}],"curies":[{"name":"wp","href":"https:\/\/api.w.org\/{rel}","templated":true}]}}