{"id":33020,"date":"2019-04-11T08:46:11","date_gmt":"2019-04-11T11:46:11","guid":{"rendered":"https:\/\/www.isletasnoticias.com.ar\/?p=33020"},"modified":"2019-04-11T08:46:11","modified_gmt":"2019-04-11T11:46:11","slug":"preocupa-en-entre-rios-la-caida-del-uso-de-la-capacidad-instalada-a-cifras-de-2002","status":"publish","type":"post","link":"https:\/\/informelitoral.com.ar\/preocupa-en-entre-rios-la-caida-del-uso-de-la-capacidad-instalada-a-cifras-de-2002\/","title":{"rendered":"Preocupa en Entre R\u00edos la ca\u00edda del uso de la capacidad instalada a cifras de 2002"},"content":{"rendered":"<p>El Instituto Nacional de Estad\u00edstica y Censos (Indec) inform\u00f3 que el uso de la capacidad instalada de la industria en el pa\u00eds sigue deprimida y alcanz\u00f3 en febrero un promedio del 58,6%. Si bien registra una mejora del 2,3% en t\u00e9rminos mensuales, la cifra representa comparativamente niveles similares a los alcanzados durante el mismo mes de 2002.<\/p>\n<p>De acuerdo al relevamiento oficial, hubo sectores que estuvieron por debajo del promedio, algunos de los cuales tienen fuerte presencia en Entre R\u00edos. Precisamente, se trata de los productos alimenticios y bebidas (57,6%), edici\u00f3n e impresi\u00f3n (52,1%), productos de caucho y pl\u00e1stico (50,8%), productos textiles (43,2%), la industria automotriz (42,1%) y la industria metalmec\u00e1nica excepto automotores (42,0%).<\/p>\n<p>En este contexto,<strong> Leandro Garciand\u00eda<\/strong>, presidente de la Uni\u00f3n Industrial de Entre R\u00edos (UIER), lament\u00f3 que la industria vuelva a utilizar la misma capacidad que hace 17 a\u00f1os cuando la Argentina se enfrentaba a una de las peores crisis de la historia. \u201cEsto habla de niveles muy bajos que generan gran preocupaci\u00f3n\u201d, se\u00f1al\u00f3. En este sentido, solicit\u00f3 medidas concretas que reactiven la demanda del mercado interno y reimpulsen nuevamente la actividad de los sectores productivos y la econom\u00eda nacional y provincial.<\/p>\n<p>\u201cTener una utilizaci\u00f3n de la capacidad instalada del orden del 56, 57 o 58% genera una gran improductividad y, adem\u00e1s, habla a las claras de una restricci\u00f3n del mercado interno muy fuerte\u201d, cuestion\u00f3. En esta l\u00ednea, plante\u00f3 que la tasa de inter\u00e9s o el valor del d\u00f3lar son un problema que no s\u00f3lo afectan a la industria directamente, sino al mercado de consumo. Por ello, la entidad exige medidas que lo incentiven, que genere demanda y ponga en actividad a las industrias.<\/p>\n<p>Garciand\u00eda record\u00f3 que durante 2018 el sector perdi\u00f3 unos 61 mil puestos de trabajo y Entre R\u00edos tambi\u00e9n sinti\u00f3 este impacto. En este contexto, tambi\u00e9n consider\u00f3 que \u201cla alta tasa para financiamiento y la inflaci\u00f3n atentan contra el buen funcionamiento de las empresas que no pueden desarrollarse e invertir, pero el mayor impacto es en el consumo del mercado interno que no termina de arrancar\u201d. Por ello, remarc\u00f3 que \u201ces necesario pol\u00edticas que incentiven el consumo y pongan en marcha nuevamente la industria local\u201d.<\/p>\n","protected":false},"excerpt":{"rendered":"<p>\u201cHabla a las claras de una restricci\u00f3n del mercado interno muy fuerte\u201d, advirti\u00f3 Leandro Garciand\u00eda, presidente de la Uni\u00f3n Industrial de Entre R\u00edos. Ante esta situaci\u00f3n, la entidad solicita medidas concretas que permitan generar demanda y pongan en marcha nuevamente la actividad de las industrias locales.<\/p>\n","protected":false},"author":2,"featured_media":33021,"comment_status":"open","ping_status":"open","sticky":false,"template":"","format":"standard","meta":{"fifu_image_url":"","fifu_image_alt":"","footnotes":""},"categories":[6],"tags":[81,933,120],"class_list":{"0":"post-33020","1":"post","2":"type-post","3":"status-publish","4":"format-standard","5":"has-post-thumbnail","7":"category-entre-rios","8":"tag-entre-rios","9":"tag-industria","10":"tag-produccion"},"yoast_head":"<title>Preocupa en Entre R\u00edos la ca\u00edda del uso de la capacidad instalada a cifras de 2002 - Informe Litoral<\/title>\n<meta name=\"robots\" content=\"index, follow, max-snippet:-1, max-image-preview:large, max-video-preview:-1\" \/>\n<link rel=\"canonical\" href=\"https:\/\/informelitoral.com.ar\/preocupa-en-entre-rios-la-caida-del-uso-de-la-capacidad-instalada-a-cifras-de-2002\/\" \/>\n<meta property=\"og:locale\" content=\"es_ES\" \/>\n<meta property=\"og:type\" content=\"article\" \/>\n<meta property=\"og:title\" content=\"Preocupa en Entre R\u00edos la ca\u00edda del uso de la capacidad instalada a cifras de 2002 - Informe Litoral\" \/>\n<meta property=\"og:description\" content=\"\u201cHabla a las claras de una restricci\u00f3n del mercado interno muy fuerte\u201d, advirti\u00f3 Leandro Garciand\u00eda, presidente de la Uni\u00f3n Industrial de Entre R\u00edos. Ante esta situaci\u00f3n, la entidad solicita medidas concretas que permitan generar demanda y pongan en marcha nuevamente la actividad de las industrias locales.\" \/>\n<meta property=\"og:url\" content=\"https:\/\/informelitoral.com.ar\/preocupa-en-entre-rios-la-caida-del-uso-de-la-capacidad-instalada-a-cifras-de-2002\/\" \/>\n<meta property=\"og:site_name\" content=\"Informe Litoral\" \/>\n<meta property=\"article:publisher\" content=\"https:\/\/www.facebook.com\/informelitoral\/\" \/>\n<meta property=\"article:published_time\" content=\"2019-04-11T11:46:11+00:00\" \/>\n<meta property=\"og:image\" content=\"https:\/\/informelitoral.com.ar\/%77%70%2d%63%6f%6e%74%65%6e%74\/uploads\/2019\/04\/9efa1802-4aed-4663-a28d-ebe35214611d.jpeg\" \/>\n\t<meta property=\"og:image:width\" content=\"900\" \/>\n\t<meta property=\"og:image:height\" content=\"506\" \/>\n\t<meta property=\"og:image:type\" content=\"image\/jpeg\" \/>\n<meta name=\"author\" content=\"Gonzalo Schmidt\" \/>\n<meta name=\"twitter:card\" content=\"summary_large_image\" \/>\n<meta name=\"twitter:creator\" content=\"@InformeLitoral\" \/>\n<meta name=\"twitter:site\" content=\"@InformeLitoral\" \/>\n<meta name=\"twitter:label1\" content=\"Escrito por\" \/>\n\t<meta name=\"twitter:data1\" content=\"Gonzalo Schmidt\" \/>\n\t<meta name=\"twitter:label2\" content=\"Tiempo de lectura\" \/>\n\t<meta name=\"twitter:data2\" content=\"2 minutos\" \/>\n<script type=\"application\/ld+json\" class=\"yoast-schema-graph\">{\"@context\":\"https:\\\/\\\/schema.org\",\"@graph\":[{\"@type\":\"Article\",\"@id\":\"https:\\\/\\\/informelitoral.com.ar\\\/preocupa-en-entre-rios-la-caida-del-uso-de-la-capacidad-instalada-a-cifras-de-2002\\\/#article\",\"isPartOf\":{\"@id\":\"https:\\\/\\\/informelitoral.com.ar\\\/preocupa-en-entre-rios-la-caida-del-uso-de-la-capacidad-instalada-a-cifras-de-2002\\\/\"},\"author\":{\"name\":\"Gonzalo Schmidt\",\"@id\":\"https:\\\/\\\/informelitoral.com.ar\\\/#\\\/schema\\\/person\\\/b9d00407c836482871ef1d57bf8e3180\"},\"headline\":\"Preocupa en Entre R\u00edos la ca\u00edda del uso de la capacidad instalada a cifras de 2002\",\"datePublished\":\"2019-04-11T11:46:11+00:00\",\"mainEntityOfPage\":{\"@id\":\"https:\\\/\\\/informelitoral.com.ar\\\/preocupa-en-entre-rios-la-caida-del-uso-de-la-capacidad-instalada-a-cifras-de-2002\\\/\"},\"wordCount\":391,\"commentCount\":0,\"publisher\":{\"@id\":\"https:\\\/\\\/informelitoral.com.ar\\\/#organization\"},\"image\":{\"@id\":\"https:\\\/\\\/informelitoral.com.ar\\\/preocupa-en-entre-rios-la-caida-del-uso-de-la-capacidad-instalada-a-cifras-de-2002\\\/#primaryimage\"},\"thumbnailUrl\":\"https:\\\/\\\/informelitoral.com.ar\\\/%77%70%2d%63%6f%6e%74%65%6e%74\\\/uploads\\\/2019\\\/04\\\/9efa1802-4aed-4663-a28d-ebe35214611d.jpeg\",\"keywords\":[\"Entre R\u00edos\",\"Industria\",\"Producci\u00f3n\"],\"articleSection\":[\"Entre R\u00edos\"],\"inLanguage\":\"es\",\"potentialAction\":[{\"@type\":\"CommentAction\",\"name\":\"Comment\",\"target\":[\"https:\\\/\\\/informelitoral.com.ar\\\/preocupa-en-entre-rios-la-caida-del-uso-de-la-capacidad-instalada-a-cifras-de-2002\\\/#respond\"]}]},{\"@type\":\"WebPage\",\"@id\":\"https:\\\/\\\/informelitoral.com.ar\\\/preocupa-en-entre-rios-la-caida-del-uso-de-la-capacidad-instalada-a-cifras-de-2002\\\/\",\"url\":\"https:\\\/\\\/informelitoral.com.ar\\\/preocupa-en-entre-rios-la-caida-del-uso-de-la-capacidad-instalada-a-cifras-de-2002\\\/\",\"name\":\"Preocupa en Entre R\u00edos la ca\u00edda del uso de la capacidad instalada a cifras de 2002 - Informe Litoral\",\"isPartOf\":{\"@id\":\"https:\\\/\\\/informelitoral.com.ar\\\/#website\"},\"primaryImageOfPage\":{\"@id\":\"https:\\\/\\\/informelitoral.com.ar\\\/preocupa-en-entre-rios-la-caida-del-uso-de-la-capacidad-instalada-a-cifras-de-2002\\\/#primaryimage\"},\"image\":{\"@id\":\"https:\\\/\\\/informelitoral.com.ar\\\/preocupa-en-entre-rios-la-caida-del-uso-de-la-capacidad-instalada-a-cifras-de-2002\\\/#primaryimage\"},\"thumbnailUrl\":\"https:\\\/\\\/informelitoral.com.ar\\\/%77%70%2d%63%6f%6e%74%65%6e%74\\\/uploads\\\/2019\\\/04\\\/9efa1802-4aed-4663-a28d-ebe35214611d.jpeg\",\"datePublished\":\"2019-04-11T11:46:11+00:00\",\"breadcrumb\":{\"@id\":\"https:\\\/\\\/informelitoral.com.ar\\\/preocupa-en-entre-rios-la-caida-del-uso-de-la-capacidad-instalada-a-cifras-de-2002\\\/#breadcrumb\"},\"inLanguage\":\"es\",\"potentialAction\":[{\"@type\":\"ReadAction\",\"target\":[\"https:\\\/\\\/informelitoral.com.ar\\\/preocupa-en-entre-rios-la-caida-del-uso-de-la-capacidad-instalada-a-cifras-de-2002\\\/\"]}]},{\"@type\":\"ImageObject\",\"inLanguage\":\"es\",\"@id\":\"https:\\\/\\\/informelitoral.com.ar\\\/preocupa-en-entre-rios-la-caida-del-uso-de-la-capacidad-instalada-a-cifras-de-2002\\\/#primaryimage\",\"url\":\"https:\\\/\\\/informelitoral.com.ar\\\/%77%70%2d%63%6f%6e%74%65%6e%74\\\/uploads\\\/2019\\\/04\\\/9efa1802-4aed-4663-a28d-ebe35214611d.jpeg\",\"contentUrl\":\"https:\\\/\\\/informelitoral.com.ar\\\/%77%70%2d%63%6f%6e%74%65%6e%74\\\/uploads\\\/2019\\\/04\\\/9efa1802-4aed-4663-a28d-ebe35214611d.jpeg\",\"width\":900,\"height\":506},{\"@type\":\"BreadcrumbList\",\"@id\":\"https:\\\/\\\/informelitoral.com.ar\\\/preocupa-en-entre-rios-la-caida-del-uso-de-la-capacidad-instalada-a-cifras-de-2002\\\/#breadcrumb\",\"itemListElement\":[{\"@type\":\"ListItem\",\"position\":1,\"name\":\"Portada\",\"item\":\"https:\\\/\\\/informelitoral.com.ar\\\/\"},{\"@type\":\"ListItem\",\"position\":2,\"name\":\"Preocupa en Entre R\u00edos la ca\u00edda del uso de la capacidad instalada a cifras de 2002\"}]},{\"@type\":\"WebSite\",\"@id\":\"https:\\\/\\\/informelitoral.com.ar\\\/#website\",\"url\":\"https:\\\/\\\/informelitoral.com.ar\\\/\",\"name\":\"Informe Litoral\",\"description\":\"&quot;Nos informamos&quot; \",\"publisher\":{\"@id\":\"https:\\\/\\\/informelitoral.com.ar\\\/#organization\"},\"potentialAction\":[{\"@type\":\"SearchAction\",\"target\":{\"@type\":\"EntryPoint\",\"urlTemplate\":\"https:\\\/\\\/informelitoral.com.ar\\\/?s={search_term_string}\"},\"query-input\":{\"@type\":\"PropertyValueSpecification\",\"valueRequired\":true,\"valueName\":\"search_term_string\"}}],\"inLanguage\":\"es\"},{\"@type\":\"Organization\",\"@id\":\"https:\\\/\\\/informelitoral.com.ar\\\/#organization\",\"name\":\"Informe Litoral\",\"url\":\"https:\\\/\\\/informelitoral.com.ar\\\/\",\"logo\":{\"@type\":\"ImageObject\",\"inLanguage\":\"es\",\"@id\":\"https:\\\/\\\/informelitoral.com.ar\\\/#\\\/schema\\\/logo\\\/image\\\/\",\"url\":\"https:\\\/\\\/informelitoral.com.ar\\\/%77%70%2d%63%6f%6e%74%65%6e%74\\\/uploads\\\/2021\\\/01\\\/circulo.png\",\"contentUrl\":\"https:\\\/\\\/informelitoral.com.ar\\\/%77%70%2d%63%6f%6e%74%65%6e%74\\\/uploads\\\/2021\\\/01\\\/circulo.png\",\"width\":723,\"height\":731,\"caption\":\"Informe Litoral\"},\"image\":{\"@id\":\"https:\\\/\\\/informelitoral.com.ar\\\/#\\\/schema\\\/logo\\\/image\\\/\"},\"sameAs\":[\"https:\\\/\\\/www.facebook.com\\\/informelitoral\\\/\",\"https:\\\/\\\/x.com\\\/InformeLitoral\",\"https:\\\/\\\/www.instagram.com\\\/informelitoral\\\/\",\"https:\\\/\\\/www.youtube.com\\\/channel\\\/UCua4Qvz8Icb6MYqhoq9xLXw\"]},{\"@type\":\"Person\",\"@id\":\"https:\\\/\\\/informelitoral.com.ar\\\/#\\\/schema\\\/person\\\/b9d00407c836482871ef1d57bf8e3180\",\"name\":\"Gonzalo Schmidt\",\"image\":{\"@type\":\"ImageObject\",\"inLanguage\":\"es\",\"@id\":\"https:\\\/\\\/secure.gravatar.com\\\/avatar\\\/31a1a7b66ff2de83bd0e9fd79d026630d2d99e55e8bfe501287647b4fd9743de?s=96&d=mm&r=g\",\"url\":\"https:\\\/\\\/secure.gravatar.com\\\/avatar\\\/31a1a7b66ff2de83bd0e9fd79d026630d2d99e55e8bfe501287647b4fd9743de?s=96&d=mm&r=g\",\"contentUrl\":\"https:\\\/\\\/secure.gravatar.com\\\/avatar\\\/31a1a7b66ff2de83bd0e9fd79d026630d2d99e55e8bfe501287647b4fd9743de?s=96&d=mm&r=g\",\"caption\":\"Gonzalo Schmidt\"},\"description\":\"Sitio web de noticias de la provincia de Entre R\u00edos, Argentina. Informaci\u00f3n y entretenimiento. Informe Litoral, nos informamos.\",\"sameAs\":[\"http:\\\/\\\/www.isletasnoticias.com.ar\"],\"url\":\"https:\\\/\\\/informelitoral.com.ar\\\/author\\\/gonzalo\\\/\"}]}<\/script>","yoast_head_json":{"title":"Preocupa en Entre R\u00edos la ca\u00edda del uso de la capacidad instalada a cifras de 2002 - Informe Litoral","robots":{"index":"index","follow":"follow","max-snippet":"max-snippet:-1","max-image-preview":"max-image-preview:large","max-video-preview":"max-video-preview:-1"},"canonical":"https:\/\/informelitoral.com.ar\/preocupa-en-entre-rios-la-caida-del-uso-de-la-capacidad-instalada-a-cifras-de-2002\/","og_locale":"es_ES","og_type":"article","og_title":"Preocupa en Entre R\u00edos la ca\u00edda del uso de la capacidad instalada a cifras de 2002 - Informe Litoral","og_description":"\u201cHabla a las claras de una restricci\u00f3n del mercado interno muy fuerte\u201d, advirti\u00f3 Leandro Garciand\u00eda, presidente de la Uni\u00f3n Industrial de Entre R\u00edos. Ante esta situaci\u00f3n, la entidad solicita medidas concretas que permitan generar demanda y pongan en marcha nuevamente la actividad de las industrias locales.","og_url":"https:\/\/informelitoral.com.ar\/preocupa-en-entre-rios-la-caida-del-uso-de-la-capacidad-instalada-a-cifras-de-2002\/","og_site_name":"Informe Litoral","article_publisher":"https:\/\/www.facebook.com\/informelitoral\/","article_published_time":"2019-04-11T11:46:11+00:00","og_image":[{"width":900,"height":506,"url":"https:\/\/informelitoral.com.ar\/%77%70%2d%63%6f%6e%74%65%6e%74\/uploads\/2019\/04\/9efa1802-4aed-4663-a28d-ebe35214611d.jpeg","type":"image\/jpeg"}],"author":"Gonzalo Schmidt","twitter_card":"summary_large_image","twitter_creator":"@InformeLitoral","twitter_site":"@InformeLitoral","twitter_misc":{"Escrito por":"Gonzalo Schmidt","Tiempo de lectura":"2 minutos"},"schema":{"@context":"https:\/\/schema.org","@graph":[{"@type":"Article","@id":"https:\/\/informelitoral.com.ar\/preocupa-en-entre-rios-la-caida-del-uso-de-la-capacidad-instalada-a-cifras-de-2002\/#article","isPartOf":{"@id":"https:\/\/informelitoral.com.ar\/preocupa-en-entre-rios-la-caida-del-uso-de-la-capacidad-instalada-a-cifras-de-2002\/"},"author":{"name":"Gonzalo Schmidt","@id":"https:\/\/informelitoral.com.ar\/#\/schema\/person\/b9d00407c836482871ef1d57bf8e3180"},"headline":"Preocupa en Entre R\u00edos la ca\u00edda del uso de la capacidad instalada a cifras de 2002","datePublished":"2019-04-11T11:46:11+00:00","mainEntityOfPage":{"@id":"https:\/\/informelitoral.com.ar\/preocupa-en-entre-rios-la-caida-del-uso-de-la-capacidad-instalada-a-cifras-de-2002\/"},"wordCount":391,"commentCount":0,"publisher":{"@id":"https:\/\/informelitoral.com.ar\/#organization"},"image":{"@id":"https:\/\/informelitoral.com.ar\/preocupa-en-entre-rios-la-caida-del-uso-de-la-capacidad-instalada-a-cifras-de-2002\/#primaryimage"},"thumbnailUrl":"https:\/\/informelitoral.com.ar\/%77%70%2d%63%6f%6e%74%65%6e%74\/uploads\/2019\/04\/9efa1802-4aed-4663-a28d-ebe35214611d.jpeg","keywords":["Entre R\u00edos","Industria","Producci\u00f3n"],"articleSection":["Entre R\u00edos"],"inLanguage":"es","potentialAction":[{"@type":"CommentAction","name":"Comment","target":["https:\/\/informelitoral.com.ar\/preocupa-en-entre-rios-la-caida-del-uso-de-la-capacidad-instalada-a-cifras-de-2002\/#respond"]}]},{"@type":"WebPage","@id":"https:\/\/informelitoral.com.ar\/preocupa-en-entre-rios-la-caida-del-uso-de-la-capacidad-instalada-a-cifras-de-2002\/","url":"https:\/\/informelitoral.com.ar\/preocupa-en-entre-rios-la-caida-del-uso-de-la-capacidad-instalada-a-cifras-de-2002\/","name":"Preocupa en Entre R\u00edos la ca\u00edda del uso de la capacidad instalada a cifras de 2002 - Informe Litoral","isPartOf":{"@id":"https:\/\/informelitoral.com.ar\/#website"},"primaryImageOfPage":{"@id":"https:\/\/informelitoral.com.ar\/preocupa-en-entre-rios-la-caida-del-uso-de-la-capacidad-instalada-a-cifras-de-2002\/#primaryimage"},"image":{"@id":"https:\/\/informelitoral.com.ar\/preocupa-en-entre-rios-la-caida-del-uso-de-la-capacidad-instalada-a-cifras-de-2002\/#primaryimage"},"thumbnailUrl":"https:\/\/informelitoral.com.ar\/%77%70%2d%63%6f%6e%74%65%6e%74\/uploads\/2019\/04\/9efa1802-4aed-4663-a28d-ebe35214611d.jpeg","datePublished":"2019-04-11T11:46:11+00:00","breadcrumb":{"@id":"https:\/\/informelitoral.com.ar\/preocupa-en-entre-rios-la-caida-del-uso-de-la-capacidad-instalada-a-cifras-de-2002\/#breadcrumb"},"inLanguage":"es","potentialAction":[{"@type":"ReadAction","target":["https:\/\/informelitoral.com.ar\/preocupa-en-entre-rios-la-caida-del-uso-de-la-capacidad-instalada-a-cifras-de-2002\/"]}]},{"@type":"ImageObject","inLanguage":"es","@id":"https:\/\/informelitoral.com.ar\/preocupa-en-entre-rios-la-caida-del-uso-de-la-capacidad-instalada-a-cifras-de-2002\/#primaryimage","url":"https:\/\/informelitoral.com.ar\/%77%70%2d%63%6f%6e%74%65%6e%74\/uploads\/2019\/04\/9efa1802-4aed-4663-a28d-ebe35214611d.jpeg","contentUrl":"https:\/\/informelitoral.com.ar\/%77%70%2d%63%6f%6e%74%65%6e%74\/uploads\/2019\/04\/9efa1802-4aed-4663-a28d-ebe35214611d.jpeg","width":900,"height":506},{"@type":"BreadcrumbList","@id":"https:\/\/informelitoral.com.ar\/preocupa-en-entre-rios-la-caida-del-uso-de-la-capacidad-instalada-a-cifras-de-2002\/#breadcrumb","itemListElement":[{"@type":"ListItem","position":1,"name":"Portada","item":"https:\/\/informelitoral.com.ar\/"},{"@type":"ListItem","position":2,"name":"Preocupa en Entre R\u00edos la ca\u00edda del uso de la capacidad instalada a cifras de 2002"}]},{"@type":"WebSite","@id":"https:\/\/informelitoral.com.ar\/#website","url":"https:\/\/informelitoral.com.ar\/","name":"Informe Litoral","description":"&quot;Nos informamos&quot; ","publisher":{"@id":"https:\/\/informelitoral.com.ar\/#organization"},"potentialAction":[{"@type":"SearchAction","target":{"@type":"EntryPoint","urlTemplate":"https:\/\/informelitoral.com.ar\/?s={search_term_string}"},"query-input":{"@type":"PropertyValueSpecification","valueRequired":true,"valueName":"search_term_string"}}],"inLanguage":"es"},{"@type":"Organization","@id":"https:\/\/informelitoral.com.ar\/#organization","name":"Informe Litoral","url":"https:\/\/informelitoral.com.ar\/","logo":{"@type":"ImageObject","inLanguage":"es","@id":"https:\/\/informelitoral.com.ar\/#\/schema\/logo\/image\/","url":"https:\/\/informelitoral.com.ar\/%77%70%2d%63%6f%6e%74%65%6e%74\/uploads\/2021\/01\/circulo.png","contentUrl":"https:\/\/informelitoral.com.ar\/%77%70%2d%63%6f%6e%74%65%6e%74\/uploads\/2021\/01\/circulo.png","width":723,"height":731,"caption":"Informe Litoral"},"image":{"@id":"https:\/\/informelitoral.com.ar\/#\/schema\/logo\/image\/"},"sameAs":["https:\/\/www.facebook.com\/informelitoral\/","https:\/\/x.com\/InformeLitoral","https:\/\/www.instagram.com\/informelitoral\/","https:\/\/www.youtube.com\/channel\/UCua4Qvz8Icb6MYqhoq9xLXw"]},{"@type":"Person","@id":"https:\/\/informelitoral.com.ar\/#\/schema\/person\/b9d00407c836482871ef1d57bf8e3180","name":"Gonzalo Schmidt","image":{"@type":"ImageObject","inLanguage":"es","@id":"https:\/\/secure.gravatar.com\/avatar\/31a1a7b66ff2de83bd0e9fd79d026630d2d99e55e8bfe501287647b4fd9743de?s=96&d=mm&r=g","url":"https:\/\/secure.gravatar.com\/avatar\/31a1a7b66ff2de83bd0e9fd79d026630d2d99e55e8bfe501287647b4fd9743de?s=96&d=mm&r=g","contentUrl":"https:\/\/secure.gravatar.com\/avatar\/31a1a7b66ff2de83bd0e9fd79d026630d2d99e55e8bfe501287647b4fd9743de?s=96&d=mm&r=g","caption":"Gonzalo Schmidt"},"description":"Sitio web de noticias de la provincia de Entre R\u00edos, Argentina. Informaci\u00f3n y entretenimiento. Informe Litoral, nos informamos.","sameAs":["http:\/\/www.isletasnoticias.com.ar"],"url":"https:\/\/informelitoral.com.ar\/author\/gonzalo\/"}]}},"_links":{"self":[{"href":"https:\/\/informelitoral.com.ar\/%77%70%2d%6a%73%6f%6e\/wp\/v2\/posts\/33020","targetHints":{"allow":["GET"]}}],"collection":[{"href":"https:\/\/informelitoral.com.ar\/%77%70%2d%6a%73%6f%6e\/wp\/v2\/posts"}],"about":[{"href":"https:\/\/informelitoral.com.ar\/%77%70%2d%6a%73%6f%6e\/wp\/v2\/types\/post"}],"author":[{"embeddable":true,"href":"https:\/\/informelitoral.com.ar\/%77%70%2d%6a%73%6f%6e\/wp\/v2\/users\/2"}],"replies":[{"embeddable":true,"href":"https:\/\/informelitoral.com.ar\/%77%70%2d%6a%73%6f%6e\/wp\/v2\/comments?post=33020"}],"version-history":[{"count":0,"href":"https:\/\/informelitoral.com.ar\/%77%70%2d%6a%73%6f%6e\/wp\/v2\/posts\/33020\/revisions"}],"wp:featuredmedia":[{"embeddable":true,"href":"https:\/\/informelitoral.com.ar\/%77%70%2d%6a%73%6f%6e\/wp\/v2\/media\/33021"}],"wp:attachment":[{"href":"https:\/\/informelitoral.com.ar\/%77%70%2d%6a%73%6f%6e\/wp\/v2\/media?parent=33020"}],"wp:term":[{"taxonomy":"category","embeddable":true,"href":"https:\/\/informelitoral.com.ar\/%77%70%2d%6a%73%6f%6e\/wp\/v2\/categories?post=33020"},{"taxonomy":"post_tag","embeddable":true,"href":"https:\/\/informelitoral.com.ar\/%77%70%2d%6a%73%6f%6e\/wp\/v2\/tags?post=33020"}],"curies":[{"name":"wp","href":"https:\/\/api.w.org\/{rel}","templated":true}]}}