{"id":33001,"date":"2019-04-10T07:59:18","date_gmt":"2019-04-10T10:59:18","guid":{"rendered":"https:\/\/www.isletasnoticias.com.ar\/?p=33001"},"modified":"2019-04-10T07:59:18","modified_gmt":"2019-04-10T10:59:18","slug":"el-gobierno-provincial-apelo-el-fallo-que-restringe-las-fumigaciones","status":"publish","type":"post","link":"https:\/\/informelitoral.com.ar\/el-gobierno-provincial-apelo-el-fallo-que-restringe-las-fumigaciones\/","title":{"rendered":"El gobierno provincial apel\u00f3 el fallo que restringe las fumigaciones"},"content":{"rendered":"<p>El debate por la aplicaci\u00f3n de agroqu\u00edmicos sobre los sembrad\u00edos que rodean las escuelas rurales sigue abierto en los tribunales entrerrianos.<\/p>\n<p>Un repaso r\u00e1pido dir\u00eda que todo comenz\u00f3 cuando el juez Oscar Benedetto hizo lugar a un recurso de amparo presentado por el Foro Ecologista de Paran\u00e1 y Agmer, y prohibi\u00f3 en forma provisoria las fumigaciones terrestres con agroqu\u00edmicos en un radio de mil metros alrededor de las escuelas rurales y las aspersiones a\u00e9reas a menos de tres mil metros; y el fallo fue confirmado por el Superior Tribunal de Justicia (STJ).<\/p>\n<p>El Gobierno quiso cubrir el vac\u00edo legal a trav\u00e9s de un decreto mediante el que reduce las distancias a cien y quinientos metros, respectivamente, pero no present\u00f3 informaci\u00f3n ni estudios que justificaran esa decisi\u00f3n. Entonces el juez Andr\u00e9s Marfil, de la Sala Civil y Comercial, declar\u00f3 la inconstitucionalidad del decreto e inst\u00f3 al Gobierno a que realice \u201clos estudios ambientales correspondientes para determinar hasta qu\u00e9 punto resulta plausible extender esta pr\u00e1ctica agr\u00edcola sin afectar la salud humana de las personas protegidas\u201d. El asunto entonces vuelve al alto cuerpo y ahora la discusi\u00f3n para por determinar qu\u00e9 jueces tratar\u00e1n el caso.<\/p>\n<p>En el medio se meti\u00f3 el presidente Mauricio Macri, en su \u00faltima visita a la provincia, con una fallida declaraci\u00f3n en la que critic\u00f3 el fallo, pero termin\u00f3 confundiendo un decreto con una ley, una ley con un fallo judicial y un fallo judicial con una ley. De paso, se llev\u00f3 un \u201cen\u00e9rgico rechazo\u201d de la Asociaci\u00f3n de Magistrados y Funcionarios del Poder Judicial por sus palabras.<\/p>\n<p>Ahora, el Foro Ecologista de Paran\u00e1 hizo una presentaci\u00f3n para que no se admita la excusaci\u00f3n de los integrantes de la Sala de Procedimientos Constitucionales y Penal para intervenir en el asunto por haber sido ellos mismos \u2013Daniel Carubia, Claudia Mizawak y Miguel \u00c1ngel Giorgio\u2013 quienes confirmaron el fallo del juez Benedetto.<\/p>\n<p>El tribunal ad-hoc que analizar\u00eda la apelaci\u00f3n del Gobierno provincial est\u00e1 integrado por los vocales Mart\u00edn Carbonell, Germ\u00e1n Carlomagno y Emilio Castrill\u00f3n.<\/p>\n<p>Pero el Foro Ecologista dice que no existen motivos para la excusaci\u00f3n de los integrantes de la Sala Penal; que el nuevo tribunal no es el \u201cjuez natural\u201d y, por lo tanto, su conformaci\u00f3n no es la que corresponde seg\u00fan la ley; y tambi\u00e9n recus\u00f3 al vocal Castrill\u00f3n por considerar que mantuvo reuniones con representantes de entidades agropecuarias y adelant\u00f3 su opini\u00f3n sobre la resoluci\u00f3n del conflicto.<\/p>\n<p>Lo que est\u00e1 en discusi\u00f3n es la constitucionalidad del Decreto N\u00famero 4.407, por el cual se estableci\u00f3 que las \u201caplicaciones terrestres de fitosanitarios\u201d pod\u00edan realizarse a cien metros de las escuelas, y las aplicaciones a\u00e9reas, a quinientos metros.<\/p>\n<p>En principio, el juez Marfil dispuso la nulidad de los art\u00edculos del decreto y eso debe resolver ahora el STJ. Carubia, Mizawak y Giorgio se excusaron, precisamente, porque fueron quienes ratificaron el fallo del juez Benedetto. Pero los abogados del Foro Ecologista, se\u00f1alaron que aquella intervenci\u00f3n \u201cno configura ninguna de las causales de excusaci\u00f3n\u201d y que de ning\u00fan modo incurrieron en un \u201cprejuzgamiento\u201d.<\/p>\n<p>De hecho, dicen los letrados, \u201cla primera acci\u00f3n ten\u00eda como objeto principal establecer l\u00edmites de prohibici\u00f3n para la fumigaci\u00f3n con agroqu\u00edmicos en zonas aleda\u00f1as a las escuelas rurales provinciales as\u00ed como que se realicen estudios del impacto de los mismos sobre la salud y el ambiente; mientras que la segunda y presente acci\u00f3n de amparo tiene como finalidad declarar la nulidad de un decreto del Poder Ejecutivo que viola las \u00f3rdenes impartidas judicialmente en el primer caso\u201d.<\/p>\n<p>En el caso de que no prospere su reclamo inicial, los letrados recusaron al vocal Emilio Castrill\u00f3n como integrante del tribunal ad-hoc por \u201chaber dado consejo o manifestado extrajudicialmente su opini\u00f3n o brindado recomendaciones acerca de la controversia, antes o despu\u00e9s de comenzado el proceso\u201d.<\/p>\n<p>Vale recordar que en noviembre de 2018, luego de que la Sala Penal confirmara el fallo que restringe las fumigaciones a una distancia de mil metros para las pulverizaciones terrestres y tres mil metros para las fumigaciones \u00e1reas alrededor de las escuelas rurales, Castrill\u00f3n particip\u00f3 de una conferencia con entidades de productores que luego se presentaron ante la Justicia como afectados por aquel fallo y, seg\u00fan los abogados del Foro Ecologista, \u201cse permiti\u00f3 dar consejos en el marco de la causa que amerit\u00f3 que los integrantes de la Sala Penal Carubia, Giorgio y Mizawak entendieran los afectaba\u201d.<\/p>\n<p>En tanto, el 25 de marzo pasado, en di\u00e1logo con el programa 5 Esquinas, que se emite por Radio Costa Paran\u00e1, el magistrado dijo que \u201cla soluci\u00f3n debe ser eminentemente pol\u00edtica, coherente y social\u201d, record\u00f3 P\u00e1gina Judicial.<\/p>\n<p>\u201cSi me preguntan si un s\u00e1bado o un domingo, que no est\u00e1n los chicos en la escuela, se puede fumigar, es muy dif\u00edcil decir que no. Pero si me dicen que est\u00e1n los chicos y que van a fumigar y puede afectarlos la deriva por el viento, les digo que no, que no se puede arriesgar la vida de los gurises. Pero las escuelas est\u00e1n en las zonas rurales y ah\u00ed es donde se necesita producir. Nadie va a querer que se enfermen sus gurises, pero tampoco nadie va a querer irse a los centros urbanos porque no puede producir\u201d, agreg\u00f3 el magistrado.<\/p>\n<p>Asimismo, el magistrado consider\u00f3 que \u201chabr\u00e1 que encontrar un intermedio para asegurar la convivencia humana. Habr\u00e1 que reglarlo: no cualquiera pude fumigar, no se puede fumigar cualquier d\u00eda, no se puede fumigar si no se est\u00e1 inscripto. Eso es un vac\u00edo que se ha ido postergando y ha hecho que los movimientos protectores del medio ambiente se levanten contra eso\u201d y agreg\u00f3 que \u201cel fallo buscaba cubrir un bache porque no estaba regulado. Ahora, si est\u00e1 regulado, vale la regulaci\u00f3n\u201d e insisti\u00f3 en que \u201csi el fallo (del juez Benedetto y confirmado por el STJ) dice que falla porque hay un vac\u00edo de reglamentaci\u00f3n y de ley y se cubre el vac\u00edo de reglamentaci\u00f3n y de ley, esa cobertura debe regir. Si esa cobertura es legal o ilegal forma parte de otro planteo que debe resolverse\u201d. <em>(APFDigital)<\/em><\/p>\n","protected":false},"excerpt":{"rendered":"<p>Finalmente el Gobierno provincial apel\u00f3 ante el Superior Tribunal de Justicia el fallo de la Sala III de la C\u00e1mara Civil y Comercial que anul\u00f3 el decreto que regulaba las distancias m\u00ednimas para fumigaciones. En tanto, la Sala Penal del STJ se excus\u00f3 de intervenir y el Foro Ecologista de Paran\u00e1 cree que no hay motivos para que se aparte.<\/p>\n","protected":false},"author":2,"featured_media":24802,"comment_status":"open","ping_status":"open","sticky":false,"template":"","format":"standard","meta":{"fifu_image_url":"","fifu_image_alt":"","footnotes":""},"categories":[10],"tags":[139,1162,71,81,236,120],"class_list":{"0":"post-33001","1":"post","2":"type-post","3":"status-publish","4":"format-standard","5":"has-post-thumbnail","7":"category-campo","8":"tag-agroquimicos","9":"tag-agrotoxicos","10":"tag-campo","11":"tag-entre-rios","12":"tag-fumigaciones","13":"tag-produccion"},"yoast_head":"<title>El gobierno provincial apel\u00f3 el fallo que restringe las fumigaciones - Informe Litoral<\/title>\n<meta name=\"robots\" content=\"index, follow, max-snippet:-1, max-image-preview:large, max-video-preview:-1\" \/>\n<link rel=\"canonical\" href=\"https:\/\/informelitoral.com.ar\/el-gobierno-provincial-apelo-el-fallo-que-restringe-las-fumigaciones\/\" \/>\n<meta property=\"og:locale\" content=\"es_ES\" \/>\n<meta property=\"og:type\" content=\"article\" \/>\n<meta property=\"og:title\" content=\"El gobierno provincial apel\u00f3 el fallo que restringe las fumigaciones - Informe Litoral\" \/>\n<meta property=\"og:description\" content=\"Finalmente el Gobierno provincial apel\u00f3 ante el Superior Tribunal de Justicia el fallo de la Sala III de la C\u00e1mara Civil y Comercial que anul\u00f3 el decreto que regulaba las distancias m\u00ednimas para fumigaciones. En tanto, la Sala Penal del STJ se excus\u00f3 de intervenir y el Foro Ecologista de Paran\u00e1 cree que no hay motivos para que se aparte.\" \/>\n<meta property=\"og:url\" content=\"https:\/\/informelitoral.com.ar\/el-gobierno-provincial-apelo-el-fallo-que-restringe-las-fumigaciones\/\" \/>\n<meta property=\"og:site_name\" content=\"Informe Litoral\" \/>\n<meta property=\"article:publisher\" content=\"https:\/\/www.facebook.com\/informelitoral\/\" \/>\n<meta property=\"article:published_time\" content=\"2019-04-10T10:59:18+00:00\" \/>\n<meta property=\"og:image\" content=\"https:\/\/informelitoral.com.ar\/%77%70%2d%63%6f%6e%74%65%6e%74\/uploads\/2018\/02\/fumigacion-avion-volando.jpg\" \/>\n\t<meta property=\"og:image:width\" content=\"1200\" \/>\n\t<meta property=\"og:image:height\" content=\"526\" \/>\n\t<meta property=\"og:image:type\" content=\"image\/jpeg\" \/>\n<meta name=\"author\" content=\"Gonzalo Schmidt\" \/>\n<meta name=\"twitter:card\" content=\"summary_large_image\" \/>\n<meta name=\"twitter:creator\" content=\"@InformeLitoral\" \/>\n<meta name=\"twitter:site\" content=\"@InformeLitoral\" \/>\n<meta name=\"twitter:label1\" content=\"Escrito por\" \/>\n\t<meta name=\"twitter:data1\" content=\"Gonzalo Schmidt\" \/>\n\t<meta name=\"twitter:label2\" content=\"Tiempo de lectura\" \/>\n\t<meta name=\"twitter:data2\" content=\"5 minutos\" \/>\n<script type=\"application\/ld+json\" class=\"yoast-schema-graph\">{\"@context\":\"https:\\\/\\\/schema.org\",\"@graph\":[{\"@type\":\"Article\",\"@id\":\"https:\\\/\\\/informelitoral.com.ar\\\/el-gobierno-provincial-apelo-el-fallo-que-restringe-las-fumigaciones\\\/#article\",\"isPartOf\":{\"@id\":\"https:\\\/\\\/informelitoral.com.ar\\\/el-gobierno-provincial-apelo-el-fallo-que-restringe-las-fumigaciones\\\/\"},\"author\":{\"name\":\"Gonzalo Schmidt\",\"@id\":\"https:\\\/\\\/informelitoral.com.ar\\\/#\\\/schema\\\/person\\\/b9d00407c836482871ef1d57bf8e3180\"},\"headline\":\"El gobierno provincial apel\u00f3 el fallo que restringe las fumigaciones\",\"datePublished\":\"2019-04-10T10:59:18+00:00\",\"mainEntityOfPage\":{\"@id\":\"https:\\\/\\\/informelitoral.com.ar\\\/el-gobierno-provincial-apelo-el-fallo-que-restringe-las-fumigaciones\\\/\"},\"wordCount\":1074,\"commentCount\":0,\"publisher\":{\"@id\":\"https:\\\/\\\/informelitoral.com.ar\\\/#organization\"},\"image\":{\"@id\":\"https:\\\/\\\/informelitoral.com.ar\\\/el-gobierno-provincial-apelo-el-fallo-que-restringe-las-fumigaciones\\\/#primaryimage\"},\"thumbnailUrl\":\"https:\\\/\\\/informelitoral.com.ar\\\/%77%70%2d%63%6f%6e%74%65%6e%74\\\/uploads\\\/2018\\\/02\\\/fumigacion-avion-volando.jpg\",\"keywords\":[\"Agroqu\u00edmicos\",\"Agrot\u00f3xicos\",\"Campo\",\"Entre R\u00edos\",\"Fumigaciones\",\"Producci\u00f3n\"],\"articleSection\":[\"Campo\"],\"inLanguage\":\"es\",\"potentialAction\":[{\"@type\":\"CommentAction\",\"name\":\"Comment\",\"target\":[\"https:\\\/\\\/informelitoral.com.ar\\\/el-gobierno-provincial-apelo-el-fallo-que-restringe-las-fumigaciones\\\/#respond\"]}]},{\"@type\":\"WebPage\",\"@id\":\"https:\\\/\\\/informelitoral.com.ar\\\/el-gobierno-provincial-apelo-el-fallo-que-restringe-las-fumigaciones\\\/\",\"url\":\"https:\\\/\\\/informelitoral.com.ar\\\/el-gobierno-provincial-apelo-el-fallo-que-restringe-las-fumigaciones\\\/\",\"name\":\"El gobierno provincial apel\u00f3 el fallo que restringe las fumigaciones - Informe Litoral\",\"isPartOf\":{\"@id\":\"https:\\\/\\\/informelitoral.com.ar\\\/#website\"},\"primaryImageOfPage\":{\"@id\":\"https:\\\/\\\/informelitoral.com.ar\\\/el-gobierno-provincial-apelo-el-fallo-que-restringe-las-fumigaciones\\\/#primaryimage\"},\"image\":{\"@id\":\"https:\\\/\\\/informelitoral.com.ar\\\/el-gobierno-provincial-apelo-el-fallo-que-restringe-las-fumigaciones\\\/#primaryimage\"},\"thumbnailUrl\":\"https:\\\/\\\/informelitoral.com.ar\\\/%77%70%2d%63%6f%6e%74%65%6e%74\\\/uploads\\\/2018\\\/02\\\/fumigacion-avion-volando.jpg\",\"datePublished\":\"2019-04-10T10:59:18+00:00\",\"breadcrumb\":{\"@id\":\"https:\\\/\\\/informelitoral.com.ar\\\/el-gobierno-provincial-apelo-el-fallo-que-restringe-las-fumigaciones\\\/#breadcrumb\"},\"inLanguage\":\"es\",\"potentialAction\":[{\"@type\":\"ReadAction\",\"target\":[\"https:\\\/\\\/informelitoral.com.ar\\\/el-gobierno-provincial-apelo-el-fallo-que-restringe-las-fumigaciones\\\/\"]}]},{\"@type\":\"ImageObject\",\"inLanguage\":\"es\",\"@id\":\"https:\\\/\\\/informelitoral.com.ar\\\/el-gobierno-provincial-apelo-el-fallo-que-restringe-las-fumigaciones\\\/#primaryimage\",\"url\":\"https:\\\/\\\/informelitoral.com.ar\\\/%77%70%2d%63%6f%6e%74%65%6e%74\\\/uploads\\\/2018\\\/02\\\/fumigacion-avion-volando.jpg\",\"contentUrl\":\"https:\\\/\\\/informelitoral.com.ar\\\/%77%70%2d%63%6f%6e%74%65%6e%74\\\/uploads\\\/2018\\\/02\\\/fumigacion-avion-volando.jpg\",\"width\":1200,\"height\":526},{\"@type\":\"BreadcrumbList\",\"@id\":\"https:\\\/\\\/informelitoral.com.ar\\\/el-gobierno-provincial-apelo-el-fallo-que-restringe-las-fumigaciones\\\/#breadcrumb\",\"itemListElement\":[{\"@type\":\"ListItem\",\"position\":1,\"name\":\"Portada\",\"item\":\"https:\\\/\\\/informelitoral.com.ar\\\/\"},{\"@type\":\"ListItem\",\"position\":2,\"name\":\"El gobierno provincial apel\u00f3 el fallo que restringe las fumigaciones\"}]},{\"@type\":\"WebSite\",\"@id\":\"https:\\\/\\\/informelitoral.com.ar\\\/#website\",\"url\":\"https:\\\/\\\/informelitoral.com.ar\\\/\",\"name\":\"Informe Litoral\",\"description\":\"&quot;Nos informamos&quot; \",\"publisher\":{\"@id\":\"https:\\\/\\\/informelitoral.com.ar\\\/#organization\"},\"potentialAction\":[{\"@type\":\"SearchAction\",\"target\":{\"@type\":\"EntryPoint\",\"urlTemplate\":\"https:\\\/\\\/informelitoral.com.ar\\\/?s={search_term_string}\"},\"query-input\":{\"@type\":\"PropertyValueSpecification\",\"valueRequired\":true,\"valueName\":\"search_term_string\"}}],\"inLanguage\":\"es\"},{\"@type\":\"Organization\",\"@id\":\"https:\\\/\\\/informelitoral.com.ar\\\/#organization\",\"name\":\"Informe Litoral\",\"url\":\"https:\\\/\\\/informelitoral.com.ar\\\/\",\"logo\":{\"@type\":\"ImageObject\",\"inLanguage\":\"es\",\"@id\":\"https:\\\/\\\/informelitoral.com.ar\\\/#\\\/schema\\\/logo\\\/image\\\/\",\"url\":\"https:\\\/\\\/informelitoral.com.ar\\\/%77%70%2d%63%6f%6e%74%65%6e%74\\\/uploads\\\/2021\\\/01\\\/circulo.png\",\"contentUrl\":\"https:\\\/\\\/informelitoral.com.ar\\\/%77%70%2d%63%6f%6e%74%65%6e%74\\\/uploads\\\/2021\\\/01\\\/circulo.png\",\"width\":723,\"height\":731,\"caption\":\"Informe Litoral\"},\"image\":{\"@id\":\"https:\\\/\\\/informelitoral.com.ar\\\/#\\\/schema\\\/logo\\\/image\\\/\"},\"sameAs\":[\"https:\\\/\\\/www.facebook.com\\\/informelitoral\\\/\",\"https:\\\/\\\/x.com\\\/InformeLitoral\",\"https:\\\/\\\/www.instagram.com\\\/informelitoral\\\/\",\"https:\\\/\\\/www.youtube.com\\\/channel\\\/UCua4Qvz8Icb6MYqhoq9xLXw\"]},{\"@type\":\"Person\",\"@id\":\"https:\\\/\\\/informelitoral.com.ar\\\/#\\\/schema\\\/person\\\/b9d00407c836482871ef1d57bf8e3180\",\"name\":\"Gonzalo Schmidt\",\"image\":{\"@type\":\"ImageObject\",\"inLanguage\":\"es\",\"@id\":\"https:\\\/\\\/secure.gravatar.com\\\/avatar\\\/31a1a7b66ff2de83bd0e9fd79d026630d2d99e55e8bfe501287647b4fd9743de?s=96&d=mm&r=g\",\"url\":\"https:\\\/\\\/secure.gravatar.com\\\/avatar\\\/31a1a7b66ff2de83bd0e9fd79d026630d2d99e55e8bfe501287647b4fd9743de?s=96&d=mm&r=g\",\"contentUrl\":\"https:\\\/\\\/secure.gravatar.com\\\/avatar\\\/31a1a7b66ff2de83bd0e9fd79d026630d2d99e55e8bfe501287647b4fd9743de?s=96&d=mm&r=g\",\"caption\":\"Gonzalo Schmidt\"},\"description\":\"Sitio web de noticias de la provincia de Entre R\u00edos, Argentina. Informaci\u00f3n y entretenimiento. Informe Litoral, nos informamos.\",\"sameAs\":[\"http:\\\/\\\/www.isletasnoticias.com.ar\"],\"url\":\"https:\\\/\\\/informelitoral.com.ar\\\/author\\\/gonzalo\\\/\"}]}<\/script>","yoast_head_json":{"title":"El gobierno provincial apel\u00f3 el fallo que restringe las fumigaciones - Informe Litoral","robots":{"index":"index","follow":"follow","max-snippet":"max-snippet:-1","max-image-preview":"max-image-preview:large","max-video-preview":"max-video-preview:-1"},"canonical":"https:\/\/informelitoral.com.ar\/el-gobierno-provincial-apelo-el-fallo-que-restringe-las-fumigaciones\/","og_locale":"es_ES","og_type":"article","og_title":"El gobierno provincial apel\u00f3 el fallo que restringe las fumigaciones - Informe Litoral","og_description":"Finalmente el Gobierno provincial apel\u00f3 ante el Superior Tribunal de Justicia el fallo de la Sala III de la C\u00e1mara Civil y Comercial que anul\u00f3 el decreto que regulaba las distancias m\u00ednimas para fumigaciones. En tanto, la Sala Penal del STJ se excus\u00f3 de intervenir y el Foro Ecologista de Paran\u00e1 cree que no hay motivos para que se aparte.","og_url":"https:\/\/informelitoral.com.ar\/el-gobierno-provincial-apelo-el-fallo-que-restringe-las-fumigaciones\/","og_site_name":"Informe Litoral","article_publisher":"https:\/\/www.facebook.com\/informelitoral\/","article_published_time":"2019-04-10T10:59:18+00:00","og_image":[{"width":1200,"height":526,"url":"https:\/\/informelitoral.com.ar\/%77%70%2d%63%6f%6e%74%65%6e%74\/uploads\/2018\/02\/fumigacion-avion-volando.jpg","type":"image\/jpeg"}],"author":"Gonzalo Schmidt","twitter_card":"summary_large_image","twitter_creator":"@InformeLitoral","twitter_site":"@InformeLitoral","twitter_misc":{"Escrito por":"Gonzalo Schmidt","Tiempo de lectura":"5 minutos"},"schema":{"@context":"https:\/\/schema.org","@graph":[{"@type":"Article","@id":"https:\/\/informelitoral.com.ar\/el-gobierno-provincial-apelo-el-fallo-que-restringe-las-fumigaciones\/#article","isPartOf":{"@id":"https:\/\/informelitoral.com.ar\/el-gobierno-provincial-apelo-el-fallo-que-restringe-las-fumigaciones\/"},"author":{"name":"Gonzalo Schmidt","@id":"https:\/\/informelitoral.com.ar\/#\/schema\/person\/b9d00407c836482871ef1d57bf8e3180"},"headline":"El gobierno provincial apel\u00f3 el fallo que restringe las fumigaciones","datePublished":"2019-04-10T10:59:18+00:00","mainEntityOfPage":{"@id":"https:\/\/informelitoral.com.ar\/el-gobierno-provincial-apelo-el-fallo-que-restringe-las-fumigaciones\/"},"wordCount":1074,"commentCount":0,"publisher":{"@id":"https:\/\/informelitoral.com.ar\/#organization"},"image":{"@id":"https:\/\/informelitoral.com.ar\/el-gobierno-provincial-apelo-el-fallo-que-restringe-las-fumigaciones\/#primaryimage"},"thumbnailUrl":"https:\/\/informelitoral.com.ar\/%77%70%2d%63%6f%6e%74%65%6e%74\/uploads\/2018\/02\/fumigacion-avion-volando.jpg","keywords":["Agroqu\u00edmicos","Agrot\u00f3xicos","Campo","Entre R\u00edos","Fumigaciones","Producci\u00f3n"],"articleSection":["Campo"],"inLanguage":"es","potentialAction":[{"@type":"CommentAction","name":"Comment","target":["https:\/\/informelitoral.com.ar\/el-gobierno-provincial-apelo-el-fallo-que-restringe-las-fumigaciones\/#respond"]}]},{"@type":"WebPage","@id":"https:\/\/informelitoral.com.ar\/el-gobierno-provincial-apelo-el-fallo-que-restringe-las-fumigaciones\/","url":"https:\/\/informelitoral.com.ar\/el-gobierno-provincial-apelo-el-fallo-que-restringe-las-fumigaciones\/","name":"El gobierno provincial apel\u00f3 el fallo que restringe las fumigaciones - Informe Litoral","isPartOf":{"@id":"https:\/\/informelitoral.com.ar\/#website"},"primaryImageOfPage":{"@id":"https:\/\/informelitoral.com.ar\/el-gobierno-provincial-apelo-el-fallo-que-restringe-las-fumigaciones\/#primaryimage"},"image":{"@id":"https:\/\/informelitoral.com.ar\/el-gobierno-provincial-apelo-el-fallo-que-restringe-las-fumigaciones\/#primaryimage"},"thumbnailUrl":"https:\/\/informelitoral.com.ar\/%77%70%2d%63%6f%6e%74%65%6e%74\/uploads\/2018\/02\/fumigacion-avion-volando.jpg","datePublished":"2019-04-10T10:59:18+00:00","breadcrumb":{"@id":"https:\/\/informelitoral.com.ar\/el-gobierno-provincial-apelo-el-fallo-que-restringe-las-fumigaciones\/#breadcrumb"},"inLanguage":"es","potentialAction":[{"@type":"ReadAction","target":["https:\/\/informelitoral.com.ar\/el-gobierno-provincial-apelo-el-fallo-que-restringe-las-fumigaciones\/"]}]},{"@type":"ImageObject","inLanguage":"es","@id":"https:\/\/informelitoral.com.ar\/el-gobierno-provincial-apelo-el-fallo-que-restringe-las-fumigaciones\/#primaryimage","url":"https:\/\/informelitoral.com.ar\/%77%70%2d%63%6f%6e%74%65%6e%74\/uploads\/2018\/02\/fumigacion-avion-volando.jpg","contentUrl":"https:\/\/informelitoral.com.ar\/%77%70%2d%63%6f%6e%74%65%6e%74\/uploads\/2018\/02\/fumigacion-avion-volando.jpg","width":1200,"height":526},{"@type":"BreadcrumbList","@id":"https:\/\/informelitoral.com.ar\/el-gobierno-provincial-apelo-el-fallo-que-restringe-las-fumigaciones\/#breadcrumb","itemListElement":[{"@type":"ListItem","position":1,"name":"Portada","item":"https:\/\/informelitoral.com.ar\/"},{"@type":"ListItem","position":2,"name":"El gobierno provincial apel\u00f3 el fallo que restringe las fumigaciones"}]},{"@type":"WebSite","@id":"https:\/\/informelitoral.com.ar\/#website","url":"https:\/\/informelitoral.com.ar\/","name":"Informe Litoral","description":"&quot;Nos informamos&quot; ","publisher":{"@id":"https:\/\/informelitoral.com.ar\/#organization"},"potentialAction":[{"@type":"SearchAction","target":{"@type":"EntryPoint","urlTemplate":"https:\/\/informelitoral.com.ar\/?s={search_term_string}"},"query-input":{"@type":"PropertyValueSpecification","valueRequired":true,"valueName":"search_term_string"}}],"inLanguage":"es"},{"@type":"Organization","@id":"https:\/\/informelitoral.com.ar\/#organization","name":"Informe Litoral","url":"https:\/\/informelitoral.com.ar\/","logo":{"@type":"ImageObject","inLanguage":"es","@id":"https:\/\/informelitoral.com.ar\/#\/schema\/logo\/image\/","url":"https:\/\/informelitoral.com.ar\/%77%70%2d%63%6f%6e%74%65%6e%74\/uploads\/2021\/01\/circulo.png","contentUrl":"https:\/\/informelitoral.com.ar\/%77%70%2d%63%6f%6e%74%65%6e%74\/uploads\/2021\/01\/circulo.png","width":723,"height":731,"caption":"Informe Litoral"},"image":{"@id":"https:\/\/informelitoral.com.ar\/#\/schema\/logo\/image\/"},"sameAs":["https:\/\/www.facebook.com\/informelitoral\/","https:\/\/x.com\/InformeLitoral","https:\/\/www.instagram.com\/informelitoral\/","https:\/\/www.youtube.com\/channel\/UCua4Qvz8Icb6MYqhoq9xLXw"]},{"@type":"Person","@id":"https:\/\/informelitoral.com.ar\/#\/schema\/person\/b9d00407c836482871ef1d57bf8e3180","name":"Gonzalo Schmidt","image":{"@type":"ImageObject","inLanguage":"es","@id":"https:\/\/secure.gravatar.com\/avatar\/31a1a7b66ff2de83bd0e9fd79d026630d2d99e55e8bfe501287647b4fd9743de?s=96&d=mm&r=g","url":"https:\/\/secure.gravatar.com\/avatar\/31a1a7b66ff2de83bd0e9fd79d026630d2d99e55e8bfe501287647b4fd9743de?s=96&d=mm&r=g","contentUrl":"https:\/\/secure.gravatar.com\/avatar\/31a1a7b66ff2de83bd0e9fd79d026630d2d99e55e8bfe501287647b4fd9743de?s=96&d=mm&r=g","caption":"Gonzalo Schmidt"},"description":"Sitio web de noticias de la provincia de Entre R\u00edos, Argentina. Informaci\u00f3n y entretenimiento. Informe Litoral, nos informamos.","sameAs":["http:\/\/www.isletasnoticias.com.ar"],"url":"https:\/\/informelitoral.com.ar\/author\/gonzalo\/"}]}},"_links":{"self":[{"href":"https:\/\/informelitoral.com.ar\/%77%70%2d%6a%73%6f%6e\/wp\/v2\/posts\/33001","targetHints":{"allow":["GET"]}}],"collection":[{"href":"https:\/\/informelitoral.com.ar\/%77%70%2d%6a%73%6f%6e\/wp\/v2\/posts"}],"about":[{"href":"https:\/\/informelitoral.com.ar\/%77%70%2d%6a%73%6f%6e\/wp\/v2\/types\/post"}],"author":[{"embeddable":true,"href":"https:\/\/informelitoral.com.ar\/%77%70%2d%6a%73%6f%6e\/wp\/v2\/users\/2"}],"replies":[{"embeddable":true,"href":"https:\/\/informelitoral.com.ar\/%77%70%2d%6a%73%6f%6e\/wp\/v2\/comments?post=33001"}],"version-history":[{"count":0,"href":"https:\/\/informelitoral.com.ar\/%77%70%2d%6a%73%6f%6e\/wp\/v2\/posts\/33001\/revisions"}],"wp:featuredmedia":[{"embeddable":true,"href":"https:\/\/informelitoral.com.ar\/%77%70%2d%6a%73%6f%6e\/wp\/v2\/media\/24802"}],"wp:attachment":[{"href":"https:\/\/informelitoral.com.ar\/%77%70%2d%6a%73%6f%6e\/wp\/v2\/media?parent=33001"}],"wp:term":[{"taxonomy":"category","embeddable":true,"href":"https:\/\/informelitoral.com.ar\/%77%70%2d%6a%73%6f%6e\/wp\/v2\/categories?post=33001"},{"taxonomy":"post_tag","embeddable":true,"href":"https:\/\/informelitoral.com.ar\/%77%70%2d%6a%73%6f%6e\/wp\/v2\/tags?post=33001"}],"curies":[{"name":"wp","href":"https:\/\/api.w.org\/{rel}","templated":true}]}}