{"id":32983,"date":"2019-04-09T07:59:47","date_gmt":"2019-04-09T10:59:47","guid":{"rendered":"https:\/\/www.isletasnoticias.com.ar\/?p=32983"},"modified":"2019-04-09T07:59:47","modified_gmt":"2019-04-09T10:59:47","slug":"inician-los-pagos-de-renovacion-de-becas-secundarias","status":"publish","type":"post","link":"https:\/\/informelitoral.com.ar\/inician-los-pagos-de-renovacion-de-becas-secundarias\/","title":{"rendered":"Inician los pagos de renovaci\u00f3n de Becas Secundarias"},"content":{"rendered":"<p>La directora Ejecutiva del Instituto Becario,<strong> Claudia Gieco<\/strong>, inform\u00f3 que este martes 9 de abril comenzar\u00e1 el pago para aquellos estudiantes secundarios que presentaron su formulario de renovaci\u00f3n.<\/p>\n<p>\u201cEl cronograma se inicia con aquellos estudiantes cuyas becas ya fueron evaluadas en nuestro sistema; asimismo la carga y evaluaci\u00f3n de formularios contin\u00faa hasta mayo\u201d, dijo.<\/p>\n<p><strong>M\u00e1s beneficios<\/strong><\/p>\n<p>Claudia Gieco explic\u00f3 adem\u00e1s que este a\u00f1o, quienes perciban la beca secundaria pasar\u00e1n a cobrar un mes m\u00e1s, por lo que tendr\u00e1n el beneficio durante nueve meses. \u201cSe trata de un mes m\u00e1s de pago al incorporarse marzo al calendario; es decir que se abonar\u00e1n nueve meses en vez de ocho como se hac\u00eda los a\u00f1os anteriores\u201d, expres\u00f3.<\/p>\n<p>\u201cLas pol\u00edticas p\u00fablicas que impulsa el gobernador Gustavo Bordet tienen como sustento el crecimiento de nuestra provincia y el acompa\u00f1amiento de nuestros estudiantes. En un contexto econ\u00f3mico nacional que no favorece estas pol\u00edticas, en nuestra provincia marcamos la diferencia, sobre todo en algo tan importante como la Educaci\u00f3n\u201d, sostuvo.<\/p>\n<p>La funcionaria reiter\u00f3 que hasta mayo se ir\u00e1n sumando al sistema renovaciones y nuevas becas secundarias.<\/p>\n<p><strong>Beca Rural de Transporte<\/strong><\/p>\n<p>Este a\u00f1o, el Instituto Becario contin\u00faa garantizando la permanencia de los estudiantes rurales en el sistema educativo, mediante la Beca Rural de Transporte.<\/p>\n<p>\u201cEl sistema contin\u00faa mejorando la eficiencia y transparencia en la inversi\u00f3n, y garantiza la continuidad de los puestos de trabajo como nos comprometimos con los transportistas el a\u00f1o pasado\u201d, cont\u00f3 Gieco.<\/p>\n<p>Despu\u00e9s de una reuni\u00f3n en Villaguay con los transportistas de toda la provincia, el sistema contin\u00faa ajust\u00e1ndose.<\/p>\n<p>\u201cEl prop\u00f3sito es garantizar la escolaridad de m\u00e1s de 10.700 ni\u00f1os, para optimizar el uso de los recursos p\u00fablicos y garantizar el acceso a la educaci\u00f3n en todo el territorio provincial\u201d, observaron desde el Becario.<\/p>\n","protected":false},"excerpt":{"rendered":"<p>El Instituto Becario inicia el cronograma de pagos para aquellos estudiantes secundarios que renuevan su beca. Durante 2019 percibir\u00e1n un mes m\u00e1s. Contin\u00faa hasta mayo la carga y evaluaci\u00f3n de estas becas.<\/p>\n","protected":false},"author":2,"featured_media":24713,"comment_status":"open","ping_status":"open","sticky":false,"template":"","format":"standard","meta":{"fifu_image_url":"","fifu_image_alt":"","footnotes":""},"categories":[6],"tags":[98,81,249,382,418],"class_list":{"0":"post-32983","1":"post","2":"type-post","3":"status-publish","4":"format-standard","5":"has-post-thumbnail","7":"category-entre-rios","8":"tag-educacion","9":"tag-entre-rios","10":"tag-gobierno-provincial","11":"tag-inaubepro","12":"tag-instituto-becario"},"yoast_head":"<title>Inician los pagos de renovaci\u00f3n de Becas Secundarias - Informe Litoral<\/title>\n<meta name=\"robots\" content=\"index, follow, max-snippet:-1, max-image-preview:large, max-video-preview:-1\" \/>\n<link rel=\"canonical\" href=\"https:\/\/informelitoral.com.ar\/inician-los-pagos-de-renovacion-de-becas-secundarias\/\" \/>\n<meta property=\"og:locale\" content=\"es_ES\" \/>\n<meta property=\"og:type\" content=\"article\" \/>\n<meta property=\"og:title\" content=\"Inician los pagos de renovaci\u00f3n de Becas Secundarias - Informe Litoral\" \/>\n<meta property=\"og:description\" content=\"El Instituto Becario inicia el cronograma de pagos para aquellos estudiantes secundarios que renuevan su beca. Durante 2019 percibir\u00e1n un mes m\u00e1s. Contin\u00faa hasta mayo la carga y evaluaci\u00f3n de estas becas.\" \/>\n<meta property=\"og:url\" content=\"https:\/\/informelitoral.com.ar\/inician-los-pagos-de-renovacion-de-becas-secundarias\/\" \/>\n<meta property=\"og:site_name\" content=\"Informe Litoral\" \/>\n<meta property=\"article:publisher\" content=\"https:\/\/www.facebook.com\/informelitoral\/\" \/>\n<meta property=\"article:published_time\" content=\"2019-04-09T10:59:47+00:00\" \/>\n<meta property=\"og:image\" content=\"https:\/\/informelitoral.com.ar\/%77%70%2d%63%6f%6e%74%65%6e%74\/uploads\/2018\/01\/BECAS-ENTRE-R\u00cdOS.jpg\" \/>\n\t<meta property=\"og:image:width\" content=\"1920\" \/>\n\t<meta property=\"og:image:height\" content=\"1280\" \/>\n\t<meta property=\"og:image:type\" content=\"image\/jpeg\" \/>\n<meta name=\"author\" content=\"Gonzalo Schmidt\" \/>\n<meta name=\"twitter:card\" content=\"summary_large_image\" \/>\n<meta name=\"twitter:creator\" content=\"@InformeLitoral\" \/>\n<meta name=\"twitter:site\" content=\"@InformeLitoral\" \/>\n<meta name=\"twitter:label1\" content=\"Escrito por\" \/>\n\t<meta name=\"twitter:data1\" content=\"Gonzalo Schmidt\" \/>\n\t<meta name=\"twitter:label2\" content=\"Tiempo de lectura\" \/>\n\t<meta name=\"twitter:data2\" content=\"2 minutos\" \/>\n<script type=\"application\/ld+json\" class=\"yoast-schema-graph\">{\"@context\":\"https:\\\/\\\/schema.org\",\"@graph\":[{\"@type\":\"Article\",\"@id\":\"https:\\\/\\\/informelitoral.com.ar\\\/inician-los-pagos-de-renovacion-de-becas-secundarias\\\/#article\",\"isPartOf\":{\"@id\":\"https:\\\/\\\/informelitoral.com.ar\\\/inician-los-pagos-de-renovacion-de-becas-secundarias\\\/\"},\"author\":{\"name\":\"Gonzalo Schmidt\",\"@id\":\"https:\\\/\\\/informelitoral.com.ar\\\/#\\\/schema\\\/person\\\/b9d00407c836482871ef1d57bf8e3180\"},\"headline\":\"Inician los pagos de renovaci\u00f3n de Becas Secundarias\",\"datePublished\":\"2019-04-09T10:59:47+00:00\",\"mainEntityOfPage\":{\"@id\":\"https:\\\/\\\/informelitoral.com.ar\\\/inician-los-pagos-de-renovacion-de-becas-secundarias\\\/\"},\"wordCount\":330,\"commentCount\":0,\"publisher\":{\"@id\":\"https:\\\/\\\/informelitoral.com.ar\\\/#organization\"},\"image\":{\"@id\":\"https:\\\/\\\/informelitoral.com.ar\\\/inician-los-pagos-de-renovacion-de-becas-secundarias\\\/#primaryimage\"},\"thumbnailUrl\":\"https:\\\/\\\/informelitoral.com.ar\\\/%77%70%2d%63%6f%6e%74%65%6e%74\\\/uploads\\\/2018\\\/01\\\/BECAS-ENTRE-R\u00cdOS.jpg\",\"keywords\":[\"Educaci\u00f3n\",\"Entre R\u00edos\",\"Gobierno provincial\",\"InAuBePro\",\"Instituto Becario\"],\"articleSection\":[\"Entre R\u00edos\"],\"inLanguage\":\"es\",\"potentialAction\":[{\"@type\":\"CommentAction\",\"name\":\"Comment\",\"target\":[\"https:\\\/\\\/informelitoral.com.ar\\\/inician-los-pagos-de-renovacion-de-becas-secundarias\\\/#respond\"]}]},{\"@type\":\"WebPage\",\"@id\":\"https:\\\/\\\/informelitoral.com.ar\\\/inician-los-pagos-de-renovacion-de-becas-secundarias\\\/\",\"url\":\"https:\\\/\\\/informelitoral.com.ar\\\/inician-los-pagos-de-renovacion-de-becas-secundarias\\\/\",\"name\":\"Inician los pagos de renovaci\u00f3n de Becas Secundarias - Informe Litoral\",\"isPartOf\":{\"@id\":\"https:\\\/\\\/informelitoral.com.ar\\\/#website\"},\"primaryImageOfPage\":{\"@id\":\"https:\\\/\\\/informelitoral.com.ar\\\/inician-los-pagos-de-renovacion-de-becas-secundarias\\\/#primaryimage\"},\"image\":{\"@id\":\"https:\\\/\\\/informelitoral.com.ar\\\/inician-los-pagos-de-renovacion-de-becas-secundarias\\\/#primaryimage\"},\"thumbnailUrl\":\"https:\\\/\\\/informelitoral.com.ar\\\/%77%70%2d%63%6f%6e%74%65%6e%74\\\/uploads\\\/2018\\\/01\\\/BECAS-ENTRE-R\u00cdOS.jpg\",\"datePublished\":\"2019-04-09T10:59:47+00:00\",\"breadcrumb\":{\"@id\":\"https:\\\/\\\/informelitoral.com.ar\\\/inician-los-pagos-de-renovacion-de-becas-secundarias\\\/#breadcrumb\"},\"inLanguage\":\"es\",\"potentialAction\":[{\"@type\":\"ReadAction\",\"target\":[\"https:\\\/\\\/informelitoral.com.ar\\\/inician-los-pagos-de-renovacion-de-becas-secundarias\\\/\"]}]},{\"@type\":\"ImageObject\",\"inLanguage\":\"es\",\"@id\":\"https:\\\/\\\/informelitoral.com.ar\\\/inician-los-pagos-de-renovacion-de-becas-secundarias\\\/#primaryimage\",\"url\":\"https:\\\/\\\/informelitoral.com.ar\\\/%77%70%2d%63%6f%6e%74%65%6e%74\\\/uploads\\\/2018\\\/01\\\/BECAS-ENTRE-R\u00cdOS.jpg\",\"contentUrl\":\"https:\\\/\\\/informelitoral.com.ar\\\/%77%70%2d%63%6f%6e%74%65%6e%74\\\/uploads\\\/2018\\\/01\\\/BECAS-ENTRE-R\u00cdOS.jpg\",\"width\":1920,\"height\":1280},{\"@type\":\"BreadcrumbList\",\"@id\":\"https:\\\/\\\/informelitoral.com.ar\\\/inician-los-pagos-de-renovacion-de-becas-secundarias\\\/#breadcrumb\",\"itemListElement\":[{\"@type\":\"ListItem\",\"position\":1,\"name\":\"Portada\",\"item\":\"https:\\\/\\\/informelitoral.com.ar\\\/\"},{\"@type\":\"ListItem\",\"position\":2,\"name\":\"Inician los pagos de renovaci\u00f3n de Becas Secundarias\"}]},{\"@type\":\"WebSite\",\"@id\":\"https:\\\/\\\/informelitoral.com.ar\\\/#website\",\"url\":\"https:\\\/\\\/informelitoral.com.ar\\\/\",\"name\":\"Informe Litoral\",\"description\":\"&quot;Nos informamos&quot; \",\"publisher\":{\"@id\":\"https:\\\/\\\/informelitoral.com.ar\\\/#organization\"},\"potentialAction\":[{\"@type\":\"SearchAction\",\"target\":{\"@type\":\"EntryPoint\",\"urlTemplate\":\"https:\\\/\\\/informelitoral.com.ar\\\/?s={search_term_string}\"},\"query-input\":{\"@type\":\"PropertyValueSpecification\",\"valueRequired\":true,\"valueName\":\"search_term_string\"}}],\"inLanguage\":\"es\"},{\"@type\":\"Organization\",\"@id\":\"https:\\\/\\\/informelitoral.com.ar\\\/#organization\",\"name\":\"Informe Litoral\",\"url\":\"https:\\\/\\\/informelitoral.com.ar\\\/\",\"logo\":{\"@type\":\"ImageObject\",\"inLanguage\":\"es\",\"@id\":\"https:\\\/\\\/informelitoral.com.ar\\\/#\\\/schema\\\/logo\\\/image\\\/\",\"url\":\"https:\\\/\\\/informelitoral.com.ar\\\/%77%70%2d%63%6f%6e%74%65%6e%74\\\/uploads\\\/2021\\\/01\\\/circulo.png\",\"contentUrl\":\"https:\\\/\\\/informelitoral.com.ar\\\/%77%70%2d%63%6f%6e%74%65%6e%74\\\/uploads\\\/2021\\\/01\\\/circulo.png\",\"width\":723,\"height\":731,\"caption\":\"Informe Litoral\"},\"image\":{\"@id\":\"https:\\\/\\\/informelitoral.com.ar\\\/#\\\/schema\\\/logo\\\/image\\\/\"},\"sameAs\":[\"https:\\\/\\\/www.facebook.com\\\/informelitoral\\\/\",\"https:\\\/\\\/x.com\\\/InformeLitoral\",\"https:\\\/\\\/www.instagram.com\\\/informelitoral\\\/\",\"https:\\\/\\\/www.youtube.com\\\/channel\\\/UCua4Qvz8Icb6MYqhoq9xLXw\"]},{\"@type\":\"Person\",\"@id\":\"https:\\\/\\\/informelitoral.com.ar\\\/#\\\/schema\\\/person\\\/b9d00407c836482871ef1d57bf8e3180\",\"name\":\"Gonzalo Schmidt\",\"image\":{\"@type\":\"ImageObject\",\"inLanguage\":\"es\",\"@id\":\"https:\\\/\\\/secure.gravatar.com\\\/avatar\\\/31a1a7b66ff2de83bd0e9fd79d026630d2d99e55e8bfe501287647b4fd9743de?s=96&d=mm&r=g\",\"url\":\"https:\\\/\\\/secure.gravatar.com\\\/avatar\\\/31a1a7b66ff2de83bd0e9fd79d026630d2d99e55e8bfe501287647b4fd9743de?s=96&d=mm&r=g\",\"contentUrl\":\"https:\\\/\\\/secure.gravatar.com\\\/avatar\\\/31a1a7b66ff2de83bd0e9fd79d026630d2d99e55e8bfe501287647b4fd9743de?s=96&d=mm&r=g\",\"caption\":\"Gonzalo Schmidt\"},\"description\":\"Sitio web de noticias de la provincia de Entre R\u00edos, Argentina. Informaci\u00f3n y entretenimiento. Informe Litoral, nos informamos.\",\"sameAs\":[\"http:\\\/\\\/www.isletasnoticias.com.ar\"],\"url\":\"https:\\\/\\\/informelitoral.com.ar\\\/author\\\/gonzalo\\\/\"}]}<\/script>","yoast_head_json":{"title":"Inician los pagos de renovaci\u00f3n de Becas Secundarias - Informe Litoral","robots":{"index":"index","follow":"follow","max-snippet":"max-snippet:-1","max-image-preview":"max-image-preview:large","max-video-preview":"max-video-preview:-1"},"canonical":"https:\/\/informelitoral.com.ar\/inician-los-pagos-de-renovacion-de-becas-secundarias\/","og_locale":"es_ES","og_type":"article","og_title":"Inician los pagos de renovaci\u00f3n de Becas Secundarias - Informe Litoral","og_description":"El Instituto Becario inicia el cronograma de pagos para aquellos estudiantes secundarios que renuevan su beca. Durante 2019 percibir\u00e1n un mes m\u00e1s. Contin\u00faa hasta mayo la carga y evaluaci\u00f3n de estas becas.","og_url":"https:\/\/informelitoral.com.ar\/inician-los-pagos-de-renovacion-de-becas-secundarias\/","og_site_name":"Informe Litoral","article_publisher":"https:\/\/www.facebook.com\/informelitoral\/","article_published_time":"2019-04-09T10:59:47+00:00","og_image":[{"width":1920,"height":1280,"url":"https:\/\/informelitoral.com.ar\/%77%70%2d%63%6f%6e%74%65%6e%74\/uploads\/2018\/01\/BECAS-ENTRE-R\u00cdOS.jpg","type":"image\/jpeg"}],"author":"Gonzalo Schmidt","twitter_card":"summary_large_image","twitter_creator":"@InformeLitoral","twitter_site":"@InformeLitoral","twitter_misc":{"Escrito por":"Gonzalo Schmidt","Tiempo de lectura":"2 minutos"},"schema":{"@context":"https:\/\/schema.org","@graph":[{"@type":"Article","@id":"https:\/\/informelitoral.com.ar\/inician-los-pagos-de-renovacion-de-becas-secundarias\/#article","isPartOf":{"@id":"https:\/\/informelitoral.com.ar\/inician-los-pagos-de-renovacion-de-becas-secundarias\/"},"author":{"name":"Gonzalo Schmidt","@id":"https:\/\/informelitoral.com.ar\/#\/schema\/person\/b9d00407c836482871ef1d57bf8e3180"},"headline":"Inician los pagos de renovaci\u00f3n de Becas Secundarias","datePublished":"2019-04-09T10:59:47+00:00","mainEntityOfPage":{"@id":"https:\/\/informelitoral.com.ar\/inician-los-pagos-de-renovacion-de-becas-secundarias\/"},"wordCount":330,"commentCount":0,"publisher":{"@id":"https:\/\/informelitoral.com.ar\/#organization"},"image":{"@id":"https:\/\/informelitoral.com.ar\/inician-los-pagos-de-renovacion-de-becas-secundarias\/#primaryimage"},"thumbnailUrl":"https:\/\/informelitoral.com.ar\/%77%70%2d%63%6f%6e%74%65%6e%74\/uploads\/2018\/01\/BECAS-ENTRE-R\u00cdOS.jpg","keywords":["Educaci\u00f3n","Entre R\u00edos","Gobierno provincial","InAuBePro","Instituto Becario"],"articleSection":["Entre R\u00edos"],"inLanguage":"es","potentialAction":[{"@type":"CommentAction","name":"Comment","target":["https:\/\/informelitoral.com.ar\/inician-los-pagos-de-renovacion-de-becas-secundarias\/#respond"]}]},{"@type":"WebPage","@id":"https:\/\/informelitoral.com.ar\/inician-los-pagos-de-renovacion-de-becas-secundarias\/","url":"https:\/\/informelitoral.com.ar\/inician-los-pagos-de-renovacion-de-becas-secundarias\/","name":"Inician los pagos de renovaci\u00f3n de Becas Secundarias - Informe Litoral","isPartOf":{"@id":"https:\/\/informelitoral.com.ar\/#website"},"primaryImageOfPage":{"@id":"https:\/\/informelitoral.com.ar\/inician-los-pagos-de-renovacion-de-becas-secundarias\/#primaryimage"},"image":{"@id":"https:\/\/informelitoral.com.ar\/inician-los-pagos-de-renovacion-de-becas-secundarias\/#primaryimage"},"thumbnailUrl":"https:\/\/informelitoral.com.ar\/%77%70%2d%63%6f%6e%74%65%6e%74\/uploads\/2018\/01\/BECAS-ENTRE-R\u00cdOS.jpg","datePublished":"2019-04-09T10:59:47+00:00","breadcrumb":{"@id":"https:\/\/informelitoral.com.ar\/inician-los-pagos-de-renovacion-de-becas-secundarias\/#breadcrumb"},"inLanguage":"es","potentialAction":[{"@type":"ReadAction","target":["https:\/\/informelitoral.com.ar\/inician-los-pagos-de-renovacion-de-becas-secundarias\/"]}]},{"@type":"ImageObject","inLanguage":"es","@id":"https:\/\/informelitoral.com.ar\/inician-los-pagos-de-renovacion-de-becas-secundarias\/#primaryimage","url":"https:\/\/informelitoral.com.ar\/%77%70%2d%63%6f%6e%74%65%6e%74\/uploads\/2018\/01\/BECAS-ENTRE-R\u00cdOS.jpg","contentUrl":"https:\/\/informelitoral.com.ar\/%77%70%2d%63%6f%6e%74%65%6e%74\/uploads\/2018\/01\/BECAS-ENTRE-R\u00cdOS.jpg","width":1920,"height":1280},{"@type":"BreadcrumbList","@id":"https:\/\/informelitoral.com.ar\/inician-los-pagos-de-renovacion-de-becas-secundarias\/#breadcrumb","itemListElement":[{"@type":"ListItem","position":1,"name":"Portada","item":"https:\/\/informelitoral.com.ar\/"},{"@type":"ListItem","position":2,"name":"Inician los pagos de renovaci\u00f3n de Becas Secundarias"}]},{"@type":"WebSite","@id":"https:\/\/informelitoral.com.ar\/#website","url":"https:\/\/informelitoral.com.ar\/","name":"Informe Litoral","description":"&quot;Nos informamos&quot; ","publisher":{"@id":"https:\/\/informelitoral.com.ar\/#organization"},"potentialAction":[{"@type":"SearchAction","target":{"@type":"EntryPoint","urlTemplate":"https:\/\/informelitoral.com.ar\/?s={search_term_string}"},"query-input":{"@type":"PropertyValueSpecification","valueRequired":true,"valueName":"search_term_string"}}],"inLanguage":"es"},{"@type":"Organization","@id":"https:\/\/informelitoral.com.ar\/#organization","name":"Informe Litoral","url":"https:\/\/informelitoral.com.ar\/","logo":{"@type":"ImageObject","inLanguage":"es","@id":"https:\/\/informelitoral.com.ar\/#\/schema\/logo\/image\/","url":"https:\/\/informelitoral.com.ar\/%77%70%2d%63%6f%6e%74%65%6e%74\/uploads\/2021\/01\/circulo.png","contentUrl":"https:\/\/informelitoral.com.ar\/%77%70%2d%63%6f%6e%74%65%6e%74\/uploads\/2021\/01\/circulo.png","width":723,"height":731,"caption":"Informe Litoral"},"image":{"@id":"https:\/\/informelitoral.com.ar\/#\/schema\/logo\/image\/"},"sameAs":["https:\/\/www.facebook.com\/informelitoral\/","https:\/\/x.com\/InformeLitoral","https:\/\/www.instagram.com\/informelitoral\/","https:\/\/www.youtube.com\/channel\/UCua4Qvz8Icb6MYqhoq9xLXw"]},{"@type":"Person","@id":"https:\/\/informelitoral.com.ar\/#\/schema\/person\/b9d00407c836482871ef1d57bf8e3180","name":"Gonzalo Schmidt","image":{"@type":"ImageObject","inLanguage":"es","@id":"https:\/\/secure.gravatar.com\/avatar\/31a1a7b66ff2de83bd0e9fd79d026630d2d99e55e8bfe501287647b4fd9743de?s=96&d=mm&r=g","url":"https:\/\/secure.gravatar.com\/avatar\/31a1a7b66ff2de83bd0e9fd79d026630d2d99e55e8bfe501287647b4fd9743de?s=96&d=mm&r=g","contentUrl":"https:\/\/secure.gravatar.com\/avatar\/31a1a7b66ff2de83bd0e9fd79d026630d2d99e55e8bfe501287647b4fd9743de?s=96&d=mm&r=g","caption":"Gonzalo Schmidt"},"description":"Sitio web de noticias de la provincia de Entre R\u00edos, Argentina. Informaci\u00f3n y entretenimiento. Informe Litoral, nos informamos.","sameAs":["http:\/\/www.isletasnoticias.com.ar"],"url":"https:\/\/informelitoral.com.ar\/author\/gonzalo\/"}]}},"_links":{"self":[{"href":"https:\/\/informelitoral.com.ar\/%77%70%2d%6a%73%6f%6e\/wp\/v2\/posts\/32983","targetHints":{"allow":["GET"]}}],"collection":[{"href":"https:\/\/informelitoral.com.ar\/%77%70%2d%6a%73%6f%6e\/wp\/v2\/posts"}],"about":[{"href":"https:\/\/informelitoral.com.ar\/%77%70%2d%6a%73%6f%6e\/wp\/v2\/types\/post"}],"author":[{"embeddable":true,"href":"https:\/\/informelitoral.com.ar\/%77%70%2d%6a%73%6f%6e\/wp\/v2\/users\/2"}],"replies":[{"embeddable":true,"href":"https:\/\/informelitoral.com.ar\/%77%70%2d%6a%73%6f%6e\/wp\/v2\/comments?post=32983"}],"version-history":[{"count":0,"href":"https:\/\/informelitoral.com.ar\/%77%70%2d%6a%73%6f%6e\/wp\/v2\/posts\/32983\/revisions"}],"wp:featuredmedia":[{"embeddable":true,"href":"https:\/\/informelitoral.com.ar\/%77%70%2d%6a%73%6f%6e\/wp\/v2\/media\/24713"}],"wp:attachment":[{"href":"https:\/\/informelitoral.com.ar\/%77%70%2d%6a%73%6f%6e\/wp\/v2\/media?parent=32983"}],"wp:term":[{"taxonomy":"category","embeddable":true,"href":"https:\/\/informelitoral.com.ar\/%77%70%2d%6a%73%6f%6e\/wp\/v2\/categories?post=32983"},{"taxonomy":"post_tag","embeddable":true,"href":"https:\/\/informelitoral.com.ar\/%77%70%2d%6a%73%6f%6e\/wp\/v2\/tags?post=32983"}],"curies":[{"name":"wp","href":"https:\/\/api.w.org\/{rel}","templated":true}]}}