{"id":32981,"date":"2019-04-09T07:48:29","date_gmt":"2019-04-09T10:48:29","guid":{"rendered":"https:\/\/www.isletasnoticias.com.ar\/?p=32981"},"modified":"2019-04-09T07:48:29","modified_gmt":"2019-04-09T10:48:29","slug":"congelan-precios-y-habra-descuentos-para-jubilados-y-beneficiarios-de-auh-en-supermercados","status":"publish","type":"post","link":"https:\/\/informelitoral.com.ar\/congelan-precios-y-habra-descuentos-para-jubilados-y-beneficiarios-de-auh-en-supermercados\/","title":{"rendered":"Congelan precios y habr\u00e1 descuentos para jubilados y beneficiarios de AUH en supermercados"},"content":{"rendered":"<p>La Administraci\u00f3n Nacional de la Seguridad Social (Anses) y los supermercados anunciar\u00e1n en breve una serie de descuentos para jubilados y beneficiarios de AUH y otros planes sociales.<\/p>\n<p>Los descuentos variar\u00edan en cantidad y alcance en cada supermercado, pero tendr\u00e1n un par\u00e1metro com\u00fan:\u00a0<b>alcanzar\u00e1n a todos los que paguen con una tarjeta de d\u00e9bito vinculada a una cuenta de la Anses, como una jubilaci\u00f3n o una AUH<\/b>.<\/p>\n<p>As\u00ed, las grandes cadenas preparan\u00a0<b>descuentos de entre 10 y 15 por ciento, que abarcar\u00e1n a una cantidad determinada de productos<\/b>. Por ejemplo, podr\u00edan alcanzar a todos los alimentos y art\u00edculos de limpieza y excluir a los art\u00edculos de bazar o electrodom\u00e9sticos. Adem\u00e1s, podr\u00e1n ser permanentes o acotados a uno o m\u00e1s d\u00edas a la semana.<\/p>\n<p>Los supermercados afrontar\u00e1n el costo del beneficio atra\u00eddos por la gran cantidad de clientela que podr\u00eda volcarse a las g\u00f3ndolas, en momentos en que el consumo se retrae y sus ventas caen.<\/p>\n<p>El descuento para el padr\u00f3n de Anses se aplicar\u00e1 entre lunes y mi\u00e9rcoles. Casi todas las grandes cadenas ya confirmaron su participaci\u00f3n. Tambi\u00e9n habr\u00e1 farmacias que se sumar\u00e1n.<\/p>\n<p>Seg\u00fan estimaciones oficiales, la Anses paga cada mes 17 millones de haberes de distinto tipo. Ellos acceder\u00e1n a los descuentos al pagar con tarjeta de d\u00e9bito, publica TN.<\/p>\n<p>Para el ente previsional, la bater\u00eda de descuentos ayudar\u00e1 a formalizar operaciones. Se estima que la mayor parte de jubilados y beneficiarios de la AUH retira el efectivo del cajero o de la sucursal bancaria y luego gasta el efectivo. Es dinero que puede pasar a la informalidad. Al bancarizar toda la operaci\u00f3n, las ventas tributar\u00edan y los compradores se acostumbrar\u00edan a pagar con tarjetas de d\u00e9bito.<\/p>\n<p>El programa, en alg\u00fan modo, suplantar\u00e1 al descuento generalizado de IVA que se hab\u00eda instruido en 2016 para jubilados que cobraban la m\u00ednima y beneficiarios de AUH. El descuento tambi\u00e9n corr\u00eda para pagos con tarjetas de d\u00e9bito y ten\u00eda un tope de 300 pesos, que nunca se actualiz\u00f3. Finalmente, el Gobierno decidi\u00f3 este a\u00f1o no prorrogar ese programa. Seg\u00fan argumentaron las fuentes oficiales en ese entonces, el beneficio nunca despeg\u00f3: de los 7,5 millones alcanzados, la cifra mensual de beneficiarios que efectivamente acced\u00edan al era de entre 1,2 y 1,4 mill\u00f3n.<\/p>\n<p><b>Precios congelados<\/b><br \/>\nPor otra parte, el plan incluye un acuerdo que ya firm\u00f3 el gobierno con las empresas productoras para congelar por seis meses los precios de 40 alimentos de la canasta b\u00e1sica. Entre ellos habr\u00e1 varios cortes de carne, la leche, algunas clases de galletitas y pastas secas, arroz, agua mineral y otros productos de consumo cotidiano de los argentinos. Se busca incluir a los supermercados en el acuerdo para que los productos se distribuyan lo m\u00e1ximo posible.<\/p>\n","protected":false},"excerpt":{"rendered":"<p>La Anses y los comercios trabajan en una serie de beneficios para quienes paguen con tarjeta de d\u00e9bito. Cada cadena diagramar\u00e1 su propia oferta, con una rebaja de entre 10 y 15 por ciento. Se anuncia en estos d\u00edas.<\/p>\n","protected":false},"author":2,"featured_media":27683,"comment_status":"open","ping_status":"open","sticky":false,"template":"","format":"standard","meta":{"fifu_image_url":"","fifu_image_alt":"","footnotes":""},"categories":[7],"tags":[393,95,32,310],"class_list":{"0":"post-32981","1":"post","2":"type-post","3":"status-publish","4":"format-standard","5":"has-post-thumbnail","7":"category-nacionales","8":"tag-consumo","9":"tag-inflacion","10":"tag-precios","11":"tag-supermercados"},"yoast_head":"<title>Congelan precios y habr\u00e1 descuentos para jubilados y beneficiarios de AUH en supermercados - Informe Litoral<\/title>\n<meta name=\"robots\" content=\"index, follow, max-snippet:-1, max-image-preview:large, max-video-preview:-1\" \/>\n<link rel=\"canonical\" href=\"https:\/\/informelitoral.com.ar\/congelan-precios-y-habra-descuentos-para-jubilados-y-beneficiarios-de-auh-en-supermercados\/\" \/>\n<meta property=\"og:locale\" content=\"es_ES\" \/>\n<meta property=\"og:type\" content=\"article\" \/>\n<meta property=\"og:title\" content=\"Congelan precios y habr\u00e1 descuentos para jubilados y beneficiarios de AUH en supermercados - Informe Litoral\" \/>\n<meta property=\"og:description\" content=\"La Anses y los comercios trabajan en una serie de beneficios para quienes paguen con tarjeta de d\u00e9bito. Cada cadena diagramar\u00e1 su propia oferta, con una rebaja de entre 10 y 15 por ciento. Se anuncia en estos d\u00edas.\" \/>\n<meta property=\"og:url\" content=\"https:\/\/informelitoral.com.ar\/congelan-precios-y-habra-descuentos-para-jubilados-y-beneficiarios-de-auh-en-supermercados\/\" \/>\n<meta property=\"og:site_name\" content=\"Informe Litoral\" \/>\n<meta property=\"article:publisher\" content=\"https:\/\/www.facebook.com\/informelitoral\/\" \/>\n<meta property=\"article:published_time\" content=\"2019-04-09T10:48:29+00:00\" \/>\n<meta property=\"og:image\" content=\"https:\/\/informelitoral.com.ar\/%77%70%2d%63%6f%6e%74%65%6e%74\/uploads\/2018\/06\/carro-supermercado-vacio.jpg\" \/>\n\t<meta property=\"og:image:width\" content=\"630\" \/>\n\t<meta property=\"og:image:height\" content=\"460\" \/>\n\t<meta property=\"og:image:type\" content=\"image\/jpeg\" \/>\n<meta name=\"author\" content=\"Gonzalo Schmidt\" \/>\n<meta name=\"twitter:card\" content=\"summary_large_image\" \/>\n<meta name=\"twitter:creator\" content=\"@InformeLitoral\" \/>\n<meta name=\"twitter:site\" content=\"@InformeLitoral\" \/>\n<meta name=\"twitter:label1\" content=\"Escrito por\" \/>\n\t<meta name=\"twitter:data1\" content=\"Gonzalo Schmidt\" \/>\n\t<meta name=\"twitter:label2\" content=\"Tiempo de lectura\" \/>\n\t<meta name=\"twitter:data2\" content=\"2 minutos\" \/>\n<script type=\"application\/ld+json\" class=\"yoast-schema-graph\">{\"@context\":\"https:\\\/\\\/schema.org\",\"@graph\":[{\"@type\":\"Article\",\"@id\":\"https:\\\/\\\/informelitoral.com.ar\\\/congelan-precios-y-habra-descuentos-para-jubilados-y-beneficiarios-de-auh-en-supermercados\\\/#article\",\"isPartOf\":{\"@id\":\"https:\\\/\\\/informelitoral.com.ar\\\/congelan-precios-y-habra-descuentos-para-jubilados-y-beneficiarios-de-auh-en-supermercados\\\/\"},\"author\":{\"name\":\"Gonzalo Schmidt\",\"@id\":\"https:\\\/\\\/informelitoral.com.ar\\\/#\\\/schema\\\/person\\\/b9d00407c836482871ef1d57bf8e3180\"},\"headline\":\"Congelan precios y habr\u00e1 descuentos para jubilados y beneficiarios de AUH en supermercados\",\"datePublished\":\"2019-04-09T10:48:29+00:00\",\"mainEntityOfPage\":{\"@id\":\"https:\\\/\\\/informelitoral.com.ar\\\/congelan-precios-y-habra-descuentos-para-jubilados-y-beneficiarios-de-auh-en-supermercados\\\/\"},\"wordCount\":500,\"commentCount\":0,\"publisher\":{\"@id\":\"https:\\\/\\\/informelitoral.com.ar\\\/#organization\"},\"image\":{\"@id\":\"https:\\\/\\\/informelitoral.com.ar\\\/congelan-precios-y-habra-descuentos-para-jubilados-y-beneficiarios-de-auh-en-supermercados\\\/#primaryimage\"},\"thumbnailUrl\":\"https:\\\/\\\/informelitoral.com.ar\\\/%77%70%2d%63%6f%6e%74%65%6e%74\\\/uploads\\\/2018\\\/06\\\/carro-supermercado-vacio.jpg\",\"keywords\":[\"Consumo\",\"Inflaci\u00f3n\",\"precios\",\"Supermercados\"],\"articleSection\":[\"Nacionales\"],\"inLanguage\":\"es\",\"potentialAction\":[{\"@type\":\"CommentAction\",\"name\":\"Comment\",\"target\":[\"https:\\\/\\\/informelitoral.com.ar\\\/congelan-precios-y-habra-descuentos-para-jubilados-y-beneficiarios-de-auh-en-supermercados\\\/#respond\"]}]},{\"@type\":\"WebPage\",\"@id\":\"https:\\\/\\\/informelitoral.com.ar\\\/congelan-precios-y-habra-descuentos-para-jubilados-y-beneficiarios-de-auh-en-supermercados\\\/\",\"url\":\"https:\\\/\\\/informelitoral.com.ar\\\/congelan-precios-y-habra-descuentos-para-jubilados-y-beneficiarios-de-auh-en-supermercados\\\/\",\"name\":\"Congelan precios y habr\u00e1 descuentos para jubilados y beneficiarios de AUH en supermercados - Informe Litoral\",\"isPartOf\":{\"@id\":\"https:\\\/\\\/informelitoral.com.ar\\\/#website\"},\"primaryImageOfPage\":{\"@id\":\"https:\\\/\\\/informelitoral.com.ar\\\/congelan-precios-y-habra-descuentos-para-jubilados-y-beneficiarios-de-auh-en-supermercados\\\/#primaryimage\"},\"image\":{\"@id\":\"https:\\\/\\\/informelitoral.com.ar\\\/congelan-precios-y-habra-descuentos-para-jubilados-y-beneficiarios-de-auh-en-supermercados\\\/#primaryimage\"},\"thumbnailUrl\":\"https:\\\/\\\/informelitoral.com.ar\\\/%77%70%2d%63%6f%6e%74%65%6e%74\\\/uploads\\\/2018\\\/06\\\/carro-supermercado-vacio.jpg\",\"datePublished\":\"2019-04-09T10:48:29+00:00\",\"breadcrumb\":{\"@id\":\"https:\\\/\\\/informelitoral.com.ar\\\/congelan-precios-y-habra-descuentos-para-jubilados-y-beneficiarios-de-auh-en-supermercados\\\/#breadcrumb\"},\"inLanguage\":\"es\",\"potentialAction\":[{\"@type\":\"ReadAction\",\"target\":[\"https:\\\/\\\/informelitoral.com.ar\\\/congelan-precios-y-habra-descuentos-para-jubilados-y-beneficiarios-de-auh-en-supermercados\\\/\"]}]},{\"@type\":\"ImageObject\",\"inLanguage\":\"es\",\"@id\":\"https:\\\/\\\/informelitoral.com.ar\\\/congelan-precios-y-habra-descuentos-para-jubilados-y-beneficiarios-de-auh-en-supermercados\\\/#primaryimage\",\"url\":\"https:\\\/\\\/informelitoral.com.ar\\\/%77%70%2d%63%6f%6e%74%65%6e%74\\\/uploads\\\/2018\\\/06\\\/carro-supermercado-vacio.jpg\",\"contentUrl\":\"https:\\\/\\\/informelitoral.com.ar\\\/%77%70%2d%63%6f%6e%74%65%6e%74\\\/uploads\\\/2018\\\/06\\\/carro-supermercado-vacio.jpg\",\"width\":630,\"height\":460},{\"@type\":\"BreadcrumbList\",\"@id\":\"https:\\\/\\\/informelitoral.com.ar\\\/congelan-precios-y-habra-descuentos-para-jubilados-y-beneficiarios-de-auh-en-supermercados\\\/#breadcrumb\",\"itemListElement\":[{\"@type\":\"ListItem\",\"position\":1,\"name\":\"Portada\",\"item\":\"https:\\\/\\\/informelitoral.com.ar\\\/\"},{\"@type\":\"ListItem\",\"position\":2,\"name\":\"Congelan precios y habr\u00e1 descuentos para jubilados y beneficiarios de AUH en supermercados\"}]},{\"@type\":\"WebSite\",\"@id\":\"https:\\\/\\\/informelitoral.com.ar\\\/#website\",\"url\":\"https:\\\/\\\/informelitoral.com.ar\\\/\",\"name\":\"Informe Litoral\",\"description\":\"&quot;Nos informamos&quot; \",\"publisher\":{\"@id\":\"https:\\\/\\\/informelitoral.com.ar\\\/#organization\"},\"potentialAction\":[{\"@type\":\"SearchAction\",\"target\":{\"@type\":\"EntryPoint\",\"urlTemplate\":\"https:\\\/\\\/informelitoral.com.ar\\\/?s={search_term_string}\"},\"query-input\":{\"@type\":\"PropertyValueSpecification\",\"valueRequired\":true,\"valueName\":\"search_term_string\"}}],\"inLanguage\":\"es\"},{\"@type\":\"Organization\",\"@id\":\"https:\\\/\\\/informelitoral.com.ar\\\/#organization\",\"name\":\"Informe Litoral\",\"url\":\"https:\\\/\\\/informelitoral.com.ar\\\/\",\"logo\":{\"@type\":\"ImageObject\",\"inLanguage\":\"es\",\"@id\":\"https:\\\/\\\/informelitoral.com.ar\\\/#\\\/schema\\\/logo\\\/image\\\/\",\"url\":\"https:\\\/\\\/informelitoral.com.ar\\\/%77%70%2d%63%6f%6e%74%65%6e%74\\\/uploads\\\/2021\\\/01\\\/circulo.png\",\"contentUrl\":\"https:\\\/\\\/informelitoral.com.ar\\\/%77%70%2d%63%6f%6e%74%65%6e%74\\\/uploads\\\/2021\\\/01\\\/circulo.png\",\"width\":723,\"height\":731,\"caption\":\"Informe Litoral\"},\"image\":{\"@id\":\"https:\\\/\\\/informelitoral.com.ar\\\/#\\\/schema\\\/logo\\\/image\\\/\"},\"sameAs\":[\"https:\\\/\\\/www.facebook.com\\\/informelitoral\\\/\",\"https:\\\/\\\/x.com\\\/InformeLitoral\",\"https:\\\/\\\/www.instagram.com\\\/informelitoral\\\/\",\"https:\\\/\\\/www.youtube.com\\\/channel\\\/UCua4Qvz8Icb6MYqhoq9xLXw\"]},{\"@type\":\"Person\",\"@id\":\"https:\\\/\\\/informelitoral.com.ar\\\/#\\\/schema\\\/person\\\/b9d00407c836482871ef1d57bf8e3180\",\"name\":\"Gonzalo Schmidt\",\"image\":{\"@type\":\"ImageObject\",\"inLanguage\":\"es\",\"@id\":\"https:\\\/\\\/secure.gravatar.com\\\/avatar\\\/31a1a7b66ff2de83bd0e9fd79d026630d2d99e55e8bfe501287647b4fd9743de?s=96&d=mm&r=g\",\"url\":\"https:\\\/\\\/secure.gravatar.com\\\/avatar\\\/31a1a7b66ff2de83bd0e9fd79d026630d2d99e55e8bfe501287647b4fd9743de?s=96&d=mm&r=g\",\"contentUrl\":\"https:\\\/\\\/secure.gravatar.com\\\/avatar\\\/31a1a7b66ff2de83bd0e9fd79d026630d2d99e55e8bfe501287647b4fd9743de?s=96&d=mm&r=g\",\"caption\":\"Gonzalo Schmidt\"},\"description\":\"Sitio web de noticias de la provincia de Entre R\u00edos, Argentina. Informaci\u00f3n y entretenimiento. Informe Litoral, nos informamos.\",\"sameAs\":[\"http:\\\/\\\/www.isletasnoticias.com.ar\"],\"url\":\"https:\\\/\\\/informelitoral.com.ar\\\/author\\\/gonzalo\\\/\"}]}<\/script>","yoast_head_json":{"title":"Congelan precios y habr\u00e1 descuentos para jubilados y beneficiarios de AUH en supermercados - Informe Litoral","robots":{"index":"index","follow":"follow","max-snippet":"max-snippet:-1","max-image-preview":"max-image-preview:large","max-video-preview":"max-video-preview:-1"},"canonical":"https:\/\/informelitoral.com.ar\/congelan-precios-y-habra-descuentos-para-jubilados-y-beneficiarios-de-auh-en-supermercados\/","og_locale":"es_ES","og_type":"article","og_title":"Congelan precios y habr\u00e1 descuentos para jubilados y beneficiarios de AUH en supermercados - Informe Litoral","og_description":"La Anses y los comercios trabajan en una serie de beneficios para quienes paguen con tarjeta de d\u00e9bito. Cada cadena diagramar\u00e1 su propia oferta, con una rebaja de entre 10 y 15 por ciento. Se anuncia en estos d\u00edas.","og_url":"https:\/\/informelitoral.com.ar\/congelan-precios-y-habra-descuentos-para-jubilados-y-beneficiarios-de-auh-en-supermercados\/","og_site_name":"Informe Litoral","article_publisher":"https:\/\/www.facebook.com\/informelitoral\/","article_published_time":"2019-04-09T10:48:29+00:00","og_image":[{"width":630,"height":460,"url":"https:\/\/informelitoral.com.ar\/%77%70%2d%63%6f%6e%74%65%6e%74\/uploads\/2018\/06\/carro-supermercado-vacio.jpg","type":"image\/jpeg"}],"author":"Gonzalo Schmidt","twitter_card":"summary_large_image","twitter_creator":"@InformeLitoral","twitter_site":"@InformeLitoral","twitter_misc":{"Escrito por":"Gonzalo Schmidt","Tiempo de lectura":"2 minutos"},"schema":{"@context":"https:\/\/schema.org","@graph":[{"@type":"Article","@id":"https:\/\/informelitoral.com.ar\/congelan-precios-y-habra-descuentos-para-jubilados-y-beneficiarios-de-auh-en-supermercados\/#article","isPartOf":{"@id":"https:\/\/informelitoral.com.ar\/congelan-precios-y-habra-descuentos-para-jubilados-y-beneficiarios-de-auh-en-supermercados\/"},"author":{"name":"Gonzalo Schmidt","@id":"https:\/\/informelitoral.com.ar\/#\/schema\/person\/b9d00407c836482871ef1d57bf8e3180"},"headline":"Congelan precios y habr\u00e1 descuentos para jubilados y beneficiarios de AUH en supermercados","datePublished":"2019-04-09T10:48:29+00:00","mainEntityOfPage":{"@id":"https:\/\/informelitoral.com.ar\/congelan-precios-y-habra-descuentos-para-jubilados-y-beneficiarios-de-auh-en-supermercados\/"},"wordCount":500,"commentCount":0,"publisher":{"@id":"https:\/\/informelitoral.com.ar\/#organization"},"image":{"@id":"https:\/\/informelitoral.com.ar\/congelan-precios-y-habra-descuentos-para-jubilados-y-beneficiarios-de-auh-en-supermercados\/#primaryimage"},"thumbnailUrl":"https:\/\/informelitoral.com.ar\/%77%70%2d%63%6f%6e%74%65%6e%74\/uploads\/2018\/06\/carro-supermercado-vacio.jpg","keywords":["Consumo","Inflaci\u00f3n","precios","Supermercados"],"articleSection":["Nacionales"],"inLanguage":"es","potentialAction":[{"@type":"CommentAction","name":"Comment","target":["https:\/\/informelitoral.com.ar\/congelan-precios-y-habra-descuentos-para-jubilados-y-beneficiarios-de-auh-en-supermercados\/#respond"]}]},{"@type":"WebPage","@id":"https:\/\/informelitoral.com.ar\/congelan-precios-y-habra-descuentos-para-jubilados-y-beneficiarios-de-auh-en-supermercados\/","url":"https:\/\/informelitoral.com.ar\/congelan-precios-y-habra-descuentos-para-jubilados-y-beneficiarios-de-auh-en-supermercados\/","name":"Congelan precios y habr\u00e1 descuentos para jubilados y beneficiarios de AUH en supermercados - Informe Litoral","isPartOf":{"@id":"https:\/\/informelitoral.com.ar\/#website"},"primaryImageOfPage":{"@id":"https:\/\/informelitoral.com.ar\/congelan-precios-y-habra-descuentos-para-jubilados-y-beneficiarios-de-auh-en-supermercados\/#primaryimage"},"image":{"@id":"https:\/\/informelitoral.com.ar\/congelan-precios-y-habra-descuentos-para-jubilados-y-beneficiarios-de-auh-en-supermercados\/#primaryimage"},"thumbnailUrl":"https:\/\/informelitoral.com.ar\/%77%70%2d%63%6f%6e%74%65%6e%74\/uploads\/2018\/06\/carro-supermercado-vacio.jpg","datePublished":"2019-04-09T10:48:29+00:00","breadcrumb":{"@id":"https:\/\/informelitoral.com.ar\/congelan-precios-y-habra-descuentos-para-jubilados-y-beneficiarios-de-auh-en-supermercados\/#breadcrumb"},"inLanguage":"es","potentialAction":[{"@type":"ReadAction","target":["https:\/\/informelitoral.com.ar\/congelan-precios-y-habra-descuentos-para-jubilados-y-beneficiarios-de-auh-en-supermercados\/"]}]},{"@type":"ImageObject","inLanguage":"es","@id":"https:\/\/informelitoral.com.ar\/congelan-precios-y-habra-descuentos-para-jubilados-y-beneficiarios-de-auh-en-supermercados\/#primaryimage","url":"https:\/\/informelitoral.com.ar\/%77%70%2d%63%6f%6e%74%65%6e%74\/uploads\/2018\/06\/carro-supermercado-vacio.jpg","contentUrl":"https:\/\/informelitoral.com.ar\/%77%70%2d%63%6f%6e%74%65%6e%74\/uploads\/2018\/06\/carro-supermercado-vacio.jpg","width":630,"height":460},{"@type":"BreadcrumbList","@id":"https:\/\/informelitoral.com.ar\/congelan-precios-y-habra-descuentos-para-jubilados-y-beneficiarios-de-auh-en-supermercados\/#breadcrumb","itemListElement":[{"@type":"ListItem","position":1,"name":"Portada","item":"https:\/\/informelitoral.com.ar\/"},{"@type":"ListItem","position":2,"name":"Congelan precios y habr\u00e1 descuentos para jubilados y beneficiarios de AUH en supermercados"}]},{"@type":"WebSite","@id":"https:\/\/informelitoral.com.ar\/#website","url":"https:\/\/informelitoral.com.ar\/","name":"Informe Litoral","description":"&quot;Nos informamos&quot; ","publisher":{"@id":"https:\/\/informelitoral.com.ar\/#organization"},"potentialAction":[{"@type":"SearchAction","target":{"@type":"EntryPoint","urlTemplate":"https:\/\/informelitoral.com.ar\/?s={search_term_string}"},"query-input":{"@type":"PropertyValueSpecification","valueRequired":true,"valueName":"search_term_string"}}],"inLanguage":"es"},{"@type":"Organization","@id":"https:\/\/informelitoral.com.ar\/#organization","name":"Informe Litoral","url":"https:\/\/informelitoral.com.ar\/","logo":{"@type":"ImageObject","inLanguage":"es","@id":"https:\/\/informelitoral.com.ar\/#\/schema\/logo\/image\/","url":"https:\/\/informelitoral.com.ar\/%77%70%2d%63%6f%6e%74%65%6e%74\/uploads\/2021\/01\/circulo.png","contentUrl":"https:\/\/informelitoral.com.ar\/%77%70%2d%63%6f%6e%74%65%6e%74\/uploads\/2021\/01\/circulo.png","width":723,"height":731,"caption":"Informe Litoral"},"image":{"@id":"https:\/\/informelitoral.com.ar\/#\/schema\/logo\/image\/"},"sameAs":["https:\/\/www.facebook.com\/informelitoral\/","https:\/\/x.com\/InformeLitoral","https:\/\/www.instagram.com\/informelitoral\/","https:\/\/www.youtube.com\/channel\/UCua4Qvz8Icb6MYqhoq9xLXw"]},{"@type":"Person","@id":"https:\/\/informelitoral.com.ar\/#\/schema\/person\/b9d00407c836482871ef1d57bf8e3180","name":"Gonzalo Schmidt","image":{"@type":"ImageObject","inLanguage":"es","@id":"https:\/\/secure.gravatar.com\/avatar\/31a1a7b66ff2de83bd0e9fd79d026630d2d99e55e8bfe501287647b4fd9743de?s=96&d=mm&r=g","url":"https:\/\/secure.gravatar.com\/avatar\/31a1a7b66ff2de83bd0e9fd79d026630d2d99e55e8bfe501287647b4fd9743de?s=96&d=mm&r=g","contentUrl":"https:\/\/secure.gravatar.com\/avatar\/31a1a7b66ff2de83bd0e9fd79d026630d2d99e55e8bfe501287647b4fd9743de?s=96&d=mm&r=g","caption":"Gonzalo Schmidt"},"description":"Sitio web de noticias de la provincia de Entre R\u00edos, Argentina. Informaci\u00f3n y entretenimiento. Informe Litoral, nos informamos.","sameAs":["http:\/\/www.isletasnoticias.com.ar"],"url":"https:\/\/informelitoral.com.ar\/author\/gonzalo\/"}]}},"_links":{"self":[{"href":"https:\/\/informelitoral.com.ar\/%77%70%2d%6a%73%6f%6e\/wp\/v2\/posts\/32981","targetHints":{"allow":["GET"]}}],"collection":[{"href":"https:\/\/informelitoral.com.ar\/%77%70%2d%6a%73%6f%6e\/wp\/v2\/posts"}],"about":[{"href":"https:\/\/informelitoral.com.ar\/%77%70%2d%6a%73%6f%6e\/wp\/v2\/types\/post"}],"author":[{"embeddable":true,"href":"https:\/\/informelitoral.com.ar\/%77%70%2d%6a%73%6f%6e\/wp\/v2\/users\/2"}],"replies":[{"embeddable":true,"href":"https:\/\/informelitoral.com.ar\/%77%70%2d%6a%73%6f%6e\/wp\/v2\/comments?post=32981"}],"version-history":[{"count":0,"href":"https:\/\/informelitoral.com.ar\/%77%70%2d%6a%73%6f%6e\/wp\/v2\/posts\/32981\/revisions"}],"wp:featuredmedia":[{"embeddable":true,"href":"https:\/\/informelitoral.com.ar\/%77%70%2d%6a%73%6f%6e\/wp\/v2\/media\/27683"}],"wp:attachment":[{"href":"https:\/\/informelitoral.com.ar\/%77%70%2d%6a%73%6f%6e\/wp\/v2\/media?parent=32981"}],"wp:term":[{"taxonomy":"category","embeddable":true,"href":"https:\/\/informelitoral.com.ar\/%77%70%2d%6a%73%6f%6e\/wp\/v2\/categories?post=32981"},{"taxonomy":"post_tag","embeddable":true,"href":"https:\/\/informelitoral.com.ar\/%77%70%2d%6a%73%6f%6e\/wp\/v2\/tags?post=32981"}],"curies":[{"name":"wp","href":"https:\/\/api.w.org\/{rel}","templated":true}]}}