{"id":32979,"date":"2019-04-09T07:43:28","date_gmt":"2019-04-09T10:43:28","guid":{"rendered":"https:\/\/www.isletasnoticias.com.ar\/?p=32979"},"modified":"2019-04-09T07:45:19","modified_gmt":"2019-04-09T10:45:19","slug":"transportar-mercaderia-por-ruta-aumento-9-en-marzo-y-acumula-12-en-el-primer-trimestre","status":"publish","type":"post","link":"https:\/\/informelitoral.com.ar\/transportar-mercaderia-por-ruta-aumento-9-en-marzo-y-acumula-12-en-el-primer-trimestre\/","title":{"rendered":"Transportar mercader\u00eda por ruta aument\u00f3 9% en marzo y acumula 12% en el primer trimestre"},"content":{"rendered":"<p>El \u00cdndice de Costos de Transporte elaborado por FADEEAC (Federaci\u00f3n Argentina de Entidades Empresarias del Autotransporte de Cargas) volvi\u00f3 a exhibir en marzo de 2019 un fuerte incremento del 8.63 %.<\/p>\n<p>\u201cCon esta cifra se acumula un aumento de un 12% en el primer trimestre de 2019, lo que implica la continuidad de la aceleraci\u00f3n de la variaci\u00f3n de los costos del transporte de carga en el pa\u00eds, con significativo impacto a partir de la segunda parte del 2018. La suba acumula 66.13% en los \u00faltimos doce meses\u201d, detall\u00f3 la Federaci\u00f3n.<\/p>\n<p>Fadeeac remarc\u00f3 adem\u00e1s que \u201cen estos t\u00e9rminos, no se prev\u00e9 en el corto plazo la morigeraci\u00f3n de los aumentos de costos, en un contexto general tambi\u00e9n caracterizado por la alta inflaci\u00f3n mayorista y minorista. Por el contrario, con el ICT de marzo la variaci\u00f3n acumulada de los costos del Transporte de Carga en los \u00faltimos doce meses alcanz\u00f3 el 66.1 %, con la continuidad de la brecha en torno a los 14\/15 puntos por encima del nivel general de precios minorista\u201d.<\/p>\n<p>\u201cEl incremento del \u00cdndice en marzo responde a las variaciones de la mayor\u00eda de los principales insumos. Entre ellos se destaca el combustible, debido al fuerte aumento a principios y a fin del mes. Este rubro se increment\u00f3 7.92%, tanto en los segmentos minorista como mayorista del gasoil, y acumula el 9 % en el primer trimestre\u201d, indica el informe.<\/p>\n<p>La alerta se enciende con \u201cla magnitud del alza del combustible, del 120 % desde la desregulaci\u00f3n del mercado de hidrocarburos no se detiene en 2019, lo que impacta cada vez m\u00e1s en las estructuras de costos del transporte, y agrava la ecuaci\u00f3n econ\u00f3mico-financiera de las empresas\u201d.<\/p>\n<p>Por otro lado, \u201cse registr\u00f3 un incremento del costo laboral, que surge del tercer tramo del acuerdo paritario rubricado en junio 2018, con su impacto directo en Personal (Conducci\u00f3n) en un 11 %, y en los rubros componentes relacionados, Reparaciones (4.44%) y Gastos Generales (5.72 %). En la revisi\u00f3n del acuerdo del mes de octubre, se acord\u00f3 la actualizaci\u00f3n salarial. El aumento global se distribuy\u00f3 en cuatro cuotas: 8 % en julio y 11 % en noviembre de 2018, en tanto que el otro 11 % fue efectivizado en marzo y un restante 5.25 % se completar\u00e1 en mayo de 2019\u201d, aseguraron.<\/p>\n<p>En tanto, Peajes trep\u00f3 un 43.56 % y se constituye como el rubro de mayor incremento en el mes. Lidera la suba en el primer trimestre del a\u00f1o con el 62%, ya sea en rutas nacionales como accesos.<\/p>\n<p><a href=\"http:\/\/www.infocampo.com.ar\/%77%70%2d%63%6f%6e%74%65%6e%74\/uploads\/2019\/04\/indices-costos-03-19-05.jpg\" data-slb-active=\"1\" data-slb-asset=\"1638948806\" data-slb-internal=\"0\" data-slb-group=\"418162\"><img loading=\"lazy\" decoding=\"async\" class=\"aligncenter size-large wp-image-418178\" src=\"http:\/\/www.infocampo.com.ar\/%77%70%2d%63%6f%6e%74%65%6e%74\/uploads\/2019\/04\/indices-costos-03-19-05-1024x1024.jpg\" sizes=\"auto, (max-width: 680px) 100vw, 680px\" srcset=\"https:\/\/www.infocampo.com.ar\/%77%70%2d%63%6f%6e%74%65%6e%74\/uploads\/2019\/04\/indices-costos-03-19-05-1024x1024.jpg 1024w, https:\/\/www.infocampo.com.ar\/%77%70%2d%63%6f%6e%74%65%6e%74\/uploads\/2019\/04\/indices-costos-03-19-05-150x150.jpg 150w, https:\/\/www.infocampo.com.ar\/%77%70%2d%63%6f%6e%74%65%6e%74\/uploads\/2019\/04\/indices-costos-03-19-05-300x300.jpg 300w, https:\/\/www.infocampo.com.ar\/%77%70%2d%63%6f%6e%74%65%6e%74\/uploads\/2019\/04\/indices-costos-03-19-05-768x768.jpg 768w, https:\/\/www.infocampo.com.ar\/%77%70%2d%63%6f%6e%74%65%6e%74\/uploads\/2019\/04\/indices-costos-03-19-05-125x125.jpg 125w\" alt=\"\" width=\"680\" height=\"680\" \/><\/a><\/p>\n","protected":false},"excerpt":{"rendered":"<p>\u201cEl combustible es el principal responsable del incremento del \u00cdndice entre abril de 2018 y marzo de 2019, mientras que Peajes es el rubro que m\u00e1s aument\u00f3 en el \u00faltimo mes\u201d, inform\u00f3 Fadeeac.<\/p>\n","protected":false},"author":2,"featured_media":14713,"comment_status":"open","ping_status":"open","sticky":false,"template":"","format":"standard","meta":{"fifu_image_url":"","fifu_image_alt":"","footnotes":""},"categories":[7],"tags":[95,120,963],"class_list":{"0":"post-32979","1":"post","2":"type-post","3":"status-publish","4":"format-standard","5":"has-post-thumbnail","7":"category-nacionales","8":"tag-inflacion","9":"tag-produccion","10":"tag-transportistas"},"yoast_head":"<title>Transportar mercader\u00eda por ruta aument\u00f3 9% en marzo y acumula 12% en el primer trimestre - Informe Litoral<\/title>\n<meta name=\"robots\" content=\"index, follow, max-snippet:-1, max-image-preview:large, max-video-preview:-1\" \/>\n<link rel=\"canonical\" href=\"https:\/\/informelitoral.com.ar\/transportar-mercaderia-por-ruta-aumento-9-en-marzo-y-acumula-12-en-el-primer-trimestre\/\" \/>\n<meta property=\"og:locale\" content=\"es_ES\" \/>\n<meta property=\"og:type\" content=\"article\" \/>\n<meta property=\"og:title\" content=\"Transportar mercader\u00eda por ruta aument\u00f3 9% en marzo y acumula 12% en el primer trimestre - Informe Litoral\" \/>\n<meta property=\"og:description\" content=\"\u201cEl combustible es el principal responsable del incremento del \u00cdndice entre abril de 2018 y marzo de 2019, mientras que Peajes es el rubro que m\u00e1s aument\u00f3 en el \u00faltimo mes\u201d, inform\u00f3 Fadeeac.\" \/>\n<meta property=\"og:url\" content=\"https:\/\/informelitoral.com.ar\/transportar-mercaderia-por-ruta-aumento-9-en-marzo-y-acumula-12-en-el-primer-trimestre\/\" \/>\n<meta property=\"og:site_name\" content=\"Informe Litoral\" \/>\n<meta property=\"article:publisher\" content=\"https:\/\/www.facebook.com\/informelitoral\/\" \/>\n<meta property=\"article:published_time\" content=\"2019-04-09T10:43:28+00:00\" \/>\n<meta property=\"article:modified_time\" content=\"2019-04-09T10:45:19+00:00\" \/>\n<meta property=\"og:image\" content=\"https:\/\/informelitoral.com.ar\/%77%70%2d%63%6f%6e%74%65%6e%74\/uploads\/2016\/03\/i19081-puerto-camion-631.jpg\" \/>\n\t<meta property=\"og:image:width\" content=\"631\" \/>\n\t<meta property=\"og:image:height\" content=\"280\" \/>\n\t<meta property=\"og:image:type\" content=\"image\/jpeg\" \/>\n<meta name=\"author\" content=\"Gonzalo Schmidt\" \/>\n<meta name=\"twitter:card\" content=\"summary_large_image\" \/>\n<meta name=\"twitter:creator\" content=\"@InformeLitoral\" \/>\n<meta name=\"twitter:site\" content=\"@InformeLitoral\" \/>\n<meta name=\"twitter:label1\" content=\"Escrito por\" \/>\n\t<meta name=\"twitter:data1\" content=\"Gonzalo Schmidt\" \/>\n\t<meta name=\"twitter:label2\" content=\"Tiempo de lectura\" \/>\n\t<meta name=\"twitter:data2\" content=\"2 minutos\" \/>\n<script type=\"application\/ld+json\" class=\"yoast-schema-graph\">{\"@context\":\"https:\\\/\\\/schema.org\",\"@graph\":[{\"@type\":\"Article\",\"@id\":\"https:\\\/\\\/informelitoral.com.ar\\\/transportar-mercaderia-por-ruta-aumento-9-en-marzo-y-acumula-12-en-el-primer-trimestre\\\/#article\",\"isPartOf\":{\"@id\":\"https:\\\/\\\/informelitoral.com.ar\\\/transportar-mercaderia-por-ruta-aumento-9-en-marzo-y-acumula-12-en-el-primer-trimestre\\\/\"},\"author\":{\"name\":\"Gonzalo Schmidt\",\"@id\":\"https:\\\/\\\/informelitoral.com.ar\\\/#\\\/schema\\\/person\\\/b9d00407c836482871ef1d57bf8e3180\"},\"headline\":\"Transportar mercader\u00eda por ruta aument\u00f3 9% en marzo y acumula 12% en el primer trimestre\",\"datePublished\":\"2019-04-09T10:43:28+00:00\",\"dateModified\":\"2019-04-09T10:45:19+00:00\",\"mainEntityOfPage\":{\"@id\":\"https:\\\/\\\/informelitoral.com.ar\\\/transportar-mercaderia-por-ruta-aumento-9-en-marzo-y-acumula-12-en-el-primer-trimestre\\\/\"},\"wordCount\":418,\"commentCount\":0,\"publisher\":{\"@id\":\"https:\\\/\\\/informelitoral.com.ar\\\/#organization\"},\"image\":{\"@id\":\"https:\\\/\\\/informelitoral.com.ar\\\/transportar-mercaderia-por-ruta-aumento-9-en-marzo-y-acumula-12-en-el-primer-trimestre\\\/#primaryimage\"},\"thumbnailUrl\":\"https:\\\/\\\/informelitoral.com.ar\\\/%77%70%2d%63%6f%6e%74%65%6e%74\\\/uploads\\\/2016\\\/03\\\/i19081-puerto-camion-631.jpg\",\"keywords\":[\"Inflaci\u00f3n\",\"Producci\u00f3n\",\"Transportistas\"],\"articleSection\":[\"Nacionales\"],\"inLanguage\":\"es\",\"potentialAction\":[{\"@type\":\"CommentAction\",\"name\":\"Comment\",\"target\":[\"https:\\\/\\\/informelitoral.com.ar\\\/transportar-mercaderia-por-ruta-aumento-9-en-marzo-y-acumula-12-en-el-primer-trimestre\\\/#respond\"]}]},{\"@type\":\"WebPage\",\"@id\":\"https:\\\/\\\/informelitoral.com.ar\\\/transportar-mercaderia-por-ruta-aumento-9-en-marzo-y-acumula-12-en-el-primer-trimestre\\\/\",\"url\":\"https:\\\/\\\/informelitoral.com.ar\\\/transportar-mercaderia-por-ruta-aumento-9-en-marzo-y-acumula-12-en-el-primer-trimestre\\\/\",\"name\":\"Transportar mercader\u00eda por ruta aument\u00f3 9% en marzo y acumula 12% en el primer trimestre - Informe Litoral\",\"isPartOf\":{\"@id\":\"https:\\\/\\\/informelitoral.com.ar\\\/#website\"},\"primaryImageOfPage\":{\"@id\":\"https:\\\/\\\/informelitoral.com.ar\\\/transportar-mercaderia-por-ruta-aumento-9-en-marzo-y-acumula-12-en-el-primer-trimestre\\\/#primaryimage\"},\"image\":{\"@id\":\"https:\\\/\\\/informelitoral.com.ar\\\/transportar-mercaderia-por-ruta-aumento-9-en-marzo-y-acumula-12-en-el-primer-trimestre\\\/#primaryimage\"},\"thumbnailUrl\":\"https:\\\/\\\/informelitoral.com.ar\\\/%77%70%2d%63%6f%6e%74%65%6e%74\\\/uploads\\\/2016\\\/03\\\/i19081-puerto-camion-631.jpg\",\"datePublished\":\"2019-04-09T10:43:28+00:00\",\"dateModified\":\"2019-04-09T10:45:19+00:00\",\"breadcrumb\":{\"@id\":\"https:\\\/\\\/informelitoral.com.ar\\\/transportar-mercaderia-por-ruta-aumento-9-en-marzo-y-acumula-12-en-el-primer-trimestre\\\/#breadcrumb\"},\"inLanguage\":\"es\",\"potentialAction\":[{\"@type\":\"ReadAction\",\"target\":[\"https:\\\/\\\/informelitoral.com.ar\\\/transportar-mercaderia-por-ruta-aumento-9-en-marzo-y-acumula-12-en-el-primer-trimestre\\\/\"]}]},{\"@type\":\"ImageObject\",\"inLanguage\":\"es\",\"@id\":\"https:\\\/\\\/informelitoral.com.ar\\\/transportar-mercaderia-por-ruta-aumento-9-en-marzo-y-acumula-12-en-el-primer-trimestre\\\/#primaryimage\",\"url\":\"https:\\\/\\\/informelitoral.com.ar\\\/%77%70%2d%63%6f%6e%74%65%6e%74\\\/uploads\\\/2016\\\/03\\\/i19081-puerto-camion-631.jpg\",\"contentUrl\":\"https:\\\/\\\/informelitoral.com.ar\\\/%77%70%2d%63%6f%6e%74%65%6e%74\\\/uploads\\\/2016\\\/03\\\/i19081-puerto-camion-631.jpg\",\"width\":631,\"height\":280},{\"@type\":\"BreadcrumbList\",\"@id\":\"https:\\\/\\\/informelitoral.com.ar\\\/transportar-mercaderia-por-ruta-aumento-9-en-marzo-y-acumula-12-en-el-primer-trimestre\\\/#breadcrumb\",\"itemListElement\":[{\"@type\":\"ListItem\",\"position\":1,\"name\":\"Portada\",\"item\":\"https:\\\/\\\/informelitoral.com.ar\\\/\"},{\"@type\":\"ListItem\",\"position\":2,\"name\":\"Transportar mercader\u00eda por ruta aument\u00f3 9% en marzo y acumula 12% en el primer trimestre\"}]},{\"@type\":\"WebSite\",\"@id\":\"https:\\\/\\\/informelitoral.com.ar\\\/#website\",\"url\":\"https:\\\/\\\/informelitoral.com.ar\\\/\",\"name\":\"Informe Litoral\",\"description\":\"&quot;Nos informamos&quot; \",\"publisher\":{\"@id\":\"https:\\\/\\\/informelitoral.com.ar\\\/#organization\"},\"potentialAction\":[{\"@type\":\"SearchAction\",\"target\":{\"@type\":\"EntryPoint\",\"urlTemplate\":\"https:\\\/\\\/informelitoral.com.ar\\\/?s={search_term_string}\"},\"query-input\":{\"@type\":\"PropertyValueSpecification\",\"valueRequired\":true,\"valueName\":\"search_term_string\"}}],\"inLanguage\":\"es\"},{\"@type\":\"Organization\",\"@id\":\"https:\\\/\\\/informelitoral.com.ar\\\/#organization\",\"name\":\"Informe Litoral\",\"url\":\"https:\\\/\\\/informelitoral.com.ar\\\/\",\"logo\":{\"@type\":\"ImageObject\",\"inLanguage\":\"es\",\"@id\":\"https:\\\/\\\/informelitoral.com.ar\\\/#\\\/schema\\\/logo\\\/image\\\/\",\"url\":\"https:\\\/\\\/informelitoral.com.ar\\\/%77%70%2d%63%6f%6e%74%65%6e%74\\\/uploads\\\/2021\\\/01\\\/circulo.png\",\"contentUrl\":\"https:\\\/\\\/informelitoral.com.ar\\\/%77%70%2d%63%6f%6e%74%65%6e%74\\\/uploads\\\/2021\\\/01\\\/circulo.png\",\"width\":723,\"height\":731,\"caption\":\"Informe Litoral\"},\"image\":{\"@id\":\"https:\\\/\\\/informelitoral.com.ar\\\/#\\\/schema\\\/logo\\\/image\\\/\"},\"sameAs\":[\"https:\\\/\\\/www.facebook.com\\\/informelitoral\\\/\",\"https:\\\/\\\/x.com\\\/InformeLitoral\",\"https:\\\/\\\/www.instagram.com\\\/informelitoral\\\/\",\"https:\\\/\\\/www.youtube.com\\\/channel\\\/UCua4Qvz8Icb6MYqhoq9xLXw\"]},{\"@type\":\"Person\",\"@id\":\"https:\\\/\\\/informelitoral.com.ar\\\/#\\\/schema\\\/person\\\/b9d00407c836482871ef1d57bf8e3180\",\"name\":\"Gonzalo Schmidt\",\"image\":{\"@type\":\"ImageObject\",\"inLanguage\":\"es\",\"@id\":\"https:\\\/\\\/secure.gravatar.com\\\/avatar\\\/31a1a7b66ff2de83bd0e9fd79d026630d2d99e55e8bfe501287647b4fd9743de?s=96&d=mm&r=g\",\"url\":\"https:\\\/\\\/secure.gravatar.com\\\/avatar\\\/31a1a7b66ff2de83bd0e9fd79d026630d2d99e55e8bfe501287647b4fd9743de?s=96&d=mm&r=g\",\"contentUrl\":\"https:\\\/\\\/secure.gravatar.com\\\/avatar\\\/31a1a7b66ff2de83bd0e9fd79d026630d2d99e55e8bfe501287647b4fd9743de?s=96&d=mm&r=g\",\"caption\":\"Gonzalo Schmidt\"},\"description\":\"Sitio web de noticias de la provincia de Entre R\u00edos, Argentina. Informaci\u00f3n y entretenimiento. Informe Litoral, nos informamos.\",\"sameAs\":[\"http:\\\/\\\/www.isletasnoticias.com.ar\"],\"url\":\"https:\\\/\\\/informelitoral.com.ar\\\/author\\\/gonzalo\\\/\"}]}<\/script>","yoast_head_json":{"title":"Transportar mercader\u00eda por ruta aument\u00f3 9% en marzo y acumula 12% en el primer trimestre - Informe Litoral","robots":{"index":"index","follow":"follow","max-snippet":"max-snippet:-1","max-image-preview":"max-image-preview:large","max-video-preview":"max-video-preview:-1"},"canonical":"https:\/\/informelitoral.com.ar\/transportar-mercaderia-por-ruta-aumento-9-en-marzo-y-acumula-12-en-el-primer-trimestre\/","og_locale":"es_ES","og_type":"article","og_title":"Transportar mercader\u00eda por ruta aument\u00f3 9% en marzo y acumula 12% en el primer trimestre - Informe Litoral","og_description":"\u201cEl combustible es el principal responsable del incremento del \u00cdndice entre abril de 2018 y marzo de 2019, mientras que Peajes es el rubro que m\u00e1s aument\u00f3 en el \u00faltimo mes\u201d, inform\u00f3 Fadeeac.","og_url":"https:\/\/informelitoral.com.ar\/transportar-mercaderia-por-ruta-aumento-9-en-marzo-y-acumula-12-en-el-primer-trimestre\/","og_site_name":"Informe Litoral","article_publisher":"https:\/\/www.facebook.com\/informelitoral\/","article_published_time":"2019-04-09T10:43:28+00:00","article_modified_time":"2019-04-09T10:45:19+00:00","og_image":[{"width":631,"height":280,"url":"https:\/\/informelitoral.com.ar\/%77%70%2d%63%6f%6e%74%65%6e%74\/uploads\/2016\/03\/i19081-puerto-camion-631.jpg","type":"image\/jpeg"}],"author":"Gonzalo Schmidt","twitter_card":"summary_large_image","twitter_creator":"@InformeLitoral","twitter_site":"@InformeLitoral","twitter_misc":{"Escrito por":"Gonzalo Schmidt","Tiempo de lectura":"2 minutos"},"schema":{"@context":"https:\/\/schema.org","@graph":[{"@type":"Article","@id":"https:\/\/informelitoral.com.ar\/transportar-mercaderia-por-ruta-aumento-9-en-marzo-y-acumula-12-en-el-primer-trimestre\/#article","isPartOf":{"@id":"https:\/\/informelitoral.com.ar\/transportar-mercaderia-por-ruta-aumento-9-en-marzo-y-acumula-12-en-el-primer-trimestre\/"},"author":{"name":"Gonzalo Schmidt","@id":"https:\/\/informelitoral.com.ar\/#\/schema\/person\/b9d00407c836482871ef1d57bf8e3180"},"headline":"Transportar mercader\u00eda por ruta aument\u00f3 9% en marzo y acumula 12% en el primer trimestre","datePublished":"2019-04-09T10:43:28+00:00","dateModified":"2019-04-09T10:45:19+00:00","mainEntityOfPage":{"@id":"https:\/\/informelitoral.com.ar\/transportar-mercaderia-por-ruta-aumento-9-en-marzo-y-acumula-12-en-el-primer-trimestre\/"},"wordCount":418,"commentCount":0,"publisher":{"@id":"https:\/\/informelitoral.com.ar\/#organization"},"image":{"@id":"https:\/\/informelitoral.com.ar\/transportar-mercaderia-por-ruta-aumento-9-en-marzo-y-acumula-12-en-el-primer-trimestre\/#primaryimage"},"thumbnailUrl":"https:\/\/informelitoral.com.ar\/%77%70%2d%63%6f%6e%74%65%6e%74\/uploads\/2016\/03\/i19081-puerto-camion-631.jpg","keywords":["Inflaci\u00f3n","Producci\u00f3n","Transportistas"],"articleSection":["Nacionales"],"inLanguage":"es","potentialAction":[{"@type":"CommentAction","name":"Comment","target":["https:\/\/informelitoral.com.ar\/transportar-mercaderia-por-ruta-aumento-9-en-marzo-y-acumula-12-en-el-primer-trimestre\/#respond"]}]},{"@type":"WebPage","@id":"https:\/\/informelitoral.com.ar\/transportar-mercaderia-por-ruta-aumento-9-en-marzo-y-acumula-12-en-el-primer-trimestre\/","url":"https:\/\/informelitoral.com.ar\/transportar-mercaderia-por-ruta-aumento-9-en-marzo-y-acumula-12-en-el-primer-trimestre\/","name":"Transportar mercader\u00eda por ruta aument\u00f3 9% en marzo y acumula 12% en el primer trimestre - Informe Litoral","isPartOf":{"@id":"https:\/\/informelitoral.com.ar\/#website"},"primaryImageOfPage":{"@id":"https:\/\/informelitoral.com.ar\/transportar-mercaderia-por-ruta-aumento-9-en-marzo-y-acumula-12-en-el-primer-trimestre\/#primaryimage"},"image":{"@id":"https:\/\/informelitoral.com.ar\/transportar-mercaderia-por-ruta-aumento-9-en-marzo-y-acumula-12-en-el-primer-trimestre\/#primaryimage"},"thumbnailUrl":"https:\/\/informelitoral.com.ar\/%77%70%2d%63%6f%6e%74%65%6e%74\/uploads\/2016\/03\/i19081-puerto-camion-631.jpg","datePublished":"2019-04-09T10:43:28+00:00","dateModified":"2019-04-09T10:45:19+00:00","breadcrumb":{"@id":"https:\/\/informelitoral.com.ar\/transportar-mercaderia-por-ruta-aumento-9-en-marzo-y-acumula-12-en-el-primer-trimestre\/#breadcrumb"},"inLanguage":"es","potentialAction":[{"@type":"ReadAction","target":["https:\/\/informelitoral.com.ar\/transportar-mercaderia-por-ruta-aumento-9-en-marzo-y-acumula-12-en-el-primer-trimestre\/"]}]},{"@type":"ImageObject","inLanguage":"es","@id":"https:\/\/informelitoral.com.ar\/transportar-mercaderia-por-ruta-aumento-9-en-marzo-y-acumula-12-en-el-primer-trimestre\/#primaryimage","url":"https:\/\/informelitoral.com.ar\/%77%70%2d%63%6f%6e%74%65%6e%74\/uploads\/2016\/03\/i19081-puerto-camion-631.jpg","contentUrl":"https:\/\/informelitoral.com.ar\/%77%70%2d%63%6f%6e%74%65%6e%74\/uploads\/2016\/03\/i19081-puerto-camion-631.jpg","width":631,"height":280},{"@type":"BreadcrumbList","@id":"https:\/\/informelitoral.com.ar\/transportar-mercaderia-por-ruta-aumento-9-en-marzo-y-acumula-12-en-el-primer-trimestre\/#breadcrumb","itemListElement":[{"@type":"ListItem","position":1,"name":"Portada","item":"https:\/\/informelitoral.com.ar\/"},{"@type":"ListItem","position":2,"name":"Transportar mercader\u00eda por ruta aument\u00f3 9% en marzo y acumula 12% en el primer trimestre"}]},{"@type":"WebSite","@id":"https:\/\/informelitoral.com.ar\/#website","url":"https:\/\/informelitoral.com.ar\/","name":"Informe Litoral","description":"&quot;Nos informamos&quot; ","publisher":{"@id":"https:\/\/informelitoral.com.ar\/#organization"},"potentialAction":[{"@type":"SearchAction","target":{"@type":"EntryPoint","urlTemplate":"https:\/\/informelitoral.com.ar\/?s={search_term_string}"},"query-input":{"@type":"PropertyValueSpecification","valueRequired":true,"valueName":"search_term_string"}}],"inLanguage":"es"},{"@type":"Organization","@id":"https:\/\/informelitoral.com.ar\/#organization","name":"Informe Litoral","url":"https:\/\/informelitoral.com.ar\/","logo":{"@type":"ImageObject","inLanguage":"es","@id":"https:\/\/informelitoral.com.ar\/#\/schema\/logo\/image\/","url":"https:\/\/informelitoral.com.ar\/%77%70%2d%63%6f%6e%74%65%6e%74\/uploads\/2021\/01\/circulo.png","contentUrl":"https:\/\/informelitoral.com.ar\/%77%70%2d%63%6f%6e%74%65%6e%74\/uploads\/2021\/01\/circulo.png","width":723,"height":731,"caption":"Informe Litoral"},"image":{"@id":"https:\/\/informelitoral.com.ar\/#\/schema\/logo\/image\/"},"sameAs":["https:\/\/www.facebook.com\/informelitoral\/","https:\/\/x.com\/InformeLitoral","https:\/\/www.instagram.com\/informelitoral\/","https:\/\/www.youtube.com\/channel\/UCua4Qvz8Icb6MYqhoq9xLXw"]},{"@type":"Person","@id":"https:\/\/informelitoral.com.ar\/#\/schema\/person\/b9d00407c836482871ef1d57bf8e3180","name":"Gonzalo Schmidt","image":{"@type":"ImageObject","inLanguage":"es","@id":"https:\/\/secure.gravatar.com\/avatar\/31a1a7b66ff2de83bd0e9fd79d026630d2d99e55e8bfe501287647b4fd9743de?s=96&d=mm&r=g","url":"https:\/\/secure.gravatar.com\/avatar\/31a1a7b66ff2de83bd0e9fd79d026630d2d99e55e8bfe501287647b4fd9743de?s=96&d=mm&r=g","contentUrl":"https:\/\/secure.gravatar.com\/avatar\/31a1a7b66ff2de83bd0e9fd79d026630d2d99e55e8bfe501287647b4fd9743de?s=96&d=mm&r=g","caption":"Gonzalo Schmidt"},"description":"Sitio web de noticias de la provincia de Entre R\u00edos, Argentina. Informaci\u00f3n y entretenimiento. Informe Litoral, nos informamos.","sameAs":["http:\/\/www.isletasnoticias.com.ar"],"url":"https:\/\/informelitoral.com.ar\/author\/gonzalo\/"}]}},"_links":{"self":[{"href":"https:\/\/informelitoral.com.ar\/%77%70%2d%6a%73%6f%6e\/wp\/v2\/posts\/32979","targetHints":{"allow":["GET"]}}],"collection":[{"href":"https:\/\/informelitoral.com.ar\/%77%70%2d%6a%73%6f%6e\/wp\/v2\/posts"}],"about":[{"href":"https:\/\/informelitoral.com.ar\/%77%70%2d%6a%73%6f%6e\/wp\/v2\/types\/post"}],"author":[{"embeddable":true,"href":"https:\/\/informelitoral.com.ar\/%77%70%2d%6a%73%6f%6e\/wp\/v2\/users\/2"}],"replies":[{"embeddable":true,"href":"https:\/\/informelitoral.com.ar\/%77%70%2d%6a%73%6f%6e\/wp\/v2\/comments?post=32979"}],"version-history":[{"count":0,"href":"https:\/\/informelitoral.com.ar\/%77%70%2d%6a%73%6f%6e\/wp\/v2\/posts\/32979\/revisions"}],"wp:featuredmedia":[{"embeddable":true,"href":"https:\/\/informelitoral.com.ar\/%77%70%2d%6a%73%6f%6e\/wp\/v2\/media\/14713"}],"wp:attachment":[{"href":"https:\/\/informelitoral.com.ar\/%77%70%2d%6a%73%6f%6e\/wp\/v2\/media?parent=32979"}],"wp:term":[{"taxonomy":"category","embeddable":true,"href":"https:\/\/informelitoral.com.ar\/%77%70%2d%6a%73%6f%6e\/wp\/v2\/categories?post=32979"},{"taxonomy":"post_tag","embeddable":true,"href":"https:\/\/informelitoral.com.ar\/%77%70%2d%6a%73%6f%6e\/wp\/v2\/tags?post=32979"}],"curies":[{"name":"wp","href":"https:\/\/api.w.org\/{rel}","templated":true}]}}