{"id":32852,"date":"2019-04-03T10:28:58","date_gmt":"2019-04-03T13:28:58","guid":{"rendered":"https:\/\/www.isletasnoticias.com.ar\/?p=32852"},"modified":"2019-04-03T10:42:02","modified_gmt":"2019-04-03T13:42:02","slug":"sergio-massa-presento-sus-propuestas-en-caso-que-llegue-a-la-presidencia","status":"publish","type":"post","link":"https:\/\/informelitoral.com.ar\/sergio-massa-presento-sus-propuestas-en-caso-que-llegue-a-la-presidencia\/","title":{"rendered":"Sergio Massa present\u00f3 sus propuestas en caso que llegue a la presidencia"},"content":{"rendered":"<p>Con un renovado tono opositor contra el Gobierno, <strong>Sergio Massa<\/strong> lanz\u00f3 ayer en la Sociedad Rural su <strong>plan de gobierno<\/strong> que denomin\u00f3 como sus<em> \u201cdiez compromisos para la transformaci\u00f3n de Argentina\u201d<\/em> y con los que invit\u00f3 a debatir a los \u201cpol\u00edticos de todas las fuerzas pol\u00edticas, sin exclusiones\u201d. Aunque, sin abandonar sus aspiraciones presidenciales, el l\u00edder del Frente Renovador llam\u00f3 a \u201cfortalecer\u201d el espacio del peronismo no K, Argentina Federal, y propuso dirimir las candidaturas en una \u201cgran PASO\u201d, sin precisar si el convite alcanza al kirchnerismo y en un claro desaf\u00edo al ex jefe de sus propios \u201cequipos t\u00e9cnicos\u201d Roberto Lavagna, quien aparece como uno de los candidatos de \u201cconsenso\u201d que puede unir a parte de la oposici\u00f3n a Macri pero que no est\u00e1 dispuesto a competir en una interna opositora.<\/p>\n<p>Con la impronta estadounidense que Massa les imprimi\u00f3 a sus distintas campa\u00f1as electorales, expres\u00f3: \u201cAprend\u00ed de mis errores y mi soberbia, que los votos no son un cheque en blanco. Me doli\u00f3 la derrota, pero me ense\u00f1\u00f3 a ser m\u00e1s humilde y sincero: pido disculpas a quienes se sienten decepcionados\u201d, solt\u00f3 Massa sobre el final del acto y ante un millar de seguidores. Luego llam\u00f3 a \u201cfortalecer\u201d Argentina Federal y dirimir las candidaturas en una interna: \u201cSi me toca liderar, lo har\u00e9 con firmeza y lealtad. Si me toca acompa\u00f1ar, lo har\u00e9 con la misma lealtad y la misma entrega\u201d.<\/p>\n<p>Con m\u00e1s de una hora y media de atraso, Massa arranc\u00f3 el discurso, que en principio estaba cronometrado en 45 minutos pero que le llev\u00f3 m\u00e1s de una hora. Massa quiso ponerle sus propias pausas y tonos a un discurso escrito y le\u00eddo a trav\u00e9s de un telepr\u00f3nter por recomendaci\u00f3n de su asesor electoral, el catal\u00e1n Antoni Guti\u00e9rrez-Rub\u00ed. Antes, en una pantalla gigante, mostraron los viajes con los que Massa recorri\u00f3 \u201c26 ciudades, en 63 d\u00edas\u201d que se tradujeron en \u201c24.960 kil\u00f3metros\u201d. Lo mismo que sus m\u00faltiples reuniones, pol\u00edticas, sus entrevistas televisivas y radiales.<\/p>\n<p>\u201cEstoy preparado para servir y defender a mi pa\u00eds\u201d, dijo Massa antes de presentar \u201ca todos los argentinos y argentinas 10 compromisos para la transformaci\u00f3n de Argentina\u201d. Advirti\u00f3 que se trata de un debate al que \u201c<strong>est\u00e1n todos invitados, pol\u00edticos de todas las fuerzas, sin exclusiones<\/strong>\u201d.<\/p>\n<p>Luego carg\u00f3 cr\u00edticamente contra el gobierno \u201cque se lava las manos\u201d para dar cuenta de una propuesta opositora que genere \u201cuna nueva mayor\u00eda\u201d que \u201cimpida otros cuatro a\u00f1os m\u00e1s del gobierno de Mauricio Macri\u201d. \u201c<strong>El Gobierno fracas\u00f3, no lo argentinos<\/strong>\u201d, asegur\u00f3 Massa y agreg\u00f3 que \u201cahora se muestran tristes y enojados para esconder las consecuencias de sus malas pol\u00edticas. El problema es Macri y el camino que eligi\u00f3 para la Argentina\u201d. Es m\u00e1s, asegur\u00f3 que \u201cMacri es un caprichoso que dice que no hay otro camino y que hay que apretar el acelerador\u201d.<\/p>\n<p>\u201c<strong>Nos comprometemos con el crecimiento, el desarrollo y la prosperidad inclusiva<\/strong>\u201d, dijo al comenzar sin enumerar sus diez \u201ccompromisos\u201d. All\u00ed carg\u00f3 contra la \u201cpol\u00edtica de especulaci\u00f3n y timba financiera del Gobierno\u201d y, parafraseando a N\u00e9stor Kirchner sobre el endeudamiento externo, Massa sostuvo que \u201c<strong>hay que decirle al FMI que los muertos no pagan. Argentina necesita mas tiempo<\/strong>\u201d.<\/p>\n<p>Entre los compromisos asumidos destac\u00f3 \u201c<strong>la lucha contra la pobreza y la desigualdad<\/strong>\u201d; \u201c<strong>con la educaci\u00f3n de nuestros ni\u00f1os y j\u00f3venes<\/strong>\u201d y un <strong>mayor presupuesto educativo<\/strong>; con los<strong> jubilados<\/strong> para \u201c<strong>garantizarles un haber digno y una prestaci\u00f3n m\u00e9dica y universal tanto en cobertura de salud como de medicamentos<\/strong>\u201d. Tambi\u00e9n se comprometi\u00f3 con la <strong>\u201cseguridad\u201d,<\/strong> con <strong>\u201cun nuevo C\u00f3digo Penal m\u00e1s justo que garantice que 10 a\u00f1os de condena son 10 a\u00f1os de c\u00e1rcel\u201d<\/strong> y le apunt\u00f3 al Poder Judicial: \u201c<strong>Cambiar el sistema de estabilidad de los jueces, que no son eternos y deber\u00e1n rendir examen cada cinco a\u00f1os<\/strong>\u201d.<\/p>\n<p>Luego se refiri\u00f3 a su <strong>compromiso \u201ccon la igualdad de g\u00e9nero y en la lucha contra la violencia machista\u201d<\/strong>; con el <strong>medioambiente<\/strong> para \u201c<strong>recuperar nuestras aguas y tambi\u00e9n redefinir la matriz energ\u00e9tica<\/strong>\u201d para luego reivindicar el<strong> federalismo<\/strong> y \u201c<strong>redise\u00f1ar la geograf\u00eda econ\u00f3mica para que nuestras regiones puedan desarrollarse aut\u00f3nomamente<\/strong>\u201d,con un \u201c<strong>Estado eficiente y transparente<\/strong>\u201d, y \u201c<strong>crear una Escuela de Gobierno<\/strong>\u201d para formar la burocracia estatal del futuro. El \u00faltimo compromiso fue con el trabajo, para \u201c<strong>generar empleos y salarios de calidad, un mercado de trabajo din\u00e1mico y equitativo<\/strong>\u201d e impulsar \u201c<strong>la Ley de Primer Empleo y a dar beneficios impositivos a las pymes que quieran contratar personal\u201d<\/strong>.<em> (P\u00e1gina 12)<\/em><\/p>\n","protected":false},"excerpt":{"rendered":"<p>El precandidato justicialista lanz\u00f3 lo que ser\u00eda su plan de gobierno. Llam\u00f3 a una gran PASO pero no identific\u00f3 a los invitados. Roberto Lavagna no particip\u00f3 del acto.<\/p>\n","protected":false},"author":2,"featured_media":32853,"comment_status":"open","ping_status":"open","sticky":false,"template":"","format":"standard","meta":{"fifu_image_url":"","fifu_image_alt":"","footnotes":""},"categories":[16],"tags":[421,1284,197,1297],"class_list":{"0":"post-32852","1":"post","2":"type-post","3":"status-publish","4":"format-standard","5":"has-post-thumbnail","7":"category-politi","8":"tag-elecciones-2019","9":"tag-justicialismo","10":"tag-pj","11":"tag-sergio-massa"},"yoast_head":"<title>Sergio Massa present\u00f3 sus propuestas en caso que llegue a la presidencia - Informe Litoral<\/title>\n<meta name=\"robots\" content=\"index, follow, max-snippet:-1, max-image-preview:large, max-video-preview:-1\" \/>\n<link rel=\"canonical\" href=\"https:\/\/informelitoral.com.ar\/sergio-massa-presento-sus-propuestas-en-caso-que-llegue-a-la-presidencia\/\" \/>\n<meta property=\"og:locale\" content=\"es_ES\" \/>\n<meta property=\"og:type\" content=\"article\" \/>\n<meta property=\"og:title\" content=\"Sergio Massa present\u00f3 sus propuestas en caso que llegue a la presidencia - Informe Litoral\" \/>\n<meta property=\"og:description\" content=\"El precandidato justicialista lanz\u00f3 lo que ser\u00eda su plan de gobierno. Llam\u00f3 a una gran PASO pero no identific\u00f3 a los invitados. Roberto Lavagna no particip\u00f3 del acto.\" \/>\n<meta property=\"og:url\" content=\"https:\/\/informelitoral.com.ar\/sergio-massa-presento-sus-propuestas-en-caso-que-llegue-a-la-presidencia\/\" \/>\n<meta property=\"og:site_name\" content=\"Informe Litoral\" \/>\n<meta property=\"article:publisher\" content=\"https:\/\/www.facebook.com\/informelitoral\/\" \/>\n<meta property=\"article:published_time\" content=\"2019-04-03T13:28:58+00:00\" \/>\n<meta property=\"article:modified_time\" content=\"2019-04-03T13:42:02+00:00\" \/>\n<meta property=\"og:image\" content=\"https:\/\/informelitoral.com.ar\/%77%70%2d%63%6f%6e%74%65%6e%74\/uploads\/2019\/04\/sergio-massa.jpg\" \/>\n\t<meta property=\"og:image:width\" content=\"960\" \/>\n\t<meta property=\"og:image:height\" content=\"540\" \/>\n\t<meta property=\"og:image:type\" content=\"image\/jpeg\" \/>\n<meta name=\"author\" content=\"Gonzalo Schmidt\" \/>\n<meta name=\"twitter:card\" content=\"summary_large_image\" \/>\n<meta name=\"twitter:creator\" content=\"@InformeLitoral\" \/>\n<meta name=\"twitter:site\" content=\"@InformeLitoral\" \/>\n<meta name=\"twitter:label1\" content=\"Escrito por\" \/>\n\t<meta name=\"twitter:data1\" content=\"Gonzalo Schmidt\" \/>\n\t<meta name=\"twitter:label2\" content=\"Tiempo de lectura\" \/>\n\t<meta name=\"twitter:data2\" content=\"4 minutos\" \/>\n<script type=\"application\/ld+json\" class=\"yoast-schema-graph\">{\"@context\":\"https:\\\/\\\/schema.org\",\"@graph\":[{\"@type\":\"Article\",\"@id\":\"https:\\\/\\\/informelitoral.com.ar\\\/sergio-massa-presento-sus-propuestas-en-caso-que-llegue-a-la-presidencia\\\/#article\",\"isPartOf\":{\"@id\":\"https:\\\/\\\/informelitoral.com.ar\\\/sergio-massa-presento-sus-propuestas-en-caso-que-llegue-a-la-presidencia\\\/\"},\"author\":{\"name\":\"Gonzalo Schmidt\",\"@id\":\"https:\\\/\\\/informelitoral.com.ar\\\/#\\\/schema\\\/person\\\/b9d00407c836482871ef1d57bf8e3180\"},\"headline\":\"Sergio Massa present\u00f3 sus propuestas en caso que llegue a la presidencia\",\"datePublished\":\"2019-04-03T13:28:58+00:00\",\"dateModified\":\"2019-04-03T13:42:02+00:00\",\"mainEntityOfPage\":{\"@id\":\"https:\\\/\\\/informelitoral.com.ar\\\/sergio-massa-presento-sus-propuestas-en-caso-que-llegue-a-la-presidencia\\\/\"},\"wordCount\":791,\"commentCount\":0,\"publisher\":{\"@id\":\"https:\\\/\\\/informelitoral.com.ar\\\/#organization\"},\"image\":{\"@id\":\"https:\\\/\\\/informelitoral.com.ar\\\/sergio-massa-presento-sus-propuestas-en-caso-que-llegue-a-la-presidencia\\\/#primaryimage\"},\"thumbnailUrl\":\"https:\\\/\\\/informelitoral.com.ar\\\/%77%70%2d%63%6f%6e%74%65%6e%74\\\/uploads\\\/2019\\\/04\\\/sergio-massa.jpg\",\"keywords\":[\"Elecciones 2019\",\"Justicialismo\",\"PJ\",\"Sergio Massa\"],\"articleSection\":[\"Politica\"],\"inLanguage\":\"es\",\"potentialAction\":[{\"@type\":\"CommentAction\",\"name\":\"Comment\",\"target\":[\"https:\\\/\\\/informelitoral.com.ar\\\/sergio-massa-presento-sus-propuestas-en-caso-que-llegue-a-la-presidencia\\\/#respond\"]}]},{\"@type\":\"WebPage\",\"@id\":\"https:\\\/\\\/informelitoral.com.ar\\\/sergio-massa-presento-sus-propuestas-en-caso-que-llegue-a-la-presidencia\\\/\",\"url\":\"https:\\\/\\\/informelitoral.com.ar\\\/sergio-massa-presento-sus-propuestas-en-caso-que-llegue-a-la-presidencia\\\/\",\"name\":\"Sergio Massa present\u00f3 sus propuestas en caso que llegue a la presidencia - Informe Litoral\",\"isPartOf\":{\"@id\":\"https:\\\/\\\/informelitoral.com.ar\\\/#website\"},\"primaryImageOfPage\":{\"@id\":\"https:\\\/\\\/informelitoral.com.ar\\\/sergio-massa-presento-sus-propuestas-en-caso-que-llegue-a-la-presidencia\\\/#primaryimage\"},\"image\":{\"@id\":\"https:\\\/\\\/informelitoral.com.ar\\\/sergio-massa-presento-sus-propuestas-en-caso-que-llegue-a-la-presidencia\\\/#primaryimage\"},\"thumbnailUrl\":\"https:\\\/\\\/informelitoral.com.ar\\\/%77%70%2d%63%6f%6e%74%65%6e%74\\\/uploads\\\/2019\\\/04\\\/sergio-massa.jpg\",\"datePublished\":\"2019-04-03T13:28:58+00:00\",\"dateModified\":\"2019-04-03T13:42:02+00:00\",\"breadcrumb\":{\"@id\":\"https:\\\/\\\/informelitoral.com.ar\\\/sergio-massa-presento-sus-propuestas-en-caso-que-llegue-a-la-presidencia\\\/#breadcrumb\"},\"inLanguage\":\"es\",\"potentialAction\":[{\"@type\":\"ReadAction\",\"target\":[\"https:\\\/\\\/informelitoral.com.ar\\\/sergio-massa-presento-sus-propuestas-en-caso-que-llegue-a-la-presidencia\\\/\"]}]},{\"@type\":\"ImageObject\",\"inLanguage\":\"es\",\"@id\":\"https:\\\/\\\/informelitoral.com.ar\\\/sergio-massa-presento-sus-propuestas-en-caso-que-llegue-a-la-presidencia\\\/#primaryimage\",\"url\":\"https:\\\/\\\/informelitoral.com.ar\\\/%77%70%2d%63%6f%6e%74%65%6e%74\\\/uploads\\\/2019\\\/04\\\/sergio-massa.jpg\",\"contentUrl\":\"https:\\\/\\\/informelitoral.com.ar\\\/%77%70%2d%63%6f%6e%74%65%6e%74\\\/uploads\\\/2019\\\/04\\\/sergio-massa.jpg\",\"width\":960,\"height\":540},{\"@type\":\"BreadcrumbList\",\"@id\":\"https:\\\/\\\/informelitoral.com.ar\\\/sergio-massa-presento-sus-propuestas-en-caso-que-llegue-a-la-presidencia\\\/#breadcrumb\",\"itemListElement\":[{\"@type\":\"ListItem\",\"position\":1,\"name\":\"Portada\",\"item\":\"https:\\\/\\\/informelitoral.com.ar\\\/\"},{\"@type\":\"ListItem\",\"position\":2,\"name\":\"Sergio Massa present\u00f3 sus propuestas en caso que llegue a la presidencia\"}]},{\"@type\":\"WebSite\",\"@id\":\"https:\\\/\\\/informelitoral.com.ar\\\/#website\",\"url\":\"https:\\\/\\\/informelitoral.com.ar\\\/\",\"name\":\"Informe Litoral\",\"description\":\"&quot;Nos informamos&quot; \",\"publisher\":{\"@id\":\"https:\\\/\\\/informelitoral.com.ar\\\/#organization\"},\"potentialAction\":[{\"@type\":\"SearchAction\",\"target\":{\"@type\":\"EntryPoint\",\"urlTemplate\":\"https:\\\/\\\/informelitoral.com.ar\\\/?s={search_term_string}\"},\"query-input\":{\"@type\":\"PropertyValueSpecification\",\"valueRequired\":true,\"valueName\":\"search_term_string\"}}],\"inLanguage\":\"es\"},{\"@type\":\"Organization\",\"@id\":\"https:\\\/\\\/informelitoral.com.ar\\\/#organization\",\"name\":\"Informe Litoral\",\"url\":\"https:\\\/\\\/informelitoral.com.ar\\\/\",\"logo\":{\"@type\":\"ImageObject\",\"inLanguage\":\"es\",\"@id\":\"https:\\\/\\\/informelitoral.com.ar\\\/#\\\/schema\\\/logo\\\/image\\\/\",\"url\":\"https:\\\/\\\/informelitoral.com.ar\\\/%77%70%2d%63%6f%6e%74%65%6e%74\\\/uploads\\\/2021\\\/01\\\/circulo.png\",\"contentUrl\":\"https:\\\/\\\/informelitoral.com.ar\\\/%77%70%2d%63%6f%6e%74%65%6e%74\\\/uploads\\\/2021\\\/01\\\/circulo.png\",\"width\":723,\"height\":731,\"caption\":\"Informe Litoral\"},\"image\":{\"@id\":\"https:\\\/\\\/informelitoral.com.ar\\\/#\\\/schema\\\/logo\\\/image\\\/\"},\"sameAs\":[\"https:\\\/\\\/www.facebook.com\\\/informelitoral\\\/\",\"https:\\\/\\\/x.com\\\/InformeLitoral\",\"https:\\\/\\\/www.instagram.com\\\/informelitoral\\\/\",\"https:\\\/\\\/www.youtube.com\\\/channel\\\/UCua4Qvz8Icb6MYqhoq9xLXw\"]},{\"@type\":\"Person\",\"@id\":\"https:\\\/\\\/informelitoral.com.ar\\\/#\\\/schema\\\/person\\\/b9d00407c836482871ef1d57bf8e3180\",\"name\":\"Gonzalo Schmidt\",\"image\":{\"@type\":\"ImageObject\",\"inLanguage\":\"es\",\"@id\":\"https:\\\/\\\/secure.gravatar.com\\\/avatar\\\/31a1a7b66ff2de83bd0e9fd79d026630d2d99e55e8bfe501287647b4fd9743de?s=96&d=mm&r=g\",\"url\":\"https:\\\/\\\/secure.gravatar.com\\\/avatar\\\/31a1a7b66ff2de83bd0e9fd79d026630d2d99e55e8bfe501287647b4fd9743de?s=96&d=mm&r=g\",\"contentUrl\":\"https:\\\/\\\/secure.gravatar.com\\\/avatar\\\/31a1a7b66ff2de83bd0e9fd79d026630d2d99e55e8bfe501287647b4fd9743de?s=96&d=mm&r=g\",\"caption\":\"Gonzalo Schmidt\"},\"description\":\"Sitio web de noticias de la provincia de Entre R\u00edos, Argentina. Informaci\u00f3n y entretenimiento. Informe Litoral, nos informamos.\",\"sameAs\":[\"http:\\\/\\\/www.isletasnoticias.com.ar\"],\"url\":\"https:\\\/\\\/informelitoral.com.ar\\\/author\\\/gonzalo\\\/\"}]}<\/script>","yoast_head_json":{"title":"Sergio Massa present\u00f3 sus propuestas en caso que llegue a la presidencia - Informe Litoral","robots":{"index":"index","follow":"follow","max-snippet":"max-snippet:-1","max-image-preview":"max-image-preview:large","max-video-preview":"max-video-preview:-1"},"canonical":"https:\/\/informelitoral.com.ar\/sergio-massa-presento-sus-propuestas-en-caso-que-llegue-a-la-presidencia\/","og_locale":"es_ES","og_type":"article","og_title":"Sergio Massa present\u00f3 sus propuestas en caso que llegue a la presidencia - Informe Litoral","og_description":"El precandidato justicialista lanz\u00f3 lo que ser\u00eda su plan de gobierno. Llam\u00f3 a una gran PASO pero no identific\u00f3 a los invitados. Roberto Lavagna no particip\u00f3 del acto.","og_url":"https:\/\/informelitoral.com.ar\/sergio-massa-presento-sus-propuestas-en-caso-que-llegue-a-la-presidencia\/","og_site_name":"Informe Litoral","article_publisher":"https:\/\/www.facebook.com\/informelitoral\/","article_published_time":"2019-04-03T13:28:58+00:00","article_modified_time":"2019-04-03T13:42:02+00:00","og_image":[{"width":960,"height":540,"url":"https:\/\/informelitoral.com.ar\/%77%70%2d%63%6f%6e%74%65%6e%74\/uploads\/2019\/04\/sergio-massa.jpg","type":"image\/jpeg"}],"author":"Gonzalo Schmidt","twitter_card":"summary_large_image","twitter_creator":"@InformeLitoral","twitter_site":"@InformeLitoral","twitter_misc":{"Escrito por":"Gonzalo Schmidt","Tiempo de lectura":"4 minutos"},"schema":{"@context":"https:\/\/schema.org","@graph":[{"@type":"Article","@id":"https:\/\/informelitoral.com.ar\/sergio-massa-presento-sus-propuestas-en-caso-que-llegue-a-la-presidencia\/#article","isPartOf":{"@id":"https:\/\/informelitoral.com.ar\/sergio-massa-presento-sus-propuestas-en-caso-que-llegue-a-la-presidencia\/"},"author":{"name":"Gonzalo Schmidt","@id":"https:\/\/informelitoral.com.ar\/#\/schema\/person\/b9d00407c836482871ef1d57bf8e3180"},"headline":"Sergio Massa present\u00f3 sus propuestas en caso que llegue a la presidencia","datePublished":"2019-04-03T13:28:58+00:00","dateModified":"2019-04-03T13:42:02+00:00","mainEntityOfPage":{"@id":"https:\/\/informelitoral.com.ar\/sergio-massa-presento-sus-propuestas-en-caso-que-llegue-a-la-presidencia\/"},"wordCount":791,"commentCount":0,"publisher":{"@id":"https:\/\/informelitoral.com.ar\/#organization"},"image":{"@id":"https:\/\/informelitoral.com.ar\/sergio-massa-presento-sus-propuestas-en-caso-que-llegue-a-la-presidencia\/#primaryimage"},"thumbnailUrl":"https:\/\/informelitoral.com.ar\/%77%70%2d%63%6f%6e%74%65%6e%74\/uploads\/2019\/04\/sergio-massa.jpg","keywords":["Elecciones 2019","Justicialismo","PJ","Sergio Massa"],"articleSection":["Politica"],"inLanguage":"es","potentialAction":[{"@type":"CommentAction","name":"Comment","target":["https:\/\/informelitoral.com.ar\/sergio-massa-presento-sus-propuestas-en-caso-que-llegue-a-la-presidencia\/#respond"]}]},{"@type":"WebPage","@id":"https:\/\/informelitoral.com.ar\/sergio-massa-presento-sus-propuestas-en-caso-que-llegue-a-la-presidencia\/","url":"https:\/\/informelitoral.com.ar\/sergio-massa-presento-sus-propuestas-en-caso-que-llegue-a-la-presidencia\/","name":"Sergio Massa present\u00f3 sus propuestas en caso que llegue a la presidencia - Informe Litoral","isPartOf":{"@id":"https:\/\/informelitoral.com.ar\/#website"},"primaryImageOfPage":{"@id":"https:\/\/informelitoral.com.ar\/sergio-massa-presento-sus-propuestas-en-caso-que-llegue-a-la-presidencia\/#primaryimage"},"image":{"@id":"https:\/\/informelitoral.com.ar\/sergio-massa-presento-sus-propuestas-en-caso-que-llegue-a-la-presidencia\/#primaryimage"},"thumbnailUrl":"https:\/\/informelitoral.com.ar\/%77%70%2d%63%6f%6e%74%65%6e%74\/uploads\/2019\/04\/sergio-massa.jpg","datePublished":"2019-04-03T13:28:58+00:00","dateModified":"2019-04-03T13:42:02+00:00","breadcrumb":{"@id":"https:\/\/informelitoral.com.ar\/sergio-massa-presento-sus-propuestas-en-caso-que-llegue-a-la-presidencia\/#breadcrumb"},"inLanguage":"es","potentialAction":[{"@type":"ReadAction","target":["https:\/\/informelitoral.com.ar\/sergio-massa-presento-sus-propuestas-en-caso-que-llegue-a-la-presidencia\/"]}]},{"@type":"ImageObject","inLanguage":"es","@id":"https:\/\/informelitoral.com.ar\/sergio-massa-presento-sus-propuestas-en-caso-que-llegue-a-la-presidencia\/#primaryimage","url":"https:\/\/informelitoral.com.ar\/%77%70%2d%63%6f%6e%74%65%6e%74\/uploads\/2019\/04\/sergio-massa.jpg","contentUrl":"https:\/\/informelitoral.com.ar\/%77%70%2d%63%6f%6e%74%65%6e%74\/uploads\/2019\/04\/sergio-massa.jpg","width":960,"height":540},{"@type":"BreadcrumbList","@id":"https:\/\/informelitoral.com.ar\/sergio-massa-presento-sus-propuestas-en-caso-que-llegue-a-la-presidencia\/#breadcrumb","itemListElement":[{"@type":"ListItem","position":1,"name":"Portada","item":"https:\/\/informelitoral.com.ar\/"},{"@type":"ListItem","position":2,"name":"Sergio Massa present\u00f3 sus propuestas en caso que llegue a la presidencia"}]},{"@type":"WebSite","@id":"https:\/\/informelitoral.com.ar\/#website","url":"https:\/\/informelitoral.com.ar\/","name":"Informe Litoral","description":"&quot;Nos informamos&quot; ","publisher":{"@id":"https:\/\/informelitoral.com.ar\/#organization"},"potentialAction":[{"@type":"SearchAction","target":{"@type":"EntryPoint","urlTemplate":"https:\/\/informelitoral.com.ar\/?s={search_term_string}"},"query-input":{"@type":"PropertyValueSpecification","valueRequired":true,"valueName":"search_term_string"}}],"inLanguage":"es"},{"@type":"Organization","@id":"https:\/\/informelitoral.com.ar\/#organization","name":"Informe Litoral","url":"https:\/\/informelitoral.com.ar\/","logo":{"@type":"ImageObject","inLanguage":"es","@id":"https:\/\/informelitoral.com.ar\/#\/schema\/logo\/image\/","url":"https:\/\/informelitoral.com.ar\/%77%70%2d%63%6f%6e%74%65%6e%74\/uploads\/2021\/01\/circulo.png","contentUrl":"https:\/\/informelitoral.com.ar\/%77%70%2d%63%6f%6e%74%65%6e%74\/uploads\/2021\/01\/circulo.png","width":723,"height":731,"caption":"Informe Litoral"},"image":{"@id":"https:\/\/informelitoral.com.ar\/#\/schema\/logo\/image\/"},"sameAs":["https:\/\/www.facebook.com\/informelitoral\/","https:\/\/x.com\/InformeLitoral","https:\/\/www.instagram.com\/informelitoral\/","https:\/\/www.youtube.com\/channel\/UCua4Qvz8Icb6MYqhoq9xLXw"]},{"@type":"Person","@id":"https:\/\/informelitoral.com.ar\/#\/schema\/person\/b9d00407c836482871ef1d57bf8e3180","name":"Gonzalo Schmidt","image":{"@type":"ImageObject","inLanguage":"es","@id":"https:\/\/secure.gravatar.com\/avatar\/31a1a7b66ff2de83bd0e9fd79d026630d2d99e55e8bfe501287647b4fd9743de?s=96&d=mm&r=g","url":"https:\/\/secure.gravatar.com\/avatar\/31a1a7b66ff2de83bd0e9fd79d026630d2d99e55e8bfe501287647b4fd9743de?s=96&d=mm&r=g","contentUrl":"https:\/\/secure.gravatar.com\/avatar\/31a1a7b66ff2de83bd0e9fd79d026630d2d99e55e8bfe501287647b4fd9743de?s=96&d=mm&r=g","caption":"Gonzalo Schmidt"},"description":"Sitio web de noticias de la provincia de Entre R\u00edos, Argentina. Informaci\u00f3n y entretenimiento. Informe Litoral, nos informamos.","sameAs":["http:\/\/www.isletasnoticias.com.ar"],"url":"https:\/\/informelitoral.com.ar\/author\/gonzalo\/"}]}},"_links":{"self":[{"href":"https:\/\/informelitoral.com.ar\/%77%70%2d%6a%73%6f%6e\/wp\/v2\/posts\/32852","targetHints":{"allow":["GET"]}}],"collection":[{"href":"https:\/\/informelitoral.com.ar\/%77%70%2d%6a%73%6f%6e\/wp\/v2\/posts"}],"about":[{"href":"https:\/\/informelitoral.com.ar\/%77%70%2d%6a%73%6f%6e\/wp\/v2\/types\/post"}],"author":[{"embeddable":true,"href":"https:\/\/informelitoral.com.ar\/%77%70%2d%6a%73%6f%6e\/wp\/v2\/users\/2"}],"replies":[{"embeddable":true,"href":"https:\/\/informelitoral.com.ar\/%77%70%2d%6a%73%6f%6e\/wp\/v2\/comments?post=32852"}],"version-history":[{"count":0,"href":"https:\/\/informelitoral.com.ar\/%77%70%2d%6a%73%6f%6e\/wp\/v2\/posts\/32852\/revisions"}],"wp:featuredmedia":[{"embeddable":true,"href":"https:\/\/informelitoral.com.ar\/%77%70%2d%6a%73%6f%6e\/wp\/v2\/media\/32853"}],"wp:attachment":[{"href":"https:\/\/informelitoral.com.ar\/%77%70%2d%6a%73%6f%6e\/wp\/v2\/media?parent=32852"}],"wp:term":[{"taxonomy":"category","embeddable":true,"href":"https:\/\/informelitoral.com.ar\/%77%70%2d%6a%73%6f%6e\/wp\/v2\/categories?post=32852"},{"taxonomy":"post_tag","embeddable":true,"href":"https:\/\/informelitoral.com.ar\/%77%70%2d%6a%73%6f%6e\/wp\/v2\/tags?post=32852"}],"curies":[{"name":"wp","href":"https:\/\/api.w.org\/{rel}","templated":true}]}}