{"id":3273,"date":"2013-09-19T22:58:44","date_gmt":"2013-09-20T01:58:44","guid":{"rendered":"http:\/\/www.isletasnoticias.com.ar\/?p=3273"},"modified":"2013-09-19T23:06:35","modified_gmt":"2013-09-20T02:06:35","slug":"comisaria-isletas-recibio-una-moto-hasta-que-se-repare-el-patrullero","status":"publish","type":"post","link":"https:\/\/informelitoral.com.ar\/comisaria-isletas-recibio-una-moto-hasta-que-se-repare-el-patrullero\/","title":{"rendered":"Comisar\u00eda Isletas recibi\u00f3 una moto, hasta que se repare el patrullero"},"content":{"rendered":"<p><strong>Lo inform\u00f3 a <em>ISLETAS NOTICIAS, <\/em>el jefe de la Comisar\u00eda Isletas, el suboficial principal<em> Adri\u00e1n Vera.\u00a0<\/em>La motocicleta fue entregada hoy, a la dependencia local por el jefe de la Departamental Diamante, hasta que se repare el m\u00f3vil policial.<\/strong><\/p>\n<p><img loading=\"lazy\" decoding=\"async\" class=\"size-medium wp-image-3274 alignright\" alt=\"moto\" src=\"http:\/\/www.isletasnoticias.com.ar\/%77%70%2d%63%6f%6e%74%65%6e%74\/uploads\/2013\/09\/moto-300x225.jpg\" width=\"300\" height=\"225\" srcset=\"https:\/\/informelitoral.com.ar\/%77%70%2d%63%6f%6e%74%65%6e%74\/uploads\/2013\/09\/moto-300x225.jpg 300w, https:\/\/informelitoral.com.ar\/%77%70%2d%63%6f%6e%74%65%6e%74\/uploads\/2013\/09\/moto.jpg 320w\" sizes=\"auto, (max-width: 300px) 100vw, 300px\" \/><\/p>\n<p>El encargado de la Comisar\u00eda Isletas, -ahora de licencia, tras sufrir un accidente en Diamante- inform\u00f3 que en estos momentos est\u00e1 a cargo de la dependencia policial el sargento <strong>Adolfo Moreyra.<\/strong><\/p>\n<p>Por otra parte, Vera, pidi\u00f3 \u00abtranquilidad a los vecinos\u00bb, ya que el jefe de la Departamental Diamante, el comisario mayor, <strong>Miguel \u00c1ngel Albornoz,<\/strong> entreg\u00f3 hoy a la dependencia local una motocicleta para patrullar la jurisdicci\u00f3n. La misma, estar\u00e1 en la localidad hasta que sea reparado el patrullero de la Comisar\u00eda.<\/p>\n<p>Recordemos que <strong>Adri\u00e1n Vera<\/strong>, se encuentra de licencia desde el viernes 13 de septiembre, cuando sufri\u00f3 un accidente en la esquina de 3 de Febrero y 9 de Julio de Diamante, donde fue impactado por una motocicleta, con dos j\u00f3venes a bordo, quienes se dieron a la fuga. Tras el hecho, el jefe de la Comisar\u00eda local, quien tambi\u00e9n se trasladaba en moto, sufri\u00f3 una lesi\u00f3n en la rodilla, por lo que estar\u00e1 de licencia por algunos d\u00edas mas.<\/p>\n","protected":false},"excerpt":{"rendered":"<p>Lo inform&oacute; a ISLETAS NOTICIAS, el jefe de la Comisar&iacute;a Isletas, el suboficial principal Adri&aacute;n Vera.&nbsp;La motocicleta fue entregada hoy, a la dependencia local por el jefe de la Departamental Diamante, hasta que se repare el m&oacute;vil policial. El encargado de la Comisar&iacute;a Isletas, -ahora de licencia, tras sufrir un accidente en Diamante- inform&oacute; que [&hellip;]<\/p>\n","protected":false},"author":2,"featured_media":0,"comment_status":"open","ping_status":"open","sticky":false,"template":"","format":"standard","meta":{"fifu_image_url":"","fifu_image_alt":"","footnotes":""},"categories":[4],"tags":[],"class_list":{"0":"post-3273","1":"post","2":"type-post","3":"status-publish","4":"format-standard","6":"category-locales"},"yoast_head":"<title>Comisar\u00eda Isletas recibi\u00f3 una moto, hasta que se repare el patrullero  - Informe Litoral<\/title>\n<meta name=\"robots\" content=\"index, follow, max-snippet:-1, max-image-preview:large, max-video-preview:-1\" \/>\n<link rel=\"canonical\" href=\"https:\/\/informelitoral.com.ar\/comisaria-isletas-recibio-una-moto-hasta-que-se-repare-el-patrullero\/\" \/>\n<meta property=\"og:locale\" content=\"es_ES\" \/>\n<meta property=\"og:type\" content=\"article\" \/>\n<meta property=\"og:title\" content=\"Comisar\u00eda Isletas recibi\u00f3 una moto, hasta que se repare el patrullero  - Informe Litoral\" \/>\n<meta property=\"og:description\" content=\"Lo inform&oacute; a ISLETAS NOTICIAS, el jefe de la Comisar&iacute;a Isletas, el suboficial principal Adri&aacute;n Vera.&nbsp;La motocicleta fue entregada hoy, a la dependencia local por el jefe de la Departamental Diamante, hasta que se repare el m&oacute;vil policial. El encargado de la Comisar&iacute;a Isletas, -ahora de licencia, tras sufrir un accidente en Diamante- inform&oacute; que [&hellip;]\" \/>\n<meta property=\"og:url\" content=\"https:\/\/informelitoral.com.ar\/comisaria-isletas-recibio-una-moto-hasta-que-se-repare-el-patrullero\/\" \/>\n<meta property=\"og:site_name\" content=\"Informe Litoral\" \/>\n<meta property=\"article:publisher\" content=\"https:\/\/www.facebook.com\/informelitoral\/\" \/>\n<meta property=\"article:published_time\" content=\"2013-09-20T01:58:44+00:00\" \/>\n<meta property=\"article:modified_time\" content=\"2013-09-20T02:06:35+00:00\" \/>\n<meta property=\"og:image\" content=\"https:\/\/informelitoral.com.ar\/%77%70%2d%63%6f%6e%74%65%6e%74\/uploads\/2013\/09\/moto.jpg\" \/>\n\t<meta property=\"og:image:width\" content=\"320\" \/>\n\t<meta property=\"og:image:height\" content=\"240\" \/>\n\t<meta property=\"og:image:type\" content=\"image\/jpeg\" \/>\n<meta name=\"author\" content=\"Gonzalo Schmidt\" \/>\n<meta name=\"twitter:card\" content=\"summary_large_image\" \/>\n<meta name=\"twitter:creator\" content=\"@InformeLitoral\" \/>\n<meta name=\"twitter:site\" content=\"@InformeLitoral\" \/>\n<meta name=\"twitter:label1\" content=\"Escrito por\" \/>\n\t<meta name=\"twitter:data1\" content=\"Gonzalo Schmidt\" \/>\n\t<meta name=\"twitter:label2\" content=\"Tiempo de lectura\" \/>\n\t<meta name=\"twitter:data2\" content=\"1 minuto\" \/>\n<script type=\"application\/ld+json\" class=\"yoast-schema-graph\">{\"@context\":\"https:\\\/\\\/schema.org\",\"@graph\":[{\"@type\":\"Article\",\"@id\":\"https:\\\/\\\/informelitoral.com.ar\\\/comisaria-isletas-recibio-una-moto-hasta-que-se-repare-el-patrullero\\\/#article\",\"isPartOf\":{\"@id\":\"https:\\\/\\\/informelitoral.com.ar\\\/comisaria-isletas-recibio-una-moto-hasta-que-se-repare-el-patrullero\\\/\"},\"author\":{\"name\":\"Gonzalo Schmidt\",\"@id\":\"https:\\\/\\\/informelitoral.com.ar\\\/#\\\/schema\\\/person\\\/b9d00407c836482871ef1d57bf8e3180\"},\"headline\":\"Comisar\u00eda Isletas recibi\u00f3 una moto, hasta que se repare el patrullero\",\"datePublished\":\"2013-09-20T01:58:44+00:00\",\"dateModified\":\"2013-09-20T02:06:35+00:00\",\"mainEntityOfPage\":{\"@id\":\"https:\\\/\\\/informelitoral.com.ar\\\/comisaria-isletas-recibio-una-moto-hasta-que-se-repare-el-patrullero\\\/\"},\"wordCount\":220,\"commentCount\":0,\"publisher\":{\"@id\":\"https:\\\/\\\/informelitoral.com.ar\\\/#organization\"},\"image\":{\"@id\":\"https:\\\/\\\/informelitoral.com.ar\\\/comisaria-isletas-recibio-una-moto-hasta-que-se-repare-el-patrullero\\\/#primaryimage\"},\"thumbnailUrl\":\"http:\\\/\\\/www.isletasnoticias.com.ar\\\/%77%70%2d%63%6f%6e%74%65%6e%74\\\/uploads\\\/2013\\\/09\\\/moto-300x225.jpg\",\"articleSection\":[\"Isletas\"],\"inLanguage\":\"es\",\"potentialAction\":[{\"@type\":\"CommentAction\",\"name\":\"Comment\",\"target\":[\"https:\\\/\\\/informelitoral.com.ar\\\/comisaria-isletas-recibio-una-moto-hasta-que-se-repare-el-patrullero\\\/#respond\"]}]},{\"@type\":\"WebPage\",\"@id\":\"https:\\\/\\\/informelitoral.com.ar\\\/comisaria-isletas-recibio-una-moto-hasta-que-se-repare-el-patrullero\\\/\",\"url\":\"https:\\\/\\\/informelitoral.com.ar\\\/comisaria-isletas-recibio-una-moto-hasta-que-se-repare-el-patrullero\\\/\",\"name\":\"Comisar\u00eda Isletas recibi\u00f3 una moto, hasta que se repare el patrullero - Informe Litoral\",\"isPartOf\":{\"@id\":\"https:\\\/\\\/informelitoral.com.ar\\\/#website\"},\"primaryImageOfPage\":{\"@id\":\"https:\\\/\\\/informelitoral.com.ar\\\/comisaria-isletas-recibio-una-moto-hasta-que-se-repare-el-patrullero\\\/#primaryimage\"},\"image\":{\"@id\":\"https:\\\/\\\/informelitoral.com.ar\\\/comisaria-isletas-recibio-una-moto-hasta-que-se-repare-el-patrullero\\\/#primaryimage\"},\"thumbnailUrl\":\"http:\\\/\\\/www.isletasnoticias.com.ar\\\/%77%70%2d%63%6f%6e%74%65%6e%74\\\/uploads\\\/2013\\\/09\\\/moto-300x225.jpg\",\"datePublished\":\"2013-09-20T01:58:44+00:00\",\"dateModified\":\"2013-09-20T02:06:35+00:00\",\"breadcrumb\":{\"@id\":\"https:\\\/\\\/informelitoral.com.ar\\\/comisaria-isletas-recibio-una-moto-hasta-que-se-repare-el-patrullero\\\/#breadcrumb\"},\"inLanguage\":\"es\",\"potentialAction\":[{\"@type\":\"ReadAction\",\"target\":[\"https:\\\/\\\/informelitoral.com.ar\\\/comisaria-isletas-recibio-una-moto-hasta-que-se-repare-el-patrullero\\\/\"]}]},{\"@type\":\"ImageObject\",\"inLanguage\":\"es\",\"@id\":\"https:\\\/\\\/informelitoral.com.ar\\\/comisaria-isletas-recibio-una-moto-hasta-que-se-repare-el-patrullero\\\/#primaryimage\",\"url\":\"http:\\\/\\\/www.isletasnoticias.com.ar\\\/%77%70%2d%63%6f%6e%74%65%6e%74\\\/uploads\\\/2013\\\/09\\\/moto-300x225.jpg\",\"contentUrl\":\"http:\\\/\\\/www.isletasnoticias.com.ar\\\/%77%70%2d%63%6f%6e%74%65%6e%74\\\/uploads\\\/2013\\\/09\\\/moto-300x225.jpg\"},{\"@type\":\"BreadcrumbList\",\"@id\":\"https:\\\/\\\/informelitoral.com.ar\\\/comisaria-isletas-recibio-una-moto-hasta-que-se-repare-el-patrullero\\\/#breadcrumb\",\"itemListElement\":[{\"@type\":\"ListItem\",\"position\":1,\"name\":\"Portada\",\"item\":\"https:\\\/\\\/informelitoral.com.ar\\\/\"},{\"@type\":\"ListItem\",\"position\":2,\"name\":\"Comisar\u00eda Isletas recibi\u00f3 una moto, hasta que se repare el patrullero\"}]},{\"@type\":\"WebSite\",\"@id\":\"https:\\\/\\\/informelitoral.com.ar\\\/#website\",\"url\":\"https:\\\/\\\/informelitoral.com.ar\\\/\",\"name\":\"Informe Litoral\",\"description\":\"&quot;Nos informamos&quot; \",\"publisher\":{\"@id\":\"https:\\\/\\\/informelitoral.com.ar\\\/#organization\"},\"potentialAction\":[{\"@type\":\"SearchAction\",\"target\":{\"@type\":\"EntryPoint\",\"urlTemplate\":\"https:\\\/\\\/informelitoral.com.ar\\\/?s={search_term_string}\"},\"query-input\":{\"@type\":\"PropertyValueSpecification\",\"valueRequired\":true,\"valueName\":\"search_term_string\"}}],\"inLanguage\":\"es\"},{\"@type\":\"Organization\",\"@id\":\"https:\\\/\\\/informelitoral.com.ar\\\/#organization\",\"name\":\"Informe Litoral\",\"url\":\"https:\\\/\\\/informelitoral.com.ar\\\/\",\"logo\":{\"@type\":\"ImageObject\",\"inLanguage\":\"es\",\"@id\":\"https:\\\/\\\/informelitoral.com.ar\\\/#\\\/schema\\\/logo\\\/image\\\/\",\"url\":\"https:\\\/\\\/informelitoral.com.ar\\\/%77%70%2d%63%6f%6e%74%65%6e%74\\\/uploads\\\/2021\\\/01\\\/circulo.png\",\"contentUrl\":\"https:\\\/\\\/informelitoral.com.ar\\\/%77%70%2d%63%6f%6e%74%65%6e%74\\\/uploads\\\/2021\\\/01\\\/circulo.png\",\"width\":723,\"height\":731,\"caption\":\"Informe Litoral\"},\"image\":{\"@id\":\"https:\\\/\\\/informelitoral.com.ar\\\/#\\\/schema\\\/logo\\\/image\\\/\"},\"sameAs\":[\"https:\\\/\\\/www.facebook.com\\\/informelitoral\\\/\",\"https:\\\/\\\/x.com\\\/InformeLitoral\",\"https:\\\/\\\/www.instagram.com\\\/informelitoral\\\/\",\"https:\\\/\\\/www.youtube.com\\\/channel\\\/UCua4Qvz8Icb6MYqhoq9xLXw\"]},{\"@type\":\"Person\",\"@id\":\"https:\\\/\\\/informelitoral.com.ar\\\/#\\\/schema\\\/person\\\/b9d00407c836482871ef1d57bf8e3180\",\"name\":\"Gonzalo Schmidt\",\"image\":{\"@type\":\"ImageObject\",\"inLanguage\":\"es\",\"@id\":\"https:\\\/\\\/secure.gravatar.com\\\/avatar\\\/31a1a7b66ff2de83bd0e9fd79d026630d2d99e55e8bfe501287647b4fd9743de?s=96&d=mm&r=g\",\"url\":\"https:\\\/\\\/secure.gravatar.com\\\/avatar\\\/31a1a7b66ff2de83bd0e9fd79d026630d2d99e55e8bfe501287647b4fd9743de?s=96&d=mm&r=g\",\"contentUrl\":\"https:\\\/\\\/secure.gravatar.com\\\/avatar\\\/31a1a7b66ff2de83bd0e9fd79d026630d2d99e55e8bfe501287647b4fd9743de?s=96&d=mm&r=g\",\"caption\":\"Gonzalo Schmidt\"},\"description\":\"Sitio web de noticias de la provincia de Entre R\u00edos, Argentina. Informaci\u00f3n y entretenimiento. Informe Litoral, nos informamos.\",\"sameAs\":[\"http:\\\/\\\/www.isletasnoticias.com.ar\"],\"url\":\"https:\\\/\\\/informelitoral.com.ar\\\/author\\\/gonzalo\\\/\"}]}<\/script>","yoast_head_json":{"title":"Comisar\u00eda Isletas recibi\u00f3 una moto, hasta que se repare el patrullero  - Informe Litoral","robots":{"index":"index","follow":"follow","max-snippet":"max-snippet:-1","max-image-preview":"max-image-preview:large","max-video-preview":"max-video-preview:-1"},"canonical":"https:\/\/informelitoral.com.ar\/comisaria-isletas-recibio-una-moto-hasta-que-se-repare-el-patrullero\/","og_locale":"es_ES","og_type":"article","og_title":"Comisar\u00eda Isletas recibi\u00f3 una moto, hasta que se repare el patrullero  - Informe Litoral","og_description":"Lo inform&oacute; a ISLETAS NOTICIAS, el jefe de la Comisar&iacute;a Isletas, el suboficial principal Adri&aacute;n Vera.&nbsp;La motocicleta fue entregada hoy, a la dependencia local por el jefe de la Departamental Diamante, hasta que se repare el m&oacute;vil policial. El encargado de la Comisar&iacute;a Isletas, -ahora de licencia, tras sufrir un accidente en Diamante- inform&oacute; que [&hellip;]","og_url":"https:\/\/informelitoral.com.ar\/comisaria-isletas-recibio-una-moto-hasta-que-se-repare-el-patrullero\/","og_site_name":"Informe Litoral","article_publisher":"https:\/\/www.facebook.com\/informelitoral\/","article_published_time":"2013-09-20T01:58:44+00:00","article_modified_time":"2013-09-20T02:06:35+00:00","og_image":[{"width":320,"height":240,"url":"https:\/\/informelitoral.com.ar\/%77%70%2d%63%6f%6e%74%65%6e%74\/uploads\/2013\/09\/moto.jpg","type":"image\/jpeg"}],"author":"Gonzalo Schmidt","twitter_card":"summary_large_image","twitter_creator":"@InformeLitoral","twitter_site":"@InformeLitoral","twitter_misc":{"Escrito por":"Gonzalo Schmidt","Tiempo de lectura":"1 minuto"},"schema":{"@context":"https:\/\/schema.org","@graph":[{"@type":"Article","@id":"https:\/\/informelitoral.com.ar\/comisaria-isletas-recibio-una-moto-hasta-que-se-repare-el-patrullero\/#article","isPartOf":{"@id":"https:\/\/informelitoral.com.ar\/comisaria-isletas-recibio-una-moto-hasta-que-se-repare-el-patrullero\/"},"author":{"name":"Gonzalo Schmidt","@id":"https:\/\/informelitoral.com.ar\/#\/schema\/person\/b9d00407c836482871ef1d57bf8e3180"},"headline":"Comisar\u00eda Isletas recibi\u00f3 una moto, hasta que se repare el patrullero","datePublished":"2013-09-20T01:58:44+00:00","dateModified":"2013-09-20T02:06:35+00:00","mainEntityOfPage":{"@id":"https:\/\/informelitoral.com.ar\/comisaria-isletas-recibio-una-moto-hasta-que-se-repare-el-patrullero\/"},"wordCount":220,"commentCount":0,"publisher":{"@id":"https:\/\/informelitoral.com.ar\/#organization"},"image":{"@id":"https:\/\/informelitoral.com.ar\/comisaria-isletas-recibio-una-moto-hasta-que-se-repare-el-patrullero\/#primaryimage"},"thumbnailUrl":"http:\/\/www.isletasnoticias.com.ar\/%77%70%2d%63%6f%6e%74%65%6e%74\/uploads\/2013\/09\/moto-300x225.jpg","articleSection":["Isletas"],"inLanguage":"es","potentialAction":[{"@type":"CommentAction","name":"Comment","target":["https:\/\/informelitoral.com.ar\/comisaria-isletas-recibio-una-moto-hasta-que-se-repare-el-patrullero\/#respond"]}]},{"@type":"WebPage","@id":"https:\/\/informelitoral.com.ar\/comisaria-isletas-recibio-una-moto-hasta-que-se-repare-el-patrullero\/","url":"https:\/\/informelitoral.com.ar\/comisaria-isletas-recibio-una-moto-hasta-que-se-repare-el-patrullero\/","name":"Comisar\u00eda Isletas recibi\u00f3 una moto, hasta que se repare el patrullero - Informe Litoral","isPartOf":{"@id":"https:\/\/informelitoral.com.ar\/#website"},"primaryImageOfPage":{"@id":"https:\/\/informelitoral.com.ar\/comisaria-isletas-recibio-una-moto-hasta-que-se-repare-el-patrullero\/#primaryimage"},"image":{"@id":"https:\/\/informelitoral.com.ar\/comisaria-isletas-recibio-una-moto-hasta-que-se-repare-el-patrullero\/#primaryimage"},"thumbnailUrl":"http:\/\/www.isletasnoticias.com.ar\/%77%70%2d%63%6f%6e%74%65%6e%74\/uploads\/2013\/09\/moto-300x225.jpg","datePublished":"2013-09-20T01:58:44+00:00","dateModified":"2013-09-20T02:06:35+00:00","breadcrumb":{"@id":"https:\/\/informelitoral.com.ar\/comisaria-isletas-recibio-una-moto-hasta-que-se-repare-el-patrullero\/#breadcrumb"},"inLanguage":"es","potentialAction":[{"@type":"ReadAction","target":["https:\/\/informelitoral.com.ar\/comisaria-isletas-recibio-una-moto-hasta-que-se-repare-el-patrullero\/"]}]},{"@type":"ImageObject","inLanguage":"es","@id":"https:\/\/informelitoral.com.ar\/comisaria-isletas-recibio-una-moto-hasta-que-se-repare-el-patrullero\/#primaryimage","url":"http:\/\/www.isletasnoticias.com.ar\/%77%70%2d%63%6f%6e%74%65%6e%74\/uploads\/2013\/09\/moto-300x225.jpg","contentUrl":"http:\/\/www.isletasnoticias.com.ar\/%77%70%2d%63%6f%6e%74%65%6e%74\/uploads\/2013\/09\/moto-300x225.jpg"},{"@type":"BreadcrumbList","@id":"https:\/\/informelitoral.com.ar\/comisaria-isletas-recibio-una-moto-hasta-que-se-repare-el-patrullero\/#breadcrumb","itemListElement":[{"@type":"ListItem","position":1,"name":"Portada","item":"https:\/\/informelitoral.com.ar\/"},{"@type":"ListItem","position":2,"name":"Comisar\u00eda Isletas recibi\u00f3 una moto, hasta que se repare el patrullero"}]},{"@type":"WebSite","@id":"https:\/\/informelitoral.com.ar\/#website","url":"https:\/\/informelitoral.com.ar\/","name":"Informe Litoral","description":"&quot;Nos informamos&quot; ","publisher":{"@id":"https:\/\/informelitoral.com.ar\/#organization"},"potentialAction":[{"@type":"SearchAction","target":{"@type":"EntryPoint","urlTemplate":"https:\/\/informelitoral.com.ar\/?s={search_term_string}"},"query-input":{"@type":"PropertyValueSpecification","valueRequired":true,"valueName":"search_term_string"}}],"inLanguage":"es"},{"@type":"Organization","@id":"https:\/\/informelitoral.com.ar\/#organization","name":"Informe Litoral","url":"https:\/\/informelitoral.com.ar\/","logo":{"@type":"ImageObject","inLanguage":"es","@id":"https:\/\/informelitoral.com.ar\/#\/schema\/logo\/image\/","url":"https:\/\/informelitoral.com.ar\/%77%70%2d%63%6f%6e%74%65%6e%74\/uploads\/2021\/01\/circulo.png","contentUrl":"https:\/\/informelitoral.com.ar\/%77%70%2d%63%6f%6e%74%65%6e%74\/uploads\/2021\/01\/circulo.png","width":723,"height":731,"caption":"Informe Litoral"},"image":{"@id":"https:\/\/informelitoral.com.ar\/#\/schema\/logo\/image\/"},"sameAs":["https:\/\/www.facebook.com\/informelitoral\/","https:\/\/x.com\/InformeLitoral","https:\/\/www.instagram.com\/informelitoral\/","https:\/\/www.youtube.com\/channel\/UCua4Qvz8Icb6MYqhoq9xLXw"]},{"@type":"Person","@id":"https:\/\/informelitoral.com.ar\/#\/schema\/person\/b9d00407c836482871ef1d57bf8e3180","name":"Gonzalo Schmidt","image":{"@type":"ImageObject","inLanguage":"es","@id":"https:\/\/secure.gravatar.com\/avatar\/31a1a7b66ff2de83bd0e9fd79d026630d2d99e55e8bfe501287647b4fd9743de?s=96&d=mm&r=g","url":"https:\/\/secure.gravatar.com\/avatar\/31a1a7b66ff2de83bd0e9fd79d026630d2d99e55e8bfe501287647b4fd9743de?s=96&d=mm&r=g","contentUrl":"https:\/\/secure.gravatar.com\/avatar\/31a1a7b66ff2de83bd0e9fd79d026630d2d99e55e8bfe501287647b4fd9743de?s=96&d=mm&r=g","caption":"Gonzalo Schmidt"},"description":"Sitio web de noticias de la provincia de Entre R\u00edos, Argentina. Informaci\u00f3n y entretenimiento. Informe Litoral, nos informamos.","sameAs":["http:\/\/www.isletasnoticias.com.ar"],"url":"https:\/\/informelitoral.com.ar\/author\/gonzalo\/"}]}},"_links":{"self":[{"href":"https:\/\/informelitoral.com.ar\/%77%70%2d%6a%73%6f%6e\/wp\/v2\/posts\/3273","targetHints":{"allow":["GET"]}}],"collection":[{"href":"https:\/\/informelitoral.com.ar\/%77%70%2d%6a%73%6f%6e\/wp\/v2\/posts"}],"about":[{"href":"https:\/\/informelitoral.com.ar\/%77%70%2d%6a%73%6f%6e\/wp\/v2\/types\/post"}],"author":[{"embeddable":true,"href":"https:\/\/informelitoral.com.ar\/%77%70%2d%6a%73%6f%6e\/wp\/v2\/users\/2"}],"replies":[{"embeddable":true,"href":"https:\/\/informelitoral.com.ar\/%77%70%2d%6a%73%6f%6e\/wp\/v2\/comments?post=3273"}],"version-history":[{"count":0,"href":"https:\/\/informelitoral.com.ar\/%77%70%2d%6a%73%6f%6e\/wp\/v2\/posts\/3273\/revisions"}],"wp:attachment":[{"href":"https:\/\/informelitoral.com.ar\/%77%70%2d%6a%73%6f%6e\/wp\/v2\/media?parent=3273"}],"wp:term":[{"taxonomy":"category","embeddable":true,"href":"https:\/\/informelitoral.com.ar\/%77%70%2d%6a%73%6f%6e\/wp\/v2\/categories?post=3273"},{"taxonomy":"post_tag","embeddable":true,"href":"https:\/\/informelitoral.com.ar\/%77%70%2d%6a%73%6f%6e\/wp\/v2\/tags?post=3273"}],"curies":[{"name":"wp","href":"https:\/\/api.w.org\/{rel}","templated":true}]}}