{"id":32634,"date":"2019-03-21T08:49:48","date_gmt":"2019-03-21T11:49:48","guid":{"rendered":"https:\/\/www.isletasnoticias.com.ar\/?p=32634"},"modified":"2019-03-21T08:49:48","modified_gmt":"2019-03-21T11:49:48","slug":"gustavo-vergara-recibio-a-autoridades-policiales-del-departamento-y-el-hospital","status":"publish","type":"post","link":"https:\/\/informelitoral.com.ar\/gustavo-vergara-recibio-a-autoridades-policiales-del-departamento-y-el-hospital\/","title":{"rendered":"Gustavo Vergara recibi\u00f3 a autoridades policiales del departamento y el hospital"},"content":{"rendered":"<p>El intendente de General Ram\u00edrez, <strong>Gustavo Vergara<\/strong> recibi\u00f3 a las nuevas autoridades policiales del departamento Diamante, comisario mayor,<strong> Gustavo Palacio<\/strong> y al subjefe comisario inspector, <strong>Maximiliano Villamonte<\/strong>, quienes realizaron su presentaci\u00f3n formal ante el Ejecutivo local.<\/p>\n<figure id=\"attachment_32635\" aria-describedby=\"caption-attachment-32635\" style=\"width: 960px\" class=\"wp-caption aligncenter\"><a href=\"https:\/\/www.isletasnoticias.com.ar\/%77%70%2d%63%6f%6e%74%65%6e%74\/uploads\/2019\/03\/54800059_1249438151873771_6108089539597697024_n.jpg\"><img loading=\"lazy\" decoding=\"async\" class=\"wp-image-32635 size-full\" src=\"https:\/\/www.isletasnoticias.com.ar\/%77%70%2d%63%6f%6e%74%65%6e%74\/uploads\/2019\/03\/54800059_1249438151873771_6108089539597697024_n.jpg\" alt=\"\" width=\"960\" height=\"588\" srcset=\"https:\/\/informelitoral.com.ar\/%77%70%2d%63%6f%6e%74%65%6e%74\/uploads\/2019\/03\/54800059_1249438151873771_6108089539597697024_n.jpg 960w, https:\/\/informelitoral.com.ar\/%77%70%2d%63%6f%6e%74%65%6e%74\/uploads\/2019\/03\/54800059_1249438151873771_6108089539597697024_n-300x184.jpg 300w, https:\/\/informelitoral.com.ar\/%77%70%2d%63%6f%6e%74%65%6e%74\/uploads\/2019\/03\/54800059_1249438151873771_6108089539597697024_n-768x470.jpg 768w, https:\/\/informelitoral.com.ar\/%77%70%2d%63%6f%6e%74%65%6e%74\/uploads\/2019\/03\/54800059_1249438151873771_6108089539597697024_n-696x426.jpg 696w, https:\/\/informelitoral.com.ar\/%77%70%2d%63%6f%6e%74%65%6e%74\/uploads\/2019\/03\/54800059_1249438151873771_6108089539597697024_n-686x420.jpg 686w\" sizes=\"auto, (max-width: 960px) 100vw, 960px\" \/><\/a><figcaption id=\"caption-attachment-32635\" class=\"wp-caption-text\">Autoridades municipales, policiales y del hospital reunidas en el municipio.<\/figcaption><\/figure>\n<h3><strong>Temas tratados<\/strong><\/h3>\n<p>Seg\u00fan pudo conocer<em><strong> IN<\/strong><\/em>, durante el encuentro se dialog\u00f3 sobre distintas problem\u00e1ticas que hacen a la seguridad en la ciudad. En particular <strong>reforzar pol\u00edticas de prevenci\u00f3n de delitos econ\u00f3micos, <a href=\"https:\/\/www.isletasnoticias.com.ar\/ramirez-habra-una-charla-para-prevenir-estafas\/\">estafas, falsificaci\u00f3n de billetes<\/a><\/strong>, entre otros. Tambi\u00e9n sobre la posibilidad de avanzar -en un mediano plazo- con la<strong> instalaci\u00f3n <a href=\"https:\/\/www.isletasnoticias.com.ar\/ramirez-buscan-reactivar-un-proyecto-para-colocar-camaras-de-seguridad\/\">c\u00e1maras de seguridad<\/a><\/strong> en distintos puntos de la ciudad y un<strong> centro de monitoreo permanente<\/strong> controlado por la fuerza de seguridad.<\/p>\n<p>Los representantes policiales transmitieron tambi\u00e9n su<strong> agradecimiento por el apoyo municipal<\/strong> calificado como \u201cejemplo para otras localidades\u201d. Este respaldo \u00abpermite cubrir deficiencias presupuestarias y un accionar m\u00e1s eficaz\u00bb, valoraron.<\/p>\n<h3><strong>Participaci\u00f3n del hospital<a href=\"https:\/\/www.isletasnoticias.com.ar\/%77%70%2d%63%6f%6e%74%65%6e%74\/uploads\/2019\/03\/54434015_1249438068540446_1723324115344949248_n.jpg\"><img loading=\"lazy\" decoding=\"async\" class=\"aligncenter wp-image-32636 size-full\" src=\"https:\/\/www.isletasnoticias.com.ar\/%77%70%2d%63%6f%6e%74%65%6e%74\/uploads\/2019\/03\/54434015_1249438068540446_1723324115344949248_n.jpg\" alt=\"\" width=\"960\" height=\"640\" srcset=\"https:\/\/informelitoral.com.ar\/%77%70%2d%63%6f%6e%74%65%6e%74\/uploads\/2019\/03\/54434015_1249438068540446_1723324115344949248_n.jpg 960w, https:\/\/informelitoral.com.ar\/%77%70%2d%63%6f%6e%74%65%6e%74\/uploads\/2019\/03\/54434015_1249438068540446_1723324115344949248_n-300x200.jpg 300w, https:\/\/informelitoral.com.ar\/%77%70%2d%63%6f%6e%74%65%6e%74\/uploads\/2019\/03\/54434015_1249438068540446_1723324115344949248_n-768x512.jpg 768w, https:\/\/informelitoral.com.ar\/%77%70%2d%63%6f%6e%74%65%6e%74\/uploads\/2019\/03\/54434015_1249438068540446_1723324115344949248_n-696x464.jpg 696w, https:\/\/informelitoral.com.ar\/%77%70%2d%63%6f%6e%74%65%6e%74\/uploads\/2019\/03\/54434015_1249438068540446_1723324115344949248_n-630x420.jpg 630w\" sizes=\"auto, (max-width: 960px) 100vw, 960px\" \/><\/a><\/strong><\/h3>\n<p>Invitados por el municipio, tambi\u00e9n participaron el director del Hospital Nuestra Se\u00f1ora de Lujan<strong> Dr. Lautaro Torriani<\/strong> y la jefa de Enfermer\u00eda <strong>Mabel Schreiner<\/strong>, quienes comentaron<a href=\"https:\/\/www.isletasnoticias.com.ar\/amenazaron-con-un-arma-blanca-a-personal-del-hospital-de-ramirez\/\"> los hechos sucedidos en horas de la madrugada del fin de semana pasado<\/a>. En la oportunidad, personal del nosocomio fue amenazado con un arma blanca por parte de un hombre de 42 a\u00f1os que luego fue detenido.<\/p>\n<h3><strong>Pedir\u00e1n un adicional de polic\u00eda\u00a0<\/strong><\/h3>\n<p>Al finalizar la reuni\u00f3n el presidente municipal <strong>Gustavo Vergara<\/strong> indic\u00f3 \u201c<strong>estamos preocupados por lo ocurrido<\/strong>, por la seguridad general del nosocomio y -especialmente- por la integridad del personal que cubre las guardias en horarios nocturnos. <strong>Desde el municipio acompa\u00f1amos la solicitud que el Hospital piensa realizar al Ministerio de Salud Provincial para contar con un adicional de polic\u00eda durante fines de semana y en ocasi\u00f3n de eventos importantes<\/strong>\u201d.<\/p>\n<h3><strong>Otras presencias<\/strong><\/h3>\n<p>Tambi\u00e9n estuvieron presentes el vicepresidente municipal,<strong> Tito Riffel<\/strong>;\u00a0el secretario de Gobierno, <strong>Pablo Omarini<\/strong>; la secretaria de Relaciones con la Comunidad, <strong>Flavia Pamberger;<\/strong>\u00a0el comisario, <strong>Claudio Vera<\/strong> (jefe de la comisar\u00eda local) y el subcomisario,<strong> Luis Arias<\/strong> (subjefe de la fuerza en la ciudad).<\/p>\n","protected":false},"excerpt":{"rendered":"<p>Dialogaron sobre la prevenci\u00f3n de delitos econ\u00f3micos y la instalaci\u00f3n de c\u00e1maras de seguridad. Por otro lado, acompa\u00f1ar\u00e1n la gesti\u00f3n de un adicional de polic\u00eda para el hospital, durante fines de semana o d\u00edas de eventos en la ciudad. <\/p>\n","protected":false},"author":2,"featured_media":32636,"comment_status":"open","ping_status":"open","sticky":false,"template":"","format":"standard","meta":{"fifu_image_url":"","fifu_image_alt":"","footnotes":""},"categories":[5],"tags":[358,263,1293,267,173,27,642],"class_list":{"0":"post-32634","1":"post","2":"type-post","3":"status-publish","4":"format-standard","5":"has-post-thumbnail","7":"category-zonales","8":"tag-comisaria-ramirez","9":"tag-gustavo-vergara","10":"tag-hospital-nuestra-senora-del-lujan","11":"tag-municipalidad","12":"tag-municipio","13":"tag-ramirez","14":"tag-reunion"},"yoast_head":"<title>Gustavo Vergara recibi\u00f3 a autoridades policiales del departamento y el hospital - Informe Litoral<\/title>\n<meta name=\"robots\" content=\"index, follow, max-snippet:-1, max-image-preview:large, max-video-preview:-1\" \/>\n<link rel=\"canonical\" href=\"https:\/\/informelitoral.com.ar\/gustavo-vergara-recibio-a-autoridades-policiales-del-departamento-y-el-hospital\/\" \/>\n<meta property=\"og:locale\" content=\"es_ES\" \/>\n<meta property=\"og:type\" content=\"article\" \/>\n<meta property=\"og:title\" content=\"Gustavo Vergara recibi\u00f3 a autoridades policiales del departamento y el hospital - Informe Litoral\" \/>\n<meta property=\"og:description\" content=\"Dialogaron sobre la prevenci\u00f3n de delitos econ\u00f3micos y la instalaci\u00f3n de c\u00e1maras de seguridad. Por otro lado, acompa\u00f1ar\u00e1n la gesti\u00f3n de un adicional de polic\u00eda para el hospital, durante fines de semana o d\u00edas de eventos en la ciudad.\" \/>\n<meta property=\"og:url\" content=\"https:\/\/informelitoral.com.ar\/gustavo-vergara-recibio-a-autoridades-policiales-del-departamento-y-el-hospital\/\" \/>\n<meta property=\"og:site_name\" content=\"Informe Litoral\" \/>\n<meta property=\"article:publisher\" content=\"https:\/\/www.facebook.com\/informelitoral\/\" \/>\n<meta property=\"article:published_time\" content=\"2019-03-21T11:49:48+00:00\" \/>\n<meta property=\"og:image\" content=\"https:\/\/informelitoral.com.ar\/%77%70%2d%63%6f%6e%74%65%6e%74\/uploads\/2019\/03\/54434015_1249438068540446_1723324115344949248_n.jpg\" \/>\n\t<meta property=\"og:image:width\" content=\"960\" \/>\n\t<meta property=\"og:image:height\" content=\"640\" \/>\n\t<meta property=\"og:image:type\" content=\"image\/jpeg\" \/>\n<meta name=\"author\" content=\"Gonzalo Schmidt\" \/>\n<meta name=\"twitter:card\" content=\"summary_large_image\" \/>\n<meta name=\"twitter:creator\" content=\"@InformeLitoral\" \/>\n<meta name=\"twitter:site\" content=\"@InformeLitoral\" \/>\n<meta name=\"twitter:label1\" content=\"Escrito por\" \/>\n\t<meta name=\"twitter:data1\" content=\"Gonzalo Schmidt\" \/>\n\t<meta name=\"twitter:label2\" content=\"Tiempo de lectura\" \/>\n\t<meta name=\"twitter:data2\" content=\"2 minutos\" \/>\n<script type=\"application\/ld+json\" class=\"yoast-schema-graph\">{\"@context\":\"https:\\\/\\\/schema.org\",\"@graph\":[{\"@type\":\"Article\",\"@id\":\"https:\\\/\\\/informelitoral.com.ar\\\/gustavo-vergara-recibio-a-autoridades-policiales-del-departamento-y-el-hospital\\\/#article\",\"isPartOf\":{\"@id\":\"https:\\\/\\\/informelitoral.com.ar\\\/gustavo-vergara-recibio-a-autoridades-policiales-del-departamento-y-el-hospital\\\/\"},\"author\":{\"name\":\"Gonzalo Schmidt\",\"@id\":\"https:\\\/\\\/informelitoral.com.ar\\\/#\\\/schema\\\/person\\\/b9d00407c836482871ef1d57bf8e3180\"},\"headline\":\"Gustavo Vergara recibi\u00f3 a autoridades policiales del departamento y el hospital\",\"datePublished\":\"2019-03-21T11:49:48+00:00\",\"mainEntityOfPage\":{\"@id\":\"https:\\\/\\\/informelitoral.com.ar\\\/gustavo-vergara-recibio-a-autoridades-policiales-del-departamento-y-el-hospital\\\/\"},\"wordCount\":374,\"commentCount\":0,\"publisher\":{\"@id\":\"https:\\\/\\\/informelitoral.com.ar\\\/#organization\"},\"image\":{\"@id\":\"https:\\\/\\\/informelitoral.com.ar\\\/gustavo-vergara-recibio-a-autoridades-policiales-del-departamento-y-el-hospital\\\/#primaryimage\"},\"thumbnailUrl\":\"https:\\\/\\\/informelitoral.com.ar\\\/%77%70%2d%63%6f%6e%74%65%6e%74\\\/uploads\\\/2019\\\/03\\\/54434015_1249438068540446_1723324115344949248_n.jpg\",\"keywords\":[\"Comisar\u00eda Ram\u00edrez\",\"Gustavo Vergara\",\"Hospital Nuestra Se\u00f1ora del Luj\u00e1n\",\"Municipalidad\",\"Municipio\",\"Ram\u00edrez\",\"Reuni\u00f3n\"],\"articleSection\":[\"Departamento Diamante\"],\"inLanguage\":\"es\",\"potentialAction\":[{\"@type\":\"CommentAction\",\"name\":\"Comment\",\"target\":[\"https:\\\/\\\/informelitoral.com.ar\\\/gustavo-vergara-recibio-a-autoridades-policiales-del-departamento-y-el-hospital\\\/#respond\"]}]},{\"@type\":\"WebPage\",\"@id\":\"https:\\\/\\\/informelitoral.com.ar\\\/gustavo-vergara-recibio-a-autoridades-policiales-del-departamento-y-el-hospital\\\/\",\"url\":\"https:\\\/\\\/informelitoral.com.ar\\\/gustavo-vergara-recibio-a-autoridades-policiales-del-departamento-y-el-hospital\\\/\",\"name\":\"Gustavo Vergara recibi\u00f3 a autoridades policiales del departamento y el hospital - Informe Litoral\",\"isPartOf\":{\"@id\":\"https:\\\/\\\/informelitoral.com.ar\\\/#website\"},\"primaryImageOfPage\":{\"@id\":\"https:\\\/\\\/informelitoral.com.ar\\\/gustavo-vergara-recibio-a-autoridades-policiales-del-departamento-y-el-hospital\\\/#primaryimage\"},\"image\":{\"@id\":\"https:\\\/\\\/informelitoral.com.ar\\\/gustavo-vergara-recibio-a-autoridades-policiales-del-departamento-y-el-hospital\\\/#primaryimage\"},\"thumbnailUrl\":\"https:\\\/\\\/informelitoral.com.ar\\\/%77%70%2d%63%6f%6e%74%65%6e%74\\\/uploads\\\/2019\\\/03\\\/54434015_1249438068540446_1723324115344949248_n.jpg\",\"datePublished\":\"2019-03-21T11:49:48+00:00\",\"breadcrumb\":{\"@id\":\"https:\\\/\\\/informelitoral.com.ar\\\/gustavo-vergara-recibio-a-autoridades-policiales-del-departamento-y-el-hospital\\\/#breadcrumb\"},\"inLanguage\":\"es\",\"potentialAction\":[{\"@type\":\"ReadAction\",\"target\":[\"https:\\\/\\\/informelitoral.com.ar\\\/gustavo-vergara-recibio-a-autoridades-policiales-del-departamento-y-el-hospital\\\/\"]}]},{\"@type\":\"ImageObject\",\"inLanguage\":\"es\",\"@id\":\"https:\\\/\\\/informelitoral.com.ar\\\/gustavo-vergara-recibio-a-autoridades-policiales-del-departamento-y-el-hospital\\\/#primaryimage\",\"url\":\"https:\\\/\\\/informelitoral.com.ar\\\/%77%70%2d%63%6f%6e%74%65%6e%74\\\/uploads\\\/2019\\\/03\\\/54434015_1249438068540446_1723324115344949248_n.jpg\",\"contentUrl\":\"https:\\\/\\\/informelitoral.com.ar\\\/%77%70%2d%63%6f%6e%74%65%6e%74\\\/uploads\\\/2019\\\/03\\\/54434015_1249438068540446_1723324115344949248_n.jpg\",\"width\":960,\"height\":640},{\"@type\":\"BreadcrumbList\",\"@id\":\"https:\\\/\\\/informelitoral.com.ar\\\/gustavo-vergara-recibio-a-autoridades-policiales-del-departamento-y-el-hospital\\\/#breadcrumb\",\"itemListElement\":[{\"@type\":\"ListItem\",\"position\":1,\"name\":\"Portada\",\"item\":\"https:\\\/\\\/informelitoral.com.ar\\\/\"},{\"@type\":\"ListItem\",\"position\":2,\"name\":\"Gustavo Vergara recibi\u00f3 a autoridades policiales del departamento y el hospital\"}]},{\"@type\":\"WebSite\",\"@id\":\"https:\\\/\\\/informelitoral.com.ar\\\/#website\",\"url\":\"https:\\\/\\\/informelitoral.com.ar\\\/\",\"name\":\"Informe Litoral\",\"description\":\"&quot;Nos informamos&quot; \",\"publisher\":{\"@id\":\"https:\\\/\\\/informelitoral.com.ar\\\/#organization\"},\"potentialAction\":[{\"@type\":\"SearchAction\",\"target\":{\"@type\":\"EntryPoint\",\"urlTemplate\":\"https:\\\/\\\/informelitoral.com.ar\\\/?s={search_term_string}\"},\"query-input\":{\"@type\":\"PropertyValueSpecification\",\"valueRequired\":true,\"valueName\":\"search_term_string\"}}],\"inLanguage\":\"es\"},{\"@type\":\"Organization\",\"@id\":\"https:\\\/\\\/informelitoral.com.ar\\\/#organization\",\"name\":\"Informe Litoral\",\"url\":\"https:\\\/\\\/informelitoral.com.ar\\\/\",\"logo\":{\"@type\":\"ImageObject\",\"inLanguage\":\"es\",\"@id\":\"https:\\\/\\\/informelitoral.com.ar\\\/#\\\/schema\\\/logo\\\/image\\\/\",\"url\":\"https:\\\/\\\/informelitoral.com.ar\\\/%77%70%2d%63%6f%6e%74%65%6e%74\\\/uploads\\\/2021\\\/01\\\/circulo.png\",\"contentUrl\":\"https:\\\/\\\/informelitoral.com.ar\\\/%77%70%2d%63%6f%6e%74%65%6e%74\\\/uploads\\\/2021\\\/01\\\/circulo.png\",\"width\":723,\"height\":731,\"caption\":\"Informe Litoral\"},\"image\":{\"@id\":\"https:\\\/\\\/informelitoral.com.ar\\\/#\\\/schema\\\/logo\\\/image\\\/\"},\"sameAs\":[\"https:\\\/\\\/www.facebook.com\\\/informelitoral\\\/\",\"https:\\\/\\\/x.com\\\/InformeLitoral\",\"https:\\\/\\\/www.instagram.com\\\/informelitoral\\\/\",\"https:\\\/\\\/www.youtube.com\\\/channel\\\/UCua4Qvz8Icb6MYqhoq9xLXw\"]},{\"@type\":\"Person\",\"@id\":\"https:\\\/\\\/informelitoral.com.ar\\\/#\\\/schema\\\/person\\\/b9d00407c836482871ef1d57bf8e3180\",\"name\":\"Gonzalo Schmidt\",\"image\":{\"@type\":\"ImageObject\",\"inLanguage\":\"es\",\"@id\":\"https:\\\/\\\/secure.gravatar.com\\\/avatar\\\/31a1a7b66ff2de83bd0e9fd79d026630d2d99e55e8bfe501287647b4fd9743de?s=96&d=mm&r=g\",\"url\":\"https:\\\/\\\/secure.gravatar.com\\\/avatar\\\/31a1a7b66ff2de83bd0e9fd79d026630d2d99e55e8bfe501287647b4fd9743de?s=96&d=mm&r=g\",\"contentUrl\":\"https:\\\/\\\/secure.gravatar.com\\\/avatar\\\/31a1a7b66ff2de83bd0e9fd79d026630d2d99e55e8bfe501287647b4fd9743de?s=96&d=mm&r=g\",\"caption\":\"Gonzalo Schmidt\"},\"description\":\"Sitio web de noticias de la provincia de Entre R\u00edos, Argentina. Informaci\u00f3n y entretenimiento. Informe Litoral, nos informamos.\",\"sameAs\":[\"http:\\\/\\\/www.isletasnoticias.com.ar\"],\"url\":\"https:\\\/\\\/informelitoral.com.ar\\\/author\\\/gonzalo\\\/\"}]}<\/script>","yoast_head_json":{"title":"Gustavo Vergara recibi\u00f3 a autoridades policiales del departamento y el hospital - Informe Litoral","robots":{"index":"index","follow":"follow","max-snippet":"max-snippet:-1","max-image-preview":"max-image-preview:large","max-video-preview":"max-video-preview:-1"},"canonical":"https:\/\/informelitoral.com.ar\/gustavo-vergara-recibio-a-autoridades-policiales-del-departamento-y-el-hospital\/","og_locale":"es_ES","og_type":"article","og_title":"Gustavo Vergara recibi\u00f3 a autoridades policiales del departamento y el hospital - Informe Litoral","og_description":"Dialogaron sobre la prevenci\u00f3n de delitos econ\u00f3micos y la instalaci\u00f3n de c\u00e1maras de seguridad. Por otro lado, acompa\u00f1ar\u00e1n la gesti\u00f3n de un adicional de polic\u00eda para el hospital, durante fines de semana o d\u00edas de eventos en la ciudad.","og_url":"https:\/\/informelitoral.com.ar\/gustavo-vergara-recibio-a-autoridades-policiales-del-departamento-y-el-hospital\/","og_site_name":"Informe Litoral","article_publisher":"https:\/\/www.facebook.com\/informelitoral\/","article_published_time":"2019-03-21T11:49:48+00:00","og_image":[{"width":960,"height":640,"url":"https:\/\/informelitoral.com.ar\/%77%70%2d%63%6f%6e%74%65%6e%74\/uploads\/2019\/03\/54434015_1249438068540446_1723324115344949248_n.jpg","type":"image\/jpeg"}],"author":"Gonzalo Schmidt","twitter_card":"summary_large_image","twitter_creator":"@InformeLitoral","twitter_site":"@InformeLitoral","twitter_misc":{"Escrito por":"Gonzalo Schmidt","Tiempo de lectura":"2 minutos"},"schema":{"@context":"https:\/\/schema.org","@graph":[{"@type":"Article","@id":"https:\/\/informelitoral.com.ar\/gustavo-vergara-recibio-a-autoridades-policiales-del-departamento-y-el-hospital\/#article","isPartOf":{"@id":"https:\/\/informelitoral.com.ar\/gustavo-vergara-recibio-a-autoridades-policiales-del-departamento-y-el-hospital\/"},"author":{"name":"Gonzalo Schmidt","@id":"https:\/\/informelitoral.com.ar\/#\/schema\/person\/b9d00407c836482871ef1d57bf8e3180"},"headline":"Gustavo Vergara recibi\u00f3 a autoridades policiales del departamento y el hospital","datePublished":"2019-03-21T11:49:48+00:00","mainEntityOfPage":{"@id":"https:\/\/informelitoral.com.ar\/gustavo-vergara-recibio-a-autoridades-policiales-del-departamento-y-el-hospital\/"},"wordCount":374,"commentCount":0,"publisher":{"@id":"https:\/\/informelitoral.com.ar\/#organization"},"image":{"@id":"https:\/\/informelitoral.com.ar\/gustavo-vergara-recibio-a-autoridades-policiales-del-departamento-y-el-hospital\/#primaryimage"},"thumbnailUrl":"https:\/\/informelitoral.com.ar\/%77%70%2d%63%6f%6e%74%65%6e%74\/uploads\/2019\/03\/54434015_1249438068540446_1723324115344949248_n.jpg","keywords":["Comisar\u00eda Ram\u00edrez","Gustavo Vergara","Hospital Nuestra Se\u00f1ora del Luj\u00e1n","Municipalidad","Municipio","Ram\u00edrez","Reuni\u00f3n"],"articleSection":["Departamento Diamante"],"inLanguage":"es","potentialAction":[{"@type":"CommentAction","name":"Comment","target":["https:\/\/informelitoral.com.ar\/gustavo-vergara-recibio-a-autoridades-policiales-del-departamento-y-el-hospital\/#respond"]}]},{"@type":"WebPage","@id":"https:\/\/informelitoral.com.ar\/gustavo-vergara-recibio-a-autoridades-policiales-del-departamento-y-el-hospital\/","url":"https:\/\/informelitoral.com.ar\/gustavo-vergara-recibio-a-autoridades-policiales-del-departamento-y-el-hospital\/","name":"Gustavo Vergara recibi\u00f3 a autoridades policiales del departamento y el hospital - Informe Litoral","isPartOf":{"@id":"https:\/\/informelitoral.com.ar\/#website"},"primaryImageOfPage":{"@id":"https:\/\/informelitoral.com.ar\/gustavo-vergara-recibio-a-autoridades-policiales-del-departamento-y-el-hospital\/#primaryimage"},"image":{"@id":"https:\/\/informelitoral.com.ar\/gustavo-vergara-recibio-a-autoridades-policiales-del-departamento-y-el-hospital\/#primaryimage"},"thumbnailUrl":"https:\/\/informelitoral.com.ar\/%77%70%2d%63%6f%6e%74%65%6e%74\/uploads\/2019\/03\/54434015_1249438068540446_1723324115344949248_n.jpg","datePublished":"2019-03-21T11:49:48+00:00","breadcrumb":{"@id":"https:\/\/informelitoral.com.ar\/gustavo-vergara-recibio-a-autoridades-policiales-del-departamento-y-el-hospital\/#breadcrumb"},"inLanguage":"es","potentialAction":[{"@type":"ReadAction","target":["https:\/\/informelitoral.com.ar\/gustavo-vergara-recibio-a-autoridades-policiales-del-departamento-y-el-hospital\/"]}]},{"@type":"ImageObject","inLanguage":"es","@id":"https:\/\/informelitoral.com.ar\/gustavo-vergara-recibio-a-autoridades-policiales-del-departamento-y-el-hospital\/#primaryimage","url":"https:\/\/informelitoral.com.ar\/%77%70%2d%63%6f%6e%74%65%6e%74\/uploads\/2019\/03\/54434015_1249438068540446_1723324115344949248_n.jpg","contentUrl":"https:\/\/informelitoral.com.ar\/%77%70%2d%63%6f%6e%74%65%6e%74\/uploads\/2019\/03\/54434015_1249438068540446_1723324115344949248_n.jpg","width":960,"height":640},{"@type":"BreadcrumbList","@id":"https:\/\/informelitoral.com.ar\/gustavo-vergara-recibio-a-autoridades-policiales-del-departamento-y-el-hospital\/#breadcrumb","itemListElement":[{"@type":"ListItem","position":1,"name":"Portada","item":"https:\/\/informelitoral.com.ar\/"},{"@type":"ListItem","position":2,"name":"Gustavo Vergara recibi\u00f3 a autoridades policiales del departamento y el hospital"}]},{"@type":"WebSite","@id":"https:\/\/informelitoral.com.ar\/#website","url":"https:\/\/informelitoral.com.ar\/","name":"Informe Litoral","description":"&quot;Nos informamos&quot; ","publisher":{"@id":"https:\/\/informelitoral.com.ar\/#organization"},"potentialAction":[{"@type":"SearchAction","target":{"@type":"EntryPoint","urlTemplate":"https:\/\/informelitoral.com.ar\/?s={search_term_string}"},"query-input":{"@type":"PropertyValueSpecification","valueRequired":true,"valueName":"search_term_string"}}],"inLanguage":"es"},{"@type":"Organization","@id":"https:\/\/informelitoral.com.ar\/#organization","name":"Informe Litoral","url":"https:\/\/informelitoral.com.ar\/","logo":{"@type":"ImageObject","inLanguage":"es","@id":"https:\/\/informelitoral.com.ar\/#\/schema\/logo\/image\/","url":"https:\/\/informelitoral.com.ar\/%77%70%2d%63%6f%6e%74%65%6e%74\/uploads\/2021\/01\/circulo.png","contentUrl":"https:\/\/informelitoral.com.ar\/%77%70%2d%63%6f%6e%74%65%6e%74\/uploads\/2021\/01\/circulo.png","width":723,"height":731,"caption":"Informe Litoral"},"image":{"@id":"https:\/\/informelitoral.com.ar\/#\/schema\/logo\/image\/"},"sameAs":["https:\/\/www.facebook.com\/informelitoral\/","https:\/\/x.com\/InformeLitoral","https:\/\/www.instagram.com\/informelitoral\/","https:\/\/www.youtube.com\/channel\/UCua4Qvz8Icb6MYqhoq9xLXw"]},{"@type":"Person","@id":"https:\/\/informelitoral.com.ar\/#\/schema\/person\/b9d00407c836482871ef1d57bf8e3180","name":"Gonzalo Schmidt","image":{"@type":"ImageObject","inLanguage":"es","@id":"https:\/\/secure.gravatar.com\/avatar\/31a1a7b66ff2de83bd0e9fd79d026630d2d99e55e8bfe501287647b4fd9743de?s=96&d=mm&r=g","url":"https:\/\/secure.gravatar.com\/avatar\/31a1a7b66ff2de83bd0e9fd79d026630d2d99e55e8bfe501287647b4fd9743de?s=96&d=mm&r=g","contentUrl":"https:\/\/secure.gravatar.com\/avatar\/31a1a7b66ff2de83bd0e9fd79d026630d2d99e55e8bfe501287647b4fd9743de?s=96&d=mm&r=g","caption":"Gonzalo Schmidt"},"description":"Sitio web de noticias de la provincia de Entre R\u00edos, Argentina. Informaci\u00f3n y entretenimiento. Informe Litoral, nos informamos.","sameAs":["http:\/\/www.isletasnoticias.com.ar"],"url":"https:\/\/informelitoral.com.ar\/author\/gonzalo\/"}]}},"_links":{"self":[{"href":"https:\/\/informelitoral.com.ar\/%77%70%2d%6a%73%6f%6e\/wp\/v2\/posts\/32634","targetHints":{"allow":["GET"]}}],"collection":[{"href":"https:\/\/informelitoral.com.ar\/%77%70%2d%6a%73%6f%6e\/wp\/v2\/posts"}],"about":[{"href":"https:\/\/informelitoral.com.ar\/%77%70%2d%6a%73%6f%6e\/wp\/v2\/types\/post"}],"author":[{"embeddable":true,"href":"https:\/\/informelitoral.com.ar\/%77%70%2d%6a%73%6f%6e\/wp\/v2\/users\/2"}],"replies":[{"embeddable":true,"href":"https:\/\/informelitoral.com.ar\/%77%70%2d%6a%73%6f%6e\/wp\/v2\/comments?post=32634"}],"version-history":[{"count":0,"href":"https:\/\/informelitoral.com.ar\/%77%70%2d%6a%73%6f%6e\/wp\/v2\/posts\/32634\/revisions"}],"wp:featuredmedia":[{"embeddable":true,"href":"https:\/\/informelitoral.com.ar\/%77%70%2d%6a%73%6f%6e\/wp\/v2\/media\/32636"}],"wp:attachment":[{"href":"https:\/\/informelitoral.com.ar\/%77%70%2d%6a%73%6f%6e\/wp\/v2\/media?parent=32634"}],"wp:term":[{"taxonomy":"category","embeddable":true,"href":"https:\/\/informelitoral.com.ar\/%77%70%2d%6a%73%6f%6e\/wp\/v2\/categories?post=32634"},{"taxonomy":"post_tag","embeddable":true,"href":"https:\/\/informelitoral.com.ar\/%77%70%2d%6a%73%6f%6e\/wp\/v2\/tags?post=32634"}],"curies":[{"name":"wp","href":"https:\/\/api.w.org\/{rel}","templated":true}]}}