{"id":32571,"date":"2019-03-19T07:36:40","date_gmt":"2019-03-19T10:36:40","guid":{"rendered":"https:\/\/www.isletasnoticias.com.ar\/?p=32571"},"modified":"2019-03-19T07:45:05","modified_gmt":"2019-03-19T10:45:05","slug":"ramirez-se-solidarizan-con-el-personal-del-hospital-y-piden-justicia","status":"publish","type":"post","link":"https:\/\/informelitoral.com.ar\/ramirez-se-solidarizan-con-el-personal-del-hospital-y-piden-justicia\/","title":{"rendered":"Ram\u00edrez: se solidarizan con el personal del Hospital y piden justicia"},"content":{"rendered":"<p>Desde la <strong>Comisi\u00f3n Amigos del Hospital Nuestra Se\u00f1ora del Luj\u00e1n<\/strong> de General Ram\u00edrez, repudiaron <a href=\"https:\/\/www.isletasnoticias.com.ar\/amenazaron-con-un-arma-blanca-a-personal-del-hospital-de-ramirez\/\">la agresi\u00f3n que sufri\u00f3 personal del nosocomio<\/a> el \u00faltimo fin de semana.<\/p>\n<p>Recordemos que en la madrugada del domingo, ingres\u00f3 un hombre de 44 a\u00f1os al edificio, quien con un arma blanca amenaz\u00f3 a enfermeras y m\u00e9dicas de guardia, por lo que tuvo que intervenir personal de Comisar\u00eda Ram\u00edrez.<a href=\"https:\/\/www.isletasnoticias.com.ar\/%77%70%2d%63%6f%6e%74%65%6e%74\/uploads\/2013\/03\/hospital.jpg\"><img loading=\"lazy\" decoding=\"async\" class=\"aligncenter wp-image-73 size-full\" src=\"https:\/\/www.isletasnoticias.com.ar\/%77%70%2d%63%6f%6e%74%65%6e%74\/uploads\/2013\/03\/hospital.jpg\" alt=\"\" width=\"640\" height=\"480\" srcset=\"https:\/\/informelitoral.com.ar\/%77%70%2d%63%6f%6e%74%65%6e%74\/uploads\/2013\/03\/hospital.jpg 640w, https:\/\/informelitoral.com.ar\/%77%70%2d%63%6f%6e%74%65%6e%74\/uploads\/2013\/03\/hospital-300x225.jpg 300w\" sizes=\"auto, (max-width: 640px) 100vw, 640px\" \/><\/a><\/p>\n<p>Mediante un mensaje de Whatsapp enviado a<em><strong> IN<\/strong><\/em> (3434519529), desde la Comisi\u00f3n Amigos del Hospital <strong>expresaron su solidaridad con todo el personal por \u00abtan aberrante hecho\u00bb<\/strong>.<\/p>\n<p>Al mismo tiempo, pidieron a la Justicia que el accionar de la persona \u00abno quede impune. <strong>No puede ser que cualquier persona pueda entrar a un hospital, romper las instalaciones que son de todos los ramirenses, privarle la libertad y amenazar a los trabajadores de la salud<\/strong>\u00ab, indicaron. <em>(IN)<\/em><\/p>\n","protected":false},"excerpt":{"rendered":"<p>Es tras la amenaza con arma blanca que sufri\u00f3 personal del Hospital Nuestra Se\u00f1ora del Luj\u00e1n de esa ciudad del departamento Diamante. Desde la Comisi\u00f3n Amigos se comunicaron con IN.<\/p>\n","protected":false},"author":2,"featured_media":21706,"comment_status":"open","ping_status":"open","sticky":false,"template":"","format":"standard","meta":{"fifu_image_url":"","fifu_image_alt":"","footnotes":""},"categories":[5],"tags":[1293,27,652],"class_list":{"0":"post-32571","1":"post","2":"type-post","3":"status-publish","4":"format-standard","5":"has-post-thumbnail","7":"category-zonales","8":"tag-hospital-nuestra-senora-del-lujan","9":"tag-ramirez","10":"tag-salud-publica"},"yoast_head":"<title>Ram\u00edrez: se solidarizan con el personal del Hospital y piden justicia - Informe Litoral<\/title>\n<meta name=\"robots\" content=\"index, follow, max-snippet:-1, max-image-preview:large, max-video-preview:-1\" \/>\n<link rel=\"canonical\" href=\"https:\/\/informelitoral.com.ar\/ramirez-se-solidarizan-con-el-personal-del-hospital-y-piden-justicia\/\" \/>\n<meta property=\"og:locale\" content=\"es_ES\" \/>\n<meta property=\"og:type\" content=\"article\" \/>\n<meta property=\"og:title\" content=\"Ram\u00edrez: se solidarizan con el personal del Hospital y piden justicia - Informe Litoral\" \/>\n<meta property=\"og:description\" content=\"Es tras la amenaza con arma blanca que sufri\u00f3 personal del Hospital Nuestra Se\u00f1ora del Luj\u00e1n de esa ciudad del departamento Diamante. Desde la Comisi\u00f3n Amigos se comunicaron con IN.\" \/>\n<meta property=\"og:url\" content=\"https:\/\/informelitoral.com.ar\/ramirez-se-solidarizan-con-el-personal-del-hospital-y-piden-justicia\/\" \/>\n<meta property=\"og:site_name\" content=\"Informe Litoral\" \/>\n<meta property=\"article:publisher\" content=\"https:\/\/www.facebook.com\/informelitoral\/\" \/>\n<meta property=\"article:published_time\" content=\"2019-03-19T10:36:40+00:00\" \/>\n<meta property=\"article:modified_time\" content=\"2019-03-19T10:45:05+00:00\" \/>\n<meta property=\"og:image\" content=\"https:\/\/informelitoral.com.ar\/%77%70%2d%63%6f%6e%74%65%6e%74\/uploads\/2017\/05\/hospital-nuestra-se\u00f1ora-del-luj\u00e1n-ram\u00edrez.jpg\" \/>\n\t<meta property=\"og:image:width\" content=\"800\" \/>\n\t<meta property=\"og:image:height\" content=\"450\" \/>\n\t<meta property=\"og:image:type\" content=\"image\/jpeg\" \/>\n<meta name=\"author\" content=\"Gonzalo Schmidt\" \/>\n<meta name=\"twitter:card\" content=\"summary_large_image\" \/>\n<meta name=\"twitter:creator\" content=\"@InformeLitoral\" \/>\n<meta name=\"twitter:site\" content=\"@InformeLitoral\" \/>\n<meta name=\"twitter:label1\" content=\"Escrito por\" \/>\n\t<meta name=\"twitter:data1\" content=\"Gonzalo Schmidt\" \/>\n\t<meta name=\"twitter:label2\" content=\"Tiempo de lectura\" \/>\n\t<meta name=\"twitter:data2\" content=\"1 minuto\" \/>\n<script type=\"application\/ld+json\" class=\"yoast-schema-graph\">{\"@context\":\"https:\\\/\\\/schema.org\",\"@graph\":[{\"@type\":\"Article\",\"@id\":\"https:\\\/\\\/informelitoral.com.ar\\\/ramirez-se-solidarizan-con-el-personal-del-hospital-y-piden-justicia\\\/#article\",\"isPartOf\":{\"@id\":\"https:\\\/\\\/informelitoral.com.ar\\\/ramirez-se-solidarizan-con-el-personal-del-hospital-y-piden-justicia\\\/\"},\"author\":{\"name\":\"Gonzalo Schmidt\",\"@id\":\"https:\\\/\\\/informelitoral.com.ar\\\/#\\\/schema\\\/person\\\/b9d00407c836482871ef1d57bf8e3180\"},\"headline\":\"Ram\u00edrez: se solidarizan con el personal del Hospital y piden justicia\",\"datePublished\":\"2019-03-19T10:36:40+00:00\",\"dateModified\":\"2019-03-19T10:45:05+00:00\",\"mainEntityOfPage\":{\"@id\":\"https:\\\/\\\/informelitoral.com.ar\\\/ramirez-se-solidarizan-con-el-personal-del-hospital-y-piden-justicia\\\/\"},\"wordCount\":158,\"commentCount\":0,\"publisher\":{\"@id\":\"https:\\\/\\\/informelitoral.com.ar\\\/#organization\"},\"image\":{\"@id\":\"https:\\\/\\\/informelitoral.com.ar\\\/ramirez-se-solidarizan-con-el-personal-del-hospital-y-piden-justicia\\\/#primaryimage\"},\"thumbnailUrl\":\"https:\\\/\\\/informelitoral.com.ar\\\/%77%70%2d%63%6f%6e%74%65%6e%74\\\/uploads\\\/2017\\\/05\\\/hospital-nuestra-se\u00f1ora-del-luj\u00e1n-ram\u00edrez.jpg\",\"keywords\":[\"Hospital Nuestra Se\u00f1ora del Luj\u00e1n\",\"Ram\u00edrez\",\"Salud p\u00fablica\"],\"articleSection\":[\"Departamento Diamante\"],\"inLanguage\":\"es\",\"potentialAction\":[{\"@type\":\"CommentAction\",\"name\":\"Comment\",\"target\":[\"https:\\\/\\\/informelitoral.com.ar\\\/ramirez-se-solidarizan-con-el-personal-del-hospital-y-piden-justicia\\\/#respond\"]}]},{\"@type\":\"WebPage\",\"@id\":\"https:\\\/\\\/informelitoral.com.ar\\\/ramirez-se-solidarizan-con-el-personal-del-hospital-y-piden-justicia\\\/\",\"url\":\"https:\\\/\\\/informelitoral.com.ar\\\/ramirez-se-solidarizan-con-el-personal-del-hospital-y-piden-justicia\\\/\",\"name\":\"Ram\u00edrez: se solidarizan con el personal del Hospital y piden justicia - Informe Litoral\",\"isPartOf\":{\"@id\":\"https:\\\/\\\/informelitoral.com.ar\\\/#website\"},\"primaryImageOfPage\":{\"@id\":\"https:\\\/\\\/informelitoral.com.ar\\\/ramirez-se-solidarizan-con-el-personal-del-hospital-y-piden-justicia\\\/#primaryimage\"},\"image\":{\"@id\":\"https:\\\/\\\/informelitoral.com.ar\\\/ramirez-se-solidarizan-con-el-personal-del-hospital-y-piden-justicia\\\/#primaryimage\"},\"thumbnailUrl\":\"https:\\\/\\\/informelitoral.com.ar\\\/%77%70%2d%63%6f%6e%74%65%6e%74\\\/uploads\\\/2017\\\/05\\\/hospital-nuestra-se\u00f1ora-del-luj\u00e1n-ram\u00edrez.jpg\",\"datePublished\":\"2019-03-19T10:36:40+00:00\",\"dateModified\":\"2019-03-19T10:45:05+00:00\",\"breadcrumb\":{\"@id\":\"https:\\\/\\\/informelitoral.com.ar\\\/ramirez-se-solidarizan-con-el-personal-del-hospital-y-piden-justicia\\\/#breadcrumb\"},\"inLanguage\":\"es\",\"potentialAction\":[{\"@type\":\"ReadAction\",\"target\":[\"https:\\\/\\\/informelitoral.com.ar\\\/ramirez-se-solidarizan-con-el-personal-del-hospital-y-piden-justicia\\\/\"]}]},{\"@type\":\"ImageObject\",\"inLanguage\":\"es\",\"@id\":\"https:\\\/\\\/informelitoral.com.ar\\\/ramirez-se-solidarizan-con-el-personal-del-hospital-y-piden-justicia\\\/#primaryimage\",\"url\":\"https:\\\/\\\/informelitoral.com.ar\\\/%77%70%2d%63%6f%6e%74%65%6e%74\\\/uploads\\\/2017\\\/05\\\/hospital-nuestra-se\u00f1ora-del-luj\u00e1n-ram\u00edrez.jpg\",\"contentUrl\":\"https:\\\/\\\/informelitoral.com.ar\\\/%77%70%2d%63%6f%6e%74%65%6e%74\\\/uploads\\\/2017\\\/05\\\/hospital-nuestra-se\u00f1ora-del-luj\u00e1n-ram\u00edrez.jpg\",\"width\":800,\"height\":450},{\"@type\":\"BreadcrumbList\",\"@id\":\"https:\\\/\\\/informelitoral.com.ar\\\/ramirez-se-solidarizan-con-el-personal-del-hospital-y-piden-justicia\\\/#breadcrumb\",\"itemListElement\":[{\"@type\":\"ListItem\",\"position\":1,\"name\":\"Portada\",\"item\":\"https:\\\/\\\/informelitoral.com.ar\\\/\"},{\"@type\":\"ListItem\",\"position\":2,\"name\":\"Ram\u00edrez: se solidarizan con el personal del Hospital y piden justicia\"}]},{\"@type\":\"WebSite\",\"@id\":\"https:\\\/\\\/informelitoral.com.ar\\\/#website\",\"url\":\"https:\\\/\\\/informelitoral.com.ar\\\/\",\"name\":\"Informe Litoral\",\"description\":\"&quot;Nos informamos&quot; \",\"publisher\":{\"@id\":\"https:\\\/\\\/informelitoral.com.ar\\\/#organization\"},\"potentialAction\":[{\"@type\":\"SearchAction\",\"target\":{\"@type\":\"EntryPoint\",\"urlTemplate\":\"https:\\\/\\\/informelitoral.com.ar\\\/?s={search_term_string}\"},\"query-input\":{\"@type\":\"PropertyValueSpecification\",\"valueRequired\":true,\"valueName\":\"search_term_string\"}}],\"inLanguage\":\"es\"},{\"@type\":\"Organization\",\"@id\":\"https:\\\/\\\/informelitoral.com.ar\\\/#organization\",\"name\":\"Informe Litoral\",\"url\":\"https:\\\/\\\/informelitoral.com.ar\\\/\",\"logo\":{\"@type\":\"ImageObject\",\"inLanguage\":\"es\",\"@id\":\"https:\\\/\\\/informelitoral.com.ar\\\/#\\\/schema\\\/logo\\\/image\\\/\",\"url\":\"https:\\\/\\\/informelitoral.com.ar\\\/%77%70%2d%63%6f%6e%74%65%6e%74\\\/uploads\\\/2021\\\/01\\\/circulo.png\",\"contentUrl\":\"https:\\\/\\\/informelitoral.com.ar\\\/%77%70%2d%63%6f%6e%74%65%6e%74\\\/uploads\\\/2021\\\/01\\\/circulo.png\",\"width\":723,\"height\":731,\"caption\":\"Informe Litoral\"},\"image\":{\"@id\":\"https:\\\/\\\/informelitoral.com.ar\\\/#\\\/schema\\\/logo\\\/image\\\/\"},\"sameAs\":[\"https:\\\/\\\/www.facebook.com\\\/informelitoral\\\/\",\"https:\\\/\\\/x.com\\\/InformeLitoral\",\"https:\\\/\\\/www.instagram.com\\\/informelitoral\\\/\",\"https:\\\/\\\/www.youtube.com\\\/channel\\\/UCua4Qvz8Icb6MYqhoq9xLXw\"]},{\"@type\":\"Person\",\"@id\":\"https:\\\/\\\/informelitoral.com.ar\\\/#\\\/schema\\\/person\\\/b9d00407c836482871ef1d57bf8e3180\",\"name\":\"Gonzalo Schmidt\",\"image\":{\"@type\":\"ImageObject\",\"inLanguage\":\"es\",\"@id\":\"https:\\\/\\\/secure.gravatar.com\\\/avatar\\\/31a1a7b66ff2de83bd0e9fd79d026630d2d99e55e8bfe501287647b4fd9743de?s=96&d=mm&r=g\",\"url\":\"https:\\\/\\\/secure.gravatar.com\\\/avatar\\\/31a1a7b66ff2de83bd0e9fd79d026630d2d99e55e8bfe501287647b4fd9743de?s=96&d=mm&r=g\",\"contentUrl\":\"https:\\\/\\\/secure.gravatar.com\\\/avatar\\\/31a1a7b66ff2de83bd0e9fd79d026630d2d99e55e8bfe501287647b4fd9743de?s=96&d=mm&r=g\",\"caption\":\"Gonzalo Schmidt\"},\"description\":\"Sitio web de noticias de la provincia de Entre R\u00edos, Argentina. Informaci\u00f3n y entretenimiento. Informe Litoral, nos informamos.\",\"sameAs\":[\"http:\\\/\\\/www.isletasnoticias.com.ar\"],\"url\":\"https:\\\/\\\/informelitoral.com.ar\\\/author\\\/gonzalo\\\/\"}]}<\/script>","yoast_head_json":{"title":"Ram\u00edrez: se solidarizan con el personal del Hospital y piden justicia - Informe Litoral","robots":{"index":"index","follow":"follow","max-snippet":"max-snippet:-1","max-image-preview":"max-image-preview:large","max-video-preview":"max-video-preview:-1"},"canonical":"https:\/\/informelitoral.com.ar\/ramirez-se-solidarizan-con-el-personal-del-hospital-y-piden-justicia\/","og_locale":"es_ES","og_type":"article","og_title":"Ram\u00edrez: se solidarizan con el personal del Hospital y piden justicia - Informe Litoral","og_description":"Es tras la amenaza con arma blanca que sufri\u00f3 personal del Hospital Nuestra Se\u00f1ora del Luj\u00e1n de esa ciudad del departamento Diamante. Desde la Comisi\u00f3n Amigos se comunicaron con IN.","og_url":"https:\/\/informelitoral.com.ar\/ramirez-se-solidarizan-con-el-personal-del-hospital-y-piden-justicia\/","og_site_name":"Informe Litoral","article_publisher":"https:\/\/www.facebook.com\/informelitoral\/","article_published_time":"2019-03-19T10:36:40+00:00","article_modified_time":"2019-03-19T10:45:05+00:00","og_image":[{"width":800,"height":450,"url":"https:\/\/informelitoral.com.ar\/%77%70%2d%63%6f%6e%74%65%6e%74\/uploads\/2017\/05\/hospital-nuestra-se\u00f1ora-del-luj\u00e1n-ram\u00edrez.jpg","type":"image\/jpeg"}],"author":"Gonzalo Schmidt","twitter_card":"summary_large_image","twitter_creator":"@InformeLitoral","twitter_site":"@InformeLitoral","twitter_misc":{"Escrito por":"Gonzalo Schmidt","Tiempo de lectura":"1 minuto"},"schema":{"@context":"https:\/\/schema.org","@graph":[{"@type":"Article","@id":"https:\/\/informelitoral.com.ar\/ramirez-se-solidarizan-con-el-personal-del-hospital-y-piden-justicia\/#article","isPartOf":{"@id":"https:\/\/informelitoral.com.ar\/ramirez-se-solidarizan-con-el-personal-del-hospital-y-piden-justicia\/"},"author":{"name":"Gonzalo Schmidt","@id":"https:\/\/informelitoral.com.ar\/#\/schema\/person\/b9d00407c836482871ef1d57bf8e3180"},"headline":"Ram\u00edrez: se solidarizan con el personal del Hospital y piden justicia","datePublished":"2019-03-19T10:36:40+00:00","dateModified":"2019-03-19T10:45:05+00:00","mainEntityOfPage":{"@id":"https:\/\/informelitoral.com.ar\/ramirez-se-solidarizan-con-el-personal-del-hospital-y-piden-justicia\/"},"wordCount":158,"commentCount":0,"publisher":{"@id":"https:\/\/informelitoral.com.ar\/#organization"},"image":{"@id":"https:\/\/informelitoral.com.ar\/ramirez-se-solidarizan-con-el-personal-del-hospital-y-piden-justicia\/#primaryimage"},"thumbnailUrl":"https:\/\/informelitoral.com.ar\/%77%70%2d%63%6f%6e%74%65%6e%74\/uploads\/2017\/05\/hospital-nuestra-se\u00f1ora-del-luj\u00e1n-ram\u00edrez.jpg","keywords":["Hospital Nuestra Se\u00f1ora del Luj\u00e1n","Ram\u00edrez","Salud p\u00fablica"],"articleSection":["Departamento Diamante"],"inLanguage":"es","potentialAction":[{"@type":"CommentAction","name":"Comment","target":["https:\/\/informelitoral.com.ar\/ramirez-se-solidarizan-con-el-personal-del-hospital-y-piden-justicia\/#respond"]}]},{"@type":"WebPage","@id":"https:\/\/informelitoral.com.ar\/ramirez-se-solidarizan-con-el-personal-del-hospital-y-piden-justicia\/","url":"https:\/\/informelitoral.com.ar\/ramirez-se-solidarizan-con-el-personal-del-hospital-y-piden-justicia\/","name":"Ram\u00edrez: se solidarizan con el personal del Hospital y piden justicia - Informe Litoral","isPartOf":{"@id":"https:\/\/informelitoral.com.ar\/#website"},"primaryImageOfPage":{"@id":"https:\/\/informelitoral.com.ar\/ramirez-se-solidarizan-con-el-personal-del-hospital-y-piden-justicia\/#primaryimage"},"image":{"@id":"https:\/\/informelitoral.com.ar\/ramirez-se-solidarizan-con-el-personal-del-hospital-y-piden-justicia\/#primaryimage"},"thumbnailUrl":"https:\/\/informelitoral.com.ar\/%77%70%2d%63%6f%6e%74%65%6e%74\/uploads\/2017\/05\/hospital-nuestra-se\u00f1ora-del-luj\u00e1n-ram\u00edrez.jpg","datePublished":"2019-03-19T10:36:40+00:00","dateModified":"2019-03-19T10:45:05+00:00","breadcrumb":{"@id":"https:\/\/informelitoral.com.ar\/ramirez-se-solidarizan-con-el-personal-del-hospital-y-piden-justicia\/#breadcrumb"},"inLanguage":"es","potentialAction":[{"@type":"ReadAction","target":["https:\/\/informelitoral.com.ar\/ramirez-se-solidarizan-con-el-personal-del-hospital-y-piden-justicia\/"]}]},{"@type":"ImageObject","inLanguage":"es","@id":"https:\/\/informelitoral.com.ar\/ramirez-se-solidarizan-con-el-personal-del-hospital-y-piden-justicia\/#primaryimage","url":"https:\/\/informelitoral.com.ar\/%77%70%2d%63%6f%6e%74%65%6e%74\/uploads\/2017\/05\/hospital-nuestra-se\u00f1ora-del-luj\u00e1n-ram\u00edrez.jpg","contentUrl":"https:\/\/informelitoral.com.ar\/%77%70%2d%63%6f%6e%74%65%6e%74\/uploads\/2017\/05\/hospital-nuestra-se\u00f1ora-del-luj\u00e1n-ram\u00edrez.jpg","width":800,"height":450},{"@type":"BreadcrumbList","@id":"https:\/\/informelitoral.com.ar\/ramirez-se-solidarizan-con-el-personal-del-hospital-y-piden-justicia\/#breadcrumb","itemListElement":[{"@type":"ListItem","position":1,"name":"Portada","item":"https:\/\/informelitoral.com.ar\/"},{"@type":"ListItem","position":2,"name":"Ram\u00edrez: se solidarizan con el personal del Hospital y piden justicia"}]},{"@type":"WebSite","@id":"https:\/\/informelitoral.com.ar\/#website","url":"https:\/\/informelitoral.com.ar\/","name":"Informe Litoral","description":"&quot;Nos informamos&quot; ","publisher":{"@id":"https:\/\/informelitoral.com.ar\/#organization"},"potentialAction":[{"@type":"SearchAction","target":{"@type":"EntryPoint","urlTemplate":"https:\/\/informelitoral.com.ar\/?s={search_term_string}"},"query-input":{"@type":"PropertyValueSpecification","valueRequired":true,"valueName":"search_term_string"}}],"inLanguage":"es"},{"@type":"Organization","@id":"https:\/\/informelitoral.com.ar\/#organization","name":"Informe Litoral","url":"https:\/\/informelitoral.com.ar\/","logo":{"@type":"ImageObject","inLanguage":"es","@id":"https:\/\/informelitoral.com.ar\/#\/schema\/logo\/image\/","url":"https:\/\/informelitoral.com.ar\/%77%70%2d%63%6f%6e%74%65%6e%74\/uploads\/2021\/01\/circulo.png","contentUrl":"https:\/\/informelitoral.com.ar\/%77%70%2d%63%6f%6e%74%65%6e%74\/uploads\/2021\/01\/circulo.png","width":723,"height":731,"caption":"Informe Litoral"},"image":{"@id":"https:\/\/informelitoral.com.ar\/#\/schema\/logo\/image\/"},"sameAs":["https:\/\/www.facebook.com\/informelitoral\/","https:\/\/x.com\/InformeLitoral","https:\/\/www.instagram.com\/informelitoral\/","https:\/\/www.youtube.com\/channel\/UCua4Qvz8Icb6MYqhoq9xLXw"]},{"@type":"Person","@id":"https:\/\/informelitoral.com.ar\/#\/schema\/person\/b9d00407c836482871ef1d57bf8e3180","name":"Gonzalo Schmidt","image":{"@type":"ImageObject","inLanguage":"es","@id":"https:\/\/secure.gravatar.com\/avatar\/31a1a7b66ff2de83bd0e9fd79d026630d2d99e55e8bfe501287647b4fd9743de?s=96&d=mm&r=g","url":"https:\/\/secure.gravatar.com\/avatar\/31a1a7b66ff2de83bd0e9fd79d026630d2d99e55e8bfe501287647b4fd9743de?s=96&d=mm&r=g","contentUrl":"https:\/\/secure.gravatar.com\/avatar\/31a1a7b66ff2de83bd0e9fd79d026630d2d99e55e8bfe501287647b4fd9743de?s=96&d=mm&r=g","caption":"Gonzalo Schmidt"},"description":"Sitio web de noticias de la provincia de Entre R\u00edos, Argentina. Informaci\u00f3n y entretenimiento. Informe Litoral, nos informamos.","sameAs":["http:\/\/www.isletasnoticias.com.ar"],"url":"https:\/\/informelitoral.com.ar\/author\/gonzalo\/"}]}},"_links":{"self":[{"href":"https:\/\/informelitoral.com.ar\/%77%70%2d%6a%73%6f%6e\/wp\/v2\/posts\/32571","targetHints":{"allow":["GET"]}}],"collection":[{"href":"https:\/\/informelitoral.com.ar\/%77%70%2d%6a%73%6f%6e\/wp\/v2\/posts"}],"about":[{"href":"https:\/\/informelitoral.com.ar\/%77%70%2d%6a%73%6f%6e\/wp\/v2\/types\/post"}],"author":[{"embeddable":true,"href":"https:\/\/informelitoral.com.ar\/%77%70%2d%6a%73%6f%6e\/wp\/v2\/users\/2"}],"replies":[{"embeddable":true,"href":"https:\/\/informelitoral.com.ar\/%77%70%2d%6a%73%6f%6e\/wp\/v2\/comments?post=32571"}],"version-history":[{"count":0,"href":"https:\/\/informelitoral.com.ar\/%77%70%2d%6a%73%6f%6e\/wp\/v2\/posts\/32571\/revisions"}],"wp:featuredmedia":[{"embeddable":true,"href":"https:\/\/informelitoral.com.ar\/%77%70%2d%6a%73%6f%6e\/wp\/v2\/media\/21706"}],"wp:attachment":[{"href":"https:\/\/informelitoral.com.ar\/%77%70%2d%6a%73%6f%6e\/wp\/v2\/media?parent=32571"}],"wp:term":[{"taxonomy":"category","embeddable":true,"href":"https:\/\/informelitoral.com.ar\/%77%70%2d%6a%73%6f%6e\/wp\/v2\/categories?post=32571"},{"taxonomy":"post_tag","embeddable":true,"href":"https:\/\/informelitoral.com.ar\/%77%70%2d%6a%73%6f%6e\/wp\/v2\/tags?post=32571"}],"curies":[{"name":"wp","href":"https:\/\/api.w.org\/{rel}","templated":true}]}}