{"id":32566,"date":"2019-03-18T15:59:48","date_gmt":"2019-03-18T18:59:48","guid":{"rendered":"https:\/\/www.isletasnoticias.com.ar\/?p=32566"},"modified":"2019-03-18T16:04:11","modified_gmt":"2019-03-18T19:04:11","slug":"los-maestros-de-escuelas-primerias-entrerrianas-no-podran-poner-mas-malas-notas","status":"publish","type":"post","link":"https:\/\/informelitoral.com.ar\/los-maestros-de-escuelas-primerias-entrerrianas-no-podran-poner-mas-malas-notas\/","title":{"rendered":"Los maestros de escuelas primarias entrerrianas no podr\u00e1n poner m\u00e1s malas notas"},"content":{"rendered":"<article id=\"article-post\" class=\"first\">\n<div class=\"cuerpo\" data-twitter-link=\"https:\/\/twitter.com\/intent\/tweet?url=https:\/\/ahora.com.ar\/c4173400&amp;via=PlataformaAhora&amp;related=Ahora&amp;text=\">\n<p>Por resoluci\u00f3n del Consejo General de Educaci\u00f3n &#8211;<strong>CGE<\/strong>-, los\u00a0<strong>alumnos de escuelas primarias ya no ser\u00e1n evaluados con malas notas<\/strong>. De esta manera, desaparecen las calificaciones del 1 al 5 en reemplazo por la frase\u00a0<strong>\u00aben proceso de apropiaci\u00f3n de contenidos\u00bb<\/strong>. La intenci\u00f3n es contemplar a la educaci\u00f3n desde el proceso mismo de aprendizaje y\u00a0<strong>no estigmatizar a los estudiantes<\/strong>\u00a0que no alcanzan los resultados tradicionales.<\/p>\n<p><strong>Roxana Castro<\/strong>, directora de Educaci\u00f3n Primaria del\u00a0<strong>CGE<\/strong>-, plante\u00f3: \u00abEsta normativa viene a entender<strong>\u00a0la evaluaci\u00f3n como un proceso<\/strong>; pone foco en la ense\u00f1anza, en la propuesta pedag\u00f3gica.<strong>\u00a0No se pone el foco en el resultado<\/strong>, que todos los pap\u00e1s est\u00e1 preocupados por el bolet\u00edn, m\u00e1s all\u00e1 de que es un instrumento m\u00e1s de la evaluaci\u00f3n.<strong>\u00a0\u00bfQu\u00e9 propuesta pedag\u00f3gica se le brinda a nuestros alumnos<\/strong>\u00a0para que logre los contenidos que est\u00e1n en el marco de los dise\u00f1os curriculares?\u00bb<\/p>\n<\/div>\n<\/article>\n<article id=\"article-post\">\n<div class=\"cuerpo\" data-twitter-link=\"https:\/\/twitter.com\/intent\/tweet?url=https:\/\/ahora.com.ar\/c4173400&amp;via=PlataformaAhora&amp;related=Ahora&amp;text=\">\n<p>El nuevo sistema de calificaci\u00f3n est\u00e1 en marcha. \u00abEsto lo van a ver los pap\u00e1s cuando reciban el primer\u00a0<strong>informe de registro de avance de la trayectoria escolar<\/strong>, que se da a mitad del trimestre. Se llamar\u00e1 a los pap\u00e1s y se les dar\u00e1 un informe de la trayectoria de los alumnos. All\u00ed ver\u00e1n plasmado este\u00a0<strong>nuevo sentido que le damos a la evoluci\u00f3n, en cuanto a las diferentes estrategias que el maestro implementa en el grado<\/strong>\u00a0para que los alumnos aprendan. Luego lo ver\u00e1n en el bolet\u00edn con la nota que tiene que ir acompa\u00f1ando de ese informe. El bolet\u00edn por s\u00ed solo no tiene validez\u00bb, explic\u00f3.<\/p>\n<p>Consultada al respecto por el Nueve, dijo que \u00ablas notas van a seguir existiendo en el bolet\u00edn\u00bb, pero s\u00f3lo \u00ab<strong>se va a evaluar 6, 7, 8, 9 y 10<\/strong>\u00ab. \u00abEn aquellas \u00e1reas curriculares que el alumno no apruebe, se pondr\u00e1 &#8216;<strong>en proceso de apropiaci\u00f3n de contenidos<\/strong>&#8216;.\u00a0<strong>Ah\u00ed no ponemos n\u00fameros<\/strong>. Ponemos esta valoraci\u00f3n porque entendemos que<strong>\u00a0el alumno no es que no sabe, sino que est\u00e1 en un proceso de poder apropiarse de los contenidos<\/strong>\u00a0que la escuela, el maestro o el grado tiene en el marco de los dise\u00f1os curriculares\u00bb, argument\u00f3.<\/p>\n<\/div>\n<\/article>\n","protected":false},"excerpt":{"rendered":"<p>\u00abEn proceso de apropiaci\u00f3n de contenidos\u00bb. Esa ser\u00e1 la calificaci\u00f3n para quienes no alcancen el 6. Desaparece el 1, 2, 3, 4 y 5. \u00abSe llamar\u00e1 a los pap\u00e1s y se les dar\u00e1 un informe de la trayectoria de los alumnos\u00bb, explicaron desde el CGE<\/p>\n","protected":false},"author":2,"featured_media":22606,"comment_status":"open","ping_status":"open","sticky":false,"template":"","format":"standard","meta":{"fifu_image_url":"","fifu_image_alt":"","footnotes":""},"categories":[6],"tags":[209,98,881,81,249],"class_list":{"0":"post-32566","1":"post","2":"type-post","3":"status-publish","4":"format-standard","5":"has-post-thumbnail","7":"category-entre-rios","8":"tag-cge","9":"tag-educacion","10":"tag-educacion-publica","11":"tag-entre-rios","12":"tag-gobierno-provincial"},"yoast_head":"<title>Los maestros de escuelas primarias entrerrianas no podr\u00e1n poner m\u00e1s malas notas - Informe Litoral<\/title>\n<meta name=\"robots\" content=\"index, follow, max-snippet:-1, max-image-preview:large, max-video-preview:-1\" \/>\n<link rel=\"canonical\" href=\"https:\/\/informelitoral.com.ar\/los-maestros-de-escuelas-primerias-entrerrianas-no-podran-poner-mas-malas-notas\/\" \/>\n<meta property=\"og:locale\" content=\"es_ES\" \/>\n<meta property=\"og:type\" content=\"article\" \/>\n<meta property=\"og:title\" content=\"Los maestros de escuelas primarias entrerrianas no podr\u00e1n poner m\u00e1s malas notas - Informe Litoral\" \/>\n<meta property=\"og:description\" content=\"&quot;En proceso de apropiaci\u00f3n de contenidos&quot;. Esa ser\u00e1 la calificaci\u00f3n para quienes no alcancen el 6. Desaparece el 1, 2, 3, 4 y 5. &quot;Se llamar\u00e1 a los pap\u00e1s y se les dar\u00e1 un informe de la trayectoria de los alumnos&quot;, explicaron desde el CGE\" \/>\n<meta property=\"og:url\" content=\"https:\/\/informelitoral.com.ar\/los-maestros-de-escuelas-primerias-entrerrianas-no-podran-poner-mas-malas-notas\/\" \/>\n<meta property=\"og:site_name\" content=\"Informe Litoral\" \/>\n<meta property=\"article:publisher\" content=\"https:\/\/www.facebook.com\/informelitoral\/\" \/>\n<meta property=\"article:published_time\" content=\"2019-03-18T18:59:48+00:00\" \/>\n<meta property=\"article:modified_time\" content=\"2019-03-18T19:04:11+00:00\" \/>\n<meta property=\"og:image\" content=\"https:\/\/informelitoral.com.ar\/%77%70%2d%63%6f%6e%74%65%6e%74\/uploads\/2017\/08\/cge-entre-r\u00edos.jpg\" \/>\n\t<meta property=\"og:image:width\" content=\"3648\" \/>\n\t<meta property=\"og:image:height\" content=\"2736\" \/>\n\t<meta property=\"og:image:type\" content=\"image\/jpeg\" \/>\n<meta name=\"author\" content=\"Gonzalo Schmidt\" \/>\n<meta name=\"twitter:card\" content=\"summary_large_image\" \/>\n<meta name=\"twitter:creator\" content=\"@InformeLitoral\" \/>\n<meta name=\"twitter:site\" content=\"@InformeLitoral\" \/>\n<meta name=\"twitter:label1\" content=\"Escrito por\" \/>\n\t<meta name=\"twitter:data1\" content=\"Gonzalo Schmidt\" \/>\n\t<meta name=\"twitter:label2\" content=\"Tiempo de lectura\" \/>\n\t<meta name=\"twitter:data2\" content=\"2 minutos\" \/>\n<script type=\"application\/ld+json\" class=\"yoast-schema-graph\">{\"@context\":\"https:\\\/\\\/schema.org\",\"@graph\":[{\"@type\":\"Article\",\"@id\":\"https:\\\/\\\/informelitoral.com.ar\\\/los-maestros-de-escuelas-primerias-entrerrianas-no-podran-poner-mas-malas-notas\\\/#article\",\"isPartOf\":{\"@id\":\"https:\\\/\\\/informelitoral.com.ar\\\/los-maestros-de-escuelas-primerias-entrerrianas-no-podran-poner-mas-malas-notas\\\/\"},\"author\":{\"name\":\"Gonzalo Schmidt\",\"@id\":\"https:\\\/\\\/informelitoral.com.ar\\\/#\\\/schema\\\/person\\\/b9d00407c836482871ef1d57bf8e3180\"},\"headline\":\"Los maestros de escuelas primarias entrerrianas no podr\u00e1n poner m\u00e1s malas notas\",\"datePublished\":\"2019-03-18T18:59:48+00:00\",\"dateModified\":\"2019-03-18T19:04:11+00:00\",\"mainEntityOfPage\":{\"@id\":\"https:\\\/\\\/informelitoral.com.ar\\\/los-maestros-de-escuelas-primerias-entrerrianas-no-podran-poner-mas-malas-notas\\\/\"},\"wordCount\":385,\"commentCount\":0,\"publisher\":{\"@id\":\"https:\\\/\\\/informelitoral.com.ar\\\/#organization\"},\"image\":{\"@id\":\"https:\\\/\\\/informelitoral.com.ar\\\/los-maestros-de-escuelas-primerias-entrerrianas-no-podran-poner-mas-malas-notas\\\/#primaryimage\"},\"thumbnailUrl\":\"https:\\\/\\\/informelitoral.com.ar\\\/%77%70%2d%63%6f%6e%74%65%6e%74\\\/uploads\\\/2017\\\/08\\\/cge-entre-r\u00edos.jpg\",\"keywords\":[\"CGE\",\"Educaci\u00f3n\",\"Educaci\u00f3n p\u00fablica\",\"Entre R\u00edos\",\"Gobierno provincial\"],\"articleSection\":[\"Entre R\u00edos\"],\"inLanguage\":\"es\",\"potentialAction\":[{\"@type\":\"CommentAction\",\"name\":\"Comment\",\"target\":[\"https:\\\/\\\/informelitoral.com.ar\\\/los-maestros-de-escuelas-primerias-entrerrianas-no-podran-poner-mas-malas-notas\\\/#respond\"]}]},{\"@type\":\"WebPage\",\"@id\":\"https:\\\/\\\/informelitoral.com.ar\\\/los-maestros-de-escuelas-primerias-entrerrianas-no-podran-poner-mas-malas-notas\\\/\",\"url\":\"https:\\\/\\\/informelitoral.com.ar\\\/los-maestros-de-escuelas-primerias-entrerrianas-no-podran-poner-mas-malas-notas\\\/\",\"name\":\"Los maestros de escuelas primarias entrerrianas no podr\u00e1n poner m\u00e1s malas notas - Informe Litoral\",\"isPartOf\":{\"@id\":\"https:\\\/\\\/informelitoral.com.ar\\\/#website\"},\"primaryImageOfPage\":{\"@id\":\"https:\\\/\\\/informelitoral.com.ar\\\/los-maestros-de-escuelas-primerias-entrerrianas-no-podran-poner-mas-malas-notas\\\/#primaryimage\"},\"image\":{\"@id\":\"https:\\\/\\\/informelitoral.com.ar\\\/los-maestros-de-escuelas-primerias-entrerrianas-no-podran-poner-mas-malas-notas\\\/#primaryimage\"},\"thumbnailUrl\":\"https:\\\/\\\/informelitoral.com.ar\\\/%77%70%2d%63%6f%6e%74%65%6e%74\\\/uploads\\\/2017\\\/08\\\/cge-entre-r\u00edos.jpg\",\"datePublished\":\"2019-03-18T18:59:48+00:00\",\"dateModified\":\"2019-03-18T19:04:11+00:00\",\"breadcrumb\":{\"@id\":\"https:\\\/\\\/informelitoral.com.ar\\\/los-maestros-de-escuelas-primerias-entrerrianas-no-podran-poner-mas-malas-notas\\\/#breadcrumb\"},\"inLanguage\":\"es\",\"potentialAction\":[{\"@type\":\"ReadAction\",\"target\":[\"https:\\\/\\\/informelitoral.com.ar\\\/los-maestros-de-escuelas-primerias-entrerrianas-no-podran-poner-mas-malas-notas\\\/\"]}]},{\"@type\":\"ImageObject\",\"inLanguage\":\"es\",\"@id\":\"https:\\\/\\\/informelitoral.com.ar\\\/los-maestros-de-escuelas-primerias-entrerrianas-no-podran-poner-mas-malas-notas\\\/#primaryimage\",\"url\":\"https:\\\/\\\/informelitoral.com.ar\\\/%77%70%2d%63%6f%6e%74%65%6e%74\\\/uploads\\\/2017\\\/08\\\/cge-entre-r\u00edos.jpg\",\"contentUrl\":\"https:\\\/\\\/informelitoral.com.ar\\\/%77%70%2d%63%6f%6e%74%65%6e%74\\\/uploads\\\/2017\\\/08\\\/cge-entre-r\u00edos.jpg\",\"width\":3648,\"height\":2736},{\"@type\":\"BreadcrumbList\",\"@id\":\"https:\\\/\\\/informelitoral.com.ar\\\/los-maestros-de-escuelas-primerias-entrerrianas-no-podran-poner-mas-malas-notas\\\/#breadcrumb\",\"itemListElement\":[{\"@type\":\"ListItem\",\"position\":1,\"name\":\"Portada\",\"item\":\"https:\\\/\\\/informelitoral.com.ar\\\/\"},{\"@type\":\"ListItem\",\"position\":2,\"name\":\"Los maestros de escuelas primarias entrerrianas no podr\u00e1n poner m\u00e1s malas notas\"}]},{\"@type\":\"WebSite\",\"@id\":\"https:\\\/\\\/informelitoral.com.ar\\\/#website\",\"url\":\"https:\\\/\\\/informelitoral.com.ar\\\/\",\"name\":\"Informe Litoral\",\"description\":\"&quot;Nos informamos&quot; \",\"publisher\":{\"@id\":\"https:\\\/\\\/informelitoral.com.ar\\\/#organization\"},\"potentialAction\":[{\"@type\":\"SearchAction\",\"target\":{\"@type\":\"EntryPoint\",\"urlTemplate\":\"https:\\\/\\\/informelitoral.com.ar\\\/?s={search_term_string}\"},\"query-input\":{\"@type\":\"PropertyValueSpecification\",\"valueRequired\":true,\"valueName\":\"search_term_string\"}}],\"inLanguage\":\"es\"},{\"@type\":\"Organization\",\"@id\":\"https:\\\/\\\/informelitoral.com.ar\\\/#organization\",\"name\":\"Informe Litoral\",\"url\":\"https:\\\/\\\/informelitoral.com.ar\\\/\",\"logo\":{\"@type\":\"ImageObject\",\"inLanguage\":\"es\",\"@id\":\"https:\\\/\\\/informelitoral.com.ar\\\/#\\\/schema\\\/logo\\\/image\\\/\",\"url\":\"https:\\\/\\\/informelitoral.com.ar\\\/%77%70%2d%63%6f%6e%74%65%6e%74\\\/uploads\\\/2021\\\/01\\\/circulo.png\",\"contentUrl\":\"https:\\\/\\\/informelitoral.com.ar\\\/%77%70%2d%63%6f%6e%74%65%6e%74\\\/uploads\\\/2021\\\/01\\\/circulo.png\",\"width\":723,\"height\":731,\"caption\":\"Informe Litoral\"},\"image\":{\"@id\":\"https:\\\/\\\/informelitoral.com.ar\\\/#\\\/schema\\\/logo\\\/image\\\/\"},\"sameAs\":[\"https:\\\/\\\/www.facebook.com\\\/informelitoral\\\/\",\"https:\\\/\\\/x.com\\\/InformeLitoral\",\"https:\\\/\\\/www.instagram.com\\\/informelitoral\\\/\",\"https:\\\/\\\/www.youtube.com\\\/channel\\\/UCua4Qvz8Icb6MYqhoq9xLXw\"]},{\"@type\":\"Person\",\"@id\":\"https:\\\/\\\/informelitoral.com.ar\\\/#\\\/schema\\\/person\\\/b9d00407c836482871ef1d57bf8e3180\",\"name\":\"Gonzalo Schmidt\",\"image\":{\"@type\":\"ImageObject\",\"inLanguage\":\"es\",\"@id\":\"https:\\\/\\\/secure.gravatar.com\\\/avatar\\\/31a1a7b66ff2de83bd0e9fd79d026630d2d99e55e8bfe501287647b4fd9743de?s=96&d=mm&r=g\",\"url\":\"https:\\\/\\\/secure.gravatar.com\\\/avatar\\\/31a1a7b66ff2de83bd0e9fd79d026630d2d99e55e8bfe501287647b4fd9743de?s=96&d=mm&r=g\",\"contentUrl\":\"https:\\\/\\\/secure.gravatar.com\\\/avatar\\\/31a1a7b66ff2de83bd0e9fd79d026630d2d99e55e8bfe501287647b4fd9743de?s=96&d=mm&r=g\",\"caption\":\"Gonzalo Schmidt\"},\"description\":\"Sitio web de noticias de la provincia de Entre R\u00edos, Argentina. Informaci\u00f3n y entretenimiento. Informe Litoral, nos informamos.\",\"sameAs\":[\"http:\\\/\\\/www.isletasnoticias.com.ar\"],\"url\":\"https:\\\/\\\/informelitoral.com.ar\\\/author\\\/gonzalo\\\/\"}]}<\/script>","yoast_head_json":{"title":"Los maestros de escuelas primarias entrerrianas no podr\u00e1n poner m\u00e1s malas notas - Informe Litoral","robots":{"index":"index","follow":"follow","max-snippet":"max-snippet:-1","max-image-preview":"max-image-preview:large","max-video-preview":"max-video-preview:-1"},"canonical":"https:\/\/informelitoral.com.ar\/los-maestros-de-escuelas-primerias-entrerrianas-no-podran-poner-mas-malas-notas\/","og_locale":"es_ES","og_type":"article","og_title":"Los maestros de escuelas primarias entrerrianas no podr\u00e1n poner m\u00e1s malas notas - Informe Litoral","og_description":"\"En proceso de apropiaci\u00f3n de contenidos\". Esa ser\u00e1 la calificaci\u00f3n para quienes no alcancen el 6. Desaparece el 1, 2, 3, 4 y 5. \"Se llamar\u00e1 a los pap\u00e1s y se les dar\u00e1 un informe de la trayectoria de los alumnos\", explicaron desde el CGE","og_url":"https:\/\/informelitoral.com.ar\/los-maestros-de-escuelas-primerias-entrerrianas-no-podran-poner-mas-malas-notas\/","og_site_name":"Informe Litoral","article_publisher":"https:\/\/www.facebook.com\/informelitoral\/","article_published_time":"2019-03-18T18:59:48+00:00","article_modified_time":"2019-03-18T19:04:11+00:00","og_image":[{"width":3648,"height":2736,"url":"https:\/\/informelitoral.com.ar\/%77%70%2d%63%6f%6e%74%65%6e%74\/uploads\/2017\/08\/cge-entre-r\u00edos.jpg","type":"image\/jpeg"}],"author":"Gonzalo Schmidt","twitter_card":"summary_large_image","twitter_creator":"@InformeLitoral","twitter_site":"@InformeLitoral","twitter_misc":{"Escrito por":"Gonzalo Schmidt","Tiempo de lectura":"2 minutos"},"schema":{"@context":"https:\/\/schema.org","@graph":[{"@type":"Article","@id":"https:\/\/informelitoral.com.ar\/los-maestros-de-escuelas-primerias-entrerrianas-no-podran-poner-mas-malas-notas\/#article","isPartOf":{"@id":"https:\/\/informelitoral.com.ar\/los-maestros-de-escuelas-primerias-entrerrianas-no-podran-poner-mas-malas-notas\/"},"author":{"name":"Gonzalo Schmidt","@id":"https:\/\/informelitoral.com.ar\/#\/schema\/person\/b9d00407c836482871ef1d57bf8e3180"},"headline":"Los maestros de escuelas primarias entrerrianas no podr\u00e1n poner m\u00e1s malas notas","datePublished":"2019-03-18T18:59:48+00:00","dateModified":"2019-03-18T19:04:11+00:00","mainEntityOfPage":{"@id":"https:\/\/informelitoral.com.ar\/los-maestros-de-escuelas-primerias-entrerrianas-no-podran-poner-mas-malas-notas\/"},"wordCount":385,"commentCount":0,"publisher":{"@id":"https:\/\/informelitoral.com.ar\/#organization"},"image":{"@id":"https:\/\/informelitoral.com.ar\/los-maestros-de-escuelas-primerias-entrerrianas-no-podran-poner-mas-malas-notas\/#primaryimage"},"thumbnailUrl":"https:\/\/informelitoral.com.ar\/%77%70%2d%63%6f%6e%74%65%6e%74\/uploads\/2017\/08\/cge-entre-r\u00edos.jpg","keywords":["CGE","Educaci\u00f3n","Educaci\u00f3n p\u00fablica","Entre R\u00edos","Gobierno provincial"],"articleSection":["Entre R\u00edos"],"inLanguage":"es","potentialAction":[{"@type":"CommentAction","name":"Comment","target":["https:\/\/informelitoral.com.ar\/los-maestros-de-escuelas-primerias-entrerrianas-no-podran-poner-mas-malas-notas\/#respond"]}]},{"@type":"WebPage","@id":"https:\/\/informelitoral.com.ar\/los-maestros-de-escuelas-primerias-entrerrianas-no-podran-poner-mas-malas-notas\/","url":"https:\/\/informelitoral.com.ar\/los-maestros-de-escuelas-primerias-entrerrianas-no-podran-poner-mas-malas-notas\/","name":"Los maestros de escuelas primarias entrerrianas no podr\u00e1n poner m\u00e1s malas notas - Informe Litoral","isPartOf":{"@id":"https:\/\/informelitoral.com.ar\/#website"},"primaryImageOfPage":{"@id":"https:\/\/informelitoral.com.ar\/los-maestros-de-escuelas-primerias-entrerrianas-no-podran-poner-mas-malas-notas\/#primaryimage"},"image":{"@id":"https:\/\/informelitoral.com.ar\/los-maestros-de-escuelas-primerias-entrerrianas-no-podran-poner-mas-malas-notas\/#primaryimage"},"thumbnailUrl":"https:\/\/informelitoral.com.ar\/%77%70%2d%63%6f%6e%74%65%6e%74\/uploads\/2017\/08\/cge-entre-r\u00edos.jpg","datePublished":"2019-03-18T18:59:48+00:00","dateModified":"2019-03-18T19:04:11+00:00","breadcrumb":{"@id":"https:\/\/informelitoral.com.ar\/los-maestros-de-escuelas-primerias-entrerrianas-no-podran-poner-mas-malas-notas\/#breadcrumb"},"inLanguage":"es","potentialAction":[{"@type":"ReadAction","target":["https:\/\/informelitoral.com.ar\/los-maestros-de-escuelas-primerias-entrerrianas-no-podran-poner-mas-malas-notas\/"]}]},{"@type":"ImageObject","inLanguage":"es","@id":"https:\/\/informelitoral.com.ar\/los-maestros-de-escuelas-primerias-entrerrianas-no-podran-poner-mas-malas-notas\/#primaryimage","url":"https:\/\/informelitoral.com.ar\/%77%70%2d%63%6f%6e%74%65%6e%74\/uploads\/2017\/08\/cge-entre-r\u00edos.jpg","contentUrl":"https:\/\/informelitoral.com.ar\/%77%70%2d%63%6f%6e%74%65%6e%74\/uploads\/2017\/08\/cge-entre-r\u00edos.jpg","width":3648,"height":2736},{"@type":"BreadcrumbList","@id":"https:\/\/informelitoral.com.ar\/los-maestros-de-escuelas-primerias-entrerrianas-no-podran-poner-mas-malas-notas\/#breadcrumb","itemListElement":[{"@type":"ListItem","position":1,"name":"Portada","item":"https:\/\/informelitoral.com.ar\/"},{"@type":"ListItem","position":2,"name":"Los maestros de escuelas primarias entrerrianas no podr\u00e1n poner m\u00e1s malas notas"}]},{"@type":"WebSite","@id":"https:\/\/informelitoral.com.ar\/#website","url":"https:\/\/informelitoral.com.ar\/","name":"Informe Litoral","description":"&quot;Nos informamos&quot; ","publisher":{"@id":"https:\/\/informelitoral.com.ar\/#organization"},"potentialAction":[{"@type":"SearchAction","target":{"@type":"EntryPoint","urlTemplate":"https:\/\/informelitoral.com.ar\/?s={search_term_string}"},"query-input":{"@type":"PropertyValueSpecification","valueRequired":true,"valueName":"search_term_string"}}],"inLanguage":"es"},{"@type":"Organization","@id":"https:\/\/informelitoral.com.ar\/#organization","name":"Informe Litoral","url":"https:\/\/informelitoral.com.ar\/","logo":{"@type":"ImageObject","inLanguage":"es","@id":"https:\/\/informelitoral.com.ar\/#\/schema\/logo\/image\/","url":"https:\/\/informelitoral.com.ar\/%77%70%2d%63%6f%6e%74%65%6e%74\/uploads\/2021\/01\/circulo.png","contentUrl":"https:\/\/informelitoral.com.ar\/%77%70%2d%63%6f%6e%74%65%6e%74\/uploads\/2021\/01\/circulo.png","width":723,"height":731,"caption":"Informe Litoral"},"image":{"@id":"https:\/\/informelitoral.com.ar\/#\/schema\/logo\/image\/"},"sameAs":["https:\/\/www.facebook.com\/informelitoral\/","https:\/\/x.com\/InformeLitoral","https:\/\/www.instagram.com\/informelitoral\/","https:\/\/www.youtube.com\/channel\/UCua4Qvz8Icb6MYqhoq9xLXw"]},{"@type":"Person","@id":"https:\/\/informelitoral.com.ar\/#\/schema\/person\/b9d00407c836482871ef1d57bf8e3180","name":"Gonzalo Schmidt","image":{"@type":"ImageObject","inLanguage":"es","@id":"https:\/\/secure.gravatar.com\/avatar\/31a1a7b66ff2de83bd0e9fd79d026630d2d99e55e8bfe501287647b4fd9743de?s=96&d=mm&r=g","url":"https:\/\/secure.gravatar.com\/avatar\/31a1a7b66ff2de83bd0e9fd79d026630d2d99e55e8bfe501287647b4fd9743de?s=96&d=mm&r=g","contentUrl":"https:\/\/secure.gravatar.com\/avatar\/31a1a7b66ff2de83bd0e9fd79d026630d2d99e55e8bfe501287647b4fd9743de?s=96&d=mm&r=g","caption":"Gonzalo Schmidt"},"description":"Sitio web de noticias de la provincia de Entre R\u00edos, Argentina. Informaci\u00f3n y entretenimiento. Informe Litoral, nos informamos.","sameAs":["http:\/\/www.isletasnoticias.com.ar"],"url":"https:\/\/informelitoral.com.ar\/author\/gonzalo\/"}]}},"_links":{"self":[{"href":"https:\/\/informelitoral.com.ar\/%77%70%2d%6a%73%6f%6e\/wp\/v2\/posts\/32566","targetHints":{"allow":["GET"]}}],"collection":[{"href":"https:\/\/informelitoral.com.ar\/%77%70%2d%6a%73%6f%6e\/wp\/v2\/posts"}],"about":[{"href":"https:\/\/informelitoral.com.ar\/%77%70%2d%6a%73%6f%6e\/wp\/v2\/types\/post"}],"author":[{"embeddable":true,"href":"https:\/\/informelitoral.com.ar\/%77%70%2d%6a%73%6f%6e\/wp\/v2\/users\/2"}],"replies":[{"embeddable":true,"href":"https:\/\/informelitoral.com.ar\/%77%70%2d%6a%73%6f%6e\/wp\/v2\/comments?post=32566"}],"version-history":[{"count":0,"href":"https:\/\/informelitoral.com.ar\/%77%70%2d%6a%73%6f%6e\/wp\/v2\/posts\/32566\/revisions"}],"wp:featuredmedia":[{"embeddable":true,"href":"https:\/\/informelitoral.com.ar\/%77%70%2d%6a%73%6f%6e\/wp\/v2\/media\/22606"}],"wp:attachment":[{"href":"https:\/\/informelitoral.com.ar\/%77%70%2d%6a%73%6f%6e\/wp\/v2\/media?parent=32566"}],"wp:term":[{"taxonomy":"category","embeddable":true,"href":"https:\/\/informelitoral.com.ar\/%77%70%2d%6a%73%6f%6e\/wp\/v2\/categories?post=32566"},{"taxonomy":"post_tag","embeddable":true,"href":"https:\/\/informelitoral.com.ar\/%77%70%2d%6a%73%6f%6e\/wp\/v2\/tags?post=32566"}],"curies":[{"name":"wp","href":"https:\/\/api.w.org\/{rel}","templated":true}]}}