{"id":32555,"date":"2019-03-18T14:57:57","date_gmt":"2019-03-18T17:57:57","guid":{"rendered":"https:\/\/www.isletasnoticias.com.ar\/?p=32555"},"modified":"2019-03-18T15:00:19","modified_gmt":"2019-03-18T18:00:19","slug":"ramirez-se-cayo-en-el-monumento-de-la-paloma-y-se-fracturo","status":"publish","type":"post","link":"https:\/\/informelitoral.com.ar\/ramirez-se-cayo-en-el-monumento-de-la-paloma-y-se-fracturo\/","title":{"rendered":"Ram\u00edrez: se cay\u00f3 en el \u00abMonumento de la paloma\u00bb y se fractur\u00f3"},"content":{"rendered":"<p>Una mujer de 44 a\u00f1os habr\u00eda sufrido una ca\u00edda accidental en forma peatonal, en el conocido \u00abMonumento de la paloma\u00bb, mientras se desarrollaban los festejos por el 131 aniversario de la ciudad.<\/p>\n<p>El hecho sucedi\u00f3 el s\u00e1bado, a las 23.30. Producto del accidente, la mujer\u00a0sufri\u00f3 una luxaci\u00f3n y fractura en tobillo derecho, se inform\u00f3 a <em><strong>IN<\/strong><\/em>.<\/p>\n<p>Intervino personal de Bomberos Voluntarios, ambulancia y el personal policial labr\u00f3 las actuaciones correspondientes.<\/p>\n<p>Luego de ser examinada en el Hospital Nuestra Se\u00f1ora de Luj\u00e1n por la Dra. de guardia y el M\u00e9dico Policial, la mujer fue derivada a Crespo, a un nosocomio de mayor complejidad. <em>(IN)<\/em><\/p>\n","protected":false},"excerpt":{"rendered":"<p>Se trat\u00f3 de una ca\u00edda accidental de una mujer de 44 a\u00f1os. Sucedi\u00f3 el s\u00e1bado, durante los festejos por el aniversario de la ciudad. Intervino la Polic\u00eda, Bomberos y personal del Hospital local.<\/p>\n","protected":false},"author":2,"featured_media":11788,"comment_status":"open","ping_status":"open","sticky":false,"template":"","format":"standard","meta":{"fifu_image_url":"","fifu_image_alt":"","footnotes":""},"categories":[14],"tags":[358,1293,27],"class_list":{"0":"post-32555","1":"post","2":"type-post","3":"status-publish","4":"format-standard","5":"has-post-thumbnail","7":"category-policiales","8":"tag-comisaria-ramirez","9":"tag-hospital-nuestra-senora-del-lujan","10":"tag-ramirez"},"yoast_head":"<title>Ram\u00edrez: se cay\u00f3 en el &quot;Monumento de la paloma&quot; y se fractur\u00f3 - Informe Litoral<\/title>\n<meta name=\"robots\" content=\"index, follow, max-snippet:-1, max-image-preview:large, max-video-preview:-1\" \/>\n<link rel=\"canonical\" href=\"https:\/\/informelitoral.com.ar\/ramirez-se-cayo-en-el-monumento-de-la-paloma-y-se-fracturo\/\" \/>\n<meta property=\"og:locale\" content=\"es_ES\" \/>\n<meta property=\"og:type\" content=\"article\" \/>\n<meta property=\"og:title\" content=\"Ram\u00edrez: se cay\u00f3 en el &quot;Monumento de la paloma&quot; y se fractur\u00f3 - Informe Litoral\" \/>\n<meta property=\"og:description\" content=\"Se trat\u00f3 de una ca\u00edda accidental de una mujer de 44 a\u00f1os. Sucedi\u00f3 el s\u00e1bado, durante los festejos por el aniversario de la ciudad. Intervino la Polic\u00eda, Bomberos y personal del Hospital local.\" \/>\n<meta property=\"og:url\" content=\"https:\/\/informelitoral.com.ar\/ramirez-se-cayo-en-el-monumento-de-la-paloma-y-se-fracturo\/\" \/>\n<meta property=\"og:site_name\" content=\"Informe Litoral\" \/>\n<meta property=\"article:publisher\" content=\"https:\/\/www.facebook.com\/informelitoral\/\" \/>\n<meta property=\"article:published_time\" content=\"2019-03-18T17:57:57+00:00\" \/>\n<meta property=\"article:modified_time\" content=\"2019-03-18T18:00:19+00:00\" \/>\n<meta property=\"og:image\" content=\"https:\/\/informelitoral.com.ar\/%77%70%2d%63%6f%6e%74%65%6e%74\/uploads\/2015\/09\/RAM\u00cdREZ-COMISAR\u00cdA.jpg\" \/>\n\t<meta property=\"og:image:width\" content=\"693\" \/>\n\t<meta property=\"og:image:height\" content=\"380\" \/>\n\t<meta property=\"og:image:type\" content=\"image\/jpeg\" \/>\n<meta name=\"author\" content=\"Gonzalo Schmidt\" \/>\n<meta name=\"twitter:card\" content=\"summary_large_image\" \/>\n<meta name=\"twitter:creator\" content=\"@InformeLitoral\" \/>\n<meta name=\"twitter:site\" content=\"@InformeLitoral\" \/>\n<meta name=\"twitter:label1\" content=\"Escrito por\" \/>\n\t<meta name=\"twitter:data1\" content=\"Gonzalo Schmidt\" \/>\n\t<meta name=\"twitter:label2\" content=\"Tiempo de lectura\" \/>\n\t<meta name=\"twitter:data2\" content=\"1 minuto\" \/>\n<script type=\"application\/ld+json\" class=\"yoast-schema-graph\">{\"@context\":\"https:\\\/\\\/schema.org\",\"@graph\":[{\"@type\":\"Article\",\"@id\":\"https:\\\/\\\/informelitoral.com.ar\\\/ramirez-se-cayo-en-el-monumento-de-la-paloma-y-se-fracturo\\\/#article\",\"isPartOf\":{\"@id\":\"https:\\\/\\\/informelitoral.com.ar\\\/ramirez-se-cayo-en-el-monumento-de-la-paloma-y-se-fracturo\\\/\"},\"author\":{\"name\":\"Gonzalo Schmidt\",\"@id\":\"https:\\\/\\\/informelitoral.com.ar\\\/#\\\/schema\\\/person\\\/b9d00407c836482871ef1d57bf8e3180\"},\"headline\":\"Ram\u00edrez: se cay\u00f3 en el \u00abMonumento de la paloma\u00bb y se fractur\u00f3\",\"datePublished\":\"2019-03-18T17:57:57+00:00\",\"dateModified\":\"2019-03-18T18:00:19+00:00\",\"mainEntityOfPage\":{\"@id\":\"https:\\\/\\\/informelitoral.com.ar\\\/ramirez-se-cayo-en-el-monumento-de-la-paloma-y-se-fracturo\\\/\"},\"wordCount\":122,\"commentCount\":0,\"publisher\":{\"@id\":\"https:\\\/\\\/informelitoral.com.ar\\\/#organization\"},\"image\":{\"@id\":\"https:\\\/\\\/informelitoral.com.ar\\\/ramirez-se-cayo-en-el-monumento-de-la-paloma-y-se-fracturo\\\/#primaryimage\"},\"thumbnailUrl\":\"https:\\\/\\\/informelitoral.com.ar\\\/%77%70%2d%63%6f%6e%74%65%6e%74\\\/uploads\\\/2015\\\/09\\\/RAM\u00cdREZ-COMISAR\u00cdA.jpg\",\"keywords\":[\"Comisar\u00eda Ram\u00edrez\",\"Hospital Nuestra Se\u00f1ora del Luj\u00e1n\",\"Ram\u00edrez\"],\"articleSection\":[\"Policiales\"],\"inLanguage\":\"es\",\"potentialAction\":[{\"@type\":\"CommentAction\",\"name\":\"Comment\",\"target\":[\"https:\\\/\\\/informelitoral.com.ar\\\/ramirez-se-cayo-en-el-monumento-de-la-paloma-y-se-fracturo\\\/#respond\"]}]},{\"@type\":\"WebPage\",\"@id\":\"https:\\\/\\\/informelitoral.com.ar\\\/ramirez-se-cayo-en-el-monumento-de-la-paloma-y-se-fracturo\\\/\",\"url\":\"https:\\\/\\\/informelitoral.com.ar\\\/ramirez-se-cayo-en-el-monumento-de-la-paloma-y-se-fracturo\\\/\",\"name\":\"Ram\u00edrez: se cay\u00f3 en el \\\"Monumento de la paloma\\\" y se fractur\u00f3 - Informe Litoral\",\"isPartOf\":{\"@id\":\"https:\\\/\\\/informelitoral.com.ar\\\/#website\"},\"primaryImageOfPage\":{\"@id\":\"https:\\\/\\\/informelitoral.com.ar\\\/ramirez-se-cayo-en-el-monumento-de-la-paloma-y-se-fracturo\\\/#primaryimage\"},\"image\":{\"@id\":\"https:\\\/\\\/informelitoral.com.ar\\\/ramirez-se-cayo-en-el-monumento-de-la-paloma-y-se-fracturo\\\/#primaryimage\"},\"thumbnailUrl\":\"https:\\\/\\\/informelitoral.com.ar\\\/%77%70%2d%63%6f%6e%74%65%6e%74\\\/uploads\\\/2015\\\/09\\\/RAM\u00cdREZ-COMISAR\u00cdA.jpg\",\"datePublished\":\"2019-03-18T17:57:57+00:00\",\"dateModified\":\"2019-03-18T18:00:19+00:00\",\"breadcrumb\":{\"@id\":\"https:\\\/\\\/informelitoral.com.ar\\\/ramirez-se-cayo-en-el-monumento-de-la-paloma-y-se-fracturo\\\/#breadcrumb\"},\"inLanguage\":\"es\",\"potentialAction\":[{\"@type\":\"ReadAction\",\"target\":[\"https:\\\/\\\/informelitoral.com.ar\\\/ramirez-se-cayo-en-el-monumento-de-la-paloma-y-se-fracturo\\\/\"]}]},{\"@type\":\"ImageObject\",\"inLanguage\":\"es\",\"@id\":\"https:\\\/\\\/informelitoral.com.ar\\\/ramirez-se-cayo-en-el-monumento-de-la-paloma-y-se-fracturo\\\/#primaryimage\",\"url\":\"https:\\\/\\\/informelitoral.com.ar\\\/%77%70%2d%63%6f%6e%74%65%6e%74\\\/uploads\\\/2015\\\/09\\\/RAM\u00cdREZ-COMISAR\u00cdA.jpg\",\"contentUrl\":\"https:\\\/\\\/informelitoral.com.ar\\\/%77%70%2d%63%6f%6e%74%65%6e%74\\\/uploads\\\/2015\\\/09\\\/RAM\u00cdREZ-COMISAR\u00cdA.jpg\",\"width\":693,\"height\":380},{\"@type\":\"BreadcrumbList\",\"@id\":\"https:\\\/\\\/informelitoral.com.ar\\\/ramirez-se-cayo-en-el-monumento-de-la-paloma-y-se-fracturo\\\/#breadcrumb\",\"itemListElement\":[{\"@type\":\"ListItem\",\"position\":1,\"name\":\"Portada\",\"item\":\"https:\\\/\\\/informelitoral.com.ar\\\/\"},{\"@type\":\"ListItem\",\"position\":2,\"name\":\"Ram\u00edrez: se cay\u00f3 en el \u00abMonumento de la paloma\u00bb y se fractur\u00f3\"}]},{\"@type\":\"WebSite\",\"@id\":\"https:\\\/\\\/informelitoral.com.ar\\\/#website\",\"url\":\"https:\\\/\\\/informelitoral.com.ar\\\/\",\"name\":\"Informe Litoral\",\"description\":\"&quot;Nos informamos&quot; \",\"publisher\":{\"@id\":\"https:\\\/\\\/informelitoral.com.ar\\\/#organization\"},\"potentialAction\":[{\"@type\":\"SearchAction\",\"target\":{\"@type\":\"EntryPoint\",\"urlTemplate\":\"https:\\\/\\\/informelitoral.com.ar\\\/?s={search_term_string}\"},\"query-input\":{\"@type\":\"PropertyValueSpecification\",\"valueRequired\":true,\"valueName\":\"search_term_string\"}}],\"inLanguage\":\"es\"},{\"@type\":\"Organization\",\"@id\":\"https:\\\/\\\/informelitoral.com.ar\\\/#organization\",\"name\":\"Informe Litoral\",\"url\":\"https:\\\/\\\/informelitoral.com.ar\\\/\",\"logo\":{\"@type\":\"ImageObject\",\"inLanguage\":\"es\",\"@id\":\"https:\\\/\\\/informelitoral.com.ar\\\/#\\\/schema\\\/logo\\\/image\\\/\",\"url\":\"https:\\\/\\\/informelitoral.com.ar\\\/%77%70%2d%63%6f%6e%74%65%6e%74\\\/uploads\\\/2021\\\/01\\\/circulo.png\",\"contentUrl\":\"https:\\\/\\\/informelitoral.com.ar\\\/%77%70%2d%63%6f%6e%74%65%6e%74\\\/uploads\\\/2021\\\/01\\\/circulo.png\",\"width\":723,\"height\":731,\"caption\":\"Informe Litoral\"},\"image\":{\"@id\":\"https:\\\/\\\/informelitoral.com.ar\\\/#\\\/schema\\\/logo\\\/image\\\/\"},\"sameAs\":[\"https:\\\/\\\/www.facebook.com\\\/informelitoral\\\/\",\"https:\\\/\\\/x.com\\\/InformeLitoral\",\"https:\\\/\\\/www.instagram.com\\\/informelitoral\\\/\",\"https:\\\/\\\/www.youtube.com\\\/channel\\\/UCua4Qvz8Icb6MYqhoq9xLXw\"]},{\"@type\":\"Person\",\"@id\":\"https:\\\/\\\/informelitoral.com.ar\\\/#\\\/schema\\\/person\\\/b9d00407c836482871ef1d57bf8e3180\",\"name\":\"Gonzalo Schmidt\",\"image\":{\"@type\":\"ImageObject\",\"inLanguage\":\"es\",\"@id\":\"https:\\\/\\\/secure.gravatar.com\\\/avatar\\\/31a1a7b66ff2de83bd0e9fd79d026630d2d99e55e8bfe501287647b4fd9743de?s=96&d=mm&r=g\",\"url\":\"https:\\\/\\\/secure.gravatar.com\\\/avatar\\\/31a1a7b66ff2de83bd0e9fd79d026630d2d99e55e8bfe501287647b4fd9743de?s=96&d=mm&r=g\",\"contentUrl\":\"https:\\\/\\\/secure.gravatar.com\\\/avatar\\\/31a1a7b66ff2de83bd0e9fd79d026630d2d99e55e8bfe501287647b4fd9743de?s=96&d=mm&r=g\",\"caption\":\"Gonzalo Schmidt\"},\"description\":\"Sitio web de noticias de la provincia de Entre R\u00edos, Argentina. Informaci\u00f3n y entretenimiento. Informe Litoral, nos informamos.\",\"sameAs\":[\"http:\\\/\\\/www.isletasnoticias.com.ar\"],\"url\":\"https:\\\/\\\/informelitoral.com.ar\\\/author\\\/gonzalo\\\/\"}]}<\/script>","yoast_head_json":{"title":"Ram\u00edrez: se cay\u00f3 en el \"Monumento de la paloma\" y se fractur\u00f3 - Informe Litoral","robots":{"index":"index","follow":"follow","max-snippet":"max-snippet:-1","max-image-preview":"max-image-preview:large","max-video-preview":"max-video-preview:-1"},"canonical":"https:\/\/informelitoral.com.ar\/ramirez-se-cayo-en-el-monumento-de-la-paloma-y-se-fracturo\/","og_locale":"es_ES","og_type":"article","og_title":"Ram\u00edrez: se cay\u00f3 en el \"Monumento de la paloma\" y se fractur\u00f3 - Informe Litoral","og_description":"Se trat\u00f3 de una ca\u00edda accidental de una mujer de 44 a\u00f1os. Sucedi\u00f3 el s\u00e1bado, durante los festejos por el aniversario de la ciudad. Intervino la Polic\u00eda, Bomberos y personal del Hospital local.","og_url":"https:\/\/informelitoral.com.ar\/ramirez-se-cayo-en-el-monumento-de-la-paloma-y-se-fracturo\/","og_site_name":"Informe Litoral","article_publisher":"https:\/\/www.facebook.com\/informelitoral\/","article_published_time":"2019-03-18T17:57:57+00:00","article_modified_time":"2019-03-18T18:00:19+00:00","og_image":[{"width":693,"height":380,"url":"https:\/\/informelitoral.com.ar\/%77%70%2d%63%6f%6e%74%65%6e%74\/uploads\/2015\/09\/RAM\u00cdREZ-COMISAR\u00cdA.jpg","type":"image\/jpeg"}],"author":"Gonzalo Schmidt","twitter_card":"summary_large_image","twitter_creator":"@InformeLitoral","twitter_site":"@InformeLitoral","twitter_misc":{"Escrito por":"Gonzalo Schmidt","Tiempo de lectura":"1 minuto"},"schema":{"@context":"https:\/\/schema.org","@graph":[{"@type":"Article","@id":"https:\/\/informelitoral.com.ar\/ramirez-se-cayo-en-el-monumento-de-la-paloma-y-se-fracturo\/#article","isPartOf":{"@id":"https:\/\/informelitoral.com.ar\/ramirez-se-cayo-en-el-monumento-de-la-paloma-y-se-fracturo\/"},"author":{"name":"Gonzalo Schmidt","@id":"https:\/\/informelitoral.com.ar\/#\/schema\/person\/b9d00407c836482871ef1d57bf8e3180"},"headline":"Ram\u00edrez: se cay\u00f3 en el \u00abMonumento de la paloma\u00bb y se fractur\u00f3","datePublished":"2019-03-18T17:57:57+00:00","dateModified":"2019-03-18T18:00:19+00:00","mainEntityOfPage":{"@id":"https:\/\/informelitoral.com.ar\/ramirez-se-cayo-en-el-monumento-de-la-paloma-y-se-fracturo\/"},"wordCount":122,"commentCount":0,"publisher":{"@id":"https:\/\/informelitoral.com.ar\/#organization"},"image":{"@id":"https:\/\/informelitoral.com.ar\/ramirez-se-cayo-en-el-monumento-de-la-paloma-y-se-fracturo\/#primaryimage"},"thumbnailUrl":"https:\/\/informelitoral.com.ar\/%77%70%2d%63%6f%6e%74%65%6e%74\/uploads\/2015\/09\/RAM\u00cdREZ-COMISAR\u00cdA.jpg","keywords":["Comisar\u00eda Ram\u00edrez","Hospital Nuestra Se\u00f1ora del Luj\u00e1n","Ram\u00edrez"],"articleSection":["Policiales"],"inLanguage":"es","potentialAction":[{"@type":"CommentAction","name":"Comment","target":["https:\/\/informelitoral.com.ar\/ramirez-se-cayo-en-el-monumento-de-la-paloma-y-se-fracturo\/#respond"]}]},{"@type":"WebPage","@id":"https:\/\/informelitoral.com.ar\/ramirez-se-cayo-en-el-monumento-de-la-paloma-y-se-fracturo\/","url":"https:\/\/informelitoral.com.ar\/ramirez-se-cayo-en-el-monumento-de-la-paloma-y-se-fracturo\/","name":"Ram\u00edrez: se cay\u00f3 en el \"Monumento de la paloma\" y se fractur\u00f3 - Informe Litoral","isPartOf":{"@id":"https:\/\/informelitoral.com.ar\/#website"},"primaryImageOfPage":{"@id":"https:\/\/informelitoral.com.ar\/ramirez-se-cayo-en-el-monumento-de-la-paloma-y-se-fracturo\/#primaryimage"},"image":{"@id":"https:\/\/informelitoral.com.ar\/ramirez-se-cayo-en-el-monumento-de-la-paloma-y-se-fracturo\/#primaryimage"},"thumbnailUrl":"https:\/\/informelitoral.com.ar\/%77%70%2d%63%6f%6e%74%65%6e%74\/uploads\/2015\/09\/RAM\u00cdREZ-COMISAR\u00cdA.jpg","datePublished":"2019-03-18T17:57:57+00:00","dateModified":"2019-03-18T18:00:19+00:00","breadcrumb":{"@id":"https:\/\/informelitoral.com.ar\/ramirez-se-cayo-en-el-monumento-de-la-paloma-y-se-fracturo\/#breadcrumb"},"inLanguage":"es","potentialAction":[{"@type":"ReadAction","target":["https:\/\/informelitoral.com.ar\/ramirez-se-cayo-en-el-monumento-de-la-paloma-y-se-fracturo\/"]}]},{"@type":"ImageObject","inLanguage":"es","@id":"https:\/\/informelitoral.com.ar\/ramirez-se-cayo-en-el-monumento-de-la-paloma-y-se-fracturo\/#primaryimage","url":"https:\/\/informelitoral.com.ar\/%77%70%2d%63%6f%6e%74%65%6e%74\/uploads\/2015\/09\/RAM\u00cdREZ-COMISAR\u00cdA.jpg","contentUrl":"https:\/\/informelitoral.com.ar\/%77%70%2d%63%6f%6e%74%65%6e%74\/uploads\/2015\/09\/RAM\u00cdREZ-COMISAR\u00cdA.jpg","width":693,"height":380},{"@type":"BreadcrumbList","@id":"https:\/\/informelitoral.com.ar\/ramirez-se-cayo-en-el-monumento-de-la-paloma-y-se-fracturo\/#breadcrumb","itemListElement":[{"@type":"ListItem","position":1,"name":"Portada","item":"https:\/\/informelitoral.com.ar\/"},{"@type":"ListItem","position":2,"name":"Ram\u00edrez: se cay\u00f3 en el \u00abMonumento de la paloma\u00bb y se fractur\u00f3"}]},{"@type":"WebSite","@id":"https:\/\/informelitoral.com.ar\/#website","url":"https:\/\/informelitoral.com.ar\/","name":"Informe Litoral","description":"&quot;Nos informamos&quot; ","publisher":{"@id":"https:\/\/informelitoral.com.ar\/#organization"},"potentialAction":[{"@type":"SearchAction","target":{"@type":"EntryPoint","urlTemplate":"https:\/\/informelitoral.com.ar\/?s={search_term_string}"},"query-input":{"@type":"PropertyValueSpecification","valueRequired":true,"valueName":"search_term_string"}}],"inLanguage":"es"},{"@type":"Organization","@id":"https:\/\/informelitoral.com.ar\/#organization","name":"Informe Litoral","url":"https:\/\/informelitoral.com.ar\/","logo":{"@type":"ImageObject","inLanguage":"es","@id":"https:\/\/informelitoral.com.ar\/#\/schema\/logo\/image\/","url":"https:\/\/informelitoral.com.ar\/%77%70%2d%63%6f%6e%74%65%6e%74\/uploads\/2021\/01\/circulo.png","contentUrl":"https:\/\/informelitoral.com.ar\/%77%70%2d%63%6f%6e%74%65%6e%74\/uploads\/2021\/01\/circulo.png","width":723,"height":731,"caption":"Informe Litoral"},"image":{"@id":"https:\/\/informelitoral.com.ar\/#\/schema\/logo\/image\/"},"sameAs":["https:\/\/www.facebook.com\/informelitoral\/","https:\/\/x.com\/InformeLitoral","https:\/\/www.instagram.com\/informelitoral\/","https:\/\/www.youtube.com\/channel\/UCua4Qvz8Icb6MYqhoq9xLXw"]},{"@type":"Person","@id":"https:\/\/informelitoral.com.ar\/#\/schema\/person\/b9d00407c836482871ef1d57bf8e3180","name":"Gonzalo Schmidt","image":{"@type":"ImageObject","inLanguage":"es","@id":"https:\/\/secure.gravatar.com\/avatar\/31a1a7b66ff2de83bd0e9fd79d026630d2d99e55e8bfe501287647b4fd9743de?s=96&d=mm&r=g","url":"https:\/\/secure.gravatar.com\/avatar\/31a1a7b66ff2de83bd0e9fd79d026630d2d99e55e8bfe501287647b4fd9743de?s=96&d=mm&r=g","contentUrl":"https:\/\/secure.gravatar.com\/avatar\/31a1a7b66ff2de83bd0e9fd79d026630d2d99e55e8bfe501287647b4fd9743de?s=96&d=mm&r=g","caption":"Gonzalo Schmidt"},"description":"Sitio web de noticias de la provincia de Entre R\u00edos, Argentina. Informaci\u00f3n y entretenimiento. Informe Litoral, nos informamos.","sameAs":["http:\/\/www.isletasnoticias.com.ar"],"url":"https:\/\/informelitoral.com.ar\/author\/gonzalo\/"}]}},"_links":{"self":[{"href":"https:\/\/informelitoral.com.ar\/%77%70%2d%6a%73%6f%6e\/wp\/v2\/posts\/32555","targetHints":{"allow":["GET"]}}],"collection":[{"href":"https:\/\/informelitoral.com.ar\/%77%70%2d%6a%73%6f%6e\/wp\/v2\/posts"}],"about":[{"href":"https:\/\/informelitoral.com.ar\/%77%70%2d%6a%73%6f%6e\/wp\/v2\/types\/post"}],"author":[{"embeddable":true,"href":"https:\/\/informelitoral.com.ar\/%77%70%2d%6a%73%6f%6e\/wp\/v2\/users\/2"}],"replies":[{"embeddable":true,"href":"https:\/\/informelitoral.com.ar\/%77%70%2d%6a%73%6f%6e\/wp\/v2\/comments?post=32555"}],"version-history":[{"count":0,"href":"https:\/\/informelitoral.com.ar\/%77%70%2d%6a%73%6f%6e\/wp\/v2\/posts\/32555\/revisions"}],"wp:featuredmedia":[{"embeddable":true,"href":"https:\/\/informelitoral.com.ar\/%77%70%2d%6a%73%6f%6e\/wp\/v2\/media\/11788"}],"wp:attachment":[{"href":"https:\/\/informelitoral.com.ar\/%77%70%2d%6a%73%6f%6e\/wp\/v2\/media?parent=32555"}],"wp:term":[{"taxonomy":"category","embeddable":true,"href":"https:\/\/informelitoral.com.ar\/%77%70%2d%6a%73%6f%6e\/wp\/v2\/categories?post=32555"},{"taxonomy":"post_tag","embeddable":true,"href":"https:\/\/informelitoral.com.ar\/%77%70%2d%6a%73%6f%6e\/wp\/v2\/tags?post=32555"}],"curies":[{"name":"wp","href":"https:\/\/api.w.org\/{rel}","templated":true}]}}