{"id":32553,"date":"2019-03-18T14:49:41","date_gmt":"2019-03-18T17:49:41","guid":{"rendered":"https:\/\/www.isletasnoticias.com.ar\/?p=32553"},"modified":"2019-03-18T14:49:41","modified_gmt":"2019-03-18T17:49:41","slug":"sergio-denis-paso-de-gravedad-extrema-a-moderada","status":"publish","type":"post","link":"https:\/\/informelitoral.com.ar\/sergio-denis-paso-de-gravedad-extrema-a-moderada\/","title":{"rendered":"Sergio Denis pas\u00f3 de \u201cgravedad extrema a moderada\u201d"},"content":{"rendered":"<div class=\"detail-body\">\n<article id=\"note-body\" class=\"note-body first\" data-twitter-link=\"https:\/\/twitter.com\/intent\/tweet?url=https:\/\/www.minutouno.com\/c5021443&amp;v\u00eda=minutounocom&amp;related=MinutoUno&amp;text=\">\n<div class=\"row\">\n<div class=\"inside-note col-xs-12\">\n<p><strong>Sergio Denis<\/strong>\u00a0contin\u00faa internado en el hospital \u00c1ngel C. Padilla de San Miguel de Tucum\u00e1n desde el lunes pasado,\u00a0<a href=\"https:\/\/www.isletasnoticias.com.ar\/sergio-denis-se-cayo-de-un-escenario-sufrio-varias-fracturas-y-esta-grave\/\">luego de caer desde el escenario a un foso de orquesta de casi tres metros en medio de un show<\/a>. El \u00faltimo parte m\u00e9dico brindado el mediod\u00eda de este lunes asegur\u00f3 que\u00a0<span id=\"saysCMSEmphasist07kz5sz2yd\">su estado de salud\u00a0<\/span><span id=\"saysCMSEmphasispv4y6mnhoa\" class=\"saysCMSEmphasis\">\u201cpas\u00f3 de gravedad extrema a gravedad moderada\u201d.<\/span><span id=\"saysCMSEmphasisx3csf2l56fa\"><\/span><\/p>\n<\/div>\n<\/div>\n<\/article>\n<\/div>\n<div class=\"detail-body \">\n<article id=\"note-body\" class=\"note-body\" data-twitter-link=\"https:\/\/twitter.com\/intent\/tweet?url=https:\/\/www.minutouno.com\/c5021443&amp;v\u00eda=minutounocom&amp;related=MinutoUno&amp;text=\">\n<div class=\"row\">\n<div class=\"inside-note col-xs-12\">\n<p>La directora del hospital,\u00a0<strong>Olga Fern\u00e1ndez<\/strong>, indic\u00f3 que empezaron a alimentar al paciente por sonda, que no se retiraron totalmente sus sedantes pero est\u00e1 con dosis bajas.<\/p>\n<div id=\"7051276-Libre-1219532257_wrap\" class=\"embed_cont type_imagen no-epigrafe no-copyright\">\n<div id=\"7051276-Libre-1219532257_content\" class=\"embed_content\"><img decoding=\"async\" id=\"7051276-Libre-1219532257_embed\" class=\"aligncenter\" src=\"https:\/\/media.minutouno.com\/adjuntos\/150\/imagenes\/036\/192\/0036192619.jpg?0000-00-00-00-00-00\" alt=\"\" \/><\/div>\n<\/div>\n<p><em>\u201c<strong>Mantiene estabilidad en sus par\u00e1metros, con sost\u00e9n hemodin\u00e1mico farmacol\u00f3gico a dosis m\u00ednima. Se encuentra bajo sedaci\u00f3n y asistencia respiratoria mec\u00e1nica progresando en la alimentaci\u00f3n enteral y con buen ritmo diur\u00e9tico<\/strong>\u201c,<\/em>\u00a0afirm\u00f3.<\/p>\n<p>Fern\u00e1ndez asegur\u00f3 tambi\u00e9n que\u00a0<em>\u201c<strong>no requiere intervenci\u00f3n quir\u00fargica pero contin\u00faa con asistencia respiratoria.\u00a0<\/strong><span id=\"saysCMSEmphasislqhojf8ozlb\" class=\"saysCMSEmphasis\"><strong>Seguir\u00e1 en terapia intensiva<\/strong>\u201c.<\/span><\/em><\/p>\n<p>El cantante, que\u00a0el s\u00e1bado cumpli\u00f3 70 a\u00f1os, ingres\u00f3 al hospital con hematomas cerebrales, m\u00faltiples contusiones, una hemorragia, un importante edema cerebral, una fractura del hueso temporal en la cabeza y una fractura al nivel de la clav\u00edcula y el om\u00f3plato.<\/p>\n<\/div>\n<\/div>\n<\/article>\n<\/div>\n","protected":false},"excerpt":{"rendered":"<p>Es lo que indica el parte m\u00e9dico brindado este mediod\u00eda. El cantante contin\u00faa en terapia intensiva en el hospital \u00c1ngel C. Padilla de San Miguel de Tucum\u00e1n, luego de caer desde el escenario a un foso de orquesta. El s\u00e1bado cumpli\u00f3 70 a\u00f1os.<\/p>\n","protected":false},"author":2,"featured_media":32444,"comment_status":"open","ping_status":"open","sticky":false,"template":"","format":"standard","meta":{"fifu_image_url":"","fifu_image_alt":"","footnotes":""},"categories":[12],"tags":[1290],"class_list":{"0":"post-32553","1":"post","2":"type-post","3":"status-publish","4":"format-standard","5":"has-post-thumbnail","7":"category-espectaculos","8":"tag-sergio-denis"},"yoast_head":"<title>Sergio Denis pas\u00f3 de \u201cgravedad extrema a moderada\u201d - Informe Litoral<\/title>\n<meta name=\"robots\" content=\"index, follow, max-snippet:-1, max-image-preview:large, max-video-preview:-1\" \/>\n<link rel=\"canonical\" href=\"https:\/\/informelitoral.com.ar\/sergio-denis-paso-de-gravedad-extrema-a-moderada\/\" \/>\n<meta property=\"og:locale\" content=\"es_ES\" \/>\n<meta property=\"og:type\" content=\"article\" \/>\n<meta property=\"og:title\" content=\"Sergio Denis pas\u00f3 de \u201cgravedad extrema a moderada\u201d - Informe Litoral\" \/>\n<meta property=\"og:description\" content=\"Es lo que indica el parte m\u00e9dico brindado este mediod\u00eda. El cantante contin\u00faa en terapia intensiva en el hospital \u00c1ngel C. Padilla de San Miguel de Tucum\u00e1n, luego de caer desde el escenario a un foso de orquesta. El s\u00e1bado cumpli\u00f3 70 a\u00f1os.\" \/>\n<meta property=\"og:url\" content=\"https:\/\/informelitoral.com.ar\/sergio-denis-paso-de-gravedad-extrema-a-moderada\/\" \/>\n<meta property=\"og:site_name\" content=\"Informe Litoral\" \/>\n<meta property=\"article:publisher\" content=\"https:\/\/www.facebook.com\/informelitoral\/\" \/>\n<meta property=\"article:published_time\" content=\"2019-03-18T17:49:41+00:00\" \/>\n<meta property=\"og:image\" content=\"https:\/\/informelitoral.com.ar\/%77%70%2d%63%6f%6e%74%65%6e%74\/uploads\/2019\/03\/sergio-denis.jpg\" \/>\n\t<meta property=\"og:image:width\" content=\"640\" \/>\n\t<meta property=\"og:image:height\" content=\"400\" \/>\n\t<meta property=\"og:image:type\" content=\"image\/jpeg\" \/>\n<meta name=\"author\" content=\"Gonzalo Schmidt\" \/>\n<meta name=\"twitter:card\" content=\"summary_large_image\" \/>\n<meta name=\"twitter:creator\" content=\"@InformeLitoral\" \/>\n<meta name=\"twitter:site\" content=\"@InformeLitoral\" \/>\n<meta name=\"twitter:label1\" content=\"Escrito por\" \/>\n\t<meta name=\"twitter:data1\" content=\"Gonzalo Schmidt\" \/>\n\t<meta name=\"twitter:label2\" content=\"Tiempo de lectura\" \/>\n\t<meta name=\"twitter:data2\" content=\"1 minuto\" \/>\n<script type=\"application\/ld+json\" class=\"yoast-schema-graph\">{\"@context\":\"https:\\\/\\\/schema.org\",\"@graph\":[{\"@type\":\"Article\",\"@id\":\"https:\\\/\\\/informelitoral.com.ar\\\/sergio-denis-paso-de-gravedad-extrema-a-moderada\\\/#article\",\"isPartOf\":{\"@id\":\"https:\\\/\\\/informelitoral.com.ar\\\/sergio-denis-paso-de-gravedad-extrema-a-moderada\\\/\"},\"author\":{\"name\":\"Gonzalo Schmidt\",\"@id\":\"https:\\\/\\\/informelitoral.com.ar\\\/#\\\/schema\\\/person\\\/b9d00407c836482871ef1d57bf8e3180\"},\"headline\":\"Sergio Denis pas\u00f3 de \u201cgravedad extrema a moderada\u201d\",\"datePublished\":\"2019-03-18T17:49:41+00:00\",\"mainEntityOfPage\":{\"@id\":\"https:\\\/\\\/informelitoral.com.ar\\\/sergio-denis-paso-de-gravedad-extrema-a-moderada\\\/\"},\"wordCount\":209,\"commentCount\":0,\"publisher\":{\"@id\":\"https:\\\/\\\/informelitoral.com.ar\\\/#organization\"},\"image\":{\"@id\":\"https:\\\/\\\/informelitoral.com.ar\\\/sergio-denis-paso-de-gravedad-extrema-a-moderada\\\/#primaryimage\"},\"thumbnailUrl\":\"https:\\\/\\\/informelitoral.com.ar\\\/%77%70%2d%63%6f%6e%74%65%6e%74\\\/uploads\\\/2019\\\/03\\\/sergio-denis.jpg\",\"keywords\":[\"Sergio Denis\"],\"articleSection\":[\"Espect\u00e1culos\"],\"inLanguage\":\"es\",\"potentialAction\":[{\"@type\":\"CommentAction\",\"name\":\"Comment\",\"target\":[\"https:\\\/\\\/informelitoral.com.ar\\\/sergio-denis-paso-de-gravedad-extrema-a-moderada\\\/#respond\"]}]},{\"@type\":\"WebPage\",\"@id\":\"https:\\\/\\\/informelitoral.com.ar\\\/sergio-denis-paso-de-gravedad-extrema-a-moderada\\\/\",\"url\":\"https:\\\/\\\/informelitoral.com.ar\\\/sergio-denis-paso-de-gravedad-extrema-a-moderada\\\/\",\"name\":\"Sergio Denis pas\u00f3 de \u201cgravedad extrema a moderada\u201d - Informe Litoral\",\"isPartOf\":{\"@id\":\"https:\\\/\\\/informelitoral.com.ar\\\/#website\"},\"primaryImageOfPage\":{\"@id\":\"https:\\\/\\\/informelitoral.com.ar\\\/sergio-denis-paso-de-gravedad-extrema-a-moderada\\\/#primaryimage\"},\"image\":{\"@id\":\"https:\\\/\\\/informelitoral.com.ar\\\/sergio-denis-paso-de-gravedad-extrema-a-moderada\\\/#primaryimage\"},\"thumbnailUrl\":\"https:\\\/\\\/informelitoral.com.ar\\\/%77%70%2d%63%6f%6e%74%65%6e%74\\\/uploads\\\/2019\\\/03\\\/sergio-denis.jpg\",\"datePublished\":\"2019-03-18T17:49:41+00:00\",\"breadcrumb\":{\"@id\":\"https:\\\/\\\/informelitoral.com.ar\\\/sergio-denis-paso-de-gravedad-extrema-a-moderada\\\/#breadcrumb\"},\"inLanguage\":\"es\",\"potentialAction\":[{\"@type\":\"ReadAction\",\"target\":[\"https:\\\/\\\/informelitoral.com.ar\\\/sergio-denis-paso-de-gravedad-extrema-a-moderada\\\/\"]}]},{\"@type\":\"ImageObject\",\"inLanguage\":\"es\",\"@id\":\"https:\\\/\\\/informelitoral.com.ar\\\/sergio-denis-paso-de-gravedad-extrema-a-moderada\\\/#primaryimage\",\"url\":\"https:\\\/\\\/informelitoral.com.ar\\\/%77%70%2d%63%6f%6e%74%65%6e%74\\\/uploads\\\/2019\\\/03\\\/sergio-denis.jpg\",\"contentUrl\":\"https:\\\/\\\/informelitoral.com.ar\\\/%77%70%2d%63%6f%6e%74%65%6e%74\\\/uploads\\\/2019\\\/03\\\/sergio-denis.jpg\",\"width\":640,\"height\":400},{\"@type\":\"BreadcrumbList\",\"@id\":\"https:\\\/\\\/informelitoral.com.ar\\\/sergio-denis-paso-de-gravedad-extrema-a-moderada\\\/#breadcrumb\",\"itemListElement\":[{\"@type\":\"ListItem\",\"position\":1,\"name\":\"Portada\",\"item\":\"https:\\\/\\\/informelitoral.com.ar\\\/\"},{\"@type\":\"ListItem\",\"position\":2,\"name\":\"Sergio Denis pas\u00f3 de \u201cgravedad extrema a moderada\u201d\"}]},{\"@type\":\"WebSite\",\"@id\":\"https:\\\/\\\/informelitoral.com.ar\\\/#website\",\"url\":\"https:\\\/\\\/informelitoral.com.ar\\\/\",\"name\":\"Informe Litoral\",\"description\":\"&quot;Nos informamos&quot; \",\"publisher\":{\"@id\":\"https:\\\/\\\/informelitoral.com.ar\\\/#organization\"},\"potentialAction\":[{\"@type\":\"SearchAction\",\"target\":{\"@type\":\"EntryPoint\",\"urlTemplate\":\"https:\\\/\\\/informelitoral.com.ar\\\/?s={search_term_string}\"},\"query-input\":{\"@type\":\"PropertyValueSpecification\",\"valueRequired\":true,\"valueName\":\"search_term_string\"}}],\"inLanguage\":\"es\"},{\"@type\":\"Organization\",\"@id\":\"https:\\\/\\\/informelitoral.com.ar\\\/#organization\",\"name\":\"Informe Litoral\",\"url\":\"https:\\\/\\\/informelitoral.com.ar\\\/\",\"logo\":{\"@type\":\"ImageObject\",\"inLanguage\":\"es\",\"@id\":\"https:\\\/\\\/informelitoral.com.ar\\\/#\\\/schema\\\/logo\\\/image\\\/\",\"url\":\"https:\\\/\\\/informelitoral.com.ar\\\/%77%70%2d%63%6f%6e%74%65%6e%74\\\/uploads\\\/2021\\\/01\\\/circulo.png\",\"contentUrl\":\"https:\\\/\\\/informelitoral.com.ar\\\/%77%70%2d%63%6f%6e%74%65%6e%74\\\/uploads\\\/2021\\\/01\\\/circulo.png\",\"width\":723,\"height\":731,\"caption\":\"Informe Litoral\"},\"image\":{\"@id\":\"https:\\\/\\\/informelitoral.com.ar\\\/#\\\/schema\\\/logo\\\/image\\\/\"},\"sameAs\":[\"https:\\\/\\\/www.facebook.com\\\/informelitoral\\\/\",\"https:\\\/\\\/x.com\\\/InformeLitoral\",\"https:\\\/\\\/www.instagram.com\\\/informelitoral\\\/\",\"https:\\\/\\\/www.youtube.com\\\/channel\\\/UCua4Qvz8Icb6MYqhoq9xLXw\"]},{\"@type\":\"Person\",\"@id\":\"https:\\\/\\\/informelitoral.com.ar\\\/#\\\/schema\\\/person\\\/b9d00407c836482871ef1d57bf8e3180\",\"name\":\"Gonzalo Schmidt\",\"image\":{\"@type\":\"ImageObject\",\"inLanguage\":\"es\",\"@id\":\"https:\\\/\\\/secure.gravatar.com\\\/avatar\\\/31a1a7b66ff2de83bd0e9fd79d026630d2d99e55e8bfe501287647b4fd9743de?s=96&d=mm&r=g\",\"url\":\"https:\\\/\\\/secure.gravatar.com\\\/avatar\\\/31a1a7b66ff2de83bd0e9fd79d026630d2d99e55e8bfe501287647b4fd9743de?s=96&d=mm&r=g\",\"contentUrl\":\"https:\\\/\\\/secure.gravatar.com\\\/avatar\\\/31a1a7b66ff2de83bd0e9fd79d026630d2d99e55e8bfe501287647b4fd9743de?s=96&d=mm&r=g\",\"caption\":\"Gonzalo Schmidt\"},\"description\":\"Sitio web de noticias de la provincia de Entre R\u00edos, Argentina. Informaci\u00f3n y entretenimiento. Informe Litoral, nos informamos.\",\"sameAs\":[\"http:\\\/\\\/www.isletasnoticias.com.ar\"],\"url\":\"https:\\\/\\\/informelitoral.com.ar\\\/author\\\/gonzalo\\\/\"}]}<\/script>","yoast_head_json":{"title":"Sergio Denis pas\u00f3 de \u201cgravedad extrema a moderada\u201d - Informe Litoral","robots":{"index":"index","follow":"follow","max-snippet":"max-snippet:-1","max-image-preview":"max-image-preview:large","max-video-preview":"max-video-preview:-1"},"canonical":"https:\/\/informelitoral.com.ar\/sergio-denis-paso-de-gravedad-extrema-a-moderada\/","og_locale":"es_ES","og_type":"article","og_title":"Sergio Denis pas\u00f3 de \u201cgravedad extrema a moderada\u201d - Informe Litoral","og_description":"Es lo que indica el parte m\u00e9dico brindado este mediod\u00eda. El cantante contin\u00faa en terapia intensiva en el hospital \u00c1ngel C. Padilla de San Miguel de Tucum\u00e1n, luego de caer desde el escenario a un foso de orquesta. El s\u00e1bado cumpli\u00f3 70 a\u00f1os.","og_url":"https:\/\/informelitoral.com.ar\/sergio-denis-paso-de-gravedad-extrema-a-moderada\/","og_site_name":"Informe Litoral","article_publisher":"https:\/\/www.facebook.com\/informelitoral\/","article_published_time":"2019-03-18T17:49:41+00:00","og_image":[{"width":640,"height":400,"url":"https:\/\/informelitoral.com.ar\/%77%70%2d%63%6f%6e%74%65%6e%74\/uploads\/2019\/03\/sergio-denis.jpg","type":"image\/jpeg"}],"author":"Gonzalo Schmidt","twitter_card":"summary_large_image","twitter_creator":"@InformeLitoral","twitter_site":"@InformeLitoral","twitter_misc":{"Escrito por":"Gonzalo Schmidt","Tiempo de lectura":"1 minuto"},"schema":{"@context":"https:\/\/schema.org","@graph":[{"@type":"Article","@id":"https:\/\/informelitoral.com.ar\/sergio-denis-paso-de-gravedad-extrema-a-moderada\/#article","isPartOf":{"@id":"https:\/\/informelitoral.com.ar\/sergio-denis-paso-de-gravedad-extrema-a-moderada\/"},"author":{"name":"Gonzalo Schmidt","@id":"https:\/\/informelitoral.com.ar\/#\/schema\/person\/b9d00407c836482871ef1d57bf8e3180"},"headline":"Sergio Denis pas\u00f3 de \u201cgravedad extrema a moderada\u201d","datePublished":"2019-03-18T17:49:41+00:00","mainEntityOfPage":{"@id":"https:\/\/informelitoral.com.ar\/sergio-denis-paso-de-gravedad-extrema-a-moderada\/"},"wordCount":209,"commentCount":0,"publisher":{"@id":"https:\/\/informelitoral.com.ar\/#organization"},"image":{"@id":"https:\/\/informelitoral.com.ar\/sergio-denis-paso-de-gravedad-extrema-a-moderada\/#primaryimage"},"thumbnailUrl":"https:\/\/informelitoral.com.ar\/%77%70%2d%63%6f%6e%74%65%6e%74\/uploads\/2019\/03\/sergio-denis.jpg","keywords":["Sergio Denis"],"articleSection":["Espect\u00e1culos"],"inLanguage":"es","potentialAction":[{"@type":"CommentAction","name":"Comment","target":["https:\/\/informelitoral.com.ar\/sergio-denis-paso-de-gravedad-extrema-a-moderada\/#respond"]}]},{"@type":"WebPage","@id":"https:\/\/informelitoral.com.ar\/sergio-denis-paso-de-gravedad-extrema-a-moderada\/","url":"https:\/\/informelitoral.com.ar\/sergio-denis-paso-de-gravedad-extrema-a-moderada\/","name":"Sergio Denis pas\u00f3 de \u201cgravedad extrema a moderada\u201d - Informe Litoral","isPartOf":{"@id":"https:\/\/informelitoral.com.ar\/#website"},"primaryImageOfPage":{"@id":"https:\/\/informelitoral.com.ar\/sergio-denis-paso-de-gravedad-extrema-a-moderada\/#primaryimage"},"image":{"@id":"https:\/\/informelitoral.com.ar\/sergio-denis-paso-de-gravedad-extrema-a-moderada\/#primaryimage"},"thumbnailUrl":"https:\/\/informelitoral.com.ar\/%77%70%2d%63%6f%6e%74%65%6e%74\/uploads\/2019\/03\/sergio-denis.jpg","datePublished":"2019-03-18T17:49:41+00:00","breadcrumb":{"@id":"https:\/\/informelitoral.com.ar\/sergio-denis-paso-de-gravedad-extrema-a-moderada\/#breadcrumb"},"inLanguage":"es","potentialAction":[{"@type":"ReadAction","target":["https:\/\/informelitoral.com.ar\/sergio-denis-paso-de-gravedad-extrema-a-moderada\/"]}]},{"@type":"ImageObject","inLanguage":"es","@id":"https:\/\/informelitoral.com.ar\/sergio-denis-paso-de-gravedad-extrema-a-moderada\/#primaryimage","url":"https:\/\/informelitoral.com.ar\/%77%70%2d%63%6f%6e%74%65%6e%74\/uploads\/2019\/03\/sergio-denis.jpg","contentUrl":"https:\/\/informelitoral.com.ar\/%77%70%2d%63%6f%6e%74%65%6e%74\/uploads\/2019\/03\/sergio-denis.jpg","width":640,"height":400},{"@type":"BreadcrumbList","@id":"https:\/\/informelitoral.com.ar\/sergio-denis-paso-de-gravedad-extrema-a-moderada\/#breadcrumb","itemListElement":[{"@type":"ListItem","position":1,"name":"Portada","item":"https:\/\/informelitoral.com.ar\/"},{"@type":"ListItem","position":2,"name":"Sergio Denis pas\u00f3 de \u201cgravedad extrema a moderada\u201d"}]},{"@type":"WebSite","@id":"https:\/\/informelitoral.com.ar\/#website","url":"https:\/\/informelitoral.com.ar\/","name":"Informe Litoral","description":"&quot;Nos informamos&quot; ","publisher":{"@id":"https:\/\/informelitoral.com.ar\/#organization"},"potentialAction":[{"@type":"SearchAction","target":{"@type":"EntryPoint","urlTemplate":"https:\/\/informelitoral.com.ar\/?s={search_term_string}"},"query-input":{"@type":"PropertyValueSpecification","valueRequired":true,"valueName":"search_term_string"}}],"inLanguage":"es"},{"@type":"Organization","@id":"https:\/\/informelitoral.com.ar\/#organization","name":"Informe Litoral","url":"https:\/\/informelitoral.com.ar\/","logo":{"@type":"ImageObject","inLanguage":"es","@id":"https:\/\/informelitoral.com.ar\/#\/schema\/logo\/image\/","url":"https:\/\/informelitoral.com.ar\/%77%70%2d%63%6f%6e%74%65%6e%74\/uploads\/2021\/01\/circulo.png","contentUrl":"https:\/\/informelitoral.com.ar\/%77%70%2d%63%6f%6e%74%65%6e%74\/uploads\/2021\/01\/circulo.png","width":723,"height":731,"caption":"Informe Litoral"},"image":{"@id":"https:\/\/informelitoral.com.ar\/#\/schema\/logo\/image\/"},"sameAs":["https:\/\/www.facebook.com\/informelitoral\/","https:\/\/x.com\/InformeLitoral","https:\/\/www.instagram.com\/informelitoral\/","https:\/\/www.youtube.com\/channel\/UCua4Qvz8Icb6MYqhoq9xLXw"]},{"@type":"Person","@id":"https:\/\/informelitoral.com.ar\/#\/schema\/person\/b9d00407c836482871ef1d57bf8e3180","name":"Gonzalo Schmidt","image":{"@type":"ImageObject","inLanguage":"es","@id":"https:\/\/secure.gravatar.com\/avatar\/31a1a7b66ff2de83bd0e9fd79d026630d2d99e55e8bfe501287647b4fd9743de?s=96&d=mm&r=g","url":"https:\/\/secure.gravatar.com\/avatar\/31a1a7b66ff2de83bd0e9fd79d026630d2d99e55e8bfe501287647b4fd9743de?s=96&d=mm&r=g","contentUrl":"https:\/\/secure.gravatar.com\/avatar\/31a1a7b66ff2de83bd0e9fd79d026630d2d99e55e8bfe501287647b4fd9743de?s=96&d=mm&r=g","caption":"Gonzalo Schmidt"},"description":"Sitio web de noticias de la provincia de Entre R\u00edos, Argentina. Informaci\u00f3n y entretenimiento. Informe Litoral, nos informamos.","sameAs":["http:\/\/www.isletasnoticias.com.ar"],"url":"https:\/\/informelitoral.com.ar\/author\/gonzalo\/"}]}},"_links":{"self":[{"href":"https:\/\/informelitoral.com.ar\/%77%70%2d%6a%73%6f%6e\/wp\/v2\/posts\/32553","targetHints":{"allow":["GET"]}}],"collection":[{"href":"https:\/\/informelitoral.com.ar\/%77%70%2d%6a%73%6f%6e\/wp\/v2\/posts"}],"about":[{"href":"https:\/\/informelitoral.com.ar\/%77%70%2d%6a%73%6f%6e\/wp\/v2\/types\/post"}],"author":[{"embeddable":true,"href":"https:\/\/informelitoral.com.ar\/%77%70%2d%6a%73%6f%6e\/wp\/v2\/users\/2"}],"replies":[{"embeddable":true,"href":"https:\/\/informelitoral.com.ar\/%77%70%2d%6a%73%6f%6e\/wp\/v2\/comments?post=32553"}],"version-history":[{"count":0,"href":"https:\/\/informelitoral.com.ar\/%77%70%2d%6a%73%6f%6e\/wp\/v2\/posts\/32553\/revisions"}],"wp:featuredmedia":[{"embeddable":true,"href":"https:\/\/informelitoral.com.ar\/%77%70%2d%6a%73%6f%6e\/wp\/v2\/media\/32444"}],"wp:attachment":[{"href":"https:\/\/informelitoral.com.ar\/%77%70%2d%6a%73%6f%6e\/wp\/v2\/media?parent=32553"}],"wp:term":[{"taxonomy":"category","embeddable":true,"href":"https:\/\/informelitoral.com.ar\/%77%70%2d%6a%73%6f%6e\/wp\/v2\/categories?post=32553"},{"taxonomy":"post_tag","embeddable":true,"href":"https:\/\/informelitoral.com.ar\/%77%70%2d%6a%73%6f%6e\/wp\/v2\/tags?post=32553"}],"curies":[{"name":"wp","href":"https:\/\/api.w.org\/{rel}","templated":true}]}}