{"id":32545,"date":"2019-03-18T14:13:57","date_gmt":"2019-03-18T17:13:57","guid":{"rendered":"https:\/\/www.isletasnoticias.com.ar\/?p=32545"},"modified":"2019-03-18T15:29:38","modified_gmt":"2019-03-18T18:29:38","slug":"la-ramirense-carina-reh-es-la-nueva-directora-del-hospital-san-roque","status":"publish","type":"post","link":"https:\/\/informelitoral.com.ar\/la-ramirense-carina-reh-es-la-nueva-directora-del-hospital-san-roque\/","title":{"rendered":"La ramirense Carina Reh es la nueva directora del Hospital San Roque"},"content":{"rendered":"<p>El\u00a0<strong>Hospital San Roque de Paran\u00e1<\/strong>, nosocomio materno infantil de mayor complejidad en la provincia, ser\u00e1 conducido por la cirujana<strong>\u00a0Carina Reh<\/strong>. La profesional\u00a0acept\u00f3 la responsabilidad a partir de la convocatoria por parte de la ministra de Salud,\u00a0<strong>Sonia Vel\u00e1zquez<\/strong>, y ser\u00e1 puesta en funciones en los pr\u00f3ximos d\u00edas.<\/p>\n<p>Tras la renuncia de\u00a0<strong>Marcelo Itharte<\/strong>\u00a0a fines de enero,\u00a0<strong>el Ministerio de Salud defini\u00f3 que la actual coordinadora de Residencias M\u00e9dicas, fuera quien tomara el compromiso para continuar trabajando en el proceso que se lleva adelante en el nosocomio.<\/strong>\u00a0Cabe destacar que la profesional, tiene una trayectoria de m\u00e1s de 20 a\u00f1os, y entre el 2000 y 2003, incluso, fue adscripta al servicio de Cirug\u00eda General del citado hospital, se inform\u00f3 en un comunicado enviado a <em><strong>IN.<\/strong><\/em><\/p>\n<p>Luego de la reuni\u00f3n con la profesional, la ministra Vel\u00e1zquez destac\u00f3: \u201cLa doctora Reh, ser\u00e1 a partir de ahora, quien conducir\u00e1 los destinos del hospital, en el marco de una continuidad que contar\u00e1 con el apoyo de los integrantes del actual equipo de gesti\u00f3n del nosocomio\u201d.<\/p>\n<p>\u201cLa profesional elegida, cuenta con todo nuestro apoyo, y dentro del trabajo de an\u00e1lisis que hicimos en el marco de las distintas alternativas que mi equipo vino trabajando, concluimos en que la doctora Reh, cuenta con el perfil adecuado a la actual circunstancia y muestra una importante solvencia desde lo acad\u00e9mico y en gesti\u00f3n, y tambi\u00e9n una vasta experiencia en salud p\u00fablica\u201d.<\/p>\n<p><a href=\"https:\/\/www.isletasnoticias.com.ar\/%77%70%2d%63%6f%6e%74%65%6e%74\/uploads\/2019\/03\/IMG_2929.jpg\"><img loading=\"lazy\" decoding=\"async\" class=\"aligncenter wp-image-32546 size-large\" src=\"https:\/\/www.isletasnoticias.com.ar\/%77%70%2d%63%6f%6e%74%65%6e%74\/uploads\/2019\/03\/IMG_2929-1024x683.jpg\" alt=\"\" width=\"696\" height=\"464\" srcset=\"https:\/\/informelitoral.com.ar\/%77%70%2d%63%6f%6e%74%65%6e%74\/uploads\/2019\/03\/IMG_2929-1024x683.jpg 1024w, https:\/\/informelitoral.com.ar\/%77%70%2d%63%6f%6e%74%65%6e%74\/uploads\/2019\/03\/IMG_2929-300x200.jpg 300w, https:\/\/informelitoral.com.ar\/%77%70%2d%63%6f%6e%74%65%6e%74\/uploads\/2019\/03\/IMG_2929-768x512.jpg 768w, https:\/\/informelitoral.com.ar\/%77%70%2d%63%6f%6e%74%65%6e%74\/uploads\/2019\/03\/IMG_2929-696x464.jpg 696w, https:\/\/informelitoral.com.ar\/%77%70%2d%63%6f%6e%74%65%6e%74\/uploads\/2019\/03\/IMG_2929-1068x712.jpg 1068w, https:\/\/informelitoral.com.ar\/%77%70%2d%63%6f%6e%74%65%6e%74\/uploads\/2019\/03\/IMG_2929-630x420.jpg 630w, https:\/\/informelitoral.com.ar\/%77%70%2d%63%6f%6e%74%65%6e%74\/uploads\/2019\/03\/IMG_2929.jpg 1920w\" sizes=\"auto, (max-width: 696px) 100vw, 696px\" \/><\/a><\/p>\n<p>Por su parte, Reh indic\u00f3: \u201cFue una sorpresa la convocatoria por parte de la ministra con esta decisi\u00f3n de asumir un nuevo compromiso, siempre dentro del \u00e1mbito de la salud p\u00fablica. <strong>S\u00e9 que es un hospital muy grande, pero que conozco desde hace muchos a\u00f1os por mi paso por el mismo, y porque en este tiempo he acompa\u00f1ado a los instructores de residencias, trabajando junto a los servicios<\/strong>\u201d.<\/p>\n<p>\u201c<strong>Me voy a encontrar con muchos desaf\u00edos, y s\u00e9 que no va a ser f\u00e1cil, pero apuesto a unificar criterios e implementar la rector\u00eda desde el Ministerio \u2013remarc\u00f3 Reh-.<\/strong> Asimismo, no hay que perder de vista que los principales actores son los pacientes, y cada uno de los que presta servicio, tambi\u00e9n es responsable del funcionamiento del hospital\u201d.<\/p>\n<p>\u201c<strong>Estamos en momentos pol\u00edticos y econ\u00f3micos dif\u00edciles, y la necesidad de la gente es mayor. Por eso, atender es un trabajo arduo, pero cuando uno puede ponerse en el lugar del otro, generar empat\u00eda, y hacerlo con cordialidad, es m\u00e1s sencillo.<\/strong>\u00a0Es importante la educaci\u00f3n y la formaci\u00f3n del recurso humano, para una \u00f3ptima calidad en la atenci\u00f3n. Nuestros gurises tienen que recibir lo mejor de cada uno, ese es nuestro principal objetivo\u201d, expres\u00f3 finalmente la profesional.<\/p>\n<h3><strong>Sobre la trayectoria de la profesional<\/strong><\/h3>\n<p>Carina Reh, actual coordinadora de Residencias M\u00e9dicas, estudi\u00f3 medicina en la Facultad de Ciencias M\u00e9dicas en la Universidad Nacional de Rosario. Adem\u00e1s, es especialista en Cirug\u00eda General y en Flebolog\u00eda y Linfolog\u00eda; y realiz\u00f3 una maestr\u00eda en Salud Familiar y Comunitaria en la Facultad de Ciencias de la Salud en la Universidad Nacional de Entre R\u00edos.<\/p>\n<p>Se desempe\u00f1\u00f3 como jefa del Servicio Cirug\u00eda General en el Hospital Nuestra Se\u00f1ora del Luj\u00e1n de General Ram\u00edrez, departamento Diamante, desde julio de 2014, y fue directora de dicho establecimiento sanitario desde el 28 de diciembre de 2003 hasta febrero de 2008.<\/p>\n<p>Adem\u00e1s, es instructora de Soporte Vital en Trauma Prehospitalario (PHTLS por sus siglas en ingl\u00e9s) para la Fundaci\u00f3n EMME desde octubre de 2007 a la fecha; y desarroll\u00f3 actividades como instructora de Apoyo Vital Avanzado en Trauma (ATLS en ingl\u00e9s) en el Curso de Instructores aprobado el d\u00eda 24 de octubre de 2010 y brindado por la Asociaci\u00f3n Argentina de Cirug\u00eda entre otras cosas, tambi\u00e9n fue instructora de ATLS en la 9\u00b0 edici\u00f3n en septiembre de 2014 (American College of Surgeons) y en la 10\u00b0 edici\u00f3n en mayo de 2018.<\/p>\n<p>Por otro lado, trabaj\u00f3 como adscripta en el Servicio de Cirug\u00eda General del Hospital Materno Infantil San Roque de Paran\u00e1, desde el 31 de marzo del 2000 hasta el 31 de diciembre de 2003 por resoluci\u00f3n N\u00b0 46 de la entonces Subsecretar\u00eda de Salud.<\/p>\n<p>Asimismo, fue concejal del municipio de General Ram\u00edrez, durante el periodo 2003-2007 y nuevamente en el periodo 2011-2015. Tambi\u00e9n fue secretaria de Gobierno y Hacienda en la Municipalidad de General Ram\u00edrez, desde febrero de 2008 a diciembre de 2011.<\/p>\n","protected":false},"excerpt":{"rendered":"<p>La designaci\u00f3n fue realizada por la ministra de Salud, Sonia Vel\u00e1zquez y la nueva profesional asumir\u00e1 en los pr\u00f3ximos d\u00edas. El recambio se da tras la renuncia de Marcelo Itharte, a fines de enero.<\/p>\n","protected":false},"author":2,"featured_media":32546,"comment_status":"open","ping_status":"open","sticky":false,"template":"","format":"standard","meta":{"fifu_image_url":"","fifu_image_alt":"","footnotes":""},"categories":[6],"tags":[1294,249,1293,1292,938,45,27,82,652],"class_list":{"0":"post-32545","1":"post","2":"type-post","3":"status-publish","4":"format-standard","5":"has-post-thumbnail","7":"category-entre-rios","8":"tag-carina-reh","9":"tag-gobierno-provincial","10":"tag-hospital-nuestra-senora-del-lujan","11":"tag-hospital-san-roque","12":"tag-ministerio-de-salud","13":"tag-parana","14":"tag-ramirez","15":"tag-salud","16":"tag-salud-publica"},"yoast_head":"<title>La ramirense Carina Reh es la nueva directora del Hospital San Roque - Informe Litoral<\/title>\n<meta name=\"robots\" content=\"index, follow, max-snippet:-1, max-image-preview:large, max-video-preview:-1\" \/>\n<link rel=\"canonical\" href=\"https:\/\/informelitoral.com.ar\/la-ramirense-carina-reh-es-la-nueva-directora-del-hospital-san-roque\/\" \/>\n<meta property=\"og:locale\" content=\"es_ES\" \/>\n<meta property=\"og:type\" content=\"article\" \/>\n<meta property=\"og:title\" content=\"La ramirense Carina Reh es la nueva directora del Hospital San Roque - Informe Litoral\" \/>\n<meta property=\"og:description\" content=\"La designaci\u00f3n fue realizada por la ministra de Salud, Sonia Vel\u00e1zquez y la nueva profesional asumir\u00e1 en los pr\u00f3ximos d\u00edas. El recambio se da tras la renuncia de Marcelo Itharte, a fines de enero.\" \/>\n<meta property=\"og:url\" content=\"https:\/\/informelitoral.com.ar\/la-ramirense-carina-reh-es-la-nueva-directora-del-hospital-san-roque\/\" \/>\n<meta property=\"og:site_name\" content=\"Informe Litoral\" \/>\n<meta property=\"article:publisher\" content=\"https:\/\/www.facebook.com\/informelitoral\/\" \/>\n<meta property=\"article:published_time\" content=\"2019-03-18T17:13:57+00:00\" \/>\n<meta property=\"article:modified_time\" content=\"2019-03-18T18:29:38+00:00\" \/>\n<meta property=\"og:image\" content=\"https:\/\/informelitoral.com.ar\/%77%70%2d%63%6f%6e%74%65%6e%74\/uploads\/2019\/03\/IMG_2929.jpg\" \/>\n\t<meta property=\"og:image:width\" content=\"1920\" \/>\n\t<meta property=\"og:image:height\" content=\"1280\" \/>\n\t<meta property=\"og:image:type\" content=\"image\/jpeg\" \/>\n<meta name=\"author\" content=\"Gonzalo Schmidt\" \/>\n<meta name=\"twitter:card\" content=\"summary_large_image\" \/>\n<meta name=\"twitter:creator\" content=\"@InformeLitoral\" \/>\n<meta name=\"twitter:site\" content=\"@InformeLitoral\" \/>\n<meta name=\"twitter:label1\" content=\"Escrito por\" \/>\n\t<meta name=\"twitter:data1\" content=\"Gonzalo Schmidt\" \/>\n\t<meta name=\"twitter:label2\" content=\"Tiempo de lectura\" \/>\n\t<meta name=\"twitter:data2\" content=\"4 minutos\" \/>\n<script type=\"application\/ld+json\" class=\"yoast-schema-graph\">{\"@context\":\"https:\\\/\\\/schema.org\",\"@graph\":[{\"@type\":\"Article\",\"@id\":\"https:\\\/\\\/informelitoral.com.ar\\\/la-ramirense-carina-reh-es-la-nueva-directora-del-hospital-san-roque\\\/#article\",\"isPartOf\":{\"@id\":\"https:\\\/\\\/informelitoral.com.ar\\\/la-ramirense-carina-reh-es-la-nueva-directora-del-hospital-san-roque\\\/\"},\"author\":{\"name\":\"Gonzalo Schmidt\",\"@id\":\"https:\\\/\\\/informelitoral.com.ar\\\/#\\\/schema\\\/person\\\/b9d00407c836482871ef1d57bf8e3180\"},\"headline\":\"La ramirense Carina Reh es la nueva directora del Hospital San Roque\",\"datePublished\":\"2019-03-18T17:13:57+00:00\",\"dateModified\":\"2019-03-18T18:29:38+00:00\",\"mainEntityOfPage\":{\"@id\":\"https:\\\/\\\/informelitoral.com.ar\\\/la-ramirense-carina-reh-es-la-nueva-directora-del-hospital-san-roque\\\/\"},\"wordCount\":766,\"commentCount\":0,\"publisher\":{\"@id\":\"https:\\\/\\\/informelitoral.com.ar\\\/#organization\"},\"image\":{\"@id\":\"https:\\\/\\\/informelitoral.com.ar\\\/la-ramirense-carina-reh-es-la-nueva-directora-del-hospital-san-roque\\\/#primaryimage\"},\"thumbnailUrl\":\"https:\\\/\\\/informelitoral.com.ar\\\/%77%70%2d%63%6f%6e%74%65%6e%74\\\/uploads\\\/2019\\\/03\\\/IMG_2929.jpg\",\"keywords\":[\"Carina Reh\",\"Gobierno provincial\",\"Hospital Nuestra Se\u00f1ora del Luj\u00e1n\",\"Hospital San Roque\",\"Ministerio de Salud\",\"Paran\u00e1\",\"Ram\u00edrez\",\"Salud\",\"Salud p\u00fablica\"],\"articleSection\":[\"Entre R\u00edos\"],\"inLanguage\":\"es\",\"potentialAction\":[{\"@type\":\"CommentAction\",\"name\":\"Comment\",\"target\":[\"https:\\\/\\\/informelitoral.com.ar\\\/la-ramirense-carina-reh-es-la-nueva-directora-del-hospital-san-roque\\\/#respond\"]}]},{\"@type\":\"WebPage\",\"@id\":\"https:\\\/\\\/informelitoral.com.ar\\\/la-ramirense-carina-reh-es-la-nueva-directora-del-hospital-san-roque\\\/\",\"url\":\"https:\\\/\\\/informelitoral.com.ar\\\/la-ramirense-carina-reh-es-la-nueva-directora-del-hospital-san-roque\\\/\",\"name\":\"La ramirense Carina Reh es la nueva directora del Hospital San Roque - Informe Litoral\",\"isPartOf\":{\"@id\":\"https:\\\/\\\/informelitoral.com.ar\\\/#website\"},\"primaryImageOfPage\":{\"@id\":\"https:\\\/\\\/informelitoral.com.ar\\\/la-ramirense-carina-reh-es-la-nueva-directora-del-hospital-san-roque\\\/#primaryimage\"},\"image\":{\"@id\":\"https:\\\/\\\/informelitoral.com.ar\\\/la-ramirense-carina-reh-es-la-nueva-directora-del-hospital-san-roque\\\/#primaryimage\"},\"thumbnailUrl\":\"https:\\\/\\\/informelitoral.com.ar\\\/%77%70%2d%63%6f%6e%74%65%6e%74\\\/uploads\\\/2019\\\/03\\\/IMG_2929.jpg\",\"datePublished\":\"2019-03-18T17:13:57+00:00\",\"dateModified\":\"2019-03-18T18:29:38+00:00\",\"breadcrumb\":{\"@id\":\"https:\\\/\\\/informelitoral.com.ar\\\/la-ramirense-carina-reh-es-la-nueva-directora-del-hospital-san-roque\\\/#breadcrumb\"},\"inLanguage\":\"es\",\"potentialAction\":[{\"@type\":\"ReadAction\",\"target\":[\"https:\\\/\\\/informelitoral.com.ar\\\/la-ramirense-carina-reh-es-la-nueva-directora-del-hospital-san-roque\\\/\"]}]},{\"@type\":\"ImageObject\",\"inLanguage\":\"es\",\"@id\":\"https:\\\/\\\/informelitoral.com.ar\\\/la-ramirense-carina-reh-es-la-nueva-directora-del-hospital-san-roque\\\/#primaryimage\",\"url\":\"https:\\\/\\\/informelitoral.com.ar\\\/%77%70%2d%63%6f%6e%74%65%6e%74\\\/uploads\\\/2019\\\/03\\\/IMG_2929.jpg\",\"contentUrl\":\"https:\\\/\\\/informelitoral.com.ar\\\/%77%70%2d%63%6f%6e%74%65%6e%74\\\/uploads\\\/2019\\\/03\\\/IMG_2929.jpg\",\"width\":1920,\"height\":1280},{\"@type\":\"BreadcrumbList\",\"@id\":\"https:\\\/\\\/informelitoral.com.ar\\\/la-ramirense-carina-reh-es-la-nueva-directora-del-hospital-san-roque\\\/#breadcrumb\",\"itemListElement\":[{\"@type\":\"ListItem\",\"position\":1,\"name\":\"Portada\",\"item\":\"https:\\\/\\\/informelitoral.com.ar\\\/\"},{\"@type\":\"ListItem\",\"position\":2,\"name\":\"La ramirense Carina Reh es la nueva directora del Hospital San Roque\"}]},{\"@type\":\"WebSite\",\"@id\":\"https:\\\/\\\/informelitoral.com.ar\\\/#website\",\"url\":\"https:\\\/\\\/informelitoral.com.ar\\\/\",\"name\":\"Informe Litoral\",\"description\":\"&quot;Nos informamos&quot; \",\"publisher\":{\"@id\":\"https:\\\/\\\/informelitoral.com.ar\\\/#organization\"},\"potentialAction\":[{\"@type\":\"SearchAction\",\"target\":{\"@type\":\"EntryPoint\",\"urlTemplate\":\"https:\\\/\\\/informelitoral.com.ar\\\/?s={search_term_string}\"},\"query-input\":{\"@type\":\"PropertyValueSpecification\",\"valueRequired\":true,\"valueName\":\"search_term_string\"}}],\"inLanguage\":\"es\"},{\"@type\":\"Organization\",\"@id\":\"https:\\\/\\\/informelitoral.com.ar\\\/#organization\",\"name\":\"Informe Litoral\",\"url\":\"https:\\\/\\\/informelitoral.com.ar\\\/\",\"logo\":{\"@type\":\"ImageObject\",\"inLanguage\":\"es\",\"@id\":\"https:\\\/\\\/informelitoral.com.ar\\\/#\\\/schema\\\/logo\\\/image\\\/\",\"url\":\"https:\\\/\\\/informelitoral.com.ar\\\/%77%70%2d%63%6f%6e%74%65%6e%74\\\/uploads\\\/2021\\\/01\\\/circulo.png\",\"contentUrl\":\"https:\\\/\\\/informelitoral.com.ar\\\/%77%70%2d%63%6f%6e%74%65%6e%74\\\/uploads\\\/2021\\\/01\\\/circulo.png\",\"width\":723,\"height\":731,\"caption\":\"Informe Litoral\"},\"image\":{\"@id\":\"https:\\\/\\\/informelitoral.com.ar\\\/#\\\/schema\\\/logo\\\/image\\\/\"},\"sameAs\":[\"https:\\\/\\\/www.facebook.com\\\/informelitoral\\\/\",\"https:\\\/\\\/x.com\\\/InformeLitoral\",\"https:\\\/\\\/www.instagram.com\\\/informelitoral\\\/\",\"https:\\\/\\\/www.youtube.com\\\/channel\\\/UCua4Qvz8Icb6MYqhoq9xLXw\"]},{\"@type\":\"Person\",\"@id\":\"https:\\\/\\\/informelitoral.com.ar\\\/#\\\/schema\\\/person\\\/b9d00407c836482871ef1d57bf8e3180\",\"name\":\"Gonzalo Schmidt\",\"image\":{\"@type\":\"ImageObject\",\"inLanguage\":\"es\",\"@id\":\"https:\\\/\\\/secure.gravatar.com\\\/avatar\\\/31a1a7b66ff2de83bd0e9fd79d026630d2d99e55e8bfe501287647b4fd9743de?s=96&d=mm&r=g\",\"url\":\"https:\\\/\\\/secure.gravatar.com\\\/avatar\\\/31a1a7b66ff2de83bd0e9fd79d026630d2d99e55e8bfe501287647b4fd9743de?s=96&d=mm&r=g\",\"contentUrl\":\"https:\\\/\\\/secure.gravatar.com\\\/avatar\\\/31a1a7b66ff2de83bd0e9fd79d026630d2d99e55e8bfe501287647b4fd9743de?s=96&d=mm&r=g\",\"caption\":\"Gonzalo Schmidt\"},\"description\":\"Sitio web de noticias de la provincia de Entre R\u00edos, Argentina. Informaci\u00f3n y entretenimiento. Informe Litoral, nos informamos.\",\"sameAs\":[\"http:\\\/\\\/www.isletasnoticias.com.ar\"],\"url\":\"https:\\\/\\\/informelitoral.com.ar\\\/author\\\/gonzalo\\\/\"}]}<\/script>","yoast_head_json":{"title":"La ramirense Carina Reh es la nueva directora del Hospital San Roque - Informe Litoral","robots":{"index":"index","follow":"follow","max-snippet":"max-snippet:-1","max-image-preview":"max-image-preview:large","max-video-preview":"max-video-preview:-1"},"canonical":"https:\/\/informelitoral.com.ar\/la-ramirense-carina-reh-es-la-nueva-directora-del-hospital-san-roque\/","og_locale":"es_ES","og_type":"article","og_title":"La ramirense Carina Reh es la nueva directora del Hospital San Roque - Informe Litoral","og_description":"La designaci\u00f3n fue realizada por la ministra de Salud, Sonia Vel\u00e1zquez y la nueva profesional asumir\u00e1 en los pr\u00f3ximos d\u00edas. El recambio se da tras la renuncia de Marcelo Itharte, a fines de enero.","og_url":"https:\/\/informelitoral.com.ar\/la-ramirense-carina-reh-es-la-nueva-directora-del-hospital-san-roque\/","og_site_name":"Informe Litoral","article_publisher":"https:\/\/www.facebook.com\/informelitoral\/","article_published_time":"2019-03-18T17:13:57+00:00","article_modified_time":"2019-03-18T18:29:38+00:00","og_image":[{"width":1920,"height":1280,"url":"https:\/\/informelitoral.com.ar\/%77%70%2d%63%6f%6e%74%65%6e%74\/uploads\/2019\/03\/IMG_2929.jpg","type":"image\/jpeg"}],"author":"Gonzalo Schmidt","twitter_card":"summary_large_image","twitter_creator":"@InformeLitoral","twitter_site":"@InformeLitoral","twitter_misc":{"Escrito por":"Gonzalo Schmidt","Tiempo de lectura":"4 minutos"},"schema":{"@context":"https:\/\/schema.org","@graph":[{"@type":"Article","@id":"https:\/\/informelitoral.com.ar\/la-ramirense-carina-reh-es-la-nueva-directora-del-hospital-san-roque\/#article","isPartOf":{"@id":"https:\/\/informelitoral.com.ar\/la-ramirense-carina-reh-es-la-nueva-directora-del-hospital-san-roque\/"},"author":{"name":"Gonzalo Schmidt","@id":"https:\/\/informelitoral.com.ar\/#\/schema\/person\/b9d00407c836482871ef1d57bf8e3180"},"headline":"La ramirense Carina Reh es la nueva directora del Hospital San Roque","datePublished":"2019-03-18T17:13:57+00:00","dateModified":"2019-03-18T18:29:38+00:00","mainEntityOfPage":{"@id":"https:\/\/informelitoral.com.ar\/la-ramirense-carina-reh-es-la-nueva-directora-del-hospital-san-roque\/"},"wordCount":766,"commentCount":0,"publisher":{"@id":"https:\/\/informelitoral.com.ar\/#organization"},"image":{"@id":"https:\/\/informelitoral.com.ar\/la-ramirense-carina-reh-es-la-nueva-directora-del-hospital-san-roque\/#primaryimage"},"thumbnailUrl":"https:\/\/informelitoral.com.ar\/%77%70%2d%63%6f%6e%74%65%6e%74\/uploads\/2019\/03\/IMG_2929.jpg","keywords":["Carina Reh","Gobierno provincial","Hospital Nuestra Se\u00f1ora del Luj\u00e1n","Hospital San Roque","Ministerio de Salud","Paran\u00e1","Ram\u00edrez","Salud","Salud p\u00fablica"],"articleSection":["Entre R\u00edos"],"inLanguage":"es","potentialAction":[{"@type":"CommentAction","name":"Comment","target":["https:\/\/informelitoral.com.ar\/la-ramirense-carina-reh-es-la-nueva-directora-del-hospital-san-roque\/#respond"]}]},{"@type":"WebPage","@id":"https:\/\/informelitoral.com.ar\/la-ramirense-carina-reh-es-la-nueva-directora-del-hospital-san-roque\/","url":"https:\/\/informelitoral.com.ar\/la-ramirense-carina-reh-es-la-nueva-directora-del-hospital-san-roque\/","name":"La ramirense Carina Reh es la nueva directora del Hospital San Roque - Informe Litoral","isPartOf":{"@id":"https:\/\/informelitoral.com.ar\/#website"},"primaryImageOfPage":{"@id":"https:\/\/informelitoral.com.ar\/la-ramirense-carina-reh-es-la-nueva-directora-del-hospital-san-roque\/#primaryimage"},"image":{"@id":"https:\/\/informelitoral.com.ar\/la-ramirense-carina-reh-es-la-nueva-directora-del-hospital-san-roque\/#primaryimage"},"thumbnailUrl":"https:\/\/informelitoral.com.ar\/%77%70%2d%63%6f%6e%74%65%6e%74\/uploads\/2019\/03\/IMG_2929.jpg","datePublished":"2019-03-18T17:13:57+00:00","dateModified":"2019-03-18T18:29:38+00:00","breadcrumb":{"@id":"https:\/\/informelitoral.com.ar\/la-ramirense-carina-reh-es-la-nueva-directora-del-hospital-san-roque\/#breadcrumb"},"inLanguage":"es","potentialAction":[{"@type":"ReadAction","target":["https:\/\/informelitoral.com.ar\/la-ramirense-carina-reh-es-la-nueva-directora-del-hospital-san-roque\/"]}]},{"@type":"ImageObject","inLanguage":"es","@id":"https:\/\/informelitoral.com.ar\/la-ramirense-carina-reh-es-la-nueva-directora-del-hospital-san-roque\/#primaryimage","url":"https:\/\/informelitoral.com.ar\/%77%70%2d%63%6f%6e%74%65%6e%74\/uploads\/2019\/03\/IMG_2929.jpg","contentUrl":"https:\/\/informelitoral.com.ar\/%77%70%2d%63%6f%6e%74%65%6e%74\/uploads\/2019\/03\/IMG_2929.jpg","width":1920,"height":1280},{"@type":"BreadcrumbList","@id":"https:\/\/informelitoral.com.ar\/la-ramirense-carina-reh-es-la-nueva-directora-del-hospital-san-roque\/#breadcrumb","itemListElement":[{"@type":"ListItem","position":1,"name":"Portada","item":"https:\/\/informelitoral.com.ar\/"},{"@type":"ListItem","position":2,"name":"La ramirense Carina Reh es la nueva directora del Hospital San Roque"}]},{"@type":"WebSite","@id":"https:\/\/informelitoral.com.ar\/#website","url":"https:\/\/informelitoral.com.ar\/","name":"Informe Litoral","description":"&quot;Nos informamos&quot; ","publisher":{"@id":"https:\/\/informelitoral.com.ar\/#organization"},"potentialAction":[{"@type":"SearchAction","target":{"@type":"EntryPoint","urlTemplate":"https:\/\/informelitoral.com.ar\/?s={search_term_string}"},"query-input":{"@type":"PropertyValueSpecification","valueRequired":true,"valueName":"search_term_string"}}],"inLanguage":"es"},{"@type":"Organization","@id":"https:\/\/informelitoral.com.ar\/#organization","name":"Informe Litoral","url":"https:\/\/informelitoral.com.ar\/","logo":{"@type":"ImageObject","inLanguage":"es","@id":"https:\/\/informelitoral.com.ar\/#\/schema\/logo\/image\/","url":"https:\/\/informelitoral.com.ar\/%77%70%2d%63%6f%6e%74%65%6e%74\/uploads\/2021\/01\/circulo.png","contentUrl":"https:\/\/informelitoral.com.ar\/%77%70%2d%63%6f%6e%74%65%6e%74\/uploads\/2021\/01\/circulo.png","width":723,"height":731,"caption":"Informe Litoral"},"image":{"@id":"https:\/\/informelitoral.com.ar\/#\/schema\/logo\/image\/"},"sameAs":["https:\/\/www.facebook.com\/informelitoral\/","https:\/\/x.com\/InformeLitoral","https:\/\/www.instagram.com\/informelitoral\/","https:\/\/www.youtube.com\/channel\/UCua4Qvz8Icb6MYqhoq9xLXw"]},{"@type":"Person","@id":"https:\/\/informelitoral.com.ar\/#\/schema\/person\/b9d00407c836482871ef1d57bf8e3180","name":"Gonzalo Schmidt","image":{"@type":"ImageObject","inLanguage":"es","@id":"https:\/\/secure.gravatar.com\/avatar\/31a1a7b66ff2de83bd0e9fd79d026630d2d99e55e8bfe501287647b4fd9743de?s=96&d=mm&r=g","url":"https:\/\/secure.gravatar.com\/avatar\/31a1a7b66ff2de83bd0e9fd79d026630d2d99e55e8bfe501287647b4fd9743de?s=96&d=mm&r=g","contentUrl":"https:\/\/secure.gravatar.com\/avatar\/31a1a7b66ff2de83bd0e9fd79d026630d2d99e55e8bfe501287647b4fd9743de?s=96&d=mm&r=g","caption":"Gonzalo Schmidt"},"description":"Sitio web de noticias de la provincia de Entre R\u00edos, Argentina. Informaci\u00f3n y entretenimiento. Informe Litoral, nos informamos.","sameAs":["http:\/\/www.isletasnoticias.com.ar"],"url":"https:\/\/informelitoral.com.ar\/author\/gonzalo\/"}]}},"_links":{"self":[{"href":"https:\/\/informelitoral.com.ar\/%77%70%2d%6a%73%6f%6e\/wp\/v2\/posts\/32545","targetHints":{"allow":["GET"]}}],"collection":[{"href":"https:\/\/informelitoral.com.ar\/%77%70%2d%6a%73%6f%6e\/wp\/v2\/posts"}],"about":[{"href":"https:\/\/informelitoral.com.ar\/%77%70%2d%6a%73%6f%6e\/wp\/v2\/types\/post"}],"author":[{"embeddable":true,"href":"https:\/\/informelitoral.com.ar\/%77%70%2d%6a%73%6f%6e\/wp\/v2\/users\/2"}],"replies":[{"embeddable":true,"href":"https:\/\/informelitoral.com.ar\/%77%70%2d%6a%73%6f%6e\/wp\/v2\/comments?post=32545"}],"version-history":[{"count":0,"href":"https:\/\/informelitoral.com.ar\/%77%70%2d%6a%73%6f%6e\/wp\/v2\/posts\/32545\/revisions"}],"wp:featuredmedia":[{"embeddable":true,"href":"https:\/\/informelitoral.com.ar\/%77%70%2d%6a%73%6f%6e\/wp\/v2\/media\/32546"}],"wp:attachment":[{"href":"https:\/\/informelitoral.com.ar\/%77%70%2d%6a%73%6f%6e\/wp\/v2\/media?parent=32545"}],"wp:term":[{"taxonomy":"category","embeddable":true,"href":"https:\/\/informelitoral.com.ar\/%77%70%2d%6a%73%6f%6e\/wp\/v2\/categories?post=32545"},{"taxonomy":"post_tag","embeddable":true,"href":"https:\/\/informelitoral.com.ar\/%77%70%2d%6a%73%6f%6e\/wp\/v2\/tags?post=32545"}],"curies":[{"name":"wp","href":"https:\/\/api.w.org\/{rel}","templated":true}]}}