{"id":32448,"date":"2019-03-12T08:21:34","date_gmt":"2019-03-12T11:21:34","guid":{"rendered":"https:\/\/www.isletasnoticias.com.ar\/?p=32448"},"modified":"2019-03-12T08:21:34","modified_gmt":"2019-03-12T11:21:34","slug":"con-los-puertos-entrerrianos-operativos-se-reactiva-el-ferrocarril-de-carga","status":"publish","type":"post","link":"https:\/\/informelitoral.com.ar\/con-los-puertos-entrerrianos-operativos-se-reactiva-el-ferrocarril-de-carga\/","title":{"rendered":"Con los puertos entrerrianos operativos, se reactiva el ferrocarril de carga"},"content":{"rendered":"<p>El presidente del Instituto Portuario provincial, <strong>Carlos Schepens<\/strong>, explic\u00f3 que el ferrocarril de carga \u201cse reactiva producto del funcionamiento de los puertos de Entre R\u00edos\u201d. Destac\u00f3 la importancia \u201cde que un tren no se ve\u00eda llegar a Ibicuy en m\u00e1s de 20 a\u00f1os\u201d.<\/p>\n<p>\u201cLa complementariedad entre los distintos sectores de la regi\u00f3n, es un principio, donde las cadenas de valor de la regi\u00f3n encuentran respuestas eficientes y previsibles. Esto exige un compromiso permanente por parte de esta gesti\u00f3n y trabajamos en ese sentido\u00bb, expres\u00f3 el presidente del Ente Portuario. \u00abEl gobernador ha planteado que el apoyo a los productores de madera de la regi\u00f3n, es una pol\u00edtica de este gobierno\u00bb, agreg\u00f3.<a href=\"https:\/\/www.isletasnoticias.com.ar\/%77%70%2d%63%6f%6e%74%65%6e%74\/uploads\/2019\/03\/1552320587jpg.jpg\"><img loading=\"lazy\" decoding=\"async\" class=\"aligncenter wp-image-32450 size-large\" src=\"https:\/\/www.isletasnoticias.com.ar\/%77%70%2d%63%6f%6e%74%65%6e%74\/uploads\/2019\/03\/1552320587jpg-1024x683.jpg\" alt=\"\" width=\"696\" height=\"464\" srcset=\"https:\/\/informelitoral.com.ar\/%77%70%2d%63%6f%6e%74%65%6e%74\/uploads\/2019\/03\/1552320587jpg-1024x683.jpg 1024w, https:\/\/informelitoral.com.ar\/%77%70%2d%63%6f%6e%74%65%6e%74\/uploads\/2019\/03\/1552320587jpg-300x200.jpg 300w, https:\/\/informelitoral.com.ar\/%77%70%2d%63%6f%6e%74%65%6e%74\/uploads\/2019\/03\/1552320587jpg-768x512.jpg 768w, https:\/\/informelitoral.com.ar\/%77%70%2d%63%6f%6e%74%65%6e%74\/uploads\/2019\/03\/1552320587jpg-696x464.jpg 696w, https:\/\/informelitoral.com.ar\/%77%70%2d%63%6f%6e%74%65%6e%74\/uploads\/2019\/03\/1552320587jpg-1068x712.jpg 1068w, https:\/\/informelitoral.com.ar\/%77%70%2d%63%6f%6e%74%65%6e%74\/uploads\/2019\/03\/1552320587jpg-630x420.jpg 630w, https:\/\/informelitoral.com.ar\/%77%70%2d%63%6f%6e%74%65%6e%74\/uploads\/2019\/03\/1552320587jpg.jpg 1920w\" sizes=\"auto, (max-width: 696px) 100vw, 696px\" \/><\/a>En ese sentido, destac\u00f3 la importancia de \u201cla complementariedad de los puertos, porque los barcos se van a cargar la primera etapa en Concepci\u00f3n del Uruguay y se termina la segunda etapa en Ibicuy porque la parte comercial as\u00ed lo indica, que los dos puertos est\u00e9n trabajando en la complementariedad, es el fruto de una decisi\u00f3n pol\u00edtica que lleg\u00f3 para quedarse, primero con la reactivaci\u00f3n de los puertos y despu\u00e9s con la reactivaci\u00f3n del ferrocarril de carga que va de la mano de los puertos\u201d.<\/p>\n<p>\u201cArmonizar las pol\u00edticas p\u00fablicas portuarias, va de la mano con las tareas de complementariedad portuaria, es por ello que en este caso al reactivar el puerto de Ibicuy y de Concepci\u00f3n del Uruguay ha traccionado y ordenado el transporte multimodal efectuando una baja de costos en la cadena log\u00edstica como as\u00ed tambi\u00e9n haci\u00e9ndola m\u00e1s efectiva. En este caso concreto la puesta en marcha de los puertos hizo que r\u00e1pidamente se alarguen las distancias y se achiquen los costos\u201d, dijo.<\/p>\n<p>Asimismo, y en el mismo sentido de reactivaci\u00f3n portuaria, los puertos de la Paz y Diamante, se encuentran trabajando fuertemente, a partir de la carga permanente de barcazas con cereales, consolidando el sistema portuario provincial, en pos del desarrollo de las cadenas productivas de la zona.<\/p>\n<p>\u00abEl sistema portuario crece sostenidamente, en consonancia con lo planteado por el gobernador Gustavo Bordet, y avanza dando los frutos esperados y con claras perspectivas de mejora para todos los sectores involucrados\u00bb, aclar\u00f3 Schepens.<\/p>\n<p><strong>Gestiones<\/strong><\/p>\n<p>Schepens, explic\u00f3 que \u201ca partir de de que los puertos de Entre R\u00edos empezaron a cargar madera en Concepci\u00f3n del Uruguay y pr\u00f3ximamente en Ibicuy, estuvimos en Montevideo en una reuni\u00f3n viendo el modus operandi que ten\u00edan, que era importante el que ten\u00eda la cadena de la madera a partir del rollizo de pino y el mercado chino\u201d.<\/p>\n<p>Desde ese punto, \u201ctomamos contacto con las empresas que estaban haciendo ese tipo de trabajo y empezamos a intercambiar datos, luego los invitamos a que vengan y una vez que vinieron y confirmaron todos los datos que ten\u00edan, empezaron a operar primero desde Concepci\u00f3n del Uruguay en complementariedad con Montevideo\u201d.<\/p>\n<p>\u201cUna vez que el sistema comenz\u00f3 a funcionar, necesitaron ir cada vez m\u00e1s al norte y no solo se requiere madera de la zona de Concordia, sino tambi\u00e9n de la zona de Corrientes; en esta primera etapa de la zona de Paso de los Libres y Tapebicu\u00e1, para lo cual se necesitaba utilizar el ferrocarril\u201d, continu\u00f3.<\/p>\n<p>Fue a partir de de ah\u00ed que se \u201cdelinearon una serie de gestiones por parte de la empresa Urcel Argentina que es la empresa que est\u00e1 llevando a cabo las exportaciones desde ac\u00e1, y despu\u00e9s de una serie de negociaciones, se carg\u00f3 el primer tren que lleg\u00f3 a la Estaci\u00f3n Holt de Puerto Ibicuy, con el primer cargamento de 1.200 toneladas de madera, alrededor de 40 vagones\u201d. Y prosigui\u00f3: \u201cEn ese mismo momento en que estaba el tren llegando a Ibicuy, pr\u00e1cticamente estaba llegando la nueva formaci\u00f3n a Tapebicu\u00e1 para cargar la segunda vuelta de madera\u201d.<\/p>\n<p>Schepens detall\u00f3 que \u201chay un contrato entre la empresa Urcel Argentina y Ferrocarriles Argentinos de 200.000 toneladas al principio, con lo cual se asegura que el ferrocarril de carga va a conectar las dos localidades por un tiempo importante\u201d.<\/p>\n<p>A su vez, \u201chay otras cadenas de valor, como la del arroz, que tienen mucha importancia en la zona de Paso de los Libres, que ha pedido cotizaci\u00f3n y la posibilidad de que le dejen vagones a la carga en la zona de Corrientes para acercarlos a los puertos, en principio al puerto de Ibicuy y despu\u00e9s probablemente a los otros\u201d.<\/p>\n<p>\u201cEs decir que la puesta en marcha de los puertos entrerrianos ha permitido que el transporte multimodal, el cami\u00f3n desde el campo hasta el ferrocarril al principio o hasta los puertos y despu\u00e9s los puertos al transporte de ultramar, hagan que cadenas de valor que pr\u00e1cticamente estaban estancadas, se pusieran en marcha y con un nivel muy importante; y a su vez sirvan de tracci\u00f3n para el transporte multimodal que baje los costos del round trip del transporte, y baje los costos finales de la log\u00edstica que es una de las partes m\u00e1s importantes que tiene el sistema productivo\u201d, valor\u00f3.<\/p>\n<p>\u201cPara llegar a esto lo que se necesit\u00f3 fue una decisi\u00f3n pol\u00edtica fuerte, en el momento en que no se dej\u00f3 dudar respecto a dragado del r\u00edo Uruguay\u201d, asegur\u00f3.<\/p>\n<p>En ese marco, puntualiz\u00f3 que \u201cya vamos por el sexto barco que se est\u00e1 cargando y se termina de cargar este martes y sale para Ibicuy, cuando llegue ah\u00ed el jueves se har\u00e1 la carga de este barco en el nuevo ciclo del puerto de Ibicuy, inmediatamente ya hay depositada madera, que ha ido en camiones y en tren para el segundo barco de madera, todo ello porque tambi\u00e9n ha habido una fuerte decisi\u00f3n pol\u00edtica respecto a la puesta en valor del puerto de Ibicuy\u201d.<\/p>\n<p>\u201cEl puerto de Concepci\u00f3n del Uruguay est\u00e1 cargando arroz, inmediatamente que sale ese barco de arroz para Irak, entra un barco de madera para China, y despu\u00e9s de ese inmediatamente entra un barco granelero a cargar arroz para Costa Rica\u201d, complet\u00f3.<\/p>\n<p>Asimismo, indic\u00f3 que hay 120 personas trabajando por turno, \u201cpor lo que en un d\u00eda normal hay m\u00e1s de 240 personas trabajando en el puerto, m\u00e1s lo que se trabaja en los molinos y en los galpones de embolsado del puerto. En el caso de la madera, hay 100 personas por d\u00eda m\u00e1s alrededor de 240 personas, lo que es en el monte para poder implantar el trabajo, los montes son implantados, no naturales\u201d.<\/p>\n","protected":false},"excerpt":{"rendered":"<p>Un tren con rollizos de pino proveniente de Tapebicu\u00e1 (Corrientes) con destino al puerto de Ibicuy arrib\u00f3 a la Estaci\u00f3n Holt, que no funcionaba desde hac\u00eda m\u00e1s de 21 a\u00f1os. La madera se cargar\u00e1 en el puerto Ibicuy y su destino final ser\u00e1 China.<\/p>\n","protected":false},"author":2,"featured_media":32449,"comment_status":"open","ping_status":"open","sticky":false,"template":"","format":"standard","meta":{"fifu_image_url":"","fifu_image_alt":"","footnotes":""},"categories":[6],"tags":[81,83,120],"class_list":{"0":"post-32448","1":"post","2":"type-post","3":"status-publish","4":"format-standard","5":"has-post-thumbnail","7":"category-entre-rios","8":"tag-entre-rios","9":"tag-exportaciones","10":"tag-produccion"},"yoast_head":"<title>Con los puertos entrerrianos operativos, se reactiva el ferrocarril de carga - Informe Litoral<\/title>\n<meta name=\"robots\" content=\"index, follow, max-snippet:-1, max-image-preview:large, max-video-preview:-1\" \/>\n<link rel=\"canonical\" href=\"https:\/\/informelitoral.com.ar\/con-los-puertos-entrerrianos-operativos-se-reactiva-el-ferrocarril-de-carga\/\" \/>\n<meta property=\"og:locale\" content=\"es_ES\" \/>\n<meta property=\"og:type\" content=\"article\" \/>\n<meta property=\"og:title\" content=\"Con los puertos entrerrianos operativos, se reactiva el ferrocarril de carga - Informe Litoral\" \/>\n<meta property=\"og:description\" content=\"Un tren con rollizos de pino proveniente de Tapebicu\u00e1 (Corrientes) con destino al puerto de Ibicuy arrib\u00f3 a la Estaci\u00f3n Holt, que no funcionaba desde hac\u00eda m\u00e1s de 21 a\u00f1os. La madera se cargar\u00e1 en el puerto Ibicuy y su destino final ser\u00e1 China.\" \/>\n<meta property=\"og:url\" content=\"https:\/\/informelitoral.com.ar\/con-los-puertos-entrerrianos-operativos-se-reactiva-el-ferrocarril-de-carga\/\" \/>\n<meta property=\"og:site_name\" content=\"Informe Litoral\" \/>\n<meta property=\"article:publisher\" content=\"https:\/\/www.facebook.com\/informelitoral\/\" \/>\n<meta property=\"article:published_time\" content=\"2019-03-12T11:21:34+00:00\" \/>\n<meta property=\"og:image\" content=\"https:\/\/informelitoral.com.ar\/%77%70%2d%63%6f%6e%74%65%6e%74\/uploads\/2019\/03\/1552320458jpg.jpg\" \/>\n\t<meta property=\"og:image:width\" content=\"1920\" \/>\n\t<meta property=\"og:image:height\" content=\"1280\" \/>\n\t<meta property=\"og:image:type\" content=\"image\/jpeg\" \/>\n<meta name=\"author\" content=\"Gonzalo Schmidt\" \/>\n<meta name=\"twitter:card\" content=\"summary_large_image\" \/>\n<meta name=\"twitter:creator\" content=\"@InformeLitoral\" \/>\n<meta name=\"twitter:site\" content=\"@InformeLitoral\" \/>\n<meta name=\"twitter:label1\" content=\"Escrito por\" \/>\n\t<meta name=\"twitter:data1\" content=\"Gonzalo Schmidt\" \/>\n\t<meta name=\"twitter:label2\" content=\"Tiempo de lectura\" \/>\n\t<meta name=\"twitter:data2\" content=\"5 minutos\" \/>\n<script type=\"application\/ld+json\" class=\"yoast-schema-graph\">{\"@context\":\"https:\\\/\\\/schema.org\",\"@graph\":[{\"@type\":\"Article\",\"@id\":\"https:\\\/\\\/informelitoral.com.ar\\\/con-los-puertos-entrerrianos-operativos-se-reactiva-el-ferrocarril-de-carga\\\/#article\",\"isPartOf\":{\"@id\":\"https:\\\/\\\/informelitoral.com.ar\\\/con-los-puertos-entrerrianos-operativos-se-reactiva-el-ferrocarril-de-carga\\\/\"},\"author\":{\"name\":\"Gonzalo Schmidt\",\"@id\":\"https:\\\/\\\/informelitoral.com.ar\\\/#\\\/schema\\\/person\\\/b9d00407c836482871ef1d57bf8e3180\"},\"headline\":\"Con los puertos entrerrianos operativos, se reactiva el ferrocarril de carga\",\"datePublished\":\"2019-03-12T11:21:34+00:00\",\"mainEntityOfPage\":{\"@id\":\"https:\\\/\\\/informelitoral.com.ar\\\/con-los-puertos-entrerrianos-operativos-se-reactiva-el-ferrocarril-de-carga\\\/\"},\"wordCount\":1108,\"commentCount\":0,\"publisher\":{\"@id\":\"https:\\\/\\\/informelitoral.com.ar\\\/#organization\"},\"image\":{\"@id\":\"https:\\\/\\\/informelitoral.com.ar\\\/con-los-puertos-entrerrianos-operativos-se-reactiva-el-ferrocarril-de-carga\\\/#primaryimage\"},\"thumbnailUrl\":\"https:\\\/\\\/informelitoral.com.ar\\\/%77%70%2d%63%6f%6e%74%65%6e%74\\\/uploads\\\/2019\\\/03\\\/1552320458jpg.jpg\",\"keywords\":[\"Entre R\u00edos\",\"Exportaciones\",\"Producci\u00f3n\"],\"articleSection\":[\"Entre R\u00edos\"],\"inLanguage\":\"es\",\"potentialAction\":[{\"@type\":\"CommentAction\",\"name\":\"Comment\",\"target\":[\"https:\\\/\\\/informelitoral.com.ar\\\/con-los-puertos-entrerrianos-operativos-se-reactiva-el-ferrocarril-de-carga\\\/#respond\"]}]},{\"@type\":\"WebPage\",\"@id\":\"https:\\\/\\\/informelitoral.com.ar\\\/con-los-puertos-entrerrianos-operativos-se-reactiva-el-ferrocarril-de-carga\\\/\",\"url\":\"https:\\\/\\\/informelitoral.com.ar\\\/con-los-puertos-entrerrianos-operativos-se-reactiva-el-ferrocarril-de-carga\\\/\",\"name\":\"Con los puertos entrerrianos operativos, se reactiva el ferrocarril de carga - Informe Litoral\",\"isPartOf\":{\"@id\":\"https:\\\/\\\/informelitoral.com.ar\\\/#website\"},\"primaryImageOfPage\":{\"@id\":\"https:\\\/\\\/informelitoral.com.ar\\\/con-los-puertos-entrerrianos-operativos-se-reactiva-el-ferrocarril-de-carga\\\/#primaryimage\"},\"image\":{\"@id\":\"https:\\\/\\\/informelitoral.com.ar\\\/con-los-puertos-entrerrianos-operativos-se-reactiva-el-ferrocarril-de-carga\\\/#primaryimage\"},\"thumbnailUrl\":\"https:\\\/\\\/informelitoral.com.ar\\\/%77%70%2d%63%6f%6e%74%65%6e%74\\\/uploads\\\/2019\\\/03\\\/1552320458jpg.jpg\",\"datePublished\":\"2019-03-12T11:21:34+00:00\",\"breadcrumb\":{\"@id\":\"https:\\\/\\\/informelitoral.com.ar\\\/con-los-puertos-entrerrianos-operativos-se-reactiva-el-ferrocarril-de-carga\\\/#breadcrumb\"},\"inLanguage\":\"es\",\"potentialAction\":[{\"@type\":\"ReadAction\",\"target\":[\"https:\\\/\\\/informelitoral.com.ar\\\/con-los-puertos-entrerrianos-operativos-se-reactiva-el-ferrocarril-de-carga\\\/\"]}]},{\"@type\":\"ImageObject\",\"inLanguage\":\"es\",\"@id\":\"https:\\\/\\\/informelitoral.com.ar\\\/con-los-puertos-entrerrianos-operativos-se-reactiva-el-ferrocarril-de-carga\\\/#primaryimage\",\"url\":\"https:\\\/\\\/informelitoral.com.ar\\\/%77%70%2d%63%6f%6e%74%65%6e%74\\\/uploads\\\/2019\\\/03\\\/1552320458jpg.jpg\",\"contentUrl\":\"https:\\\/\\\/informelitoral.com.ar\\\/%77%70%2d%63%6f%6e%74%65%6e%74\\\/uploads\\\/2019\\\/03\\\/1552320458jpg.jpg\",\"width\":1920,\"height\":1280},{\"@type\":\"BreadcrumbList\",\"@id\":\"https:\\\/\\\/informelitoral.com.ar\\\/con-los-puertos-entrerrianos-operativos-se-reactiva-el-ferrocarril-de-carga\\\/#breadcrumb\",\"itemListElement\":[{\"@type\":\"ListItem\",\"position\":1,\"name\":\"Portada\",\"item\":\"https:\\\/\\\/informelitoral.com.ar\\\/\"},{\"@type\":\"ListItem\",\"position\":2,\"name\":\"Con los puertos entrerrianos operativos, se reactiva el ferrocarril de carga\"}]},{\"@type\":\"WebSite\",\"@id\":\"https:\\\/\\\/informelitoral.com.ar\\\/#website\",\"url\":\"https:\\\/\\\/informelitoral.com.ar\\\/\",\"name\":\"Informe Litoral\",\"description\":\"&quot;Nos informamos&quot; \",\"publisher\":{\"@id\":\"https:\\\/\\\/informelitoral.com.ar\\\/#organization\"},\"potentialAction\":[{\"@type\":\"SearchAction\",\"target\":{\"@type\":\"EntryPoint\",\"urlTemplate\":\"https:\\\/\\\/informelitoral.com.ar\\\/?s={search_term_string}\"},\"query-input\":{\"@type\":\"PropertyValueSpecification\",\"valueRequired\":true,\"valueName\":\"search_term_string\"}}],\"inLanguage\":\"es\"},{\"@type\":\"Organization\",\"@id\":\"https:\\\/\\\/informelitoral.com.ar\\\/#organization\",\"name\":\"Informe Litoral\",\"url\":\"https:\\\/\\\/informelitoral.com.ar\\\/\",\"logo\":{\"@type\":\"ImageObject\",\"inLanguage\":\"es\",\"@id\":\"https:\\\/\\\/informelitoral.com.ar\\\/#\\\/schema\\\/logo\\\/image\\\/\",\"url\":\"https:\\\/\\\/informelitoral.com.ar\\\/%77%70%2d%63%6f%6e%74%65%6e%74\\\/uploads\\\/2021\\\/01\\\/circulo.png\",\"contentUrl\":\"https:\\\/\\\/informelitoral.com.ar\\\/%77%70%2d%63%6f%6e%74%65%6e%74\\\/uploads\\\/2021\\\/01\\\/circulo.png\",\"width\":723,\"height\":731,\"caption\":\"Informe Litoral\"},\"image\":{\"@id\":\"https:\\\/\\\/informelitoral.com.ar\\\/#\\\/schema\\\/logo\\\/image\\\/\"},\"sameAs\":[\"https:\\\/\\\/www.facebook.com\\\/informelitoral\\\/\",\"https:\\\/\\\/x.com\\\/InformeLitoral\",\"https:\\\/\\\/www.instagram.com\\\/informelitoral\\\/\",\"https:\\\/\\\/www.youtube.com\\\/channel\\\/UCua4Qvz8Icb6MYqhoq9xLXw\"]},{\"@type\":\"Person\",\"@id\":\"https:\\\/\\\/informelitoral.com.ar\\\/#\\\/schema\\\/person\\\/b9d00407c836482871ef1d57bf8e3180\",\"name\":\"Gonzalo Schmidt\",\"image\":{\"@type\":\"ImageObject\",\"inLanguage\":\"es\",\"@id\":\"https:\\\/\\\/secure.gravatar.com\\\/avatar\\\/31a1a7b66ff2de83bd0e9fd79d026630d2d99e55e8bfe501287647b4fd9743de?s=96&d=mm&r=g\",\"url\":\"https:\\\/\\\/secure.gravatar.com\\\/avatar\\\/31a1a7b66ff2de83bd0e9fd79d026630d2d99e55e8bfe501287647b4fd9743de?s=96&d=mm&r=g\",\"contentUrl\":\"https:\\\/\\\/secure.gravatar.com\\\/avatar\\\/31a1a7b66ff2de83bd0e9fd79d026630d2d99e55e8bfe501287647b4fd9743de?s=96&d=mm&r=g\",\"caption\":\"Gonzalo Schmidt\"},\"description\":\"Sitio web de noticias de la provincia de Entre R\u00edos, Argentina. Informaci\u00f3n y entretenimiento. Informe Litoral, nos informamos.\",\"sameAs\":[\"http:\\\/\\\/www.isletasnoticias.com.ar\"],\"url\":\"https:\\\/\\\/informelitoral.com.ar\\\/author\\\/gonzalo\\\/\"}]}<\/script>","yoast_head_json":{"title":"Con los puertos entrerrianos operativos, se reactiva el ferrocarril de carga - Informe Litoral","robots":{"index":"index","follow":"follow","max-snippet":"max-snippet:-1","max-image-preview":"max-image-preview:large","max-video-preview":"max-video-preview:-1"},"canonical":"https:\/\/informelitoral.com.ar\/con-los-puertos-entrerrianos-operativos-se-reactiva-el-ferrocarril-de-carga\/","og_locale":"es_ES","og_type":"article","og_title":"Con los puertos entrerrianos operativos, se reactiva el ferrocarril de carga - Informe Litoral","og_description":"Un tren con rollizos de pino proveniente de Tapebicu\u00e1 (Corrientes) con destino al puerto de Ibicuy arrib\u00f3 a la Estaci\u00f3n Holt, que no funcionaba desde hac\u00eda m\u00e1s de 21 a\u00f1os. La madera se cargar\u00e1 en el puerto Ibicuy y su destino final ser\u00e1 China.","og_url":"https:\/\/informelitoral.com.ar\/con-los-puertos-entrerrianos-operativos-se-reactiva-el-ferrocarril-de-carga\/","og_site_name":"Informe Litoral","article_publisher":"https:\/\/www.facebook.com\/informelitoral\/","article_published_time":"2019-03-12T11:21:34+00:00","og_image":[{"width":1920,"height":1280,"url":"https:\/\/informelitoral.com.ar\/%77%70%2d%63%6f%6e%74%65%6e%74\/uploads\/2019\/03\/1552320458jpg.jpg","type":"image\/jpeg"}],"author":"Gonzalo Schmidt","twitter_card":"summary_large_image","twitter_creator":"@InformeLitoral","twitter_site":"@InformeLitoral","twitter_misc":{"Escrito por":"Gonzalo Schmidt","Tiempo de lectura":"5 minutos"},"schema":{"@context":"https:\/\/schema.org","@graph":[{"@type":"Article","@id":"https:\/\/informelitoral.com.ar\/con-los-puertos-entrerrianos-operativos-se-reactiva-el-ferrocarril-de-carga\/#article","isPartOf":{"@id":"https:\/\/informelitoral.com.ar\/con-los-puertos-entrerrianos-operativos-se-reactiva-el-ferrocarril-de-carga\/"},"author":{"name":"Gonzalo Schmidt","@id":"https:\/\/informelitoral.com.ar\/#\/schema\/person\/b9d00407c836482871ef1d57bf8e3180"},"headline":"Con los puertos entrerrianos operativos, se reactiva el ferrocarril de carga","datePublished":"2019-03-12T11:21:34+00:00","mainEntityOfPage":{"@id":"https:\/\/informelitoral.com.ar\/con-los-puertos-entrerrianos-operativos-se-reactiva-el-ferrocarril-de-carga\/"},"wordCount":1108,"commentCount":0,"publisher":{"@id":"https:\/\/informelitoral.com.ar\/#organization"},"image":{"@id":"https:\/\/informelitoral.com.ar\/con-los-puertos-entrerrianos-operativos-se-reactiva-el-ferrocarril-de-carga\/#primaryimage"},"thumbnailUrl":"https:\/\/informelitoral.com.ar\/%77%70%2d%63%6f%6e%74%65%6e%74\/uploads\/2019\/03\/1552320458jpg.jpg","keywords":["Entre R\u00edos","Exportaciones","Producci\u00f3n"],"articleSection":["Entre R\u00edos"],"inLanguage":"es","potentialAction":[{"@type":"CommentAction","name":"Comment","target":["https:\/\/informelitoral.com.ar\/con-los-puertos-entrerrianos-operativos-se-reactiva-el-ferrocarril-de-carga\/#respond"]}]},{"@type":"WebPage","@id":"https:\/\/informelitoral.com.ar\/con-los-puertos-entrerrianos-operativos-se-reactiva-el-ferrocarril-de-carga\/","url":"https:\/\/informelitoral.com.ar\/con-los-puertos-entrerrianos-operativos-se-reactiva-el-ferrocarril-de-carga\/","name":"Con los puertos entrerrianos operativos, se reactiva el ferrocarril de carga - Informe Litoral","isPartOf":{"@id":"https:\/\/informelitoral.com.ar\/#website"},"primaryImageOfPage":{"@id":"https:\/\/informelitoral.com.ar\/con-los-puertos-entrerrianos-operativos-se-reactiva-el-ferrocarril-de-carga\/#primaryimage"},"image":{"@id":"https:\/\/informelitoral.com.ar\/con-los-puertos-entrerrianos-operativos-se-reactiva-el-ferrocarril-de-carga\/#primaryimage"},"thumbnailUrl":"https:\/\/informelitoral.com.ar\/%77%70%2d%63%6f%6e%74%65%6e%74\/uploads\/2019\/03\/1552320458jpg.jpg","datePublished":"2019-03-12T11:21:34+00:00","breadcrumb":{"@id":"https:\/\/informelitoral.com.ar\/con-los-puertos-entrerrianos-operativos-se-reactiva-el-ferrocarril-de-carga\/#breadcrumb"},"inLanguage":"es","potentialAction":[{"@type":"ReadAction","target":["https:\/\/informelitoral.com.ar\/con-los-puertos-entrerrianos-operativos-se-reactiva-el-ferrocarril-de-carga\/"]}]},{"@type":"ImageObject","inLanguage":"es","@id":"https:\/\/informelitoral.com.ar\/con-los-puertos-entrerrianos-operativos-se-reactiva-el-ferrocarril-de-carga\/#primaryimage","url":"https:\/\/informelitoral.com.ar\/%77%70%2d%63%6f%6e%74%65%6e%74\/uploads\/2019\/03\/1552320458jpg.jpg","contentUrl":"https:\/\/informelitoral.com.ar\/%77%70%2d%63%6f%6e%74%65%6e%74\/uploads\/2019\/03\/1552320458jpg.jpg","width":1920,"height":1280},{"@type":"BreadcrumbList","@id":"https:\/\/informelitoral.com.ar\/con-los-puertos-entrerrianos-operativos-se-reactiva-el-ferrocarril-de-carga\/#breadcrumb","itemListElement":[{"@type":"ListItem","position":1,"name":"Portada","item":"https:\/\/informelitoral.com.ar\/"},{"@type":"ListItem","position":2,"name":"Con los puertos entrerrianos operativos, se reactiva el ferrocarril de carga"}]},{"@type":"WebSite","@id":"https:\/\/informelitoral.com.ar\/#website","url":"https:\/\/informelitoral.com.ar\/","name":"Informe Litoral","description":"&quot;Nos informamos&quot; ","publisher":{"@id":"https:\/\/informelitoral.com.ar\/#organization"},"potentialAction":[{"@type":"SearchAction","target":{"@type":"EntryPoint","urlTemplate":"https:\/\/informelitoral.com.ar\/?s={search_term_string}"},"query-input":{"@type":"PropertyValueSpecification","valueRequired":true,"valueName":"search_term_string"}}],"inLanguage":"es"},{"@type":"Organization","@id":"https:\/\/informelitoral.com.ar\/#organization","name":"Informe Litoral","url":"https:\/\/informelitoral.com.ar\/","logo":{"@type":"ImageObject","inLanguage":"es","@id":"https:\/\/informelitoral.com.ar\/#\/schema\/logo\/image\/","url":"https:\/\/informelitoral.com.ar\/%77%70%2d%63%6f%6e%74%65%6e%74\/uploads\/2021\/01\/circulo.png","contentUrl":"https:\/\/informelitoral.com.ar\/%77%70%2d%63%6f%6e%74%65%6e%74\/uploads\/2021\/01\/circulo.png","width":723,"height":731,"caption":"Informe Litoral"},"image":{"@id":"https:\/\/informelitoral.com.ar\/#\/schema\/logo\/image\/"},"sameAs":["https:\/\/www.facebook.com\/informelitoral\/","https:\/\/x.com\/InformeLitoral","https:\/\/www.instagram.com\/informelitoral\/","https:\/\/www.youtube.com\/channel\/UCua4Qvz8Icb6MYqhoq9xLXw"]},{"@type":"Person","@id":"https:\/\/informelitoral.com.ar\/#\/schema\/person\/b9d00407c836482871ef1d57bf8e3180","name":"Gonzalo Schmidt","image":{"@type":"ImageObject","inLanguage":"es","@id":"https:\/\/secure.gravatar.com\/avatar\/31a1a7b66ff2de83bd0e9fd79d026630d2d99e55e8bfe501287647b4fd9743de?s=96&d=mm&r=g","url":"https:\/\/secure.gravatar.com\/avatar\/31a1a7b66ff2de83bd0e9fd79d026630d2d99e55e8bfe501287647b4fd9743de?s=96&d=mm&r=g","contentUrl":"https:\/\/secure.gravatar.com\/avatar\/31a1a7b66ff2de83bd0e9fd79d026630d2d99e55e8bfe501287647b4fd9743de?s=96&d=mm&r=g","caption":"Gonzalo Schmidt"},"description":"Sitio web de noticias de la provincia de Entre R\u00edos, Argentina. Informaci\u00f3n y entretenimiento. Informe Litoral, nos informamos.","sameAs":["http:\/\/www.isletasnoticias.com.ar"],"url":"https:\/\/informelitoral.com.ar\/author\/gonzalo\/"}]}},"_links":{"self":[{"href":"https:\/\/informelitoral.com.ar\/%77%70%2d%6a%73%6f%6e\/wp\/v2\/posts\/32448","targetHints":{"allow":["GET"]}}],"collection":[{"href":"https:\/\/informelitoral.com.ar\/%77%70%2d%6a%73%6f%6e\/wp\/v2\/posts"}],"about":[{"href":"https:\/\/informelitoral.com.ar\/%77%70%2d%6a%73%6f%6e\/wp\/v2\/types\/post"}],"author":[{"embeddable":true,"href":"https:\/\/informelitoral.com.ar\/%77%70%2d%6a%73%6f%6e\/wp\/v2\/users\/2"}],"replies":[{"embeddable":true,"href":"https:\/\/informelitoral.com.ar\/%77%70%2d%6a%73%6f%6e\/wp\/v2\/comments?post=32448"}],"version-history":[{"count":0,"href":"https:\/\/informelitoral.com.ar\/%77%70%2d%6a%73%6f%6e\/wp\/v2\/posts\/32448\/revisions"}],"wp:featuredmedia":[{"embeddable":true,"href":"https:\/\/informelitoral.com.ar\/%77%70%2d%6a%73%6f%6e\/wp\/v2\/media\/32449"}],"wp:attachment":[{"href":"https:\/\/informelitoral.com.ar\/%77%70%2d%6a%73%6f%6e\/wp\/v2\/media?parent=32448"}],"wp:term":[{"taxonomy":"category","embeddable":true,"href":"https:\/\/informelitoral.com.ar\/%77%70%2d%6a%73%6f%6e\/wp\/v2\/categories?post=32448"},{"taxonomy":"post_tag","embeddable":true,"href":"https:\/\/informelitoral.com.ar\/%77%70%2d%6a%73%6f%6e\/wp\/v2\/tags?post=32448"}],"curies":[{"name":"wp","href":"https:\/\/api.w.org\/{rel}","templated":true}]}}