{"id":32381,"date":"2019-03-08T11:57:45","date_gmt":"2019-03-08T14:57:45","guid":{"rendered":"https:\/\/www.isletasnoticias.com.ar\/?p=32381"},"modified":"2019-03-08T11:57:45","modified_gmt":"2019-03-08T14:57:45","slug":"comienza-el-cronograma-de-pagos-de-becas-provinciales-2","status":"publish","type":"post","link":"https:\/\/informelitoral.com.ar\/comienza-el-cronograma-de-pagos-de-becas-provinciales-2\/","title":{"rendered":"Comienza el cronograma de pagos de becas provinciales"},"content":{"rendered":"<article id=\"article-post\" class=\"first\">\n<div class=\"cuerpo\" data-twitter-link=\"https:\/\/twitter.com\/intent\/tweet?url=https:\/\/ahora.com.ar\/c4172625&amp;via=PlataformaAhora&amp;related=Ahora&amp;text=\">\n<p>Comienza el\u00a0<strong>pago de becas del Instituto Becario Provincial a beneficiarios Terciarios y Universitarios\u00a0<\/strong>que vienen cobrando la beca desde agosto de 2018. Como es habitual, se abonar\u00e1 por tramos y los estudiantes retirar\u00e1n el dinero a trav\u00e9s de cajeros autom\u00e1ticos. Ser\u00e1<strong>\u00a0desde este viernes para quienes tienen finalizaci\u00f3n de DNI en 0 y 1<\/strong>.<\/p>\n<p>La Directora Ejecutiva del Instituto Becario,\u00a0<strong>Claudia Gieco<\/strong>, inform\u00f3 que \u201cdesde este viernes y<strong>\u00a0hasta el jueves 14 se extender\u00e1 el\u00a0cronograma de pagos<\/strong>; el primero de este 2019 y que est\u00e1 destinado a estudiantes de nivel superior que vienen percibiendo sus becas desde agosto de 2018\u201d.<\/p>\n<\/div>\n<\/article>\n<article id=\"article-post\">\n<div class=\"cuerpo\" data-twitter-link=\"https:\/\/twitter.com\/intent\/tweet?url=https:\/\/ahora.com.ar\/c4172625&amp;via=PlataformaAhora&amp;related=Ahora&amp;text=\">\n<p>Cabe recordar que \u201cel Instituto cambi\u00f3 el formato de adjudicaci\u00f3n, bas\u00e1ndose en cuatro beneficios para el estudiantado. Se cobra diciembre, se perciben nueve meses en total, se comienza el a\u00f1o lectivo como becado sin presentar papeles en febrero y marzo, y se cuenta con las mesas de ex\u00e1menes de mayo para rendir alguna materia m\u00e1s para alcanzar el rendimiento acad\u00e9mico que requiere nuestro reglamento\u201d, describi\u00f3 Gieco.<\/p>\n<p>Por ello,\u00a0<strong>todos los estudiantes Terciarios y Universitarios cobrar\u00e1n marzo, en cinco tramos, por finalizaci\u00f3n de DNI<\/strong>\u00a0como est\u00e1 acostumbrado a abonar el Instituto con el agente financiero Banco Entre R\u00edos. La beca se deposita y el alumno la retira a trav\u00e9s del cajero autom\u00e1tico m\u00e1s cercano (preferentemente del banco mencionado para que no haya retenciones de ning\u00fan tipo).<\/p>\n<p>Por otra parte,\u00a0<strong>el lunes 11 comienza la distribuci\u00f3n de solicitudes nuevas<\/strong>, por lo que todos los interesados podr\u00e1n acercarse a retirar s\u00f3lo con el documento. Tendr\u00e1n plazo para completarlo y entregarlo en la \u00faltima semana de mayo. Quienes tienen que recibir su solicitud de renovaci\u00f3n, siempre hablando de terciarios y universitarios, lo har\u00e1n en los pr\u00f3ximos 10 d\u00edas h\u00e1biles en su Casa de Altos Estudios, a excepci\u00f3n de quienes estudian fuera de la provincia.<\/p>\n<h3><strong>Cronograma<\/strong><\/h3>\n<p>&#8211; Viernes 08\/03 DNI 0 y 1<\/p>\n<p>&#8211; Lunes 11\/03 DNI 2 y 3<\/p>\n<p>&#8211; Martes 12\/03 DNI 4 y 5<\/p>\n<p>&#8211; Mi\u00e9rcoles 13\/03 DNI 6 y 7<\/p>\n<p>&#8211; Jueves 14\/03 DNI 8 y 9<\/p>\n<\/div>\n<\/article>\n","protected":false},"excerpt":{"rendered":"<p>Este viernes inicia el pago de las becas del Inaubepro.<\/p>\n","protected":false},"author":2,"featured_media":24713,"comment_status":"open","ping_status":"open","sticky":false,"template":"","format":"standard","meta":{"fifu_image_url":"","fifu_image_alt":"","footnotes":""},"categories":[6],"tags":[381,122,418],"class_list":{"0":"post-32381","1":"post","2":"type-post","3":"status-publish","4":"format-standard","5":"has-post-thumbnail","7":"category-entre-rios","8":"tag-becas","9":"tag-cronograma-de-pagos","10":"tag-instituto-becario"},"yoast_head":"<title>Comienza el cronograma de pagos de becas provinciales - Informe Litoral<\/title>\n<meta name=\"robots\" content=\"index, follow, max-snippet:-1, max-image-preview:large, max-video-preview:-1\" \/>\n<link rel=\"canonical\" href=\"https:\/\/informelitoral.com.ar\/comienza-el-cronograma-de-pagos-de-becas-provinciales-2\/\" \/>\n<meta property=\"og:locale\" content=\"es_ES\" \/>\n<meta property=\"og:type\" content=\"article\" \/>\n<meta property=\"og:title\" content=\"Comienza el cronograma de pagos de becas provinciales - Informe Litoral\" \/>\n<meta property=\"og:description\" content=\"Este viernes inicia el pago de las becas del Inaubepro.\" \/>\n<meta property=\"og:url\" content=\"https:\/\/informelitoral.com.ar\/comienza-el-cronograma-de-pagos-de-becas-provinciales-2\/\" \/>\n<meta property=\"og:site_name\" content=\"Informe Litoral\" \/>\n<meta property=\"article:publisher\" content=\"https:\/\/www.facebook.com\/informelitoral\/\" \/>\n<meta property=\"article:published_time\" content=\"2019-03-08T14:57:45+00:00\" \/>\n<meta property=\"og:image\" content=\"https:\/\/informelitoral.com.ar\/%77%70%2d%63%6f%6e%74%65%6e%74\/uploads\/2018\/01\/BECAS-ENTRE-R\u00cdOS.jpg\" \/>\n\t<meta property=\"og:image:width\" content=\"1920\" \/>\n\t<meta property=\"og:image:height\" content=\"1280\" \/>\n\t<meta property=\"og:image:type\" content=\"image\/jpeg\" \/>\n<meta name=\"author\" content=\"Gonzalo Schmidt\" \/>\n<meta name=\"twitter:card\" content=\"summary_large_image\" \/>\n<meta name=\"twitter:creator\" content=\"@InformeLitoral\" \/>\n<meta name=\"twitter:site\" content=\"@InformeLitoral\" \/>\n<meta name=\"twitter:label1\" content=\"Escrito por\" \/>\n\t<meta name=\"twitter:data1\" content=\"Gonzalo Schmidt\" \/>\n\t<meta name=\"twitter:label2\" content=\"Tiempo de lectura\" \/>\n\t<meta name=\"twitter:data2\" content=\"2 minutos\" \/>\n<script type=\"application\/ld+json\" class=\"yoast-schema-graph\">{\"@context\":\"https:\\\/\\\/schema.org\",\"@graph\":[{\"@type\":\"Article\",\"@id\":\"https:\\\/\\\/informelitoral.com.ar\\\/comienza-el-cronograma-de-pagos-de-becas-provinciales-2\\\/#article\",\"isPartOf\":{\"@id\":\"https:\\\/\\\/informelitoral.com.ar\\\/comienza-el-cronograma-de-pagos-de-becas-provinciales-2\\\/\"},\"author\":{\"name\":\"Gonzalo Schmidt\",\"@id\":\"https:\\\/\\\/informelitoral.com.ar\\\/#\\\/schema\\\/person\\\/b9d00407c836482871ef1d57bf8e3180\"},\"headline\":\"Comienza el cronograma de pagos de becas provinciales\",\"datePublished\":\"2019-03-08T14:57:45+00:00\",\"mainEntityOfPage\":{\"@id\":\"https:\\\/\\\/informelitoral.com.ar\\\/comienza-el-cronograma-de-pagos-de-becas-provinciales-2\\\/\"},\"wordCount\":351,\"commentCount\":0,\"publisher\":{\"@id\":\"https:\\\/\\\/informelitoral.com.ar\\\/#organization\"},\"image\":{\"@id\":\"https:\\\/\\\/informelitoral.com.ar\\\/comienza-el-cronograma-de-pagos-de-becas-provinciales-2\\\/#primaryimage\"},\"thumbnailUrl\":\"https:\\\/\\\/informelitoral.com.ar\\\/%77%70%2d%63%6f%6e%74%65%6e%74\\\/uploads\\\/2018\\\/01\\\/BECAS-ENTRE-R\u00cdOS.jpg\",\"keywords\":[\"Becas\",\"Cronograma de pagos\",\"Instituto Becario\"],\"articleSection\":[\"Entre R\u00edos\"],\"inLanguage\":\"es\",\"potentialAction\":[{\"@type\":\"CommentAction\",\"name\":\"Comment\",\"target\":[\"https:\\\/\\\/informelitoral.com.ar\\\/comienza-el-cronograma-de-pagos-de-becas-provinciales-2\\\/#respond\"]}]},{\"@type\":\"WebPage\",\"@id\":\"https:\\\/\\\/informelitoral.com.ar\\\/comienza-el-cronograma-de-pagos-de-becas-provinciales-2\\\/\",\"url\":\"https:\\\/\\\/informelitoral.com.ar\\\/comienza-el-cronograma-de-pagos-de-becas-provinciales-2\\\/\",\"name\":\"Comienza el cronograma de pagos de becas provinciales - Informe Litoral\",\"isPartOf\":{\"@id\":\"https:\\\/\\\/informelitoral.com.ar\\\/#website\"},\"primaryImageOfPage\":{\"@id\":\"https:\\\/\\\/informelitoral.com.ar\\\/comienza-el-cronograma-de-pagos-de-becas-provinciales-2\\\/#primaryimage\"},\"image\":{\"@id\":\"https:\\\/\\\/informelitoral.com.ar\\\/comienza-el-cronograma-de-pagos-de-becas-provinciales-2\\\/#primaryimage\"},\"thumbnailUrl\":\"https:\\\/\\\/informelitoral.com.ar\\\/%77%70%2d%63%6f%6e%74%65%6e%74\\\/uploads\\\/2018\\\/01\\\/BECAS-ENTRE-R\u00cdOS.jpg\",\"datePublished\":\"2019-03-08T14:57:45+00:00\",\"breadcrumb\":{\"@id\":\"https:\\\/\\\/informelitoral.com.ar\\\/comienza-el-cronograma-de-pagos-de-becas-provinciales-2\\\/#breadcrumb\"},\"inLanguage\":\"es\",\"potentialAction\":[{\"@type\":\"ReadAction\",\"target\":[\"https:\\\/\\\/informelitoral.com.ar\\\/comienza-el-cronograma-de-pagos-de-becas-provinciales-2\\\/\"]}]},{\"@type\":\"ImageObject\",\"inLanguage\":\"es\",\"@id\":\"https:\\\/\\\/informelitoral.com.ar\\\/comienza-el-cronograma-de-pagos-de-becas-provinciales-2\\\/#primaryimage\",\"url\":\"https:\\\/\\\/informelitoral.com.ar\\\/%77%70%2d%63%6f%6e%74%65%6e%74\\\/uploads\\\/2018\\\/01\\\/BECAS-ENTRE-R\u00cdOS.jpg\",\"contentUrl\":\"https:\\\/\\\/informelitoral.com.ar\\\/%77%70%2d%63%6f%6e%74%65%6e%74\\\/uploads\\\/2018\\\/01\\\/BECAS-ENTRE-R\u00cdOS.jpg\",\"width\":1920,\"height\":1280},{\"@type\":\"BreadcrumbList\",\"@id\":\"https:\\\/\\\/informelitoral.com.ar\\\/comienza-el-cronograma-de-pagos-de-becas-provinciales-2\\\/#breadcrumb\",\"itemListElement\":[{\"@type\":\"ListItem\",\"position\":1,\"name\":\"Portada\",\"item\":\"https:\\\/\\\/informelitoral.com.ar\\\/\"},{\"@type\":\"ListItem\",\"position\":2,\"name\":\"Comienza el cronograma de pagos de becas provinciales\"}]},{\"@type\":\"WebSite\",\"@id\":\"https:\\\/\\\/informelitoral.com.ar\\\/#website\",\"url\":\"https:\\\/\\\/informelitoral.com.ar\\\/\",\"name\":\"Informe Litoral\",\"description\":\"&quot;Nos informamos&quot; \",\"publisher\":{\"@id\":\"https:\\\/\\\/informelitoral.com.ar\\\/#organization\"},\"potentialAction\":[{\"@type\":\"SearchAction\",\"target\":{\"@type\":\"EntryPoint\",\"urlTemplate\":\"https:\\\/\\\/informelitoral.com.ar\\\/?s={search_term_string}\"},\"query-input\":{\"@type\":\"PropertyValueSpecification\",\"valueRequired\":true,\"valueName\":\"search_term_string\"}}],\"inLanguage\":\"es\"},{\"@type\":\"Organization\",\"@id\":\"https:\\\/\\\/informelitoral.com.ar\\\/#organization\",\"name\":\"Informe Litoral\",\"url\":\"https:\\\/\\\/informelitoral.com.ar\\\/\",\"logo\":{\"@type\":\"ImageObject\",\"inLanguage\":\"es\",\"@id\":\"https:\\\/\\\/informelitoral.com.ar\\\/#\\\/schema\\\/logo\\\/image\\\/\",\"url\":\"https:\\\/\\\/informelitoral.com.ar\\\/%77%70%2d%63%6f%6e%74%65%6e%74\\\/uploads\\\/2021\\\/01\\\/circulo.png\",\"contentUrl\":\"https:\\\/\\\/informelitoral.com.ar\\\/%77%70%2d%63%6f%6e%74%65%6e%74\\\/uploads\\\/2021\\\/01\\\/circulo.png\",\"width\":723,\"height\":731,\"caption\":\"Informe Litoral\"},\"image\":{\"@id\":\"https:\\\/\\\/informelitoral.com.ar\\\/#\\\/schema\\\/logo\\\/image\\\/\"},\"sameAs\":[\"https:\\\/\\\/www.facebook.com\\\/informelitoral\\\/\",\"https:\\\/\\\/x.com\\\/InformeLitoral\",\"https:\\\/\\\/www.instagram.com\\\/informelitoral\\\/\",\"https:\\\/\\\/www.youtube.com\\\/channel\\\/UCua4Qvz8Icb6MYqhoq9xLXw\"]},{\"@type\":\"Person\",\"@id\":\"https:\\\/\\\/informelitoral.com.ar\\\/#\\\/schema\\\/person\\\/b9d00407c836482871ef1d57bf8e3180\",\"name\":\"Gonzalo Schmidt\",\"image\":{\"@type\":\"ImageObject\",\"inLanguage\":\"es\",\"@id\":\"https:\\\/\\\/secure.gravatar.com\\\/avatar\\\/31a1a7b66ff2de83bd0e9fd79d026630d2d99e55e8bfe501287647b4fd9743de?s=96&d=mm&r=g\",\"url\":\"https:\\\/\\\/secure.gravatar.com\\\/avatar\\\/31a1a7b66ff2de83bd0e9fd79d026630d2d99e55e8bfe501287647b4fd9743de?s=96&d=mm&r=g\",\"contentUrl\":\"https:\\\/\\\/secure.gravatar.com\\\/avatar\\\/31a1a7b66ff2de83bd0e9fd79d026630d2d99e55e8bfe501287647b4fd9743de?s=96&d=mm&r=g\",\"caption\":\"Gonzalo Schmidt\"},\"description\":\"Sitio web de noticias de la provincia de Entre R\u00edos, Argentina. Informaci\u00f3n y entretenimiento. Informe Litoral, nos informamos.\",\"sameAs\":[\"http:\\\/\\\/www.isletasnoticias.com.ar\"],\"url\":\"https:\\\/\\\/informelitoral.com.ar\\\/author\\\/gonzalo\\\/\"}]}<\/script>","yoast_head_json":{"title":"Comienza el cronograma de pagos de becas provinciales - Informe Litoral","robots":{"index":"index","follow":"follow","max-snippet":"max-snippet:-1","max-image-preview":"max-image-preview:large","max-video-preview":"max-video-preview:-1"},"canonical":"https:\/\/informelitoral.com.ar\/comienza-el-cronograma-de-pagos-de-becas-provinciales-2\/","og_locale":"es_ES","og_type":"article","og_title":"Comienza el cronograma de pagos de becas provinciales - Informe Litoral","og_description":"Este viernes inicia el pago de las becas del Inaubepro.","og_url":"https:\/\/informelitoral.com.ar\/comienza-el-cronograma-de-pagos-de-becas-provinciales-2\/","og_site_name":"Informe Litoral","article_publisher":"https:\/\/www.facebook.com\/informelitoral\/","article_published_time":"2019-03-08T14:57:45+00:00","og_image":[{"width":1920,"height":1280,"url":"https:\/\/informelitoral.com.ar\/%77%70%2d%63%6f%6e%74%65%6e%74\/uploads\/2018\/01\/BECAS-ENTRE-R\u00cdOS.jpg","type":"image\/jpeg"}],"author":"Gonzalo Schmidt","twitter_card":"summary_large_image","twitter_creator":"@InformeLitoral","twitter_site":"@InformeLitoral","twitter_misc":{"Escrito por":"Gonzalo Schmidt","Tiempo de lectura":"2 minutos"},"schema":{"@context":"https:\/\/schema.org","@graph":[{"@type":"Article","@id":"https:\/\/informelitoral.com.ar\/comienza-el-cronograma-de-pagos-de-becas-provinciales-2\/#article","isPartOf":{"@id":"https:\/\/informelitoral.com.ar\/comienza-el-cronograma-de-pagos-de-becas-provinciales-2\/"},"author":{"name":"Gonzalo Schmidt","@id":"https:\/\/informelitoral.com.ar\/#\/schema\/person\/b9d00407c836482871ef1d57bf8e3180"},"headline":"Comienza el cronograma de pagos de becas provinciales","datePublished":"2019-03-08T14:57:45+00:00","mainEntityOfPage":{"@id":"https:\/\/informelitoral.com.ar\/comienza-el-cronograma-de-pagos-de-becas-provinciales-2\/"},"wordCount":351,"commentCount":0,"publisher":{"@id":"https:\/\/informelitoral.com.ar\/#organization"},"image":{"@id":"https:\/\/informelitoral.com.ar\/comienza-el-cronograma-de-pagos-de-becas-provinciales-2\/#primaryimage"},"thumbnailUrl":"https:\/\/informelitoral.com.ar\/%77%70%2d%63%6f%6e%74%65%6e%74\/uploads\/2018\/01\/BECAS-ENTRE-R\u00cdOS.jpg","keywords":["Becas","Cronograma de pagos","Instituto Becario"],"articleSection":["Entre R\u00edos"],"inLanguage":"es","potentialAction":[{"@type":"CommentAction","name":"Comment","target":["https:\/\/informelitoral.com.ar\/comienza-el-cronograma-de-pagos-de-becas-provinciales-2\/#respond"]}]},{"@type":"WebPage","@id":"https:\/\/informelitoral.com.ar\/comienza-el-cronograma-de-pagos-de-becas-provinciales-2\/","url":"https:\/\/informelitoral.com.ar\/comienza-el-cronograma-de-pagos-de-becas-provinciales-2\/","name":"Comienza el cronograma de pagos de becas provinciales - Informe Litoral","isPartOf":{"@id":"https:\/\/informelitoral.com.ar\/#website"},"primaryImageOfPage":{"@id":"https:\/\/informelitoral.com.ar\/comienza-el-cronograma-de-pagos-de-becas-provinciales-2\/#primaryimage"},"image":{"@id":"https:\/\/informelitoral.com.ar\/comienza-el-cronograma-de-pagos-de-becas-provinciales-2\/#primaryimage"},"thumbnailUrl":"https:\/\/informelitoral.com.ar\/%77%70%2d%63%6f%6e%74%65%6e%74\/uploads\/2018\/01\/BECAS-ENTRE-R\u00cdOS.jpg","datePublished":"2019-03-08T14:57:45+00:00","breadcrumb":{"@id":"https:\/\/informelitoral.com.ar\/comienza-el-cronograma-de-pagos-de-becas-provinciales-2\/#breadcrumb"},"inLanguage":"es","potentialAction":[{"@type":"ReadAction","target":["https:\/\/informelitoral.com.ar\/comienza-el-cronograma-de-pagos-de-becas-provinciales-2\/"]}]},{"@type":"ImageObject","inLanguage":"es","@id":"https:\/\/informelitoral.com.ar\/comienza-el-cronograma-de-pagos-de-becas-provinciales-2\/#primaryimage","url":"https:\/\/informelitoral.com.ar\/%77%70%2d%63%6f%6e%74%65%6e%74\/uploads\/2018\/01\/BECAS-ENTRE-R\u00cdOS.jpg","contentUrl":"https:\/\/informelitoral.com.ar\/%77%70%2d%63%6f%6e%74%65%6e%74\/uploads\/2018\/01\/BECAS-ENTRE-R\u00cdOS.jpg","width":1920,"height":1280},{"@type":"BreadcrumbList","@id":"https:\/\/informelitoral.com.ar\/comienza-el-cronograma-de-pagos-de-becas-provinciales-2\/#breadcrumb","itemListElement":[{"@type":"ListItem","position":1,"name":"Portada","item":"https:\/\/informelitoral.com.ar\/"},{"@type":"ListItem","position":2,"name":"Comienza el cronograma de pagos de becas provinciales"}]},{"@type":"WebSite","@id":"https:\/\/informelitoral.com.ar\/#website","url":"https:\/\/informelitoral.com.ar\/","name":"Informe Litoral","description":"&quot;Nos informamos&quot; ","publisher":{"@id":"https:\/\/informelitoral.com.ar\/#organization"},"potentialAction":[{"@type":"SearchAction","target":{"@type":"EntryPoint","urlTemplate":"https:\/\/informelitoral.com.ar\/?s={search_term_string}"},"query-input":{"@type":"PropertyValueSpecification","valueRequired":true,"valueName":"search_term_string"}}],"inLanguage":"es"},{"@type":"Organization","@id":"https:\/\/informelitoral.com.ar\/#organization","name":"Informe Litoral","url":"https:\/\/informelitoral.com.ar\/","logo":{"@type":"ImageObject","inLanguage":"es","@id":"https:\/\/informelitoral.com.ar\/#\/schema\/logo\/image\/","url":"https:\/\/informelitoral.com.ar\/%77%70%2d%63%6f%6e%74%65%6e%74\/uploads\/2021\/01\/circulo.png","contentUrl":"https:\/\/informelitoral.com.ar\/%77%70%2d%63%6f%6e%74%65%6e%74\/uploads\/2021\/01\/circulo.png","width":723,"height":731,"caption":"Informe Litoral"},"image":{"@id":"https:\/\/informelitoral.com.ar\/#\/schema\/logo\/image\/"},"sameAs":["https:\/\/www.facebook.com\/informelitoral\/","https:\/\/x.com\/InformeLitoral","https:\/\/www.instagram.com\/informelitoral\/","https:\/\/www.youtube.com\/channel\/UCua4Qvz8Icb6MYqhoq9xLXw"]},{"@type":"Person","@id":"https:\/\/informelitoral.com.ar\/#\/schema\/person\/b9d00407c836482871ef1d57bf8e3180","name":"Gonzalo Schmidt","image":{"@type":"ImageObject","inLanguage":"es","@id":"https:\/\/secure.gravatar.com\/avatar\/31a1a7b66ff2de83bd0e9fd79d026630d2d99e55e8bfe501287647b4fd9743de?s=96&d=mm&r=g","url":"https:\/\/secure.gravatar.com\/avatar\/31a1a7b66ff2de83bd0e9fd79d026630d2d99e55e8bfe501287647b4fd9743de?s=96&d=mm&r=g","contentUrl":"https:\/\/secure.gravatar.com\/avatar\/31a1a7b66ff2de83bd0e9fd79d026630d2d99e55e8bfe501287647b4fd9743de?s=96&d=mm&r=g","caption":"Gonzalo Schmidt"},"description":"Sitio web de noticias de la provincia de Entre R\u00edos, Argentina. Informaci\u00f3n y entretenimiento. Informe Litoral, nos informamos.","sameAs":["http:\/\/www.isletasnoticias.com.ar"],"url":"https:\/\/informelitoral.com.ar\/author\/gonzalo\/"}]}},"_links":{"self":[{"href":"https:\/\/informelitoral.com.ar\/%77%70%2d%6a%73%6f%6e\/wp\/v2\/posts\/32381","targetHints":{"allow":["GET"]}}],"collection":[{"href":"https:\/\/informelitoral.com.ar\/%77%70%2d%6a%73%6f%6e\/wp\/v2\/posts"}],"about":[{"href":"https:\/\/informelitoral.com.ar\/%77%70%2d%6a%73%6f%6e\/wp\/v2\/types\/post"}],"author":[{"embeddable":true,"href":"https:\/\/informelitoral.com.ar\/%77%70%2d%6a%73%6f%6e\/wp\/v2\/users\/2"}],"replies":[{"embeddable":true,"href":"https:\/\/informelitoral.com.ar\/%77%70%2d%6a%73%6f%6e\/wp\/v2\/comments?post=32381"}],"version-history":[{"count":0,"href":"https:\/\/informelitoral.com.ar\/%77%70%2d%6a%73%6f%6e\/wp\/v2\/posts\/32381\/revisions"}],"wp:featuredmedia":[{"embeddable":true,"href":"https:\/\/informelitoral.com.ar\/%77%70%2d%6a%73%6f%6e\/wp\/v2\/media\/24713"}],"wp:attachment":[{"href":"https:\/\/informelitoral.com.ar\/%77%70%2d%6a%73%6f%6e\/wp\/v2\/media?parent=32381"}],"wp:term":[{"taxonomy":"category","embeddable":true,"href":"https:\/\/informelitoral.com.ar\/%77%70%2d%6a%73%6f%6e\/wp\/v2\/categories?post=32381"},{"taxonomy":"post_tag","embeddable":true,"href":"https:\/\/informelitoral.com.ar\/%77%70%2d%6a%73%6f%6e\/wp\/v2\/tags?post=32381"}],"curies":[{"name":"wp","href":"https:\/\/api.w.org\/{rel}","templated":true}]}}