{"id":32372,"date":"2019-03-08T10:43:02","date_gmt":"2019-03-08T13:43:02","guid":{"rendered":"https:\/\/www.isletasnoticias.com.ar\/?p=32372"},"modified":"2019-03-08T10:59:16","modified_gmt":"2019-03-08T13:59:16","slug":"dieron-a-conocer-la-grilla-de-artistas-para-el-ramirez-festeja","status":"publish","type":"post","link":"https:\/\/informelitoral.com.ar\/dieron-a-conocer-la-grilla-de-artistas-para-el-ramirez-festeja\/","title":{"rendered":"Dieron a conocer la grilla de artistas para el Ram\u00edrez Festeja"},"content":{"rendered":"<p class=\"x_x_MsoNormal\" style=\"text-align: left;\" align=\"center\">En el marco de los festejos por el <strong>131\u00ba Aniversario de General Ram\u00edrez<\/strong>, se desarrollar\u00e1 la tercera edici\u00f3n del <a href=\"https:\/\/www.facebook.com\/RamirezFesteja\/\"><strong><em>Ram\u00edrez Festeja<\/em><\/strong><\/a>, una propuesta que apunta a poner en valor la identidad ramirense, incorporando actividades culturales con la participaci\u00f3n de artistas, bandas, grupos de danzas, organizaciones y agrupaciones locales. Dicha iniciativa es organizada por la Municipalidad de General Ram\u00edrez, a trav\u00e9s de la Subsecretar\u00eda de Pol\u00edticas Culturales.\u00a0<a href=\"https:\/\/www.isletasnoticias.com.ar\/%77%70%2d%63%6f%6e%74%65%6e%74\/uploads\/2019\/03\/29665242_1575513955850770_1894062793751819670_o.jpg\"><img loading=\"lazy\" decoding=\"async\" class=\"aligncenter wp-image-32376 size-large\" src=\"https:\/\/www.isletasnoticias.com.ar\/%77%70%2d%63%6f%6e%74%65%6e%74\/uploads\/2019\/03\/29665242_1575513955850770_1894062793751819670_o-1024x681.jpg\" alt=\"\" width=\"696\" height=\"463\" srcset=\"https:\/\/informelitoral.com.ar\/%77%70%2d%63%6f%6e%74%65%6e%74\/uploads\/2019\/03\/29665242_1575513955850770_1894062793751819670_o-1024x681.jpg 1024w, https:\/\/informelitoral.com.ar\/%77%70%2d%63%6f%6e%74%65%6e%74\/uploads\/2019\/03\/29665242_1575513955850770_1894062793751819670_o-300x200.jpg 300w, https:\/\/informelitoral.com.ar\/%77%70%2d%63%6f%6e%74%65%6e%74\/uploads\/2019\/03\/29665242_1575513955850770_1894062793751819670_o-768x511.jpg 768w, https:\/\/informelitoral.com.ar\/%77%70%2d%63%6f%6e%74%65%6e%74\/uploads\/2019\/03\/29665242_1575513955850770_1894062793751819670_o-696x463.jpg 696w, https:\/\/informelitoral.com.ar\/%77%70%2d%63%6f%6e%74%65%6e%74\/uploads\/2019\/03\/29665242_1575513955850770_1894062793751819670_o-631x420.jpg 631w, https:\/\/informelitoral.com.ar\/%77%70%2d%63%6f%6e%74%65%6e%74\/uploads\/2019\/03\/29665242_1575513955850770_1894062793751819670_o.jpg 1040w\" sizes=\"auto, (max-width: 696px) 100vw, 696px\" \/><\/a><\/p>\n<p class=\"x_x_MsoNormal\" style=\"text-align: left;\" align=\"center\"><em><strong>IN<\/strong><\/em> accedi\u00f3 al cronograma de actividades del <strong>lunes 11 al domingo 17 de marzo<\/strong>, con <strong>entrada libre y gratuita.<\/strong><\/p>\n<h3 class=\"x_x_MsoNormal\" style=\"text-align: left;\" align=\"center\"><b>Lunes 11<\/b><\/h3>\n<ul>\n<li class=\"x_x_MsoNormal\" style=\"text-align: left;\"><b>Pintada del mural con el reconocido\u00a0artista pl\u00e1stico Mario Lange.\u00a0<\/b>Participar\u00e1n diversos establecimientos educativos de la ciudad. Lugar: Pared\u00f3n Vizental. Hora: 8.30 Organiza: Municipalidad de General Ram\u00edrez<\/li>\n<\/ul>\n<h3 class=\"x_x_MsoNormal\"><b>Martes 12<\/b><\/h3>\n<ul>\n<li class=\"x_x_MsoNormal\"><b>La Noche de los Templos.\u00a0<\/b>Recorrida por los diversos templos de General Ram\u00edrez con el siguiente itinerario:<\/li>\n<\/ul>\n<p class=\"x_x_MsoNormal\">Congregaci\u00f3n Evang\u00e9lica Bautista (20.30)<\/p>\n<p class=\"x_x_MsoNormal\">Nueva Obra Evang\u00e9lica (20.50)<\/p>\n<p class=\"x_x_MsoNormal\">Iglesia Evang\u00e9lica Congregacional (21.10)<\/p>\n<p class=\"x_x_MsoNormal\">Iglesia Comunidad Cristiana (21.30)<\/p>\n<p class=\"x_x_MsoNormal\">Iglesia Adventista del 7mo. D\u00eda (21.50)<\/p>\n<p class=\"x_x_MsoNormal\">Iglesia Sagrado Coraz\u00f3n de Jes\u00fas (22.10)<\/p>\n<p class=\"x_x_MsoNormal\">Iglesia Vida Eterna (22.30)<\/p>\n<p class=\"x_x_MsoNormal\">Iglesia B\u00edblica de Fe Pentecostal (22.50)<\/p>\n<p class=\"x_x_MsoNormal\">Congregaci\u00f3n Evang\u00e9lica de General Ram\u00edrez (23.10)<\/p>\n<p class=\"x_x_MsoNormal\">Organiza: Iglesias de General Ram\u00edrez \u2013 Municipalidad de General Ram\u00edrez<\/p>\n<h3 class=\"x_x_MsoNormal\"><b>Mi\u00e9rcoles 13<\/b><\/h3>\n<ul>\n<li class=\"x_x_MsoNormal\"><b>Acto Central por el 131\u00b0 Aniversario de General Ram\u00edrez y el 233\u00b0 Aniversario del natalicio del Gral. Francisco Ram\u00edrez.\u00a0<\/b>Participar\u00e1 la Banda Municipal de Nogoy\u00e1. Lugar: Frente al Monumento del General Francisco Ram\u00edrez (entre Bulevar Presidente Per\u00f3n y Bv. San Mart\u00edn). Hora: 18.00. Organiza: Municipalidad de General Ram\u00edrez<\/li>\n<\/ul>\n<h3 class=\"x_x_MsoNormal\"><b>Jueves 14<\/b><\/h3>\n<ul>\n<li class=\"x_x_MsoNormal\"><b>Noche de Teatro.\u00a0<\/b>Se presentar\u00e1n las siguientes obras teatrales: <em><strong>La que sigue<\/strong>\u00a0<\/em>y<strong><em>\u00a0Y mi nieto, \u00bfD\u00f3nde est\u00e1?<\/em>\u00a0<\/strong>del elenco<em> Nunca es Tarde<\/em> y <em><strong>\u00bfLobo est\u00e1?<\/strong><\/em> del elenco municipal de teatro adulto <em>Los Ram\u00edrez<\/em>. Finalizada la obra, se desarrollar\u00e1 un debate de las obras. Lugar: Casa Municipal de la Cultura. Hora: 20.30. Organiza: Municipalidad de General Ram\u00edrez<\/li>\n<\/ul>\n<h3 class=\"x_x_MsoNormal\"><b>Viernes 15<\/b><\/h3>\n<ul>\n<li class=\"x_x_MsoNormal\"><b> Un d\u00eda en la Biblioteca.\u00a0<\/b>10.00 Espect\u00e1culo de T\u00edteres para escuelas primarias (turno ma\u00f1ana) y p\u00fablico en general. 15.00 Espect\u00e1culo de T\u00edteres para escuelas primarias (turno tarde) y p\u00fablico en general. Lugar: Biblioteca Popular Luis Etchevehere<\/li>\n<\/ul>\n<p class=\"x_x_MsoNormal\">A partir de las 18 exposici\u00f3n y muestra de diferentes editoriales. Abrazo ediciones junto a Mel\u00e9 Graglia, Ediciones del Cl\u00e9, Palabras M\u00e1gicas, Palabras con Colores de Adriana Franco y dem\u00e1s expositores de la zona.<\/p>\n<p class=\"x_x_MsoNormal\">Adem\u00e1s, el reconocido artista pl\u00e1stico<strong> Mario Lange<\/strong> expondr\u00e1 algunas de sus obras y libros publicados.<\/p>\n<p class=\"x_x_MsoNormal\"><strong>Presentaci\u00f3n de escritores invitados:<\/strong><\/p>\n<p class=\"x_x_MsoNormal\">18.30: <strong>Mel\u00e9 Graglia<\/strong> presenta su libro infantil<em> Lola, La Caracola<\/em><\/p>\n<p class=\"x_x_MsoNormal\">19.30: <strong>V\u00edctor Acosta<\/strong> presenta su libro <em>Con acento entrerriano<\/em><\/p>\n<p class=\"x_x_MsoNormal\">21.00:\u00a0 D\u00fao de guitarras<strong> Mauricio Laferrara &#8211; Diego Esp\u00edndola<\/strong> con m\u00fasicos locales invitados: Nadia St\u00fcrtz, Daniel Ren y Miqueas Leyria. Adem\u00e1s estar\u00e1n presentes C\u00e9sar y Cele Pazo y el Coro Municipal, Allegro Coral.<\/p>\n<p class=\"x_x_MsoNormal\">Simult\u00e1neamente en el predio se encontrar\u00e1n expositores, editoriales, club de narradores, lecturas m\u00e1gicas, stand exhibiendo oferta de carreras universitarias y terciarias. Adem\u00e1s, habr\u00e1 sector de cantina con bebidas y choripanes a cargo del grupo Amigos de los Perros.<\/p>\n<p class=\"x_x_MsoNormal\">Organiza: Biblioteca Popular \u201cDr. Luis Etchevehere\u201d \u2013 Municipalidad de General Ram\u00edrez<\/p>\n<h3 class=\"x_x_MsoNormal\"><b>S\u00e1bado 16<\/b><\/h3>\n<ul>\n<li class=\"x_x_MsoNormal\"><b> Noche de Escenario.\u00a0<\/b>Hora: 20.30. Lugar: Parque de la Democracia<\/li>\n<\/ul>\n<p class=\"x_x_MsoNormal\"><strong>Grilla de artistas:<\/strong><\/p>\n<p class=\"x_x_MsoNormal\">Los Reyes (20.30)<\/p>\n<p class=\"x_x_MsoNormal\">Marcapasos (21.10)<\/p>\n<p class=\"x_x_MsoNormal\">Los Tacuma (21.50)<\/p>\n<p class=\"x_x_MsoNormal\">Ballet Oficial de Danzas Ram\u00edrez Festeja (22.20)<\/p>\n<p class=\"x_x_MsoNormal\">Litoral Tag\u00fce (22.45)<\/p>\n<p class=\"x_x_MsoNormal\">Canci\u00f3n \u201cRam\u00edrez de mi Entre R\u00edos\u201d (23.20)<\/p>\n<p class=\"x_x_MsoNormal\">Fragla (23.45)<\/p>\n<p class=\"x_x_MsoNormal\">Matt Hungo &amp; La Hot Band (00.30)<\/p>\n<p class=\"x_x_MsoNormal\">Cierre estelar con <b>Los Totora (01.30)<\/b><\/p>\n<h3 class=\"x_x_MsoNormal\"><b>Domingo 17<\/b><\/h3>\n<ul>\n<li class=\"x_x_MsoNormal\"><b>Tarde-Noche de Escenario.\u00a0<\/b>Hora: 16.00.Lugar: Parque de la Democracia<\/li>\n<\/ul>\n<p class=\"x_x_MsoNormal\"><strong>Grilla de artistas:<\/strong><\/p>\n<p class=\"x_x_MsoNormal\">D\u00fao Carlos Galiussi \u2013 Mart\u00edn Buchamer (16.15)<\/p>\n<p class=\"x_x_MsoNormal\">Mundo (17.00)<\/p>\n<p class=\"x_x_MsoNormal\">Parjo y Lanteojos Band (17.40)<\/p>\n<p class=\"x_x_MsoNormal\">Duo Roskopf \u2013 Lell (18.20)<\/p>\n<p class=\"x_x_MsoNormal\">Ca\u00f1a con Ruda (18.40)<\/p>\n<p class=\"x_x_MsoNormal\">Alegres Inmigrantes \u2013 Danzas (19.10)<\/p>\n<p class=\"x_x_MsoNormal\">Esperanza Litorale\u00f1a (19.30)<\/p>\n<p class=\"x_x_MsoNormal\">Reflejos de Tradici\u00f3n \u2013 Danzas (20.00)<\/p>\n<p class=\"x_x_MsoNormal\">Fungus (20.20)<\/p>\n<p class=\"x_x_MsoNormal\">Dubius (21.00)<\/p>\n<p class=\"x_x_MsoNormal\">Pas de Dance \u2013 Danzas (21.35)<\/p>\n<p class=\"x_x_MsoNormal\">Eclipse \u2013 Danzas (21.50)<\/p>\n<p class=\"x_x_MsoNormal\">Los Dalton (22.10)<\/p>\n<p class=\"x_x_MsoNormal\">Nuevas Ra\u00edces (22.40)<\/p>\n<p class=\"x_x_MsoNormal\">Gaby y Los Aut\u00e9nticos (22.50)<\/p>\n<p class=\"x_x_MsoNormal\">Maravillas Alemanas (23.30)<a href=\"https:\/\/www.isletasnoticias.com.ar\/%77%70%2d%63%6f%6e%74%65%6e%74\/uploads\/2019\/03\/28954296_1575511622517670_1154274835095909496_o.jpg\"><img loading=\"lazy\" decoding=\"async\" class=\"aligncenter wp-image-32373 size-large\" src=\"https:\/\/www.isletasnoticias.com.ar\/%77%70%2d%63%6f%6e%74%65%6e%74\/uploads\/2019\/03\/28954296_1575511622517670_1154274835095909496_o-1024x683.jpg\" alt=\"\" width=\"696\" height=\"464\" srcset=\"https:\/\/informelitoral.com.ar\/%77%70%2d%63%6f%6e%74%65%6e%74\/uploads\/2019\/03\/28954296_1575511622517670_1154274835095909496_o-1024x683.jpg 1024w, https:\/\/informelitoral.com.ar\/%77%70%2d%63%6f%6e%74%65%6e%74\/uploads\/2019\/03\/28954296_1575511622517670_1154274835095909496_o-300x200.jpg 300w, https:\/\/informelitoral.com.ar\/%77%70%2d%63%6f%6e%74%65%6e%74\/uploads\/2019\/03\/28954296_1575511622517670_1154274835095909496_o-768x512.jpg 768w, https:\/\/informelitoral.com.ar\/%77%70%2d%63%6f%6e%74%65%6e%74\/uploads\/2019\/03\/28954296_1575511622517670_1154274835095909496_o-696x464.jpg 696w, https:\/\/informelitoral.com.ar\/%77%70%2d%63%6f%6e%74%65%6e%74\/uploads\/2019\/03\/28954296_1575511622517670_1154274835095909496_o-1068x713.jpg 1068w, https:\/\/informelitoral.com.ar\/%77%70%2d%63%6f%6e%74%65%6e%74\/uploads\/2019\/03\/28954296_1575511622517670_1154274835095909496_o-629x420.jpg 629w, https:\/\/informelitoral.com.ar\/%77%70%2d%63%6f%6e%74%65%6e%74\/uploads\/2019\/03\/28954296_1575511622517670_1154274835095909496_o.jpg 1124w\" sizes=\"auto, (max-width: 696px) 100vw, 696px\" \/><\/a><\/p>\n<p class=\"x_x_MsoNormal\">Adem\u00e1s habr\u00e1 patio de comidas con los sabores de la gastronom\u00eda local: pirok (Colectividad Alemana), torta asada (Ballet Reflejos de Tradici\u00f3n), pizza a la parrilla (Pe\u00f1a Solidaria), asado con cuero (equipo que particip\u00f3 en la Fiesta Nacional del Asado con Cuero en Viale) y cerveza artesanal. Asimismo, estar\u00e1n presentes otras instituciones de la ciudad con m\u00e1s ofertas gastron\u00f3micas. Este a\u00f1o, como novedad en la edici\u00f3n 2019, tendremos el \u201cEspacio Gurises\u201d, un lugar destinado a los m\u00e1s chicos.<a href=\"https:\/\/www.isletasnoticias.com.ar\/%77%70%2d%63%6f%6e%74%65%6e%74\/uploads\/2019\/03\/29060294_1575517572517075_5858015329173659557_o.jpg\"><img loading=\"lazy\" decoding=\"async\" class=\"aligncenter wp-image-32374 size-large\" src=\"https:\/\/www.isletasnoticias.com.ar\/%77%70%2d%63%6f%6e%74%65%6e%74\/uploads\/2019\/03\/29060294_1575517572517075_5858015329173659557_o-1024x637.jpg\" alt=\"\" width=\"696\" height=\"433\" srcset=\"https:\/\/informelitoral.com.ar\/%77%70%2d%63%6f%6e%74%65%6e%74\/uploads\/2019\/03\/29060294_1575517572517075_5858015329173659557_o-1024x637.jpg 1024w, https:\/\/informelitoral.com.ar\/%77%70%2d%63%6f%6e%74%65%6e%74\/uploads\/2019\/03\/29060294_1575517572517075_5858015329173659557_o-300x187.jpg 300w, https:\/\/informelitoral.com.ar\/%77%70%2d%63%6f%6e%74%65%6e%74\/uploads\/2019\/03\/29060294_1575517572517075_5858015329173659557_o-768x477.jpg 768w, https:\/\/informelitoral.com.ar\/%77%70%2d%63%6f%6e%74%65%6e%74\/uploads\/2019\/03\/29060294_1575517572517075_5858015329173659557_o-356x220.jpg 356w, https:\/\/informelitoral.com.ar\/%77%70%2d%63%6f%6e%74%65%6e%74\/uploads\/2019\/03\/29060294_1575517572517075_5858015329173659557_o-696x433.jpg 696w, https:\/\/informelitoral.com.ar\/%77%70%2d%63%6f%6e%74%65%6e%74\/uploads\/2019\/03\/29060294_1575517572517075_5858015329173659557_o.jpg 1068w, https:\/\/informelitoral.com.ar\/%77%70%2d%63%6f%6e%74%65%6e%74\/uploads\/2019\/03\/29060294_1575517572517075_5858015329173659557_o-676x420.jpg 676w\" sizes=\"auto, (max-width: 696px) 100vw, 696px\" \/><\/a><\/p>\n","protected":false},"excerpt":{"rendered":"<p>El ya tradicional festejo en el marco del 131\u00b0 aniversario de General Ram\u00edrez, se realizar\u00e1 del 11 al 17 de marzo. Adem\u00e1s de los artistas, en los que se privilegi\u00f3 la participaci\u00f3n de los referentes locales, se destacan las actividades culturales en las que participar\u00e1n diferentes instituciones. <\/p>\n","protected":false},"author":2,"featured_media":32375,"comment_status":"open","ping_status":"open","sticky":false,"template":"","format":"standard","meta":{"fifu_image_url":"","fifu_image_alt":"","footnotes":""},"categories":[5,9],"tags":[556,173,27,1286],"class_list":{"0":"post-32372","1":"post","2":"type-post","3":"status-publish","4":"format-standard","5":"has-post-thumbnail","7":"category-zonales","8":"category-sociedad","9":"tag-general-ramirez","10":"tag-municipio","11":"tag-ramirez","12":"tag-ramirez-festeja"},"yoast_head":"<title>Dieron a conocer la grilla de artistas para el Ram\u00edrez Festeja - Informe Litoral<\/title>\n<meta name=\"robots\" content=\"index, follow, max-snippet:-1, max-image-preview:large, max-video-preview:-1\" \/>\n<link rel=\"canonical\" href=\"https:\/\/informelitoral.com.ar\/dieron-a-conocer-la-grilla-de-artistas-para-el-ramirez-festeja\/\" \/>\n<meta property=\"og:locale\" content=\"es_ES\" \/>\n<meta property=\"og:type\" content=\"article\" \/>\n<meta property=\"og:title\" content=\"Dieron a conocer la grilla de artistas para el Ram\u00edrez Festeja - Informe Litoral\" \/>\n<meta property=\"og:description\" content=\"El ya tradicional festejo en el marco del 131\u00b0 aniversario de General Ram\u00edrez, se realizar\u00e1 del 11 al 17 de marzo. Adem\u00e1s de los artistas, en los que se privilegi\u00f3 la participaci\u00f3n de los referentes locales, se destacan las actividades culturales en las que participar\u00e1n diferentes instituciones.\" \/>\n<meta property=\"og:url\" content=\"https:\/\/informelitoral.com.ar\/dieron-a-conocer-la-grilla-de-artistas-para-el-ramirez-festeja\/\" \/>\n<meta property=\"og:site_name\" content=\"Informe Litoral\" \/>\n<meta property=\"article:publisher\" content=\"https:\/\/www.facebook.com\/informelitoral\/\" \/>\n<meta property=\"article:published_time\" content=\"2019-03-08T13:43:02+00:00\" \/>\n<meta property=\"article:modified_time\" content=\"2019-03-08T13:59:16+00:00\" \/>\n<meta property=\"og:image\" content=\"https:\/\/informelitoral.com.ar\/%77%70%2d%63%6f%6e%74%65%6e%74\/uploads\/2019\/03\/29426102_1568615633207269_2801875714305949696_o.jpg\" \/>\n\t<meta property=\"og:image:width\" content=\"1686\" \/>\n\t<meta property=\"og:image:height\" content=\"1125\" \/>\n\t<meta property=\"og:image:type\" content=\"image\/jpeg\" \/>\n<meta name=\"author\" content=\"Gonzalo Schmidt\" \/>\n<meta name=\"twitter:card\" content=\"summary_large_image\" \/>\n<meta name=\"twitter:creator\" content=\"@InformeLitoral\" \/>\n<meta name=\"twitter:site\" content=\"@InformeLitoral\" \/>\n<meta name=\"twitter:label1\" content=\"Escrito por\" \/>\n\t<meta name=\"twitter:data1\" content=\"Gonzalo Schmidt\" \/>\n\t<meta name=\"twitter:label2\" content=\"Tiempo de lectura\" \/>\n\t<meta name=\"twitter:data2\" content=\"4 minutos\" \/>\n<script type=\"application\/ld+json\" class=\"yoast-schema-graph\">{\"@context\":\"https:\\\/\\\/schema.org\",\"@graph\":[{\"@type\":\"Article\",\"@id\":\"https:\\\/\\\/informelitoral.com.ar\\\/dieron-a-conocer-la-grilla-de-artistas-para-el-ramirez-festeja\\\/#article\",\"isPartOf\":{\"@id\":\"https:\\\/\\\/informelitoral.com.ar\\\/dieron-a-conocer-la-grilla-de-artistas-para-el-ramirez-festeja\\\/\"},\"author\":{\"name\":\"Gonzalo Schmidt\",\"@id\":\"https:\\\/\\\/informelitoral.com.ar\\\/#\\\/schema\\\/person\\\/b9d00407c836482871ef1d57bf8e3180\"},\"headline\":\"Dieron a conocer la grilla de artistas para el Ram\u00edrez Festeja\",\"datePublished\":\"2019-03-08T13:43:02+00:00\",\"dateModified\":\"2019-03-08T13:59:16+00:00\",\"mainEntityOfPage\":{\"@id\":\"https:\\\/\\\/informelitoral.com.ar\\\/dieron-a-conocer-la-grilla-de-artistas-para-el-ramirez-festeja\\\/\"},\"wordCount\":733,\"commentCount\":0,\"publisher\":{\"@id\":\"https:\\\/\\\/informelitoral.com.ar\\\/#organization\"},\"image\":{\"@id\":\"https:\\\/\\\/informelitoral.com.ar\\\/dieron-a-conocer-la-grilla-de-artistas-para-el-ramirez-festeja\\\/#primaryimage\"},\"thumbnailUrl\":\"https:\\\/\\\/informelitoral.com.ar\\\/%77%70%2d%63%6f%6e%74%65%6e%74\\\/uploads\\\/2019\\\/03\\\/29426102_1568615633207269_2801875714305949696_o.jpg\",\"keywords\":[\"General Ram\u00edrez\",\"Municipio\",\"Ram\u00edrez\",\"Ram\u00edrez Festeja\"],\"articleSection\":[\"Departamento Diamante\",\"Sociedad\"],\"inLanguage\":\"es\",\"potentialAction\":[{\"@type\":\"CommentAction\",\"name\":\"Comment\",\"target\":[\"https:\\\/\\\/informelitoral.com.ar\\\/dieron-a-conocer-la-grilla-de-artistas-para-el-ramirez-festeja\\\/#respond\"]}]},{\"@type\":\"WebPage\",\"@id\":\"https:\\\/\\\/informelitoral.com.ar\\\/dieron-a-conocer-la-grilla-de-artistas-para-el-ramirez-festeja\\\/\",\"url\":\"https:\\\/\\\/informelitoral.com.ar\\\/dieron-a-conocer-la-grilla-de-artistas-para-el-ramirez-festeja\\\/\",\"name\":\"Dieron a conocer la grilla de artistas para el Ram\u00edrez Festeja - Informe Litoral\",\"isPartOf\":{\"@id\":\"https:\\\/\\\/informelitoral.com.ar\\\/#website\"},\"primaryImageOfPage\":{\"@id\":\"https:\\\/\\\/informelitoral.com.ar\\\/dieron-a-conocer-la-grilla-de-artistas-para-el-ramirez-festeja\\\/#primaryimage\"},\"image\":{\"@id\":\"https:\\\/\\\/informelitoral.com.ar\\\/dieron-a-conocer-la-grilla-de-artistas-para-el-ramirez-festeja\\\/#primaryimage\"},\"thumbnailUrl\":\"https:\\\/\\\/informelitoral.com.ar\\\/%77%70%2d%63%6f%6e%74%65%6e%74\\\/uploads\\\/2019\\\/03\\\/29426102_1568615633207269_2801875714305949696_o.jpg\",\"datePublished\":\"2019-03-08T13:43:02+00:00\",\"dateModified\":\"2019-03-08T13:59:16+00:00\",\"breadcrumb\":{\"@id\":\"https:\\\/\\\/informelitoral.com.ar\\\/dieron-a-conocer-la-grilla-de-artistas-para-el-ramirez-festeja\\\/#breadcrumb\"},\"inLanguage\":\"es\",\"potentialAction\":[{\"@type\":\"ReadAction\",\"target\":[\"https:\\\/\\\/informelitoral.com.ar\\\/dieron-a-conocer-la-grilla-de-artistas-para-el-ramirez-festeja\\\/\"]}]},{\"@type\":\"ImageObject\",\"inLanguage\":\"es\",\"@id\":\"https:\\\/\\\/informelitoral.com.ar\\\/dieron-a-conocer-la-grilla-de-artistas-para-el-ramirez-festeja\\\/#primaryimage\",\"url\":\"https:\\\/\\\/informelitoral.com.ar\\\/%77%70%2d%63%6f%6e%74%65%6e%74\\\/uploads\\\/2019\\\/03\\\/29426102_1568615633207269_2801875714305949696_o.jpg\",\"contentUrl\":\"https:\\\/\\\/informelitoral.com.ar\\\/%77%70%2d%63%6f%6e%74%65%6e%74\\\/uploads\\\/2019\\\/03\\\/29426102_1568615633207269_2801875714305949696_o.jpg\",\"width\":1686,\"height\":1125},{\"@type\":\"BreadcrumbList\",\"@id\":\"https:\\\/\\\/informelitoral.com.ar\\\/dieron-a-conocer-la-grilla-de-artistas-para-el-ramirez-festeja\\\/#breadcrumb\",\"itemListElement\":[{\"@type\":\"ListItem\",\"position\":1,\"name\":\"Portada\",\"item\":\"https:\\\/\\\/informelitoral.com.ar\\\/\"},{\"@type\":\"ListItem\",\"position\":2,\"name\":\"Dieron a conocer la grilla de artistas para el Ram\u00edrez Festeja\"}]},{\"@type\":\"WebSite\",\"@id\":\"https:\\\/\\\/informelitoral.com.ar\\\/#website\",\"url\":\"https:\\\/\\\/informelitoral.com.ar\\\/\",\"name\":\"Informe Litoral\",\"description\":\"&quot;Nos informamos&quot; \",\"publisher\":{\"@id\":\"https:\\\/\\\/informelitoral.com.ar\\\/#organization\"},\"potentialAction\":[{\"@type\":\"SearchAction\",\"target\":{\"@type\":\"EntryPoint\",\"urlTemplate\":\"https:\\\/\\\/informelitoral.com.ar\\\/?s={search_term_string}\"},\"query-input\":{\"@type\":\"PropertyValueSpecification\",\"valueRequired\":true,\"valueName\":\"search_term_string\"}}],\"inLanguage\":\"es\"},{\"@type\":\"Organization\",\"@id\":\"https:\\\/\\\/informelitoral.com.ar\\\/#organization\",\"name\":\"Informe Litoral\",\"url\":\"https:\\\/\\\/informelitoral.com.ar\\\/\",\"logo\":{\"@type\":\"ImageObject\",\"inLanguage\":\"es\",\"@id\":\"https:\\\/\\\/informelitoral.com.ar\\\/#\\\/schema\\\/logo\\\/image\\\/\",\"url\":\"https:\\\/\\\/informelitoral.com.ar\\\/%77%70%2d%63%6f%6e%74%65%6e%74\\\/uploads\\\/2021\\\/01\\\/circulo.png\",\"contentUrl\":\"https:\\\/\\\/informelitoral.com.ar\\\/%77%70%2d%63%6f%6e%74%65%6e%74\\\/uploads\\\/2021\\\/01\\\/circulo.png\",\"width\":723,\"height\":731,\"caption\":\"Informe Litoral\"},\"image\":{\"@id\":\"https:\\\/\\\/informelitoral.com.ar\\\/#\\\/schema\\\/logo\\\/image\\\/\"},\"sameAs\":[\"https:\\\/\\\/www.facebook.com\\\/informelitoral\\\/\",\"https:\\\/\\\/x.com\\\/InformeLitoral\",\"https:\\\/\\\/www.instagram.com\\\/informelitoral\\\/\",\"https:\\\/\\\/www.youtube.com\\\/channel\\\/UCua4Qvz8Icb6MYqhoq9xLXw\"]},{\"@type\":\"Person\",\"@id\":\"https:\\\/\\\/informelitoral.com.ar\\\/#\\\/schema\\\/person\\\/b9d00407c836482871ef1d57bf8e3180\",\"name\":\"Gonzalo Schmidt\",\"image\":{\"@type\":\"ImageObject\",\"inLanguage\":\"es\",\"@id\":\"https:\\\/\\\/secure.gravatar.com\\\/avatar\\\/31a1a7b66ff2de83bd0e9fd79d026630d2d99e55e8bfe501287647b4fd9743de?s=96&d=mm&r=g\",\"url\":\"https:\\\/\\\/secure.gravatar.com\\\/avatar\\\/31a1a7b66ff2de83bd0e9fd79d026630d2d99e55e8bfe501287647b4fd9743de?s=96&d=mm&r=g\",\"contentUrl\":\"https:\\\/\\\/secure.gravatar.com\\\/avatar\\\/31a1a7b66ff2de83bd0e9fd79d026630d2d99e55e8bfe501287647b4fd9743de?s=96&d=mm&r=g\",\"caption\":\"Gonzalo Schmidt\"},\"description\":\"Sitio web de noticias de la provincia de Entre R\u00edos, Argentina. Informaci\u00f3n y entretenimiento. Informe Litoral, nos informamos.\",\"sameAs\":[\"http:\\\/\\\/www.isletasnoticias.com.ar\"],\"url\":\"https:\\\/\\\/informelitoral.com.ar\\\/author\\\/gonzalo\\\/\"}]}<\/script>","yoast_head_json":{"title":"Dieron a conocer la grilla de artistas para el Ram\u00edrez Festeja - Informe Litoral","robots":{"index":"index","follow":"follow","max-snippet":"max-snippet:-1","max-image-preview":"max-image-preview:large","max-video-preview":"max-video-preview:-1"},"canonical":"https:\/\/informelitoral.com.ar\/dieron-a-conocer-la-grilla-de-artistas-para-el-ramirez-festeja\/","og_locale":"es_ES","og_type":"article","og_title":"Dieron a conocer la grilla de artistas para el Ram\u00edrez Festeja - Informe Litoral","og_description":"El ya tradicional festejo en el marco del 131\u00b0 aniversario de General Ram\u00edrez, se realizar\u00e1 del 11 al 17 de marzo. Adem\u00e1s de los artistas, en los que se privilegi\u00f3 la participaci\u00f3n de los referentes locales, se destacan las actividades culturales en las que participar\u00e1n diferentes instituciones.","og_url":"https:\/\/informelitoral.com.ar\/dieron-a-conocer-la-grilla-de-artistas-para-el-ramirez-festeja\/","og_site_name":"Informe Litoral","article_publisher":"https:\/\/www.facebook.com\/informelitoral\/","article_published_time":"2019-03-08T13:43:02+00:00","article_modified_time":"2019-03-08T13:59:16+00:00","og_image":[{"width":1686,"height":1125,"url":"https:\/\/informelitoral.com.ar\/%77%70%2d%63%6f%6e%74%65%6e%74\/uploads\/2019\/03\/29426102_1568615633207269_2801875714305949696_o.jpg","type":"image\/jpeg"}],"author":"Gonzalo Schmidt","twitter_card":"summary_large_image","twitter_creator":"@InformeLitoral","twitter_site":"@InformeLitoral","twitter_misc":{"Escrito por":"Gonzalo Schmidt","Tiempo de lectura":"4 minutos"},"schema":{"@context":"https:\/\/schema.org","@graph":[{"@type":"Article","@id":"https:\/\/informelitoral.com.ar\/dieron-a-conocer-la-grilla-de-artistas-para-el-ramirez-festeja\/#article","isPartOf":{"@id":"https:\/\/informelitoral.com.ar\/dieron-a-conocer-la-grilla-de-artistas-para-el-ramirez-festeja\/"},"author":{"name":"Gonzalo Schmidt","@id":"https:\/\/informelitoral.com.ar\/#\/schema\/person\/b9d00407c836482871ef1d57bf8e3180"},"headline":"Dieron a conocer la grilla de artistas para el Ram\u00edrez Festeja","datePublished":"2019-03-08T13:43:02+00:00","dateModified":"2019-03-08T13:59:16+00:00","mainEntityOfPage":{"@id":"https:\/\/informelitoral.com.ar\/dieron-a-conocer-la-grilla-de-artistas-para-el-ramirez-festeja\/"},"wordCount":733,"commentCount":0,"publisher":{"@id":"https:\/\/informelitoral.com.ar\/#organization"},"image":{"@id":"https:\/\/informelitoral.com.ar\/dieron-a-conocer-la-grilla-de-artistas-para-el-ramirez-festeja\/#primaryimage"},"thumbnailUrl":"https:\/\/informelitoral.com.ar\/%77%70%2d%63%6f%6e%74%65%6e%74\/uploads\/2019\/03\/29426102_1568615633207269_2801875714305949696_o.jpg","keywords":["General Ram\u00edrez","Municipio","Ram\u00edrez","Ram\u00edrez Festeja"],"articleSection":["Departamento Diamante","Sociedad"],"inLanguage":"es","potentialAction":[{"@type":"CommentAction","name":"Comment","target":["https:\/\/informelitoral.com.ar\/dieron-a-conocer-la-grilla-de-artistas-para-el-ramirez-festeja\/#respond"]}]},{"@type":"WebPage","@id":"https:\/\/informelitoral.com.ar\/dieron-a-conocer-la-grilla-de-artistas-para-el-ramirez-festeja\/","url":"https:\/\/informelitoral.com.ar\/dieron-a-conocer-la-grilla-de-artistas-para-el-ramirez-festeja\/","name":"Dieron a conocer la grilla de artistas para el Ram\u00edrez Festeja - Informe Litoral","isPartOf":{"@id":"https:\/\/informelitoral.com.ar\/#website"},"primaryImageOfPage":{"@id":"https:\/\/informelitoral.com.ar\/dieron-a-conocer-la-grilla-de-artistas-para-el-ramirez-festeja\/#primaryimage"},"image":{"@id":"https:\/\/informelitoral.com.ar\/dieron-a-conocer-la-grilla-de-artistas-para-el-ramirez-festeja\/#primaryimage"},"thumbnailUrl":"https:\/\/informelitoral.com.ar\/%77%70%2d%63%6f%6e%74%65%6e%74\/uploads\/2019\/03\/29426102_1568615633207269_2801875714305949696_o.jpg","datePublished":"2019-03-08T13:43:02+00:00","dateModified":"2019-03-08T13:59:16+00:00","breadcrumb":{"@id":"https:\/\/informelitoral.com.ar\/dieron-a-conocer-la-grilla-de-artistas-para-el-ramirez-festeja\/#breadcrumb"},"inLanguage":"es","potentialAction":[{"@type":"ReadAction","target":["https:\/\/informelitoral.com.ar\/dieron-a-conocer-la-grilla-de-artistas-para-el-ramirez-festeja\/"]}]},{"@type":"ImageObject","inLanguage":"es","@id":"https:\/\/informelitoral.com.ar\/dieron-a-conocer-la-grilla-de-artistas-para-el-ramirez-festeja\/#primaryimage","url":"https:\/\/informelitoral.com.ar\/%77%70%2d%63%6f%6e%74%65%6e%74\/uploads\/2019\/03\/29426102_1568615633207269_2801875714305949696_o.jpg","contentUrl":"https:\/\/informelitoral.com.ar\/%77%70%2d%63%6f%6e%74%65%6e%74\/uploads\/2019\/03\/29426102_1568615633207269_2801875714305949696_o.jpg","width":1686,"height":1125},{"@type":"BreadcrumbList","@id":"https:\/\/informelitoral.com.ar\/dieron-a-conocer-la-grilla-de-artistas-para-el-ramirez-festeja\/#breadcrumb","itemListElement":[{"@type":"ListItem","position":1,"name":"Portada","item":"https:\/\/informelitoral.com.ar\/"},{"@type":"ListItem","position":2,"name":"Dieron a conocer la grilla de artistas para el Ram\u00edrez Festeja"}]},{"@type":"WebSite","@id":"https:\/\/informelitoral.com.ar\/#website","url":"https:\/\/informelitoral.com.ar\/","name":"Informe Litoral","description":"&quot;Nos informamos&quot; ","publisher":{"@id":"https:\/\/informelitoral.com.ar\/#organization"},"potentialAction":[{"@type":"SearchAction","target":{"@type":"EntryPoint","urlTemplate":"https:\/\/informelitoral.com.ar\/?s={search_term_string}"},"query-input":{"@type":"PropertyValueSpecification","valueRequired":true,"valueName":"search_term_string"}}],"inLanguage":"es"},{"@type":"Organization","@id":"https:\/\/informelitoral.com.ar\/#organization","name":"Informe Litoral","url":"https:\/\/informelitoral.com.ar\/","logo":{"@type":"ImageObject","inLanguage":"es","@id":"https:\/\/informelitoral.com.ar\/#\/schema\/logo\/image\/","url":"https:\/\/informelitoral.com.ar\/%77%70%2d%63%6f%6e%74%65%6e%74\/uploads\/2021\/01\/circulo.png","contentUrl":"https:\/\/informelitoral.com.ar\/%77%70%2d%63%6f%6e%74%65%6e%74\/uploads\/2021\/01\/circulo.png","width":723,"height":731,"caption":"Informe Litoral"},"image":{"@id":"https:\/\/informelitoral.com.ar\/#\/schema\/logo\/image\/"},"sameAs":["https:\/\/www.facebook.com\/informelitoral\/","https:\/\/x.com\/InformeLitoral","https:\/\/www.instagram.com\/informelitoral\/","https:\/\/www.youtube.com\/channel\/UCua4Qvz8Icb6MYqhoq9xLXw"]},{"@type":"Person","@id":"https:\/\/informelitoral.com.ar\/#\/schema\/person\/b9d00407c836482871ef1d57bf8e3180","name":"Gonzalo Schmidt","image":{"@type":"ImageObject","inLanguage":"es","@id":"https:\/\/secure.gravatar.com\/avatar\/31a1a7b66ff2de83bd0e9fd79d026630d2d99e55e8bfe501287647b4fd9743de?s=96&d=mm&r=g","url":"https:\/\/secure.gravatar.com\/avatar\/31a1a7b66ff2de83bd0e9fd79d026630d2d99e55e8bfe501287647b4fd9743de?s=96&d=mm&r=g","contentUrl":"https:\/\/secure.gravatar.com\/avatar\/31a1a7b66ff2de83bd0e9fd79d026630d2d99e55e8bfe501287647b4fd9743de?s=96&d=mm&r=g","caption":"Gonzalo Schmidt"},"description":"Sitio web de noticias de la provincia de Entre R\u00edos, Argentina. Informaci\u00f3n y entretenimiento. Informe Litoral, nos informamos.","sameAs":["http:\/\/www.isletasnoticias.com.ar"],"url":"https:\/\/informelitoral.com.ar\/author\/gonzalo\/"}]}},"_links":{"self":[{"href":"https:\/\/informelitoral.com.ar\/%77%70%2d%6a%73%6f%6e\/wp\/v2\/posts\/32372","targetHints":{"allow":["GET"]}}],"collection":[{"href":"https:\/\/informelitoral.com.ar\/%77%70%2d%6a%73%6f%6e\/wp\/v2\/posts"}],"about":[{"href":"https:\/\/informelitoral.com.ar\/%77%70%2d%6a%73%6f%6e\/wp\/v2\/types\/post"}],"author":[{"embeddable":true,"href":"https:\/\/informelitoral.com.ar\/%77%70%2d%6a%73%6f%6e\/wp\/v2\/users\/2"}],"replies":[{"embeddable":true,"href":"https:\/\/informelitoral.com.ar\/%77%70%2d%6a%73%6f%6e\/wp\/v2\/comments?post=32372"}],"version-history":[{"count":0,"href":"https:\/\/informelitoral.com.ar\/%77%70%2d%6a%73%6f%6e\/wp\/v2\/posts\/32372\/revisions"}],"wp:featuredmedia":[{"embeddable":true,"href":"https:\/\/informelitoral.com.ar\/%77%70%2d%6a%73%6f%6e\/wp\/v2\/media\/32375"}],"wp:attachment":[{"href":"https:\/\/informelitoral.com.ar\/%77%70%2d%6a%73%6f%6e\/wp\/v2\/media?parent=32372"}],"wp:term":[{"taxonomy":"category","embeddable":true,"href":"https:\/\/informelitoral.com.ar\/%77%70%2d%6a%73%6f%6e\/wp\/v2\/categories?post=32372"},{"taxonomy":"post_tag","embeddable":true,"href":"https:\/\/informelitoral.com.ar\/%77%70%2d%6a%73%6f%6e\/wp\/v2\/tags?post=32372"}],"curies":[{"name":"wp","href":"https:\/\/api.w.org\/{rel}","templated":true}]}}