{"id":32366,"date":"2019-03-08T09:34:30","date_gmt":"2019-03-08T12:34:30","guid":{"rendered":"https:\/\/www.isletasnoticias.com.ar\/?p=32366"},"modified":"2019-03-08T09:37:32","modified_gmt":"2019-03-08T12:37:32","slug":"comienza-la-fiesta-nacional-del-mate-en-parana","status":"publish","type":"post","link":"https:\/\/informelitoral.com.ar\/comienza-la-fiesta-nacional-del-mate-en-parana\/","title":{"rendered":"Comienza la Fiesta Nacional del Mate en Paran\u00e1"},"content":{"rendered":"<p>Calificada como aquella \u201cque identifica y pertenece a la ciudad y los paranaenses que la han hecho suya\u201d, la<strong>\u00a0Fiesta Nacional del Mate<\/strong>\u00a0-que en 2019 celebrar\u00e1 30 ediciones- esa ya un fen\u00f3meno popular que tiene su foco en el encuentro en torno al mate y todo lo que \u00e9ste convoca.<\/p>\n<p>Las actividades se desarrollar\u00e1n\u00a0<strong>desde este viernes 8 y hasta el domingo 11 de marzo en la Plaza de las Colectividades, en la zona de Puerto Nuevo<\/strong>, donde ya se encuentra levantado el escenario.<a href=\"https:\/\/www.isletasnoticias.com.ar\/%77%70%2d%63%6f%6e%74%65%6e%74\/uploads\/2019\/03\/fiesta-del-mate-1.jpg\"><img loading=\"lazy\" decoding=\"async\" class=\"aligncenter wp-image-32367 size-full\" src=\"https:\/\/www.isletasnoticias.com.ar\/%77%70%2d%63%6f%6e%74%65%6e%74\/uploads\/2019\/03\/fiesta-del-mate-1.jpg\" alt=\"\" width=\"642\" height=\"427\" srcset=\"https:\/\/informelitoral.com.ar\/%77%70%2d%63%6f%6e%74%65%6e%74\/uploads\/2019\/03\/fiesta-del-mate-1.jpg 642w, https:\/\/informelitoral.com.ar\/%77%70%2d%63%6f%6e%74%65%6e%74\/uploads\/2019\/03\/fiesta-del-mate-1-300x200.jpg 300w, https:\/\/informelitoral.com.ar\/%77%70%2d%63%6f%6e%74%65%6e%74\/uploads\/2019\/03\/fiesta-del-mate-1-631x420.jpg 631w\" sizes=\"auto, (max-width: 642px) 100vw, 642px\" \/><\/a><\/p>\n<p>En la conferencia de prensa que se llev\u00f3 a cabo el mi\u00e9rcoles en la Casa de la Costa, se brindaron detalles organizativos y la programaci\u00f3n, que contar\u00e1 con la participaci\u00f3n de reconocidos exponentes de la m\u00fasica y el canto popular.<\/p>\n<p>Cada jornada, desde las 21, se presentar\u00e1n artistas provenientes del folclore, el rock y la cumbia, para todos los gustos y edades. Tambi\u00e9n habr\u00e1 exponentes de la danza, y del humor.<\/p>\n<p>Como es habitual, se dispondr\u00e1 de sectores con stands de emprendedores, de <strong>expendio de comidas y bebidas y food trucks,<\/strong> para el recorrido gastron\u00f3mico que ofrece cada a\u00f1o la tradicional fiesta de la ciudad.<\/p>\n<p>La secretaria de Cultura del Municipio, <strong>Magda Varisco<\/strong>, destac\u00f3: \u201chemos trabajado mucho para que todo salga bien, particularmente siempre con la expectativa de que el tiempo nos acompa\u00f1e. El a\u00f1o pasado, tuvimos casi 80.000 personas entre las tres noches. Para esta edici\u00f3n todo est\u00e1 previsto, con una programaci\u00f3n que sea para todos, porque es una fiesta pensada para el pueblo. Tambi\u00e9n se contempla la inscripci\u00f3n para el concurso de cebadores del mate que le da mucho empuje y participaci\u00f3n en anteriores ediciones\u201d.<\/p>\n<h3><strong>Los artistas<\/strong><\/h3>\n<p>Las actividades, con acceso libre y gratuito, se iniciar\u00e1n hoy a las 21 con un espect\u00e1culo del <strong>Coro de la Ciudad<\/strong> y el<strong> Ballet de Danza Municipal<\/strong> quienes, en conjunto, interpretar\u00e1n la canci\u00f3n oficial de la Fiesta del Mate.<\/p>\n<p>Posteriormente est\u00e1 prevista la actuaci\u00f3n de <strong>Entre R\u00edos y cantores<\/strong>, la<strong> pareja\u00a0Retamar- Marquez<\/strong> (ganadores Pre Mate como Pareja de Danza); la presencia estelar de<strong> Jairo<\/strong>;<strong> Las voces de Montiel<\/strong>; el humor de <strong>El Chaj\u00e1<\/strong>.<\/p>\n<figure id=\"attachment_25489\" class=\"wp-caption alignnone\"><img loading=\"lazy\" decoding=\"async\" class=\"wp-image-25489 size-full\" src=\"https:\/\/www.eldiario.com.ar\/%77%70%2d%63%6f%6e%74%65%6e%74\/uploads\/2019\/03\/Jairo.jpg\" sizes=\"auto, (max-width: 960px) 100vw, 960px\" srcset=\"https:\/\/www.eldiario.com.ar\/%77%70%2d%63%6f%6e%74%65%6e%74\/uploads\/2019\/03\/Jairo.jpg 960w, https:\/\/www.eldiario.com.ar\/%77%70%2d%63%6f%6e%74%65%6e%74\/uploads\/2019\/03\/Jairo-150x150.jpg 150w, https:\/\/www.eldiario.com.ar\/%77%70%2d%63%6f%6e%74%65%6e%74\/uploads\/2019\/03\/Jairo-300x300.jpg 300w, https:\/\/www.eldiario.com.ar\/%77%70%2d%63%6f%6e%74%65%6e%74\/uploads\/2019\/03\/Jairo-768x768.jpg 768w\" alt=\"\" width=\"960\" height=\"960\" \/><figcaption class=\"wp-caption-text\"><\/figcaption><\/figure>\n<p>Luego subir\u00e1 al escenario <strong>Yamila Cafrune<\/strong>, quien realizar\u00e1 un homenaje a su padre; luego podr\u00e1 escucharse al chamamecero <strong>Monchito Merlo<\/strong>; el folclore norte\u00f1o de <strong>Los Tekis<\/strong> y el cierre con <strong>Los Totora<\/strong>.<\/p>\n<h3><strong>S\u00e1bado 9<\/strong><\/h3>\n<figure id=\"attachment_25488\" class=\"wp-caption alignright\"><figcaption class=\"wp-caption-text\"><\/figcaption><\/figure>\n<p>En tanto este s\u00e1bado pasar\u00e1n por el escenario Luis \u00abPacha\u00bb Rodr\u00edguez,<strong> Zamba Quipildor<\/strong>; <strong>Los Chamarriteros<\/strong>; <strong>Luis Curbelo<\/strong> (ganador Pre-mate como Solista Vocal); <strong>Carlos Garc\u00eda<\/strong> (humorista); <strong>Potro Malambo<\/strong>; <strong>Mit\u00f3manos<\/strong>; <strong>Sergio Galleguillo<\/strong> y <strong>Los Caligaris.<\/strong><\/p>\n<h3><strong>Domingo 10<\/strong><\/h3>\n<p>Para el domingo se espera la actuaci\u00f3n de\u00a0<strong>Candela Vargas<\/strong>, <strong>Carlos Vel\u00e1squez, Amanca\u00a0<\/strong>y (ganador pre mate, como Conjunto Vocal Instrumental), <strong>Indio Lucio Rojas,<\/strong> <strong>Francisco Cuestas, El Chaj\u00e1<\/strong> (humorista), <strong>Sabes Que S\u00ed<\/strong>, <strong>Los Lirios<\/strong>, <strong>Los Pr\u00edncipes <\/strong>y\u00a0<strong>R\u00e1faga.<\/strong><\/p>\n","protected":false},"excerpt":{"rendered":"<p>La capital entrerriana se prepara para tres noches de fiesta. Este viernes, s\u00e1bado y domingo, reconocidos artistas provenientes del folclore, el rock y la cumbia pasar\u00e1n por el escenario Luis \u00abPacha\u00bb Rodr\u00edguez.<\/p>\n","protected":false},"author":2,"featured_media":32368,"comment_status":"open","ping_status":"open","sticky":false,"template":"","format":"standard","meta":{"fifu_image_url":"","fifu_image_alt":"","footnotes":""},"categories":[12],"tags":[1285,45],"class_list":{"0":"post-32366","1":"post","2":"type-post","3":"status-publish","4":"format-standard","5":"has-post-thumbnail","7":"category-espectaculos","8":"tag-fiesta-del-mate","9":"tag-parana"},"yoast_head":"<title>Comienza la Fiesta Nacional del Mate en Paran\u00e1 - Informe Litoral<\/title>\n<meta name=\"robots\" content=\"index, follow, max-snippet:-1, max-image-preview:large, max-video-preview:-1\" \/>\n<link rel=\"canonical\" href=\"https:\/\/informelitoral.com.ar\/comienza-la-fiesta-nacional-del-mate-en-parana\/\" \/>\n<meta property=\"og:locale\" content=\"es_ES\" \/>\n<meta property=\"og:type\" content=\"article\" \/>\n<meta property=\"og:title\" content=\"Comienza la Fiesta Nacional del Mate en Paran\u00e1 - Informe Litoral\" \/>\n<meta property=\"og:description\" content=\"La capital entrerriana se prepara para tres noches de fiesta. Este viernes, s\u00e1bado y domingo, reconocidos artistas provenientes del folclore, el rock y la cumbia pasar\u00e1n por el escenario Luis &quot;Pacha&quot; Rodr\u00edguez.\" \/>\n<meta property=\"og:url\" content=\"https:\/\/informelitoral.com.ar\/comienza-la-fiesta-nacional-del-mate-en-parana\/\" \/>\n<meta property=\"og:site_name\" content=\"Informe Litoral\" \/>\n<meta property=\"article:publisher\" content=\"https:\/\/www.facebook.com\/informelitoral\/\" \/>\n<meta property=\"article:published_time\" content=\"2019-03-08T12:34:30+00:00\" \/>\n<meta property=\"article:modified_time\" content=\"2019-03-08T12:37:32+00:00\" \/>\n<meta property=\"og:image\" content=\"https:\/\/informelitoral.com.ar\/%77%70%2d%63%6f%6e%74%65%6e%74\/uploads\/2019\/03\/fiesta-del-mate.jpg\" \/>\n\t<meta property=\"og:image:width\" content=\"800\" \/>\n\t<meta property=\"og:image:height\" content=\"450\" \/>\n\t<meta property=\"og:image:type\" content=\"image\/jpeg\" \/>\n<meta name=\"author\" content=\"Gonzalo Schmidt\" \/>\n<meta name=\"twitter:card\" content=\"summary_large_image\" \/>\n<meta name=\"twitter:creator\" content=\"@InformeLitoral\" \/>\n<meta name=\"twitter:site\" content=\"@InformeLitoral\" \/>\n<meta name=\"twitter:label1\" content=\"Escrito por\" \/>\n\t<meta name=\"twitter:data1\" content=\"Gonzalo Schmidt\" \/>\n\t<meta name=\"twitter:label2\" content=\"Tiempo de lectura\" \/>\n\t<meta name=\"twitter:data2\" content=\"2 minutos\" \/>\n<script type=\"application\/ld+json\" class=\"yoast-schema-graph\">{\"@context\":\"https:\\\/\\\/schema.org\",\"@graph\":[{\"@type\":\"Article\",\"@id\":\"https:\\\/\\\/informelitoral.com.ar\\\/comienza-la-fiesta-nacional-del-mate-en-parana\\\/#article\",\"isPartOf\":{\"@id\":\"https:\\\/\\\/informelitoral.com.ar\\\/comienza-la-fiesta-nacional-del-mate-en-parana\\\/\"},\"author\":{\"name\":\"Gonzalo Schmidt\",\"@id\":\"https:\\\/\\\/informelitoral.com.ar\\\/#\\\/schema\\\/person\\\/b9d00407c836482871ef1d57bf8e3180\"},\"headline\":\"Comienza la Fiesta Nacional del Mate en Paran\u00e1\",\"datePublished\":\"2019-03-08T12:34:30+00:00\",\"dateModified\":\"2019-03-08T12:37:32+00:00\",\"mainEntityOfPage\":{\"@id\":\"https:\\\/\\\/informelitoral.com.ar\\\/comienza-la-fiesta-nacional-del-mate-en-parana\\\/\"},\"wordCount\":488,\"commentCount\":0,\"publisher\":{\"@id\":\"https:\\\/\\\/informelitoral.com.ar\\\/#organization\"},\"image\":{\"@id\":\"https:\\\/\\\/informelitoral.com.ar\\\/comienza-la-fiesta-nacional-del-mate-en-parana\\\/#primaryimage\"},\"thumbnailUrl\":\"https:\\\/\\\/informelitoral.com.ar\\\/%77%70%2d%63%6f%6e%74%65%6e%74\\\/uploads\\\/2019\\\/03\\\/fiesta-del-mate.jpg\",\"keywords\":[\"Fiesta del Mate\",\"Paran\u00e1\"],\"articleSection\":[\"Espect\u00e1culos\"],\"inLanguage\":\"es\",\"potentialAction\":[{\"@type\":\"CommentAction\",\"name\":\"Comment\",\"target\":[\"https:\\\/\\\/informelitoral.com.ar\\\/comienza-la-fiesta-nacional-del-mate-en-parana\\\/#respond\"]}]},{\"@type\":\"WebPage\",\"@id\":\"https:\\\/\\\/informelitoral.com.ar\\\/comienza-la-fiesta-nacional-del-mate-en-parana\\\/\",\"url\":\"https:\\\/\\\/informelitoral.com.ar\\\/comienza-la-fiesta-nacional-del-mate-en-parana\\\/\",\"name\":\"Comienza la Fiesta Nacional del Mate en Paran\u00e1 - Informe Litoral\",\"isPartOf\":{\"@id\":\"https:\\\/\\\/informelitoral.com.ar\\\/#website\"},\"primaryImageOfPage\":{\"@id\":\"https:\\\/\\\/informelitoral.com.ar\\\/comienza-la-fiesta-nacional-del-mate-en-parana\\\/#primaryimage\"},\"image\":{\"@id\":\"https:\\\/\\\/informelitoral.com.ar\\\/comienza-la-fiesta-nacional-del-mate-en-parana\\\/#primaryimage\"},\"thumbnailUrl\":\"https:\\\/\\\/informelitoral.com.ar\\\/%77%70%2d%63%6f%6e%74%65%6e%74\\\/uploads\\\/2019\\\/03\\\/fiesta-del-mate.jpg\",\"datePublished\":\"2019-03-08T12:34:30+00:00\",\"dateModified\":\"2019-03-08T12:37:32+00:00\",\"breadcrumb\":{\"@id\":\"https:\\\/\\\/informelitoral.com.ar\\\/comienza-la-fiesta-nacional-del-mate-en-parana\\\/#breadcrumb\"},\"inLanguage\":\"es\",\"potentialAction\":[{\"@type\":\"ReadAction\",\"target\":[\"https:\\\/\\\/informelitoral.com.ar\\\/comienza-la-fiesta-nacional-del-mate-en-parana\\\/\"]}]},{\"@type\":\"ImageObject\",\"inLanguage\":\"es\",\"@id\":\"https:\\\/\\\/informelitoral.com.ar\\\/comienza-la-fiesta-nacional-del-mate-en-parana\\\/#primaryimage\",\"url\":\"https:\\\/\\\/informelitoral.com.ar\\\/%77%70%2d%63%6f%6e%74%65%6e%74\\\/uploads\\\/2019\\\/03\\\/fiesta-del-mate.jpg\",\"contentUrl\":\"https:\\\/\\\/informelitoral.com.ar\\\/%77%70%2d%63%6f%6e%74%65%6e%74\\\/uploads\\\/2019\\\/03\\\/fiesta-del-mate.jpg\",\"width\":800,\"height\":450},{\"@type\":\"BreadcrumbList\",\"@id\":\"https:\\\/\\\/informelitoral.com.ar\\\/comienza-la-fiesta-nacional-del-mate-en-parana\\\/#breadcrumb\",\"itemListElement\":[{\"@type\":\"ListItem\",\"position\":1,\"name\":\"Portada\",\"item\":\"https:\\\/\\\/informelitoral.com.ar\\\/\"},{\"@type\":\"ListItem\",\"position\":2,\"name\":\"Comienza la Fiesta Nacional del Mate en Paran\u00e1\"}]},{\"@type\":\"WebSite\",\"@id\":\"https:\\\/\\\/informelitoral.com.ar\\\/#website\",\"url\":\"https:\\\/\\\/informelitoral.com.ar\\\/\",\"name\":\"Informe Litoral\",\"description\":\"&quot;Nos informamos&quot; \",\"publisher\":{\"@id\":\"https:\\\/\\\/informelitoral.com.ar\\\/#organization\"},\"potentialAction\":[{\"@type\":\"SearchAction\",\"target\":{\"@type\":\"EntryPoint\",\"urlTemplate\":\"https:\\\/\\\/informelitoral.com.ar\\\/?s={search_term_string}\"},\"query-input\":{\"@type\":\"PropertyValueSpecification\",\"valueRequired\":true,\"valueName\":\"search_term_string\"}}],\"inLanguage\":\"es\"},{\"@type\":\"Organization\",\"@id\":\"https:\\\/\\\/informelitoral.com.ar\\\/#organization\",\"name\":\"Informe Litoral\",\"url\":\"https:\\\/\\\/informelitoral.com.ar\\\/\",\"logo\":{\"@type\":\"ImageObject\",\"inLanguage\":\"es\",\"@id\":\"https:\\\/\\\/informelitoral.com.ar\\\/#\\\/schema\\\/logo\\\/image\\\/\",\"url\":\"https:\\\/\\\/informelitoral.com.ar\\\/%77%70%2d%63%6f%6e%74%65%6e%74\\\/uploads\\\/2021\\\/01\\\/circulo.png\",\"contentUrl\":\"https:\\\/\\\/informelitoral.com.ar\\\/%77%70%2d%63%6f%6e%74%65%6e%74\\\/uploads\\\/2021\\\/01\\\/circulo.png\",\"width\":723,\"height\":731,\"caption\":\"Informe Litoral\"},\"image\":{\"@id\":\"https:\\\/\\\/informelitoral.com.ar\\\/#\\\/schema\\\/logo\\\/image\\\/\"},\"sameAs\":[\"https:\\\/\\\/www.facebook.com\\\/informelitoral\\\/\",\"https:\\\/\\\/x.com\\\/InformeLitoral\",\"https:\\\/\\\/www.instagram.com\\\/informelitoral\\\/\",\"https:\\\/\\\/www.youtube.com\\\/channel\\\/UCua4Qvz8Icb6MYqhoq9xLXw\"]},{\"@type\":\"Person\",\"@id\":\"https:\\\/\\\/informelitoral.com.ar\\\/#\\\/schema\\\/person\\\/b9d00407c836482871ef1d57bf8e3180\",\"name\":\"Gonzalo Schmidt\",\"image\":{\"@type\":\"ImageObject\",\"inLanguage\":\"es\",\"@id\":\"https:\\\/\\\/secure.gravatar.com\\\/avatar\\\/31a1a7b66ff2de83bd0e9fd79d026630d2d99e55e8bfe501287647b4fd9743de?s=96&d=mm&r=g\",\"url\":\"https:\\\/\\\/secure.gravatar.com\\\/avatar\\\/31a1a7b66ff2de83bd0e9fd79d026630d2d99e55e8bfe501287647b4fd9743de?s=96&d=mm&r=g\",\"contentUrl\":\"https:\\\/\\\/secure.gravatar.com\\\/avatar\\\/31a1a7b66ff2de83bd0e9fd79d026630d2d99e55e8bfe501287647b4fd9743de?s=96&d=mm&r=g\",\"caption\":\"Gonzalo Schmidt\"},\"description\":\"Sitio web de noticias de la provincia de Entre R\u00edos, Argentina. Informaci\u00f3n y entretenimiento. Informe Litoral, nos informamos.\",\"sameAs\":[\"http:\\\/\\\/www.isletasnoticias.com.ar\"],\"url\":\"https:\\\/\\\/informelitoral.com.ar\\\/author\\\/gonzalo\\\/\"}]}<\/script>","yoast_head_json":{"title":"Comienza la Fiesta Nacional del Mate en Paran\u00e1 - Informe Litoral","robots":{"index":"index","follow":"follow","max-snippet":"max-snippet:-1","max-image-preview":"max-image-preview:large","max-video-preview":"max-video-preview:-1"},"canonical":"https:\/\/informelitoral.com.ar\/comienza-la-fiesta-nacional-del-mate-en-parana\/","og_locale":"es_ES","og_type":"article","og_title":"Comienza la Fiesta Nacional del Mate en Paran\u00e1 - Informe Litoral","og_description":"La capital entrerriana se prepara para tres noches de fiesta. Este viernes, s\u00e1bado y domingo, reconocidos artistas provenientes del folclore, el rock y la cumbia pasar\u00e1n por el escenario Luis \"Pacha\" Rodr\u00edguez.","og_url":"https:\/\/informelitoral.com.ar\/comienza-la-fiesta-nacional-del-mate-en-parana\/","og_site_name":"Informe Litoral","article_publisher":"https:\/\/www.facebook.com\/informelitoral\/","article_published_time":"2019-03-08T12:34:30+00:00","article_modified_time":"2019-03-08T12:37:32+00:00","og_image":[{"width":800,"height":450,"url":"https:\/\/informelitoral.com.ar\/%77%70%2d%63%6f%6e%74%65%6e%74\/uploads\/2019\/03\/fiesta-del-mate.jpg","type":"image\/jpeg"}],"author":"Gonzalo Schmidt","twitter_card":"summary_large_image","twitter_creator":"@InformeLitoral","twitter_site":"@InformeLitoral","twitter_misc":{"Escrito por":"Gonzalo Schmidt","Tiempo de lectura":"2 minutos"},"schema":{"@context":"https:\/\/schema.org","@graph":[{"@type":"Article","@id":"https:\/\/informelitoral.com.ar\/comienza-la-fiesta-nacional-del-mate-en-parana\/#article","isPartOf":{"@id":"https:\/\/informelitoral.com.ar\/comienza-la-fiesta-nacional-del-mate-en-parana\/"},"author":{"name":"Gonzalo Schmidt","@id":"https:\/\/informelitoral.com.ar\/#\/schema\/person\/b9d00407c836482871ef1d57bf8e3180"},"headline":"Comienza la Fiesta Nacional del Mate en Paran\u00e1","datePublished":"2019-03-08T12:34:30+00:00","dateModified":"2019-03-08T12:37:32+00:00","mainEntityOfPage":{"@id":"https:\/\/informelitoral.com.ar\/comienza-la-fiesta-nacional-del-mate-en-parana\/"},"wordCount":488,"commentCount":0,"publisher":{"@id":"https:\/\/informelitoral.com.ar\/#organization"},"image":{"@id":"https:\/\/informelitoral.com.ar\/comienza-la-fiesta-nacional-del-mate-en-parana\/#primaryimage"},"thumbnailUrl":"https:\/\/informelitoral.com.ar\/%77%70%2d%63%6f%6e%74%65%6e%74\/uploads\/2019\/03\/fiesta-del-mate.jpg","keywords":["Fiesta del Mate","Paran\u00e1"],"articleSection":["Espect\u00e1culos"],"inLanguage":"es","potentialAction":[{"@type":"CommentAction","name":"Comment","target":["https:\/\/informelitoral.com.ar\/comienza-la-fiesta-nacional-del-mate-en-parana\/#respond"]}]},{"@type":"WebPage","@id":"https:\/\/informelitoral.com.ar\/comienza-la-fiesta-nacional-del-mate-en-parana\/","url":"https:\/\/informelitoral.com.ar\/comienza-la-fiesta-nacional-del-mate-en-parana\/","name":"Comienza la Fiesta Nacional del Mate en Paran\u00e1 - Informe Litoral","isPartOf":{"@id":"https:\/\/informelitoral.com.ar\/#website"},"primaryImageOfPage":{"@id":"https:\/\/informelitoral.com.ar\/comienza-la-fiesta-nacional-del-mate-en-parana\/#primaryimage"},"image":{"@id":"https:\/\/informelitoral.com.ar\/comienza-la-fiesta-nacional-del-mate-en-parana\/#primaryimage"},"thumbnailUrl":"https:\/\/informelitoral.com.ar\/%77%70%2d%63%6f%6e%74%65%6e%74\/uploads\/2019\/03\/fiesta-del-mate.jpg","datePublished":"2019-03-08T12:34:30+00:00","dateModified":"2019-03-08T12:37:32+00:00","breadcrumb":{"@id":"https:\/\/informelitoral.com.ar\/comienza-la-fiesta-nacional-del-mate-en-parana\/#breadcrumb"},"inLanguage":"es","potentialAction":[{"@type":"ReadAction","target":["https:\/\/informelitoral.com.ar\/comienza-la-fiesta-nacional-del-mate-en-parana\/"]}]},{"@type":"ImageObject","inLanguage":"es","@id":"https:\/\/informelitoral.com.ar\/comienza-la-fiesta-nacional-del-mate-en-parana\/#primaryimage","url":"https:\/\/informelitoral.com.ar\/%77%70%2d%63%6f%6e%74%65%6e%74\/uploads\/2019\/03\/fiesta-del-mate.jpg","contentUrl":"https:\/\/informelitoral.com.ar\/%77%70%2d%63%6f%6e%74%65%6e%74\/uploads\/2019\/03\/fiesta-del-mate.jpg","width":800,"height":450},{"@type":"BreadcrumbList","@id":"https:\/\/informelitoral.com.ar\/comienza-la-fiesta-nacional-del-mate-en-parana\/#breadcrumb","itemListElement":[{"@type":"ListItem","position":1,"name":"Portada","item":"https:\/\/informelitoral.com.ar\/"},{"@type":"ListItem","position":2,"name":"Comienza la Fiesta Nacional del Mate en Paran\u00e1"}]},{"@type":"WebSite","@id":"https:\/\/informelitoral.com.ar\/#website","url":"https:\/\/informelitoral.com.ar\/","name":"Informe Litoral","description":"&quot;Nos informamos&quot; ","publisher":{"@id":"https:\/\/informelitoral.com.ar\/#organization"},"potentialAction":[{"@type":"SearchAction","target":{"@type":"EntryPoint","urlTemplate":"https:\/\/informelitoral.com.ar\/?s={search_term_string}"},"query-input":{"@type":"PropertyValueSpecification","valueRequired":true,"valueName":"search_term_string"}}],"inLanguage":"es"},{"@type":"Organization","@id":"https:\/\/informelitoral.com.ar\/#organization","name":"Informe Litoral","url":"https:\/\/informelitoral.com.ar\/","logo":{"@type":"ImageObject","inLanguage":"es","@id":"https:\/\/informelitoral.com.ar\/#\/schema\/logo\/image\/","url":"https:\/\/informelitoral.com.ar\/%77%70%2d%63%6f%6e%74%65%6e%74\/uploads\/2021\/01\/circulo.png","contentUrl":"https:\/\/informelitoral.com.ar\/%77%70%2d%63%6f%6e%74%65%6e%74\/uploads\/2021\/01\/circulo.png","width":723,"height":731,"caption":"Informe Litoral"},"image":{"@id":"https:\/\/informelitoral.com.ar\/#\/schema\/logo\/image\/"},"sameAs":["https:\/\/www.facebook.com\/informelitoral\/","https:\/\/x.com\/InformeLitoral","https:\/\/www.instagram.com\/informelitoral\/","https:\/\/www.youtube.com\/channel\/UCua4Qvz8Icb6MYqhoq9xLXw"]},{"@type":"Person","@id":"https:\/\/informelitoral.com.ar\/#\/schema\/person\/b9d00407c836482871ef1d57bf8e3180","name":"Gonzalo Schmidt","image":{"@type":"ImageObject","inLanguage":"es","@id":"https:\/\/secure.gravatar.com\/avatar\/31a1a7b66ff2de83bd0e9fd79d026630d2d99e55e8bfe501287647b4fd9743de?s=96&d=mm&r=g","url":"https:\/\/secure.gravatar.com\/avatar\/31a1a7b66ff2de83bd0e9fd79d026630d2d99e55e8bfe501287647b4fd9743de?s=96&d=mm&r=g","contentUrl":"https:\/\/secure.gravatar.com\/avatar\/31a1a7b66ff2de83bd0e9fd79d026630d2d99e55e8bfe501287647b4fd9743de?s=96&d=mm&r=g","caption":"Gonzalo Schmidt"},"description":"Sitio web de noticias de la provincia de Entre R\u00edos, Argentina. Informaci\u00f3n y entretenimiento. Informe Litoral, nos informamos.","sameAs":["http:\/\/www.isletasnoticias.com.ar"],"url":"https:\/\/informelitoral.com.ar\/author\/gonzalo\/"}]}},"_links":{"self":[{"href":"https:\/\/informelitoral.com.ar\/%77%70%2d%6a%73%6f%6e\/wp\/v2\/posts\/32366","targetHints":{"allow":["GET"]}}],"collection":[{"href":"https:\/\/informelitoral.com.ar\/%77%70%2d%6a%73%6f%6e\/wp\/v2\/posts"}],"about":[{"href":"https:\/\/informelitoral.com.ar\/%77%70%2d%6a%73%6f%6e\/wp\/v2\/types\/post"}],"author":[{"embeddable":true,"href":"https:\/\/informelitoral.com.ar\/%77%70%2d%6a%73%6f%6e\/wp\/v2\/users\/2"}],"replies":[{"embeddable":true,"href":"https:\/\/informelitoral.com.ar\/%77%70%2d%6a%73%6f%6e\/wp\/v2\/comments?post=32366"}],"version-history":[{"count":0,"href":"https:\/\/informelitoral.com.ar\/%77%70%2d%6a%73%6f%6e\/wp\/v2\/posts\/32366\/revisions"}],"wp:featuredmedia":[{"embeddable":true,"href":"https:\/\/informelitoral.com.ar\/%77%70%2d%6a%73%6f%6e\/wp\/v2\/media\/32368"}],"wp:attachment":[{"href":"https:\/\/informelitoral.com.ar\/%77%70%2d%6a%73%6f%6e\/wp\/v2\/media?parent=32366"}],"wp:term":[{"taxonomy":"category","embeddable":true,"href":"https:\/\/informelitoral.com.ar\/%77%70%2d%6a%73%6f%6e\/wp\/v2\/categories?post=32366"},{"taxonomy":"post_tag","embeddable":true,"href":"https:\/\/informelitoral.com.ar\/%77%70%2d%6a%73%6f%6e\/wp\/v2\/tags?post=32366"}],"curies":[{"name":"wp","href":"https:\/\/api.w.org\/{rel}","templated":true}]}}