{"id":32292,"date":"2019-03-06T15:46:27","date_gmt":"2019-03-06T18:46:27","guid":{"rendered":"https:\/\/www.isletasnoticias.com.ar\/?p=32292"},"modified":"2019-03-06T15:46:27","modified_gmt":"2019-03-06T18:46:27","slug":"ramirez-preven-destinar-10-millones-para-mejorar-120-cuadras","status":"publish","type":"post","link":"https:\/\/informelitoral.com.ar\/ramirez-preven-destinar-10-millones-para-mejorar-120-cuadras\/","title":{"rendered":"Ram\u00edrez: prev\u00e9n destinar $10 millones para mejorar 120 cuadras"},"content":{"rendered":"<p>En el Sal\u00f3n de los Escudos del Concejo Deliberante de General Ram\u00edrez, se realiz\u00f3 el viernes por la noche, el Acto de Apertura de Sesiones Ordinarias del Per\u00edodo 2019, que cont\u00f3 con la presencia de funcionarios, autoridades de diversas instituciones locales, ex concejales, presidentes de dicho cuerpo legislativo y p\u00fablico en general.<a href=\"https:\/\/www.isletasnoticias.com.ar\/%77%70%2d%63%6f%6e%74%65%6e%74\/uploads\/2019\/03\/53736388_1239039829580270_1397979621118443520_n.jpg\"><img loading=\"lazy\" decoding=\"async\" class=\"aligncenter wp-image-32294 size-full\" src=\"https:\/\/www.isletasnoticias.com.ar\/%77%70%2d%63%6f%6e%74%65%6e%74\/uploads\/2019\/03\/53736388_1239039829580270_1397979621118443520_n.jpg\" alt=\"\" width=\"960\" height=\"640\" srcset=\"https:\/\/informelitoral.com.ar\/%77%70%2d%63%6f%6e%74%65%6e%74\/uploads\/2019\/03\/53736388_1239039829580270_1397979621118443520_n.jpg 960w, https:\/\/informelitoral.com.ar\/%77%70%2d%63%6f%6e%74%65%6e%74\/uploads\/2019\/03\/53736388_1239039829580270_1397979621118443520_n-300x200.jpg 300w, https:\/\/informelitoral.com.ar\/%77%70%2d%63%6f%6e%74%65%6e%74\/uploads\/2019\/03\/53736388_1239039829580270_1397979621118443520_n-768x512.jpg 768w, https:\/\/informelitoral.com.ar\/%77%70%2d%63%6f%6e%74%65%6e%74\/uploads\/2019\/03\/53736388_1239039829580270_1397979621118443520_n-696x464.jpg 696w, https:\/\/informelitoral.com.ar\/%77%70%2d%63%6f%6e%74%65%6e%74\/uploads\/2019\/03\/53736388_1239039829580270_1397979621118443520_n-630x420.jpg 630w\" sizes=\"auto, (max-width: 960px) 100vw, 960px\" \/><\/a><\/p>\n<h3><strong>Nuevo sal\u00f3n del Concejo\u00a0<\/strong><\/h3>\n<p>El presidente del HCD, <strong>Prof. Roberto Riffel<\/strong>, destac\u00f3 la remodelaci\u00f3n y puesta en valor de las instalaciones del Concejo que luce totalmente renovado, a partir de una inversi\u00f3n de m\u00e1s de 500 mil pesos, conformada en gran parte gracias a un aporte del Gobierno Nacional, a trav\u00e9s del Ministerio del Interior y Obras P\u00fablicas. \u201cA la fecha 247 iniciativas han sido objeto de tratamiento por este honorable cuerpo. Siempre hubo tiempo para el debate, y a pesar de las discusiones acaloradas, prim\u00f3 el respeto por sobre todo. Podemos decir que comenzamos este a\u00f1o con un concejo fortalecido\u201d, afirm\u00f3.<\/p>\n<h3><strong>Balance de gesti\u00f3n\u00a0<\/strong><\/h3>\n<p>En dicha oportunidad, el presidente municipal<strong> Gustavo Vergara<\/strong> brind\u00f3 un informe de lo realizado durante el 2018 y el plan de gobierno para el corriente a\u00f1o, adem\u00e1s de hacer un balance de los tres a\u00f1os de gesti\u00f3n cumplidos. Compartimos los puntos m\u00e1s relevantes:<br \/>\nHan sido tres a\u00f1os muy intensos y de esfuerzo compartido, por momentos a\u00f1os duros, pero siempre mirando hacia adelante. A\u00f1os de verdadera trasformaci\u00f3n, donde nadie puede negar que se est\u00e1n haciendo muchas cosas en Ram\u00edrez, muchas y muy importantes.<br \/>\nEntendemos y compartimos la exigencia de mejorar las calles, la iluminaci\u00f3n, el riego, los servicios en general. Est\u00e1 en nuestro esp\u00edritu mejorar siempre, con soluciones de calidad. Pero algo debe quedar claro: sin m\u00e1quinas y herramientas era una tarea imposible. (\u2026)<br \/>\nNo dejamos ninguna puerta sin golpear, y as\u00ed ingresaron subsidios, programas nacionales y cr\u00e9ditos que hicieron posible trazar un horizonte, esperanzarnos todos de que la Municipalidad pod\u00eda hacer las cosas por s\u00ed misma. Todav\u00eda recuerdo festejar en el Equipo como un gol las noticias de un plan o proyecto aprobado. Y fueron muchos&#8230;\u00bb<\/p>\n<h3><strong>Plan de obras p\u00fablicas 2019<\/strong><\/h3>\n<p>\u00abEstamos acortando la brecha entre lo que el vecino necesita y lo que la Municipalidad puede dar. Yo tambi\u00e9n estoy ansioso por ver muchos cambios y tenemos la satisfacci\u00f3n de contar que este es el primer a\u00f1o en que pudimos planificar la obra p\u00fablica, con un presupuesto real y estimaciones que no quedar\u00e1n en el papel.<\/p>\n<p>Para este a\u00f1o, <strong>est\u00e1 presupuestada una inversi\u00f3n de $ 10.000.000 para el estabilizado en 120 cuadras<\/strong>. 90 con piedra de arroyo y 30 con piedra mora, todos con una base de broza compactada. Es decir, m\u00e1s de la mitad del presupuesto total en infraestructura est\u00e1 destinado a calles, todo con fondos propios. Adem\u00e1s de obras de estabilizado en distintos barrios.<\/p>\n<p>La semana que viene comenzaremos en Barrio Evita, en Dubner, Acebal, Malisani, General Paz y Artigas. Luego seguiremos por Barrio San Carlos, en calles 10 de Julio, Chacabuco, Maip\u00fa, Avalos, Ortiz y 13 de Marzo. Tambi\u00e9n est\u00e1n previstas obras de estabilizado en Barrio La Pradera y Ram\u00edrez Norte donde ya estuvimos trabajando en Rosario del Tala \u2013 y continuaremos en Padre Schaab, Pastor Eichemberger y Lavalle.<\/p>\n<p>En la trama central de la ciudad iniciamos un plan de bacheo con una inversi\u00f3n de un mill\u00f3n y medio de pesos que continuar\u00e1 a lo largo de todo el a\u00f1o.<br \/>\nLa planificaci\u00f3n incluye Barrio Polideportivo (calles Milano, Arenales, Juanillo Rivero, Mar\u00eda Cecilia Rivero, Puerto Argentino, Illia, y sus transversales) y tambi\u00e9n Barrio sur donde se avanzar\u00e1 en el entubado de desag\u00fces pluviales, badenes y mejorado de calle Rivadavia.<\/p>\n<p>Por primera vez, toda la obra vial se realiza con maquinaria propia. En el 2018 ejecutamos casi cinco kil\u00f3metros metros de cord\u00f3n cuneta y este a\u00f1o realizaremos cuatro kil\u00f3metros m\u00e1s en Barrio La Pradera, Polideportivo y San Carlos &#8211; entre otros \u2013 todos en un esfuerzo compartido con los vecinos a trav\u00e9s del sistema de ahorro previo\u00bb.<\/p>\n<h3><strong>Desaf\u00edos en marcha\u00a0<\/strong><\/h3>\n<p>\u00abDurante un largo tiempo hablamos de cosas tales como parque industrial, reciclado de residuos, traslado de lagunas cloacales\u2026 Hoy las estamos haciendo. Despu\u00e9s de 25 a\u00f1os la Municipalidad adquiri\u00f3 el predio de 23 hect\u00e1reas para ampliar el Parque Industrial. El traslado de las lagunas cloacales es una mega obra concretada por esta gesti\u00f3n. Despu\u00e9s de casi 20 a\u00f1os en Ram\u00edrez volvimos a empezar y cumplimos una cuenta pendiente con el medio ambiente, con nosotros y nuestros hijos. El 1 de diciembre de 2017, inici\u00f3 el plan de separaci\u00f3n de residuos en origen, en toda la ciudad&#8230;\u00bb<\/p>\n<h3><strong>Salud, Educaci\u00f3n y Seguridad\u00a0<\/strong><\/h3>\n<p>\u00abNos preocupa el deterioro de los Sistema de Salud, Educaci\u00f3n y Seguridad, por eso desde hace unos a\u00f1os a esta parte y cada vez m\u00e1s, estamos complementando tareas que son propias del Gobierno Provincial.<\/p>\n<p>Tenemos un importante plan de ayuda alimentaria. S\u00f3lo en 2018 signific\u00f3 alcanzar a 3.666 situaciones de vulnerabilidad, por un monto aproximado de $ 1.200.000. Si tomamos los tres a\u00f1os de gesti\u00f3n son 10.200 ayudas directas en alimentos. 9800 con presupuesto municipal y unas 400 aportadas por el Ministerio de Desarrollo de la Provincia.<\/p>\n<p>Asimismo, tenemos un sistema de becas mensuales para estudiantes de nivel primario cuyo presupuesto se aument\u00f3 en un 400% desde el 2015 a la fecha y que actualmente cubre a 100 ni\u00f1os de nuestra ciudad. Hemos trabajado y seguimos trabajando codo a codo con las universidades de la regi\u00f3n con la meta de ampliar la oferta educativa\u00bb.<\/p>\n<h3><strong>Cultura y deporte<\/strong><\/h3>\n<p>\u00abDesde que llegamos al gobierno, siempre hay algo para hacer en la ciudad. Disfrutar del tiempo libre, encontrarse, recrearse, define nuestra calidad de vida. Y en este sentido, hemos trabajado muy duro para que el deporte y la cultura sean una puerta abierta a la inclusi\u00f3n. Disfrutar, compartir, competir o divertirse ya no es un lujo para el cual hay que salir de Ram\u00edrez.<\/p>\n<p>Quiero subrayar algo en ese sentido: contamos con el decidido apoyo del gobierno nacional para desarrollar estos programas en forma libre y gratuita. La meta de la inclusi\u00f3n es un objetivo que compartimos con ellos.<\/p>\n<p>Un municipio moderno y activo dedica cada vez mayores esfuerzos al cuidado de las personas. En lo que va de nuestra gesti\u00f3n llevamos invertidos m\u00e1s de 1.500.000 pesos para equipar las \u00e1reas de seguridad del municipio. \u00c1reas que antes significaban un \u201ccastigo\u201d o \u201cexilio\u201d hoy est\u00e1n pensadas para servir de manera profesional\u00bb.<\/p>\n<h3><strong>Administraci\u00f3n, servicios y capacitaci\u00f3n\u00a0<\/strong><\/h3>\n<p>\u00abLa vida institucional del estado municipal se normaliz\u00f3. El municipio, de hecho, ya no es m\u00e1s una persona o un apellido. Hechos que deber\u00edan ser normales significaron una proeza hace tres a\u00f1os. Tal el caso de normalizar el pago de haberes. Ya no es un anuncio. Dej\u00f3 de ser noticia. Todos los empleados municipales saben que el primer s\u00e1bado de cada mes van a cobrar sus haberes.<\/p>\n<p>Esto tiene impacto en el bolsillo del trabajador, pero tambi\u00e9n en el resto de la ciudad. Cuando los sueldos de los trabajadores no est\u00e1n al d\u00eda\u2026 es dinero que falta en la mesa familiar, y en las cuentas del comercio local.<\/p>\n<p>Mucho se nos ha o\u00eddo decir acerca de la capitalizaci\u00f3n del Municipio. Y es que <strong>al d\u00eda de hoy llevamos invertidos casi\u00a0 $ 38.000.000 en bienes de capital. 11 veces m\u00e1s de lo que se invirti\u00f3 en el periodo anterior, de 2011 a 2015.\u00a0<\/strong><\/p>\n<p>As\u00ed como compramos inmuebles para ampliar el parque industrial o trasladar las lagunas cloacales, hoy Ram\u00edrez cuenta con nuevos edificios que van cambiando el paisaje urbano. As\u00ed sucede con el NIDO o con el nuevo edificio del Juzgado de Paz realizado junto al Superior Tribunal de Justicia de la Provincia.<\/p>\n<p>Un p\u00e1rrafo especial merecen los nuevos juegos infantiles instalados en el Parque de la Democracia. Otro programa del Gobierno Nacional en el que coincidimos en la meta de incluir, en este caso con espacios p\u00fablicos de calidad y para todos.<\/p>\n<p>As\u00ed como incorporamos maquinaria pesada, tambi\u00e9n equipamos la administraci\u00f3n en sus distintas \u00e1reas. El dialogo con el Sindicato ha sido una fuente creadora de muchas soluciones. Comenzamos por reconocer y respetar su existencia, y en los tres a\u00f1os de gesti\u00f3n definimos la pauta salarial mediante negociaciones libres. Siempre logramos ponernos de acuerdo.<\/p>\n<p>La vida institucional del municipio tambi\u00e9n se normalizo en su relaci\u00f3n con el Honorable Concejo Deliberante. Por primera vez, una gesti\u00f3n \u2013 la nuestra &#8211; ha respondido todos los pedidos de informe remitidos por el Concejo, con la nota distintiva de que los distintos funcionarios \u2013 en mayor o menor medida \u2013 asistieron a debatir y dar explicaciones al recinto.<\/p>\n<p>En estos d\u00edas previos, cuando preparaba este discurso me puse a consultar esto\u2026 la propuesta de gobierno que personalmente repartimos casa por casa\u2026 y podemos decir con gran tranquilidad que \u2013 faltando un a\u00f1o de gesti\u00f3n &#8211; la mayor\u00eda de nuestras propuestas se est\u00e1n realizando\u2026 y las que no\u2026 estamos sentando las bases para poder llevarlas a cabo en un plazo no muy lejano.<br \/>\nEn definitiva, estamos cumpliendo con nuestra palabra y ese es un valor por el que todo el Equipo de Gobierno trabaja en forma incansable.<\/p>\n<p>Hoy nadie duda de nuestra capacidad de hacer, y de seguir haciendo. Amamos Ram\u00edrez\u2026 es nuestro lugar en el mundo\u2026 y todav\u00eda tenemos mucho por cambiar\u00bb\u2026<\/p>\n<p><em>Fuente: Prensa Municipio de Ram\u00edrez\u00a0<\/em><\/p>\n","protected":false},"excerpt":{"rendered":"<p>La inversi\u00f3n est\u00e1 contemplada en el Presupuesto 2019. En la apertura de sesiones del HCD, el intendente Gustavo Vergara, destac\u00f3 adem\u00e1s que \u00abal d\u00eda de hoy llevamos invertidos casi\u00a0 $ 38.000.000 en bienes de capital. 11 veces m\u00e1s de lo que se invirti\u00f3 en el periodo anterior, de 2011 a 2015\u00bb.\u00a0<\/p>\n","protected":false},"author":2,"featured_media":32293,"comment_status":"open","ping_status":"open","sticky":false,"template":"","format":"standard","meta":{"fifu_image_url":"","fifu_image_alt":"","footnotes":""},"categories":[5],"tags":[28,29,263,1193,173,27],"class_list":{"0":"post-32292","1":"post","2":"type-post","3":"status-publish","4":"format-standard","5":"has-post-thumbnail","7":"category-zonales","8":"tag-alianza-ramirense","9":"tag-cambiemos","10":"tag-gustavo-vergara","11":"tag-hcd","12":"tag-municipio","13":"tag-ramirez"},"yoast_head":"<title>Ram\u00edrez: prev\u00e9n destinar $10 millones para mejorar 120 cuadras - Informe Litoral<\/title>\n<meta name=\"robots\" content=\"index, follow, max-snippet:-1, max-image-preview:large, max-video-preview:-1\" \/>\n<link rel=\"canonical\" href=\"https:\/\/informelitoral.com.ar\/ramirez-preven-destinar-10-millones-para-mejorar-120-cuadras\/\" \/>\n<meta property=\"og:locale\" content=\"es_ES\" \/>\n<meta property=\"og:type\" content=\"article\" \/>\n<meta property=\"og:title\" content=\"Ram\u00edrez: prev\u00e9n destinar $10 millones para mejorar 120 cuadras - Informe Litoral\" \/>\n<meta property=\"og:description\" content=\"La inversi\u00f3n est\u00e1 contemplada en el Presupuesto 2019. En la apertura de sesiones del HCD, el intendente Gustavo Vergara, destac\u00f3 adem\u00e1s que &quot;al d\u00eda de hoy llevamos invertidos casi\u00a0 $ 38.000.000 en bienes de capital. 11 veces m\u00e1s de lo que se invirti\u00f3 en el periodo anterior, de 2011 a 2015&quot;.\u00a0\" \/>\n<meta property=\"og:url\" content=\"https:\/\/informelitoral.com.ar\/ramirez-preven-destinar-10-millones-para-mejorar-120-cuadras\/\" \/>\n<meta property=\"og:site_name\" content=\"Informe Litoral\" \/>\n<meta property=\"article:publisher\" content=\"https:\/\/www.facebook.com\/informelitoral\/\" \/>\n<meta property=\"article:published_time\" content=\"2019-03-06T18:46:27+00:00\" \/>\n<meta property=\"og:image\" content=\"https:\/\/informelitoral.com.ar\/%77%70%2d%63%6f%6e%74%65%6e%74\/uploads\/2019\/03\/53152886_1239040136246906_1858122802096242688_n.jpg\" \/>\n\t<meta property=\"og:image:width\" content=\"960\" \/>\n\t<meta property=\"og:image:height\" content=\"716\" \/>\n\t<meta property=\"og:image:type\" content=\"image\/jpeg\" \/>\n<meta name=\"author\" content=\"Gonzalo Schmidt\" \/>\n<meta name=\"twitter:card\" content=\"summary_large_image\" \/>\n<meta name=\"twitter:creator\" content=\"@InformeLitoral\" \/>\n<meta name=\"twitter:site\" content=\"@InformeLitoral\" \/>\n<meta name=\"twitter:label1\" content=\"Escrito por\" \/>\n\t<meta name=\"twitter:data1\" content=\"Gonzalo Schmidt\" \/>\n\t<meta name=\"twitter:label2\" content=\"Tiempo de lectura\" \/>\n\t<meta name=\"twitter:data2\" content=\"8 minutos\" \/>\n<script type=\"application\/ld+json\" class=\"yoast-schema-graph\">{\"@context\":\"https:\\\/\\\/schema.org\",\"@graph\":[{\"@type\":\"Article\",\"@id\":\"https:\\\/\\\/informelitoral.com.ar\\\/ramirez-preven-destinar-10-millones-para-mejorar-120-cuadras\\\/#article\",\"isPartOf\":{\"@id\":\"https:\\\/\\\/informelitoral.com.ar\\\/ramirez-preven-destinar-10-millones-para-mejorar-120-cuadras\\\/\"},\"author\":{\"name\":\"Gonzalo Schmidt\",\"@id\":\"https:\\\/\\\/informelitoral.com.ar\\\/#\\\/schema\\\/person\\\/b9d00407c836482871ef1d57bf8e3180\"},\"headline\":\"Ram\u00edrez: prev\u00e9n destinar $10 millones para mejorar 120 cuadras\",\"datePublished\":\"2019-03-06T18:46:27+00:00\",\"mainEntityOfPage\":{\"@id\":\"https:\\\/\\\/informelitoral.com.ar\\\/ramirez-preven-destinar-10-millones-para-mejorar-120-cuadras\\\/\"},\"wordCount\":1602,\"commentCount\":0,\"publisher\":{\"@id\":\"https:\\\/\\\/informelitoral.com.ar\\\/#organization\"},\"image\":{\"@id\":\"https:\\\/\\\/informelitoral.com.ar\\\/ramirez-preven-destinar-10-millones-para-mejorar-120-cuadras\\\/#primaryimage\"},\"thumbnailUrl\":\"https:\\\/\\\/informelitoral.com.ar\\\/%77%70%2d%63%6f%6e%74%65%6e%74\\\/uploads\\\/2019\\\/03\\\/53152886_1239040136246906_1858122802096242688_n.jpg\",\"keywords\":[\"Alianza Ramirense\",\"Cambiemos\",\"Gustavo Vergara\",\"HCD\",\"Municipio\",\"Ram\u00edrez\"],\"articleSection\":[\"Departamento Diamante\"],\"inLanguage\":\"es\",\"potentialAction\":[{\"@type\":\"CommentAction\",\"name\":\"Comment\",\"target\":[\"https:\\\/\\\/informelitoral.com.ar\\\/ramirez-preven-destinar-10-millones-para-mejorar-120-cuadras\\\/#respond\"]}]},{\"@type\":\"WebPage\",\"@id\":\"https:\\\/\\\/informelitoral.com.ar\\\/ramirez-preven-destinar-10-millones-para-mejorar-120-cuadras\\\/\",\"url\":\"https:\\\/\\\/informelitoral.com.ar\\\/ramirez-preven-destinar-10-millones-para-mejorar-120-cuadras\\\/\",\"name\":\"Ram\u00edrez: prev\u00e9n destinar $10 millones para mejorar 120 cuadras - Informe Litoral\",\"isPartOf\":{\"@id\":\"https:\\\/\\\/informelitoral.com.ar\\\/#website\"},\"primaryImageOfPage\":{\"@id\":\"https:\\\/\\\/informelitoral.com.ar\\\/ramirez-preven-destinar-10-millones-para-mejorar-120-cuadras\\\/#primaryimage\"},\"image\":{\"@id\":\"https:\\\/\\\/informelitoral.com.ar\\\/ramirez-preven-destinar-10-millones-para-mejorar-120-cuadras\\\/#primaryimage\"},\"thumbnailUrl\":\"https:\\\/\\\/informelitoral.com.ar\\\/%77%70%2d%63%6f%6e%74%65%6e%74\\\/uploads\\\/2019\\\/03\\\/53152886_1239040136246906_1858122802096242688_n.jpg\",\"datePublished\":\"2019-03-06T18:46:27+00:00\",\"breadcrumb\":{\"@id\":\"https:\\\/\\\/informelitoral.com.ar\\\/ramirez-preven-destinar-10-millones-para-mejorar-120-cuadras\\\/#breadcrumb\"},\"inLanguage\":\"es\",\"potentialAction\":[{\"@type\":\"ReadAction\",\"target\":[\"https:\\\/\\\/informelitoral.com.ar\\\/ramirez-preven-destinar-10-millones-para-mejorar-120-cuadras\\\/\"]}]},{\"@type\":\"ImageObject\",\"inLanguage\":\"es\",\"@id\":\"https:\\\/\\\/informelitoral.com.ar\\\/ramirez-preven-destinar-10-millones-para-mejorar-120-cuadras\\\/#primaryimage\",\"url\":\"https:\\\/\\\/informelitoral.com.ar\\\/%77%70%2d%63%6f%6e%74%65%6e%74\\\/uploads\\\/2019\\\/03\\\/53152886_1239040136246906_1858122802096242688_n.jpg\",\"contentUrl\":\"https:\\\/\\\/informelitoral.com.ar\\\/%77%70%2d%63%6f%6e%74%65%6e%74\\\/uploads\\\/2019\\\/03\\\/53152886_1239040136246906_1858122802096242688_n.jpg\",\"width\":960,\"height\":716},{\"@type\":\"BreadcrumbList\",\"@id\":\"https:\\\/\\\/informelitoral.com.ar\\\/ramirez-preven-destinar-10-millones-para-mejorar-120-cuadras\\\/#breadcrumb\",\"itemListElement\":[{\"@type\":\"ListItem\",\"position\":1,\"name\":\"Portada\",\"item\":\"https:\\\/\\\/informelitoral.com.ar\\\/\"},{\"@type\":\"ListItem\",\"position\":2,\"name\":\"Ram\u00edrez: prev\u00e9n destinar $10 millones para mejorar 120 cuadras\"}]},{\"@type\":\"WebSite\",\"@id\":\"https:\\\/\\\/informelitoral.com.ar\\\/#website\",\"url\":\"https:\\\/\\\/informelitoral.com.ar\\\/\",\"name\":\"Informe Litoral\",\"description\":\"&quot;Nos informamos&quot; \",\"publisher\":{\"@id\":\"https:\\\/\\\/informelitoral.com.ar\\\/#organization\"},\"potentialAction\":[{\"@type\":\"SearchAction\",\"target\":{\"@type\":\"EntryPoint\",\"urlTemplate\":\"https:\\\/\\\/informelitoral.com.ar\\\/?s={search_term_string}\"},\"query-input\":{\"@type\":\"PropertyValueSpecification\",\"valueRequired\":true,\"valueName\":\"search_term_string\"}}],\"inLanguage\":\"es\"},{\"@type\":\"Organization\",\"@id\":\"https:\\\/\\\/informelitoral.com.ar\\\/#organization\",\"name\":\"Informe Litoral\",\"url\":\"https:\\\/\\\/informelitoral.com.ar\\\/\",\"logo\":{\"@type\":\"ImageObject\",\"inLanguage\":\"es\",\"@id\":\"https:\\\/\\\/informelitoral.com.ar\\\/#\\\/schema\\\/logo\\\/image\\\/\",\"url\":\"https:\\\/\\\/informelitoral.com.ar\\\/%77%70%2d%63%6f%6e%74%65%6e%74\\\/uploads\\\/2021\\\/01\\\/circulo.png\",\"contentUrl\":\"https:\\\/\\\/informelitoral.com.ar\\\/%77%70%2d%63%6f%6e%74%65%6e%74\\\/uploads\\\/2021\\\/01\\\/circulo.png\",\"width\":723,\"height\":731,\"caption\":\"Informe Litoral\"},\"image\":{\"@id\":\"https:\\\/\\\/informelitoral.com.ar\\\/#\\\/schema\\\/logo\\\/image\\\/\"},\"sameAs\":[\"https:\\\/\\\/www.facebook.com\\\/informelitoral\\\/\",\"https:\\\/\\\/x.com\\\/InformeLitoral\",\"https:\\\/\\\/www.instagram.com\\\/informelitoral\\\/\",\"https:\\\/\\\/www.youtube.com\\\/channel\\\/UCua4Qvz8Icb6MYqhoq9xLXw\"]},{\"@type\":\"Person\",\"@id\":\"https:\\\/\\\/informelitoral.com.ar\\\/#\\\/schema\\\/person\\\/b9d00407c836482871ef1d57bf8e3180\",\"name\":\"Gonzalo Schmidt\",\"image\":{\"@type\":\"ImageObject\",\"inLanguage\":\"es\",\"@id\":\"https:\\\/\\\/secure.gravatar.com\\\/avatar\\\/31a1a7b66ff2de83bd0e9fd79d026630d2d99e55e8bfe501287647b4fd9743de?s=96&d=mm&r=g\",\"url\":\"https:\\\/\\\/secure.gravatar.com\\\/avatar\\\/31a1a7b66ff2de83bd0e9fd79d026630d2d99e55e8bfe501287647b4fd9743de?s=96&d=mm&r=g\",\"contentUrl\":\"https:\\\/\\\/secure.gravatar.com\\\/avatar\\\/31a1a7b66ff2de83bd0e9fd79d026630d2d99e55e8bfe501287647b4fd9743de?s=96&d=mm&r=g\",\"caption\":\"Gonzalo Schmidt\"},\"description\":\"Sitio web de noticias de la provincia de Entre R\u00edos, Argentina. Informaci\u00f3n y entretenimiento. Informe Litoral, nos informamos.\",\"sameAs\":[\"http:\\\/\\\/www.isletasnoticias.com.ar\"],\"url\":\"https:\\\/\\\/informelitoral.com.ar\\\/author\\\/gonzalo\\\/\"}]}<\/script>","yoast_head_json":{"title":"Ram\u00edrez: prev\u00e9n destinar $10 millones para mejorar 120 cuadras - Informe Litoral","robots":{"index":"index","follow":"follow","max-snippet":"max-snippet:-1","max-image-preview":"max-image-preview:large","max-video-preview":"max-video-preview:-1"},"canonical":"https:\/\/informelitoral.com.ar\/ramirez-preven-destinar-10-millones-para-mejorar-120-cuadras\/","og_locale":"es_ES","og_type":"article","og_title":"Ram\u00edrez: prev\u00e9n destinar $10 millones para mejorar 120 cuadras - Informe Litoral","og_description":"La inversi\u00f3n est\u00e1 contemplada en el Presupuesto 2019. En la apertura de sesiones del HCD, el intendente Gustavo Vergara, destac\u00f3 adem\u00e1s que \"al d\u00eda de hoy llevamos invertidos casi\u00a0 $ 38.000.000 en bienes de capital. 11 veces m\u00e1s de lo que se invirti\u00f3 en el periodo anterior, de 2011 a 2015\".\u00a0","og_url":"https:\/\/informelitoral.com.ar\/ramirez-preven-destinar-10-millones-para-mejorar-120-cuadras\/","og_site_name":"Informe Litoral","article_publisher":"https:\/\/www.facebook.com\/informelitoral\/","article_published_time":"2019-03-06T18:46:27+00:00","og_image":[{"width":960,"height":716,"url":"https:\/\/informelitoral.com.ar\/%77%70%2d%63%6f%6e%74%65%6e%74\/uploads\/2019\/03\/53152886_1239040136246906_1858122802096242688_n.jpg","type":"image\/jpeg"}],"author":"Gonzalo Schmidt","twitter_card":"summary_large_image","twitter_creator":"@InformeLitoral","twitter_site":"@InformeLitoral","twitter_misc":{"Escrito por":"Gonzalo Schmidt","Tiempo de lectura":"8 minutos"},"schema":{"@context":"https:\/\/schema.org","@graph":[{"@type":"Article","@id":"https:\/\/informelitoral.com.ar\/ramirez-preven-destinar-10-millones-para-mejorar-120-cuadras\/#article","isPartOf":{"@id":"https:\/\/informelitoral.com.ar\/ramirez-preven-destinar-10-millones-para-mejorar-120-cuadras\/"},"author":{"name":"Gonzalo Schmidt","@id":"https:\/\/informelitoral.com.ar\/#\/schema\/person\/b9d00407c836482871ef1d57bf8e3180"},"headline":"Ram\u00edrez: prev\u00e9n destinar $10 millones para mejorar 120 cuadras","datePublished":"2019-03-06T18:46:27+00:00","mainEntityOfPage":{"@id":"https:\/\/informelitoral.com.ar\/ramirez-preven-destinar-10-millones-para-mejorar-120-cuadras\/"},"wordCount":1602,"commentCount":0,"publisher":{"@id":"https:\/\/informelitoral.com.ar\/#organization"},"image":{"@id":"https:\/\/informelitoral.com.ar\/ramirez-preven-destinar-10-millones-para-mejorar-120-cuadras\/#primaryimage"},"thumbnailUrl":"https:\/\/informelitoral.com.ar\/%77%70%2d%63%6f%6e%74%65%6e%74\/uploads\/2019\/03\/53152886_1239040136246906_1858122802096242688_n.jpg","keywords":["Alianza Ramirense","Cambiemos","Gustavo Vergara","HCD","Municipio","Ram\u00edrez"],"articleSection":["Departamento Diamante"],"inLanguage":"es","potentialAction":[{"@type":"CommentAction","name":"Comment","target":["https:\/\/informelitoral.com.ar\/ramirez-preven-destinar-10-millones-para-mejorar-120-cuadras\/#respond"]}]},{"@type":"WebPage","@id":"https:\/\/informelitoral.com.ar\/ramirez-preven-destinar-10-millones-para-mejorar-120-cuadras\/","url":"https:\/\/informelitoral.com.ar\/ramirez-preven-destinar-10-millones-para-mejorar-120-cuadras\/","name":"Ram\u00edrez: prev\u00e9n destinar $10 millones para mejorar 120 cuadras - Informe Litoral","isPartOf":{"@id":"https:\/\/informelitoral.com.ar\/#website"},"primaryImageOfPage":{"@id":"https:\/\/informelitoral.com.ar\/ramirez-preven-destinar-10-millones-para-mejorar-120-cuadras\/#primaryimage"},"image":{"@id":"https:\/\/informelitoral.com.ar\/ramirez-preven-destinar-10-millones-para-mejorar-120-cuadras\/#primaryimage"},"thumbnailUrl":"https:\/\/informelitoral.com.ar\/%77%70%2d%63%6f%6e%74%65%6e%74\/uploads\/2019\/03\/53152886_1239040136246906_1858122802096242688_n.jpg","datePublished":"2019-03-06T18:46:27+00:00","breadcrumb":{"@id":"https:\/\/informelitoral.com.ar\/ramirez-preven-destinar-10-millones-para-mejorar-120-cuadras\/#breadcrumb"},"inLanguage":"es","potentialAction":[{"@type":"ReadAction","target":["https:\/\/informelitoral.com.ar\/ramirez-preven-destinar-10-millones-para-mejorar-120-cuadras\/"]}]},{"@type":"ImageObject","inLanguage":"es","@id":"https:\/\/informelitoral.com.ar\/ramirez-preven-destinar-10-millones-para-mejorar-120-cuadras\/#primaryimage","url":"https:\/\/informelitoral.com.ar\/%77%70%2d%63%6f%6e%74%65%6e%74\/uploads\/2019\/03\/53152886_1239040136246906_1858122802096242688_n.jpg","contentUrl":"https:\/\/informelitoral.com.ar\/%77%70%2d%63%6f%6e%74%65%6e%74\/uploads\/2019\/03\/53152886_1239040136246906_1858122802096242688_n.jpg","width":960,"height":716},{"@type":"BreadcrumbList","@id":"https:\/\/informelitoral.com.ar\/ramirez-preven-destinar-10-millones-para-mejorar-120-cuadras\/#breadcrumb","itemListElement":[{"@type":"ListItem","position":1,"name":"Portada","item":"https:\/\/informelitoral.com.ar\/"},{"@type":"ListItem","position":2,"name":"Ram\u00edrez: prev\u00e9n destinar $10 millones para mejorar 120 cuadras"}]},{"@type":"WebSite","@id":"https:\/\/informelitoral.com.ar\/#website","url":"https:\/\/informelitoral.com.ar\/","name":"Informe Litoral","description":"&quot;Nos informamos&quot; ","publisher":{"@id":"https:\/\/informelitoral.com.ar\/#organization"},"potentialAction":[{"@type":"SearchAction","target":{"@type":"EntryPoint","urlTemplate":"https:\/\/informelitoral.com.ar\/?s={search_term_string}"},"query-input":{"@type":"PropertyValueSpecification","valueRequired":true,"valueName":"search_term_string"}}],"inLanguage":"es"},{"@type":"Organization","@id":"https:\/\/informelitoral.com.ar\/#organization","name":"Informe Litoral","url":"https:\/\/informelitoral.com.ar\/","logo":{"@type":"ImageObject","inLanguage":"es","@id":"https:\/\/informelitoral.com.ar\/#\/schema\/logo\/image\/","url":"https:\/\/informelitoral.com.ar\/%77%70%2d%63%6f%6e%74%65%6e%74\/uploads\/2021\/01\/circulo.png","contentUrl":"https:\/\/informelitoral.com.ar\/%77%70%2d%63%6f%6e%74%65%6e%74\/uploads\/2021\/01\/circulo.png","width":723,"height":731,"caption":"Informe Litoral"},"image":{"@id":"https:\/\/informelitoral.com.ar\/#\/schema\/logo\/image\/"},"sameAs":["https:\/\/www.facebook.com\/informelitoral\/","https:\/\/x.com\/InformeLitoral","https:\/\/www.instagram.com\/informelitoral\/","https:\/\/www.youtube.com\/channel\/UCua4Qvz8Icb6MYqhoq9xLXw"]},{"@type":"Person","@id":"https:\/\/informelitoral.com.ar\/#\/schema\/person\/b9d00407c836482871ef1d57bf8e3180","name":"Gonzalo Schmidt","image":{"@type":"ImageObject","inLanguage":"es","@id":"https:\/\/secure.gravatar.com\/avatar\/31a1a7b66ff2de83bd0e9fd79d026630d2d99e55e8bfe501287647b4fd9743de?s=96&d=mm&r=g","url":"https:\/\/secure.gravatar.com\/avatar\/31a1a7b66ff2de83bd0e9fd79d026630d2d99e55e8bfe501287647b4fd9743de?s=96&d=mm&r=g","contentUrl":"https:\/\/secure.gravatar.com\/avatar\/31a1a7b66ff2de83bd0e9fd79d026630d2d99e55e8bfe501287647b4fd9743de?s=96&d=mm&r=g","caption":"Gonzalo Schmidt"},"description":"Sitio web de noticias de la provincia de Entre R\u00edos, Argentina. Informaci\u00f3n y entretenimiento. Informe Litoral, nos informamos.","sameAs":["http:\/\/www.isletasnoticias.com.ar"],"url":"https:\/\/informelitoral.com.ar\/author\/gonzalo\/"}]}},"_links":{"self":[{"href":"https:\/\/informelitoral.com.ar\/%77%70%2d%6a%73%6f%6e\/wp\/v2\/posts\/32292","targetHints":{"allow":["GET"]}}],"collection":[{"href":"https:\/\/informelitoral.com.ar\/%77%70%2d%6a%73%6f%6e\/wp\/v2\/posts"}],"about":[{"href":"https:\/\/informelitoral.com.ar\/%77%70%2d%6a%73%6f%6e\/wp\/v2\/types\/post"}],"author":[{"embeddable":true,"href":"https:\/\/informelitoral.com.ar\/%77%70%2d%6a%73%6f%6e\/wp\/v2\/users\/2"}],"replies":[{"embeddable":true,"href":"https:\/\/informelitoral.com.ar\/%77%70%2d%6a%73%6f%6e\/wp\/v2\/comments?post=32292"}],"version-history":[{"count":0,"href":"https:\/\/informelitoral.com.ar\/%77%70%2d%6a%73%6f%6e\/wp\/v2\/posts\/32292\/revisions"}],"wp:featuredmedia":[{"embeddable":true,"href":"https:\/\/informelitoral.com.ar\/%77%70%2d%6a%73%6f%6e\/wp\/v2\/media\/32293"}],"wp:attachment":[{"href":"https:\/\/informelitoral.com.ar\/%77%70%2d%6a%73%6f%6e\/wp\/v2\/media?parent=32292"}],"wp:term":[{"taxonomy":"category","embeddable":true,"href":"https:\/\/informelitoral.com.ar\/%77%70%2d%6a%73%6f%6e\/wp\/v2\/categories?post=32292"},{"taxonomy":"post_tag","embeddable":true,"href":"https:\/\/informelitoral.com.ar\/%77%70%2d%6a%73%6f%6e\/wp\/v2\/tags?post=32292"}],"curies":[{"name":"wp","href":"https:\/\/api.w.org\/{rel}","templated":true}]}}