{"id":32145,"date":"2019-02-24T12:32:38","date_gmt":"2019-02-24T15:32:38","guid":{"rendered":"https:\/\/www.isletasnoticias.com.ar\/?p=32145"},"modified":"2019-02-24T12:32:38","modified_gmt":"2019-02-24T15:32:38","slug":"la-ministra-laura-stratta-es-la-companera-de-formula-de-bordet","status":"publish","type":"post","link":"https:\/\/informelitoral.com.ar\/la-ministra-laura-stratta-es-la-companera-de-formula-de-bordet\/","title":{"rendered":"La ministra Laura Stratta es la compa\u00f1era de f\u00f3rmula de Bordet"},"content":{"rendered":"<p>El gobernador <strong>Gustavo Bordet<\/strong> defini\u00f3 como su compa\u00f1era de f\u00f3rmula a la ministra de Desarrollo Social, <strong>Laura Stratta<\/strong>. Por primera vez una mujer integrar\u00e1 el binomio electoral para acceder a la gobernaci\u00f3n de la provincia en el per\u00edodo 2019-2023.<\/p>\n<p>Bordet y Stratta ser\u00e1n la f\u00f3rmula a gobernador y vice del Frente Justicialista Creer Entre R\u00edos que se integr\u00f3 hace pocos d\u00edas con 11 fuerzas pol\u00edticas.<\/p>\n<p><strong>\u00bfQui\u00e9n es Laura Stratta?<\/strong><\/p>\n<p>Mar\u00eda Laura Stratta naci\u00f3 el 22 de febrero de 1976 en Victoria. Es hija de Mar\u00eda Alcira Liprandi y del recordado Juan Carlos Stratta, quien fuera intendente de la ciudad y legislador provincial.<\/p>\n<p>Curs\u00f3 sus estudios primarios y secundarios en el Colegio Nuestra Se\u00f1ora del Huerto en Victoria. Al concluirlos se traslad\u00f3 a Paran\u00e1 para estudiar Comunicaci\u00f3n Social en la Facultad de Ciencias de la Educaci\u00f3n, donde se gradu\u00f3 con el t\u00edtulo de Licenciada.<\/p>\n<p>Fue asesora en el Congreso de la Naci\u00f3n de legisladores nacionales y tambi\u00e9n de la Convenci\u00f3n Constituyente 2008, que reform\u00f3 la Carta Magna provincial.<\/p>\n<p>Desde comienzos del 2000, est\u00e1 comprometida con el trabajo en las organizaciones sociales. Fue referente provincial del Programa Banco Popular de la Buena Fe (Ministerio de Desarrollo Social de la Naci\u00f3n) y coordinadora de la sistematizaci\u00f3n en Entre R\u00edos del programa de fortalecimiento de las Instituciones de Microcr\u00e9dito.<\/p>\n<p>En octubre de 2011 fue electa diputada provincial para el per\u00edodo que concluy\u00f3 el 10 de diciembre de 2015. Durante esos cuatro a\u00f1os, fue presidenta de la Comisi\u00f3n de Legislaci\u00f3n General y ocup\u00f3 la presidencia ad honorem del Instituto Becario provincial. Dentro de su tarea legislativa, se destaca por ser autora de la ley de econom\u00eda social de Entre R\u00edos.<\/p>\n<p>Al asumir esta gesti\u00f3n de gobierno, Gustavo Bordet confi\u00f3 en ella y en su equipo para conducir el Ministerio de Desarrollo Social de la provincia desde el inicio de su gesti\u00f3n. Est\u00e1 casada y tiene dos hijos.<\/p>\n","protected":false},"excerpt":{"rendered":"<p>Est\u00e1 el frente del Ministerio de Desarrollo Social y ser\u00eda la primera mujer en acceder a la vicegobernaci\u00f3n de la provincia. <\/p>\n","protected":false},"author":2,"featured_media":32146,"comment_status":"open","ping_status":"open","sticky":false,"template":"","format":"standard","meta":{"fifu_image_url":"","fifu_image_alt":"","footnotes":""},"categories":[16],"tags":[421,81,167,197],"class_list":{"0":"post-32145","1":"post","2":"type-post","3":"status-publish","4":"format-standard","5":"has-post-thumbnail","7":"category-politi","8":"tag-elecciones-2019","9":"tag-entre-rios","10":"tag-gustavo-bordet","11":"tag-pj"},"yoast_head":"<title>La ministra Laura Stratta es la compa\u00f1era de f\u00f3rmula de Bordet - Informe Litoral<\/title>\n<meta name=\"robots\" content=\"index, follow, max-snippet:-1, max-image-preview:large, max-video-preview:-1\" \/>\n<link rel=\"canonical\" href=\"https:\/\/informelitoral.com.ar\/la-ministra-laura-stratta-es-la-companera-de-formula-de-bordet\/\" \/>\n<meta property=\"og:locale\" content=\"es_ES\" \/>\n<meta property=\"og:type\" content=\"article\" \/>\n<meta property=\"og:title\" content=\"La ministra Laura Stratta es la compa\u00f1era de f\u00f3rmula de Bordet - Informe Litoral\" \/>\n<meta property=\"og:description\" content=\"Est\u00e1 el frente del Ministerio de Desarrollo Social y ser\u00eda la primera mujer en acceder a la vicegobernaci\u00f3n de la provincia.\" \/>\n<meta property=\"og:url\" content=\"https:\/\/informelitoral.com.ar\/la-ministra-laura-stratta-es-la-companera-de-formula-de-bordet\/\" \/>\n<meta property=\"og:site_name\" content=\"Informe Litoral\" \/>\n<meta property=\"article:publisher\" content=\"https:\/\/www.facebook.com\/informelitoral\/\" \/>\n<meta property=\"article:published_time\" content=\"2019-02-24T15:32:38+00:00\" \/>\n<meta property=\"og:image\" content=\"https:\/\/informelitoral.com.ar\/%77%70%2d%63%6f%6e%74%65%6e%74\/uploads\/2019\/02\/laura-stratta-bordet.jpg\" \/>\n\t<meta property=\"og:image:width\" content=\"1142\" \/>\n\t<meta property=\"og:image:height\" content=\"816\" \/>\n\t<meta property=\"og:image:type\" content=\"image\/jpeg\" \/>\n<meta name=\"author\" content=\"Gonzalo Schmidt\" \/>\n<meta name=\"twitter:card\" content=\"summary_large_image\" \/>\n<meta name=\"twitter:creator\" content=\"@InformeLitoral\" \/>\n<meta name=\"twitter:site\" content=\"@InformeLitoral\" \/>\n<meta name=\"twitter:label1\" content=\"Escrito por\" \/>\n\t<meta name=\"twitter:data1\" content=\"Gonzalo Schmidt\" \/>\n\t<meta name=\"twitter:label2\" content=\"Tiempo de lectura\" \/>\n\t<meta name=\"twitter:data2\" content=\"2 minutos\" \/>\n<script type=\"application\/ld+json\" class=\"yoast-schema-graph\">{\"@context\":\"https:\\\/\\\/schema.org\",\"@graph\":[{\"@type\":\"Article\",\"@id\":\"https:\\\/\\\/informelitoral.com.ar\\\/la-ministra-laura-stratta-es-la-companera-de-formula-de-bordet\\\/#article\",\"isPartOf\":{\"@id\":\"https:\\\/\\\/informelitoral.com.ar\\\/la-ministra-laura-stratta-es-la-companera-de-formula-de-bordet\\\/\"},\"author\":{\"name\":\"Gonzalo Schmidt\",\"@id\":\"https:\\\/\\\/informelitoral.com.ar\\\/#\\\/schema\\\/person\\\/b9d00407c836482871ef1d57bf8e3180\"},\"headline\":\"La ministra Laura Stratta es la compa\u00f1era de f\u00f3rmula de Bordet\",\"datePublished\":\"2019-02-24T15:32:38+00:00\",\"mainEntityOfPage\":{\"@id\":\"https:\\\/\\\/informelitoral.com.ar\\\/la-ministra-laura-stratta-es-la-companera-de-formula-de-bordet\\\/\"},\"wordCount\":348,\"commentCount\":0,\"publisher\":{\"@id\":\"https:\\\/\\\/informelitoral.com.ar\\\/#organization\"},\"image\":{\"@id\":\"https:\\\/\\\/informelitoral.com.ar\\\/la-ministra-laura-stratta-es-la-companera-de-formula-de-bordet\\\/#primaryimage\"},\"thumbnailUrl\":\"https:\\\/\\\/informelitoral.com.ar\\\/%77%70%2d%63%6f%6e%74%65%6e%74\\\/uploads\\\/2019\\\/02\\\/laura-stratta-bordet.jpg\",\"keywords\":[\"Elecciones 2019\",\"Entre R\u00edos\",\"Gustavo Bordet\",\"PJ\"],\"articleSection\":[\"Politica\"],\"inLanguage\":\"es\",\"potentialAction\":[{\"@type\":\"CommentAction\",\"name\":\"Comment\",\"target\":[\"https:\\\/\\\/informelitoral.com.ar\\\/la-ministra-laura-stratta-es-la-companera-de-formula-de-bordet\\\/#respond\"]}]},{\"@type\":\"WebPage\",\"@id\":\"https:\\\/\\\/informelitoral.com.ar\\\/la-ministra-laura-stratta-es-la-companera-de-formula-de-bordet\\\/\",\"url\":\"https:\\\/\\\/informelitoral.com.ar\\\/la-ministra-laura-stratta-es-la-companera-de-formula-de-bordet\\\/\",\"name\":\"La ministra Laura Stratta es la compa\u00f1era de f\u00f3rmula de Bordet - Informe Litoral\",\"isPartOf\":{\"@id\":\"https:\\\/\\\/informelitoral.com.ar\\\/#website\"},\"primaryImageOfPage\":{\"@id\":\"https:\\\/\\\/informelitoral.com.ar\\\/la-ministra-laura-stratta-es-la-companera-de-formula-de-bordet\\\/#primaryimage\"},\"image\":{\"@id\":\"https:\\\/\\\/informelitoral.com.ar\\\/la-ministra-laura-stratta-es-la-companera-de-formula-de-bordet\\\/#primaryimage\"},\"thumbnailUrl\":\"https:\\\/\\\/informelitoral.com.ar\\\/%77%70%2d%63%6f%6e%74%65%6e%74\\\/uploads\\\/2019\\\/02\\\/laura-stratta-bordet.jpg\",\"datePublished\":\"2019-02-24T15:32:38+00:00\",\"breadcrumb\":{\"@id\":\"https:\\\/\\\/informelitoral.com.ar\\\/la-ministra-laura-stratta-es-la-companera-de-formula-de-bordet\\\/#breadcrumb\"},\"inLanguage\":\"es\",\"potentialAction\":[{\"@type\":\"ReadAction\",\"target\":[\"https:\\\/\\\/informelitoral.com.ar\\\/la-ministra-laura-stratta-es-la-companera-de-formula-de-bordet\\\/\"]}]},{\"@type\":\"ImageObject\",\"inLanguage\":\"es\",\"@id\":\"https:\\\/\\\/informelitoral.com.ar\\\/la-ministra-laura-stratta-es-la-companera-de-formula-de-bordet\\\/#primaryimage\",\"url\":\"https:\\\/\\\/informelitoral.com.ar\\\/%77%70%2d%63%6f%6e%74%65%6e%74\\\/uploads\\\/2019\\\/02\\\/laura-stratta-bordet.jpg\",\"contentUrl\":\"https:\\\/\\\/informelitoral.com.ar\\\/%77%70%2d%63%6f%6e%74%65%6e%74\\\/uploads\\\/2019\\\/02\\\/laura-stratta-bordet.jpg\",\"width\":1142,\"height\":816},{\"@type\":\"BreadcrumbList\",\"@id\":\"https:\\\/\\\/informelitoral.com.ar\\\/la-ministra-laura-stratta-es-la-companera-de-formula-de-bordet\\\/#breadcrumb\",\"itemListElement\":[{\"@type\":\"ListItem\",\"position\":1,\"name\":\"Portada\",\"item\":\"https:\\\/\\\/informelitoral.com.ar\\\/\"},{\"@type\":\"ListItem\",\"position\":2,\"name\":\"La ministra Laura Stratta es la compa\u00f1era de f\u00f3rmula de Bordet\"}]},{\"@type\":\"WebSite\",\"@id\":\"https:\\\/\\\/informelitoral.com.ar\\\/#website\",\"url\":\"https:\\\/\\\/informelitoral.com.ar\\\/\",\"name\":\"Informe Litoral\",\"description\":\"&quot;Nos informamos&quot; \",\"publisher\":{\"@id\":\"https:\\\/\\\/informelitoral.com.ar\\\/#organization\"},\"potentialAction\":[{\"@type\":\"SearchAction\",\"target\":{\"@type\":\"EntryPoint\",\"urlTemplate\":\"https:\\\/\\\/informelitoral.com.ar\\\/?s={search_term_string}\"},\"query-input\":{\"@type\":\"PropertyValueSpecification\",\"valueRequired\":true,\"valueName\":\"search_term_string\"}}],\"inLanguage\":\"es\"},{\"@type\":\"Organization\",\"@id\":\"https:\\\/\\\/informelitoral.com.ar\\\/#organization\",\"name\":\"Informe Litoral\",\"url\":\"https:\\\/\\\/informelitoral.com.ar\\\/\",\"logo\":{\"@type\":\"ImageObject\",\"inLanguage\":\"es\",\"@id\":\"https:\\\/\\\/informelitoral.com.ar\\\/#\\\/schema\\\/logo\\\/image\\\/\",\"url\":\"https:\\\/\\\/informelitoral.com.ar\\\/%77%70%2d%63%6f%6e%74%65%6e%74\\\/uploads\\\/2021\\\/01\\\/circulo.png\",\"contentUrl\":\"https:\\\/\\\/informelitoral.com.ar\\\/%77%70%2d%63%6f%6e%74%65%6e%74\\\/uploads\\\/2021\\\/01\\\/circulo.png\",\"width\":723,\"height\":731,\"caption\":\"Informe Litoral\"},\"image\":{\"@id\":\"https:\\\/\\\/informelitoral.com.ar\\\/#\\\/schema\\\/logo\\\/image\\\/\"},\"sameAs\":[\"https:\\\/\\\/www.facebook.com\\\/informelitoral\\\/\",\"https:\\\/\\\/x.com\\\/InformeLitoral\",\"https:\\\/\\\/www.instagram.com\\\/informelitoral\\\/\",\"https:\\\/\\\/www.youtube.com\\\/channel\\\/UCua4Qvz8Icb6MYqhoq9xLXw\"]},{\"@type\":\"Person\",\"@id\":\"https:\\\/\\\/informelitoral.com.ar\\\/#\\\/schema\\\/person\\\/b9d00407c836482871ef1d57bf8e3180\",\"name\":\"Gonzalo Schmidt\",\"image\":{\"@type\":\"ImageObject\",\"inLanguage\":\"es\",\"@id\":\"https:\\\/\\\/secure.gravatar.com\\\/avatar\\\/31a1a7b66ff2de83bd0e9fd79d026630d2d99e55e8bfe501287647b4fd9743de?s=96&d=mm&r=g\",\"url\":\"https:\\\/\\\/secure.gravatar.com\\\/avatar\\\/31a1a7b66ff2de83bd0e9fd79d026630d2d99e55e8bfe501287647b4fd9743de?s=96&d=mm&r=g\",\"contentUrl\":\"https:\\\/\\\/secure.gravatar.com\\\/avatar\\\/31a1a7b66ff2de83bd0e9fd79d026630d2d99e55e8bfe501287647b4fd9743de?s=96&d=mm&r=g\",\"caption\":\"Gonzalo Schmidt\"},\"description\":\"Sitio web de noticias de la provincia de Entre R\u00edos, Argentina. Informaci\u00f3n y entretenimiento. Informe Litoral, nos informamos.\",\"sameAs\":[\"http:\\\/\\\/www.isletasnoticias.com.ar\"],\"url\":\"https:\\\/\\\/informelitoral.com.ar\\\/author\\\/gonzalo\\\/\"}]}<\/script>","yoast_head_json":{"title":"La ministra Laura Stratta es la compa\u00f1era de f\u00f3rmula de Bordet - Informe Litoral","robots":{"index":"index","follow":"follow","max-snippet":"max-snippet:-1","max-image-preview":"max-image-preview:large","max-video-preview":"max-video-preview:-1"},"canonical":"https:\/\/informelitoral.com.ar\/la-ministra-laura-stratta-es-la-companera-de-formula-de-bordet\/","og_locale":"es_ES","og_type":"article","og_title":"La ministra Laura Stratta es la compa\u00f1era de f\u00f3rmula de Bordet - Informe Litoral","og_description":"Est\u00e1 el frente del Ministerio de Desarrollo Social y ser\u00eda la primera mujer en acceder a la vicegobernaci\u00f3n de la provincia.","og_url":"https:\/\/informelitoral.com.ar\/la-ministra-laura-stratta-es-la-companera-de-formula-de-bordet\/","og_site_name":"Informe Litoral","article_publisher":"https:\/\/www.facebook.com\/informelitoral\/","article_published_time":"2019-02-24T15:32:38+00:00","og_image":[{"width":1142,"height":816,"url":"https:\/\/informelitoral.com.ar\/%77%70%2d%63%6f%6e%74%65%6e%74\/uploads\/2019\/02\/laura-stratta-bordet.jpg","type":"image\/jpeg"}],"author":"Gonzalo Schmidt","twitter_card":"summary_large_image","twitter_creator":"@InformeLitoral","twitter_site":"@InformeLitoral","twitter_misc":{"Escrito por":"Gonzalo Schmidt","Tiempo de lectura":"2 minutos"},"schema":{"@context":"https:\/\/schema.org","@graph":[{"@type":"Article","@id":"https:\/\/informelitoral.com.ar\/la-ministra-laura-stratta-es-la-companera-de-formula-de-bordet\/#article","isPartOf":{"@id":"https:\/\/informelitoral.com.ar\/la-ministra-laura-stratta-es-la-companera-de-formula-de-bordet\/"},"author":{"name":"Gonzalo Schmidt","@id":"https:\/\/informelitoral.com.ar\/#\/schema\/person\/b9d00407c836482871ef1d57bf8e3180"},"headline":"La ministra Laura Stratta es la compa\u00f1era de f\u00f3rmula de Bordet","datePublished":"2019-02-24T15:32:38+00:00","mainEntityOfPage":{"@id":"https:\/\/informelitoral.com.ar\/la-ministra-laura-stratta-es-la-companera-de-formula-de-bordet\/"},"wordCount":348,"commentCount":0,"publisher":{"@id":"https:\/\/informelitoral.com.ar\/#organization"},"image":{"@id":"https:\/\/informelitoral.com.ar\/la-ministra-laura-stratta-es-la-companera-de-formula-de-bordet\/#primaryimage"},"thumbnailUrl":"https:\/\/informelitoral.com.ar\/%77%70%2d%63%6f%6e%74%65%6e%74\/uploads\/2019\/02\/laura-stratta-bordet.jpg","keywords":["Elecciones 2019","Entre R\u00edos","Gustavo Bordet","PJ"],"articleSection":["Politica"],"inLanguage":"es","potentialAction":[{"@type":"CommentAction","name":"Comment","target":["https:\/\/informelitoral.com.ar\/la-ministra-laura-stratta-es-la-companera-de-formula-de-bordet\/#respond"]}]},{"@type":"WebPage","@id":"https:\/\/informelitoral.com.ar\/la-ministra-laura-stratta-es-la-companera-de-formula-de-bordet\/","url":"https:\/\/informelitoral.com.ar\/la-ministra-laura-stratta-es-la-companera-de-formula-de-bordet\/","name":"La ministra Laura Stratta es la compa\u00f1era de f\u00f3rmula de Bordet - Informe Litoral","isPartOf":{"@id":"https:\/\/informelitoral.com.ar\/#website"},"primaryImageOfPage":{"@id":"https:\/\/informelitoral.com.ar\/la-ministra-laura-stratta-es-la-companera-de-formula-de-bordet\/#primaryimage"},"image":{"@id":"https:\/\/informelitoral.com.ar\/la-ministra-laura-stratta-es-la-companera-de-formula-de-bordet\/#primaryimage"},"thumbnailUrl":"https:\/\/informelitoral.com.ar\/%77%70%2d%63%6f%6e%74%65%6e%74\/uploads\/2019\/02\/laura-stratta-bordet.jpg","datePublished":"2019-02-24T15:32:38+00:00","breadcrumb":{"@id":"https:\/\/informelitoral.com.ar\/la-ministra-laura-stratta-es-la-companera-de-formula-de-bordet\/#breadcrumb"},"inLanguage":"es","potentialAction":[{"@type":"ReadAction","target":["https:\/\/informelitoral.com.ar\/la-ministra-laura-stratta-es-la-companera-de-formula-de-bordet\/"]}]},{"@type":"ImageObject","inLanguage":"es","@id":"https:\/\/informelitoral.com.ar\/la-ministra-laura-stratta-es-la-companera-de-formula-de-bordet\/#primaryimage","url":"https:\/\/informelitoral.com.ar\/%77%70%2d%63%6f%6e%74%65%6e%74\/uploads\/2019\/02\/laura-stratta-bordet.jpg","contentUrl":"https:\/\/informelitoral.com.ar\/%77%70%2d%63%6f%6e%74%65%6e%74\/uploads\/2019\/02\/laura-stratta-bordet.jpg","width":1142,"height":816},{"@type":"BreadcrumbList","@id":"https:\/\/informelitoral.com.ar\/la-ministra-laura-stratta-es-la-companera-de-formula-de-bordet\/#breadcrumb","itemListElement":[{"@type":"ListItem","position":1,"name":"Portada","item":"https:\/\/informelitoral.com.ar\/"},{"@type":"ListItem","position":2,"name":"La ministra Laura Stratta es la compa\u00f1era de f\u00f3rmula de Bordet"}]},{"@type":"WebSite","@id":"https:\/\/informelitoral.com.ar\/#website","url":"https:\/\/informelitoral.com.ar\/","name":"Informe Litoral","description":"&quot;Nos informamos&quot; ","publisher":{"@id":"https:\/\/informelitoral.com.ar\/#organization"},"potentialAction":[{"@type":"SearchAction","target":{"@type":"EntryPoint","urlTemplate":"https:\/\/informelitoral.com.ar\/?s={search_term_string}"},"query-input":{"@type":"PropertyValueSpecification","valueRequired":true,"valueName":"search_term_string"}}],"inLanguage":"es"},{"@type":"Organization","@id":"https:\/\/informelitoral.com.ar\/#organization","name":"Informe Litoral","url":"https:\/\/informelitoral.com.ar\/","logo":{"@type":"ImageObject","inLanguage":"es","@id":"https:\/\/informelitoral.com.ar\/#\/schema\/logo\/image\/","url":"https:\/\/informelitoral.com.ar\/%77%70%2d%63%6f%6e%74%65%6e%74\/uploads\/2021\/01\/circulo.png","contentUrl":"https:\/\/informelitoral.com.ar\/%77%70%2d%63%6f%6e%74%65%6e%74\/uploads\/2021\/01\/circulo.png","width":723,"height":731,"caption":"Informe Litoral"},"image":{"@id":"https:\/\/informelitoral.com.ar\/#\/schema\/logo\/image\/"},"sameAs":["https:\/\/www.facebook.com\/informelitoral\/","https:\/\/x.com\/InformeLitoral","https:\/\/www.instagram.com\/informelitoral\/","https:\/\/www.youtube.com\/channel\/UCua4Qvz8Icb6MYqhoq9xLXw"]},{"@type":"Person","@id":"https:\/\/informelitoral.com.ar\/#\/schema\/person\/b9d00407c836482871ef1d57bf8e3180","name":"Gonzalo Schmidt","image":{"@type":"ImageObject","inLanguage":"es","@id":"https:\/\/secure.gravatar.com\/avatar\/31a1a7b66ff2de83bd0e9fd79d026630d2d99e55e8bfe501287647b4fd9743de?s=96&d=mm&r=g","url":"https:\/\/secure.gravatar.com\/avatar\/31a1a7b66ff2de83bd0e9fd79d026630d2d99e55e8bfe501287647b4fd9743de?s=96&d=mm&r=g","contentUrl":"https:\/\/secure.gravatar.com\/avatar\/31a1a7b66ff2de83bd0e9fd79d026630d2d99e55e8bfe501287647b4fd9743de?s=96&d=mm&r=g","caption":"Gonzalo Schmidt"},"description":"Sitio web de noticias de la provincia de Entre R\u00edos, Argentina. Informaci\u00f3n y entretenimiento. Informe Litoral, nos informamos.","sameAs":["http:\/\/www.isletasnoticias.com.ar"],"url":"https:\/\/informelitoral.com.ar\/author\/gonzalo\/"}]}},"_links":{"self":[{"href":"https:\/\/informelitoral.com.ar\/%77%70%2d%6a%73%6f%6e\/wp\/v2\/posts\/32145","targetHints":{"allow":["GET"]}}],"collection":[{"href":"https:\/\/informelitoral.com.ar\/%77%70%2d%6a%73%6f%6e\/wp\/v2\/posts"}],"about":[{"href":"https:\/\/informelitoral.com.ar\/%77%70%2d%6a%73%6f%6e\/wp\/v2\/types\/post"}],"author":[{"embeddable":true,"href":"https:\/\/informelitoral.com.ar\/%77%70%2d%6a%73%6f%6e\/wp\/v2\/users\/2"}],"replies":[{"embeddable":true,"href":"https:\/\/informelitoral.com.ar\/%77%70%2d%6a%73%6f%6e\/wp\/v2\/comments?post=32145"}],"version-history":[{"count":0,"href":"https:\/\/informelitoral.com.ar\/%77%70%2d%6a%73%6f%6e\/wp\/v2\/posts\/32145\/revisions"}],"wp:featuredmedia":[{"embeddable":true,"href":"https:\/\/informelitoral.com.ar\/%77%70%2d%6a%73%6f%6e\/wp\/v2\/media\/32146"}],"wp:attachment":[{"href":"https:\/\/informelitoral.com.ar\/%77%70%2d%6a%73%6f%6e\/wp\/v2\/media?parent=32145"}],"wp:term":[{"taxonomy":"category","embeddable":true,"href":"https:\/\/informelitoral.com.ar\/%77%70%2d%6a%73%6f%6e\/wp\/v2\/categories?post=32145"},{"taxonomy":"post_tag","embeddable":true,"href":"https:\/\/informelitoral.com.ar\/%77%70%2d%6a%73%6f%6e\/wp\/v2\/tags?post=32145"}],"curies":[{"name":"wp","href":"https:\/\/api.w.org\/{rel}","templated":true}]}}