{"id":3207,"date":"2013-09-15T14:23:36","date_gmt":"2013-09-15T17:23:36","guid":{"rendered":"http:\/\/www.isletasnoticias.com.ar\/?p=3207"},"modified":"2013-09-15T14:29:10","modified_gmt":"2013-09-15T17:29:10","slug":"cristina-el-poder-politico-es-el-que-menos-poder-tiene-porque-necesita-validacion-y-legitimidad-en-elecciones","status":"publish","type":"post","link":"https:\/\/informelitoral.com.ar\/cristina-el-poder-politico-es-el-que-menos-poder-tiene-porque-necesita-validacion-y-legitimidad-en-elecciones\/","title":{"rendered":"Cristina: \u00abEl poder pol\u00edtico es el que menos poder tiene, porque necesita validaci\u00f3n y legitimidad en elecciones\u00bb"},"content":{"rendered":"<p><strong>La Presidente dio una entrevista al periodista <em>Hern\u00e1n Brienza<\/em>; la primera media hora fue emitida hoy por la TV P\u00fablica y Radio Nacional; el pr\u00f3ximo s\u00e1bado transmitir\u00e1n la segunda parte.<\/strong><\/p>\n<p style=\"text-align: left;\"><strong><a href=\"http:\/\/www.isletasnoticias.com.ar\/%77%70%2d%63%6f%6e%74%65%6e%74\/uploads\/2013\/09\/Cristina-dolares-necesitan-Captura-TV_CLAIMA20130914_0154_17.jpg\"><img loading=\"lazy\" decoding=\"async\" class=\"size-medium wp-image-3208 aligncenter\" alt=\"Cristina-dolares-necesitan-Captura-TV_CLAIMA20130914_0154_17\" src=\"http:\/\/www.isletasnoticias.com.ar\/%77%70%2d%63%6f%6e%74%65%6e%74\/uploads\/2013\/09\/Cristina-dolares-necesitan-Captura-TV_CLAIMA20130914_0154_17-300x168.jpg\" width=\"300\" height=\"168\" srcset=\"https:\/\/informelitoral.com.ar\/%77%70%2d%63%6f%6e%74%65%6e%74\/uploads\/2013\/09\/Cristina-dolares-necesitan-Captura-TV_CLAIMA20130914_0154_17-300x168.jpg 300w, https:\/\/informelitoral.com.ar\/%77%70%2d%63%6f%6e%74%65%6e%74\/uploads\/2013\/09\/Cristina-dolares-necesitan-Captura-TV_CLAIMA20130914_0154_17.jpg 468w\" sizes=\"auto, (max-width: 300px) 100vw, 300px\" \/><\/a><\/strong><strong>\u00a0<\/strong>La presidente\u00a0<strong>Cristina Kirchner<\/strong>\u00a0dio una entrevista cara a cara. La nota, con el periodista<strong>\u00a0Hern\u00e1n Brienza<\/strong>, fue emitida ayer al mediod\u00eda en simult\u00e1neo por la<em> TV P\u00fablica<\/em> y <em>Radio Nacional.<\/em> Sin embargo, y a pesar de la expectativa que gener\u00f3, la transmisi\u00f3n dur\u00f3 apenas media hora. El pr\u00f3ximo s\u00e1bado ser\u00e1 la emisi\u00f3n de la segunda parte.<\/p>\n<p style=\"text-align: left;\">El comienzo del reportaje estuvo marcado por temas econ\u00f3micos: el pago de la deuda, la situaci\u00f3n del pa\u00eds, d\u00f3lares, capitales, la \u00abimplosi\u00f3n en 2001\u00bb. La presidente justific\u00f3 el cepo cambiario, cuestion\u00f3 a los\u00a0<i>holdouts\u00a0<\/i>, defendi\u00f3 su pol\u00edtica econ\u00f3mica y apunt\u00f3 contra los medios (el \u00abfen\u00f3meno de los monopolios medi\u00e1ticos\u00bb).<\/p>\n<p>\u00abUn apriete no es una [un arma calibre] 45 en la cabeza, sino que armen una corrida financiera\u00bb, lanz\u00f3.<\/p>\n<p>En la Residencia de Olivos, sentada frente a Brienza, con un saquito negro con botones blancos y el pelo suelto, la mandataria contest\u00f3 las primeras preguntas con muchos detalles. Habl\u00f3 de \u00abmundo buitre\u00bb, de \u00abguaridas fiscales\u00bb y consider\u00f3 que \u00abhay un mundo muy complejo y dif\u00edcil que requiere de mayor heterodoxia\u00bb.<\/p>\n<p>Cristina dijo una frase que no pasar\u00e1 desapercibida: \u00abEsta Argentina crece al 5% en un mundo que se cae, cualquiera sea el \u00edndice con el que quieras medirlo\u00bb.<\/p>\n<p><strong>\u00abMETAF\u00cdSICA\u00bb<\/strong><\/p>\n<p>Brienza hizo despu\u00e9s una pregunta \u00abmetaf\u00edsica\u00bb, se refiri\u00f3 a los 10 a\u00f1os desde que<strong> N\u00e9stor Kirchner<\/strong> asumi\u00f3 la presidencia y pregunt\u00f3: \u00bfQu\u00e9 es el kirchnerismo?\u00bb. Cristina contest\u00f3: \u00abMe resisto a decir que van 10 a\u00f1os de kirchnerismo, van diez a\u00f1os de gobierno\u00bb.<\/p>\n<p>Inmediatamente, la mandaria cont\u00f3 una an\u00e9dcota en la Universidad de Berkeley con el prestigioso historiador argentino <strong>Tulio Halper\u00edn Donghi<\/strong>. \u00ab\u00bfQu\u00e9 es el kirchnerismo? Es como querer explicar qu\u00e9 es el peronismo. Para explicar qu\u00e9 es el peronismo no alcanza con una conferencia en Berkeley, no s\u00e9 si me alcanza un seminario de tres meses\u00bb, sostuvo.<\/p>\n<p>\u00abLo que vos denomin\u00e1s kirchnerismo es algo dif\u00edcil de explicar. Es un fen\u00f3meno que tiene que ver con la aparici\u00f3n de una Argentina totalmente dada vuelta que abreva en el peronismo\u00bb, plante\u00f3.<\/p>\n<p>La presidente reflexion\u00f3 sobre la Historia, con may\u00fascula. \u00abUno es instrumento de la Historia. No la puedo manejar. La Historia me maneja a m\u00ed. N\u00e9stor dec\u00eda lo mismo. La Historia misma va produciendo esos instrumentos para cumplir determinado rol\u00bb, asegur\u00f3.<\/p>\n<p><strong>LIDERAZGO Y PER\u00d3N-PER\u00d3N<\/strong><\/p>\n<p>Consultada sobre \u00abEzeiza\u00bb, o sea, la masacre del 20 de junio de 1973 en las inmediaciones del aeropuerto internacional, cuando Juan Domingo Per\u00f3n volv\u00eda a la Argentina despu\u00e9s de 18 a\u00f1os de exilio,\u00a0la mandataria cont\u00f3 que \u00abfue una frustraci\u00f3n para todos los argentinos\u00bb\u00a0.<\/p>\n<p>\u00abYo llegu\u00e9 a Ezeiza. Estaba para el lado del bosque. Cuando empezaron los tiros, empec\u00e9 a correr. Fue una experiencia muy\u00a0<i>heavy\u00a0<\/i>\u00ab, relat\u00f3.<\/p>\n<p>Tras hablar del liderazgo de Per\u00f3n, Cristina dijo que \u00abtodo el mundo tiene derecho a cuestionar todo\u00bb, que no le \u00abpreocupan\u00bb ni \u00abdesvelan\u00bb las cr\u00edticas y que los liderazgos \u00abson o no son\u00bb, dentro del marco democr\u00e1tico, aclar\u00f3.<\/p>\n<p>\u00abFui oposici\u00f3n en los 90. La discusi\u00f3n es pol\u00edtica, no de agravio o insulto. Cuando hay insulto, agravio y descalificaci\u00f3n es porque faltan ideas\u00bb, lanz\u00f3.<\/p>\n<p>Despu\u00e9s admiti\u00f3, en plural, haber cometido \u00aberrores y equivocaciones\u00bb. Pero agreg\u00f3: \u00abUna gran parte de los argentinos, por suerte, puede decir que est\u00e1 mejor que hace cinco a\u00f1os\u00bb.<\/p>\n<p>Despu\u00e9s de media hora, la entrevista termin\u00f3 abruptamente: la segunda parte ser\u00e1 emitida el pr\u00f3ximo s\u00e1bado.<\/p>\n<p>Fuente: La Naci\u00f3n<\/p>\n","protected":false},"excerpt":{"rendered":"<p>La Presidente dio una entrevista al periodista Hern&aacute;n Brienza; la primera media hora fue emitida hoy por la TV P&uacute;blica y Radio Nacional; el pr&oacute;ximo s&aacute;bado transmitir&aacute;n la segunda parte. &nbsp;La presidente&nbsp;Cristina Kirchner&nbsp;dio una entrevista cara a cara. La nota, con el periodista&nbsp;Hern&aacute;n Brienza, fue emitida ayer al mediod&iacute;a en simult&aacute;neo por la TV P&uacute;blica [&hellip;]<\/p>\n","protected":false},"author":2,"featured_media":0,"comment_status":"open","ping_status":"open","sticky":false,"template":"","format":"standard","meta":{"fifu_image_url":"","fifu_image_alt":"","footnotes":""},"categories":[7,16],"tags":[],"class_list":{"0":"post-3207","1":"post","2":"type-post","3":"status-publish","4":"format-standard","6":"category-nacionales","7":"category-politi"},"yoast_head":"<title>Cristina: &quot;El poder pol\u00edtico es el que menos poder tiene, porque necesita validaci\u00f3n y legitimidad en elecciones&quot; - Informe Litoral<\/title>\n<meta name=\"robots\" content=\"index, follow, max-snippet:-1, max-image-preview:large, max-video-preview:-1\" \/>\n<link rel=\"canonical\" href=\"https:\/\/informelitoral.com.ar\/cristina-el-poder-politico-es-el-que-menos-poder-tiene-porque-necesita-validacion-y-legitimidad-en-elecciones\/\" \/>\n<meta property=\"og:locale\" content=\"es_ES\" \/>\n<meta property=\"og:type\" content=\"article\" \/>\n<meta property=\"og:title\" content=\"Cristina: &quot;El poder pol\u00edtico es el que menos poder tiene, porque necesita validaci\u00f3n y legitimidad en elecciones&quot; - Informe Litoral\" \/>\n<meta property=\"og:description\" content=\"La Presidente dio una entrevista al periodista Hern&aacute;n Brienza; la primera media hora fue emitida hoy por la TV P&uacute;blica y Radio Nacional; el pr&oacute;ximo s&aacute;bado transmitir&aacute;n la segunda parte. &nbsp;La presidente&nbsp;Cristina Kirchner&nbsp;dio una entrevista cara a cara. La nota, con el periodista&nbsp;Hern&aacute;n Brienza, fue emitida ayer al mediod&iacute;a en simult&aacute;neo por la TV P&uacute;blica [&hellip;]\" \/>\n<meta property=\"og:url\" content=\"https:\/\/informelitoral.com.ar\/cristina-el-poder-politico-es-el-que-menos-poder-tiene-porque-necesita-validacion-y-legitimidad-en-elecciones\/\" \/>\n<meta property=\"og:site_name\" content=\"Informe Litoral\" \/>\n<meta property=\"article:publisher\" content=\"https:\/\/www.facebook.com\/informelitoral\/\" \/>\n<meta property=\"article:published_time\" content=\"2013-09-15T17:23:36+00:00\" \/>\n<meta property=\"article:modified_time\" content=\"2013-09-15T17:29:10+00:00\" \/>\n<meta property=\"og:image\" content=\"https:\/\/informelitoral.com.ar\/%77%70%2d%63%6f%6e%74%65%6e%74\/uploads\/2013\/09\/Cristina-dolares-necesitan-Captura-TV_CLAIMA20130914_0154_17.jpg\" \/>\n\t<meta property=\"og:image:width\" content=\"468\" \/>\n\t<meta property=\"og:image:height\" content=\"263\" \/>\n\t<meta property=\"og:image:type\" content=\"image\/jpeg\" \/>\n<meta name=\"author\" content=\"Gonzalo Schmidt\" \/>\n<meta name=\"twitter:card\" content=\"summary_large_image\" \/>\n<meta name=\"twitter:creator\" content=\"@InformeLitoral\" \/>\n<meta name=\"twitter:site\" content=\"@InformeLitoral\" \/>\n<meta name=\"twitter:label1\" content=\"Escrito por\" \/>\n\t<meta name=\"twitter:data1\" content=\"Gonzalo Schmidt\" \/>\n\t<meta name=\"twitter:label2\" content=\"Tiempo de lectura\" \/>\n\t<meta name=\"twitter:data2\" content=\"3 minutos\" \/>\n<script type=\"application\/ld+json\" class=\"yoast-schema-graph\">{\"@context\":\"https:\\\/\\\/schema.org\",\"@graph\":[{\"@type\":\"Article\",\"@id\":\"https:\\\/\\\/informelitoral.com.ar\\\/cristina-el-poder-politico-es-el-que-menos-poder-tiene-porque-necesita-validacion-y-legitimidad-en-elecciones\\\/#article\",\"isPartOf\":{\"@id\":\"https:\\\/\\\/informelitoral.com.ar\\\/cristina-el-poder-politico-es-el-que-menos-poder-tiene-porque-necesita-validacion-y-legitimidad-en-elecciones\\\/\"},\"author\":{\"name\":\"Gonzalo Schmidt\",\"@id\":\"https:\\\/\\\/informelitoral.com.ar\\\/#\\\/schema\\\/person\\\/b9d00407c836482871ef1d57bf8e3180\"},\"headline\":\"Cristina: \u00abEl poder pol\u00edtico es el que menos poder tiene, porque necesita validaci\u00f3n y legitimidad en elecciones\u00bb\",\"datePublished\":\"2013-09-15T17:23:36+00:00\",\"dateModified\":\"2013-09-15T17:29:10+00:00\",\"mainEntityOfPage\":{\"@id\":\"https:\\\/\\\/informelitoral.com.ar\\\/cristina-el-poder-politico-es-el-que-menos-poder-tiene-porque-necesita-validacion-y-legitimidad-en-elecciones\\\/\"},\"wordCount\":653,\"commentCount\":0,\"publisher\":{\"@id\":\"https:\\\/\\\/informelitoral.com.ar\\\/#organization\"},\"image\":{\"@id\":\"https:\\\/\\\/informelitoral.com.ar\\\/cristina-el-poder-politico-es-el-que-menos-poder-tiene-porque-necesita-validacion-y-legitimidad-en-elecciones\\\/#primaryimage\"},\"thumbnailUrl\":\"http:\\\/\\\/www.isletasnoticias.com.ar\\\/%77%70%2d%63%6f%6e%74%65%6e%74\\\/uploads\\\/2013\\\/09\\\/Cristina-dolares-necesitan-Captura-TV_CLAIMA20130914_0154_17-300x168.jpg\",\"articleSection\":[\"Nacionales\",\"Politica\"],\"inLanguage\":\"es\",\"potentialAction\":[{\"@type\":\"CommentAction\",\"name\":\"Comment\",\"target\":[\"https:\\\/\\\/informelitoral.com.ar\\\/cristina-el-poder-politico-es-el-que-menos-poder-tiene-porque-necesita-validacion-y-legitimidad-en-elecciones\\\/#respond\"]}]},{\"@type\":\"WebPage\",\"@id\":\"https:\\\/\\\/informelitoral.com.ar\\\/cristina-el-poder-politico-es-el-que-menos-poder-tiene-porque-necesita-validacion-y-legitimidad-en-elecciones\\\/\",\"url\":\"https:\\\/\\\/informelitoral.com.ar\\\/cristina-el-poder-politico-es-el-que-menos-poder-tiene-porque-necesita-validacion-y-legitimidad-en-elecciones\\\/\",\"name\":\"Cristina: \\\"El poder pol\u00edtico es el que menos poder tiene, porque necesita validaci\u00f3n y legitimidad en elecciones\\\" - Informe Litoral\",\"isPartOf\":{\"@id\":\"https:\\\/\\\/informelitoral.com.ar\\\/#website\"},\"primaryImageOfPage\":{\"@id\":\"https:\\\/\\\/informelitoral.com.ar\\\/cristina-el-poder-politico-es-el-que-menos-poder-tiene-porque-necesita-validacion-y-legitimidad-en-elecciones\\\/#primaryimage\"},\"image\":{\"@id\":\"https:\\\/\\\/informelitoral.com.ar\\\/cristina-el-poder-politico-es-el-que-menos-poder-tiene-porque-necesita-validacion-y-legitimidad-en-elecciones\\\/#primaryimage\"},\"thumbnailUrl\":\"http:\\\/\\\/www.isletasnoticias.com.ar\\\/%77%70%2d%63%6f%6e%74%65%6e%74\\\/uploads\\\/2013\\\/09\\\/Cristina-dolares-necesitan-Captura-TV_CLAIMA20130914_0154_17-300x168.jpg\",\"datePublished\":\"2013-09-15T17:23:36+00:00\",\"dateModified\":\"2013-09-15T17:29:10+00:00\",\"breadcrumb\":{\"@id\":\"https:\\\/\\\/informelitoral.com.ar\\\/cristina-el-poder-politico-es-el-que-menos-poder-tiene-porque-necesita-validacion-y-legitimidad-en-elecciones\\\/#breadcrumb\"},\"inLanguage\":\"es\",\"potentialAction\":[{\"@type\":\"ReadAction\",\"target\":[\"https:\\\/\\\/informelitoral.com.ar\\\/cristina-el-poder-politico-es-el-que-menos-poder-tiene-porque-necesita-validacion-y-legitimidad-en-elecciones\\\/\"]}]},{\"@type\":\"ImageObject\",\"inLanguage\":\"es\",\"@id\":\"https:\\\/\\\/informelitoral.com.ar\\\/cristina-el-poder-politico-es-el-que-menos-poder-tiene-porque-necesita-validacion-y-legitimidad-en-elecciones\\\/#primaryimage\",\"url\":\"http:\\\/\\\/www.isletasnoticias.com.ar\\\/%77%70%2d%63%6f%6e%74%65%6e%74\\\/uploads\\\/2013\\\/09\\\/Cristina-dolares-necesitan-Captura-TV_CLAIMA20130914_0154_17-300x168.jpg\",\"contentUrl\":\"http:\\\/\\\/www.isletasnoticias.com.ar\\\/%77%70%2d%63%6f%6e%74%65%6e%74\\\/uploads\\\/2013\\\/09\\\/Cristina-dolares-necesitan-Captura-TV_CLAIMA20130914_0154_17-300x168.jpg\"},{\"@type\":\"BreadcrumbList\",\"@id\":\"https:\\\/\\\/informelitoral.com.ar\\\/cristina-el-poder-politico-es-el-que-menos-poder-tiene-porque-necesita-validacion-y-legitimidad-en-elecciones\\\/#breadcrumb\",\"itemListElement\":[{\"@type\":\"ListItem\",\"position\":1,\"name\":\"Portada\",\"item\":\"https:\\\/\\\/informelitoral.com.ar\\\/\"},{\"@type\":\"ListItem\",\"position\":2,\"name\":\"Cristina: \u00abEl poder pol\u00edtico es el que menos poder tiene, porque necesita validaci\u00f3n y legitimidad en elecciones\u00bb\"}]},{\"@type\":\"WebSite\",\"@id\":\"https:\\\/\\\/informelitoral.com.ar\\\/#website\",\"url\":\"https:\\\/\\\/informelitoral.com.ar\\\/\",\"name\":\"Informe Litoral\",\"description\":\"&quot;Nos informamos&quot; \",\"publisher\":{\"@id\":\"https:\\\/\\\/informelitoral.com.ar\\\/#organization\"},\"potentialAction\":[{\"@type\":\"SearchAction\",\"target\":{\"@type\":\"EntryPoint\",\"urlTemplate\":\"https:\\\/\\\/informelitoral.com.ar\\\/?s={search_term_string}\"},\"query-input\":{\"@type\":\"PropertyValueSpecification\",\"valueRequired\":true,\"valueName\":\"search_term_string\"}}],\"inLanguage\":\"es\"},{\"@type\":\"Organization\",\"@id\":\"https:\\\/\\\/informelitoral.com.ar\\\/#organization\",\"name\":\"Informe Litoral\",\"url\":\"https:\\\/\\\/informelitoral.com.ar\\\/\",\"logo\":{\"@type\":\"ImageObject\",\"inLanguage\":\"es\",\"@id\":\"https:\\\/\\\/informelitoral.com.ar\\\/#\\\/schema\\\/logo\\\/image\\\/\",\"url\":\"https:\\\/\\\/informelitoral.com.ar\\\/%77%70%2d%63%6f%6e%74%65%6e%74\\\/uploads\\\/2021\\\/01\\\/circulo.png\",\"contentUrl\":\"https:\\\/\\\/informelitoral.com.ar\\\/%77%70%2d%63%6f%6e%74%65%6e%74\\\/uploads\\\/2021\\\/01\\\/circulo.png\",\"width\":723,\"height\":731,\"caption\":\"Informe Litoral\"},\"image\":{\"@id\":\"https:\\\/\\\/informelitoral.com.ar\\\/#\\\/schema\\\/logo\\\/image\\\/\"},\"sameAs\":[\"https:\\\/\\\/www.facebook.com\\\/informelitoral\\\/\",\"https:\\\/\\\/x.com\\\/InformeLitoral\",\"https:\\\/\\\/www.instagram.com\\\/informelitoral\\\/\",\"https:\\\/\\\/www.youtube.com\\\/channel\\\/UCua4Qvz8Icb6MYqhoq9xLXw\"]},{\"@type\":\"Person\",\"@id\":\"https:\\\/\\\/informelitoral.com.ar\\\/#\\\/schema\\\/person\\\/b9d00407c836482871ef1d57bf8e3180\",\"name\":\"Gonzalo Schmidt\",\"image\":{\"@type\":\"ImageObject\",\"inLanguage\":\"es\",\"@id\":\"https:\\\/\\\/secure.gravatar.com\\\/avatar\\\/31a1a7b66ff2de83bd0e9fd79d026630d2d99e55e8bfe501287647b4fd9743de?s=96&d=mm&r=g\",\"url\":\"https:\\\/\\\/secure.gravatar.com\\\/avatar\\\/31a1a7b66ff2de83bd0e9fd79d026630d2d99e55e8bfe501287647b4fd9743de?s=96&d=mm&r=g\",\"contentUrl\":\"https:\\\/\\\/secure.gravatar.com\\\/avatar\\\/31a1a7b66ff2de83bd0e9fd79d026630d2d99e55e8bfe501287647b4fd9743de?s=96&d=mm&r=g\",\"caption\":\"Gonzalo Schmidt\"},\"description\":\"Sitio web de noticias de la provincia de Entre R\u00edos, Argentina. Informaci\u00f3n y entretenimiento. Informe Litoral, nos informamos.\",\"sameAs\":[\"http:\\\/\\\/www.isletasnoticias.com.ar\"],\"url\":\"https:\\\/\\\/informelitoral.com.ar\\\/author\\\/gonzalo\\\/\"}]}<\/script>","yoast_head_json":{"title":"Cristina: \"El poder pol\u00edtico es el que menos poder tiene, porque necesita validaci\u00f3n y legitimidad en elecciones\" - Informe Litoral","robots":{"index":"index","follow":"follow","max-snippet":"max-snippet:-1","max-image-preview":"max-image-preview:large","max-video-preview":"max-video-preview:-1"},"canonical":"https:\/\/informelitoral.com.ar\/cristina-el-poder-politico-es-el-que-menos-poder-tiene-porque-necesita-validacion-y-legitimidad-en-elecciones\/","og_locale":"es_ES","og_type":"article","og_title":"Cristina: \"El poder pol\u00edtico es el que menos poder tiene, porque necesita validaci\u00f3n y legitimidad en elecciones\" - Informe Litoral","og_description":"La Presidente dio una entrevista al periodista Hern&aacute;n Brienza; la primera media hora fue emitida hoy por la TV P&uacute;blica y Radio Nacional; el pr&oacute;ximo s&aacute;bado transmitir&aacute;n la segunda parte. &nbsp;La presidente&nbsp;Cristina Kirchner&nbsp;dio una entrevista cara a cara. La nota, con el periodista&nbsp;Hern&aacute;n Brienza, fue emitida ayer al mediod&iacute;a en simult&aacute;neo por la TV P&uacute;blica [&hellip;]","og_url":"https:\/\/informelitoral.com.ar\/cristina-el-poder-politico-es-el-que-menos-poder-tiene-porque-necesita-validacion-y-legitimidad-en-elecciones\/","og_site_name":"Informe Litoral","article_publisher":"https:\/\/www.facebook.com\/informelitoral\/","article_published_time":"2013-09-15T17:23:36+00:00","article_modified_time":"2013-09-15T17:29:10+00:00","og_image":[{"width":468,"height":263,"url":"https:\/\/informelitoral.com.ar\/%77%70%2d%63%6f%6e%74%65%6e%74\/uploads\/2013\/09\/Cristina-dolares-necesitan-Captura-TV_CLAIMA20130914_0154_17.jpg","type":"image\/jpeg"}],"author":"Gonzalo Schmidt","twitter_card":"summary_large_image","twitter_creator":"@InformeLitoral","twitter_site":"@InformeLitoral","twitter_misc":{"Escrito por":"Gonzalo Schmidt","Tiempo de lectura":"3 minutos"},"schema":{"@context":"https:\/\/schema.org","@graph":[{"@type":"Article","@id":"https:\/\/informelitoral.com.ar\/cristina-el-poder-politico-es-el-que-menos-poder-tiene-porque-necesita-validacion-y-legitimidad-en-elecciones\/#article","isPartOf":{"@id":"https:\/\/informelitoral.com.ar\/cristina-el-poder-politico-es-el-que-menos-poder-tiene-porque-necesita-validacion-y-legitimidad-en-elecciones\/"},"author":{"name":"Gonzalo Schmidt","@id":"https:\/\/informelitoral.com.ar\/#\/schema\/person\/b9d00407c836482871ef1d57bf8e3180"},"headline":"Cristina: \u00abEl poder pol\u00edtico es el que menos poder tiene, porque necesita validaci\u00f3n y legitimidad en elecciones\u00bb","datePublished":"2013-09-15T17:23:36+00:00","dateModified":"2013-09-15T17:29:10+00:00","mainEntityOfPage":{"@id":"https:\/\/informelitoral.com.ar\/cristina-el-poder-politico-es-el-que-menos-poder-tiene-porque-necesita-validacion-y-legitimidad-en-elecciones\/"},"wordCount":653,"commentCount":0,"publisher":{"@id":"https:\/\/informelitoral.com.ar\/#organization"},"image":{"@id":"https:\/\/informelitoral.com.ar\/cristina-el-poder-politico-es-el-que-menos-poder-tiene-porque-necesita-validacion-y-legitimidad-en-elecciones\/#primaryimage"},"thumbnailUrl":"http:\/\/www.isletasnoticias.com.ar\/%77%70%2d%63%6f%6e%74%65%6e%74\/uploads\/2013\/09\/Cristina-dolares-necesitan-Captura-TV_CLAIMA20130914_0154_17-300x168.jpg","articleSection":["Nacionales","Politica"],"inLanguage":"es","potentialAction":[{"@type":"CommentAction","name":"Comment","target":["https:\/\/informelitoral.com.ar\/cristina-el-poder-politico-es-el-que-menos-poder-tiene-porque-necesita-validacion-y-legitimidad-en-elecciones\/#respond"]}]},{"@type":"WebPage","@id":"https:\/\/informelitoral.com.ar\/cristina-el-poder-politico-es-el-que-menos-poder-tiene-porque-necesita-validacion-y-legitimidad-en-elecciones\/","url":"https:\/\/informelitoral.com.ar\/cristina-el-poder-politico-es-el-que-menos-poder-tiene-porque-necesita-validacion-y-legitimidad-en-elecciones\/","name":"Cristina: \"El poder pol\u00edtico es el que menos poder tiene, porque necesita validaci\u00f3n y legitimidad en elecciones\" - Informe Litoral","isPartOf":{"@id":"https:\/\/informelitoral.com.ar\/#website"},"primaryImageOfPage":{"@id":"https:\/\/informelitoral.com.ar\/cristina-el-poder-politico-es-el-que-menos-poder-tiene-porque-necesita-validacion-y-legitimidad-en-elecciones\/#primaryimage"},"image":{"@id":"https:\/\/informelitoral.com.ar\/cristina-el-poder-politico-es-el-que-menos-poder-tiene-porque-necesita-validacion-y-legitimidad-en-elecciones\/#primaryimage"},"thumbnailUrl":"http:\/\/www.isletasnoticias.com.ar\/%77%70%2d%63%6f%6e%74%65%6e%74\/uploads\/2013\/09\/Cristina-dolares-necesitan-Captura-TV_CLAIMA20130914_0154_17-300x168.jpg","datePublished":"2013-09-15T17:23:36+00:00","dateModified":"2013-09-15T17:29:10+00:00","breadcrumb":{"@id":"https:\/\/informelitoral.com.ar\/cristina-el-poder-politico-es-el-que-menos-poder-tiene-porque-necesita-validacion-y-legitimidad-en-elecciones\/#breadcrumb"},"inLanguage":"es","potentialAction":[{"@type":"ReadAction","target":["https:\/\/informelitoral.com.ar\/cristina-el-poder-politico-es-el-que-menos-poder-tiene-porque-necesita-validacion-y-legitimidad-en-elecciones\/"]}]},{"@type":"ImageObject","inLanguage":"es","@id":"https:\/\/informelitoral.com.ar\/cristina-el-poder-politico-es-el-que-menos-poder-tiene-porque-necesita-validacion-y-legitimidad-en-elecciones\/#primaryimage","url":"http:\/\/www.isletasnoticias.com.ar\/%77%70%2d%63%6f%6e%74%65%6e%74\/uploads\/2013\/09\/Cristina-dolares-necesitan-Captura-TV_CLAIMA20130914_0154_17-300x168.jpg","contentUrl":"http:\/\/www.isletasnoticias.com.ar\/%77%70%2d%63%6f%6e%74%65%6e%74\/uploads\/2013\/09\/Cristina-dolares-necesitan-Captura-TV_CLAIMA20130914_0154_17-300x168.jpg"},{"@type":"BreadcrumbList","@id":"https:\/\/informelitoral.com.ar\/cristina-el-poder-politico-es-el-que-menos-poder-tiene-porque-necesita-validacion-y-legitimidad-en-elecciones\/#breadcrumb","itemListElement":[{"@type":"ListItem","position":1,"name":"Portada","item":"https:\/\/informelitoral.com.ar\/"},{"@type":"ListItem","position":2,"name":"Cristina: \u00abEl poder pol\u00edtico es el que menos poder tiene, porque necesita validaci\u00f3n y legitimidad en elecciones\u00bb"}]},{"@type":"WebSite","@id":"https:\/\/informelitoral.com.ar\/#website","url":"https:\/\/informelitoral.com.ar\/","name":"Informe Litoral","description":"&quot;Nos informamos&quot; ","publisher":{"@id":"https:\/\/informelitoral.com.ar\/#organization"},"potentialAction":[{"@type":"SearchAction","target":{"@type":"EntryPoint","urlTemplate":"https:\/\/informelitoral.com.ar\/?s={search_term_string}"},"query-input":{"@type":"PropertyValueSpecification","valueRequired":true,"valueName":"search_term_string"}}],"inLanguage":"es"},{"@type":"Organization","@id":"https:\/\/informelitoral.com.ar\/#organization","name":"Informe Litoral","url":"https:\/\/informelitoral.com.ar\/","logo":{"@type":"ImageObject","inLanguage":"es","@id":"https:\/\/informelitoral.com.ar\/#\/schema\/logo\/image\/","url":"https:\/\/informelitoral.com.ar\/%77%70%2d%63%6f%6e%74%65%6e%74\/uploads\/2021\/01\/circulo.png","contentUrl":"https:\/\/informelitoral.com.ar\/%77%70%2d%63%6f%6e%74%65%6e%74\/uploads\/2021\/01\/circulo.png","width":723,"height":731,"caption":"Informe Litoral"},"image":{"@id":"https:\/\/informelitoral.com.ar\/#\/schema\/logo\/image\/"},"sameAs":["https:\/\/www.facebook.com\/informelitoral\/","https:\/\/x.com\/InformeLitoral","https:\/\/www.instagram.com\/informelitoral\/","https:\/\/www.youtube.com\/channel\/UCua4Qvz8Icb6MYqhoq9xLXw"]},{"@type":"Person","@id":"https:\/\/informelitoral.com.ar\/#\/schema\/person\/b9d00407c836482871ef1d57bf8e3180","name":"Gonzalo Schmidt","image":{"@type":"ImageObject","inLanguage":"es","@id":"https:\/\/secure.gravatar.com\/avatar\/31a1a7b66ff2de83bd0e9fd79d026630d2d99e55e8bfe501287647b4fd9743de?s=96&d=mm&r=g","url":"https:\/\/secure.gravatar.com\/avatar\/31a1a7b66ff2de83bd0e9fd79d026630d2d99e55e8bfe501287647b4fd9743de?s=96&d=mm&r=g","contentUrl":"https:\/\/secure.gravatar.com\/avatar\/31a1a7b66ff2de83bd0e9fd79d026630d2d99e55e8bfe501287647b4fd9743de?s=96&d=mm&r=g","caption":"Gonzalo Schmidt"},"description":"Sitio web de noticias de la provincia de Entre R\u00edos, Argentina. Informaci\u00f3n y entretenimiento. Informe Litoral, nos informamos.","sameAs":["http:\/\/www.isletasnoticias.com.ar"],"url":"https:\/\/informelitoral.com.ar\/author\/gonzalo\/"}]}},"_links":{"self":[{"href":"https:\/\/informelitoral.com.ar\/%77%70%2d%6a%73%6f%6e\/wp\/v2\/posts\/3207","targetHints":{"allow":["GET"]}}],"collection":[{"href":"https:\/\/informelitoral.com.ar\/%77%70%2d%6a%73%6f%6e\/wp\/v2\/posts"}],"about":[{"href":"https:\/\/informelitoral.com.ar\/%77%70%2d%6a%73%6f%6e\/wp\/v2\/types\/post"}],"author":[{"embeddable":true,"href":"https:\/\/informelitoral.com.ar\/%77%70%2d%6a%73%6f%6e\/wp\/v2\/users\/2"}],"replies":[{"embeddable":true,"href":"https:\/\/informelitoral.com.ar\/%77%70%2d%6a%73%6f%6e\/wp\/v2\/comments?post=3207"}],"version-history":[{"count":0,"href":"https:\/\/informelitoral.com.ar\/%77%70%2d%6a%73%6f%6e\/wp\/v2\/posts\/3207\/revisions"}],"wp:attachment":[{"href":"https:\/\/informelitoral.com.ar\/%77%70%2d%6a%73%6f%6e\/wp\/v2\/media?parent=3207"}],"wp:term":[{"taxonomy":"category","embeddable":true,"href":"https:\/\/informelitoral.com.ar\/%77%70%2d%6a%73%6f%6e\/wp\/v2\/categories?post=3207"},{"taxonomy":"post_tag","embeddable":true,"href":"https:\/\/informelitoral.com.ar\/%77%70%2d%6a%73%6f%6e\/wp\/v2\/tags?post=3207"}],"curies":[{"name":"wp","href":"https:\/\/api.w.org\/{rel}","templated":true}]}}