{"id":3198,"date":"2013-09-15T10:19:31","date_gmt":"2013-09-15T13:19:31","guid":{"rendered":"http:\/\/www.isletasnoticias.com.ar\/?p=3198"},"modified":"2013-09-15T10:33:28","modified_gmt":"2013-09-15T13:33:28","slug":"pastor-narciso-weiss-el-reconocimiento-provincial-al-dia-de-la-reforma-es-un-hecho-historico","status":"publish","type":"post","link":"https:\/\/informelitoral.com.ar\/pastor-narciso-weiss-el-reconocimiento-provincial-al-dia-de-la-reforma-es-un-hecho-historico\/","title":{"rendered":"Pastor Narciso Weiss: \u201cEl reconocimiento provincial al D\u00eda de la Reforma, es un hecho hist\u00f3rico\u201d"},"content":{"rendered":"<p style=\"text-align: left;\"><b>El pastor de la Iglesia Evang\u00e9lica del R\u00edo de la Plata (IERP) de Ram\u00edrez, <i>Narciso Weiss<\/i>, afirm\u00f3 que el reconocimiento provincial al D\u00eda de la Reforma Protestante \u201ces un hecho hist\u00f3rico\u201d y no descart\u00f3 que alg\u00fan d\u00eda el feriado sea a nivel nacional. Adem\u00e1s, destac\u00f3 a los Grupos de J\u00f3venes que participan activamente de la Iglesia, y dio su visi\u00f3n sobre el Papa Francisco, entre otros temas.<a href=\"http:\/\/www.isletasnoticias.com.ar\/%77%70%2d%63%6f%6e%74%65%6e%74\/uploads\/2013\/09\/narciso1.jpg\"><img loading=\"lazy\" decoding=\"async\" class=\"size-medium wp-image-3199 aligncenter\" title=\"El pastor Narciso Weiss, en el programa Uno por Semana.\" alt=\"\" src=\"http:\/\/www.isletasnoticias.com.ar\/%77%70%2d%63%6f%6e%74%65%6e%74\/uploads\/2013\/09\/narciso1-300x225.jpg\" width=\"300\" height=\"225\" srcset=\"https:\/\/informelitoral.com.ar\/%77%70%2d%63%6f%6e%74%65%6e%74\/uploads\/2013\/09\/narciso1-300x225.jpg 300w, https:\/\/informelitoral.com.ar\/%77%70%2d%63%6f%6e%74%65%6e%74\/uploads\/2013\/09\/narciso1-1024x768.jpg 1024w, https:\/\/informelitoral.com.ar\/%77%70%2d%63%6f%6e%74%65%6e%74\/uploads\/2013\/09\/narciso1.jpg 2048w\" sizes=\"auto, (max-width: 300px) 100vw, 300px\" \/><\/a><\/b><\/p>\n<p><b>\u00a0 Narciso Weiss<\/b>, fue el principal impulsor\u00a0 para que se declare el D\u00eda de la Reforma Protestante en la provincia. \u00a0El\u00a0 5 de julio, el gobernador firm\u00f3 el decreto 10.224 y la Ley fue publicada en el bolet\u00edn oficial. De esta forma, el 31 de octubre ser\u00e1 no laborable para los agentes de los tres poderes del Estado provincial y sus entes descentralizados que profesen los cultos protestante y evang\u00e9lico. En di\u00e1logo con el programa radial <a href=\"http:\/\/www.isletasnoticias.com.ar\/%77%70%2d%63%6f%6e%74%65%6e%74\/uploads\/2013\/09\/NARCISO.jpg\"><img loading=\"lazy\" decoding=\"async\" class=\"size-full wp-image-3200 alignright\" title=\"Pastor Narciso Weiss.\" alt=\"\" src=\"http:\/\/www.isletasnoticias.com.ar\/%77%70%2d%63%6f%6e%74%65%6e%74\/uploads\/2013\/09\/NARCISO.jpg\" width=\"294\" height=\"266\" \/><\/a><i>Uno por Semana<\/i>, Weiss record\u00f3 que: \u201cYa hace dos a\u00f1os que en Ram\u00edrez era feriado, por eso en su momento le hab\u00eda presentado mi inquietud al intendente <b>Daniel Kramer<\/b> \u2013ahora senador- \u00a0para\u00a0 que se reconozca este d\u00eda en toda la provincia.\u201d Dijo el pastor y explic\u00f3 la importancia del reconocimiento: \u201cEs un hecho hist\u00f3rico, b\u00e1sicamente porque estamos en un pa\u00eds de confesi\u00f3n cat\u00f3lica, pero para nosotros es muy importante, porque \u00a0Ram\u00edrez es el \u00fanico lugar en la rep\u00fablica Argentina, donde los miembros de la Iglesia Evang\u00e9lica del R\u00edo de la Plata son mayor\u00eda. Esto sumado a otras cuestiones hist\u00f3ricas, que tienen que ver con el aporte de nuestra Congregaci\u00f3n al desarrollo de la ciudad y los alrededores, hicieron posible el reconocimiento\u201d. Explic\u00f3 el pastor \u00a0y reconoci\u00f3 que \u201creci\u00e9n ahora me estoy dando cuenta\u00a0 de la importancia que tiene esto, debido a la repercusi\u00f3n que ha tenido no s\u00f3lo en la provincia, sino a nivel nacional\u201d. Sostuvo Weiss y no descart\u00f3 que en alg\u00fan momento se logre declarar al 31 de octubre como feriado nacional, para evang\u00e9licos y protestantes.<\/p>\n<p>Narciso, estuvo por primera vez en Ram\u00edrez en 2001, como vicario, que es el paso previo para ser pastor, pero adem\u00e1s le toc\u00f3 estar en otros cinco lugares. Sin embargo, reconoci\u00f3 que en su momento \u201cen Ram\u00edrez nos sentimos muy c\u00f3modos y nos fuimos muy contentos, siempre con la intenci\u00f3n de volver y finalmente eso se dio en el 2005 y ac\u00e1 estamos\u201d. Coment\u00f3. A partir de ese momento, le dio un fuerte impuso al Grupo de J\u00f3venes, y continu\u00f3 con actividades que ya se ven\u00edan realizando, como por ejemplo; el micro radial que se emite los viernes de 12:00 a 12:30 en FM Eco 100.3 y adem\u00e1s, se incorpor\u00f3 la transmisi\u00f3n del culto de los domingos, por la misma emisora.<\/p>\n<p>Respecto al Grupo de J\u00f3venes de Ram\u00edrez e Isletas, que mediante distintas actividades participan activamente de la Iglesia, el pastor describi\u00f3: \u201cCon los chicos trabajamos textos b\u00edblicos, cuestiones que tienen que ver con la vida y la realidad, cantamos y jugamos un rato. Adem\u00e1s organizamos algunos viajes que nos sirven para acompa\u00f1arnos y formarnos\u201d. Destac\u00f3 Weiss, quien reconoci\u00f3 que \u201clo ideal es que los j\u00f3venes permanezcan dentro de la Iglesia, se sientan parte de un espacio, porque en algunos casos suele suceder que solo participan cuando tienen alg\u00fan momento importante en sus vidas; como el bautismo, la confirmaci\u00f3n o casamiento\u201d.<\/p>\n<p>Al ser consultado, sobre la participaci\u00f3n de la comunidad en los cultos y otras actividades de la IERP, Narciso Weiss, afirm\u00f3: \u201cEn Ram\u00edrez y en todo el pa\u00eds, vivimos una realidad, que entre los 28 y hasta los 40 o 50 a\u00f1os la mayor\u00eda se toma un recreo,\u00a0 pero uno entiende que es justo la \u00e9poca donde est\u00e1n m\u00e1s ocupados en lo que estudiaron \u00a0y de lo que est\u00e1n trabajando. Les cuesta mucho hacerse ese tiempo para participar activamente\u201d, revel\u00f3 , aunque lo positivo es que \u201cdespu\u00e9s van volviendo, ya que con el paso del tiempo van comprendiendo, que la vida es mucho m\u00e1s que trabajar\u201d. Adem\u00e1s Weiss, examin\u00f3 que \u201clas mujeres son quienes mas participan y son la principal conexi\u00f3n con el resto de la familia\u201d.<\/p>\n<p>En cuanto al principal proyecto, el pastor explic\u00f3: \u201cEstamos con ganas de refaccionar los ba\u00f1os de la Congregaci\u00f3n, pero a\u00fan no hay nada concreto, porque en caso de llevarlo adelante se deben hacer varias reformas. La idea es que tambi\u00e9n sean aptos para personas con capacidades diferentes, ya que fueron construidos hace mucho tiempo y no tienen ciertas cosas necesarias, como rampas\u201d. Sostuvo.<\/p>\n<p><a href=\"http:\/\/www.isletasnoticias.com.ar\/%77%70%2d%63%6f%6e%74%65%6e%74\/uploads\/2013\/09\/ierp.jpg\"><img loading=\"lazy\" decoding=\"async\" class=\"size-medium wp-image-3205 alignright\" title=\"Los primeros a\u00f1os del nuevo templo de la IERP, en Ram\u00edrez. En la imagen se observa la escasa construcci\u00f3n que hab\u00eda por aquel entonces. Foto: IERP.\" alt=\"\" src=\"http:\/\/www.isletasnoticias.com.ar\/%77%70%2d%63%6f%6e%74%65%6e%74\/uploads\/2013\/09\/ierp-300x189.jpg\" width=\"300\" height=\"189\" srcset=\"https:\/\/informelitoral.com.ar\/%77%70%2d%63%6f%6e%74%65%6e%74\/uploads\/2013\/09\/ierp-300x189.jpg 300w, https:\/\/informelitoral.com.ar\/%77%70%2d%63%6f%6e%74%65%6e%74\/uploads\/2013\/09\/ierp.jpg 960w\" sizes=\"auto, (max-width: 300px) 100vw, 300px\" \/><\/a><\/p>\n<p>Finalmente, fue consultado sobre su impresi\u00f3n respecto al Papa Francisco: \u201cMe parece positivo que la Iglesia Cat\u00f3lica comience a cambiar, porque hablaban todo el tiempo de humildad y uno ve\u00eda que no era tan as\u00ed, ahora hay que ver si realmente se produce ese cambio profundo. Es una Iglesia que maneja mucho dinero, por lo que tienen posibilidades que otras Congregaciones no tenemos. El Papa Francisco est\u00e1 entendiendo que es importante el acercamiento a la gente, pero no debemos apresurarnos, porque s\u00f3lo cambiaron algunas formas y a\u00fan permanece la misma estructura\u201d. Culmin\u00f3 el pastor de la IERP.<\/p>\n","protected":false},"excerpt":{"rendered":"<p>El pastor de la Iglesia Evang&eacute;lica del R&iacute;o de la Plata (IERP) de Ram&iacute;rez, Narciso Weiss, afirm&oacute; que el reconocimiento provincial al D&iacute;a de la Reforma Protestante &ldquo;es un hecho hist&oacute;rico&rdquo; y no descart&oacute; que alg&uacute;n d&iacute;a el feriado sea a nivel nacional. Adem&aacute;s, destac&oacute; a los Grupos de J&oacute;venes que participan activamente de la [&hellip;]<\/p>\n","protected":false},"author":2,"featured_media":0,"comment_status":"open","ping_status":"open","sticky":false,"template":"","format":"standard","meta":{"fifu_image_url":"","fifu_image_alt":"","footnotes":""},"categories":[5,6],"tags":[],"class_list":{"0":"post-3198","1":"post","2":"type-post","3":"status-publish","4":"format-standard","6":"category-zonales","7":"category-entre-rios"},"yoast_head":"<title>Pastor Narciso Weiss: \u201cEl reconocimiento provincial al D\u00eda de la Reforma, es un hecho hist\u00f3rico\u201d - Informe Litoral<\/title>\n<meta name=\"robots\" content=\"index, follow, max-snippet:-1, max-image-preview:large, max-video-preview:-1\" \/>\n<link rel=\"canonical\" href=\"https:\/\/informelitoral.com.ar\/pastor-narciso-weiss-el-reconocimiento-provincial-al-dia-de-la-reforma-es-un-hecho-historico\/\" \/>\n<meta property=\"og:locale\" content=\"es_ES\" \/>\n<meta property=\"og:type\" content=\"article\" \/>\n<meta property=\"og:title\" content=\"Pastor Narciso Weiss: \u201cEl reconocimiento provincial al D\u00eda de la Reforma, es un hecho hist\u00f3rico\u201d - Informe Litoral\" \/>\n<meta property=\"og:description\" content=\"El pastor de la Iglesia Evang&eacute;lica del R&iacute;o de la Plata (IERP) de Ram&iacute;rez, Narciso Weiss, afirm&oacute; que el reconocimiento provincial al D&iacute;a de la Reforma Protestante &ldquo;es un hecho hist&oacute;rico&rdquo; y no descart&oacute; que alg&uacute;n d&iacute;a el feriado sea a nivel nacional. Adem&aacute;s, destac&oacute; a los Grupos de J&oacute;venes que participan activamente de la [&hellip;]\" \/>\n<meta property=\"og:url\" content=\"https:\/\/informelitoral.com.ar\/pastor-narciso-weiss-el-reconocimiento-provincial-al-dia-de-la-reforma-es-un-hecho-historico\/\" \/>\n<meta property=\"og:site_name\" content=\"Informe Litoral\" \/>\n<meta property=\"article:publisher\" content=\"https:\/\/www.facebook.com\/informelitoral\/\" \/>\n<meta property=\"article:published_time\" content=\"2013-09-15T13:19:31+00:00\" \/>\n<meta property=\"article:modified_time\" content=\"2013-09-15T13:33:28+00:00\" \/>\n<meta property=\"og:image\" content=\"https:\/\/informelitoral.com.ar\/%77%70%2d%63%6f%6e%74%65%6e%74\/uploads\/2013\/09\/narciso1.jpg\" \/>\n\t<meta property=\"og:image:width\" content=\"2048\" \/>\n\t<meta property=\"og:image:height\" content=\"1536\" \/>\n\t<meta property=\"og:image:type\" content=\"image\/jpeg\" \/>\n<meta name=\"author\" content=\"Gonzalo Schmidt\" \/>\n<meta name=\"twitter:card\" content=\"summary_large_image\" \/>\n<meta name=\"twitter:creator\" content=\"@InformeLitoral\" \/>\n<meta name=\"twitter:site\" content=\"@InformeLitoral\" \/>\n<meta name=\"twitter:label1\" content=\"Escrito por\" \/>\n\t<meta name=\"twitter:data1\" content=\"Gonzalo Schmidt\" \/>\n\t<meta name=\"twitter:label2\" content=\"Tiempo de lectura\" \/>\n\t<meta name=\"twitter:data2\" content=\"4 minutos\" \/>\n<script type=\"application\/ld+json\" class=\"yoast-schema-graph\">{\"@context\":\"https:\\\/\\\/schema.org\",\"@graph\":[{\"@type\":\"Article\",\"@id\":\"https:\\\/\\\/informelitoral.com.ar\\\/pastor-narciso-weiss-el-reconocimiento-provincial-al-dia-de-la-reforma-es-un-hecho-historico\\\/#article\",\"isPartOf\":{\"@id\":\"https:\\\/\\\/informelitoral.com.ar\\\/pastor-narciso-weiss-el-reconocimiento-provincial-al-dia-de-la-reforma-es-un-hecho-historico\\\/\"},\"author\":{\"name\":\"Gonzalo Schmidt\",\"@id\":\"https:\\\/\\\/informelitoral.com.ar\\\/#\\\/schema\\\/person\\\/b9d00407c836482871ef1d57bf8e3180\"},\"headline\":\"Pastor Narciso Weiss: \u201cEl reconocimiento provincial al D\u00eda de la Reforma, es un hecho hist\u00f3rico\u201d\",\"datePublished\":\"2013-09-15T13:19:31+00:00\",\"dateModified\":\"2013-09-15T13:33:28+00:00\",\"mainEntityOfPage\":{\"@id\":\"https:\\\/\\\/informelitoral.com.ar\\\/pastor-narciso-weiss-el-reconocimiento-provincial-al-dia-de-la-reforma-es-un-hecho-historico\\\/\"},\"wordCount\":905,\"commentCount\":0,\"publisher\":{\"@id\":\"https:\\\/\\\/informelitoral.com.ar\\\/#organization\"},\"image\":{\"@id\":\"https:\\\/\\\/informelitoral.com.ar\\\/pastor-narciso-weiss-el-reconocimiento-provincial-al-dia-de-la-reforma-es-un-hecho-historico\\\/#primaryimage\"},\"thumbnailUrl\":\"http:\\\/\\\/www.isletasnoticias.com.ar\\\/%77%70%2d%63%6f%6e%74%65%6e%74\\\/uploads\\\/2013\\\/09\\\/narciso1-300x225.jpg\",\"articleSection\":[\"Departamento Diamante\",\"Entre R\u00edos\"],\"inLanguage\":\"es\",\"potentialAction\":[{\"@type\":\"CommentAction\",\"name\":\"Comment\",\"target\":[\"https:\\\/\\\/informelitoral.com.ar\\\/pastor-narciso-weiss-el-reconocimiento-provincial-al-dia-de-la-reforma-es-un-hecho-historico\\\/#respond\"]}]},{\"@type\":\"WebPage\",\"@id\":\"https:\\\/\\\/informelitoral.com.ar\\\/pastor-narciso-weiss-el-reconocimiento-provincial-al-dia-de-la-reforma-es-un-hecho-historico\\\/\",\"url\":\"https:\\\/\\\/informelitoral.com.ar\\\/pastor-narciso-weiss-el-reconocimiento-provincial-al-dia-de-la-reforma-es-un-hecho-historico\\\/\",\"name\":\"Pastor Narciso Weiss: \u201cEl reconocimiento provincial al D\u00eda de la Reforma, es un hecho hist\u00f3rico\u201d - Informe Litoral\",\"isPartOf\":{\"@id\":\"https:\\\/\\\/informelitoral.com.ar\\\/#website\"},\"primaryImageOfPage\":{\"@id\":\"https:\\\/\\\/informelitoral.com.ar\\\/pastor-narciso-weiss-el-reconocimiento-provincial-al-dia-de-la-reforma-es-un-hecho-historico\\\/#primaryimage\"},\"image\":{\"@id\":\"https:\\\/\\\/informelitoral.com.ar\\\/pastor-narciso-weiss-el-reconocimiento-provincial-al-dia-de-la-reforma-es-un-hecho-historico\\\/#primaryimage\"},\"thumbnailUrl\":\"http:\\\/\\\/www.isletasnoticias.com.ar\\\/%77%70%2d%63%6f%6e%74%65%6e%74\\\/uploads\\\/2013\\\/09\\\/narciso1-300x225.jpg\",\"datePublished\":\"2013-09-15T13:19:31+00:00\",\"dateModified\":\"2013-09-15T13:33:28+00:00\",\"breadcrumb\":{\"@id\":\"https:\\\/\\\/informelitoral.com.ar\\\/pastor-narciso-weiss-el-reconocimiento-provincial-al-dia-de-la-reforma-es-un-hecho-historico\\\/#breadcrumb\"},\"inLanguage\":\"es\",\"potentialAction\":[{\"@type\":\"ReadAction\",\"target\":[\"https:\\\/\\\/informelitoral.com.ar\\\/pastor-narciso-weiss-el-reconocimiento-provincial-al-dia-de-la-reforma-es-un-hecho-historico\\\/\"]}]},{\"@type\":\"ImageObject\",\"inLanguage\":\"es\",\"@id\":\"https:\\\/\\\/informelitoral.com.ar\\\/pastor-narciso-weiss-el-reconocimiento-provincial-al-dia-de-la-reforma-es-un-hecho-historico\\\/#primaryimage\",\"url\":\"http:\\\/\\\/www.isletasnoticias.com.ar\\\/%77%70%2d%63%6f%6e%74%65%6e%74\\\/uploads\\\/2013\\\/09\\\/narciso1-300x225.jpg\",\"contentUrl\":\"http:\\\/\\\/www.isletasnoticias.com.ar\\\/%77%70%2d%63%6f%6e%74%65%6e%74\\\/uploads\\\/2013\\\/09\\\/narciso1-300x225.jpg\"},{\"@type\":\"BreadcrumbList\",\"@id\":\"https:\\\/\\\/informelitoral.com.ar\\\/pastor-narciso-weiss-el-reconocimiento-provincial-al-dia-de-la-reforma-es-un-hecho-historico\\\/#breadcrumb\",\"itemListElement\":[{\"@type\":\"ListItem\",\"position\":1,\"name\":\"Portada\",\"item\":\"https:\\\/\\\/informelitoral.com.ar\\\/\"},{\"@type\":\"ListItem\",\"position\":2,\"name\":\"Pastor Narciso Weiss: \u201cEl reconocimiento provincial al D\u00eda de la Reforma, es un hecho hist\u00f3rico\u201d\"}]},{\"@type\":\"WebSite\",\"@id\":\"https:\\\/\\\/informelitoral.com.ar\\\/#website\",\"url\":\"https:\\\/\\\/informelitoral.com.ar\\\/\",\"name\":\"Informe Litoral\",\"description\":\"&quot;Nos informamos&quot; \",\"publisher\":{\"@id\":\"https:\\\/\\\/informelitoral.com.ar\\\/#organization\"},\"potentialAction\":[{\"@type\":\"SearchAction\",\"target\":{\"@type\":\"EntryPoint\",\"urlTemplate\":\"https:\\\/\\\/informelitoral.com.ar\\\/?s={search_term_string}\"},\"query-input\":{\"@type\":\"PropertyValueSpecification\",\"valueRequired\":true,\"valueName\":\"search_term_string\"}}],\"inLanguage\":\"es\"},{\"@type\":\"Organization\",\"@id\":\"https:\\\/\\\/informelitoral.com.ar\\\/#organization\",\"name\":\"Informe Litoral\",\"url\":\"https:\\\/\\\/informelitoral.com.ar\\\/\",\"logo\":{\"@type\":\"ImageObject\",\"inLanguage\":\"es\",\"@id\":\"https:\\\/\\\/informelitoral.com.ar\\\/#\\\/schema\\\/logo\\\/image\\\/\",\"url\":\"https:\\\/\\\/informelitoral.com.ar\\\/%77%70%2d%63%6f%6e%74%65%6e%74\\\/uploads\\\/2021\\\/01\\\/circulo.png\",\"contentUrl\":\"https:\\\/\\\/informelitoral.com.ar\\\/%77%70%2d%63%6f%6e%74%65%6e%74\\\/uploads\\\/2021\\\/01\\\/circulo.png\",\"width\":723,\"height\":731,\"caption\":\"Informe Litoral\"},\"image\":{\"@id\":\"https:\\\/\\\/informelitoral.com.ar\\\/#\\\/schema\\\/logo\\\/image\\\/\"},\"sameAs\":[\"https:\\\/\\\/www.facebook.com\\\/informelitoral\\\/\",\"https:\\\/\\\/x.com\\\/InformeLitoral\",\"https:\\\/\\\/www.instagram.com\\\/informelitoral\\\/\",\"https:\\\/\\\/www.youtube.com\\\/channel\\\/UCua4Qvz8Icb6MYqhoq9xLXw\"]},{\"@type\":\"Person\",\"@id\":\"https:\\\/\\\/informelitoral.com.ar\\\/#\\\/schema\\\/person\\\/b9d00407c836482871ef1d57bf8e3180\",\"name\":\"Gonzalo Schmidt\",\"image\":{\"@type\":\"ImageObject\",\"inLanguage\":\"es\",\"@id\":\"https:\\\/\\\/secure.gravatar.com\\\/avatar\\\/31a1a7b66ff2de83bd0e9fd79d026630d2d99e55e8bfe501287647b4fd9743de?s=96&d=mm&r=g\",\"url\":\"https:\\\/\\\/secure.gravatar.com\\\/avatar\\\/31a1a7b66ff2de83bd0e9fd79d026630d2d99e55e8bfe501287647b4fd9743de?s=96&d=mm&r=g\",\"contentUrl\":\"https:\\\/\\\/secure.gravatar.com\\\/avatar\\\/31a1a7b66ff2de83bd0e9fd79d026630d2d99e55e8bfe501287647b4fd9743de?s=96&d=mm&r=g\",\"caption\":\"Gonzalo Schmidt\"},\"description\":\"Sitio web de noticias de la provincia de Entre R\u00edos, Argentina. Informaci\u00f3n y entretenimiento. Informe Litoral, nos informamos.\",\"sameAs\":[\"http:\\\/\\\/www.isletasnoticias.com.ar\"],\"url\":\"https:\\\/\\\/informelitoral.com.ar\\\/author\\\/gonzalo\\\/\"}]}<\/script>","yoast_head_json":{"title":"Pastor Narciso Weiss: \u201cEl reconocimiento provincial al D\u00eda de la Reforma, es un hecho hist\u00f3rico\u201d - Informe Litoral","robots":{"index":"index","follow":"follow","max-snippet":"max-snippet:-1","max-image-preview":"max-image-preview:large","max-video-preview":"max-video-preview:-1"},"canonical":"https:\/\/informelitoral.com.ar\/pastor-narciso-weiss-el-reconocimiento-provincial-al-dia-de-la-reforma-es-un-hecho-historico\/","og_locale":"es_ES","og_type":"article","og_title":"Pastor Narciso Weiss: \u201cEl reconocimiento provincial al D\u00eda de la Reforma, es un hecho hist\u00f3rico\u201d - Informe Litoral","og_description":"El pastor de la Iglesia Evang&eacute;lica del R&iacute;o de la Plata (IERP) de Ram&iacute;rez, Narciso Weiss, afirm&oacute; que el reconocimiento provincial al D&iacute;a de la Reforma Protestante &ldquo;es un hecho hist&oacute;rico&rdquo; y no descart&oacute; que alg&uacute;n d&iacute;a el feriado sea a nivel nacional. Adem&aacute;s, destac&oacute; a los Grupos de J&oacute;venes que participan activamente de la [&hellip;]","og_url":"https:\/\/informelitoral.com.ar\/pastor-narciso-weiss-el-reconocimiento-provincial-al-dia-de-la-reforma-es-un-hecho-historico\/","og_site_name":"Informe Litoral","article_publisher":"https:\/\/www.facebook.com\/informelitoral\/","article_published_time":"2013-09-15T13:19:31+00:00","article_modified_time":"2013-09-15T13:33:28+00:00","og_image":[{"width":2048,"height":1536,"url":"https:\/\/informelitoral.com.ar\/%77%70%2d%63%6f%6e%74%65%6e%74\/uploads\/2013\/09\/narciso1.jpg","type":"image\/jpeg"}],"author":"Gonzalo Schmidt","twitter_card":"summary_large_image","twitter_creator":"@InformeLitoral","twitter_site":"@InformeLitoral","twitter_misc":{"Escrito por":"Gonzalo Schmidt","Tiempo de lectura":"4 minutos"},"schema":{"@context":"https:\/\/schema.org","@graph":[{"@type":"Article","@id":"https:\/\/informelitoral.com.ar\/pastor-narciso-weiss-el-reconocimiento-provincial-al-dia-de-la-reforma-es-un-hecho-historico\/#article","isPartOf":{"@id":"https:\/\/informelitoral.com.ar\/pastor-narciso-weiss-el-reconocimiento-provincial-al-dia-de-la-reforma-es-un-hecho-historico\/"},"author":{"name":"Gonzalo Schmidt","@id":"https:\/\/informelitoral.com.ar\/#\/schema\/person\/b9d00407c836482871ef1d57bf8e3180"},"headline":"Pastor Narciso Weiss: \u201cEl reconocimiento provincial al D\u00eda de la Reforma, es un hecho hist\u00f3rico\u201d","datePublished":"2013-09-15T13:19:31+00:00","dateModified":"2013-09-15T13:33:28+00:00","mainEntityOfPage":{"@id":"https:\/\/informelitoral.com.ar\/pastor-narciso-weiss-el-reconocimiento-provincial-al-dia-de-la-reforma-es-un-hecho-historico\/"},"wordCount":905,"commentCount":0,"publisher":{"@id":"https:\/\/informelitoral.com.ar\/#organization"},"image":{"@id":"https:\/\/informelitoral.com.ar\/pastor-narciso-weiss-el-reconocimiento-provincial-al-dia-de-la-reforma-es-un-hecho-historico\/#primaryimage"},"thumbnailUrl":"http:\/\/www.isletasnoticias.com.ar\/%77%70%2d%63%6f%6e%74%65%6e%74\/uploads\/2013\/09\/narciso1-300x225.jpg","articleSection":["Departamento Diamante","Entre R\u00edos"],"inLanguage":"es","potentialAction":[{"@type":"CommentAction","name":"Comment","target":["https:\/\/informelitoral.com.ar\/pastor-narciso-weiss-el-reconocimiento-provincial-al-dia-de-la-reforma-es-un-hecho-historico\/#respond"]}]},{"@type":"WebPage","@id":"https:\/\/informelitoral.com.ar\/pastor-narciso-weiss-el-reconocimiento-provincial-al-dia-de-la-reforma-es-un-hecho-historico\/","url":"https:\/\/informelitoral.com.ar\/pastor-narciso-weiss-el-reconocimiento-provincial-al-dia-de-la-reforma-es-un-hecho-historico\/","name":"Pastor Narciso Weiss: \u201cEl reconocimiento provincial al D\u00eda de la Reforma, es un hecho hist\u00f3rico\u201d - Informe Litoral","isPartOf":{"@id":"https:\/\/informelitoral.com.ar\/#website"},"primaryImageOfPage":{"@id":"https:\/\/informelitoral.com.ar\/pastor-narciso-weiss-el-reconocimiento-provincial-al-dia-de-la-reforma-es-un-hecho-historico\/#primaryimage"},"image":{"@id":"https:\/\/informelitoral.com.ar\/pastor-narciso-weiss-el-reconocimiento-provincial-al-dia-de-la-reforma-es-un-hecho-historico\/#primaryimage"},"thumbnailUrl":"http:\/\/www.isletasnoticias.com.ar\/%77%70%2d%63%6f%6e%74%65%6e%74\/uploads\/2013\/09\/narciso1-300x225.jpg","datePublished":"2013-09-15T13:19:31+00:00","dateModified":"2013-09-15T13:33:28+00:00","breadcrumb":{"@id":"https:\/\/informelitoral.com.ar\/pastor-narciso-weiss-el-reconocimiento-provincial-al-dia-de-la-reforma-es-un-hecho-historico\/#breadcrumb"},"inLanguage":"es","potentialAction":[{"@type":"ReadAction","target":["https:\/\/informelitoral.com.ar\/pastor-narciso-weiss-el-reconocimiento-provincial-al-dia-de-la-reforma-es-un-hecho-historico\/"]}]},{"@type":"ImageObject","inLanguage":"es","@id":"https:\/\/informelitoral.com.ar\/pastor-narciso-weiss-el-reconocimiento-provincial-al-dia-de-la-reforma-es-un-hecho-historico\/#primaryimage","url":"http:\/\/www.isletasnoticias.com.ar\/%77%70%2d%63%6f%6e%74%65%6e%74\/uploads\/2013\/09\/narciso1-300x225.jpg","contentUrl":"http:\/\/www.isletasnoticias.com.ar\/%77%70%2d%63%6f%6e%74%65%6e%74\/uploads\/2013\/09\/narciso1-300x225.jpg"},{"@type":"BreadcrumbList","@id":"https:\/\/informelitoral.com.ar\/pastor-narciso-weiss-el-reconocimiento-provincial-al-dia-de-la-reforma-es-un-hecho-historico\/#breadcrumb","itemListElement":[{"@type":"ListItem","position":1,"name":"Portada","item":"https:\/\/informelitoral.com.ar\/"},{"@type":"ListItem","position":2,"name":"Pastor Narciso Weiss: \u201cEl reconocimiento provincial al D\u00eda de la Reforma, es un hecho hist\u00f3rico\u201d"}]},{"@type":"WebSite","@id":"https:\/\/informelitoral.com.ar\/#website","url":"https:\/\/informelitoral.com.ar\/","name":"Informe Litoral","description":"&quot;Nos informamos&quot; ","publisher":{"@id":"https:\/\/informelitoral.com.ar\/#organization"},"potentialAction":[{"@type":"SearchAction","target":{"@type":"EntryPoint","urlTemplate":"https:\/\/informelitoral.com.ar\/?s={search_term_string}"},"query-input":{"@type":"PropertyValueSpecification","valueRequired":true,"valueName":"search_term_string"}}],"inLanguage":"es"},{"@type":"Organization","@id":"https:\/\/informelitoral.com.ar\/#organization","name":"Informe Litoral","url":"https:\/\/informelitoral.com.ar\/","logo":{"@type":"ImageObject","inLanguage":"es","@id":"https:\/\/informelitoral.com.ar\/#\/schema\/logo\/image\/","url":"https:\/\/informelitoral.com.ar\/%77%70%2d%63%6f%6e%74%65%6e%74\/uploads\/2021\/01\/circulo.png","contentUrl":"https:\/\/informelitoral.com.ar\/%77%70%2d%63%6f%6e%74%65%6e%74\/uploads\/2021\/01\/circulo.png","width":723,"height":731,"caption":"Informe Litoral"},"image":{"@id":"https:\/\/informelitoral.com.ar\/#\/schema\/logo\/image\/"},"sameAs":["https:\/\/www.facebook.com\/informelitoral\/","https:\/\/x.com\/InformeLitoral","https:\/\/www.instagram.com\/informelitoral\/","https:\/\/www.youtube.com\/channel\/UCua4Qvz8Icb6MYqhoq9xLXw"]},{"@type":"Person","@id":"https:\/\/informelitoral.com.ar\/#\/schema\/person\/b9d00407c836482871ef1d57bf8e3180","name":"Gonzalo Schmidt","image":{"@type":"ImageObject","inLanguage":"es","@id":"https:\/\/secure.gravatar.com\/avatar\/31a1a7b66ff2de83bd0e9fd79d026630d2d99e55e8bfe501287647b4fd9743de?s=96&d=mm&r=g","url":"https:\/\/secure.gravatar.com\/avatar\/31a1a7b66ff2de83bd0e9fd79d026630d2d99e55e8bfe501287647b4fd9743de?s=96&d=mm&r=g","contentUrl":"https:\/\/secure.gravatar.com\/avatar\/31a1a7b66ff2de83bd0e9fd79d026630d2d99e55e8bfe501287647b4fd9743de?s=96&d=mm&r=g","caption":"Gonzalo Schmidt"},"description":"Sitio web de noticias de la provincia de Entre R\u00edos, Argentina. Informaci\u00f3n y entretenimiento. Informe Litoral, nos informamos.","sameAs":["http:\/\/www.isletasnoticias.com.ar"],"url":"https:\/\/informelitoral.com.ar\/author\/gonzalo\/"}]}},"_links":{"self":[{"href":"https:\/\/informelitoral.com.ar\/%77%70%2d%6a%73%6f%6e\/wp\/v2\/posts\/3198","targetHints":{"allow":["GET"]}}],"collection":[{"href":"https:\/\/informelitoral.com.ar\/%77%70%2d%6a%73%6f%6e\/wp\/v2\/posts"}],"about":[{"href":"https:\/\/informelitoral.com.ar\/%77%70%2d%6a%73%6f%6e\/wp\/v2\/types\/post"}],"author":[{"embeddable":true,"href":"https:\/\/informelitoral.com.ar\/%77%70%2d%6a%73%6f%6e\/wp\/v2\/users\/2"}],"replies":[{"embeddable":true,"href":"https:\/\/informelitoral.com.ar\/%77%70%2d%6a%73%6f%6e\/wp\/v2\/comments?post=3198"}],"version-history":[{"count":0,"href":"https:\/\/informelitoral.com.ar\/%77%70%2d%6a%73%6f%6e\/wp\/v2\/posts\/3198\/revisions"}],"wp:attachment":[{"href":"https:\/\/informelitoral.com.ar\/%77%70%2d%6a%73%6f%6e\/wp\/v2\/media?parent=3198"}],"wp:term":[{"taxonomy":"category","embeddable":true,"href":"https:\/\/informelitoral.com.ar\/%77%70%2d%6a%73%6f%6e\/wp\/v2\/categories?post=3198"},{"taxonomy":"post_tag","embeddable":true,"href":"https:\/\/informelitoral.com.ar\/%77%70%2d%6a%73%6f%6e\/wp\/v2\/tags?post=3198"}],"curies":[{"name":"wp","href":"https:\/\/api.w.org\/{rel}","templated":true}]}}