{"id":31919,"date":"2019-02-13T08:36:01","date_gmt":"2019-02-13T11:36:01","guid":{"rendered":"https:\/\/www.isletasnoticias.com.ar\/?p=31919"},"modified":"2019-02-13T08:43:16","modified_gmt":"2019-02-13T11:43:16","slug":"fatal-accidente-en-ruta-12-murieron-dos-hombres-y-hubo-tres-heridos","status":"publish","type":"post","link":"https:\/\/informelitoral.com.ar\/fatal-accidente-en-ruta-12-murieron-dos-hombres-y-hubo-tres-heridos\/","title":{"rendered":"Fatal accidente en ruta 12: murieron dos hombres y hubo tres heridos"},"content":{"rendered":"<p>Un grave accidente, en el que murieron dos hombres, ocurri\u00f3 en la tarde del martes, sobre\u00a0<b>la Ruta 12, a la altura del kil\u00f3metro 364. El siniestro vial tuvo lugar a seis kil\u00f3metros del acceso a la localidad de Hern\u00e1ndez<\/b>, en el departamento Nogoy\u00e1.<\/p>\n<p>El choque entre dos camionetas se dio, cuando una Chevrolet S10, intent\u00f3 ingresar a la ruta desde un camino vecinal y\u00a0<b>fue impactada por una Ford Ranger que transitaba por el mencionado trazado vial, se indic\u00f3 a<\/b><em> Elonce.<\/em><\/p>\n<figure class=\"embed\"><img decoding=\"async\" class=\"aligncenter\" title=\"\" src=\"https:\/\/elonce-media.elonce.com\/fotos-nuevo\/2019\/02\/12\/o_1550006513.jpg\" alt=\"\" width=\"640\" \/><\/figure>\n<p>Como consecuencia del tremendo impacto, dos hombres fallecieron en el lugar y otras tres personas debieron ser hospitalizadas, con heridas de consideraci\u00f3n.\u00a0<b>Seg\u00fan indicaron, el choque de la Ranger a la Chevrolet, se dio en el lateral izquierdo y ambos veh\u00edculos terminaron en la banquina<\/b>.<\/p>\n<p>El accidente ocurri\u00f3 en una lomada y es probable, que la camioneta que intentaba ingresar a la ruta, no divisara al otro veh\u00edculo que circulaba en la cinta asf\u00e1ltica.<\/p>\n<figure class=\"embed\"><img decoding=\"async\" class=\"aligncenter\" title=\"\" src=\"https:\/\/elonce-media.elonce.com\/fotos-nuevo\/2019\/02\/12\/o_1550006519.jpg\" alt=\"\" width=\"640\" \/><\/figure>\n<p><b>Uno de los hombres fallecidos fue identificado como Pedro Amud, de 75 a\u00f1os de edad. La v\u00edctima era quien conduc\u00eda la camioneta Chevrolet y se domiciliaba en la zona rural<\/b>, cerca de donde ocurri\u00f3 el accidente.<\/p>\n<p>En tanto,\u00a0<b>el segundo hombre fallecido iba como acompa\u00f1ante en la Ford y fue identificado como Heriberto Sinner<\/b>. En el veh\u00edculo, tambi\u00e9n viajaban el conductor de la misma y otras dos mujeres; todos oriundos de la localidad de General Galarza, en el departamento Gualeguay.<\/p>\n<figure class=\"embed\"><img decoding=\"async\" title=\"\" src=\"https:\/\/elonce-media.elonce.com\/fotos-nuevo\/2019\/02\/12\/o_1550006515.jpg\" alt=\"\" width=\"640\" \/><\/figure>\n<p>El jefe departamental de polic\u00eda de Nogoy\u00e1, comisario Jorge Cancio, confirm\u00f3 <b>que \u00abdos personas fueron trasladadas al hospital San Mart\u00edn de Paran\u00e1 y una persona fue derivada al nosocomio de Nogoy\u00e1\u00bb, afirm\u00f3. Se trata de Claudio Sinner; N\u00e9lida Mu\u00f1oz y Ester Nu\u00f1ez. <\/b><\/p>\n<p><em>Fuente: Elonce.com<\/em><\/p>\n","protected":false},"excerpt":{"rendered":"<p>El choque ocurri\u00f3 en la Ruta 12, a la altura del kil\u00f3metro 364, a seis kil\u00f3metros del acceso a la localidad de Hern\u00e1ndez. Dos personas heridas fueron derivadas a Paran\u00e1 y una a Nogoy\u00e1.<\/p>\n","protected":false},"author":2,"featured_media":31920,"comment_status":"open","ping_status":"open","sticky":false,"template":"","format":"standard","meta":{"fifu_image_url":"","fifu_image_alt":"","footnotes":""},"categories":[14],"tags":[304,1278,305],"class_list":{"0":"post-31919","1":"post","2":"type-post","3":"status-publish","4":"format-standard","5":"has-post-thumbnail","7":"category-policiales","8":"tag-accidente-vial","9":"tag-hernandez","10":"tag-ruta-12"},"yoast_head":"<title>Fatal accidente en ruta 12: murieron dos hombres y hubo tres heridos - Informe Litoral<\/title>\n<meta name=\"robots\" content=\"index, follow, max-snippet:-1, max-image-preview:large, max-video-preview:-1\" \/>\n<link rel=\"canonical\" href=\"https:\/\/informelitoral.com.ar\/fatal-accidente-en-ruta-12-murieron-dos-hombres-y-hubo-tres-heridos\/\" \/>\n<meta property=\"og:locale\" content=\"es_ES\" \/>\n<meta property=\"og:type\" content=\"article\" \/>\n<meta property=\"og:title\" content=\"Fatal accidente en ruta 12: murieron dos hombres y hubo tres heridos - Informe Litoral\" \/>\n<meta property=\"og:description\" content=\"El choque ocurri\u00f3 en la Ruta 12, a la altura del kil\u00f3metro 364, a seis kil\u00f3metros del acceso a la localidad de Hern\u00e1ndez. Dos personas heridas fueron derivadas a Paran\u00e1 y una a Nogoy\u00e1.\" \/>\n<meta property=\"og:url\" content=\"https:\/\/informelitoral.com.ar\/fatal-accidente-en-ruta-12-murieron-dos-hombres-y-hubo-tres-heridos\/\" \/>\n<meta property=\"og:site_name\" content=\"Informe Litoral\" \/>\n<meta property=\"article:publisher\" content=\"https:\/\/www.facebook.com\/informelitoral\/\" \/>\n<meta property=\"article:published_time\" content=\"2019-02-13T11:36:01+00:00\" \/>\n<meta property=\"article:modified_time\" content=\"2019-02-13T11:43:16+00:00\" \/>\n<meta property=\"og:image\" content=\"https:\/\/informelitoral.com.ar\/%77%70%2d%63%6f%6e%74%65%6e%74\/uploads\/2019\/02\/o_1550006517.jpg\" \/>\n\t<meta property=\"og:image:width\" content=\"800\" \/>\n\t<meta property=\"og:image:height\" content=\"450\" \/>\n\t<meta property=\"og:image:type\" content=\"image\/jpeg\" \/>\n<meta name=\"author\" content=\"Gonzalo Schmidt\" \/>\n<meta name=\"twitter:card\" content=\"summary_large_image\" \/>\n<meta name=\"twitter:creator\" content=\"@InformeLitoral\" \/>\n<meta name=\"twitter:site\" content=\"@InformeLitoral\" \/>\n<meta name=\"twitter:label1\" content=\"Escrito por\" \/>\n\t<meta name=\"twitter:data1\" content=\"Gonzalo Schmidt\" \/>\n\t<meta name=\"twitter:label2\" content=\"Tiempo de lectura\" \/>\n\t<meta name=\"twitter:data2\" content=\"1 minuto\" \/>\n<script type=\"application\/ld+json\" class=\"yoast-schema-graph\">{\"@context\":\"https:\\\/\\\/schema.org\",\"@graph\":[{\"@type\":\"Article\",\"@id\":\"https:\\\/\\\/informelitoral.com.ar\\\/fatal-accidente-en-ruta-12-murieron-dos-hombres-y-hubo-tres-heridos\\\/#article\",\"isPartOf\":{\"@id\":\"https:\\\/\\\/informelitoral.com.ar\\\/fatal-accidente-en-ruta-12-murieron-dos-hombres-y-hubo-tres-heridos\\\/\"},\"author\":{\"name\":\"Gonzalo Schmidt\",\"@id\":\"https:\\\/\\\/informelitoral.com.ar\\\/#\\\/schema\\\/person\\\/b9d00407c836482871ef1d57bf8e3180\"},\"headline\":\"Fatal accidente en ruta 12: murieron dos hombres y hubo tres heridos\",\"datePublished\":\"2019-02-13T11:36:01+00:00\",\"dateModified\":\"2019-02-13T11:43:16+00:00\",\"mainEntityOfPage\":{\"@id\":\"https:\\\/\\\/informelitoral.com.ar\\\/fatal-accidente-en-ruta-12-murieron-dos-hombres-y-hubo-tres-heridos\\\/\"},\"wordCount\":308,\"commentCount\":0,\"publisher\":{\"@id\":\"https:\\\/\\\/informelitoral.com.ar\\\/#organization\"},\"image\":{\"@id\":\"https:\\\/\\\/informelitoral.com.ar\\\/fatal-accidente-en-ruta-12-murieron-dos-hombres-y-hubo-tres-heridos\\\/#primaryimage\"},\"thumbnailUrl\":\"https:\\\/\\\/informelitoral.com.ar\\\/%77%70%2d%63%6f%6e%74%65%6e%74\\\/uploads\\\/2019\\\/02\\\/o_1550006517.jpg\",\"keywords\":[\"Accidente vial\",\"Hern\u00e1ndez\",\"Ruta 12\"],\"articleSection\":[\"Policiales\"],\"inLanguage\":\"es\",\"potentialAction\":[{\"@type\":\"CommentAction\",\"name\":\"Comment\",\"target\":[\"https:\\\/\\\/informelitoral.com.ar\\\/fatal-accidente-en-ruta-12-murieron-dos-hombres-y-hubo-tres-heridos\\\/#respond\"]}]},{\"@type\":\"WebPage\",\"@id\":\"https:\\\/\\\/informelitoral.com.ar\\\/fatal-accidente-en-ruta-12-murieron-dos-hombres-y-hubo-tres-heridos\\\/\",\"url\":\"https:\\\/\\\/informelitoral.com.ar\\\/fatal-accidente-en-ruta-12-murieron-dos-hombres-y-hubo-tres-heridos\\\/\",\"name\":\"Fatal accidente en ruta 12: murieron dos hombres y hubo tres heridos - Informe Litoral\",\"isPartOf\":{\"@id\":\"https:\\\/\\\/informelitoral.com.ar\\\/#website\"},\"primaryImageOfPage\":{\"@id\":\"https:\\\/\\\/informelitoral.com.ar\\\/fatal-accidente-en-ruta-12-murieron-dos-hombres-y-hubo-tres-heridos\\\/#primaryimage\"},\"image\":{\"@id\":\"https:\\\/\\\/informelitoral.com.ar\\\/fatal-accidente-en-ruta-12-murieron-dos-hombres-y-hubo-tres-heridos\\\/#primaryimage\"},\"thumbnailUrl\":\"https:\\\/\\\/informelitoral.com.ar\\\/%77%70%2d%63%6f%6e%74%65%6e%74\\\/uploads\\\/2019\\\/02\\\/o_1550006517.jpg\",\"datePublished\":\"2019-02-13T11:36:01+00:00\",\"dateModified\":\"2019-02-13T11:43:16+00:00\",\"breadcrumb\":{\"@id\":\"https:\\\/\\\/informelitoral.com.ar\\\/fatal-accidente-en-ruta-12-murieron-dos-hombres-y-hubo-tres-heridos\\\/#breadcrumb\"},\"inLanguage\":\"es\",\"potentialAction\":[{\"@type\":\"ReadAction\",\"target\":[\"https:\\\/\\\/informelitoral.com.ar\\\/fatal-accidente-en-ruta-12-murieron-dos-hombres-y-hubo-tres-heridos\\\/\"]}]},{\"@type\":\"ImageObject\",\"inLanguage\":\"es\",\"@id\":\"https:\\\/\\\/informelitoral.com.ar\\\/fatal-accidente-en-ruta-12-murieron-dos-hombres-y-hubo-tres-heridos\\\/#primaryimage\",\"url\":\"https:\\\/\\\/informelitoral.com.ar\\\/%77%70%2d%63%6f%6e%74%65%6e%74\\\/uploads\\\/2019\\\/02\\\/o_1550006517.jpg\",\"contentUrl\":\"https:\\\/\\\/informelitoral.com.ar\\\/%77%70%2d%63%6f%6e%74%65%6e%74\\\/uploads\\\/2019\\\/02\\\/o_1550006517.jpg\",\"width\":800,\"height\":450},{\"@type\":\"BreadcrumbList\",\"@id\":\"https:\\\/\\\/informelitoral.com.ar\\\/fatal-accidente-en-ruta-12-murieron-dos-hombres-y-hubo-tres-heridos\\\/#breadcrumb\",\"itemListElement\":[{\"@type\":\"ListItem\",\"position\":1,\"name\":\"Portada\",\"item\":\"https:\\\/\\\/informelitoral.com.ar\\\/\"},{\"@type\":\"ListItem\",\"position\":2,\"name\":\"Fatal accidente en ruta 12: murieron dos hombres y hubo tres heridos\"}]},{\"@type\":\"WebSite\",\"@id\":\"https:\\\/\\\/informelitoral.com.ar\\\/#website\",\"url\":\"https:\\\/\\\/informelitoral.com.ar\\\/\",\"name\":\"Informe Litoral\",\"description\":\"&quot;Nos informamos&quot; \",\"publisher\":{\"@id\":\"https:\\\/\\\/informelitoral.com.ar\\\/#organization\"},\"potentialAction\":[{\"@type\":\"SearchAction\",\"target\":{\"@type\":\"EntryPoint\",\"urlTemplate\":\"https:\\\/\\\/informelitoral.com.ar\\\/?s={search_term_string}\"},\"query-input\":{\"@type\":\"PropertyValueSpecification\",\"valueRequired\":true,\"valueName\":\"search_term_string\"}}],\"inLanguage\":\"es\"},{\"@type\":\"Organization\",\"@id\":\"https:\\\/\\\/informelitoral.com.ar\\\/#organization\",\"name\":\"Informe Litoral\",\"url\":\"https:\\\/\\\/informelitoral.com.ar\\\/\",\"logo\":{\"@type\":\"ImageObject\",\"inLanguage\":\"es\",\"@id\":\"https:\\\/\\\/informelitoral.com.ar\\\/#\\\/schema\\\/logo\\\/image\\\/\",\"url\":\"https:\\\/\\\/informelitoral.com.ar\\\/%77%70%2d%63%6f%6e%74%65%6e%74\\\/uploads\\\/2021\\\/01\\\/circulo.png\",\"contentUrl\":\"https:\\\/\\\/informelitoral.com.ar\\\/%77%70%2d%63%6f%6e%74%65%6e%74\\\/uploads\\\/2021\\\/01\\\/circulo.png\",\"width\":723,\"height\":731,\"caption\":\"Informe Litoral\"},\"image\":{\"@id\":\"https:\\\/\\\/informelitoral.com.ar\\\/#\\\/schema\\\/logo\\\/image\\\/\"},\"sameAs\":[\"https:\\\/\\\/www.facebook.com\\\/informelitoral\\\/\",\"https:\\\/\\\/x.com\\\/InformeLitoral\",\"https:\\\/\\\/www.instagram.com\\\/informelitoral\\\/\",\"https:\\\/\\\/www.youtube.com\\\/channel\\\/UCua4Qvz8Icb6MYqhoq9xLXw\"]},{\"@type\":\"Person\",\"@id\":\"https:\\\/\\\/informelitoral.com.ar\\\/#\\\/schema\\\/person\\\/b9d00407c836482871ef1d57bf8e3180\",\"name\":\"Gonzalo Schmidt\",\"image\":{\"@type\":\"ImageObject\",\"inLanguage\":\"es\",\"@id\":\"https:\\\/\\\/secure.gravatar.com\\\/avatar\\\/31a1a7b66ff2de83bd0e9fd79d026630d2d99e55e8bfe501287647b4fd9743de?s=96&d=mm&r=g\",\"url\":\"https:\\\/\\\/secure.gravatar.com\\\/avatar\\\/31a1a7b66ff2de83bd0e9fd79d026630d2d99e55e8bfe501287647b4fd9743de?s=96&d=mm&r=g\",\"contentUrl\":\"https:\\\/\\\/secure.gravatar.com\\\/avatar\\\/31a1a7b66ff2de83bd0e9fd79d026630d2d99e55e8bfe501287647b4fd9743de?s=96&d=mm&r=g\",\"caption\":\"Gonzalo Schmidt\"},\"description\":\"Sitio web de noticias de la provincia de Entre R\u00edos, Argentina. Informaci\u00f3n y entretenimiento. Informe Litoral, nos informamos.\",\"sameAs\":[\"http:\\\/\\\/www.isletasnoticias.com.ar\"],\"url\":\"https:\\\/\\\/informelitoral.com.ar\\\/author\\\/gonzalo\\\/\"}]}<\/script>","yoast_head_json":{"title":"Fatal accidente en ruta 12: murieron dos hombres y hubo tres heridos - Informe Litoral","robots":{"index":"index","follow":"follow","max-snippet":"max-snippet:-1","max-image-preview":"max-image-preview:large","max-video-preview":"max-video-preview:-1"},"canonical":"https:\/\/informelitoral.com.ar\/fatal-accidente-en-ruta-12-murieron-dos-hombres-y-hubo-tres-heridos\/","og_locale":"es_ES","og_type":"article","og_title":"Fatal accidente en ruta 12: murieron dos hombres y hubo tres heridos - Informe Litoral","og_description":"El choque ocurri\u00f3 en la Ruta 12, a la altura del kil\u00f3metro 364, a seis kil\u00f3metros del acceso a la localidad de Hern\u00e1ndez. Dos personas heridas fueron derivadas a Paran\u00e1 y una a Nogoy\u00e1.","og_url":"https:\/\/informelitoral.com.ar\/fatal-accidente-en-ruta-12-murieron-dos-hombres-y-hubo-tres-heridos\/","og_site_name":"Informe Litoral","article_publisher":"https:\/\/www.facebook.com\/informelitoral\/","article_published_time":"2019-02-13T11:36:01+00:00","article_modified_time":"2019-02-13T11:43:16+00:00","og_image":[{"width":800,"height":450,"url":"https:\/\/informelitoral.com.ar\/%77%70%2d%63%6f%6e%74%65%6e%74\/uploads\/2019\/02\/o_1550006517.jpg","type":"image\/jpeg"}],"author":"Gonzalo Schmidt","twitter_card":"summary_large_image","twitter_creator":"@InformeLitoral","twitter_site":"@InformeLitoral","twitter_misc":{"Escrito por":"Gonzalo Schmidt","Tiempo de lectura":"1 minuto"},"schema":{"@context":"https:\/\/schema.org","@graph":[{"@type":"Article","@id":"https:\/\/informelitoral.com.ar\/fatal-accidente-en-ruta-12-murieron-dos-hombres-y-hubo-tres-heridos\/#article","isPartOf":{"@id":"https:\/\/informelitoral.com.ar\/fatal-accidente-en-ruta-12-murieron-dos-hombres-y-hubo-tres-heridos\/"},"author":{"name":"Gonzalo Schmidt","@id":"https:\/\/informelitoral.com.ar\/#\/schema\/person\/b9d00407c836482871ef1d57bf8e3180"},"headline":"Fatal accidente en ruta 12: murieron dos hombres y hubo tres heridos","datePublished":"2019-02-13T11:36:01+00:00","dateModified":"2019-02-13T11:43:16+00:00","mainEntityOfPage":{"@id":"https:\/\/informelitoral.com.ar\/fatal-accidente-en-ruta-12-murieron-dos-hombres-y-hubo-tres-heridos\/"},"wordCount":308,"commentCount":0,"publisher":{"@id":"https:\/\/informelitoral.com.ar\/#organization"},"image":{"@id":"https:\/\/informelitoral.com.ar\/fatal-accidente-en-ruta-12-murieron-dos-hombres-y-hubo-tres-heridos\/#primaryimage"},"thumbnailUrl":"https:\/\/informelitoral.com.ar\/%77%70%2d%63%6f%6e%74%65%6e%74\/uploads\/2019\/02\/o_1550006517.jpg","keywords":["Accidente vial","Hern\u00e1ndez","Ruta 12"],"articleSection":["Policiales"],"inLanguage":"es","potentialAction":[{"@type":"CommentAction","name":"Comment","target":["https:\/\/informelitoral.com.ar\/fatal-accidente-en-ruta-12-murieron-dos-hombres-y-hubo-tres-heridos\/#respond"]}]},{"@type":"WebPage","@id":"https:\/\/informelitoral.com.ar\/fatal-accidente-en-ruta-12-murieron-dos-hombres-y-hubo-tres-heridos\/","url":"https:\/\/informelitoral.com.ar\/fatal-accidente-en-ruta-12-murieron-dos-hombres-y-hubo-tres-heridos\/","name":"Fatal accidente en ruta 12: murieron dos hombres y hubo tres heridos - Informe Litoral","isPartOf":{"@id":"https:\/\/informelitoral.com.ar\/#website"},"primaryImageOfPage":{"@id":"https:\/\/informelitoral.com.ar\/fatal-accidente-en-ruta-12-murieron-dos-hombres-y-hubo-tres-heridos\/#primaryimage"},"image":{"@id":"https:\/\/informelitoral.com.ar\/fatal-accidente-en-ruta-12-murieron-dos-hombres-y-hubo-tres-heridos\/#primaryimage"},"thumbnailUrl":"https:\/\/informelitoral.com.ar\/%77%70%2d%63%6f%6e%74%65%6e%74\/uploads\/2019\/02\/o_1550006517.jpg","datePublished":"2019-02-13T11:36:01+00:00","dateModified":"2019-02-13T11:43:16+00:00","breadcrumb":{"@id":"https:\/\/informelitoral.com.ar\/fatal-accidente-en-ruta-12-murieron-dos-hombres-y-hubo-tres-heridos\/#breadcrumb"},"inLanguage":"es","potentialAction":[{"@type":"ReadAction","target":["https:\/\/informelitoral.com.ar\/fatal-accidente-en-ruta-12-murieron-dos-hombres-y-hubo-tres-heridos\/"]}]},{"@type":"ImageObject","inLanguage":"es","@id":"https:\/\/informelitoral.com.ar\/fatal-accidente-en-ruta-12-murieron-dos-hombres-y-hubo-tres-heridos\/#primaryimage","url":"https:\/\/informelitoral.com.ar\/%77%70%2d%63%6f%6e%74%65%6e%74\/uploads\/2019\/02\/o_1550006517.jpg","contentUrl":"https:\/\/informelitoral.com.ar\/%77%70%2d%63%6f%6e%74%65%6e%74\/uploads\/2019\/02\/o_1550006517.jpg","width":800,"height":450},{"@type":"BreadcrumbList","@id":"https:\/\/informelitoral.com.ar\/fatal-accidente-en-ruta-12-murieron-dos-hombres-y-hubo-tres-heridos\/#breadcrumb","itemListElement":[{"@type":"ListItem","position":1,"name":"Portada","item":"https:\/\/informelitoral.com.ar\/"},{"@type":"ListItem","position":2,"name":"Fatal accidente en ruta 12: murieron dos hombres y hubo tres heridos"}]},{"@type":"WebSite","@id":"https:\/\/informelitoral.com.ar\/#website","url":"https:\/\/informelitoral.com.ar\/","name":"Informe Litoral","description":"&quot;Nos informamos&quot; ","publisher":{"@id":"https:\/\/informelitoral.com.ar\/#organization"},"potentialAction":[{"@type":"SearchAction","target":{"@type":"EntryPoint","urlTemplate":"https:\/\/informelitoral.com.ar\/?s={search_term_string}"},"query-input":{"@type":"PropertyValueSpecification","valueRequired":true,"valueName":"search_term_string"}}],"inLanguage":"es"},{"@type":"Organization","@id":"https:\/\/informelitoral.com.ar\/#organization","name":"Informe Litoral","url":"https:\/\/informelitoral.com.ar\/","logo":{"@type":"ImageObject","inLanguage":"es","@id":"https:\/\/informelitoral.com.ar\/#\/schema\/logo\/image\/","url":"https:\/\/informelitoral.com.ar\/%77%70%2d%63%6f%6e%74%65%6e%74\/uploads\/2021\/01\/circulo.png","contentUrl":"https:\/\/informelitoral.com.ar\/%77%70%2d%63%6f%6e%74%65%6e%74\/uploads\/2021\/01\/circulo.png","width":723,"height":731,"caption":"Informe Litoral"},"image":{"@id":"https:\/\/informelitoral.com.ar\/#\/schema\/logo\/image\/"},"sameAs":["https:\/\/www.facebook.com\/informelitoral\/","https:\/\/x.com\/InformeLitoral","https:\/\/www.instagram.com\/informelitoral\/","https:\/\/www.youtube.com\/channel\/UCua4Qvz8Icb6MYqhoq9xLXw"]},{"@type":"Person","@id":"https:\/\/informelitoral.com.ar\/#\/schema\/person\/b9d00407c836482871ef1d57bf8e3180","name":"Gonzalo Schmidt","image":{"@type":"ImageObject","inLanguage":"es","@id":"https:\/\/secure.gravatar.com\/avatar\/31a1a7b66ff2de83bd0e9fd79d026630d2d99e55e8bfe501287647b4fd9743de?s=96&d=mm&r=g","url":"https:\/\/secure.gravatar.com\/avatar\/31a1a7b66ff2de83bd0e9fd79d026630d2d99e55e8bfe501287647b4fd9743de?s=96&d=mm&r=g","contentUrl":"https:\/\/secure.gravatar.com\/avatar\/31a1a7b66ff2de83bd0e9fd79d026630d2d99e55e8bfe501287647b4fd9743de?s=96&d=mm&r=g","caption":"Gonzalo Schmidt"},"description":"Sitio web de noticias de la provincia de Entre R\u00edos, Argentina. Informaci\u00f3n y entretenimiento. Informe Litoral, nos informamos.","sameAs":["http:\/\/www.isletasnoticias.com.ar"],"url":"https:\/\/informelitoral.com.ar\/author\/gonzalo\/"}]}},"_links":{"self":[{"href":"https:\/\/informelitoral.com.ar\/%77%70%2d%6a%73%6f%6e\/wp\/v2\/posts\/31919","targetHints":{"allow":["GET"]}}],"collection":[{"href":"https:\/\/informelitoral.com.ar\/%77%70%2d%6a%73%6f%6e\/wp\/v2\/posts"}],"about":[{"href":"https:\/\/informelitoral.com.ar\/%77%70%2d%6a%73%6f%6e\/wp\/v2\/types\/post"}],"author":[{"embeddable":true,"href":"https:\/\/informelitoral.com.ar\/%77%70%2d%6a%73%6f%6e\/wp\/v2\/users\/2"}],"replies":[{"embeddable":true,"href":"https:\/\/informelitoral.com.ar\/%77%70%2d%6a%73%6f%6e\/wp\/v2\/comments?post=31919"}],"version-history":[{"count":0,"href":"https:\/\/informelitoral.com.ar\/%77%70%2d%6a%73%6f%6e\/wp\/v2\/posts\/31919\/revisions"}],"wp:featuredmedia":[{"embeddable":true,"href":"https:\/\/informelitoral.com.ar\/%77%70%2d%6a%73%6f%6e\/wp\/v2\/media\/31920"}],"wp:attachment":[{"href":"https:\/\/informelitoral.com.ar\/%77%70%2d%6a%73%6f%6e\/wp\/v2\/media?parent=31919"}],"wp:term":[{"taxonomy":"category","embeddable":true,"href":"https:\/\/informelitoral.com.ar\/%77%70%2d%6a%73%6f%6e\/wp\/v2\/categories?post=31919"},{"taxonomy":"post_tag","embeddable":true,"href":"https:\/\/informelitoral.com.ar\/%77%70%2d%6a%73%6f%6e\/wp\/v2\/tags?post=31919"}],"curies":[{"name":"wp","href":"https:\/\/api.w.org\/{rel}","templated":true}]}}