{"id":3190,"date":"2013-09-14T22:51:28","date_gmt":"2013-09-15T01:51:28","guid":{"rendered":"http:\/\/www.isletasnoticias.com.ar\/?p=3190"},"modified":"2013-09-14T22:56:38","modified_gmt":"2013-09-15T01:56:38","slug":"confirmado-este-domingo-se-diputara-la-sexta-fecha-del-sp-1000-diamantino","status":"publish","type":"post","link":"https:\/\/informelitoral.com.ar\/confirmado-este-domingo-se-diputara-la-sexta-fecha-del-sp-1000-diamantino\/","title":{"rendered":"Confirmado: este domingo se diputar\u00e1 la sexta fecha del SP 1000 Diamantino"},"content":{"rendered":"<p><strong>Lo confirm\u00f3 hoy el periodista <em>Gustavo pussineri<\/em>, en el programa <em>Uno Por Semana<\/em> de <em>FM Eco<\/em>. \u00a0\u00abSino llueve m\u00e1s de 10 mm. en las pr\u00f3ximas horas, la carrera no corre riesgo de suspensi\u00f3n\u00bb. Coment\u00f3 Pussineri y destac\u00f3: \u00abLa Comisi\u00f3n Directiva como los equipos del SP 1000 Diamantino y la F\u00f3rmula Renault Entrerriana est\u00e1n trabajando intensamente\u00bb. La sexta fecha se disputar\u00e1 este domingo, \u00a0en el circuito Don Tito, ubicado a cuatro kil\u00f3metros de Libertador San Mart\u00edn.<\/strong><\/p>\n<p style=\"text-align: center;\"><a href=\"http:\/\/www.isletasnoticias.com.ar\/%77%70%2d%63%6f%6e%74%65%6e%74\/uploads\/2013\/09\/sp1000.jpg\"><img loading=\"lazy\" decoding=\"async\" class=\"size-medium wp-image-3191 aligncenter\" alt=\"sp1000\" src=\"http:\/\/www.isletasnoticias.com.ar\/%77%70%2d%63%6f%6e%74%65%6e%74\/uploads\/2013\/09\/sp1000-300x199.jpg\" width=\"300\" height=\"199\" srcset=\"https:\/\/informelitoral.com.ar\/%77%70%2d%63%6f%6e%74%65%6e%74\/uploads\/2013\/09\/sp1000-300x199.jpg 300w, https:\/\/informelitoral.com.ar\/%77%70%2d%63%6f%6e%74%65%6e%74\/uploads\/2013\/09\/sp1000.jpg 800w\" sizes=\"auto, (max-width: 300px) 100vw, 300px\" \/><\/a><\/p>\n<p>En lo que respecta a la\u00a0<strong>clase A<\/strong>, el equipo del crespense <strong>Rafael Naibert<\/strong> estuvo trabajando en la reconstrucci\u00f3n del Fiat 600 tras el vuelco que sufri\u00f3 en las pruebas de clasificaci\u00f3n de la quinta fecha. Fundamentalmente reemplazaron un alto porcentaje de chapas de la carrocer\u00eda. Adem\u00e1s, su motorista cambi\u00f3 el cig\u00fce\u00f1al ya que en la segunda serie caduc\u00f3 el original y es por ello que no pudo largar la competencia final.<\/p>\n<p>Cabe agregar que en la divisional mayor retornar\u00e1n <strong>Gerardo Unrrein,<\/strong> de Strobel y <strong>Maximiliano Goette<\/strong>, de Crespo. Para la clase A se esperan entre 13 m\u00e1quinas.<\/p>\n<p>En lo que refiere a la\u00a0<strong>F\u00f3rmula Renault Entrerriana<\/strong>, desde esta fecha se sumar\u00e1 el auto que perteneciera al recordado <strong>Javier Londero<\/strong>. <strong>Hugo Wertz<\/strong> tendr\u00e1 el privilegio de conducir el hist\u00f3rico Berta I. Asimismo, falta confirmar el piloto que manejar\u00e1 el otro Berta I, propiedad de Wertz. Una posibilidad que se baraja es que el actual campe\u00f3n de la clase A,<strong> Pablo Gieco,<\/strong> reemplace a Wertz en la butaca de esa unidad. En total, la FRE sumar\u00e1 9 m\u00e1quinas.<\/p>\n<p>La\u00a0<strong>clase B<\/strong>\u00a0est\u00e1 pasando por un gran momento y se estima repetir\u00e1 o en su defecto aumentar\u00e1 el parque automotor, por lo tanto contar\u00eda con 17 autos aproximadamente.<\/p>\n<p><strong>El cronograma<\/strong><\/p>\n<p>La actividad comenzar\u00e1 a las 10:00, con los entrenamientos y las respectivas pruebas clasificatorias.<\/p>\n<p>Desde las 14:00, se disputar\u00e1n las series y finales en el siguiente orden: Primera Serie B \u2013 Primera Serie A \u2013 Segunda Serie B \u2013 Segunda Serie A \u2013 Final FRE \u2013 Final B y Final A.<\/p>\n<p>El cronograma est\u00e1 sujeto a modificaci\u00f3n ya que se est\u00e1 estudiando la posibilidad de agregar a las 14:00, una final clasificatoria de la FRE, es decir, previo a las series del SP 1000.<\/p>\n<p><strong>Gustavo Pussineri<\/strong>, en di\u00e1logo con <em>Uno Por Semana<\/em>, dijo que las precipitaciones de los \u00faltimos d\u00edas beneficiaron al circuito, ya que se aplan\u00f3 la tierra del mismo, lo que redujo el trabajo de los organizadores y en caso de no llover m\u00e1s, \u00abma\u00f1ana ser\u00e1 un escenario ideal\u00bb. Expres\u00f3.<\/p>\n<p>A partir de las 13:30, de este domingo 15, FM Eco 100.3 de Ram\u00edrez, transmitir\u00e1 en vivo desde el circuito.<\/p>\n","protected":false},"excerpt":{"rendered":"<p>Lo confirm&oacute; hoy el periodista Gustavo pussineri, en el programa Uno Por Semana de FM Eco. &nbsp;&laquo;Sino llueve m&aacute;s de 10 mm. en las pr&oacute;ximas horas, la carrera no corre riesgo de suspensi&oacute;n&raquo;. Coment&oacute; Pussineri y destac&oacute;: &laquo;La Comisi&oacute;n Directiva como los equipos del SP 1000 Diamantino y la F&oacute;rmula Renault Entrerriana est&aacute;n trabajando intensamente&raquo;. [&hellip;]<\/p>\n","protected":false},"author":2,"featured_media":0,"comment_status":"open","ping_status":"open","sticky":false,"template":"","format":"standard","meta":{"fifu_image_url":"","fifu_image_alt":"","footnotes":""},"categories":[5,13],"tags":[],"class_list":{"0":"post-3190","1":"post","2":"type-post","3":"status-publish","4":"format-standard","6":"category-zonales","7":"category-deportes"},"yoast_head":"<title>Confirmado: este domingo se diputar\u00e1 la sexta fecha del SP 1000 Diamantino - Informe Litoral<\/title>\n<meta name=\"robots\" content=\"index, follow, max-snippet:-1, max-image-preview:large, max-video-preview:-1\" \/>\n<link rel=\"canonical\" href=\"https:\/\/informelitoral.com.ar\/confirmado-este-domingo-se-diputara-la-sexta-fecha-del-sp-1000-diamantino\/\" \/>\n<meta property=\"og:locale\" content=\"es_ES\" \/>\n<meta property=\"og:type\" content=\"article\" \/>\n<meta property=\"og:title\" content=\"Confirmado: este domingo se diputar\u00e1 la sexta fecha del SP 1000 Diamantino - Informe Litoral\" \/>\n<meta property=\"og:description\" content=\"Lo confirm&oacute; hoy el periodista Gustavo pussineri, en el programa Uno Por Semana de FM Eco. &nbsp;&laquo;Sino llueve m&aacute;s de 10 mm. en las pr&oacute;ximas horas, la carrera no corre riesgo de suspensi&oacute;n&raquo;. Coment&oacute; Pussineri y destac&oacute;: &laquo;La Comisi&oacute;n Directiva como los equipos del SP 1000 Diamantino y la F&oacute;rmula Renault Entrerriana est&aacute;n trabajando intensamente&raquo;. [&hellip;]\" \/>\n<meta property=\"og:url\" content=\"https:\/\/informelitoral.com.ar\/confirmado-este-domingo-se-diputara-la-sexta-fecha-del-sp-1000-diamantino\/\" \/>\n<meta property=\"og:site_name\" content=\"Informe Litoral\" \/>\n<meta property=\"article:publisher\" content=\"https:\/\/www.facebook.com\/informelitoral\/\" \/>\n<meta property=\"article:published_time\" content=\"2013-09-15T01:51:28+00:00\" \/>\n<meta property=\"article:modified_time\" content=\"2013-09-15T01:56:38+00:00\" \/>\n<meta property=\"og:image\" content=\"https:\/\/informelitoral.com.ar\/%77%70%2d%63%6f%6e%74%65%6e%74\/uploads\/2013\/09\/sp1000.jpg\" \/>\n\t<meta property=\"og:image:width\" content=\"800\" \/>\n\t<meta property=\"og:image:height\" content=\"532\" \/>\n\t<meta property=\"og:image:type\" content=\"image\/jpeg\" \/>\n<meta name=\"author\" content=\"Gonzalo Schmidt\" \/>\n<meta name=\"twitter:card\" content=\"summary_large_image\" \/>\n<meta name=\"twitter:creator\" content=\"@InformeLitoral\" \/>\n<meta name=\"twitter:site\" content=\"@InformeLitoral\" \/>\n<meta name=\"twitter:label1\" content=\"Escrito por\" \/>\n\t<meta name=\"twitter:data1\" content=\"Gonzalo Schmidt\" \/>\n\t<meta name=\"twitter:label2\" content=\"Tiempo de lectura\" \/>\n\t<meta name=\"twitter:data2\" content=\"2 minutos\" \/>\n<script type=\"application\/ld+json\" class=\"yoast-schema-graph\">{\"@context\":\"https:\\\/\\\/schema.org\",\"@graph\":[{\"@type\":\"Article\",\"@id\":\"https:\\\/\\\/informelitoral.com.ar\\\/confirmado-este-domingo-se-diputara-la-sexta-fecha-del-sp-1000-diamantino\\\/#article\",\"isPartOf\":{\"@id\":\"https:\\\/\\\/informelitoral.com.ar\\\/confirmado-este-domingo-se-diputara-la-sexta-fecha-del-sp-1000-diamantino\\\/\"},\"author\":{\"name\":\"Gonzalo Schmidt\",\"@id\":\"https:\\\/\\\/informelitoral.com.ar\\\/#\\\/schema\\\/person\\\/b9d00407c836482871ef1d57bf8e3180\"},\"headline\":\"Confirmado: este domingo se diputar\u00e1 la sexta fecha del SP 1000 Diamantino\",\"datePublished\":\"2013-09-15T01:51:28+00:00\",\"dateModified\":\"2013-09-15T01:56:38+00:00\",\"mainEntityOfPage\":{\"@id\":\"https:\\\/\\\/informelitoral.com.ar\\\/confirmado-este-domingo-se-diputara-la-sexta-fecha-del-sp-1000-diamantino\\\/\"},\"wordCount\":456,\"commentCount\":0,\"publisher\":{\"@id\":\"https:\\\/\\\/informelitoral.com.ar\\\/#organization\"},\"image\":{\"@id\":\"https:\\\/\\\/informelitoral.com.ar\\\/confirmado-este-domingo-se-diputara-la-sexta-fecha-del-sp-1000-diamantino\\\/#primaryimage\"},\"thumbnailUrl\":\"http:\\\/\\\/www.isletasnoticias.com.ar\\\/%77%70%2d%63%6f%6e%74%65%6e%74\\\/uploads\\\/2013\\\/09\\\/sp1000-300x199.jpg\",\"articleSection\":[\"Departamento Diamante\",\"Deportes\"],\"inLanguage\":\"es\",\"potentialAction\":[{\"@type\":\"CommentAction\",\"name\":\"Comment\",\"target\":[\"https:\\\/\\\/informelitoral.com.ar\\\/confirmado-este-domingo-se-diputara-la-sexta-fecha-del-sp-1000-diamantino\\\/#respond\"]}]},{\"@type\":\"WebPage\",\"@id\":\"https:\\\/\\\/informelitoral.com.ar\\\/confirmado-este-domingo-se-diputara-la-sexta-fecha-del-sp-1000-diamantino\\\/\",\"url\":\"https:\\\/\\\/informelitoral.com.ar\\\/confirmado-este-domingo-se-diputara-la-sexta-fecha-del-sp-1000-diamantino\\\/\",\"name\":\"Confirmado: este domingo se diputar\u00e1 la sexta fecha del SP 1000 Diamantino - Informe Litoral\",\"isPartOf\":{\"@id\":\"https:\\\/\\\/informelitoral.com.ar\\\/#website\"},\"primaryImageOfPage\":{\"@id\":\"https:\\\/\\\/informelitoral.com.ar\\\/confirmado-este-domingo-se-diputara-la-sexta-fecha-del-sp-1000-diamantino\\\/#primaryimage\"},\"image\":{\"@id\":\"https:\\\/\\\/informelitoral.com.ar\\\/confirmado-este-domingo-se-diputara-la-sexta-fecha-del-sp-1000-diamantino\\\/#primaryimage\"},\"thumbnailUrl\":\"http:\\\/\\\/www.isletasnoticias.com.ar\\\/%77%70%2d%63%6f%6e%74%65%6e%74\\\/uploads\\\/2013\\\/09\\\/sp1000-300x199.jpg\",\"datePublished\":\"2013-09-15T01:51:28+00:00\",\"dateModified\":\"2013-09-15T01:56:38+00:00\",\"breadcrumb\":{\"@id\":\"https:\\\/\\\/informelitoral.com.ar\\\/confirmado-este-domingo-se-diputara-la-sexta-fecha-del-sp-1000-diamantino\\\/#breadcrumb\"},\"inLanguage\":\"es\",\"potentialAction\":[{\"@type\":\"ReadAction\",\"target\":[\"https:\\\/\\\/informelitoral.com.ar\\\/confirmado-este-domingo-se-diputara-la-sexta-fecha-del-sp-1000-diamantino\\\/\"]}]},{\"@type\":\"ImageObject\",\"inLanguage\":\"es\",\"@id\":\"https:\\\/\\\/informelitoral.com.ar\\\/confirmado-este-domingo-se-diputara-la-sexta-fecha-del-sp-1000-diamantino\\\/#primaryimage\",\"url\":\"http:\\\/\\\/www.isletasnoticias.com.ar\\\/%77%70%2d%63%6f%6e%74%65%6e%74\\\/uploads\\\/2013\\\/09\\\/sp1000-300x199.jpg\",\"contentUrl\":\"http:\\\/\\\/www.isletasnoticias.com.ar\\\/%77%70%2d%63%6f%6e%74%65%6e%74\\\/uploads\\\/2013\\\/09\\\/sp1000-300x199.jpg\"},{\"@type\":\"BreadcrumbList\",\"@id\":\"https:\\\/\\\/informelitoral.com.ar\\\/confirmado-este-domingo-se-diputara-la-sexta-fecha-del-sp-1000-diamantino\\\/#breadcrumb\",\"itemListElement\":[{\"@type\":\"ListItem\",\"position\":1,\"name\":\"Portada\",\"item\":\"https:\\\/\\\/informelitoral.com.ar\\\/\"},{\"@type\":\"ListItem\",\"position\":2,\"name\":\"Confirmado: este domingo se diputar\u00e1 la sexta fecha del SP 1000 Diamantino\"}]},{\"@type\":\"WebSite\",\"@id\":\"https:\\\/\\\/informelitoral.com.ar\\\/#website\",\"url\":\"https:\\\/\\\/informelitoral.com.ar\\\/\",\"name\":\"Informe Litoral\",\"description\":\"&quot;Nos informamos&quot; \",\"publisher\":{\"@id\":\"https:\\\/\\\/informelitoral.com.ar\\\/#organization\"},\"potentialAction\":[{\"@type\":\"SearchAction\",\"target\":{\"@type\":\"EntryPoint\",\"urlTemplate\":\"https:\\\/\\\/informelitoral.com.ar\\\/?s={search_term_string}\"},\"query-input\":{\"@type\":\"PropertyValueSpecification\",\"valueRequired\":true,\"valueName\":\"search_term_string\"}}],\"inLanguage\":\"es\"},{\"@type\":\"Organization\",\"@id\":\"https:\\\/\\\/informelitoral.com.ar\\\/#organization\",\"name\":\"Informe Litoral\",\"url\":\"https:\\\/\\\/informelitoral.com.ar\\\/\",\"logo\":{\"@type\":\"ImageObject\",\"inLanguage\":\"es\",\"@id\":\"https:\\\/\\\/informelitoral.com.ar\\\/#\\\/schema\\\/logo\\\/image\\\/\",\"url\":\"https:\\\/\\\/informelitoral.com.ar\\\/%77%70%2d%63%6f%6e%74%65%6e%74\\\/uploads\\\/2021\\\/01\\\/circulo.png\",\"contentUrl\":\"https:\\\/\\\/informelitoral.com.ar\\\/%77%70%2d%63%6f%6e%74%65%6e%74\\\/uploads\\\/2021\\\/01\\\/circulo.png\",\"width\":723,\"height\":731,\"caption\":\"Informe Litoral\"},\"image\":{\"@id\":\"https:\\\/\\\/informelitoral.com.ar\\\/#\\\/schema\\\/logo\\\/image\\\/\"},\"sameAs\":[\"https:\\\/\\\/www.facebook.com\\\/informelitoral\\\/\",\"https:\\\/\\\/x.com\\\/InformeLitoral\",\"https:\\\/\\\/www.instagram.com\\\/informelitoral\\\/\",\"https:\\\/\\\/www.youtube.com\\\/channel\\\/UCua4Qvz8Icb6MYqhoq9xLXw\"]},{\"@type\":\"Person\",\"@id\":\"https:\\\/\\\/informelitoral.com.ar\\\/#\\\/schema\\\/person\\\/b9d00407c836482871ef1d57bf8e3180\",\"name\":\"Gonzalo Schmidt\",\"image\":{\"@type\":\"ImageObject\",\"inLanguage\":\"es\",\"@id\":\"https:\\\/\\\/secure.gravatar.com\\\/avatar\\\/31a1a7b66ff2de83bd0e9fd79d026630d2d99e55e8bfe501287647b4fd9743de?s=96&d=mm&r=g\",\"url\":\"https:\\\/\\\/secure.gravatar.com\\\/avatar\\\/31a1a7b66ff2de83bd0e9fd79d026630d2d99e55e8bfe501287647b4fd9743de?s=96&d=mm&r=g\",\"contentUrl\":\"https:\\\/\\\/secure.gravatar.com\\\/avatar\\\/31a1a7b66ff2de83bd0e9fd79d026630d2d99e55e8bfe501287647b4fd9743de?s=96&d=mm&r=g\",\"caption\":\"Gonzalo Schmidt\"},\"description\":\"Sitio web de noticias de la provincia de Entre R\u00edos, Argentina. Informaci\u00f3n y entretenimiento. Informe Litoral, nos informamos.\",\"sameAs\":[\"http:\\\/\\\/www.isletasnoticias.com.ar\"],\"url\":\"https:\\\/\\\/informelitoral.com.ar\\\/author\\\/gonzalo\\\/\"}]}<\/script>","yoast_head_json":{"title":"Confirmado: este domingo se diputar\u00e1 la sexta fecha del SP 1000 Diamantino - Informe Litoral","robots":{"index":"index","follow":"follow","max-snippet":"max-snippet:-1","max-image-preview":"max-image-preview:large","max-video-preview":"max-video-preview:-1"},"canonical":"https:\/\/informelitoral.com.ar\/confirmado-este-domingo-se-diputara-la-sexta-fecha-del-sp-1000-diamantino\/","og_locale":"es_ES","og_type":"article","og_title":"Confirmado: este domingo se diputar\u00e1 la sexta fecha del SP 1000 Diamantino - Informe Litoral","og_description":"Lo confirm&oacute; hoy el periodista Gustavo pussineri, en el programa Uno Por Semana de FM Eco. &nbsp;&laquo;Sino llueve m&aacute;s de 10 mm. en las pr&oacute;ximas horas, la carrera no corre riesgo de suspensi&oacute;n&raquo;. Coment&oacute; Pussineri y destac&oacute;: &laquo;La Comisi&oacute;n Directiva como los equipos del SP 1000 Diamantino y la F&oacute;rmula Renault Entrerriana est&aacute;n trabajando intensamente&raquo;. [&hellip;]","og_url":"https:\/\/informelitoral.com.ar\/confirmado-este-domingo-se-diputara-la-sexta-fecha-del-sp-1000-diamantino\/","og_site_name":"Informe Litoral","article_publisher":"https:\/\/www.facebook.com\/informelitoral\/","article_published_time":"2013-09-15T01:51:28+00:00","article_modified_time":"2013-09-15T01:56:38+00:00","og_image":[{"width":800,"height":532,"url":"https:\/\/informelitoral.com.ar\/%77%70%2d%63%6f%6e%74%65%6e%74\/uploads\/2013\/09\/sp1000.jpg","type":"image\/jpeg"}],"author":"Gonzalo Schmidt","twitter_card":"summary_large_image","twitter_creator":"@InformeLitoral","twitter_site":"@InformeLitoral","twitter_misc":{"Escrito por":"Gonzalo Schmidt","Tiempo de lectura":"2 minutos"},"schema":{"@context":"https:\/\/schema.org","@graph":[{"@type":"Article","@id":"https:\/\/informelitoral.com.ar\/confirmado-este-domingo-se-diputara-la-sexta-fecha-del-sp-1000-diamantino\/#article","isPartOf":{"@id":"https:\/\/informelitoral.com.ar\/confirmado-este-domingo-se-diputara-la-sexta-fecha-del-sp-1000-diamantino\/"},"author":{"name":"Gonzalo Schmidt","@id":"https:\/\/informelitoral.com.ar\/#\/schema\/person\/b9d00407c836482871ef1d57bf8e3180"},"headline":"Confirmado: este domingo se diputar\u00e1 la sexta fecha del SP 1000 Diamantino","datePublished":"2013-09-15T01:51:28+00:00","dateModified":"2013-09-15T01:56:38+00:00","mainEntityOfPage":{"@id":"https:\/\/informelitoral.com.ar\/confirmado-este-domingo-se-diputara-la-sexta-fecha-del-sp-1000-diamantino\/"},"wordCount":456,"commentCount":0,"publisher":{"@id":"https:\/\/informelitoral.com.ar\/#organization"},"image":{"@id":"https:\/\/informelitoral.com.ar\/confirmado-este-domingo-se-diputara-la-sexta-fecha-del-sp-1000-diamantino\/#primaryimage"},"thumbnailUrl":"http:\/\/www.isletasnoticias.com.ar\/%77%70%2d%63%6f%6e%74%65%6e%74\/uploads\/2013\/09\/sp1000-300x199.jpg","articleSection":["Departamento Diamante","Deportes"],"inLanguage":"es","potentialAction":[{"@type":"CommentAction","name":"Comment","target":["https:\/\/informelitoral.com.ar\/confirmado-este-domingo-se-diputara-la-sexta-fecha-del-sp-1000-diamantino\/#respond"]}]},{"@type":"WebPage","@id":"https:\/\/informelitoral.com.ar\/confirmado-este-domingo-se-diputara-la-sexta-fecha-del-sp-1000-diamantino\/","url":"https:\/\/informelitoral.com.ar\/confirmado-este-domingo-se-diputara-la-sexta-fecha-del-sp-1000-diamantino\/","name":"Confirmado: este domingo se diputar\u00e1 la sexta fecha del SP 1000 Diamantino - Informe Litoral","isPartOf":{"@id":"https:\/\/informelitoral.com.ar\/#website"},"primaryImageOfPage":{"@id":"https:\/\/informelitoral.com.ar\/confirmado-este-domingo-se-diputara-la-sexta-fecha-del-sp-1000-diamantino\/#primaryimage"},"image":{"@id":"https:\/\/informelitoral.com.ar\/confirmado-este-domingo-se-diputara-la-sexta-fecha-del-sp-1000-diamantino\/#primaryimage"},"thumbnailUrl":"http:\/\/www.isletasnoticias.com.ar\/%77%70%2d%63%6f%6e%74%65%6e%74\/uploads\/2013\/09\/sp1000-300x199.jpg","datePublished":"2013-09-15T01:51:28+00:00","dateModified":"2013-09-15T01:56:38+00:00","breadcrumb":{"@id":"https:\/\/informelitoral.com.ar\/confirmado-este-domingo-se-diputara-la-sexta-fecha-del-sp-1000-diamantino\/#breadcrumb"},"inLanguage":"es","potentialAction":[{"@type":"ReadAction","target":["https:\/\/informelitoral.com.ar\/confirmado-este-domingo-se-diputara-la-sexta-fecha-del-sp-1000-diamantino\/"]}]},{"@type":"ImageObject","inLanguage":"es","@id":"https:\/\/informelitoral.com.ar\/confirmado-este-domingo-se-diputara-la-sexta-fecha-del-sp-1000-diamantino\/#primaryimage","url":"http:\/\/www.isletasnoticias.com.ar\/%77%70%2d%63%6f%6e%74%65%6e%74\/uploads\/2013\/09\/sp1000-300x199.jpg","contentUrl":"http:\/\/www.isletasnoticias.com.ar\/%77%70%2d%63%6f%6e%74%65%6e%74\/uploads\/2013\/09\/sp1000-300x199.jpg"},{"@type":"BreadcrumbList","@id":"https:\/\/informelitoral.com.ar\/confirmado-este-domingo-se-diputara-la-sexta-fecha-del-sp-1000-diamantino\/#breadcrumb","itemListElement":[{"@type":"ListItem","position":1,"name":"Portada","item":"https:\/\/informelitoral.com.ar\/"},{"@type":"ListItem","position":2,"name":"Confirmado: este domingo se diputar\u00e1 la sexta fecha del SP 1000 Diamantino"}]},{"@type":"WebSite","@id":"https:\/\/informelitoral.com.ar\/#website","url":"https:\/\/informelitoral.com.ar\/","name":"Informe Litoral","description":"&quot;Nos informamos&quot; ","publisher":{"@id":"https:\/\/informelitoral.com.ar\/#organization"},"potentialAction":[{"@type":"SearchAction","target":{"@type":"EntryPoint","urlTemplate":"https:\/\/informelitoral.com.ar\/?s={search_term_string}"},"query-input":{"@type":"PropertyValueSpecification","valueRequired":true,"valueName":"search_term_string"}}],"inLanguage":"es"},{"@type":"Organization","@id":"https:\/\/informelitoral.com.ar\/#organization","name":"Informe Litoral","url":"https:\/\/informelitoral.com.ar\/","logo":{"@type":"ImageObject","inLanguage":"es","@id":"https:\/\/informelitoral.com.ar\/#\/schema\/logo\/image\/","url":"https:\/\/informelitoral.com.ar\/%77%70%2d%63%6f%6e%74%65%6e%74\/uploads\/2021\/01\/circulo.png","contentUrl":"https:\/\/informelitoral.com.ar\/%77%70%2d%63%6f%6e%74%65%6e%74\/uploads\/2021\/01\/circulo.png","width":723,"height":731,"caption":"Informe Litoral"},"image":{"@id":"https:\/\/informelitoral.com.ar\/#\/schema\/logo\/image\/"},"sameAs":["https:\/\/www.facebook.com\/informelitoral\/","https:\/\/x.com\/InformeLitoral","https:\/\/www.instagram.com\/informelitoral\/","https:\/\/www.youtube.com\/channel\/UCua4Qvz8Icb6MYqhoq9xLXw"]},{"@type":"Person","@id":"https:\/\/informelitoral.com.ar\/#\/schema\/person\/b9d00407c836482871ef1d57bf8e3180","name":"Gonzalo Schmidt","image":{"@type":"ImageObject","inLanguage":"es","@id":"https:\/\/secure.gravatar.com\/avatar\/31a1a7b66ff2de83bd0e9fd79d026630d2d99e55e8bfe501287647b4fd9743de?s=96&d=mm&r=g","url":"https:\/\/secure.gravatar.com\/avatar\/31a1a7b66ff2de83bd0e9fd79d026630d2d99e55e8bfe501287647b4fd9743de?s=96&d=mm&r=g","contentUrl":"https:\/\/secure.gravatar.com\/avatar\/31a1a7b66ff2de83bd0e9fd79d026630d2d99e55e8bfe501287647b4fd9743de?s=96&d=mm&r=g","caption":"Gonzalo Schmidt"},"description":"Sitio web de noticias de la provincia de Entre R\u00edos, Argentina. Informaci\u00f3n y entretenimiento. Informe Litoral, nos informamos.","sameAs":["http:\/\/www.isletasnoticias.com.ar"],"url":"https:\/\/informelitoral.com.ar\/author\/gonzalo\/"}]}},"_links":{"self":[{"href":"https:\/\/informelitoral.com.ar\/%77%70%2d%6a%73%6f%6e\/wp\/v2\/posts\/3190","targetHints":{"allow":["GET"]}}],"collection":[{"href":"https:\/\/informelitoral.com.ar\/%77%70%2d%6a%73%6f%6e\/wp\/v2\/posts"}],"about":[{"href":"https:\/\/informelitoral.com.ar\/%77%70%2d%6a%73%6f%6e\/wp\/v2\/types\/post"}],"author":[{"embeddable":true,"href":"https:\/\/informelitoral.com.ar\/%77%70%2d%6a%73%6f%6e\/wp\/v2\/users\/2"}],"replies":[{"embeddable":true,"href":"https:\/\/informelitoral.com.ar\/%77%70%2d%6a%73%6f%6e\/wp\/v2\/comments?post=3190"}],"version-history":[{"count":0,"href":"https:\/\/informelitoral.com.ar\/%77%70%2d%6a%73%6f%6e\/wp\/v2\/posts\/3190\/revisions"}],"wp:attachment":[{"href":"https:\/\/informelitoral.com.ar\/%77%70%2d%6a%73%6f%6e\/wp\/v2\/media?parent=3190"}],"wp:term":[{"taxonomy":"category","embeddable":true,"href":"https:\/\/informelitoral.com.ar\/%77%70%2d%6a%73%6f%6e\/wp\/v2\/categories?post=3190"},{"taxonomy":"post_tag","embeddable":true,"href":"https:\/\/informelitoral.com.ar\/%77%70%2d%6a%73%6f%6e\/wp\/v2\/tags?post=3190"}],"curies":[{"name":"wp","href":"https:\/\/api.w.org\/{rel}","templated":true}]}}