{"id":3188,"date":"2013-09-13T21:13:38","date_gmt":"2013-09-14T00:13:38","guid":{"rendered":"http:\/\/www.isletasnoticias.com.ar\/?p=3188"},"modified":"2013-09-13T21:13:38","modified_gmt":"2013-09-14T00:13:38","slug":"diputados-declaro-de-interes-la-labor-del-centro-infantil-san-cayetano-de-diamante","status":"publish","type":"post","link":"https:\/\/informelitoral.com.ar\/diputados-declaro-de-interes-la-labor-del-centro-infantil-san-cayetano-de-diamante\/","title":{"rendered":"Diputados declar\u00f3 de inter\u00e9s la labor del Centro Infantil San Cayetano de Diamante"},"content":{"rendered":"<p><strong>En la \u00faltima sesi\u00f3n del martes 10 de septiembre, la C\u00e1mara de Diputados de\u00a0 Entre R\u00edos declar\u00f3 de \u201cinter\u00e9s\u201d\u00a0 la labor social y pedag\u00f3gica desarrollada por el Centro Infantil San Cayetano de Diamante en favor de la atenci\u00f3n, contenci\u00f3n social, formaci\u00f3n y educaci\u00f3n no formal de ni\u00f1os y j\u00f3venes.<\/strong><\/p>\n<p><img loading=\"lazy\" decoding=\"async\" class=\"size-medium wp-image-2359 alignright\" title=\"La iniciativa fue presentada por el diputado radical Jorge Monge\" alt=\"\" src=\"http:\/\/www.isletasnoticias.com.ar\/%77%70%2d%63%6f%6e%74%65%6e%74\/uploads\/2013\/07\/monje-300x262.jpg\" width=\"300\" height=\"262\" srcset=\"https:\/\/informelitoral.com.ar\/%77%70%2d%63%6f%6e%74%65%6e%74\/uploads\/2013\/07\/monje-300x262.jpg 300w, https:\/\/informelitoral.com.ar\/%77%70%2d%63%6f%6e%74%65%6e%74\/uploads\/2013\/07\/monje.jpg 549w\" sizes=\"auto, (max-width: 300px) 100vw, 300px\" \/><\/p>\n<p>La iniciativa,\u00a0 formulada\u00a0 por el diputado <strong>Jorge Daniel Monge (UCR)<\/strong>, destaca en sus fundamentos la importante tarea que cumple esta instituci\u00f3n fundada en 1973, que por estos d\u00edas est\u00e1 cumpliendo sus cuatro d\u00e9cadas de vida continua y que tuvo su origen en la necesidad de dotar a los ni\u00f1os cuyos padres realizaban actividades laborales, de un espacio en donde ser atendidos y a su vez estimular su desarrollo inicial, tarea que el Centro Infantil San Cayetano desarroll\u00f3 eficientemente durante sus primeros cuarenta a\u00f1os.<\/p>\n<p>En los \u00faltimos tiempos, &#8211; sostuvo el autor del proyecto &#8211; esta instituci\u00f3n \u201ctuvo reformulaciones en su alcance, dedic\u00e1ndose en la actualidad al ofrecimiento, para ni\u00f1os en edad escolar, de talleres y actividades extracurriculares destinadas a su formaci\u00f3n integral.<\/p>\n<p>Es por ello, que en esta Instituci\u00f3n los ni\u00f1os en su mayor\u00eda provenientes de hogares carenciados de la ciudad, pueden realizar actividades formativas como el aprendizaje de idiomas, de tipo culturales como la danza y el canto folcl\u00f3rico, la iniciaci\u00f3n en el arte de la gastronom\u00eda o el deporte ciencia del ajedrez. Todo realizado a partir del trabajo voluntario de los distintos encargados de los talleres\u201d.<\/p>\n<p>\u201cLa importante tarea social y de integraci\u00f3n que desarrolla este centro Infantil\u00bb, destac\u00f3 el diputado Monge, \u00abcarece en la actualidad de todo tipo de sustento o financiamiento oficial, por lo que sus actividades son solventadas exclusivamente con el aporte de socios benefactores y contribuciones que reciben por parte de distintos ciudadanos de Diamante\u201d finalizando el legislador diamantino con un expreso reconocimiento a la noble y voluntariosa actividad que desarrollan los integrantes de la comisi\u00f3n directiva de esta Instituci\u00f3n,\u00a0quienes en forma silenciosa y en base a un s\u00f3lido compromiso social con los m\u00e1s necesitados de la comunidad, son los responsables del eficiente funcionamiento del Centro Infantil San Cayetano.<\/p>\n","protected":false},"excerpt":{"rendered":"<p>En la &uacute;ltima sesi&oacute;n del martes 10 de septiembre, la C&aacute;mara de Diputados de&nbsp; Entre R&iacute;os declar&oacute; de &ldquo;inter&eacute;s&rdquo;&nbsp; la labor social y pedag&oacute;gica desarrollada por el Centro Infantil San Cayetano de Diamante en favor de la atenci&oacute;n, contenci&oacute;n social, formaci&oacute;n y educaci&oacute;n no formal de ni&ntilde;os y j&oacute;venes. La iniciativa,&nbsp; formulada&nbsp; por el diputado [&hellip;]<\/p>\n","protected":false},"author":2,"featured_media":0,"comment_status":"open","ping_status":"open","sticky":false,"template":"","format":"standard","meta":{"fifu_image_url":"","fifu_image_alt":"","footnotes":""},"categories":[5,16],"tags":[],"class_list":{"0":"post-3188","1":"post","2":"type-post","3":"status-publish","4":"format-standard","6":"category-zonales","7":"category-politi"},"yoast_head":"<title>Diputados declar\u00f3 de inter\u00e9s la labor del Centro Infantil San Cayetano de Diamante - Informe Litoral<\/title>\n<meta name=\"robots\" content=\"index, follow, max-snippet:-1, max-image-preview:large, max-video-preview:-1\" \/>\n<link rel=\"canonical\" href=\"https:\/\/informelitoral.com.ar\/diputados-declaro-de-interes-la-labor-del-centro-infantil-san-cayetano-de-diamante\/\" \/>\n<meta property=\"og:locale\" content=\"es_ES\" \/>\n<meta property=\"og:type\" content=\"article\" \/>\n<meta property=\"og:title\" content=\"Diputados declar\u00f3 de inter\u00e9s la labor del Centro Infantil San Cayetano de Diamante - Informe Litoral\" \/>\n<meta property=\"og:description\" content=\"En la &uacute;ltima sesi&oacute;n del martes 10 de septiembre, la C&aacute;mara de Diputados de&nbsp; Entre R&iacute;os declar&oacute; de &ldquo;inter&eacute;s&rdquo;&nbsp; la labor social y pedag&oacute;gica desarrollada por el Centro Infantil San Cayetano de Diamante en favor de la atenci&oacute;n, contenci&oacute;n social, formaci&oacute;n y educaci&oacute;n no formal de ni&ntilde;os y j&oacute;venes. La iniciativa,&nbsp; formulada&nbsp; por el diputado [&hellip;]\" \/>\n<meta property=\"og:url\" content=\"https:\/\/informelitoral.com.ar\/diputados-declaro-de-interes-la-labor-del-centro-infantil-san-cayetano-de-diamante\/\" \/>\n<meta property=\"og:site_name\" content=\"Informe Litoral\" \/>\n<meta property=\"article:publisher\" content=\"https:\/\/www.facebook.com\/informelitoral\/\" \/>\n<meta property=\"article:published_time\" content=\"2013-09-14T00:13:38+00:00\" \/>\n<meta property=\"og:image\" content=\"https:\/\/informelitoral.com.ar\/%77%70%2d%63%6f%6e%74%65%6e%74\/uploads\/2013\/07\/monje.jpg\" \/>\n\t<meta property=\"og:image:width\" content=\"549\" \/>\n\t<meta property=\"og:image:height\" content=\"480\" \/>\n\t<meta property=\"og:image:type\" content=\"image\/jpeg\" \/>\n<meta name=\"author\" content=\"Gonzalo Schmidt\" \/>\n<meta name=\"twitter:card\" content=\"summary_large_image\" \/>\n<meta name=\"twitter:creator\" content=\"@InformeLitoral\" \/>\n<meta name=\"twitter:site\" content=\"@InformeLitoral\" \/>\n<meta name=\"twitter:label1\" content=\"Escrito por\" \/>\n\t<meta name=\"twitter:data1\" content=\"Gonzalo Schmidt\" \/>\n\t<meta name=\"twitter:label2\" content=\"Tiempo de lectura\" \/>\n\t<meta name=\"twitter:data2\" content=\"2 minutos\" \/>\n<script type=\"application\/ld+json\" class=\"yoast-schema-graph\">{\"@context\":\"https:\\\/\\\/schema.org\",\"@graph\":[{\"@type\":\"Article\",\"@id\":\"https:\\\/\\\/informelitoral.com.ar\\\/diputados-declaro-de-interes-la-labor-del-centro-infantil-san-cayetano-de-diamante\\\/#article\",\"isPartOf\":{\"@id\":\"https:\\\/\\\/informelitoral.com.ar\\\/diputados-declaro-de-interes-la-labor-del-centro-infantil-san-cayetano-de-diamante\\\/\"},\"author\":{\"name\":\"Gonzalo Schmidt\",\"@id\":\"https:\\\/\\\/informelitoral.com.ar\\\/#\\\/schema\\\/person\\\/b9d00407c836482871ef1d57bf8e3180\"},\"headline\":\"Diputados declar\u00f3 de inter\u00e9s la labor del Centro Infantil San Cayetano de Diamante\",\"datePublished\":\"2013-09-14T00:13:38+00:00\",\"mainEntityOfPage\":{\"@id\":\"https:\\\/\\\/informelitoral.com.ar\\\/diputados-declaro-de-interes-la-labor-del-centro-infantil-san-cayetano-de-diamante\\\/\"},\"wordCount\":388,\"commentCount\":0,\"publisher\":{\"@id\":\"https:\\\/\\\/informelitoral.com.ar\\\/#organization\"},\"image\":{\"@id\":\"https:\\\/\\\/informelitoral.com.ar\\\/diputados-declaro-de-interes-la-labor-del-centro-infantil-san-cayetano-de-diamante\\\/#primaryimage\"},\"thumbnailUrl\":\"http:\\\/\\\/www.isletasnoticias.com.ar\\\/%77%70%2d%63%6f%6e%74%65%6e%74\\\/uploads\\\/2013\\\/07\\\/monje-300x262.jpg\",\"articleSection\":[\"Departamento Diamante\",\"Politica\"],\"inLanguage\":\"es\",\"potentialAction\":[{\"@type\":\"CommentAction\",\"name\":\"Comment\",\"target\":[\"https:\\\/\\\/informelitoral.com.ar\\\/diputados-declaro-de-interes-la-labor-del-centro-infantil-san-cayetano-de-diamante\\\/#respond\"]}]},{\"@type\":\"WebPage\",\"@id\":\"https:\\\/\\\/informelitoral.com.ar\\\/diputados-declaro-de-interes-la-labor-del-centro-infantil-san-cayetano-de-diamante\\\/\",\"url\":\"https:\\\/\\\/informelitoral.com.ar\\\/diputados-declaro-de-interes-la-labor-del-centro-infantil-san-cayetano-de-diamante\\\/\",\"name\":\"Diputados declar\u00f3 de inter\u00e9s la labor del Centro Infantil San Cayetano de Diamante - Informe Litoral\",\"isPartOf\":{\"@id\":\"https:\\\/\\\/informelitoral.com.ar\\\/#website\"},\"primaryImageOfPage\":{\"@id\":\"https:\\\/\\\/informelitoral.com.ar\\\/diputados-declaro-de-interes-la-labor-del-centro-infantil-san-cayetano-de-diamante\\\/#primaryimage\"},\"image\":{\"@id\":\"https:\\\/\\\/informelitoral.com.ar\\\/diputados-declaro-de-interes-la-labor-del-centro-infantil-san-cayetano-de-diamante\\\/#primaryimage\"},\"thumbnailUrl\":\"http:\\\/\\\/www.isletasnoticias.com.ar\\\/%77%70%2d%63%6f%6e%74%65%6e%74\\\/uploads\\\/2013\\\/07\\\/monje-300x262.jpg\",\"datePublished\":\"2013-09-14T00:13:38+00:00\",\"breadcrumb\":{\"@id\":\"https:\\\/\\\/informelitoral.com.ar\\\/diputados-declaro-de-interes-la-labor-del-centro-infantil-san-cayetano-de-diamante\\\/#breadcrumb\"},\"inLanguage\":\"es\",\"potentialAction\":[{\"@type\":\"ReadAction\",\"target\":[\"https:\\\/\\\/informelitoral.com.ar\\\/diputados-declaro-de-interes-la-labor-del-centro-infantil-san-cayetano-de-diamante\\\/\"]}]},{\"@type\":\"ImageObject\",\"inLanguage\":\"es\",\"@id\":\"https:\\\/\\\/informelitoral.com.ar\\\/diputados-declaro-de-interes-la-labor-del-centro-infantil-san-cayetano-de-diamante\\\/#primaryimage\",\"url\":\"http:\\\/\\\/www.isletasnoticias.com.ar\\\/%77%70%2d%63%6f%6e%74%65%6e%74\\\/uploads\\\/2013\\\/07\\\/monje-300x262.jpg\",\"contentUrl\":\"http:\\\/\\\/www.isletasnoticias.com.ar\\\/%77%70%2d%63%6f%6e%74%65%6e%74\\\/uploads\\\/2013\\\/07\\\/monje-300x262.jpg\"},{\"@type\":\"BreadcrumbList\",\"@id\":\"https:\\\/\\\/informelitoral.com.ar\\\/diputados-declaro-de-interes-la-labor-del-centro-infantil-san-cayetano-de-diamante\\\/#breadcrumb\",\"itemListElement\":[{\"@type\":\"ListItem\",\"position\":1,\"name\":\"Portada\",\"item\":\"https:\\\/\\\/informelitoral.com.ar\\\/\"},{\"@type\":\"ListItem\",\"position\":2,\"name\":\"Diputados declar\u00f3 de inter\u00e9s la labor del Centro Infantil San Cayetano de Diamante\"}]},{\"@type\":\"WebSite\",\"@id\":\"https:\\\/\\\/informelitoral.com.ar\\\/#website\",\"url\":\"https:\\\/\\\/informelitoral.com.ar\\\/\",\"name\":\"Informe Litoral\",\"description\":\"&quot;Nos informamos&quot; \",\"publisher\":{\"@id\":\"https:\\\/\\\/informelitoral.com.ar\\\/#organization\"},\"potentialAction\":[{\"@type\":\"SearchAction\",\"target\":{\"@type\":\"EntryPoint\",\"urlTemplate\":\"https:\\\/\\\/informelitoral.com.ar\\\/?s={search_term_string}\"},\"query-input\":{\"@type\":\"PropertyValueSpecification\",\"valueRequired\":true,\"valueName\":\"search_term_string\"}}],\"inLanguage\":\"es\"},{\"@type\":\"Organization\",\"@id\":\"https:\\\/\\\/informelitoral.com.ar\\\/#organization\",\"name\":\"Informe Litoral\",\"url\":\"https:\\\/\\\/informelitoral.com.ar\\\/\",\"logo\":{\"@type\":\"ImageObject\",\"inLanguage\":\"es\",\"@id\":\"https:\\\/\\\/informelitoral.com.ar\\\/#\\\/schema\\\/logo\\\/image\\\/\",\"url\":\"https:\\\/\\\/informelitoral.com.ar\\\/%77%70%2d%63%6f%6e%74%65%6e%74\\\/uploads\\\/2021\\\/01\\\/circulo.png\",\"contentUrl\":\"https:\\\/\\\/informelitoral.com.ar\\\/%77%70%2d%63%6f%6e%74%65%6e%74\\\/uploads\\\/2021\\\/01\\\/circulo.png\",\"width\":723,\"height\":731,\"caption\":\"Informe Litoral\"},\"image\":{\"@id\":\"https:\\\/\\\/informelitoral.com.ar\\\/#\\\/schema\\\/logo\\\/image\\\/\"},\"sameAs\":[\"https:\\\/\\\/www.facebook.com\\\/informelitoral\\\/\",\"https:\\\/\\\/x.com\\\/InformeLitoral\",\"https:\\\/\\\/www.instagram.com\\\/informelitoral\\\/\",\"https:\\\/\\\/www.youtube.com\\\/channel\\\/UCua4Qvz8Icb6MYqhoq9xLXw\"]},{\"@type\":\"Person\",\"@id\":\"https:\\\/\\\/informelitoral.com.ar\\\/#\\\/schema\\\/person\\\/b9d00407c836482871ef1d57bf8e3180\",\"name\":\"Gonzalo Schmidt\",\"image\":{\"@type\":\"ImageObject\",\"inLanguage\":\"es\",\"@id\":\"https:\\\/\\\/secure.gravatar.com\\\/avatar\\\/31a1a7b66ff2de83bd0e9fd79d026630d2d99e55e8bfe501287647b4fd9743de?s=96&d=mm&r=g\",\"url\":\"https:\\\/\\\/secure.gravatar.com\\\/avatar\\\/31a1a7b66ff2de83bd0e9fd79d026630d2d99e55e8bfe501287647b4fd9743de?s=96&d=mm&r=g\",\"contentUrl\":\"https:\\\/\\\/secure.gravatar.com\\\/avatar\\\/31a1a7b66ff2de83bd0e9fd79d026630d2d99e55e8bfe501287647b4fd9743de?s=96&d=mm&r=g\",\"caption\":\"Gonzalo Schmidt\"},\"description\":\"Sitio web de noticias de la provincia de Entre R\u00edos, Argentina. Informaci\u00f3n y entretenimiento. Informe Litoral, nos informamos.\",\"sameAs\":[\"http:\\\/\\\/www.isletasnoticias.com.ar\"],\"url\":\"https:\\\/\\\/informelitoral.com.ar\\\/author\\\/gonzalo\\\/\"}]}<\/script>","yoast_head_json":{"title":"Diputados declar\u00f3 de inter\u00e9s la labor del Centro Infantil San Cayetano de Diamante - Informe Litoral","robots":{"index":"index","follow":"follow","max-snippet":"max-snippet:-1","max-image-preview":"max-image-preview:large","max-video-preview":"max-video-preview:-1"},"canonical":"https:\/\/informelitoral.com.ar\/diputados-declaro-de-interes-la-labor-del-centro-infantil-san-cayetano-de-diamante\/","og_locale":"es_ES","og_type":"article","og_title":"Diputados declar\u00f3 de inter\u00e9s la labor del Centro Infantil San Cayetano de Diamante - Informe Litoral","og_description":"En la &uacute;ltima sesi&oacute;n del martes 10 de septiembre, la C&aacute;mara de Diputados de&nbsp; Entre R&iacute;os declar&oacute; de &ldquo;inter&eacute;s&rdquo;&nbsp; la labor social y pedag&oacute;gica desarrollada por el Centro Infantil San Cayetano de Diamante en favor de la atenci&oacute;n, contenci&oacute;n social, formaci&oacute;n y educaci&oacute;n no formal de ni&ntilde;os y j&oacute;venes. La iniciativa,&nbsp; formulada&nbsp; por el diputado [&hellip;]","og_url":"https:\/\/informelitoral.com.ar\/diputados-declaro-de-interes-la-labor-del-centro-infantil-san-cayetano-de-diamante\/","og_site_name":"Informe Litoral","article_publisher":"https:\/\/www.facebook.com\/informelitoral\/","article_published_time":"2013-09-14T00:13:38+00:00","og_image":[{"width":549,"height":480,"url":"https:\/\/informelitoral.com.ar\/%77%70%2d%63%6f%6e%74%65%6e%74\/uploads\/2013\/07\/monje.jpg","type":"image\/jpeg"}],"author":"Gonzalo Schmidt","twitter_card":"summary_large_image","twitter_creator":"@InformeLitoral","twitter_site":"@InformeLitoral","twitter_misc":{"Escrito por":"Gonzalo Schmidt","Tiempo de lectura":"2 minutos"},"schema":{"@context":"https:\/\/schema.org","@graph":[{"@type":"Article","@id":"https:\/\/informelitoral.com.ar\/diputados-declaro-de-interes-la-labor-del-centro-infantil-san-cayetano-de-diamante\/#article","isPartOf":{"@id":"https:\/\/informelitoral.com.ar\/diputados-declaro-de-interes-la-labor-del-centro-infantil-san-cayetano-de-diamante\/"},"author":{"name":"Gonzalo Schmidt","@id":"https:\/\/informelitoral.com.ar\/#\/schema\/person\/b9d00407c836482871ef1d57bf8e3180"},"headline":"Diputados declar\u00f3 de inter\u00e9s la labor del Centro Infantil San Cayetano de Diamante","datePublished":"2013-09-14T00:13:38+00:00","mainEntityOfPage":{"@id":"https:\/\/informelitoral.com.ar\/diputados-declaro-de-interes-la-labor-del-centro-infantil-san-cayetano-de-diamante\/"},"wordCount":388,"commentCount":0,"publisher":{"@id":"https:\/\/informelitoral.com.ar\/#organization"},"image":{"@id":"https:\/\/informelitoral.com.ar\/diputados-declaro-de-interes-la-labor-del-centro-infantil-san-cayetano-de-diamante\/#primaryimage"},"thumbnailUrl":"http:\/\/www.isletasnoticias.com.ar\/%77%70%2d%63%6f%6e%74%65%6e%74\/uploads\/2013\/07\/monje-300x262.jpg","articleSection":["Departamento Diamante","Politica"],"inLanguage":"es","potentialAction":[{"@type":"CommentAction","name":"Comment","target":["https:\/\/informelitoral.com.ar\/diputados-declaro-de-interes-la-labor-del-centro-infantil-san-cayetano-de-diamante\/#respond"]}]},{"@type":"WebPage","@id":"https:\/\/informelitoral.com.ar\/diputados-declaro-de-interes-la-labor-del-centro-infantil-san-cayetano-de-diamante\/","url":"https:\/\/informelitoral.com.ar\/diputados-declaro-de-interes-la-labor-del-centro-infantil-san-cayetano-de-diamante\/","name":"Diputados declar\u00f3 de inter\u00e9s la labor del Centro Infantil San Cayetano de Diamante - Informe Litoral","isPartOf":{"@id":"https:\/\/informelitoral.com.ar\/#website"},"primaryImageOfPage":{"@id":"https:\/\/informelitoral.com.ar\/diputados-declaro-de-interes-la-labor-del-centro-infantil-san-cayetano-de-diamante\/#primaryimage"},"image":{"@id":"https:\/\/informelitoral.com.ar\/diputados-declaro-de-interes-la-labor-del-centro-infantil-san-cayetano-de-diamante\/#primaryimage"},"thumbnailUrl":"http:\/\/www.isletasnoticias.com.ar\/%77%70%2d%63%6f%6e%74%65%6e%74\/uploads\/2013\/07\/monje-300x262.jpg","datePublished":"2013-09-14T00:13:38+00:00","breadcrumb":{"@id":"https:\/\/informelitoral.com.ar\/diputados-declaro-de-interes-la-labor-del-centro-infantil-san-cayetano-de-diamante\/#breadcrumb"},"inLanguage":"es","potentialAction":[{"@type":"ReadAction","target":["https:\/\/informelitoral.com.ar\/diputados-declaro-de-interes-la-labor-del-centro-infantil-san-cayetano-de-diamante\/"]}]},{"@type":"ImageObject","inLanguage":"es","@id":"https:\/\/informelitoral.com.ar\/diputados-declaro-de-interes-la-labor-del-centro-infantil-san-cayetano-de-diamante\/#primaryimage","url":"http:\/\/www.isletasnoticias.com.ar\/%77%70%2d%63%6f%6e%74%65%6e%74\/uploads\/2013\/07\/monje-300x262.jpg","contentUrl":"http:\/\/www.isletasnoticias.com.ar\/%77%70%2d%63%6f%6e%74%65%6e%74\/uploads\/2013\/07\/monje-300x262.jpg"},{"@type":"BreadcrumbList","@id":"https:\/\/informelitoral.com.ar\/diputados-declaro-de-interes-la-labor-del-centro-infantil-san-cayetano-de-diamante\/#breadcrumb","itemListElement":[{"@type":"ListItem","position":1,"name":"Portada","item":"https:\/\/informelitoral.com.ar\/"},{"@type":"ListItem","position":2,"name":"Diputados declar\u00f3 de inter\u00e9s la labor del Centro Infantil San Cayetano de Diamante"}]},{"@type":"WebSite","@id":"https:\/\/informelitoral.com.ar\/#website","url":"https:\/\/informelitoral.com.ar\/","name":"Informe Litoral","description":"&quot;Nos informamos&quot; ","publisher":{"@id":"https:\/\/informelitoral.com.ar\/#organization"},"potentialAction":[{"@type":"SearchAction","target":{"@type":"EntryPoint","urlTemplate":"https:\/\/informelitoral.com.ar\/?s={search_term_string}"},"query-input":{"@type":"PropertyValueSpecification","valueRequired":true,"valueName":"search_term_string"}}],"inLanguage":"es"},{"@type":"Organization","@id":"https:\/\/informelitoral.com.ar\/#organization","name":"Informe Litoral","url":"https:\/\/informelitoral.com.ar\/","logo":{"@type":"ImageObject","inLanguage":"es","@id":"https:\/\/informelitoral.com.ar\/#\/schema\/logo\/image\/","url":"https:\/\/informelitoral.com.ar\/%77%70%2d%63%6f%6e%74%65%6e%74\/uploads\/2021\/01\/circulo.png","contentUrl":"https:\/\/informelitoral.com.ar\/%77%70%2d%63%6f%6e%74%65%6e%74\/uploads\/2021\/01\/circulo.png","width":723,"height":731,"caption":"Informe Litoral"},"image":{"@id":"https:\/\/informelitoral.com.ar\/#\/schema\/logo\/image\/"},"sameAs":["https:\/\/www.facebook.com\/informelitoral\/","https:\/\/x.com\/InformeLitoral","https:\/\/www.instagram.com\/informelitoral\/","https:\/\/www.youtube.com\/channel\/UCua4Qvz8Icb6MYqhoq9xLXw"]},{"@type":"Person","@id":"https:\/\/informelitoral.com.ar\/#\/schema\/person\/b9d00407c836482871ef1d57bf8e3180","name":"Gonzalo Schmidt","image":{"@type":"ImageObject","inLanguage":"es","@id":"https:\/\/secure.gravatar.com\/avatar\/31a1a7b66ff2de83bd0e9fd79d026630d2d99e55e8bfe501287647b4fd9743de?s=96&d=mm&r=g","url":"https:\/\/secure.gravatar.com\/avatar\/31a1a7b66ff2de83bd0e9fd79d026630d2d99e55e8bfe501287647b4fd9743de?s=96&d=mm&r=g","contentUrl":"https:\/\/secure.gravatar.com\/avatar\/31a1a7b66ff2de83bd0e9fd79d026630d2d99e55e8bfe501287647b4fd9743de?s=96&d=mm&r=g","caption":"Gonzalo Schmidt"},"description":"Sitio web de noticias de la provincia de Entre R\u00edos, Argentina. Informaci\u00f3n y entretenimiento. Informe Litoral, nos informamos.","sameAs":["http:\/\/www.isletasnoticias.com.ar"],"url":"https:\/\/informelitoral.com.ar\/author\/gonzalo\/"}]}},"_links":{"self":[{"href":"https:\/\/informelitoral.com.ar\/%77%70%2d%6a%73%6f%6e\/wp\/v2\/posts\/3188","targetHints":{"allow":["GET"]}}],"collection":[{"href":"https:\/\/informelitoral.com.ar\/%77%70%2d%6a%73%6f%6e\/wp\/v2\/posts"}],"about":[{"href":"https:\/\/informelitoral.com.ar\/%77%70%2d%6a%73%6f%6e\/wp\/v2\/types\/post"}],"author":[{"embeddable":true,"href":"https:\/\/informelitoral.com.ar\/%77%70%2d%6a%73%6f%6e\/wp\/v2\/users\/2"}],"replies":[{"embeddable":true,"href":"https:\/\/informelitoral.com.ar\/%77%70%2d%6a%73%6f%6e\/wp\/v2\/comments?post=3188"}],"version-history":[{"count":0,"href":"https:\/\/informelitoral.com.ar\/%77%70%2d%6a%73%6f%6e\/wp\/v2\/posts\/3188\/revisions"}],"wp:attachment":[{"href":"https:\/\/informelitoral.com.ar\/%77%70%2d%6a%73%6f%6e\/wp\/v2\/media?parent=3188"}],"wp:term":[{"taxonomy":"category","embeddable":true,"href":"https:\/\/informelitoral.com.ar\/%77%70%2d%6a%73%6f%6e\/wp\/v2\/categories?post=3188"},{"taxonomy":"post_tag","embeddable":true,"href":"https:\/\/informelitoral.com.ar\/%77%70%2d%6a%73%6f%6e\/wp\/v2\/tags?post=3188"}],"curies":[{"name":"wp","href":"https:\/\/api.w.org\/{rel}","templated":true}]}}