{"id":3185,"date":"2013-09-13T20:52:18","date_gmt":"2013-09-13T23:52:18","guid":{"rendered":"http:\/\/www.isletasnoticias.com.ar\/?p=3185"},"modified":"2013-09-13T20:53:59","modified_gmt":"2013-09-13T23:53:59","slug":"se-accidento-el-jefe-de-la-comisaria-de-isletas","status":"publish","type":"post","link":"https:\/\/informelitoral.com.ar\/se-accidento-el-jefe-de-la-comisaria-de-isletas\/","title":{"rendered":"Se accident\u00f3 el jefe de la Comisar\u00eda de Isletas"},"content":{"rendered":"<p><strong>\u00a0El encargado de la Comisar\u00eda Isletas, el suboficial principal <em>Adri\u00e1n Vera,<\/em> sufri\u00f3 un accidente en Diamante, mientras se trasladaba en su moto, que fue rosada por otra. Vera cay\u00f3 al piso, lo que le provoc\u00f3 una lesi\u00f3n en la rodilla derecha. Los ocupantes de la otra motocicleta se dieron a la fuga.<\/strong><\/p>\n<p><img loading=\"lazy\" decoding=\"async\" alt=\"\" src=\"http:\/\/www.neonetmusic.com.ar\/%77%70%2d%63%6f%6e%74%65%6e%74\/uploads\/2013\/09\/20130913Accidente3deFy9deJ.jpg\" width=\"600\" height=\"450\" \/><\/p>\n<p>El accidente se produjo alrededor de las 14:00, en la esquina de 3 De febrero y 9 de Julio. En di\u00e1logo con <em><strong>ISLETAS NOTICIAS<\/strong><\/em>, el suboficial principal\u00a0<em><strong>Adri\u00e1n Vera<\/strong><\/em> relat\u00f3 que\u00a0\u00abiba a cubrir servicio adicional en la Sala de Juegos, por calle por 3 de Febrero y se me cruza una moto con dos ocupantes\u00bb ambos j\u00f3venes. Vera afirm\u00f3 que en su caso \u00abIba despacio por la derecha, ellos aceleran y los impacto, caigo y me lesiono la rodilla derecha\u00bb. Mientras que los ocupantes de la otra moto inmediatamente se dieron a la fuga y hasta el momento no pudieron ser identificados.<\/p>\n<p>En el lugar del hecho se hizo presente personal policial y del hospital San Jos\u00e9 de Diamante, donde fue trasladado para recibir las correspondientes atenciones. A las pocas horas, el funcionario policial fue dado de alta, pero deber\u00e1 mantenerse en reposo por varios d\u00edas, coment\u00f3 a nuestro sitio.<\/p>\n<p><strong>Agradecimiento<\/strong><\/p>\n<p>El encargado de la Comisar\u00eda Isletas, aprovech\u00f3 para agradecer a trav\u00e9s de<em><strong> IN<\/strong>,<\/em> al personal policial y del hospital San Jos\u00e9 por la r\u00e1pida atenci\u00f3n recibida. \u00abAfortunadamente estoy bien\u00bb. Concluy\u00f3.<\/p>\n","protected":false},"excerpt":{"rendered":"<p>&nbsp;El encargado de la Comisar&iacute;a Isletas, el suboficial principal Adri&aacute;n Vera, sufri&oacute; un accidente en Diamante, mientras se trasladaba en su moto, que fue rosada por otra. Vera cay&oacute; al piso, lo que le provoc&oacute; una lesi&oacute;n en la rodilla derecha. Los ocupantes de la otra motocicleta se dieron a la fuga. El accidente se [&hellip;]<\/p>\n","protected":false},"author":2,"featured_media":0,"comment_status":"open","ping_status":"open","sticky":false,"template":"","format":"standard","meta":{"fifu_image_url":"","fifu_image_alt":"","footnotes":""},"categories":[5,4,14],"tags":[],"class_list":{"0":"post-3185","1":"post","2":"type-post","3":"status-publish","4":"format-standard","6":"category-zonales","7":"category-locales","8":"category-policiales"},"yoast_head":"<title>Se accident\u00f3 el jefe de la Comisar\u00eda de Isletas - Informe Litoral<\/title>\n<meta name=\"robots\" content=\"index, follow, max-snippet:-1, max-image-preview:large, max-video-preview:-1\" \/>\n<link rel=\"canonical\" href=\"https:\/\/informelitoral.com.ar\/se-accidento-el-jefe-de-la-comisaria-de-isletas\/\" \/>\n<meta property=\"og:locale\" content=\"es_ES\" \/>\n<meta property=\"og:type\" content=\"article\" \/>\n<meta property=\"og:title\" content=\"Se accident\u00f3 el jefe de la Comisar\u00eda de Isletas - Informe Litoral\" \/>\n<meta property=\"og:description\" content=\"&nbsp;El encargado de la Comisar&iacute;a Isletas, el suboficial principal Adri&aacute;n Vera, sufri&oacute; un accidente en Diamante, mientras se trasladaba en su moto, que fue rosada por otra. Vera cay&oacute; al piso, lo que le provoc&oacute; una lesi&oacute;n en la rodilla derecha. Los ocupantes de la otra motocicleta se dieron a la fuga. El accidente se [&hellip;]\" \/>\n<meta property=\"og:url\" content=\"https:\/\/informelitoral.com.ar\/se-accidento-el-jefe-de-la-comisaria-de-isletas\/\" \/>\n<meta property=\"og:site_name\" content=\"Informe Litoral\" \/>\n<meta property=\"article:publisher\" content=\"https:\/\/www.facebook.com\/informelitoral\/\" \/>\n<meta property=\"article:published_time\" content=\"2013-09-13T23:52:18+00:00\" \/>\n<meta property=\"article:modified_time\" content=\"2013-09-13T23:53:59+00:00\" \/>\n<meta property=\"og:image\" content=\"http:\/\/www.neonetmusic.com.ar\/%77%70%2d%63%6f%6e%74%65%6e%74\/uploads\/2013\/09\/20130913Accidente3deFy9deJ.jpg\" \/>\n<meta name=\"author\" content=\"Gonzalo Schmidt\" \/>\n<meta name=\"twitter:card\" content=\"summary_large_image\" \/>\n<meta name=\"twitter:creator\" content=\"@InformeLitoral\" \/>\n<meta name=\"twitter:site\" content=\"@InformeLitoral\" \/>\n<meta name=\"twitter:label1\" content=\"Escrito por\" \/>\n\t<meta name=\"twitter:data1\" content=\"Gonzalo Schmidt\" \/>\n\t<meta name=\"twitter:label2\" content=\"Tiempo de lectura\" \/>\n\t<meta name=\"twitter:data2\" content=\"1 minuto\" \/>\n<script type=\"application\/ld+json\" class=\"yoast-schema-graph\">{\"@context\":\"https:\\\/\\\/schema.org\",\"@graph\":[{\"@type\":\"Article\",\"@id\":\"https:\\\/\\\/informelitoral.com.ar\\\/se-accidento-el-jefe-de-la-comisaria-de-isletas\\\/#article\",\"isPartOf\":{\"@id\":\"https:\\\/\\\/informelitoral.com.ar\\\/se-accidento-el-jefe-de-la-comisaria-de-isletas\\\/\"},\"author\":{\"name\":\"Gonzalo Schmidt\",\"@id\":\"https:\\\/\\\/informelitoral.com.ar\\\/#\\\/schema\\\/person\\\/b9d00407c836482871ef1d57bf8e3180\"},\"headline\":\"Se accident\u00f3 el jefe de la Comisar\u00eda de Isletas\",\"datePublished\":\"2013-09-13T23:52:18+00:00\",\"dateModified\":\"2013-09-13T23:53:59+00:00\",\"mainEntityOfPage\":{\"@id\":\"https:\\\/\\\/informelitoral.com.ar\\\/se-accidento-el-jefe-de-la-comisaria-de-isletas\\\/\"},\"wordCount\":251,\"commentCount\":0,\"publisher\":{\"@id\":\"https:\\\/\\\/informelitoral.com.ar\\\/#organization\"},\"image\":{\"@id\":\"https:\\\/\\\/informelitoral.com.ar\\\/se-accidento-el-jefe-de-la-comisaria-de-isletas\\\/#primaryimage\"},\"thumbnailUrl\":\"http:\\\/\\\/www.neonetmusic.com.ar\\\/%77%70%2d%63%6f%6e%74%65%6e%74\\\/uploads\\\/2013\\\/09\\\/20130913Accidente3deFy9deJ.jpg\",\"articleSection\":[\"Departamento Diamante\",\"Isletas\",\"Policiales\"],\"inLanguage\":\"es\",\"potentialAction\":[{\"@type\":\"CommentAction\",\"name\":\"Comment\",\"target\":[\"https:\\\/\\\/informelitoral.com.ar\\\/se-accidento-el-jefe-de-la-comisaria-de-isletas\\\/#respond\"]}]},{\"@type\":\"WebPage\",\"@id\":\"https:\\\/\\\/informelitoral.com.ar\\\/se-accidento-el-jefe-de-la-comisaria-de-isletas\\\/\",\"url\":\"https:\\\/\\\/informelitoral.com.ar\\\/se-accidento-el-jefe-de-la-comisaria-de-isletas\\\/\",\"name\":\"Se accident\u00f3 el jefe de la Comisar\u00eda de Isletas - Informe Litoral\",\"isPartOf\":{\"@id\":\"https:\\\/\\\/informelitoral.com.ar\\\/#website\"},\"primaryImageOfPage\":{\"@id\":\"https:\\\/\\\/informelitoral.com.ar\\\/se-accidento-el-jefe-de-la-comisaria-de-isletas\\\/#primaryimage\"},\"image\":{\"@id\":\"https:\\\/\\\/informelitoral.com.ar\\\/se-accidento-el-jefe-de-la-comisaria-de-isletas\\\/#primaryimage\"},\"thumbnailUrl\":\"http:\\\/\\\/www.neonetmusic.com.ar\\\/%77%70%2d%63%6f%6e%74%65%6e%74\\\/uploads\\\/2013\\\/09\\\/20130913Accidente3deFy9deJ.jpg\",\"datePublished\":\"2013-09-13T23:52:18+00:00\",\"dateModified\":\"2013-09-13T23:53:59+00:00\",\"breadcrumb\":{\"@id\":\"https:\\\/\\\/informelitoral.com.ar\\\/se-accidento-el-jefe-de-la-comisaria-de-isletas\\\/#breadcrumb\"},\"inLanguage\":\"es\",\"potentialAction\":[{\"@type\":\"ReadAction\",\"target\":[\"https:\\\/\\\/informelitoral.com.ar\\\/se-accidento-el-jefe-de-la-comisaria-de-isletas\\\/\"]}]},{\"@type\":\"ImageObject\",\"inLanguage\":\"es\",\"@id\":\"https:\\\/\\\/informelitoral.com.ar\\\/se-accidento-el-jefe-de-la-comisaria-de-isletas\\\/#primaryimage\",\"url\":\"http:\\\/\\\/www.neonetmusic.com.ar\\\/%77%70%2d%63%6f%6e%74%65%6e%74\\\/uploads\\\/2013\\\/09\\\/20130913Accidente3deFy9deJ.jpg\",\"contentUrl\":\"http:\\\/\\\/www.neonetmusic.com.ar\\\/%77%70%2d%63%6f%6e%74%65%6e%74\\\/uploads\\\/2013\\\/09\\\/20130913Accidente3deFy9deJ.jpg\"},{\"@type\":\"BreadcrumbList\",\"@id\":\"https:\\\/\\\/informelitoral.com.ar\\\/se-accidento-el-jefe-de-la-comisaria-de-isletas\\\/#breadcrumb\",\"itemListElement\":[{\"@type\":\"ListItem\",\"position\":1,\"name\":\"Portada\",\"item\":\"https:\\\/\\\/informelitoral.com.ar\\\/\"},{\"@type\":\"ListItem\",\"position\":2,\"name\":\"Se accident\u00f3 el jefe de la Comisar\u00eda de Isletas\"}]},{\"@type\":\"WebSite\",\"@id\":\"https:\\\/\\\/informelitoral.com.ar\\\/#website\",\"url\":\"https:\\\/\\\/informelitoral.com.ar\\\/\",\"name\":\"Informe Litoral\",\"description\":\"&quot;Nos informamos&quot; \",\"publisher\":{\"@id\":\"https:\\\/\\\/informelitoral.com.ar\\\/#organization\"},\"potentialAction\":[{\"@type\":\"SearchAction\",\"target\":{\"@type\":\"EntryPoint\",\"urlTemplate\":\"https:\\\/\\\/informelitoral.com.ar\\\/?s={search_term_string}\"},\"query-input\":{\"@type\":\"PropertyValueSpecification\",\"valueRequired\":true,\"valueName\":\"search_term_string\"}}],\"inLanguage\":\"es\"},{\"@type\":\"Organization\",\"@id\":\"https:\\\/\\\/informelitoral.com.ar\\\/#organization\",\"name\":\"Informe Litoral\",\"url\":\"https:\\\/\\\/informelitoral.com.ar\\\/\",\"logo\":{\"@type\":\"ImageObject\",\"inLanguage\":\"es\",\"@id\":\"https:\\\/\\\/informelitoral.com.ar\\\/#\\\/schema\\\/logo\\\/image\\\/\",\"url\":\"https:\\\/\\\/informelitoral.com.ar\\\/%77%70%2d%63%6f%6e%74%65%6e%74\\\/uploads\\\/2021\\\/01\\\/circulo.png\",\"contentUrl\":\"https:\\\/\\\/informelitoral.com.ar\\\/%77%70%2d%63%6f%6e%74%65%6e%74\\\/uploads\\\/2021\\\/01\\\/circulo.png\",\"width\":723,\"height\":731,\"caption\":\"Informe Litoral\"},\"image\":{\"@id\":\"https:\\\/\\\/informelitoral.com.ar\\\/#\\\/schema\\\/logo\\\/image\\\/\"},\"sameAs\":[\"https:\\\/\\\/www.facebook.com\\\/informelitoral\\\/\",\"https:\\\/\\\/x.com\\\/InformeLitoral\",\"https:\\\/\\\/www.instagram.com\\\/informelitoral\\\/\",\"https:\\\/\\\/www.youtube.com\\\/channel\\\/UCua4Qvz8Icb6MYqhoq9xLXw\"]},{\"@type\":\"Person\",\"@id\":\"https:\\\/\\\/informelitoral.com.ar\\\/#\\\/schema\\\/person\\\/b9d00407c836482871ef1d57bf8e3180\",\"name\":\"Gonzalo Schmidt\",\"image\":{\"@type\":\"ImageObject\",\"inLanguage\":\"es\",\"@id\":\"https:\\\/\\\/secure.gravatar.com\\\/avatar\\\/31a1a7b66ff2de83bd0e9fd79d026630d2d99e55e8bfe501287647b4fd9743de?s=96&d=mm&r=g\",\"url\":\"https:\\\/\\\/secure.gravatar.com\\\/avatar\\\/31a1a7b66ff2de83bd0e9fd79d026630d2d99e55e8bfe501287647b4fd9743de?s=96&d=mm&r=g\",\"contentUrl\":\"https:\\\/\\\/secure.gravatar.com\\\/avatar\\\/31a1a7b66ff2de83bd0e9fd79d026630d2d99e55e8bfe501287647b4fd9743de?s=96&d=mm&r=g\",\"caption\":\"Gonzalo Schmidt\"},\"description\":\"Sitio web de noticias de la provincia de Entre R\u00edos, Argentina. Informaci\u00f3n y entretenimiento. Informe Litoral, nos informamos.\",\"sameAs\":[\"http:\\\/\\\/www.isletasnoticias.com.ar\"],\"url\":\"https:\\\/\\\/informelitoral.com.ar\\\/author\\\/gonzalo\\\/\"}]}<\/script>","yoast_head_json":{"title":"Se accident\u00f3 el jefe de la Comisar\u00eda de Isletas - Informe Litoral","robots":{"index":"index","follow":"follow","max-snippet":"max-snippet:-1","max-image-preview":"max-image-preview:large","max-video-preview":"max-video-preview:-1"},"canonical":"https:\/\/informelitoral.com.ar\/se-accidento-el-jefe-de-la-comisaria-de-isletas\/","og_locale":"es_ES","og_type":"article","og_title":"Se accident\u00f3 el jefe de la Comisar\u00eda de Isletas - Informe Litoral","og_description":"&nbsp;El encargado de la Comisar&iacute;a Isletas, el suboficial principal Adri&aacute;n Vera, sufri&oacute; un accidente en Diamante, mientras se trasladaba en su moto, que fue rosada por otra. Vera cay&oacute; al piso, lo que le provoc&oacute; una lesi&oacute;n en la rodilla derecha. Los ocupantes de la otra motocicleta se dieron a la fuga. El accidente se [&hellip;]","og_url":"https:\/\/informelitoral.com.ar\/se-accidento-el-jefe-de-la-comisaria-de-isletas\/","og_site_name":"Informe Litoral","article_publisher":"https:\/\/www.facebook.com\/informelitoral\/","article_published_time":"2013-09-13T23:52:18+00:00","article_modified_time":"2013-09-13T23:53:59+00:00","og_image":[{"url":"http:\/\/www.neonetmusic.com.ar\/%77%70%2d%63%6f%6e%74%65%6e%74\/uploads\/2013\/09\/20130913Accidente3deFy9deJ.jpg","type":"","width":"","height":""}],"author":"Gonzalo Schmidt","twitter_card":"summary_large_image","twitter_creator":"@InformeLitoral","twitter_site":"@InformeLitoral","twitter_misc":{"Escrito por":"Gonzalo Schmidt","Tiempo de lectura":"1 minuto"},"schema":{"@context":"https:\/\/schema.org","@graph":[{"@type":"Article","@id":"https:\/\/informelitoral.com.ar\/se-accidento-el-jefe-de-la-comisaria-de-isletas\/#article","isPartOf":{"@id":"https:\/\/informelitoral.com.ar\/se-accidento-el-jefe-de-la-comisaria-de-isletas\/"},"author":{"name":"Gonzalo Schmidt","@id":"https:\/\/informelitoral.com.ar\/#\/schema\/person\/b9d00407c836482871ef1d57bf8e3180"},"headline":"Se accident\u00f3 el jefe de la Comisar\u00eda de Isletas","datePublished":"2013-09-13T23:52:18+00:00","dateModified":"2013-09-13T23:53:59+00:00","mainEntityOfPage":{"@id":"https:\/\/informelitoral.com.ar\/se-accidento-el-jefe-de-la-comisaria-de-isletas\/"},"wordCount":251,"commentCount":0,"publisher":{"@id":"https:\/\/informelitoral.com.ar\/#organization"},"image":{"@id":"https:\/\/informelitoral.com.ar\/se-accidento-el-jefe-de-la-comisaria-de-isletas\/#primaryimage"},"thumbnailUrl":"http:\/\/www.neonetmusic.com.ar\/%77%70%2d%63%6f%6e%74%65%6e%74\/uploads\/2013\/09\/20130913Accidente3deFy9deJ.jpg","articleSection":["Departamento Diamante","Isletas","Policiales"],"inLanguage":"es","potentialAction":[{"@type":"CommentAction","name":"Comment","target":["https:\/\/informelitoral.com.ar\/se-accidento-el-jefe-de-la-comisaria-de-isletas\/#respond"]}]},{"@type":"WebPage","@id":"https:\/\/informelitoral.com.ar\/se-accidento-el-jefe-de-la-comisaria-de-isletas\/","url":"https:\/\/informelitoral.com.ar\/se-accidento-el-jefe-de-la-comisaria-de-isletas\/","name":"Se accident\u00f3 el jefe de la Comisar\u00eda de Isletas - Informe Litoral","isPartOf":{"@id":"https:\/\/informelitoral.com.ar\/#website"},"primaryImageOfPage":{"@id":"https:\/\/informelitoral.com.ar\/se-accidento-el-jefe-de-la-comisaria-de-isletas\/#primaryimage"},"image":{"@id":"https:\/\/informelitoral.com.ar\/se-accidento-el-jefe-de-la-comisaria-de-isletas\/#primaryimage"},"thumbnailUrl":"http:\/\/www.neonetmusic.com.ar\/%77%70%2d%63%6f%6e%74%65%6e%74\/uploads\/2013\/09\/20130913Accidente3deFy9deJ.jpg","datePublished":"2013-09-13T23:52:18+00:00","dateModified":"2013-09-13T23:53:59+00:00","breadcrumb":{"@id":"https:\/\/informelitoral.com.ar\/se-accidento-el-jefe-de-la-comisaria-de-isletas\/#breadcrumb"},"inLanguage":"es","potentialAction":[{"@type":"ReadAction","target":["https:\/\/informelitoral.com.ar\/se-accidento-el-jefe-de-la-comisaria-de-isletas\/"]}]},{"@type":"ImageObject","inLanguage":"es","@id":"https:\/\/informelitoral.com.ar\/se-accidento-el-jefe-de-la-comisaria-de-isletas\/#primaryimage","url":"http:\/\/www.neonetmusic.com.ar\/%77%70%2d%63%6f%6e%74%65%6e%74\/uploads\/2013\/09\/20130913Accidente3deFy9deJ.jpg","contentUrl":"http:\/\/www.neonetmusic.com.ar\/%77%70%2d%63%6f%6e%74%65%6e%74\/uploads\/2013\/09\/20130913Accidente3deFy9deJ.jpg"},{"@type":"BreadcrumbList","@id":"https:\/\/informelitoral.com.ar\/se-accidento-el-jefe-de-la-comisaria-de-isletas\/#breadcrumb","itemListElement":[{"@type":"ListItem","position":1,"name":"Portada","item":"https:\/\/informelitoral.com.ar\/"},{"@type":"ListItem","position":2,"name":"Se accident\u00f3 el jefe de la Comisar\u00eda de Isletas"}]},{"@type":"WebSite","@id":"https:\/\/informelitoral.com.ar\/#website","url":"https:\/\/informelitoral.com.ar\/","name":"Informe Litoral","description":"&quot;Nos informamos&quot; ","publisher":{"@id":"https:\/\/informelitoral.com.ar\/#organization"},"potentialAction":[{"@type":"SearchAction","target":{"@type":"EntryPoint","urlTemplate":"https:\/\/informelitoral.com.ar\/?s={search_term_string}"},"query-input":{"@type":"PropertyValueSpecification","valueRequired":true,"valueName":"search_term_string"}}],"inLanguage":"es"},{"@type":"Organization","@id":"https:\/\/informelitoral.com.ar\/#organization","name":"Informe Litoral","url":"https:\/\/informelitoral.com.ar\/","logo":{"@type":"ImageObject","inLanguage":"es","@id":"https:\/\/informelitoral.com.ar\/#\/schema\/logo\/image\/","url":"https:\/\/informelitoral.com.ar\/%77%70%2d%63%6f%6e%74%65%6e%74\/uploads\/2021\/01\/circulo.png","contentUrl":"https:\/\/informelitoral.com.ar\/%77%70%2d%63%6f%6e%74%65%6e%74\/uploads\/2021\/01\/circulo.png","width":723,"height":731,"caption":"Informe Litoral"},"image":{"@id":"https:\/\/informelitoral.com.ar\/#\/schema\/logo\/image\/"},"sameAs":["https:\/\/www.facebook.com\/informelitoral\/","https:\/\/x.com\/InformeLitoral","https:\/\/www.instagram.com\/informelitoral\/","https:\/\/www.youtube.com\/channel\/UCua4Qvz8Icb6MYqhoq9xLXw"]},{"@type":"Person","@id":"https:\/\/informelitoral.com.ar\/#\/schema\/person\/b9d00407c836482871ef1d57bf8e3180","name":"Gonzalo Schmidt","image":{"@type":"ImageObject","inLanguage":"es","@id":"https:\/\/secure.gravatar.com\/avatar\/31a1a7b66ff2de83bd0e9fd79d026630d2d99e55e8bfe501287647b4fd9743de?s=96&d=mm&r=g","url":"https:\/\/secure.gravatar.com\/avatar\/31a1a7b66ff2de83bd0e9fd79d026630d2d99e55e8bfe501287647b4fd9743de?s=96&d=mm&r=g","contentUrl":"https:\/\/secure.gravatar.com\/avatar\/31a1a7b66ff2de83bd0e9fd79d026630d2d99e55e8bfe501287647b4fd9743de?s=96&d=mm&r=g","caption":"Gonzalo Schmidt"},"description":"Sitio web de noticias de la provincia de Entre R\u00edos, Argentina. Informaci\u00f3n y entretenimiento. Informe Litoral, nos informamos.","sameAs":["http:\/\/www.isletasnoticias.com.ar"],"url":"https:\/\/informelitoral.com.ar\/author\/gonzalo\/"}]}},"_links":{"self":[{"href":"https:\/\/informelitoral.com.ar\/%77%70%2d%6a%73%6f%6e\/wp\/v2\/posts\/3185","targetHints":{"allow":["GET"]}}],"collection":[{"href":"https:\/\/informelitoral.com.ar\/%77%70%2d%6a%73%6f%6e\/wp\/v2\/posts"}],"about":[{"href":"https:\/\/informelitoral.com.ar\/%77%70%2d%6a%73%6f%6e\/wp\/v2\/types\/post"}],"author":[{"embeddable":true,"href":"https:\/\/informelitoral.com.ar\/%77%70%2d%6a%73%6f%6e\/wp\/v2\/users\/2"}],"replies":[{"embeddable":true,"href":"https:\/\/informelitoral.com.ar\/%77%70%2d%6a%73%6f%6e\/wp\/v2\/comments?post=3185"}],"version-history":[{"count":0,"href":"https:\/\/informelitoral.com.ar\/%77%70%2d%6a%73%6f%6e\/wp\/v2\/posts\/3185\/revisions"}],"wp:attachment":[{"href":"https:\/\/informelitoral.com.ar\/%77%70%2d%6a%73%6f%6e\/wp\/v2\/media?parent=3185"}],"wp:term":[{"taxonomy":"category","embeddable":true,"href":"https:\/\/informelitoral.com.ar\/%77%70%2d%6a%73%6f%6e\/wp\/v2\/categories?post=3185"},{"taxonomy":"post_tag","embeddable":true,"href":"https:\/\/informelitoral.com.ar\/%77%70%2d%6a%73%6f%6e\/wp\/v2\/tags?post=3185"}],"curies":[{"name":"wp","href":"https:\/\/api.w.org\/{rel}","templated":true}]}}