{"id":3180,"date":"2013-09-13T14:24:16","date_gmt":"2013-09-13T17:24:16","guid":{"rendered":"http:\/\/www.isletasnoticias.com.ar\/?p=3180"},"modified":"2013-09-13T14:31:22","modified_gmt":"2013-09-13T17:31:22","slug":"cristina-dos-anos-no-va-durar-dijo-el-ex-militar-carapintada-aldo-rico","status":"publish","type":"post","link":"https:\/\/informelitoral.com.ar\/cristina-dos-anos-no-va-durar-dijo-el-ex-militar-carapintada-aldo-rico\/","title":{"rendered":"\u00abCristina dos a\u00f1os no va a durar\u00bb; dijo el ex militar carapintada Aldo Rico"},"content":{"rendered":"<p><strong>Finalmente el ex militar carapintada y ex intendente <em>Aldo Rico<\/em> confirm\u00f3 ayer que baja su candidatura a concejal en San Miguel, Buenos Aires y que se muda a las filas del tigrense <em>Sergio Massa<\/em>. Lo m\u00e1s pol\u00e9mico, sin embargo, fue lo que dijo sobre la presidente: \u00ab\u0093Cristina dos a\u00f1os no va a durar\u00bb\u0094.\u00a0<\/strong><\/p>\n<p><strong><\/strong><img loading=\"lazy\" decoding=\"async\" class=\"size-medium wp-image-3181 aligncenter\" alt=\"aldo rico\" src=\"http:\/\/www.isletasnoticias.com.ar\/%77%70%2d%63%6f%6e%74%65%6e%74\/uploads\/2013\/09\/aldo-rico-300x127.jpg\" width=\"300\" height=\"127\" srcset=\"https:\/\/informelitoral.com.ar\/%77%70%2d%63%6f%6e%74%65%6e%74\/uploads\/2013\/09\/aldo-rico-300x127.jpg 300w, https:\/\/informelitoral.com.ar\/%77%70%2d%63%6f%6e%74%65%6e%74\/uploads\/2013\/09\/aldo-rico.jpg 400w\" sizes=\"auto, (max-width: 300px) 100vw, 300px\" \/>En declaraciones a <em>Radio Am\u00e9rica<\/em> y <em>FM Rock and Pop<\/em>, el ex intendente del partido de San Miguel reconoci\u00f3 que \u0093hace rato\u0094 viene trabajando junto al intendente massista de Malvinas Argentinas, <strong>Jes\u00fas Cariglino.<\/strong>\u00a0Rico se hab\u00eda presentado como candidato a renovar su banca de concejal en San Miguel con una lista de Compromiso Federal, debido a que el intendente <strong>Joaqu\u00edn De La Torre<\/strong>, le neg\u00f3 la posibilidad de inscribirse en una colectora del Frente Renovador.<\/p>\n<p>Por otra parte, consultado sobre el gobierno, se jact\u00f3 de ser \u0093el primer intendente de Buenos Aires que le dijo a Duhalde que \u0091no pongamos a Kirchner\u0092\u0094.<br \/>\n\u0093\u00bb\u00bfQu\u00e9 va a pasar con la Argentina en los pr\u00f3ximos dos a\u00f1os con un Gobierno sin capacidad, ni poder, ni ideas?\u00bb\u0091, se pregunt\u00f3 el ex carapintada que encabez\u00f3 el intento de insurreci\u00f3n militar contra<strong> Ra\u00fal Alfons\u00edn<\/strong> en 1987, y advirti\u00f3 que \u0093el problema es que el Gobierno de <strong>Cristina Kirchner<\/strong> no dice las cosas como son. \u00abYo creo que dos a\u00f1os no va a durar; yo, si fuera ella, me ir\u00eda\u0094\u00bb. Expres\u00f3.<\/p>\n<p style=\"text-align: left;\">Fuente: El Cronista e IN.<\/p>\n","protected":false},"excerpt":{"rendered":"<p>Finalmente el ex militar carapintada y ex intendente Aldo Rico confirm&oacute; ayer que baja su candidatura a concejal en San Miguel, Buenos Aires y que se muda a las filas del tigrense Sergio Massa. Lo m&aacute;s pol&eacute;mico, sin embargo, fue lo que dijo sobre la presidente: &laquo;&#147;Cristina dos a&ntilde;os no va a durar&raquo;&#148;.&nbsp; En declaraciones [&hellip;]<\/p>\n","protected":false},"author":2,"featured_media":0,"comment_status":"open","ping_status":"open","sticky":false,"template":"","format":"standard","meta":{"fifu_image_url":"","fifu_image_alt":"","footnotes":""},"categories":[7,16],"tags":[],"class_list":{"0":"post-3180","1":"post","2":"type-post","3":"status-publish","4":"format-standard","6":"category-nacionales","7":"category-politi"},"yoast_head":"<title>&quot;Cristina dos a\u00f1os no va a durar&quot;; dijo el ex militar carapintada Aldo Rico - Informe Litoral<\/title>\n<meta name=\"robots\" content=\"index, follow, max-snippet:-1, max-image-preview:large, max-video-preview:-1\" \/>\n<link rel=\"canonical\" href=\"https:\/\/informelitoral.com.ar\/cristina-dos-anos-no-va-durar-dijo-el-ex-militar-carapintada-aldo-rico\/\" \/>\n<meta property=\"og:locale\" content=\"es_ES\" \/>\n<meta property=\"og:type\" content=\"article\" \/>\n<meta property=\"og:title\" content=\"&quot;Cristina dos a\u00f1os no va a durar&quot;; dijo el ex militar carapintada Aldo Rico - Informe Litoral\" \/>\n<meta property=\"og:description\" content=\"Finalmente el ex militar carapintada y ex intendente Aldo Rico confirm&oacute; ayer que baja su candidatura a concejal en San Miguel, Buenos Aires y que se muda a las filas del tigrense Sergio Massa. Lo m&aacute;s pol&eacute;mico, sin embargo, fue lo que dijo sobre la presidente: &laquo;&#147;Cristina dos a&ntilde;os no va a durar&raquo;&#148;.&nbsp; En declaraciones [&hellip;]\" \/>\n<meta property=\"og:url\" content=\"https:\/\/informelitoral.com.ar\/cristina-dos-anos-no-va-durar-dijo-el-ex-militar-carapintada-aldo-rico\/\" \/>\n<meta property=\"og:site_name\" content=\"Informe Litoral\" \/>\n<meta property=\"article:publisher\" content=\"https:\/\/www.facebook.com\/informelitoral\/\" \/>\n<meta property=\"article:published_time\" content=\"2013-09-13T17:24:16+00:00\" \/>\n<meta property=\"article:modified_time\" content=\"2013-09-13T17:31:22+00:00\" \/>\n<meta property=\"og:image\" content=\"https:\/\/informelitoral.com.ar\/%77%70%2d%63%6f%6e%74%65%6e%74\/uploads\/2013\/09\/aldo-rico.jpg\" \/>\n\t<meta property=\"og:image:width\" content=\"400\" \/>\n\t<meta property=\"og:image:height\" content=\"170\" \/>\n\t<meta property=\"og:image:type\" content=\"image\/jpeg\" \/>\n<meta name=\"author\" content=\"Gonzalo Schmidt\" \/>\n<meta name=\"twitter:card\" content=\"summary_large_image\" \/>\n<meta name=\"twitter:creator\" content=\"@InformeLitoral\" \/>\n<meta name=\"twitter:site\" content=\"@InformeLitoral\" \/>\n<meta name=\"twitter:label1\" content=\"Escrito por\" \/>\n\t<meta name=\"twitter:data1\" content=\"Gonzalo Schmidt\" \/>\n\t<meta name=\"twitter:label2\" content=\"Tiempo de lectura\" \/>\n\t<meta name=\"twitter:data2\" content=\"1 minuto\" \/>\n<script type=\"application\/ld+json\" class=\"yoast-schema-graph\">{\"@context\":\"https:\\\/\\\/schema.org\",\"@graph\":[{\"@type\":\"Article\",\"@id\":\"https:\\\/\\\/informelitoral.com.ar\\\/cristina-dos-anos-no-va-durar-dijo-el-ex-militar-carapintada-aldo-rico\\\/#article\",\"isPartOf\":{\"@id\":\"https:\\\/\\\/informelitoral.com.ar\\\/cristina-dos-anos-no-va-durar-dijo-el-ex-militar-carapintada-aldo-rico\\\/\"},\"author\":{\"name\":\"Gonzalo Schmidt\",\"@id\":\"https:\\\/\\\/informelitoral.com.ar\\\/#\\\/schema\\\/person\\\/b9d00407c836482871ef1d57bf8e3180\"},\"headline\":\"\u00abCristina dos a\u00f1os no va a durar\u00bb; dijo el ex militar carapintada Aldo Rico\",\"datePublished\":\"2013-09-13T17:24:16+00:00\",\"dateModified\":\"2013-09-13T17:31:22+00:00\",\"mainEntityOfPage\":{\"@id\":\"https:\\\/\\\/informelitoral.com.ar\\\/cristina-dos-anos-no-va-durar-dijo-el-ex-militar-carapintada-aldo-rico\\\/\"},\"wordCount\":260,\"commentCount\":0,\"publisher\":{\"@id\":\"https:\\\/\\\/informelitoral.com.ar\\\/#organization\"},\"image\":{\"@id\":\"https:\\\/\\\/informelitoral.com.ar\\\/cristina-dos-anos-no-va-durar-dijo-el-ex-militar-carapintada-aldo-rico\\\/#primaryimage\"},\"thumbnailUrl\":\"http:\\\/\\\/www.isletasnoticias.com.ar\\\/%77%70%2d%63%6f%6e%74%65%6e%74\\\/uploads\\\/2013\\\/09\\\/aldo-rico-300x127.jpg\",\"articleSection\":[\"Nacionales\",\"Politica\"],\"inLanguage\":\"es\",\"potentialAction\":[{\"@type\":\"CommentAction\",\"name\":\"Comment\",\"target\":[\"https:\\\/\\\/informelitoral.com.ar\\\/cristina-dos-anos-no-va-durar-dijo-el-ex-militar-carapintada-aldo-rico\\\/#respond\"]}]},{\"@type\":\"WebPage\",\"@id\":\"https:\\\/\\\/informelitoral.com.ar\\\/cristina-dos-anos-no-va-durar-dijo-el-ex-militar-carapintada-aldo-rico\\\/\",\"url\":\"https:\\\/\\\/informelitoral.com.ar\\\/cristina-dos-anos-no-va-durar-dijo-el-ex-militar-carapintada-aldo-rico\\\/\",\"name\":\"\\\"Cristina dos a\u00f1os no va a durar\\\"; dijo el ex militar carapintada Aldo Rico - Informe Litoral\",\"isPartOf\":{\"@id\":\"https:\\\/\\\/informelitoral.com.ar\\\/#website\"},\"primaryImageOfPage\":{\"@id\":\"https:\\\/\\\/informelitoral.com.ar\\\/cristina-dos-anos-no-va-durar-dijo-el-ex-militar-carapintada-aldo-rico\\\/#primaryimage\"},\"image\":{\"@id\":\"https:\\\/\\\/informelitoral.com.ar\\\/cristina-dos-anos-no-va-durar-dijo-el-ex-militar-carapintada-aldo-rico\\\/#primaryimage\"},\"thumbnailUrl\":\"http:\\\/\\\/www.isletasnoticias.com.ar\\\/%77%70%2d%63%6f%6e%74%65%6e%74\\\/uploads\\\/2013\\\/09\\\/aldo-rico-300x127.jpg\",\"datePublished\":\"2013-09-13T17:24:16+00:00\",\"dateModified\":\"2013-09-13T17:31:22+00:00\",\"breadcrumb\":{\"@id\":\"https:\\\/\\\/informelitoral.com.ar\\\/cristina-dos-anos-no-va-durar-dijo-el-ex-militar-carapintada-aldo-rico\\\/#breadcrumb\"},\"inLanguage\":\"es\",\"potentialAction\":[{\"@type\":\"ReadAction\",\"target\":[\"https:\\\/\\\/informelitoral.com.ar\\\/cristina-dos-anos-no-va-durar-dijo-el-ex-militar-carapintada-aldo-rico\\\/\"]}]},{\"@type\":\"ImageObject\",\"inLanguage\":\"es\",\"@id\":\"https:\\\/\\\/informelitoral.com.ar\\\/cristina-dos-anos-no-va-durar-dijo-el-ex-militar-carapintada-aldo-rico\\\/#primaryimage\",\"url\":\"http:\\\/\\\/www.isletasnoticias.com.ar\\\/%77%70%2d%63%6f%6e%74%65%6e%74\\\/uploads\\\/2013\\\/09\\\/aldo-rico-300x127.jpg\",\"contentUrl\":\"http:\\\/\\\/www.isletasnoticias.com.ar\\\/%77%70%2d%63%6f%6e%74%65%6e%74\\\/uploads\\\/2013\\\/09\\\/aldo-rico-300x127.jpg\"},{\"@type\":\"BreadcrumbList\",\"@id\":\"https:\\\/\\\/informelitoral.com.ar\\\/cristina-dos-anos-no-va-durar-dijo-el-ex-militar-carapintada-aldo-rico\\\/#breadcrumb\",\"itemListElement\":[{\"@type\":\"ListItem\",\"position\":1,\"name\":\"Portada\",\"item\":\"https:\\\/\\\/informelitoral.com.ar\\\/\"},{\"@type\":\"ListItem\",\"position\":2,\"name\":\"\u00abCristina dos a\u00f1os no va a durar\u00bb; dijo el ex militar carapintada Aldo Rico\"}]},{\"@type\":\"WebSite\",\"@id\":\"https:\\\/\\\/informelitoral.com.ar\\\/#website\",\"url\":\"https:\\\/\\\/informelitoral.com.ar\\\/\",\"name\":\"Informe Litoral\",\"description\":\"&quot;Nos informamos&quot; \",\"publisher\":{\"@id\":\"https:\\\/\\\/informelitoral.com.ar\\\/#organization\"},\"potentialAction\":[{\"@type\":\"SearchAction\",\"target\":{\"@type\":\"EntryPoint\",\"urlTemplate\":\"https:\\\/\\\/informelitoral.com.ar\\\/?s={search_term_string}\"},\"query-input\":{\"@type\":\"PropertyValueSpecification\",\"valueRequired\":true,\"valueName\":\"search_term_string\"}}],\"inLanguage\":\"es\"},{\"@type\":\"Organization\",\"@id\":\"https:\\\/\\\/informelitoral.com.ar\\\/#organization\",\"name\":\"Informe Litoral\",\"url\":\"https:\\\/\\\/informelitoral.com.ar\\\/\",\"logo\":{\"@type\":\"ImageObject\",\"inLanguage\":\"es\",\"@id\":\"https:\\\/\\\/informelitoral.com.ar\\\/#\\\/schema\\\/logo\\\/image\\\/\",\"url\":\"https:\\\/\\\/informelitoral.com.ar\\\/%77%70%2d%63%6f%6e%74%65%6e%74\\\/uploads\\\/2021\\\/01\\\/circulo.png\",\"contentUrl\":\"https:\\\/\\\/informelitoral.com.ar\\\/%77%70%2d%63%6f%6e%74%65%6e%74\\\/uploads\\\/2021\\\/01\\\/circulo.png\",\"width\":723,\"height\":731,\"caption\":\"Informe Litoral\"},\"image\":{\"@id\":\"https:\\\/\\\/informelitoral.com.ar\\\/#\\\/schema\\\/logo\\\/image\\\/\"},\"sameAs\":[\"https:\\\/\\\/www.facebook.com\\\/informelitoral\\\/\",\"https:\\\/\\\/x.com\\\/InformeLitoral\",\"https:\\\/\\\/www.instagram.com\\\/informelitoral\\\/\",\"https:\\\/\\\/www.youtube.com\\\/channel\\\/UCua4Qvz8Icb6MYqhoq9xLXw\"]},{\"@type\":\"Person\",\"@id\":\"https:\\\/\\\/informelitoral.com.ar\\\/#\\\/schema\\\/person\\\/b9d00407c836482871ef1d57bf8e3180\",\"name\":\"Gonzalo Schmidt\",\"image\":{\"@type\":\"ImageObject\",\"inLanguage\":\"es\",\"@id\":\"https:\\\/\\\/secure.gravatar.com\\\/avatar\\\/31a1a7b66ff2de83bd0e9fd79d026630d2d99e55e8bfe501287647b4fd9743de?s=96&d=mm&r=g\",\"url\":\"https:\\\/\\\/secure.gravatar.com\\\/avatar\\\/31a1a7b66ff2de83bd0e9fd79d026630d2d99e55e8bfe501287647b4fd9743de?s=96&d=mm&r=g\",\"contentUrl\":\"https:\\\/\\\/secure.gravatar.com\\\/avatar\\\/31a1a7b66ff2de83bd0e9fd79d026630d2d99e55e8bfe501287647b4fd9743de?s=96&d=mm&r=g\",\"caption\":\"Gonzalo Schmidt\"},\"description\":\"Sitio web de noticias de la provincia de Entre R\u00edos, Argentina. Informaci\u00f3n y entretenimiento. Informe Litoral, nos informamos.\",\"sameAs\":[\"http:\\\/\\\/www.isletasnoticias.com.ar\"],\"url\":\"https:\\\/\\\/informelitoral.com.ar\\\/author\\\/gonzalo\\\/\"}]}<\/script>","yoast_head_json":{"title":"\"Cristina dos a\u00f1os no va a durar\"; dijo el ex militar carapintada Aldo Rico - Informe Litoral","robots":{"index":"index","follow":"follow","max-snippet":"max-snippet:-1","max-image-preview":"max-image-preview:large","max-video-preview":"max-video-preview:-1"},"canonical":"https:\/\/informelitoral.com.ar\/cristina-dos-anos-no-va-durar-dijo-el-ex-militar-carapintada-aldo-rico\/","og_locale":"es_ES","og_type":"article","og_title":"\"Cristina dos a\u00f1os no va a durar\"; dijo el ex militar carapintada Aldo Rico - Informe Litoral","og_description":"Finalmente el ex militar carapintada y ex intendente Aldo Rico confirm&oacute; ayer que baja su candidatura a concejal en San Miguel, Buenos Aires y que se muda a las filas del tigrense Sergio Massa. Lo m&aacute;s pol&eacute;mico, sin embargo, fue lo que dijo sobre la presidente: &laquo;&#147;Cristina dos a&ntilde;os no va a durar&raquo;&#148;.&nbsp; En declaraciones [&hellip;]","og_url":"https:\/\/informelitoral.com.ar\/cristina-dos-anos-no-va-durar-dijo-el-ex-militar-carapintada-aldo-rico\/","og_site_name":"Informe Litoral","article_publisher":"https:\/\/www.facebook.com\/informelitoral\/","article_published_time":"2013-09-13T17:24:16+00:00","article_modified_time":"2013-09-13T17:31:22+00:00","og_image":[{"width":400,"height":170,"url":"https:\/\/informelitoral.com.ar\/%77%70%2d%63%6f%6e%74%65%6e%74\/uploads\/2013\/09\/aldo-rico.jpg","type":"image\/jpeg"}],"author":"Gonzalo Schmidt","twitter_card":"summary_large_image","twitter_creator":"@InformeLitoral","twitter_site":"@InformeLitoral","twitter_misc":{"Escrito por":"Gonzalo Schmidt","Tiempo de lectura":"1 minuto"},"schema":{"@context":"https:\/\/schema.org","@graph":[{"@type":"Article","@id":"https:\/\/informelitoral.com.ar\/cristina-dos-anos-no-va-durar-dijo-el-ex-militar-carapintada-aldo-rico\/#article","isPartOf":{"@id":"https:\/\/informelitoral.com.ar\/cristina-dos-anos-no-va-durar-dijo-el-ex-militar-carapintada-aldo-rico\/"},"author":{"name":"Gonzalo Schmidt","@id":"https:\/\/informelitoral.com.ar\/#\/schema\/person\/b9d00407c836482871ef1d57bf8e3180"},"headline":"\u00abCristina dos a\u00f1os no va a durar\u00bb; dijo el ex militar carapintada Aldo Rico","datePublished":"2013-09-13T17:24:16+00:00","dateModified":"2013-09-13T17:31:22+00:00","mainEntityOfPage":{"@id":"https:\/\/informelitoral.com.ar\/cristina-dos-anos-no-va-durar-dijo-el-ex-militar-carapintada-aldo-rico\/"},"wordCount":260,"commentCount":0,"publisher":{"@id":"https:\/\/informelitoral.com.ar\/#organization"},"image":{"@id":"https:\/\/informelitoral.com.ar\/cristina-dos-anos-no-va-durar-dijo-el-ex-militar-carapintada-aldo-rico\/#primaryimage"},"thumbnailUrl":"http:\/\/www.isletasnoticias.com.ar\/%77%70%2d%63%6f%6e%74%65%6e%74\/uploads\/2013\/09\/aldo-rico-300x127.jpg","articleSection":["Nacionales","Politica"],"inLanguage":"es","potentialAction":[{"@type":"CommentAction","name":"Comment","target":["https:\/\/informelitoral.com.ar\/cristina-dos-anos-no-va-durar-dijo-el-ex-militar-carapintada-aldo-rico\/#respond"]}]},{"@type":"WebPage","@id":"https:\/\/informelitoral.com.ar\/cristina-dos-anos-no-va-durar-dijo-el-ex-militar-carapintada-aldo-rico\/","url":"https:\/\/informelitoral.com.ar\/cristina-dos-anos-no-va-durar-dijo-el-ex-militar-carapintada-aldo-rico\/","name":"\"Cristina dos a\u00f1os no va a durar\"; dijo el ex militar carapintada Aldo Rico - Informe Litoral","isPartOf":{"@id":"https:\/\/informelitoral.com.ar\/#website"},"primaryImageOfPage":{"@id":"https:\/\/informelitoral.com.ar\/cristina-dos-anos-no-va-durar-dijo-el-ex-militar-carapintada-aldo-rico\/#primaryimage"},"image":{"@id":"https:\/\/informelitoral.com.ar\/cristina-dos-anos-no-va-durar-dijo-el-ex-militar-carapintada-aldo-rico\/#primaryimage"},"thumbnailUrl":"http:\/\/www.isletasnoticias.com.ar\/%77%70%2d%63%6f%6e%74%65%6e%74\/uploads\/2013\/09\/aldo-rico-300x127.jpg","datePublished":"2013-09-13T17:24:16+00:00","dateModified":"2013-09-13T17:31:22+00:00","breadcrumb":{"@id":"https:\/\/informelitoral.com.ar\/cristina-dos-anos-no-va-durar-dijo-el-ex-militar-carapintada-aldo-rico\/#breadcrumb"},"inLanguage":"es","potentialAction":[{"@type":"ReadAction","target":["https:\/\/informelitoral.com.ar\/cristina-dos-anos-no-va-durar-dijo-el-ex-militar-carapintada-aldo-rico\/"]}]},{"@type":"ImageObject","inLanguage":"es","@id":"https:\/\/informelitoral.com.ar\/cristina-dos-anos-no-va-durar-dijo-el-ex-militar-carapintada-aldo-rico\/#primaryimage","url":"http:\/\/www.isletasnoticias.com.ar\/%77%70%2d%63%6f%6e%74%65%6e%74\/uploads\/2013\/09\/aldo-rico-300x127.jpg","contentUrl":"http:\/\/www.isletasnoticias.com.ar\/%77%70%2d%63%6f%6e%74%65%6e%74\/uploads\/2013\/09\/aldo-rico-300x127.jpg"},{"@type":"BreadcrumbList","@id":"https:\/\/informelitoral.com.ar\/cristina-dos-anos-no-va-durar-dijo-el-ex-militar-carapintada-aldo-rico\/#breadcrumb","itemListElement":[{"@type":"ListItem","position":1,"name":"Portada","item":"https:\/\/informelitoral.com.ar\/"},{"@type":"ListItem","position":2,"name":"\u00abCristina dos a\u00f1os no va a durar\u00bb; dijo el ex militar carapintada Aldo Rico"}]},{"@type":"WebSite","@id":"https:\/\/informelitoral.com.ar\/#website","url":"https:\/\/informelitoral.com.ar\/","name":"Informe Litoral","description":"&quot;Nos informamos&quot; ","publisher":{"@id":"https:\/\/informelitoral.com.ar\/#organization"},"potentialAction":[{"@type":"SearchAction","target":{"@type":"EntryPoint","urlTemplate":"https:\/\/informelitoral.com.ar\/?s={search_term_string}"},"query-input":{"@type":"PropertyValueSpecification","valueRequired":true,"valueName":"search_term_string"}}],"inLanguage":"es"},{"@type":"Organization","@id":"https:\/\/informelitoral.com.ar\/#organization","name":"Informe Litoral","url":"https:\/\/informelitoral.com.ar\/","logo":{"@type":"ImageObject","inLanguage":"es","@id":"https:\/\/informelitoral.com.ar\/#\/schema\/logo\/image\/","url":"https:\/\/informelitoral.com.ar\/%77%70%2d%63%6f%6e%74%65%6e%74\/uploads\/2021\/01\/circulo.png","contentUrl":"https:\/\/informelitoral.com.ar\/%77%70%2d%63%6f%6e%74%65%6e%74\/uploads\/2021\/01\/circulo.png","width":723,"height":731,"caption":"Informe Litoral"},"image":{"@id":"https:\/\/informelitoral.com.ar\/#\/schema\/logo\/image\/"},"sameAs":["https:\/\/www.facebook.com\/informelitoral\/","https:\/\/x.com\/InformeLitoral","https:\/\/www.instagram.com\/informelitoral\/","https:\/\/www.youtube.com\/channel\/UCua4Qvz8Icb6MYqhoq9xLXw"]},{"@type":"Person","@id":"https:\/\/informelitoral.com.ar\/#\/schema\/person\/b9d00407c836482871ef1d57bf8e3180","name":"Gonzalo Schmidt","image":{"@type":"ImageObject","inLanguage":"es","@id":"https:\/\/secure.gravatar.com\/avatar\/31a1a7b66ff2de83bd0e9fd79d026630d2d99e55e8bfe501287647b4fd9743de?s=96&d=mm&r=g","url":"https:\/\/secure.gravatar.com\/avatar\/31a1a7b66ff2de83bd0e9fd79d026630d2d99e55e8bfe501287647b4fd9743de?s=96&d=mm&r=g","contentUrl":"https:\/\/secure.gravatar.com\/avatar\/31a1a7b66ff2de83bd0e9fd79d026630d2d99e55e8bfe501287647b4fd9743de?s=96&d=mm&r=g","caption":"Gonzalo Schmidt"},"description":"Sitio web de noticias de la provincia de Entre R\u00edos, Argentina. Informaci\u00f3n y entretenimiento. Informe Litoral, nos informamos.","sameAs":["http:\/\/www.isletasnoticias.com.ar"],"url":"https:\/\/informelitoral.com.ar\/author\/gonzalo\/"}]}},"_links":{"self":[{"href":"https:\/\/informelitoral.com.ar\/%77%70%2d%6a%73%6f%6e\/wp\/v2\/posts\/3180","targetHints":{"allow":["GET"]}}],"collection":[{"href":"https:\/\/informelitoral.com.ar\/%77%70%2d%6a%73%6f%6e\/wp\/v2\/posts"}],"about":[{"href":"https:\/\/informelitoral.com.ar\/%77%70%2d%6a%73%6f%6e\/wp\/v2\/types\/post"}],"author":[{"embeddable":true,"href":"https:\/\/informelitoral.com.ar\/%77%70%2d%6a%73%6f%6e\/wp\/v2\/users\/2"}],"replies":[{"embeddable":true,"href":"https:\/\/informelitoral.com.ar\/%77%70%2d%6a%73%6f%6e\/wp\/v2\/comments?post=3180"}],"version-history":[{"count":0,"href":"https:\/\/informelitoral.com.ar\/%77%70%2d%6a%73%6f%6e\/wp\/v2\/posts\/3180\/revisions"}],"wp:attachment":[{"href":"https:\/\/informelitoral.com.ar\/%77%70%2d%6a%73%6f%6e\/wp\/v2\/media?parent=3180"}],"wp:term":[{"taxonomy":"category","embeddable":true,"href":"https:\/\/informelitoral.com.ar\/%77%70%2d%6a%73%6f%6e\/wp\/v2\/categories?post=3180"},{"taxonomy":"post_tag","embeddable":true,"href":"https:\/\/informelitoral.com.ar\/%77%70%2d%6a%73%6f%6e\/wp\/v2\/tags?post=3180"}],"curies":[{"name":"wp","href":"https:\/\/api.w.org\/{rel}","templated":true}]}}