{"id":31682,"date":"2019-01-25T08:01:58","date_gmt":"2019-01-25T11:01:58","guid":{"rendered":"https:\/\/www.isletasnoticias.com.ar\/?p=31682"},"modified":"2019-01-25T08:02:17","modified_gmt":"2019-01-25T11:02:17","slug":"anuncian-un-fin-de-semana-sin-lluvias-en-gran-parte-de-entre-rios","status":"publish","type":"post","link":"https:\/\/informelitoral.com.ar\/anuncian-un-fin-de-semana-sin-lluvias-en-gran-parte-de-entre-rios\/","title":{"rendered":"Anuncian un fin de semana sin lluvias en gran parte de Entre R\u00edos"},"content":{"rendered":"\n<p>El pron\u00f3stico es mucho m\u00e1s alentador por estas horas, ya que&nbsp;<strong>se viene un fin de semana sin lluvias<\/strong>&nbsp;<strong>en gran parte de Entre R\u00edos y otras provincias afectadas por las inundaciones.<\/strong>&nbsp;Es seg\u00fan el \u00faltimo parte del&nbsp;<strong>Servicio Meteorol\u00f3gico Nacional<\/strong>.<\/p>\n\n\n\n<p>El mismo da cuenta de que el norte del pa\u00eds estar\u00e1 dominado por una masa de aire c\u00e1lida y h\u00fameda. Un frente caliente, posicionado en el centro del pa\u00eds, seguir\u00e1 desplaz\u00e1ndose hacia el sur, en tanto que un sistema de baja presi\u00f3n afectar\u00e1 el centro y norte del pa\u00eds entre los d\u00edas viernes 25 y domingo 26.<\/p>\n\n\n\n<p>Desde el lunes, un nuevo frente fr\u00edo avanzar\u00e1 desde el norte de la Patagonia hacia la regi\u00f3n central, el cual se quedar\u00e1 estacionario desde el martes y al menos hasta el jueves, con malas condiciones de tiempo en la regi\u00f3n.<\/p>\n\n\n\n<p><strong>Precipitaciones<\/strong><\/p>\n\n\n\n<p>Seg\u00fan el informe, \u201cdurante el viernes 25 y s\u00e1bado 26 lluvias y tormentas en Buenos Aires, norte de La Pampa, este de Mendoza, C\u00f3rdoba, San Luis y centro y sur de Santa Fe. La zona volver\u00e1 a ser afectada durante el lunes 28 y martes 29. Los valores de precipitaci\u00f3n acumulada en todo el per\u00edodo de pron\u00f3stico oscilar\u00e1n entre 50 y 90mm, pudiendo ser superados en forma localizada (especialmente en el noroeste de Buenos Aires y centro de C\u00f3rdoba)\u201d.<\/p>\n\n\n\n<p>Es decir que&nbsp;<strong>Entre R\u00edos quedar\u00eda afuera de la zona en la que se prev\u00e9n mayores lluvias, aunque podr\u00eda haber algunas precipitaciones en el sur provincial y otras zonas de la provincia, sobre todo el s\u00e1bado. No obstante, no ser\u00edan importantes.<\/strong><\/p>\n\n\n\n<figure class=\"wp-block-image\"><img decoding=\"async\" src=\"https:\/\/elonce-media.elonce.com\/fotos-nuevo\/2019\/01\/25\/o_1548402113.jpg\" alt=\"\"\/><\/figure>\n\n\n\n<p>Tambi\u00e9n se anuncian lluvias y tormentas hasta fines de la semana entrante en el norte de Mendoza, San Juan, La Rioja, Catamarca, Tucum\u00e1n, centro y oeste de Salta, Jujuy; con valores de precipitaci\u00f3n acumulada entre 70-100mm, pudiendo ser superados en forma puntual.<\/p>\n\n\n\n<p>Tambi\u00e9n llover\u00eda en el este de Salta y oeste de Santiago del Estero. Los valores de precipitaci\u00f3n acumulada ser\u00e1n de entre 20-40mm, pudiendo ser superados en forma localizada.<\/p>\n\n\n\n<p><strong>El pron\u00f3stico para Paran\u00e1 y la zona<\/strong><\/p>\n\n\n\n<figure class=\"wp-block-image\"><img decoding=\"async\" src=\"https:\/\/elonce-media.elonce.com\/fotos-nuevo\/2019\/01\/25\/o_1548402115.jpg\" alt=\"\"\/><\/figure>\n","protected":false},"excerpt":{"rendered":"<p>El pron&oacute;stico es mucho m&aacute;s alentador por estas horas, ya que&nbsp;se viene un fin de semana sin lluvias&nbsp;en gran parte de Entre R&iacute;os y otras provincias afectadas por las inundaciones.&nbsp;Es seg&uacute;n el &uacute;ltimo parte del&nbsp;Servicio Meteorol&oacute;gico Nacional. El mismo da cuenta de que el norte del pa&iacute;s estar&aacute; dominado por una masa de aire c&aacute;lida [&hellip;]<\/p>\n","protected":false},"author":2,"featured_media":23648,"comment_status":"open","ping_status":"open","sticky":false,"template":"","format":"standard","meta":{"fifu_image_url":"","fifu_image_alt":"","footnotes":""},"categories":[6],"tags":[38,480,113],"class_list":{"0":"post-31682","1":"post","2":"type-post","3":"status-publish","4":"format-standard","5":"has-post-thumbnail","7":"category-entre-rios","8":"tag-el-tiempo","9":"tag-fin-de-semana","10":"tag-smn"},"yoast_head":"<title>Anuncian un fin de semana sin lluvias en gran parte de Entre R\u00edos - Informe Litoral<\/title>\n<meta name=\"robots\" content=\"index, follow, max-snippet:-1, max-image-preview:large, max-video-preview:-1\" \/>\n<link rel=\"canonical\" href=\"https:\/\/informelitoral.com.ar\/anuncian-un-fin-de-semana-sin-lluvias-en-gran-parte-de-entre-rios\/\" \/>\n<meta property=\"og:locale\" content=\"es_ES\" \/>\n<meta property=\"og:type\" content=\"article\" \/>\n<meta property=\"og:title\" content=\"Anuncian un fin de semana sin lluvias en gran parte de Entre R\u00edos - Informe Litoral\" \/>\n<meta property=\"og:description\" content=\"El pron&oacute;stico es mucho m&aacute;s alentador por estas horas, ya que&nbsp;se viene un fin de semana sin lluvias&nbsp;en gran parte de Entre R&iacute;os y otras provincias afectadas por las inundaciones.&nbsp;Es seg&uacute;n el &uacute;ltimo parte del&nbsp;Servicio Meteorol&oacute;gico Nacional. El mismo da cuenta de que el norte del pa&iacute;s estar&aacute; dominado por una masa de aire c&aacute;lida [&hellip;]\" \/>\n<meta property=\"og:url\" content=\"https:\/\/informelitoral.com.ar\/anuncian-un-fin-de-semana-sin-lluvias-en-gran-parte-de-entre-rios\/\" \/>\n<meta property=\"og:site_name\" content=\"Informe Litoral\" \/>\n<meta property=\"article:publisher\" content=\"https:\/\/www.facebook.com\/informelitoral\/\" \/>\n<meta property=\"article:published_time\" content=\"2019-01-25T11:01:58+00:00\" \/>\n<meta property=\"article:modified_time\" content=\"2019-01-25T11:02:17+00:00\" \/>\n<meta property=\"og:image\" content=\"https:\/\/informelitoral.com.ar\/%77%70%2d%63%6f%6e%74%65%6e%74\/uploads\/2017\/11\/cielo-con-sol-y-nubes1.jpg\" \/>\n\t<meta property=\"og:image:width\" content=\"675\" \/>\n\t<meta property=\"og:image:height\" content=\"422\" \/>\n\t<meta property=\"og:image:type\" content=\"image\/jpeg\" \/>\n<meta name=\"author\" content=\"Gonzalo Schmidt\" \/>\n<meta name=\"twitter:card\" content=\"summary_large_image\" \/>\n<meta name=\"twitter:creator\" content=\"@InformeLitoral\" \/>\n<meta name=\"twitter:site\" content=\"@InformeLitoral\" \/>\n<meta name=\"twitter:label1\" content=\"Escrito por\" \/>\n\t<meta name=\"twitter:data1\" content=\"Gonzalo Schmidt\" \/>\n\t<meta name=\"twitter:label2\" content=\"Tiempo de lectura\" \/>\n\t<meta name=\"twitter:data2\" content=\"2 minutos\" \/>\n<script type=\"application\/ld+json\" class=\"yoast-schema-graph\">{\"@context\":\"https:\\\/\\\/schema.org\",\"@graph\":[{\"@type\":\"Article\",\"@id\":\"https:\\\/\\\/informelitoral.com.ar\\\/anuncian-un-fin-de-semana-sin-lluvias-en-gran-parte-de-entre-rios\\\/#article\",\"isPartOf\":{\"@id\":\"https:\\\/\\\/informelitoral.com.ar\\\/anuncian-un-fin-de-semana-sin-lluvias-en-gran-parte-de-entre-rios\\\/\"},\"author\":{\"name\":\"Gonzalo Schmidt\",\"@id\":\"https:\\\/\\\/informelitoral.com.ar\\\/#\\\/schema\\\/person\\\/b9d00407c836482871ef1d57bf8e3180\"},\"headline\":\"Anuncian un fin de semana sin lluvias en gran parte de Entre R\u00edos\",\"datePublished\":\"2019-01-25T11:01:58+00:00\",\"dateModified\":\"2019-01-25T11:02:17+00:00\",\"mainEntityOfPage\":{\"@id\":\"https:\\\/\\\/informelitoral.com.ar\\\/anuncian-un-fin-de-semana-sin-lluvias-en-gran-parte-de-entre-rios\\\/\"},\"wordCount\":388,\"commentCount\":0,\"publisher\":{\"@id\":\"https:\\\/\\\/informelitoral.com.ar\\\/#organization\"},\"image\":{\"@id\":\"https:\\\/\\\/informelitoral.com.ar\\\/anuncian-un-fin-de-semana-sin-lluvias-en-gran-parte-de-entre-rios\\\/#primaryimage\"},\"thumbnailUrl\":\"https:\\\/\\\/informelitoral.com.ar\\\/%77%70%2d%63%6f%6e%74%65%6e%74\\\/uploads\\\/2017\\\/11\\\/cielo-con-sol-y-nubes1.jpg\",\"keywords\":[\"El tiempo\",\"Fin de semana\",\"SMN\"],\"articleSection\":[\"Entre R\u00edos\"],\"inLanguage\":\"es\",\"potentialAction\":[{\"@type\":\"CommentAction\",\"name\":\"Comment\",\"target\":[\"https:\\\/\\\/informelitoral.com.ar\\\/anuncian-un-fin-de-semana-sin-lluvias-en-gran-parte-de-entre-rios\\\/#respond\"]}]},{\"@type\":\"WebPage\",\"@id\":\"https:\\\/\\\/informelitoral.com.ar\\\/anuncian-un-fin-de-semana-sin-lluvias-en-gran-parte-de-entre-rios\\\/\",\"url\":\"https:\\\/\\\/informelitoral.com.ar\\\/anuncian-un-fin-de-semana-sin-lluvias-en-gran-parte-de-entre-rios\\\/\",\"name\":\"Anuncian un fin de semana sin lluvias en gran parte de Entre R\u00edos - Informe Litoral\",\"isPartOf\":{\"@id\":\"https:\\\/\\\/informelitoral.com.ar\\\/#website\"},\"primaryImageOfPage\":{\"@id\":\"https:\\\/\\\/informelitoral.com.ar\\\/anuncian-un-fin-de-semana-sin-lluvias-en-gran-parte-de-entre-rios\\\/#primaryimage\"},\"image\":{\"@id\":\"https:\\\/\\\/informelitoral.com.ar\\\/anuncian-un-fin-de-semana-sin-lluvias-en-gran-parte-de-entre-rios\\\/#primaryimage\"},\"thumbnailUrl\":\"https:\\\/\\\/informelitoral.com.ar\\\/%77%70%2d%63%6f%6e%74%65%6e%74\\\/uploads\\\/2017\\\/11\\\/cielo-con-sol-y-nubes1.jpg\",\"datePublished\":\"2019-01-25T11:01:58+00:00\",\"dateModified\":\"2019-01-25T11:02:17+00:00\",\"breadcrumb\":{\"@id\":\"https:\\\/\\\/informelitoral.com.ar\\\/anuncian-un-fin-de-semana-sin-lluvias-en-gran-parte-de-entre-rios\\\/#breadcrumb\"},\"inLanguage\":\"es\",\"potentialAction\":[{\"@type\":\"ReadAction\",\"target\":[\"https:\\\/\\\/informelitoral.com.ar\\\/anuncian-un-fin-de-semana-sin-lluvias-en-gran-parte-de-entre-rios\\\/\"]}]},{\"@type\":\"ImageObject\",\"inLanguage\":\"es\",\"@id\":\"https:\\\/\\\/informelitoral.com.ar\\\/anuncian-un-fin-de-semana-sin-lluvias-en-gran-parte-de-entre-rios\\\/#primaryimage\",\"url\":\"https:\\\/\\\/informelitoral.com.ar\\\/%77%70%2d%63%6f%6e%74%65%6e%74\\\/uploads\\\/2017\\\/11\\\/cielo-con-sol-y-nubes1.jpg\",\"contentUrl\":\"https:\\\/\\\/informelitoral.com.ar\\\/%77%70%2d%63%6f%6e%74%65%6e%74\\\/uploads\\\/2017\\\/11\\\/cielo-con-sol-y-nubes1.jpg\",\"width\":675,\"height\":422},{\"@type\":\"BreadcrumbList\",\"@id\":\"https:\\\/\\\/informelitoral.com.ar\\\/anuncian-un-fin-de-semana-sin-lluvias-en-gran-parte-de-entre-rios\\\/#breadcrumb\",\"itemListElement\":[{\"@type\":\"ListItem\",\"position\":1,\"name\":\"Portada\",\"item\":\"https:\\\/\\\/informelitoral.com.ar\\\/\"},{\"@type\":\"ListItem\",\"position\":2,\"name\":\"Anuncian un fin de semana sin lluvias en gran parte de Entre R\u00edos\"}]},{\"@type\":\"WebSite\",\"@id\":\"https:\\\/\\\/informelitoral.com.ar\\\/#website\",\"url\":\"https:\\\/\\\/informelitoral.com.ar\\\/\",\"name\":\"Informe Litoral\",\"description\":\"&quot;Nos informamos&quot; \",\"publisher\":{\"@id\":\"https:\\\/\\\/informelitoral.com.ar\\\/#organization\"},\"potentialAction\":[{\"@type\":\"SearchAction\",\"target\":{\"@type\":\"EntryPoint\",\"urlTemplate\":\"https:\\\/\\\/informelitoral.com.ar\\\/?s={search_term_string}\"},\"query-input\":{\"@type\":\"PropertyValueSpecification\",\"valueRequired\":true,\"valueName\":\"search_term_string\"}}],\"inLanguage\":\"es\"},{\"@type\":\"Organization\",\"@id\":\"https:\\\/\\\/informelitoral.com.ar\\\/#organization\",\"name\":\"Informe Litoral\",\"url\":\"https:\\\/\\\/informelitoral.com.ar\\\/\",\"logo\":{\"@type\":\"ImageObject\",\"inLanguage\":\"es\",\"@id\":\"https:\\\/\\\/informelitoral.com.ar\\\/#\\\/schema\\\/logo\\\/image\\\/\",\"url\":\"https:\\\/\\\/informelitoral.com.ar\\\/%77%70%2d%63%6f%6e%74%65%6e%74\\\/uploads\\\/2021\\\/01\\\/circulo.png\",\"contentUrl\":\"https:\\\/\\\/informelitoral.com.ar\\\/%77%70%2d%63%6f%6e%74%65%6e%74\\\/uploads\\\/2021\\\/01\\\/circulo.png\",\"width\":723,\"height\":731,\"caption\":\"Informe Litoral\"},\"image\":{\"@id\":\"https:\\\/\\\/informelitoral.com.ar\\\/#\\\/schema\\\/logo\\\/image\\\/\"},\"sameAs\":[\"https:\\\/\\\/www.facebook.com\\\/informelitoral\\\/\",\"https:\\\/\\\/x.com\\\/InformeLitoral\",\"https:\\\/\\\/www.instagram.com\\\/informelitoral\\\/\",\"https:\\\/\\\/www.youtube.com\\\/channel\\\/UCua4Qvz8Icb6MYqhoq9xLXw\"]},{\"@type\":\"Person\",\"@id\":\"https:\\\/\\\/informelitoral.com.ar\\\/#\\\/schema\\\/person\\\/b9d00407c836482871ef1d57bf8e3180\",\"name\":\"Gonzalo Schmidt\",\"image\":{\"@type\":\"ImageObject\",\"inLanguage\":\"es\",\"@id\":\"https:\\\/\\\/secure.gravatar.com\\\/avatar\\\/31a1a7b66ff2de83bd0e9fd79d026630d2d99e55e8bfe501287647b4fd9743de?s=96&d=mm&r=g\",\"url\":\"https:\\\/\\\/secure.gravatar.com\\\/avatar\\\/31a1a7b66ff2de83bd0e9fd79d026630d2d99e55e8bfe501287647b4fd9743de?s=96&d=mm&r=g\",\"contentUrl\":\"https:\\\/\\\/secure.gravatar.com\\\/avatar\\\/31a1a7b66ff2de83bd0e9fd79d026630d2d99e55e8bfe501287647b4fd9743de?s=96&d=mm&r=g\",\"caption\":\"Gonzalo Schmidt\"},\"description\":\"Sitio web de noticias de la provincia de Entre R\u00edos, Argentina. Informaci\u00f3n y entretenimiento. Informe Litoral, nos informamos.\",\"sameAs\":[\"http:\\\/\\\/www.isletasnoticias.com.ar\"],\"url\":\"https:\\\/\\\/informelitoral.com.ar\\\/author\\\/gonzalo\\\/\"}]}<\/script>","yoast_head_json":{"title":"Anuncian un fin de semana sin lluvias en gran parte de Entre R\u00edos - Informe Litoral","robots":{"index":"index","follow":"follow","max-snippet":"max-snippet:-1","max-image-preview":"max-image-preview:large","max-video-preview":"max-video-preview:-1"},"canonical":"https:\/\/informelitoral.com.ar\/anuncian-un-fin-de-semana-sin-lluvias-en-gran-parte-de-entre-rios\/","og_locale":"es_ES","og_type":"article","og_title":"Anuncian un fin de semana sin lluvias en gran parte de Entre R\u00edos - Informe Litoral","og_description":"El pron&oacute;stico es mucho m&aacute;s alentador por estas horas, ya que&nbsp;se viene un fin de semana sin lluvias&nbsp;en gran parte de Entre R&iacute;os y otras provincias afectadas por las inundaciones.&nbsp;Es seg&uacute;n el &uacute;ltimo parte del&nbsp;Servicio Meteorol&oacute;gico Nacional. El mismo da cuenta de que el norte del pa&iacute;s estar&aacute; dominado por una masa de aire c&aacute;lida [&hellip;]","og_url":"https:\/\/informelitoral.com.ar\/anuncian-un-fin-de-semana-sin-lluvias-en-gran-parte-de-entre-rios\/","og_site_name":"Informe Litoral","article_publisher":"https:\/\/www.facebook.com\/informelitoral\/","article_published_time":"2019-01-25T11:01:58+00:00","article_modified_time":"2019-01-25T11:02:17+00:00","og_image":[{"width":675,"height":422,"url":"https:\/\/informelitoral.com.ar\/%77%70%2d%63%6f%6e%74%65%6e%74\/uploads\/2017\/11\/cielo-con-sol-y-nubes1.jpg","type":"image\/jpeg"}],"author":"Gonzalo Schmidt","twitter_card":"summary_large_image","twitter_creator":"@InformeLitoral","twitter_site":"@InformeLitoral","twitter_misc":{"Escrito por":"Gonzalo Schmidt","Tiempo de lectura":"2 minutos"},"schema":{"@context":"https:\/\/schema.org","@graph":[{"@type":"Article","@id":"https:\/\/informelitoral.com.ar\/anuncian-un-fin-de-semana-sin-lluvias-en-gran-parte-de-entre-rios\/#article","isPartOf":{"@id":"https:\/\/informelitoral.com.ar\/anuncian-un-fin-de-semana-sin-lluvias-en-gran-parte-de-entre-rios\/"},"author":{"name":"Gonzalo Schmidt","@id":"https:\/\/informelitoral.com.ar\/#\/schema\/person\/b9d00407c836482871ef1d57bf8e3180"},"headline":"Anuncian un fin de semana sin lluvias en gran parte de Entre R\u00edos","datePublished":"2019-01-25T11:01:58+00:00","dateModified":"2019-01-25T11:02:17+00:00","mainEntityOfPage":{"@id":"https:\/\/informelitoral.com.ar\/anuncian-un-fin-de-semana-sin-lluvias-en-gran-parte-de-entre-rios\/"},"wordCount":388,"commentCount":0,"publisher":{"@id":"https:\/\/informelitoral.com.ar\/#organization"},"image":{"@id":"https:\/\/informelitoral.com.ar\/anuncian-un-fin-de-semana-sin-lluvias-en-gran-parte-de-entre-rios\/#primaryimage"},"thumbnailUrl":"https:\/\/informelitoral.com.ar\/%77%70%2d%63%6f%6e%74%65%6e%74\/uploads\/2017\/11\/cielo-con-sol-y-nubes1.jpg","keywords":["El tiempo","Fin de semana","SMN"],"articleSection":["Entre R\u00edos"],"inLanguage":"es","potentialAction":[{"@type":"CommentAction","name":"Comment","target":["https:\/\/informelitoral.com.ar\/anuncian-un-fin-de-semana-sin-lluvias-en-gran-parte-de-entre-rios\/#respond"]}]},{"@type":"WebPage","@id":"https:\/\/informelitoral.com.ar\/anuncian-un-fin-de-semana-sin-lluvias-en-gran-parte-de-entre-rios\/","url":"https:\/\/informelitoral.com.ar\/anuncian-un-fin-de-semana-sin-lluvias-en-gran-parte-de-entre-rios\/","name":"Anuncian un fin de semana sin lluvias en gran parte de Entre R\u00edos - Informe Litoral","isPartOf":{"@id":"https:\/\/informelitoral.com.ar\/#website"},"primaryImageOfPage":{"@id":"https:\/\/informelitoral.com.ar\/anuncian-un-fin-de-semana-sin-lluvias-en-gran-parte-de-entre-rios\/#primaryimage"},"image":{"@id":"https:\/\/informelitoral.com.ar\/anuncian-un-fin-de-semana-sin-lluvias-en-gran-parte-de-entre-rios\/#primaryimage"},"thumbnailUrl":"https:\/\/informelitoral.com.ar\/%77%70%2d%63%6f%6e%74%65%6e%74\/uploads\/2017\/11\/cielo-con-sol-y-nubes1.jpg","datePublished":"2019-01-25T11:01:58+00:00","dateModified":"2019-01-25T11:02:17+00:00","breadcrumb":{"@id":"https:\/\/informelitoral.com.ar\/anuncian-un-fin-de-semana-sin-lluvias-en-gran-parte-de-entre-rios\/#breadcrumb"},"inLanguage":"es","potentialAction":[{"@type":"ReadAction","target":["https:\/\/informelitoral.com.ar\/anuncian-un-fin-de-semana-sin-lluvias-en-gran-parte-de-entre-rios\/"]}]},{"@type":"ImageObject","inLanguage":"es","@id":"https:\/\/informelitoral.com.ar\/anuncian-un-fin-de-semana-sin-lluvias-en-gran-parte-de-entre-rios\/#primaryimage","url":"https:\/\/informelitoral.com.ar\/%77%70%2d%63%6f%6e%74%65%6e%74\/uploads\/2017\/11\/cielo-con-sol-y-nubes1.jpg","contentUrl":"https:\/\/informelitoral.com.ar\/%77%70%2d%63%6f%6e%74%65%6e%74\/uploads\/2017\/11\/cielo-con-sol-y-nubes1.jpg","width":675,"height":422},{"@type":"BreadcrumbList","@id":"https:\/\/informelitoral.com.ar\/anuncian-un-fin-de-semana-sin-lluvias-en-gran-parte-de-entre-rios\/#breadcrumb","itemListElement":[{"@type":"ListItem","position":1,"name":"Portada","item":"https:\/\/informelitoral.com.ar\/"},{"@type":"ListItem","position":2,"name":"Anuncian un fin de semana sin lluvias en gran parte de Entre R\u00edos"}]},{"@type":"WebSite","@id":"https:\/\/informelitoral.com.ar\/#website","url":"https:\/\/informelitoral.com.ar\/","name":"Informe Litoral","description":"&quot;Nos informamos&quot; ","publisher":{"@id":"https:\/\/informelitoral.com.ar\/#organization"},"potentialAction":[{"@type":"SearchAction","target":{"@type":"EntryPoint","urlTemplate":"https:\/\/informelitoral.com.ar\/?s={search_term_string}"},"query-input":{"@type":"PropertyValueSpecification","valueRequired":true,"valueName":"search_term_string"}}],"inLanguage":"es"},{"@type":"Organization","@id":"https:\/\/informelitoral.com.ar\/#organization","name":"Informe Litoral","url":"https:\/\/informelitoral.com.ar\/","logo":{"@type":"ImageObject","inLanguage":"es","@id":"https:\/\/informelitoral.com.ar\/#\/schema\/logo\/image\/","url":"https:\/\/informelitoral.com.ar\/%77%70%2d%63%6f%6e%74%65%6e%74\/uploads\/2021\/01\/circulo.png","contentUrl":"https:\/\/informelitoral.com.ar\/%77%70%2d%63%6f%6e%74%65%6e%74\/uploads\/2021\/01\/circulo.png","width":723,"height":731,"caption":"Informe Litoral"},"image":{"@id":"https:\/\/informelitoral.com.ar\/#\/schema\/logo\/image\/"},"sameAs":["https:\/\/www.facebook.com\/informelitoral\/","https:\/\/x.com\/InformeLitoral","https:\/\/www.instagram.com\/informelitoral\/","https:\/\/www.youtube.com\/channel\/UCua4Qvz8Icb6MYqhoq9xLXw"]},{"@type":"Person","@id":"https:\/\/informelitoral.com.ar\/#\/schema\/person\/b9d00407c836482871ef1d57bf8e3180","name":"Gonzalo Schmidt","image":{"@type":"ImageObject","inLanguage":"es","@id":"https:\/\/secure.gravatar.com\/avatar\/31a1a7b66ff2de83bd0e9fd79d026630d2d99e55e8bfe501287647b4fd9743de?s=96&d=mm&r=g","url":"https:\/\/secure.gravatar.com\/avatar\/31a1a7b66ff2de83bd0e9fd79d026630d2d99e55e8bfe501287647b4fd9743de?s=96&d=mm&r=g","contentUrl":"https:\/\/secure.gravatar.com\/avatar\/31a1a7b66ff2de83bd0e9fd79d026630d2d99e55e8bfe501287647b4fd9743de?s=96&d=mm&r=g","caption":"Gonzalo Schmidt"},"description":"Sitio web de noticias de la provincia de Entre R\u00edos, Argentina. Informaci\u00f3n y entretenimiento. Informe Litoral, nos informamos.","sameAs":["http:\/\/www.isletasnoticias.com.ar"],"url":"https:\/\/informelitoral.com.ar\/author\/gonzalo\/"}]}},"_links":{"self":[{"href":"https:\/\/informelitoral.com.ar\/%77%70%2d%6a%73%6f%6e\/wp\/v2\/posts\/31682","targetHints":{"allow":["GET"]}}],"collection":[{"href":"https:\/\/informelitoral.com.ar\/%77%70%2d%6a%73%6f%6e\/wp\/v2\/posts"}],"about":[{"href":"https:\/\/informelitoral.com.ar\/%77%70%2d%6a%73%6f%6e\/wp\/v2\/types\/post"}],"author":[{"embeddable":true,"href":"https:\/\/informelitoral.com.ar\/%77%70%2d%6a%73%6f%6e\/wp\/v2\/users\/2"}],"replies":[{"embeddable":true,"href":"https:\/\/informelitoral.com.ar\/%77%70%2d%6a%73%6f%6e\/wp\/v2\/comments?post=31682"}],"version-history":[{"count":0,"href":"https:\/\/informelitoral.com.ar\/%77%70%2d%6a%73%6f%6e\/wp\/v2\/posts\/31682\/revisions"}],"wp:featuredmedia":[{"embeddable":true,"href":"https:\/\/informelitoral.com.ar\/%77%70%2d%6a%73%6f%6e\/wp\/v2\/media\/23648"}],"wp:attachment":[{"href":"https:\/\/informelitoral.com.ar\/%77%70%2d%6a%73%6f%6e\/wp\/v2\/media?parent=31682"}],"wp:term":[{"taxonomy":"category","embeddable":true,"href":"https:\/\/informelitoral.com.ar\/%77%70%2d%6a%73%6f%6e\/wp\/v2\/categories?post=31682"},{"taxonomy":"post_tag","embeddable":true,"href":"https:\/\/informelitoral.com.ar\/%77%70%2d%6a%73%6f%6e\/wp\/v2\/tags?post=31682"}],"curies":[{"name":"wp","href":"https:\/\/api.w.org\/{rel}","templated":true}]}}