{"id":31627,"date":"2019-01-18T08:11:45","date_gmt":"2019-01-18T11:11:45","guid":{"rendered":"https:\/\/www.isletasnoticias.com.ar\/?p=31627"},"modified":"2019-01-18T08:23:14","modified_gmt":"2019-01-18T11:23:14","slug":"entre-rios-contara-con-siete-centros-de-acopio-para-los-envases-de-fitosanitarios","status":"publish","type":"post","link":"https:\/\/informelitoral.com.ar\/entre-rios-contara-con-siete-centros-de-acopio-para-los-envases-de-fitosanitarios\/","title":{"rendered":"Entre R\u00edos contar\u00e1 con siete centros de acopio para los envases de fitosanitarios"},"content":{"rendered":"\n<p>La autoridad de aplicaci\u00f3n de la Ley de Presupuestos M\u00ednimos de Tratamiento de Envases Vac\u00edos de Fitosanitarios ser\u00e1 la Secretar\u00eda de Ambiente de la provincia. En esa l\u00ednea, su titular, Mart\u00edn Barbieri, afirm\u00f3 que, \u00abm\u00e1s all\u00e1 de la formalidad del decreto, desde la Secretar\u00eda de Ambiente venimos trabajando con las dos c\u00e1maras que a nivel nacional nuclean a los productores de agroqu\u00edmicos, fertilizantes y semillas, que conforman la Fundaci\u00f3n Campo Limpio, que es la que tendr\u00e1 a cargo la implementaci\u00f3n de los Centros de Acopio Transitorio (CAT)\u201d.&nbsp;<\/p>\n\n\n\n<p>\u00abVenimos manteniendo reuniones y trabajando en el tema, de manera tal que una vez que est\u00e9 el decreto firmado por el gobernador tengamos un camino recorrido sobre el tema y s\u00f3lo reste profundizar el di\u00e1logo con los municipios donde proyectamos instalar esos CAT\u00bb, sostuvo Barbieri.&nbsp;<\/p>\n\n\n\n<p>El secretario de Ambiente precis\u00f3 que en Entre R\u00edos se generan alrededor de 1.000 toneladas de envases de agroqu\u00edmicos por a\u00f1o y, para tratarlos se proyectan instalar siete CAT donde destinarlos para evitar que sean enterrados, quemados o tirados en los cursos de agua. \u00abDe esa manera aseguramos que los residuos de envases sean destinados a dichos centros desde donde luego tendr\u00e1n una correcta disposici\u00f3n final o ser\u00e1n destinados a reciclaje\u00bb, sostuvo el funcionario.&nbsp;<\/p>\n\n\n\n<p>Barbieri indic\u00f3 que los Centros de Acopio Transitorio (CAT) ser\u00e1n administrados por la Fundaci\u00f3n Campo Limpio, y que el gobierno provincial, a trav\u00e9s de Ambiente, debe gestionar los terrenos donde se instalar\u00e1n los CAT que deben ser fiscales (provinciales o municipales). Adem\u00e1s, como autoridad de aplicaci\u00f3n, Ambiente provincial llevar\u00e1 el control de las toneladas que operar\u00e1 cada CAT y cu\u00e1l ser\u00e1 la disposici\u00f3n final de esos bidones.&nbsp;<\/p>\n\n\n\n<p>Barbieri mencion\u00f3 que en el di\u00e1logo que vienen manteniendo con algunos intendentes, sociedades rurales y colegios de profesionales han recepcionado el inter\u00e9s de que en Crespo, Gualeguaych\u00fa y el noreste de la provincia se instalen estos centros.&nbsp;<\/p>\n\n\n\n<p>A su vez mencion\u00f3 que realizan gestiones para \u00ablograr que las cooperativas y los distribuidores reciban los bidones de manera primaria y de all\u00ed sean trasladados todos juntos a los CAT\u00bb.&nbsp;<\/p>\n\n\n\n<p>El funcionario agreg\u00f3 que al llevar los bidones al CAT al productor se le dar\u00e1 un comprobante de disposici\u00f3n correcta del envase vac\u00edo, sin el cual no podr\u00e1 comprar nuevos insumos. Esto ser\u00e1 controlado por Senasa, tal como lo establece la Ley N\u00ba 27.279 de Presupuestos M\u00ednimos de Tratamiento de Envases Vac\u00edos de Fitosanitarios.&nbsp;<\/p>\n\n\n\n<p>Tambi\u00e9n destac\u00f3 que la Secretar\u00eda de Ambiente, a trav\u00e9s del Consejo Federal de Ambiente (Cofema), particip\u00f3 de la reglamentaci\u00f3n de la Ley y realiz\u00f3 sus aportes.&nbsp;<\/p>\n\n\n\n<p><strong>El decreto<\/strong><\/p>\n\n\n\n<p>El decreto que firmar\u00e1 el mandatario designa a la Secretar\u00eda de Ambiente como autoridad competente para todos los fines y con todas las funciones y facultades previstas en la Ley N\u00ba 27.279, de Presupuestos M\u00ednimos de Tratamiento de Envases Vac\u00edos de Fitosanitarios, su decreto reglamentario N\u00ba 134\/2018 y las dem\u00e1s normas complementarias.&nbsp;<\/p>\n\n\n\n<p>Adem\u00e1s, mediante dicho decreto se autoriza a la Secretar\u00eda de Ambiente a invertir y a solventar las erogaciones derivadas del cumplimiento de las acciones en el rol de autoridad competente para la Gesti\u00f3n Integral de los Envases Fitosanitarios.&nbsp;<\/p>\n\n\n\n<p>En ese marco, se crear\u00e1 en el \u00e1mbito de la Secretar\u00eda de Ambiente, con dependencia del director de Fiscalizaci\u00f3n y Control Ambiental, el \u00c1rea Gesti\u00f3n de Envases Vac\u00edos de Fitosanitarios. <\/p>\n","protected":false},"excerpt":{"rendered":"<p>La autoridad de aplicaci&oacute;n de la Ley de Presupuestos M&iacute;nimos de Tratamiento de Envases Vac&iacute;os de Fitosanitarios ser&aacute; la Secretar&iacute;a de Ambiente de la provincia. En esa l&iacute;nea, su titular, Mart&iacute;n Barbieri, afirm&oacute; que, &laquo;m&aacute;s all&aacute; de la formalidad del decreto, desde la Secretar&iacute;a de Ambiente venimos trabajando con las dos c&aacute;maras que a nivel [&hellip;]<\/p>\n","protected":false},"author":2,"featured_media":31628,"comment_status":"open","ping_status":"open","sticky":false,"template":"","format":"standard","meta":{"fifu_image_url":"","fifu_image_alt":"","footnotes":""},"categories":[10],"tags":[139,46,120],"class_list":{"0":"post-31627","1":"post","2":"type-post","3":"status-publish","4":"format-standard","5":"has-post-thumbnail","7":"category-campo","8":"tag-agroquimicos","9":"tag-ambiente","10":"tag-produccion"},"yoast_head":"<title>Entre R\u00edos contar\u00e1 con siete centros de acopio para los envases de fitosanitarios - Informe Litoral<\/title>\n<meta name=\"robots\" content=\"index, follow, max-snippet:-1, max-image-preview:large, max-video-preview:-1\" \/>\n<link rel=\"canonical\" href=\"https:\/\/informelitoral.com.ar\/entre-rios-contara-con-siete-centros-de-acopio-para-los-envases-de-fitosanitarios\/\" \/>\n<meta property=\"og:locale\" content=\"es_ES\" \/>\n<meta property=\"og:type\" content=\"article\" \/>\n<meta property=\"og:title\" content=\"Entre R\u00edos contar\u00e1 con siete centros de acopio para los envases de fitosanitarios - Informe Litoral\" \/>\n<meta property=\"og:description\" content=\"La autoridad de aplicaci&oacute;n de la Ley de Presupuestos M&iacute;nimos de Tratamiento de Envases Vac&iacute;os de Fitosanitarios ser&aacute; la Secretar&iacute;a de Ambiente de la provincia. En esa l&iacute;nea, su titular, Mart&iacute;n Barbieri, afirm&oacute; que, &laquo;m&aacute;s all&aacute; de la formalidad del decreto, desde la Secretar&iacute;a de Ambiente venimos trabajando con las dos c&aacute;maras que a nivel [&hellip;]\" \/>\n<meta property=\"og:url\" content=\"https:\/\/informelitoral.com.ar\/entre-rios-contara-con-siete-centros-de-acopio-para-los-envases-de-fitosanitarios\/\" \/>\n<meta property=\"og:site_name\" content=\"Informe Litoral\" \/>\n<meta property=\"article:publisher\" content=\"https:\/\/www.facebook.com\/informelitoral\/\" \/>\n<meta property=\"article:published_time\" content=\"2019-01-18T11:11:45+00:00\" \/>\n<meta property=\"article:modified_time\" content=\"2019-01-18T11:23:14+00:00\" \/>\n<meta property=\"og:image\" content=\"https:\/\/informelitoral.com.ar\/%77%70%2d%63%6f%6e%74%65%6e%74\/uploads\/2019\/01\/envases-fitosanitarios.jpg\" \/>\n\t<meta property=\"og:image:width\" content=\"1068\" \/>\n\t<meta property=\"og:image:height\" content=\"445\" \/>\n\t<meta property=\"og:image:type\" content=\"image\/jpeg\" \/>\n<meta name=\"author\" content=\"Gonzalo Schmidt\" \/>\n<meta name=\"twitter:card\" content=\"summary_large_image\" \/>\n<meta name=\"twitter:creator\" content=\"@InformeLitoral\" \/>\n<meta name=\"twitter:site\" content=\"@InformeLitoral\" \/>\n<meta name=\"twitter:label1\" content=\"Escrito por\" \/>\n\t<meta name=\"twitter:data1\" content=\"Gonzalo Schmidt\" \/>\n\t<meta name=\"twitter:label2\" content=\"Tiempo de lectura\" \/>\n\t<meta name=\"twitter:data2\" content=\"3 minutos\" \/>\n<script type=\"application\/ld+json\" class=\"yoast-schema-graph\">{\"@context\":\"https:\\\/\\\/schema.org\",\"@graph\":[{\"@type\":\"Article\",\"@id\":\"https:\\\/\\\/informelitoral.com.ar\\\/entre-rios-contara-con-siete-centros-de-acopio-para-los-envases-de-fitosanitarios\\\/#article\",\"isPartOf\":{\"@id\":\"https:\\\/\\\/informelitoral.com.ar\\\/entre-rios-contara-con-siete-centros-de-acopio-para-los-envases-de-fitosanitarios\\\/\"},\"author\":{\"name\":\"Gonzalo Schmidt\",\"@id\":\"https:\\\/\\\/informelitoral.com.ar\\\/#\\\/schema\\\/person\\\/b9d00407c836482871ef1d57bf8e3180\"},\"headline\":\"Entre R\u00edos contar\u00e1 con siete centros de acopio para los envases de fitosanitarios\",\"datePublished\":\"2019-01-18T11:11:45+00:00\",\"dateModified\":\"2019-01-18T11:23:14+00:00\",\"mainEntityOfPage\":{\"@id\":\"https:\\\/\\\/informelitoral.com.ar\\\/entre-rios-contara-con-siete-centros-de-acopio-para-los-envases-de-fitosanitarios\\\/\"},\"wordCount\":612,\"commentCount\":0,\"publisher\":{\"@id\":\"https:\\\/\\\/informelitoral.com.ar\\\/#organization\"},\"image\":{\"@id\":\"https:\\\/\\\/informelitoral.com.ar\\\/entre-rios-contara-con-siete-centros-de-acopio-para-los-envases-de-fitosanitarios\\\/#primaryimage\"},\"thumbnailUrl\":\"https:\\\/\\\/informelitoral.com.ar\\\/%77%70%2d%63%6f%6e%74%65%6e%74\\\/uploads\\\/2019\\\/01\\\/envases-fitosanitarios.jpg\",\"keywords\":[\"Agroqu\u00edmicos\",\"Ambiente\",\"Producci\u00f3n\"],\"articleSection\":[\"Campo\"],\"inLanguage\":\"es\",\"potentialAction\":[{\"@type\":\"CommentAction\",\"name\":\"Comment\",\"target\":[\"https:\\\/\\\/informelitoral.com.ar\\\/entre-rios-contara-con-siete-centros-de-acopio-para-los-envases-de-fitosanitarios\\\/#respond\"]}]},{\"@type\":\"WebPage\",\"@id\":\"https:\\\/\\\/informelitoral.com.ar\\\/entre-rios-contara-con-siete-centros-de-acopio-para-los-envases-de-fitosanitarios\\\/\",\"url\":\"https:\\\/\\\/informelitoral.com.ar\\\/entre-rios-contara-con-siete-centros-de-acopio-para-los-envases-de-fitosanitarios\\\/\",\"name\":\"Entre R\u00edos contar\u00e1 con siete centros de acopio para los envases de fitosanitarios - Informe Litoral\",\"isPartOf\":{\"@id\":\"https:\\\/\\\/informelitoral.com.ar\\\/#website\"},\"primaryImageOfPage\":{\"@id\":\"https:\\\/\\\/informelitoral.com.ar\\\/entre-rios-contara-con-siete-centros-de-acopio-para-los-envases-de-fitosanitarios\\\/#primaryimage\"},\"image\":{\"@id\":\"https:\\\/\\\/informelitoral.com.ar\\\/entre-rios-contara-con-siete-centros-de-acopio-para-los-envases-de-fitosanitarios\\\/#primaryimage\"},\"thumbnailUrl\":\"https:\\\/\\\/informelitoral.com.ar\\\/%77%70%2d%63%6f%6e%74%65%6e%74\\\/uploads\\\/2019\\\/01\\\/envases-fitosanitarios.jpg\",\"datePublished\":\"2019-01-18T11:11:45+00:00\",\"dateModified\":\"2019-01-18T11:23:14+00:00\",\"breadcrumb\":{\"@id\":\"https:\\\/\\\/informelitoral.com.ar\\\/entre-rios-contara-con-siete-centros-de-acopio-para-los-envases-de-fitosanitarios\\\/#breadcrumb\"},\"inLanguage\":\"es\",\"potentialAction\":[{\"@type\":\"ReadAction\",\"target\":[\"https:\\\/\\\/informelitoral.com.ar\\\/entre-rios-contara-con-siete-centros-de-acopio-para-los-envases-de-fitosanitarios\\\/\"]}]},{\"@type\":\"ImageObject\",\"inLanguage\":\"es\",\"@id\":\"https:\\\/\\\/informelitoral.com.ar\\\/entre-rios-contara-con-siete-centros-de-acopio-para-los-envases-de-fitosanitarios\\\/#primaryimage\",\"url\":\"https:\\\/\\\/informelitoral.com.ar\\\/%77%70%2d%63%6f%6e%74%65%6e%74\\\/uploads\\\/2019\\\/01\\\/envases-fitosanitarios.jpg\",\"contentUrl\":\"https:\\\/\\\/informelitoral.com.ar\\\/%77%70%2d%63%6f%6e%74%65%6e%74\\\/uploads\\\/2019\\\/01\\\/envases-fitosanitarios.jpg\",\"width\":1068,\"height\":445},{\"@type\":\"BreadcrumbList\",\"@id\":\"https:\\\/\\\/informelitoral.com.ar\\\/entre-rios-contara-con-siete-centros-de-acopio-para-los-envases-de-fitosanitarios\\\/#breadcrumb\",\"itemListElement\":[{\"@type\":\"ListItem\",\"position\":1,\"name\":\"Portada\",\"item\":\"https:\\\/\\\/informelitoral.com.ar\\\/\"},{\"@type\":\"ListItem\",\"position\":2,\"name\":\"Entre R\u00edos contar\u00e1 con siete centros de acopio para los envases de fitosanitarios\"}]},{\"@type\":\"WebSite\",\"@id\":\"https:\\\/\\\/informelitoral.com.ar\\\/#website\",\"url\":\"https:\\\/\\\/informelitoral.com.ar\\\/\",\"name\":\"Informe Litoral\",\"description\":\"&quot;Nos informamos&quot; \",\"publisher\":{\"@id\":\"https:\\\/\\\/informelitoral.com.ar\\\/#organization\"},\"potentialAction\":[{\"@type\":\"SearchAction\",\"target\":{\"@type\":\"EntryPoint\",\"urlTemplate\":\"https:\\\/\\\/informelitoral.com.ar\\\/?s={search_term_string}\"},\"query-input\":{\"@type\":\"PropertyValueSpecification\",\"valueRequired\":true,\"valueName\":\"search_term_string\"}}],\"inLanguage\":\"es\"},{\"@type\":\"Organization\",\"@id\":\"https:\\\/\\\/informelitoral.com.ar\\\/#organization\",\"name\":\"Informe Litoral\",\"url\":\"https:\\\/\\\/informelitoral.com.ar\\\/\",\"logo\":{\"@type\":\"ImageObject\",\"inLanguage\":\"es\",\"@id\":\"https:\\\/\\\/informelitoral.com.ar\\\/#\\\/schema\\\/logo\\\/image\\\/\",\"url\":\"https:\\\/\\\/informelitoral.com.ar\\\/%77%70%2d%63%6f%6e%74%65%6e%74\\\/uploads\\\/2021\\\/01\\\/circulo.png\",\"contentUrl\":\"https:\\\/\\\/informelitoral.com.ar\\\/%77%70%2d%63%6f%6e%74%65%6e%74\\\/uploads\\\/2021\\\/01\\\/circulo.png\",\"width\":723,\"height\":731,\"caption\":\"Informe Litoral\"},\"image\":{\"@id\":\"https:\\\/\\\/informelitoral.com.ar\\\/#\\\/schema\\\/logo\\\/image\\\/\"},\"sameAs\":[\"https:\\\/\\\/www.facebook.com\\\/informelitoral\\\/\",\"https:\\\/\\\/x.com\\\/InformeLitoral\",\"https:\\\/\\\/www.instagram.com\\\/informelitoral\\\/\",\"https:\\\/\\\/www.youtube.com\\\/channel\\\/UCua4Qvz8Icb6MYqhoq9xLXw\"]},{\"@type\":\"Person\",\"@id\":\"https:\\\/\\\/informelitoral.com.ar\\\/#\\\/schema\\\/person\\\/b9d00407c836482871ef1d57bf8e3180\",\"name\":\"Gonzalo Schmidt\",\"image\":{\"@type\":\"ImageObject\",\"inLanguage\":\"es\",\"@id\":\"https:\\\/\\\/secure.gravatar.com\\\/avatar\\\/31a1a7b66ff2de83bd0e9fd79d026630d2d99e55e8bfe501287647b4fd9743de?s=96&d=mm&r=g\",\"url\":\"https:\\\/\\\/secure.gravatar.com\\\/avatar\\\/31a1a7b66ff2de83bd0e9fd79d026630d2d99e55e8bfe501287647b4fd9743de?s=96&d=mm&r=g\",\"contentUrl\":\"https:\\\/\\\/secure.gravatar.com\\\/avatar\\\/31a1a7b66ff2de83bd0e9fd79d026630d2d99e55e8bfe501287647b4fd9743de?s=96&d=mm&r=g\",\"caption\":\"Gonzalo Schmidt\"},\"description\":\"Sitio web de noticias de la provincia de Entre R\u00edos, Argentina. Informaci\u00f3n y entretenimiento. Informe Litoral, nos informamos.\",\"sameAs\":[\"http:\\\/\\\/www.isletasnoticias.com.ar\"],\"url\":\"https:\\\/\\\/informelitoral.com.ar\\\/author\\\/gonzalo\\\/\"}]}<\/script>","yoast_head_json":{"title":"Entre R\u00edos contar\u00e1 con siete centros de acopio para los envases de fitosanitarios - Informe Litoral","robots":{"index":"index","follow":"follow","max-snippet":"max-snippet:-1","max-image-preview":"max-image-preview:large","max-video-preview":"max-video-preview:-1"},"canonical":"https:\/\/informelitoral.com.ar\/entre-rios-contara-con-siete-centros-de-acopio-para-los-envases-de-fitosanitarios\/","og_locale":"es_ES","og_type":"article","og_title":"Entre R\u00edos contar\u00e1 con siete centros de acopio para los envases de fitosanitarios - Informe Litoral","og_description":"La autoridad de aplicaci&oacute;n de la Ley de Presupuestos M&iacute;nimos de Tratamiento de Envases Vac&iacute;os de Fitosanitarios ser&aacute; la Secretar&iacute;a de Ambiente de la provincia. En esa l&iacute;nea, su titular, Mart&iacute;n Barbieri, afirm&oacute; que, &laquo;m&aacute;s all&aacute; de la formalidad del decreto, desde la Secretar&iacute;a de Ambiente venimos trabajando con las dos c&aacute;maras que a nivel [&hellip;]","og_url":"https:\/\/informelitoral.com.ar\/entre-rios-contara-con-siete-centros-de-acopio-para-los-envases-de-fitosanitarios\/","og_site_name":"Informe Litoral","article_publisher":"https:\/\/www.facebook.com\/informelitoral\/","article_published_time":"2019-01-18T11:11:45+00:00","article_modified_time":"2019-01-18T11:23:14+00:00","og_image":[{"width":1068,"height":445,"url":"https:\/\/informelitoral.com.ar\/%77%70%2d%63%6f%6e%74%65%6e%74\/uploads\/2019\/01\/envases-fitosanitarios.jpg","type":"image\/jpeg"}],"author":"Gonzalo Schmidt","twitter_card":"summary_large_image","twitter_creator":"@InformeLitoral","twitter_site":"@InformeLitoral","twitter_misc":{"Escrito por":"Gonzalo Schmidt","Tiempo de lectura":"3 minutos"},"schema":{"@context":"https:\/\/schema.org","@graph":[{"@type":"Article","@id":"https:\/\/informelitoral.com.ar\/entre-rios-contara-con-siete-centros-de-acopio-para-los-envases-de-fitosanitarios\/#article","isPartOf":{"@id":"https:\/\/informelitoral.com.ar\/entre-rios-contara-con-siete-centros-de-acopio-para-los-envases-de-fitosanitarios\/"},"author":{"name":"Gonzalo Schmidt","@id":"https:\/\/informelitoral.com.ar\/#\/schema\/person\/b9d00407c836482871ef1d57bf8e3180"},"headline":"Entre R\u00edos contar\u00e1 con siete centros de acopio para los envases de fitosanitarios","datePublished":"2019-01-18T11:11:45+00:00","dateModified":"2019-01-18T11:23:14+00:00","mainEntityOfPage":{"@id":"https:\/\/informelitoral.com.ar\/entre-rios-contara-con-siete-centros-de-acopio-para-los-envases-de-fitosanitarios\/"},"wordCount":612,"commentCount":0,"publisher":{"@id":"https:\/\/informelitoral.com.ar\/#organization"},"image":{"@id":"https:\/\/informelitoral.com.ar\/entre-rios-contara-con-siete-centros-de-acopio-para-los-envases-de-fitosanitarios\/#primaryimage"},"thumbnailUrl":"https:\/\/informelitoral.com.ar\/%77%70%2d%63%6f%6e%74%65%6e%74\/uploads\/2019\/01\/envases-fitosanitarios.jpg","keywords":["Agroqu\u00edmicos","Ambiente","Producci\u00f3n"],"articleSection":["Campo"],"inLanguage":"es","potentialAction":[{"@type":"CommentAction","name":"Comment","target":["https:\/\/informelitoral.com.ar\/entre-rios-contara-con-siete-centros-de-acopio-para-los-envases-de-fitosanitarios\/#respond"]}]},{"@type":"WebPage","@id":"https:\/\/informelitoral.com.ar\/entre-rios-contara-con-siete-centros-de-acopio-para-los-envases-de-fitosanitarios\/","url":"https:\/\/informelitoral.com.ar\/entre-rios-contara-con-siete-centros-de-acopio-para-los-envases-de-fitosanitarios\/","name":"Entre R\u00edos contar\u00e1 con siete centros de acopio para los envases de fitosanitarios - Informe Litoral","isPartOf":{"@id":"https:\/\/informelitoral.com.ar\/#website"},"primaryImageOfPage":{"@id":"https:\/\/informelitoral.com.ar\/entre-rios-contara-con-siete-centros-de-acopio-para-los-envases-de-fitosanitarios\/#primaryimage"},"image":{"@id":"https:\/\/informelitoral.com.ar\/entre-rios-contara-con-siete-centros-de-acopio-para-los-envases-de-fitosanitarios\/#primaryimage"},"thumbnailUrl":"https:\/\/informelitoral.com.ar\/%77%70%2d%63%6f%6e%74%65%6e%74\/uploads\/2019\/01\/envases-fitosanitarios.jpg","datePublished":"2019-01-18T11:11:45+00:00","dateModified":"2019-01-18T11:23:14+00:00","breadcrumb":{"@id":"https:\/\/informelitoral.com.ar\/entre-rios-contara-con-siete-centros-de-acopio-para-los-envases-de-fitosanitarios\/#breadcrumb"},"inLanguage":"es","potentialAction":[{"@type":"ReadAction","target":["https:\/\/informelitoral.com.ar\/entre-rios-contara-con-siete-centros-de-acopio-para-los-envases-de-fitosanitarios\/"]}]},{"@type":"ImageObject","inLanguage":"es","@id":"https:\/\/informelitoral.com.ar\/entre-rios-contara-con-siete-centros-de-acopio-para-los-envases-de-fitosanitarios\/#primaryimage","url":"https:\/\/informelitoral.com.ar\/%77%70%2d%63%6f%6e%74%65%6e%74\/uploads\/2019\/01\/envases-fitosanitarios.jpg","contentUrl":"https:\/\/informelitoral.com.ar\/%77%70%2d%63%6f%6e%74%65%6e%74\/uploads\/2019\/01\/envases-fitosanitarios.jpg","width":1068,"height":445},{"@type":"BreadcrumbList","@id":"https:\/\/informelitoral.com.ar\/entre-rios-contara-con-siete-centros-de-acopio-para-los-envases-de-fitosanitarios\/#breadcrumb","itemListElement":[{"@type":"ListItem","position":1,"name":"Portada","item":"https:\/\/informelitoral.com.ar\/"},{"@type":"ListItem","position":2,"name":"Entre R\u00edos contar\u00e1 con siete centros de acopio para los envases de fitosanitarios"}]},{"@type":"WebSite","@id":"https:\/\/informelitoral.com.ar\/#website","url":"https:\/\/informelitoral.com.ar\/","name":"Informe Litoral","description":"&quot;Nos informamos&quot; ","publisher":{"@id":"https:\/\/informelitoral.com.ar\/#organization"},"potentialAction":[{"@type":"SearchAction","target":{"@type":"EntryPoint","urlTemplate":"https:\/\/informelitoral.com.ar\/?s={search_term_string}"},"query-input":{"@type":"PropertyValueSpecification","valueRequired":true,"valueName":"search_term_string"}}],"inLanguage":"es"},{"@type":"Organization","@id":"https:\/\/informelitoral.com.ar\/#organization","name":"Informe Litoral","url":"https:\/\/informelitoral.com.ar\/","logo":{"@type":"ImageObject","inLanguage":"es","@id":"https:\/\/informelitoral.com.ar\/#\/schema\/logo\/image\/","url":"https:\/\/informelitoral.com.ar\/%77%70%2d%63%6f%6e%74%65%6e%74\/uploads\/2021\/01\/circulo.png","contentUrl":"https:\/\/informelitoral.com.ar\/%77%70%2d%63%6f%6e%74%65%6e%74\/uploads\/2021\/01\/circulo.png","width":723,"height":731,"caption":"Informe Litoral"},"image":{"@id":"https:\/\/informelitoral.com.ar\/#\/schema\/logo\/image\/"},"sameAs":["https:\/\/www.facebook.com\/informelitoral\/","https:\/\/x.com\/InformeLitoral","https:\/\/www.instagram.com\/informelitoral\/","https:\/\/www.youtube.com\/channel\/UCua4Qvz8Icb6MYqhoq9xLXw"]},{"@type":"Person","@id":"https:\/\/informelitoral.com.ar\/#\/schema\/person\/b9d00407c836482871ef1d57bf8e3180","name":"Gonzalo Schmidt","image":{"@type":"ImageObject","inLanguage":"es","@id":"https:\/\/secure.gravatar.com\/avatar\/31a1a7b66ff2de83bd0e9fd79d026630d2d99e55e8bfe501287647b4fd9743de?s=96&d=mm&r=g","url":"https:\/\/secure.gravatar.com\/avatar\/31a1a7b66ff2de83bd0e9fd79d026630d2d99e55e8bfe501287647b4fd9743de?s=96&d=mm&r=g","contentUrl":"https:\/\/secure.gravatar.com\/avatar\/31a1a7b66ff2de83bd0e9fd79d026630d2d99e55e8bfe501287647b4fd9743de?s=96&d=mm&r=g","caption":"Gonzalo Schmidt"},"description":"Sitio web de noticias de la provincia de Entre R\u00edos, Argentina. Informaci\u00f3n y entretenimiento. Informe Litoral, nos informamos.","sameAs":["http:\/\/www.isletasnoticias.com.ar"],"url":"https:\/\/informelitoral.com.ar\/author\/gonzalo\/"}]}},"_links":{"self":[{"href":"https:\/\/informelitoral.com.ar\/%77%70%2d%6a%73%6f%6e\/wp\/v2\/posts\/31627","targetHints":{"allow":["GET"]}}],"collection":[{"href":"https:\/\/informelitoral.com.ar\/%77%70%2d%6a%73%6f%6e\/wp\/v2\/posts"}],"about":[{"href":"https:\/\/informelitoral.com.ar\/%77%70%2d%6a%73%6f%6e\/wp\/v2\/types\/post"}],"author":[{"embeddable":true,"href":"https:\/\/informelitoral.com.ar\/%77%70%2d%6a%73%6f%6e\/wp\/v2\/users\/2"}],"replies":[{"embeddable":true,"href":"https:\/\/informelitoral.com.ar\/%77%70%2d%6a%73%6f%6e\/wp\/v2\/comments?post=31627"}],"version-history":[{"count":0,"href":"https:\/\/informelitoral.com.ar\/%77%70%2d%6a%73%6f%6e\/wp\/v2\/posts\/31627\/revisions"}],"wp:featuredmedia":[{"embeddable":true,"href":"https:\/\/informelitoral.com.ar\/%77%70%2d%6a%73%6f%6e\/wp\/v2\/media\/31628"}],"wp:attachment":[{"href":"https:\/\/informelitoral.com.ar\/%77%70%2d%6a%73%6f%6e\/wp\/v2\/media?parent=31627"}],"wp:term":[{"taxonomy":"category","embeddable":true,"href":"https:\/\/informelitoral.com.ar\/%77%70%2d%6a%73%6f%6e\/wp\/v2\/categories?post=31627"},{"taxonomy":"post_tag","embeddable":true,"href":"https:\/\/informelitoral.com.ar\/%77%70%2d%6a%73%6f%6e\/wp\/v2\/tags?post=31627"}],"curies":[{"name":"wp","href":"https:\/\/api.w.org\/{rel}","templated":true}]}}